{"id":740099,"date":"2018-10-22T12:00:12","date_gmt":"2018-10-22T11:00:12","guid":{"rendered":"https:\/\/www.pressenza.com\/?p=740099"},"modified":"2018-10-19T23:55:26","modified_gmt":"2018-10-19T22:55:26","slug":"entenda-o-programa-divida-zero","status":"publish","type":"post","link":"https:\/\/www.pressenza.com\/pt-pt\/2018\/10\/entenda-o-programa-divida-zero\/","title":{"rendered":"Entenda o Programa D\u00edvida Zero"},"content":{"rendered":"<p><span style=\"font-weight: 400;\">Proposta presente no plano de governo de Fernando Haddad, inspirada no programa Nome Limpo, do Ciro Gomes. \u00a0A ideia \u00e9 o Estado negociar a d\u00edvida da popula\u00e7\u00e3o, zerando-as. Isso aqueceria a economia. <\/span><\/p>\n<p><span style=\"font-weight: 400;\">Utopia? A proposta de liquidar as d\u00edvidas e tirar o nome de pessoas do SPC e do SERASA, \u00e9 lida por muitos como algo imposs\u00edvel de ser feito. Por\u00e9m, todos os anos, o governo perdoa d\u00edvidas bilion\u00e1rias de bancos e empresas. Por que seria t\u00e3o dif\u00edcil de fazer o mesmo quando se trata do povo?<\/span><\/p>\n<p><span style=\"font-weight: 400;\">O plano \u00e9 fomentar linhas de cr\u00e9dito via isen\u00e7\u00e3o de impostos para bancos que oferecem empr\u00e9stimos a taxa de juros menores, o que em tese aumentaria a competitividade dos bancos. Com o empr\u00e9stimo em m\u00e3os, a pessoa endividada poderia quitar suas d\u00edvidas a juros mais baixos, o que possibilitaria que a mesma pudesse voltar ao mercado e comprar produtos a prazo. O que estimularia a economia. <\/span><\/p>\n<p><span style=\"font-weight: 400;\">Mais de 60 milh\u00f5es de pessoas est\u00e3o com seus nomes negativados. A restri\u00e7\u00e3o de cr\u00e9dito dificulta a vida das pessoas mais pobres.\u00a0<\/span>Na pr\u00e1tica o governo j\u00e1 tem planos de refinanciamento de d\u00edvidas, o chamado Refis que busca injetar dinheiro nos cofres nacionais via renegocia\u00e7\u00e3o de d\u00edvidas.<\/p>\n","protected":false},"excerpt":{"rendered":"<p>Proposta presente no plano de governo de Fernando Haddad, inspirada no programa Nome Limpo, do Ciro Gomes. \u00a0A ideia \u00e9 o Estado negociar a d\u00edvida da popula\u00e7\u00e3o, zerando-as. Isso aqueceria a economia. Utopia? A proposta de liquidar as d\u00edvidas e&hellip;<\/p>\n","protected":false},"author":44,"featured_media":740100,"comment_status":"closed","ping_status":"closed","sticky":false,"template":"","format":"standard","meta":{"footnotes":""},"categories":[11390],"tags":[],"class_list":["post-740099","post","type-post","status-publish","format-standard","has-post-thumbnail","hentry","category-conteudo-original"],"yoast_head":"<!-- This site is optimized with the Yoast SEO plugin v27.1.1 - https:\/\/yoast.com\/product\/yoast-seo-wordpress\/ -->\n<title>Entenda o Programa D\u00edvida Zero<\/title>\n<meta name=\"description\" content=\"Proposta presente no plano de governo de Fernando Haddad, inspirada no programa Nome Limpo, do Ciro Gomes. \u00a0A ideia \u00e9 o Estado negociar a d\u00edvida da\" \/>\n<meta name=\"robots\" content=\"index, follow, max-snippet:-1, max-image-preview:large, max-video-preview:-1\" \/>\n<link rel=\"canonical\" href=\"https:\/\/www.pressenza.com\/pt-pt\/2018\/10\/entenda-o-programa-divida-zero\/\" \/>\n<meta property=\"og:locale\" content=\"pt_PT\" \/>\n<meta property=\"og:type\" content=\"article\" \/>\n<meta property=\"og:title\" content=\"Entenda o Programa D\u00edvida Zero\" \/>\n<meta property=\"og:description\" content=\"Proposta presente no plano de governo de Fernando Haddad, inspirada no programa Nome Limpo, do Ciro Gomes. \u00a0A ideia \u00e9 o Estado negociar a d\u00edvida da\" \/>\n<meta property=\"og:url\" content=\"https:\/\/www.pressenza.com\/pt-pt\/2018\/10\/entenda-o-programa-divida-zero\/\" \/>\n<meta property=\"og:site_name\" content=\"Pressenza\" \/>\n<meta property=\"article:publisher\" content=\"https:\/\/www.facebook.com\/PressenzaItalia\" \/>\n<meta property=\"article:author\" content=\"https:\/\/www.facebook.com\/PressenzaPortugues\" \/>\n<meta property=\"article:published_time\" content=\"2018-10-22T11:00:12+00:00\" \/>\n<meta property=\"og:image\" content=\"https:\/\/www.pressenza.com\/wp-content\/uploads\/2018\/10\/pexels-photo-1246954.jpeg\" \/>\n\t<meta property=\"og:image:width\" content=\"2247\" \/>\n\t<meta property=\"og:image:height\" content=\"1500\" \/>\n\t<meta property=\"og:image:type\" content=\"image\/jpeg\" \/>\n<meta name=\"author\" content=\"Reda\u00e7\u00e3o S\u00e3o Paulo\" \/>\n<meta name=\"twitter:card\" content=\"summary_large_image\" \/>\n<meta name=\"twitter:creator\" content=\"@pressenza_pt\" \/>\n<meta name=\"twitter:site\" content=\"@PressenzaIPA\" \/>\n<meta name=\"twitter:label1\" content=\"Escrito por\" \/>\n\t<meta name=\"twitter:data1\" content=\"Reda\u00e7\u00e3o S\u00e3o Paulo\" \/>\n\t<meta name=\"twitter:label2\" content=\"Tempo estimado de leitura\" \/>\n\t<meta name=\"twitter:data2\" content=\"1 minuto\" \/>\n<script type=\"application\/ld+json\" class=\"yoast-schema-graph\">{\"@context\":\"https:\/\/schema.org\",\"@graph\":[{\"@type\":\"Article\",\"@id\":\"https:\/\/www.pressenza.com\/pt-pt\/2018\/10\/entenda-o-programa-divida-zero\/#article\",\"isPartOf\":{\"@id\":\"https:\/\/www.pressenza.com\/pt-pt\/2018\/10\/entenda-o-programa-divida-zero\/\"},\"author\":{\"name\":\"Reda\u00e7\u00e3o S\u00e3o Paulo\",\"@id\":\"https:\/\/www.pressenza.com\/pt-pt\/#\/schema\/person\/d171826afb7693cfc394da95892bfd93\"},\"headline\":\"Entenda o Programa D\u00edvida Zero\",\"datePublished\":\"2018-10-22T11:00:12+00:00\",\"mainEntityOfPage\":{\"@id\":\"https:\/\/www.pressenza.com\/pt-pt\/2018\/10\/entenda-o-programa-divida-zero\/\"},\"wordCount\":225,\"publisher\":{\"@id\":\"https:\/\/www.pressenza.com\/pt-pt\/#organization\"},\"image\":{\"@id\":\"https:\/\/www.pressenza.com\/pt-pt\/2018\/10\/entenda-o-programa-divida-zero\/#primaryimage\"},\"thumbnailUrl\":\"https:\/\/www.pressenza.com\/wp-content\/uploads\/2018\/10\/pexels-photo-1246954.jpeg\",\"articleSection\":[\"Conte\u00fado Original\"],\"inLanguage\":\"pt-PT\"},{\"@type\":\"WebPage\",\"@id\":\"https:\/\/www.pressenza.com\/pt-pt\/2018\/10\/entenda-o-programa-divida-zero\/\",\"url\":\"https:\/\/www.pressenza.com\/pt-pt\/2018\/10\/entenda-o-programa-divida-zero\/\",\"name\":\"Entenda o Programa D\u00edvida Zero\",\"isPartOf\":{\"@id\":\"https:\/\/www.pressenza.com\/pt-pt\/#website\"},\"primaryImageOfPage\":{\"@id\":\"https:\/\/www.pressenza.com\/pt-pt\/2018\/10\/entenda-o-programa-divida-zero\/#primaryimage\"},\"image\":{\"@id\":\"https:\/\/www.pressenza.com\/pt-pt\/2018\/10\/entenda-o-programa-divida-zero\/#primaryimage\"},\"thumbnailUrl\":\"https:\/\/www.pressenza.com\/wp-content\/uploads\/2018\/10\/pexels-photo-1246954.jpeg\",\"datePublished\":\"2018-10-22T11:00:12+00:00\",\"description\":\"Proposta presente no plano de governo de Fernando Haddad, inspirada no programa Nome Limpo, do Ciro Gomes. \u00a0A ideia \u00e9 o Estado negociar a d\u00edvida da\",\"breadcrumb\":{\"@id\":\"https:\/\/www.pressenza.com\/pt-pt\/2018\/10\/entenda-o-programa-divida-zero\/#breadcrumb\"},\"inLanguage\":\"pt-PT\",\"potentialAction\":[{\"@type\":\"ReadAction\",\"target\":[\"https:\/\/www.pressenza.com\/pt-pt\/2018\/10\/entenda-o-programa-divida-zero\/\"]}]},{\"@type\":\"ImageObject\",\"inLanguage\":\"pt-PT\",\"@id\":\"https:\/\/www.pressenza.com\/pt-pt\/2018\/10\/entenda-o-programa-divida-zero\/#primaryimage\",\"url\":\"https:\/\/www.pressenza.com\/wp-content\/uploads\/2018\/10\/pexels-photo-1246954.jpeg\",\"contentUrl\":\"https:\/\/www.pressenza.com\/wp-content\/uploads\/2018\/10\/pexels-photo-1246954.jpeg\",\"width\":2247,\"height\":1500},{\"@type\":\"BreadcrumbList\",\"@id\":\"https:\/\/www.pressenza.com\/pt-pt\/2018\/10\/entenda-o-programa-divida-zero\/#breadcrumb\",\"itemListElement\":[{\"@type\":\"ListItem\",\"position\":1,\"name\":\"Accueil\",\"item\":\"https:\/\/www.pressenza.com\/pt-pt\/\"},{\"@type\":\"ListItem\",\"position\":2,\"name\":\"Entenda o Programa D\u00edvida Zero\"}]},{\"@type\":\"WebSite\",\"@id\":\"https:\/\/www.pressenza.com\/pt-pt\/#website\",\"url\":\"https:\/\/www.pressenza.com\/pt-pt\/\",\"name\":\"Pressenza\",\"description\":\"International Press Agency\",\"publisher\":{\"@id\":\"https:\/\/www.pressenza.com\/pt-pt\/#organization\"},\"potentialAction\":[{\"@type\":\"SearchAction\",\"target\":{\"@type\":\"EntryPoint\",\"urlTemplate\":\"https:\/\/www.pressenza.com\/pt-pt\/?s={search_term_string}\"},\"query-input\":{\"@type\":\"PropertyValueSpecification\",\"valueRequired\":true,\"valueName\":\"search_term_string\"}}],\"inLanguage\":\"pt-PT\"},{\"@type\":\"Organization\",\"@id\":\"https:\/\/www.pressenza.com\/pt-pt\/#organization\",\"name\":\"Pressenza\",\"url\":\"https:\/\/www.pressenza.com\/pt-pt\/\",\"logo\":{\"@type\":\"ImageObject\",\"inLanguage\":\"pt-PT\",\"@id\":\"https:\/\/www.pressenza.com\/pt-pt\/#\/schema\/logo\/image\/\",\"url\":\"https:\/\/www.pressenza.com\/wp-content\/uploads\/2022\/10\/pressenza_logo_200x200.jpg\",\"contentUrl\":\"https:\/\/www.pressenza.com\/wp-content\/uploads\/2022\/10\/pressenza_logo_200x200.jpg\",\"width\":200,\"height\":200,\"caption\":\"Pressenza\"},\"image\":{\"@id\":\"https:\/\/www.pressenza.com\/pt-pt\/#\/schema\/logo\/image\/\"},\"sameAs\":[\"https:\/\/www.facebook.com\/PressenzaItalia\",\"https:\/\/x.com\/PressenzaIPA\"]},{\"@type\":\"Person\",\"@id\":\"https:\/\/www.pressenza.com\/pt-pt\/#\/schema\/person\/d171826afb7693cfc394da95892bfd93\",\"name\":\"Reda\u00e7\u00e3o S\u00e3o Paulo\",\"description\":\"News from the Pressenza bureau in Sao Paulo, Brazil\",\"sameAs\":[\"https:\/\/www.facebook.com\/PressenzaPortugues\",\"https:\/\/x.com\/pressenza_pt\"],\"url\":\"https:\/\/www.pressenza.com\/pt-pt\/author\/redaccao-sao-paulo\/\"}]}<\/script>\n<!-- \/ Yoast SEO plugin. -->","yoast_head_json":{"title":"Entenda o Programa D\u00edvida Zero","description":"Proposta presente no plano de governo de Fernando Haddad, inspirada no programa Nome Limpo, do Ciro Gomes. \u00a0A ideia \u00e9 o Estado negociar a d\u00edvida da","robots":{"index":"index","follow":"follow","max-snippet":"max-snippet:-1","max-image-preview":"max-image-preview:large","max-video-preview":"max-video-preview:-1"},"canonical":"https:\/\/www.pressenza.com\/pt-pt\/2018\/10\/entenda-o-programa-divida-zero\/","og_locale":"pt_PT","og_type":"article","og_title":"Entenda o Programa D\u00edvida Zero","og_description":"Proposta presente no plano de governo de Fernando Haddad, inspirada no programa Nome Limpo, do Ciro Gomes. \u00a0A ideia \u00e9 o Estado negociar a d\u00edvida da","og_url":"https:\/\/www.pressenza.com\/pt-pt\/2018\/10\/entenda-o-programa-divida-zero\/","og_site_name":"Pressenza","article_publisher":"https:\/\/www.facebook.com\/PressenzaItalia","article_author":"https:\/\/www.facebook.com\/PressenzaPortugues","article_published_time":"2018-10-22T11:00:12+00:00","og_image":[{"width":2247,"height":1500,"url":"https:\/\/www.pressenza.com\/wp-content\/uploads\/2018\/10\/pexels-photo-1246954.jpeg","type":"image\/jpeg"}],"author":"Reda\u00e7\u00e3o S\u00e3o Paulo","twitter_card":"summary_large_image","twitter_creator":"@pressenza_pt","twitter_site":"@PressenzaIPA","twitter_misc":{"Escrito por":"Reda\u00e7\u00e3o S\u00e3o Paulo","Tempo estimado de leitura":"1 minuto"},"schema":{"@context":"https:\/\/schema.org","@graph":[{"@type":"Article","@id":"https:\/\/www.pressenza.com\/pt-pt\/2018\/10\/entenda-o-programa-divida-zero\/#article","isPartOf":{"@id":"https:\/\/www.pressenza.com\/pt-pt\/2018\/10\/entenda-o-programa-divida-zero\/"},"author":{"name":"Reda\u00e7\u00e3o S\u00e3o Paulo","@id":"https:\/\/www.pressenza.com\/pt-pt\/#\/schema\/person\/d171826afb7693cfc394da95892bfd93"},"headline":"Entenda o Programa D\u00edvida Zero","datePublished":"2018-10-22T11:00:12+00:00","mainEntityOfPage":{"@id":"https:\/\/www.pressenza.com\/pt-pt\/2018\/10\/entenda-o-programa-divida-zero\/"},"wordCount":225,"publisher":{"@id":"https:\/\/www.pressenza.com\/pt-pt\/#organization"},"image":{"@id":"https:\/\/www.pressenza.com\/pt-pt\/2018\/10\/entenda-o-programa-divida-zero\/#primaryimage"},"thumbnailUrl":"https:\/\/www.pressenza.com\/wp-content\/uploads\/2018\/10\/pexels-photo-1246954.jpeg","articleSection":["Conte\u00fado Original"],"inLanguage":"pt-PT"},{"@type":"WebPage","@id":"https:\/\/www.pressenza.com\/pt-pt\/2018\/10\/entenda-o-programa-divida-zero\/","url":"https:\/\/www.pressenza.com\/pt-pt\/2018\/10\/entenda-o-programa-divida-zero\/","name":"Entenda o Programa D\u00edvida Zero","isPartOf":{"@id":"https:\/\/www.pressenza.com\/pt-pt\/#website"},"primaryImageOfPage":{"@id":"https:\/\/www.pressenza.com\/pt-pt\/2018\/10\/entenda-o-programa-divida-zero\/#primaryimage"},"image":{"@id":"https:\/\/www.pressenza.com\/pt-pt\/2018\/10\/entenda-o-programa-divida-zero\/#primaryimage"},"thumbnailUrl":"https:\/\/www.pressenza.com\/wp-content\/uploads\/2018\/10\/pexels-photo-1246954.jpeg","datePublished":"2018-10-22T11:00:12+00:00","description":"Proposta presente no plano de governo de Fernando Haddad, inspirada no programa Nome Limpo, do Ciro Gomes. \u00a0A ideia \u00e9 o Estado negociar a d\u00edvida da","breadcrumb":{"@id":"https:\/\/www.pressenza.com\/pt-pt\/2018\/10\/entenda-o-programa-divida-zero\/#breadcrumb"},"inLanguage":"pt-PT","potentialAction":[{"@type":"ReadAction","target":["https:\/\/www.pressenza.com\/pt-pt\/2018\/10\/entenda-o-programa-divida-zero\/"]}]},{"@type":"ImageObject","inLanguage":"pt-PT","@id":"https:\/\/www.pressenza.com\/pt-pt\/2018\/10\/entenda-o-programa-divida-zero\/#primaryimage","url":"https:\/\/www.pressenza.com\/wp-content\/uploads\/2018\/10\/pexels-photo-1246954.jpeg","contentUrl":"https:\/\/www.pressenza.com\/wp-content\/uploads\/2018\/10\/pexels-photo-1246954.jpeg","width":2247,"height":1500},{"@type":"BreadcrumbList","@id":"https:\/\/www.pressenza.com\/pt-pt\/2018\/10\/entenda-o-programa-divida-zero\/#breadcrumb","itemListElement":[{"@type":"ListItem","position":1,"name":"Accueil","item":"https:\/\/www.pressenza.com\/pt-pt\/"},{"@type":"ListItem","position":2,"name":"Entenda o Programa D\u00edvida Zero"}]},{"@type":"WebSite","@id":"https:\/\/www.pressenza.com\/pt-pt\/#website","url":"https:\/\/www.pressenza.com\/pt-pt\/","name":"Pressenza","description":"International Press Agency","publisher":{"@id":"https:\/\/www.pressenza.com\/pt-pt\/#organization"},"potentialAction":[{"@type":"SearchAction","target":{"@type":"EntryPoint","urlTemplate":"https:\/\/www.pressenza.com\/pt-pt\/?s={search_term_string}"},"query-input":{"@type":"PropertyValueSpecification","valueRequired":true,"valueName":"search_term_string"}}],"inLanguage":"pt-PT"},{"@type":"Organization","@id":"https:\/\/www.pressenza.com\/pt-pt\/#organization","name":"Pressenza","url":"https:\/\/www.pressenza.com\/pt-pt\/","logo":{"@type":"ImageObject","inLanguage":"pt-PT","@id":"https:\/\/www.pressenza.com\/pt-pt\/#\/schema\/logo\/image\/","url":"https:\/\/www.pressenza.com\/wp-content\/uploads\/2022\/10\/pressenza_logo_200x200.jpg","contentUrl":"https:\/\/www.pressenza.com\/wp-content\/uploads\/2022\/10\/pressenza_logo_200x200.jpg","width":200,"height":200,"caption":"Pressenza"},"image":{"@id":"https:\/\/www.pressenza.com\/pt-pt\/#\/schema\/logo\/image\/"},"sameAs":["https:\/\/www.facebook.com\/PressenzaItalia","https:\/\/x.com\/PressenzaIPA"]},{"@type":"Person","@id":"https:\/\/www.pressenza.com\/pt-pt\/#\/schema\/person\/d171826afb7693cfc394da95892bfd93","name":"Reda\u00e7\u00e3o S\u00e3o Paulo","description":"News from the Pressenza bureau in Sao Paulo, Brazil","sameAs":["https:\/\/www.facebook.com\/PressenzaPortugues","https:\/\/x.com\/pressenza_pt"],"url":"https:\/\/www.pressenza.com\/pt-pt\/author\/redaccao-sao-paulo\/"}]}},"place":"","original_article_url":"","_links":{"self":[{"href":"https:\/\/www.pressenza.com\/pt-pt\/wp-json\/wp\/v2\/posts\/740099","targetHints":{"allow":["GET"]}}],"collection":[{"href":"https:\/\/www.pressenza.com\/pt-pt\/wp-json\/wp\/v2\/posts"}],"about":[{"href":"https:\/\/www.pressenza.com\/pt-pt\/wp-json\/wp\/v2\/types\/post"}],"author":[{"embeddable":true,"href":"https:\/\/www.pressenza.com\/pt-pt\/wp-json\/wp\/v2\/users\/44"}],"replies":[{"embeddable":true,"href":"https:\/\/www.pressenza.com\/pt-pt\/wp-json\/wp\/v2\/comments?post=740099"}],"version-history":[{"count":0,"href":"https:\/\/www.pressenza.com\/pt-pt\/wp-json\/wp\/v2\/posts\/740099\/revisions"}],"wp:featuredmedia":[{"embeddable":true,"href":"https:\/\/www.pressenza.com\/pt-pt\/wp-json\/wp\/v2\/media\/740100"}],"wp:attachment":[{"href":"https:\/\/www.pressenza.com\/pt-pt\/wp-json\/wp\/v2\/media?parent=740099"}],"wp:term":[{"taxonomy":"category","embeddable":true,"href":"https:\/\/www.pressenza.com\/pt-pt\/wp-json\/wp\/v2\/categories?post=740099"},{"taxonomy":"post_tag","embeddable":true,"href":"https:\/\/www.pressenza.com\/pt-pt\/wp-json\/wp\/v2\/tags?post=740099"}],"curies":[{"name":"wp","href":"https:\/\/api.w.org\/{rel}","templated":true}]}}