{"id":724794,"date":"2018-09-26T21:00:54","date_gmt":"2018-09-26T20:00:54","guid":{"rendered":"https:\/\/www.pressenza.com\/?p=724794"},"modified":"2018-09-25T22:03:39","modified_gmt":"2018-09-25T21:03:39","slug":"ubuntu-modelo-de-vida-alternativo-frente-ao-sistema-capitalista","status":"publish","type":"post","link":"https:\/\/www.pressenza.com\/pt-pt\/2018\/09\/ubuntu-modelo-de-vida-alternativo-frente-ao-sistema-capitalista\/","title":{"rendered":"Ubuntu modelo de vida alternativo frente ao sistema Capitalista"},"content":{"rendered":"<p><b>Ubuntu<\/b><span style=\"font-weight: 400;\"> tem origem em povos africanos, tamb\u00e9m d\u00e1 nome a sistema operacional\u00a0 de c\u00f3digo aberto que \u00e9 criado em colabora\u00e7\u00e3o com programadores de todo o mundo. Um modelo alternativo frente a competi\u00e7\u00e3o desenfreada do capitalismo.\u00a0<\/span><\/p>\n<p><b>Velhos modelos econ\u00f4micos<\/b><\/p>\n<p><span style=\"font-weight: 400;\">Um dos crit\u00e9rios mais utilizados para medir o \u201cavan\u00e7o\u201d ou \u201cretrocesso\u201d de um pa\u00eds \u00e9 o seu PIB (Produto Interno Bruto), que \u00e9 a soma de todos os servi\u00e7os e produtos produzidos por uma regi\u00e3o, pode ser um pa\u00eds, uma cidade, um bairro, \u00a0durante um determinado per\u00edodo de tempo. A China \u00e9 um dos pa\u00edses que mais cresceram e crescem em termos de PIB. Por\u00e9m, tal crescimento \u00e9 pautado pelo extrativismo exaustivo dos recursos naturais, o que afeta sua popula\u00e7\u00e3o, que tem sofrido com os altos \u00edndices de polui\u00e7\u00e3o. <\/span><\/p>\n<p><span style=\"font-weight: 400;\">A quest\u00e3o \u00e9: temos um modelo econ\u00f4mico de crescimento que amea\u00e7a a natureza, e em consequ\u00eancia a nossa pr\u00f3pria exist\u00eancia enquanto seres humanos. No Brasil, o desastre de Mariana, no qual a barragem de fund\u00e3o rompeu e poluiu o rio doce, afetando comunidades locais \u00e9 um dos in\u00fameros exemplos da rela\u00e7\u00e3o homem\/natureza que afeta a todos. Frente ao desastre iminente, torna-se necess\u00e1rio pensar em novos modelos de desenvolvimento, mais inclusivos e que incluam em seus c\u00e1lculos outras vari\u00e1veis que n\u00e3o se encontram presentes no PIB. O crescimento de uma regi\u00e3o poderia ser marcado por outros fatores, como o n\u00edvel de vegeta\u00e7\u00e3o, ou a quantidade de comida org\u00e2nica consumida por seus moradores, dentre outros.<\/span><\/p>\n<p><strong>Ubuntu &#8211; Filosofia Africana<\/strong><\/p>\n<p><span style=\"font-weight: 400;\">A palavra tem origem no idioma Kibundu, e est\u00e1 ligada a ideia que a exist\u00eancia de um indiv\u00edduo est\u00e1 ligado a dos outros, a sua comunidade, aos que est\u00e3o ao seu redor. Inspirou Nelson Mandela e foi primordial no per\u00edodo p\u00f3s apartheid, na \u00c1frica do Sul. O pa\u00eds ficou sob d\u00e9cadas de segrega\u00e7\u00e3o racial em que determinados espa\u00e7os eram reservados para uma elite branca da popula\u00e7\u00e3o, enquanto a maioria negra vivia em p\u00e9ssimas condi\u00e7\u00f5es e eram tratadas como cidad\u00e3os de segunda classe. Mandela, ap\u00f3s passar 27 anos preso em uma ilha, assume a presid\u00eancia do pa\u00eds em uma pol\u00edtica de reconcilia\u00e7\u00e3o, sem se vingar dos seus opressores e sim pensando em um futuro em conjunto, em que todos pudessem participar. <\/span><\/p>\n<p><span style=\"font-weight: 400;\">No Brasil vemos esta ideia nas rodas de capoeira, de samba, no c\u00edrculo em que todos participam. O epistemic\u00eddio (a morte de um certo tipo de conhecimento), exterminou saberes de diversos povos nos processos de coloniza\u00e7\u00e3o e de neocoloniza\u00e7\u00e3o. Tais saberes que tem como o eixo o ubuntu, o bem viver, s\u00e3o vitais para a nossa sobreviv\u00eancia, para pensar em novas formas de vida alternativas ao sistema capitalista. Para pensar em novos horizontes. \u00a0<\/span><\/p>\n<p><span style=\"font-weight: 400;\">Veja o v\u00eddeo produzido pelo QuatroV sobre Nelson Mandela:<\/span><br \/>\n<iframe loading=\"lazy\" src=\"https:\/\/www.youtube.com\/embed\/PJAHeg0uvO4?rel=0\" width=\"560\" height=\"315\" frameborder=\"0\" allowfullscreen=\"allowfullscreen\"><\/iframe><\/p>\n","protected":false},"excerpt":{"rendered":"<p>Ubuntu tem origem em povos africanos, tamb\u00e9m d\u00e1 nome a sistema operacional\u00a0 de c\u00f3digo aberto que \u00e9 criado em colabora\u00e7\u00e3o com programadores de todo o mundo. Um modelo alternativo frente a competi\u00e7\u00e3o desenfreada do capitalismo.\u00a0 Velhos modelos econ\u00f4micos Um dos&hellip;<\/p>\n","protected":false},"author":44,"featured_media":724847,"comment_status":"closed","ping_status":"closed","sticky":false,"template":"","format":"standard","meta":{"footnotes":""},"categories":[37,104,11390],"tags":[50198,8399],"class_list":["post-724794","post","type-post","status-publish","format-standard","has-post-thumbnail","hentry","category-africa-pt","category-america-do-sul","category-conteudo-original","tag-bem-viver","tag-ubuntu"],"yoast_head":"<!-- This site is optimized with the Yoast SEO plugin v27.1.1 - https:\/\/yoast.com\/product\/yoast-seo-wordpress\/ -->\n<title>Ubuntu modelo de vida alternativo frente ao sistema Capitalista<\/title>\n<meta name=\"description\" content=\"Ubuntu tem origem em povos africanos, tamb\u00e9m d\u00e1 nome a sistema operacional\u00a0 de c\u00f3digo aberto que \u00e9 criado em colabora\u00e7\u00e3o com programadores de todo o\" \/>\n<meta name=\"robots\" content=\"index, follow, max-snippet:-1, max-image-preview:large, max-video-preview:-1\" \/>\n<link rel=\"canonical\" href=\"https:\/\/www.pressenza.com\/pt-pt\/2018\/09\/ubuntu-modelo-de-vida-alternativo-frente-ao-sistema-capitalista\/\" \/>\n<meta property=\"og:locale\" content=\"pt_PT\" \/>\n<meta property=\"og:type\" content=\"article\" \/>\n<meta property=\"og:title\" content=\"Ubuntu modelo de vida alternativo frente ao sistema Capitalista\" \/>\n<meta property=\"og:description\" content=\"Ubuntu tem origem em povos africanos, tamb\u00e9m d\u00e1 nome a sistema operacional\u00a0 de c\u00f3digo aberto que \u00e9 criado em colabora\u00e7\u00e3o com programadores de todo o\" \/>\n<meta property=\"og:url\" content=\"https:\/\/www.pressenza.com\/pt-pt\/2018\/09\/ubuntu-modelo-de-vida-alternativo-frente-ao-sistema-capitalista\/\" \/>\n<meta property=\"og:site_name\" content=\"Pressenza\" \/>\n<meta property=\"article:publisher\" content=\"https:\/\/www.facebook.com\/PressenzaItalia\" \/>\n<meta property=\"article:author\" content=\"https:\/\/www.facebook.com\/PressenzaPortugues\" \/>\n<meta property=\"article:published_time\" content=\"2018-09-26T20:00:54+00:00\" \/>\n<meta property=\"og:image\" content=\"https:\/\/www.pressenza.com\/wp-content\/uploads\/2018\/09\/Ubuntu-modelo-de-vida-alternativo-frente-ao-sistema-Capitalista.jpg\" \/>\n\t<meta property=\"og:image:width\" content=\"720\" \/>\n\t<meta property=\"og:image:height\" content=\"540\" \/>\n\t<meta property=\"og:image:type\" content=\"image\/jpeg\" \/>\n<meta name=\"author\" content=\"Reda\u00e7\u00e3o S\u00e3o Paulo\" \/>\n<meta name=\"twitter:card\" content=\"summary_large_image\" \/>\n<meta name=\"twitter:creator\" content=\"@pressenza_pt\" \/>\n<meta name=\"twitter:site\" content=\"@PressenzaIPA\" \/>\n<meta name=\"twitter:label1\" content=\"Escrito por\" \/>\n\t<meta name=\"twitter:data1\" content=\"Reda\u00e7\u00e3o S\u00e3o Paulo\" \/>\n\t<meta name=\"twitter:label2\" content=\"Tempo estimado de leitura\" \/>\n\t<meta name=\"twitter:data2\" content=\"2 minutos\" \/>\n<script type=\"application\/ld+json\" class=\"yoast-schema-graph\">{\"@context\":\"https:\/\/schema.org\",\"@graph\":[{\"@type\":\"Article\",\"@id\":\"https:\/\/www.pressenza.com\/pt-pt\/2018\/09\/ubuntu-modelo-de-vida-alternativo-frente-ao-sistema-capitalista\/#article\",\"isPartOf\":{\"@id\":\"https:\/\/www.pressenza.com\/pt-pt\/2018\/09\/ubuntu-modelo-de-vida-alternativo-frente-ao-sistema-capitalista\/\"},\"author\":{\"name\":\"Reda\u00e7\u00e3o S\u00e3o Paulo\",\"@id\":\"https:\/\/www.pressenza.com\/pt-pt\/#\/schema\/person\/d171826afb7693cfc394da95892bfd93\"},\"headline\":\"Ubuntu modelo de vida alternativo frente ao sistema Capitalista\",\"datePublished\":\"2018-09-26T20:00:54+00:00\",\"mainEntityOfPage\":{\"@id\":\"https:\/\/www.pressenza.com\/pt-pt\/2018\/09\/ubuntu-modelo-de-vida-alternativo-frente-ao-sistema-capitalista\/\"},\"wordCount\":506,\"publisher\":{\"@id\":\"https:\/\/www.pressenza.com\/pt-pt\/#organization\"},\"image\":{\"@id\":\"https:\/\/www.pressenza.com\/pt-pt\/2018\/09\/ubuntu-modelo-de-vida-alternativo-frente-ao-sistema-capitalista\/#primaryimage\"},\"thumbnailUrl\":\"https:\/\/www.pressenza.com\/wp-content\/uploads\/2018\/09\/Ubuntu-modelo-de-vida-alternativo-frente-ao-sistema-Capitalista.jpg\",\"keywords\":[\"Bem viver\",\"ubuntu\"],\"articleSection\":[\"Africa\",\"\u00c1m\u00e9rica do Sul\",\"Conte\u00fado Original\"],\"inLanguage\":\"pt-PT\"},{\"@type\":\"WebPage\",\"@id\":\"https:\/\/www.pressenza.com\/pt-pt\/2018\/09\/ubuntu-modelo-de-vida-alternativo-frente-ao-sistema-capitalista\/\",\"url\":\"https:\/\/www.pressenza.com\/pt-pt\/2018\/09\/ubuntu-modelo-de-vida-alternativo-frente-ao-sistema-capitalista\/\",\"name\":\"Ubuntu modelo de vida alternativo frente ao sistema Capitalista\",\"isPartOf\":{\"@id\":\"https:\/\/www.pressenza.com\/pt-pt\/#website\"},\"primaryImageOfPage\":{\"@id\":\"https:\/\/www.pressenza.com\/pt-pt\/2018\/09\/ubuntu-modelo-de-vida-alternativo-frente-ao-sistema-capitalista\/#primaryimage\"},\"image\":{\"@id\":\"https:\/\/www.pressenza.com\/pt-pt\/2018\/09\/ubuntu-modelo-de-vida-alternativo-frente-ao-sistema-capitalista\/#primaryimage\"},\"thumbnailUrl\":\"https:\/\/www.pressenza.com\/wp-content\/uploads\/2018\/09\/Ubuntu-modelo-de-vida-alternativo-frente-ao-sistema-Capitalista.jpg\",\"datePublished\":\"2018-09-26T20:00:54+00:00\",\"description\":\"Ubuntu tem origem em povos africanos, tamb\u00e9m d\u00e1 nome a sistema operacional\u00a0 de c\u00f3digo aberto que \u00e9 criado em colabora\u00e7\u00e3o com programadores de todo o\",\"breadcrumb\":{\"@id\":\"https:\/\/www.pressenza.com\/pt-pt\/2018\/09\/ubuntu-modelo-de-vida-alternativo-frente-ao-sistema-capitalista\/#breadcrumb\"},\"inLanguage\":\"pt-PT\",\"potentialAction\":[{\"@type\":\"ReadAction\",\"target\":[\"https:\/\/www.pressenza.com\/pt-pt\/2018\/09\/ubuntu-modelo-de-vida-alternativo-frente-ao-sistema-capitalista\/\"]}]},{\"@type\":\"ImageObject\",\"inLanguage\":\"pt-PT\",\"@id\":\"https:\/\/www.pressenza.com\/pt-pt\/2018\/09\/ubuntu-modelo-de-vida-alternativo-frente-ao-sistema-capitalista\/#primaryimage\",\"url\":\"https:\/\/www.pressenza.com\/wp-content\/uploads\/2018\/09\/Ubuntu-modelo-de-vida-alternativo-frente-ao-sistema-Capitalista.jpg\",\"contentUrl\":\"https:\/\/www.pressenza.com\/wp-content\/uploads\/2018\/09\/Ubuntu-modelo-de-vida-alternativo-frente-ao-sistema-Capitalista.jpg\",\"width\":720,\"height\":540},{\"@type\":\"BreadcrumbList\",\"@id\":\"https:\/\/www.pressenza.com\/pt-pt\/2018\/09\/ubuntu-modelo-de-vida-alternativo-frente-ao-sistema-capitalista\/#breadcrumb\",\"itemListElement\":[{\"@type\":\"ListItem\",\"position\":1,\"name\":\"Accueil\",\"item\":\"https:\/\/www.pressenza.com\/pt-pt\/\"},{\"@type\":\"ListItem\",\"position\":2,\"name\":\"Ubuntu modelo de vida alternativo frente ao sistema Capitalista\"}]},{\"@type\":\"WebSite\",\"@id\":\"https:\/\/www.pressenza.com\/pt-pt\/#website\",\"url\":\"https:\/\/www.pressenza.com\/pt-pt\/\",\"name\":\"Pressenza\",\"description\":\"International Press Agency\",\"publisher\":{\"@id\":\"https:\/\/www.pressenza.com\/pt-pt\/#organization\"},\"potentialAction\":[{\"@type\":\"SearchAction\",\"target\":{\"@type\":\"EntryPoint\",\"urlTemplate\":\"https:\/\/www.pressenza.com\/pt-pt\/?s={search_term_string}\"},\"query-input\":{\"@type\":\"PropertyValueSpecification\",\"valueRequired\":true,\"valueName\":\"search_term_string\"}}],\"inLanguage\":\"pt-PT\"},{\"@type\":\"Organization\",\"@id\":\"https:\/\/www.pressenza.com\/pt-pt\/#organization\",\"name\":\"Pressenza\",\"url\":\"https:\/\/www.pressenza.com\/pt-pt\/\",\"logo\":{\"@type\":\"ImageObject\",\"inLanguage\":\"pt-PT\",\"@id\":\"https:\/\/www.pressenza.com\/pt-pt\/#\/schema\/logo\/image\/\",\"url\":\"https:\/\/www.pressenza.com\/wp-content\/uploads\/2022\/10\/pressenza_logo_200x200.jpg\",\"contentUrl\":\"https:\/\/www.pressenza.com\/wp-content\/uploads\/2022\/10\/pressenza_logo_200x200.jpg\",\"width\":200,\"height\":200,\"caption\":\"Pressenza\"},\"image\":{\"@id\":\"https:\/\/www.pressenza.com\/pt-pt\/#\/schema\/logo\/image\/\"},\"sameAs\":[\"https:\/\/www.facebook.com\/PressenzaItalia\",\"https:\/\/x.com\/PressenzaIPA\"]},{\"@type\":\"Person\",\"@id\":\"https:\/\/www.pressenza.com\/pt-pt\/#\/schema\/person\/d171826afb7693cfc394da95892bfd93\",\"name\":\"Reda\u00e7\u00e3o S\u00e3o Paulo\",\"description\":\"News from the Pressenza bureau in Sao Paulo, Brazil\",\"sameAs\":[\"https:\/\/www.facebook.com\/PressenzaPortugues\",\"https:\/\/x.com\/pressenza_pt\"],\"url\":\"https:\/\/www.pressenza.com\/pt-pt\/author\/redaccao-sao-paulo\/\"}]}<\/script>\n<!-- \/ Yoast SEO plugin. -->","yoast_head_json":{"title":"Ubuntu modelo de vida alternativo frente ao sistema Capitalista","description":"Ubuntu tem origem em povos africanos, tamb\u00e9m d\u00e1 nome a sistema operacional\u00a0 de c\u00f3digo aberto que \u00e9 criado em colabora\u00e7\u00e3o com programadores de todo o","robots":{"index":"index","follow":"follow","max-snippet":"max-snippet:-1","max-image-preview":"max-image-preview:large","max-video-preview":"max-video-preview:-1"},"canonical":"https:\/\/www.pressenza.com\/pt-pt\/2018\/09\/ubuntu-modelo-de-vida-alternativo-frente-ao-sistema-capitalista\/","og_locale":"pt_PT","og_type":"article","og_title":"Ubuntu modelo de vida alternativo frente ao sistema Capitalista","og_description":"Ubuntu tem origem em povos africanos, tamb\u00e9m d\u00e1 nome a sistema operacional\u00a0 de c\u00f3digo aberto que \u00e9 criado em colabora\u00e7\u00e3o com programadores de todo o","og_url":"https:\/\/www.pressenza.com\/pt-pt\/2018\/09\/ubuntu-modelo-de-vida-alternativo-frente-ao-sistema-capitalista\/","og_site_name":"Pressenza","article_publisher":"https:\/\/www.facebook.com\/PressenzaItalia","article_author":"https:\/\/www.facebook.com\/PressenzaPortugues","article_published_time":"2018-09-26T20:00:54+00:00","og_image":[{"width":720,"height":540,"url":"https:\/\/www.pressenza.com\/wp-content\/uploads\/2018\/09\/Ubuntu-modelo-de-vida-alternativo-frente-ao-sistema-Capitalista.jpg","type":"image\/jpeg"}],"author":"Reda\u00e7\u00e3o S\u00e3o Paulo","twitter_card":"summary_large_image","twitter_creator":"@pressenza_pt","twitter_site":"@PressenzaIPA","twitter_misc":{"Escrito por":"Reda\u00e7\u00e3o S\u00e3o Paulo","Tempo estimado de leitura":"2 minutos"},"schema":{"@context":"https:\/\/schema.org","@graph":[{"@type":"Article","@id":"https:\/\/www.pressenza.com\/pt-pt\/2018\/09\/ubuntu-modelo-de-vida-alternativo-frente-ao-sistema-capitalista\/#article","isPartOf":{"@id":"https:\/\/www.pressenza.com\/pt-pt\/2018\/09\/ubuntu-modelo-de-vida-alternativo-frente-ao-sistema-capitalista\/"},"author":{"name":"Reda\u00e7\u00e3o S\u00e3o Paulo","@id":"https:\/\/www.pressenza.com\/pt-pt\/#\/schema\/person\/d171826afb7693cfc394da95892bfd93"},"headline":"Ubuntu modelo de vida alternativo frente ao sistema Capitalista","datePublished":"2018-09-26T20:00:54+00:00","mainEntityOfPage":{"@id":"https:\/\/www.pressenza.com\/pt-pt\/2018\/09\/ubuntu-modelo-de-vida-alternativo-frente-ao-sistema-capitalista\/"},"wordCount":506,"publisher":{"@id":"https:\/\/www.pressenza.com\/pt-pt\/#organization"},"image":{"@id":"https:\/\/www.pressenza.com\/pt-pt\/2018\/09\/ubuntu-modelo-de-vida-alternativo-frente-ao-sistema-capitalista\/#primaryimage"},"thumbnailUrl":"https:\/\/www.pressenza.com\/wp-content\/uploads\/2018\/09\/Ubuntu-modelo-de-vida-alternativo-frente-ao-sistema-Capitalista.jpg","keywords":["Bem viver","ubuntu"],"articleSection":["Africa","\u00c1m\u00e9rica do Sul","Conte\u00fado Original"],"inLanguage":"pt-PT"},{"@type":"WebPage","@id":"https:\/\/www.pressenza.com\/pt-pt\/2018\/09\/ubuntu-modelo-de-vida-alternativo-frente-ao-sistema-capitalista\/","url":"https:\/\/www.pressenza.com\/pt-pt\/2018\/09\/ubuntu-modelo-de-vida-alternativo-frente-ao-sistema-capitalista\/","name":"Ubuntu modelo de vida alternativo frente ao sistema Capitalista","isPartOf":{"@id":"https:\/\/www.pressenza.com\/pt-pt\/#website"},"primaryImageOfPage":{"@id":"https:\/\/www.pressenza.com\/pt-pt\/2018\/09\/ubuntu-modelo-de-vida-alternativo-frente-ao-sistema-capitalista\/#primaryimage"},"image":{"@id":"https:\/\/www.pressenza.com\/pt-pt\/2018\/09\/ubuntu-modelo-de-vida-alternativo-frente-ao-sistema-capitalista\/#primaryimage"},"thumbnailUrl":"https:\/\/www.pressenza.com\/wp-content\/uploads\/2018\/09\/Ubuntu-modelo-de-vida-alternativo-frente-ao-sistema-Capitalista.jpg","datePublished":"2018-09-26T20:00:54+00:00","description":"Ubuntu tem origem em povos africanos, tamb\u00e9m d\u00e1 nome a sistema operacional\u00a0 de c\u00f3digo aberto que \u00e9 criado em colabora\u00e7\u00e3o com programadores de todo o","breadcrumb":{"@id":"https:\/\/www.pressenza.com\/pt-pt\/2018\/09\/ubuntu-modelo-de-vida-alternativo-frente-ao-sistema-capitalista\/#breadcrumb"},"inLanguage":"pt-PT","potentialAction":[{"@type":"ReadAction","target":["https:\/\/www.pressenza.com\/pt-pt\/2018\/09\/ubuntu-modelo-de-vida-alternativo-frente-ao-sistema-capitalista\/"]}]},{"@type":"ImageObject","inLanguage":"pt-PT","@id":"https:\/\/www.pressenza.com\/pt-pt\/2018\/09\/ubuntu-modelo-de-vida-alternativo-frente-ao-sistema-capitalista\/#primaryimage","url":"https:\/\/www.pressenza.com\/wp-content\/uploads\/2018\/09\/Ubuntu-modelo-de-vida-alternativo-frente-ao-sistema-Capitalista.jpg","contentUrl":"https:\/\/www.pressenza.com\/wp-content\/uploads\/2018\/09\/Ubuntu-modelo-de-vida-alternativo-frente-ao-sistema-Capitalista.jpg","width":720,"height":540},{"@type":"BreadcrumbList","@id":"https:\/\/www.pressenza.com\/pt-pt\/2018\/09\/ubuntu-modelo-de-vida-alternativo-frente-ao-sistema-capitalista\/#breadcrumb","itemListElement":[{"@type":"ListItem","position":1,"name":"Accueil","item":"https:\/\/www.pressenza.com\/pt-pt\/"},{"@type":"ListItem","position":2,"name":"Ubuntu modelo de vida alternativo frente ao sistema Capitalista"}]},{"@type":"WebSite","@id":"https:\/\/www.pressenza.com\/pt-pt\/#website","url":"https:\/\/www.pressenza.com\/pt-pt\/","name":"Pressenza","description":"International Press Agency","publisher":{"@id":"https:\/\/www.pressenza.com\/pt-pt\/#organization"},"potentialAction":[{"@type":"SearchAction","target":{"@type":"EntryPoint","urlTemplate":"https:\/\/www.pressenza.com\/pt-pt\/?s={search_term_string}"},"query-input":{"@type":"PropertyValueSpecification","valueRequired":true,"valueName":"search_term_string"}}],"inLanguage":"pt-PT"},{"@type":"Organization","@id":"https:\/\/www.pressenza.com\/pt-pt\/#organization","name":"Pressenza","url":"https:\/\/www.pressenza.com\/pt-pt\/","logo":{"@type":"ImageObject","inLanguage":"pt-PT","@id":"https:\/\/www.pressenza.com\/pt-pt\/#\/schema\/logo\/image\/","url":"https:\/\/www.pressenza.com\/wp-content\/uploads\/2022\/10\/pressenza_logo_200x200.jpg","contentUrl":"https:\/\/www.pressenza.com\/wp-content\/uploads\/2022\/10\/pressenza_logo_200x200.jpg","width":200,"height":200,"caption":"Pressenza"},"image":{"@id":"https:\/\/www.pressenza.com\/pt-pt\/#\/schema\/logo\/image\/"},"sameAs":["https:\/\/www.facebook.com\/PressenzaItalia","https:\/\/x.com\/PressenzaIPA"]},{"@type":"Person","@id":"https:\/\/www.pressenza.com\/pt-pt\/#\/schema\/person\/d171826afb7693cfc394da95892bfd93","name":"Reda\u00e7\u00e3o S\u00e3o Paulo","description":"News from the Pressenza bureau in Sao Paulo, Brazil","sameAs":["https:\/\/www.facebook.com\/PressenzaPortugues","https:\/\/x.com\/pressenza_pt"],"url":"https:\/\/www.pressenza.com\/pt-pt\/author\/redaccao-sao-paulo\/"}]}},"place":"","original_article_url":"","_links":{"self":[{"href":"https:\/\/www.pressenza.com\/pt-pt\/wp-json\/wp\/v2\/posts\/724794","targetHints":{"allow":["GET"]}}],"collection":[{"href":"https:\/\/www.pressenza.com\/pt-pt\/wp-json\/wp\/v2\/posts"}],"about":[{"href":"https:\/\/www.pressenza.com\/pt-pt\/wp-json\/wp\/v2\/types\/post"}],"author":[{"embeddable":true,"href":"https:\/\/www.pressenza.com\/pt-pt\/wp-json\/wp\/v2\/users\/44"}],"replies":[{"embeddable":true,"href":"https:\/\/www.pressenza.com\/pt-pt\/wp-json\/wp\/v2\/comments?post=724794"}],"version-history":[{"count":0,"href":"https:\/\/www.pressenza.com\/pt-pt\/wp-json\/wp\/v2\/posts\/724794\/revisions"}],"wp:featuredmedia":[{"embeddable":true,"href":"https:\/\/www.pressenza.com\/pt-pt\/wp-json\/wp\/v2\/media\/724847"}],"wp:attachment":[{"href":"https:\/\/www.pressenza.com\/pt-pt\/wp-json\/wp\/v2\/media?parent=724794"}],"wp:term":[{"taxonomy":"category","embeddable":true,"href":"https:\/\/www.pressenza.com\/pt-pt\/wp-json\/wp\/v2\/categories?post=724794"},{"taxonomy":"post_tag","embeddable":true,"href":"https:\/\/www.pressenza.com\/pt-pt\/wp-json\/wp\/v2\/tags?post=724794"}],"curies":[{"name":"wp","href":"https:\/\/api.w.org\/{rel}","templated":true}]}}