{"id":70835,"date":"2013-09-30T22:09:39","date_gmt":"2013-09-30T21:09:39","guid":{"rendered":"http:\/\/www.pressenza.com\/?p=70835"},"modified":"2013-10-01T01:35:28","modified_gmt":"2013-10-01T00:35:28","slug":"senado-perto-votar-pec-do-voto-aberto","status":"publish","type":"post","link":"https:\/\/www.pressenza.com\/pt-pt\/2013\/09\/senado-perto-votar-pec-do-voto-aberto\/","title":{"rendered":"Senado brasileiro perto de votar a PEC do Voto Aberto"},"content":{"rendered":"<p style=\"text-align: left;\" align=\"center\">Os movimentos sociais que vem agitando as ruas das principais cidades brasileiras, nos \u00faltimos meses, tem demonstrado a for\u00e7a popular. Exemplo disso \u00e9 a Proposta de Emenda \u00e0 Constitui\u00e7\u00e3o (PEC) 43\/2013, que determina o fim do voto secreto dos parlamentares. Assim mat\u00e9rias como indica\u00e7\u00f5es presidenciais para cargos dos Poderes Executivo e Judici\u00e1rio, processos de cassa\u00e7\u00e3o de mandato, aprecia\u00e7\u00f5es de vetos presidenciais e escolha de presidente da Mesa Diretora ter\u00e3o que ter o voto aberto.<\/p>\n<p style=\"text-align: left;\" align=\"center\">O texto da PEC 43\/2013 j\u00e1 foi aprovado em tr\u00eas sess\u00f5es de um total de cinco para entrar em vota\u00e7\u00e3o. A quarta sess\u00e3o est\u00e1 prevista para esta ter\u00e7a-feira (1\/10), e a quinta e \u00faltima sess\u00e3o para a quarta-feira (2\/10), assim a PEC do Voto Aberto poder\u00e1 ser votada ainda nesta semana.<\/p>\n<p style=\"text-align: left;\">Segundo o senador S\u00e9rgio Souza (PMDB-PR), relator da PEC 43\/2013, a maioria dos senadores \u00e9 favor\u00e1vel ao voto aberto apenas para cassa\u00e7\u00e3o de mandato, mas contr\u00e1rios \u00e0 abertura dos votos em outras situa\u00e7\u00f5es. Eles alegam constrangimento, risco de persegui\u00e7\u00e3o pol\u00edtica e perda de independ\u00eancia perante o Executivo e o Judici\u00e1rio. Deste modo, Sergio Souza \u00e9 a favor da abertura do voto no que diz respeito \u00e0 cassa\u00e7\u00e3o de mandato, mas crer que outra PEC poder\u00e1 ser formulada para discutir a abertura total dos votos, num outro momento.<\/p>\n<p style=\"text-align: left;\">Aloysio Nunes Ferreira (PSDB-SP), um dos senadores contr\u00e1rios \u00e0 PEC 43, classifica o projeto como \u201cuma nova esp\u00e9cie de suic\u00eddio, que \u00e9 o suic\u00eddio institucional\u201d, por achar que pode enfraquecer o Poder Legislativo e que n\u00e3o tem \u201ca menor reflex\u00e3o de natureza institucional, apenas julgando interpretar a voz das ruas\u201d. J\u00e1 o senador Walter Pinheiro (PT-BA) afirma que a PEC \u00e9 \u201ca \u00fanica forma que o eleitor tem de acompanhar os nossos mandatos verdadeiramente, \u00e9 ver como \u00e9 que n\u00f3s materializamos nossas propostas por meio do voto\u201d. J\u00e1 que o voto secreto \u00e9 utilizado por muitos parlamentares para mascarar interesses pessoais e partid\u00e1rios.<\/p>\n","protected":false},"excerpt":{"rendered":"<p>Os movimentos sociais que vem agitando as ruas das principais cidades brasileiras, nos \u00faltimos meses, tem demonstrado a for\u00e7a popular. Exemplo disso \u00e9 a Proposta de Emenda \u00e0 Constitui\u00e7\u00e3o (PEC) 43\/2013, que determina o fim do voto secreto dos parlamentares.&hellip;<\/p>\n","protected":false},"author":44,"featured_media":0,"comment_status":"closed","ping_status":"open","sticky":false,"template":"","format":"standard","meta":{"footnotes":""},"categories":[104,111],"tags":[6965,6961,6960,6959,5536,6964,6958,6963,6962,6966],"class_list":["post-70835","post","type-post","status-publish","format-standard","hentry","category-america-do-sul","category-politica-pt-pt","tag-aloysio-nunes-ferreira","tag-forca-popular","tag-movimentos-sociais","tag-pec","tag-pec-37","tag-poder-legislativo","tag-senado","tag-sergio-souza","tag-voto-aberto","tag-walter-pinheiro"],"yoast_head":"<!-- This site is optimized with the Yoast SEO plugin v27.1.1 - https:\/\/yoast.com\/product\/yoast-seo-wordpress\/ -->\n<title>Senado brasileiro perto de votar a PEC do Voto Aberto<\/title>\n<meta name=\"description\" content=\"Os movimentos sociais que vem agitando as ruas das principais cidades brasileiras, nos \u00faltimos meses, tem demonstrado a for\u00e7a popular. Exemplo disso \u00e9 a\" \/>\n<meta name=\"robots\" content=\"index, follow, max-snippet:-1, max-image-preview:large, max-video-preview:-1\" \/>\n<link rel=\"canonical\" href=\"https:\/\/www.pressenza.com\/pt-pt\/2013\/09\/senado-perto-votar-pec-do-voto-aberto\/\" \/>\n<meta property=\"og:locale\" content=\"pt_PT\" \/>\n<meta property=\"og:type\" content=\"article\" \/>\n<meta property=\"og:title\" content=\"Senado brasileiro perto de votar a PEC do Voto Aberto\" \/>\n<meta property=\"og:description\" content=\"Os movimentos sociais que vem agitando as ruas das principais cidades brasileiras, nos \u00faltimos meses, tem demonstrado a for\u00e7a popular. Exemplo disso \u00e9 a\" \/>\n<meta property=\"og:url\" content=\"https:\/\/www.pressenza.com\/pt-pt\/2013\/09\/senado-perto-votar-pec-do-voto-aberto\/\" \/>\n<meta property=\"og:site_name\" content=\"Pressenza\" \/>\n<meta property=\"article:publisher\" content=\"https:\/\/www.facebook.com\/PressenzaItalia\" \/>\n<meta property=\"article:author\" content=\"https:\/\/www.facebook.com\/PressenzaPortugues\" \/>\n<meta property=\"article:published_time\" content=\"2013-09-30T21:09:39+00:00\" \/>\n<meta property=\"article:modified_time\" content=\"2013-10-01T00:35:28+00:00\" \/>\n<meta name=\"author\" content=\"Reda\u00e7\u00e3o S\u00e3o Paulo\" \/>\n<meta name=\"twitter:card\" content=\"summary_large_image\" \/>\n<meta name=\"twitter:creator\" content=\"@pressenza_pt\" \/>\n<meta name=\"twitter:site\" content=\"@PressenzaIPA\" \/>\n<meta name=\"twitter:label1\" content=\"Escrito por\" \/>\n\t<meta name=\"twitter:data1\" content=\"Reda\u00e7\u00e3o S\u00e3o Paulo\" \/>\n\t<meta name=\"twitter:label2\" content=\"Tempo estimado de leitura\" \/>\n\t<meta name=\"twitter:data2\" content=\"2 minutos\" \/>\n<script type=\"application\/ld+json\" class=\"yoast-schema-graph\">{\"@context\":\"https:\/\/schema.org\",\"@graph\":[{\"@type\":\"Article\",\"@id\":\"https:\/\/www.pressenza.com\/pt-pt\/2013\/09\/senado-perto-votar-pec-do-voto-aberto\/#article\",\"isPartOf\":{\"@id\":\"https:\/\/www.pressenza.com\/pt-pt\/2013\/09\/senado-perto-votar-pec-do-voto-aberto\/\"},\"author\":{\"name\":\"Reda\u00e7\u00e3o S\u00e3o Paulo\",\"@id\":\"https:\/\/www.pressenza.com\/pt-pt\/#\/schema\/person\/d171826afb7693cfc394da95892bfd93\"},\"headline\":\"Senado brasileiro perto de votar a PEC do Voto Aberto\",\"datePublished\":\"2013-09-30T21:09:39+00:00\",\"dateModified\":\"2013-10-01T00:35:28+00:00\",\"mainEntityOfPage\":{\"@id\":\"https:\/\/www.pressenza.com\/pt-pt\/2013\/09\/senado-perto-votar-pec-do-voto-aberto\/\"},\"wordCount\":339,\"publisher\":{\"@id\":\"https:\/\/www.pressenza.com\/pt-pt\/#organization\"},\"keywords\":[\"Aloysio Nunes Ferreira\",\"For\u00e7a Popular\",\"Movimentos Sociais\",\"PEC\",\"pec 37\",\"Poder Legislativo\",\"Senado\",\"S\u00e9rgio Souza\",\"Voto Aberto\",\"Walter Pinheiro\"],\"articleSection\":[\"\u00c1m\u00e9rica do Sul\",\"Pol\u00edtica\"],\"inLanguage\":\"pt-PT\"},{\"@type\":\"WebPage\",\"@id\":\"https:\/\/www.pressenza.com\/pt-pt\/2013\/09\/senado-perto-votar-pec-do-voto-aberto\/\",\"url\":\"https:\/\/www.pressenza.com\/pt-pt\/2013\/09\/senado-perto-votar-pec-do-voto-aberto\/\",\"name\":\"Senado brasileiro perto de votar a PEC do Voto Aberto\",\"isPartOf\":{\"@id\":\"https:\/\/www.pressenza.com\/pt-pt\/#website\"},\"datePublished\":\"2013-09-30T21:09:39+00:00\",\"dateModified\":\"2013-10-01T00:35:28+00:00\",\"description\":\"Os movimentos sociais que vem agitando as ruas das principais cidades brasileiras, nos \u00faltimos meses, tem demonstrado a for\u00e7a popular. Exemplo disso \u00e9 a\",\"breadcrumb\":{\"@id\":\"https:\/\/www.pressenza.com\/pt-pt\/2013\/09\/senado-perto-votar-pec-do-voto-aberto\/#breadcrumb\"},\"inLanguage\":\"pt-PT\",\"potentialAction\":[{\"@type\":\"ReadAction\",\"target\":[\"https:\/\/www.pressenza.com\/pt-pt\/2013\/09\/senado-perto-votar-pec-do-voto-aberto\/\"]}]},{\"@type\":\"BreadcrumbList\",\"@id\":\"https:\/\/www.pressenza.com\/pt-pt\/2013\/09\/senado-perto-votar-pec-do-voto-aberto\/#breadcrumb\",\"itemListElement\":[{\"@type\":\"ListItem\",\"position\":1,\"name\":\"Accueil\",\"item\":\"https:\/\/www.pressenza.com\/pt-pt\/\"},{\"@type\":\"ListItem\",\"position\":2,\"name\":\"Senado brasileiro perto de votar a PEC do Voto Aberto\"}]},{\"@type\":\"WebSite\",\"@id\":\"https:\/\/www.pressenza.com\/pt-pt\/#website\",\"url\":\"https:\/\/www.pressenza.com\/pt-pt\/\",\"name\":\"Pressenza\",\"description\":\"International Press Agency\",\"publisher\":{\"@id\":\"https:\/\/www.pressenza.com\/pt-pt\/#organization\"},\"potentialAction\":[{\"@type\":\"SearchAction\",\"target\":{\"@type\":\"EntryPoint\",\"urlTemplate\":\"https:\/\/www.pressenza.com\/pt-pt\/?s={search_term_string}\"},\"query-input\":{\"@type\":\"PropertyValueSpecification\",\"valueRequired\":true,\"valueName\":\"search_term_string\"}}],\"inLanguage\":\"pt-PT\"},{\"@type\":\"Organization\",\"@id\":\"https:\/\/www.pressenza.com\/pt-pt\/#organization\",\"name\":\"Pressenza\",\"url\":\"https:\/\/www.pressenza.com\/pt-pt\/\",\"logo\":{\"@type\":\"ImageObject\",\"inLanguage\":\"pt-PT\",\"@id\":\"https:\/\/www.pressenza.com\/pt-pt\/#\/schema\/logo\/image\/\",\"url\":\"https:\/\/www.pressenza.com\/wp-content\/uploads\/2022\/10\/pressenza_logo_200x200.jpg\",\"contentUrl\":\"https:\/\/www.pressenza.com\/wp-content\/uploads\/2022\/10\/pressenza_logo_200x200.jpg\",\"width\":200,\"height\":200,\"caption\":\"Pressenza\"},\"image\":{\"@id\":\"https:\/\/www.pressenza.com\/pt-pt\/#\/schema\/logo\/image\/\"},\"sameAs\":[\"https:\/\/www.facebook.com\/PressenzaItalia\",\"https:\/\/x.com\/PressenzaIPA\"]},{\"@type\":\"Person\",\"@id\":\"https:\/\/www.pressenza.com\/pt-pt\/#\/schema\/person\/d171826afb7693cfc394da95892bfd93\",\"name\":\"Reda\u00e7\u00e3o S\u00e3o Paulo\",\"description\":\"News from the Pressenza bureau in Sao Paulo, Brazil\",\"sameAs\":[\"https:\/\/www.facebook.com\/PressenzaPortugues\",\"https:\/\/x.com\/pressenza_pt\"],\"url\":\"https:\/\/www.pressenza.com\/pt-pt\/author\/redaccao-sao-paulo\/\"}]}<\/script>\n<!-- \/ Yoast SEO plugin. -->","yoast_head_json":{"title":"Senado brasileiro perto de votar a PEC do Voto Aberto","description":"Os movimentos sociais que vem agitando as ruas das principais cidades brasileiras, nos \u00faltimos meses, tem demonstrado a for\u00e7a popular. Exemplo disso \u00e9 a","robots":{"index":"index","follow":"follow","max-snippet":"max-snippet:-1","max-image-preview":"max-image-preview:large","max-video-preview":"max-video-preview:-1"},"canonical":"https:\/\/www.pressenza.com\/pt-pt\/2013\/09\/senado-perto-votar-pec-do-voto-aberto\/","og_locale":"pt_PT","og_type":"article","og_title":"Senado brasileiro perto de votar a PEC do Voto Aberto","og_description":"Os movimentos sociais que vem agitando as ruas das principais cidades brasileiras, nos \u00faltimos meses, tem demonstrado a for\u00e7a popular. Exemplo disso \u00e9 a","og_url":"https:\/\/www.pressenza.com\/pt-pt\/2013\/09\/senado-perto-votar-pec-do-voto-aberto\/","og_site_name":"Pressenza","article_publisher":"https:\/\/www.facebook.com\/PressenzaItalia","article_author":"https:\/\/www.facebook.com\/PressenzaPortugues","article_published_time":"2013-09-30T21:09:39+00:00","article_modified_time":"2013-10-01T00:35:28+00:00","author":"Reda\u00e7\u00e3o S\u00e3o Paulo","twitter_card":"summary_large_image","twitter_creator":"@pressenza_pt","twitter_site":"@PressenzaIPA","twitter_misc":{"Escrito por":"Reda\u00e7\u00e3o S\u00e3o Paulo","Tempo estimado de leitura":"2 minutos"},"schema":{"@context":"https:\/\/schema.org","@graph":[{"@type":"Article","@id":"https:\/\/www.pressenza.com\/pt-pt\/2013\/09\/senado-perto-votar-pec-do-voto-aberto\/#article","isPartOf":{"@id":"https:\/\/www.pressenza.com\/pt-pt\/2013\/09\/senado-perto-votar-pec-do-voto-aberto\/"},"author":{"name":"Reda\u00e7\u00e3o S\u00e3o Paulo","@id":"https:\/\/www.pressenza.com\/pt-pt\/#\/schema\/person\/d171826afb7693cfc394da95892bfd93"},"headline":"Senado brasileiro perto de votar a PEC do Voto Aberto","datePublished":"2013-09-30T21:09:39+00:00","dateModified":"2013-10-01T00:35:28+00:00","mainEntityOfPage":{"@id":"https:\/\/www.pressenza.com\/pt-pt\/2013\/09\/senado-perto-votar-pec-do-voto-aberto\/"},"wordCount":339,"publisher":{"@id":"https:\/\/www.pressenza.com\/pt-pt\/#organization"},"keywords":["Aloysio Nunes Ferreira","For\u00e7a Popular","Movimentos Sociais","PEC","pec 37","Poder Legislativo","Senado","S\u00e9rgio Souza","Voto Aberto","Walter Pinheiro"],"articleSection":["\u00c1m\u00e9rica do Sul","Pol\u00edtica"],"inLanguage":"pt-PT"},{"@type":"WebPage","@id":"https:\/\/www.pressenza.com\/pt-pt\/2013\/09\/senado-perto-votar-pec-do-voto-aberto\/","url":"https:\/\/www.pressenza.com\/pt-pt\/2013\/09\/senado-perto-votar-pec-do-voto-aberto\/","name":"Senado brasileiro perto de votar a PEC do Voto Aberto","isPartOf":{"@id":"https:\/\/www.pressenza.com\/pt-pt\/#website"},"datePublished":"2013-09-30T21:09:39+00:00","dateModified":"2013-10-01T00:35:28+00:00","description":"Os movimentos sociais que vem agitando as ruas das principais cidades brasileiras, nos \u00faltimos meses, tem demonstrado a for\u00e7a popular. Exemplo disso \u00e9 a","breadcrumb":{"@id":"https:\/\/www.pressenza.com\/pt-pt\/2013\/09\/senado-perto-votar-pec-do-voto-aberto\/#breadcrumb"},"inLanguage":"pt-PT","potentialAction":[{"@type":"ReadAction","target":["https:\/\/www.pressenza.com\/pt-pt\/2013\/09\/senado-perto-votar-pec-do-voto-aberto\/"]}]},{"@type":"BreadcrumbList","@id":"https:\/\/www.pressenza.com\/pt-pt\/2013\/09\/senado-perto-votar-pec-do-voto-aberto\/#breadcrumb","itemListElement":[{"@type":"ListItem","position":1,"name":"Accueil","item":"https:\/\/www.pressenza.com\/pt-pt\/"},{"@type":"ListItem","position":2,"name":"Senado brasileiro perto de votar a PEC do Voto Aberto"}]},{"@type":"WebSite","@id":"https:\/\/www.pressenza.com\/pt-pt\/#website","url":"https:\/\/www.pressenza.com\/pt-pt\/","name":"Pressenza","description":"International Press Agency","publisher":{"@id":"https:\/\/www.pressenza.com\/pt-pt\/#organization"},"potentialAction":[{"@type":"SearchAction","target":{"@type":"EntryPoint","urlTemplate":"https:\/\/www.pressenza.com\/pt-pt\/?s={search_term_string}"},"query-input":{"@type":"PropertyValueSpecification","valueRequired":true,"valueName":"search_term_string"}}],"inLanguage":"pt-PT"},{"@type":"Organization","@id":"https:\/\/www.pressenza.com\/pt-pt\/#organization","name":"Pressenza","url":"https:\/\/www.pressenza.com\/pt-pt\/","logo":{"@type":"ImageObject","inLanguage":"pt-PT","@id":"https:\/\/www.pressenza.com\/pt-pt\/#\/schema\/logo\/image\/","url":"https:\/\/www.pressenza.com\/wp-content\/uploads\/2022\/10\/pressenza_logo_200x200.jpg","contentUrl":"https:\/\/www.pressenza.com\/wp-content\/uploads\/2022\/10\/pressenza_logo_200x200.jpg","width":200,"height":200,"caption":"Pressenza"},"image":{"@id":"https:\/\/www.pressenza.com\/pt-pt\/#\/schema\/logo\/image\/"},"sameAs":["https:\/\/www.facebook.com\/PressenzaItalia","https:\/\/x.com\/PressenzaIPA"]},{"@type":"Person","@id":"https:\/\/www.pressenza.com\/pt-pt\/#\/schema\/person\/d171826afb7693cfc394da95892bfd93","name":"Reda\u00e7\u00e3o S\u00e3o Paulo","description":"News from the Pressenza bureau in Sao Paulo, Brazil","sameAs":["https:\/\/www.facebook.com\/PressenzaPortugues","https:\/\/x.com\/pressenza_pt"],"url":"https:\/\/www.pressenza.com\/pt-pt\/author\/redaccao-sao-paulo\/"}]}},"place":"","original_article_url":"","_links":{"self":[{"href":"https:\/\/www.pressenza.com\/pt-pt\/wp-json\/wp\/v2\/posts\/70835","targetHints":{"allow":["GET"]}}],"collection":[{"href":"https:\/\/www.pressenza.com\/pt-pt\/wp-json\/wp\/v2\/posts"}],"about":[{"href":"https:\/\/www.pressenza.com\/pt-pt\/wp-json\/wp\/v2\/types\/post"}],"author":[{"embeddable":true,"href":"https:\/\/www.pressenza.com\/pt-pt\/wp-json\/wp\/v2\/users\/44"}],"replies":[{"embeddable":true,"href":"https:\/\/www.pressenza.com\/pt-pt\/wp-json\/wp\/v2\/comments?post=70835"}],"version-history":[{"count":0,"href":"https:\/\/www.pressenza.com\/pt-pt\/wp-json\/wp\/v2\/posts\/70835\/revisions"}],"wp:attachment":[{"href":"https:\/\/www.pressenza.com\/pt-pt\/wp-json\/wp\/v2\/media?parent=70835"}],"wp:term":[{"taxonomy":"category","embeddable":true,"href":"https:\/\/www.pressenza.com\/pt-pt\/wp-json\/wp\/v2\/categories?post=70835"},{"taxonomy":"post_tag","embeddable":true,"href":"https:\/\/www.pressenza.com\/pt-pt\/wp-json\/wp\/v2\/tags?post=70835"}],"curies":[{"name":"wp","href":"https:\/\/api.w.org\/{rel}","templated":true}]}}