{"id":70505,"date":"2013-09-28T03:11:00","date_gmt":"2013-09-28T02:11:00","guid":{"rendered":"http:\/\/www.pressenza.com\/?p=70505"},"modified":"2013-09-28T03:32:23","modified_gmt":"2013-09-28T02:32:23","slug":"onu-discute-pela-primeira-vez-combate-violencia-contra-comunidade-lgbt","status":"publish","type":"post","link":"https:\/\/www.pressenza.com\/pt-pt\/2013\/09\/onu-discute-pela-primeira-vez-combate-violencia-contra-comunidade-lgbt\/","title":{"rendered":"ONU discute pela primeira vez combate \u00e0 viol\u00eancia contra comunidade LGBT"},"content":{"rendered":"<p>Bras\u00edlia &#8211; O ministro das Rela\u00e7\u00f5es Exteriores, Luiz Alberto Figueiredo Machado, participou ontem (26), na sede da Organiza\u00e7\u00e3o das Na\u00e7\u00f5es Unidas, em Nova York, da Reuni\u00e3o Ministerial sobre o Papel das Na\u00e7\u00f5es Unidas para a Elimina\u00e7\u00e3o da Viol\u00eancia e da Discrimina\u00e7\u00e3o contra L\u00e9sbicas, Gays, Bissexuais e Transg\u00eaneros (LGBT). \u00c9 a primeira vez que ministros se re\u00fanem na ONU para debater e compartilhar ideias sobre o enfrentamento \u00e0 viol\u00eancia e \u00e0 discrimina\u00e7\u00e3o contra a comunidade LGBT no mundo.<\/p>\n<p>Na ocasi\u00e3o, ser\u00e1 adotada a Declara\u00e7\u00e3o Ministerial sobre a Elimina\u00e7\u00e3o da Viol\u00eancia e da Discrimina\u00e7\u00e3o contra indiv\u00edduos com base em sua orienta\u00e7\u00e3o sexual e identidade de g\u00eanero, endossada pela Argentina, o Brasil, a Cro\u00e1cia, El Salvador, os Estados Unidos, a Fran\u00e7a, Israel, o Jap\u00e3o, a Noruega, Nova Zel\u00e2ndia, os Pa\u00edses Baixos e a Uni\u00e3o Europeia.<\/p>\n<p>A reuni\u00e3o ser\u00e1 presidida pelo ministro de Assuntos Estrangeiros dos Pa\u00edses Baixos, Frans Timmermans, e pela Alta Comiss\u00e1ria das Na\u00e7\u00f5es Unidas para Direitos Humanos, Navi Pillay.<\/p>\n","protected":false},"excerpt":{"rendered":"<p>Bras\u00edlia &#8211; O ministro das Rela\u00e7\u00f5es Exteriores, Luiz Alberto Figueiredo Machado, participou ontem (26), na sede da Organiza\u00e7\u00e3o das Na\u00e7\u00f5es Unidas, em Nova York, da Reuni\u00e3o Ministerial sobre o Papel das Na\u00e7\u00f5es Unidas para a Elimina\u00e7\u00e3o da Viol\u00eancia e da&hellip;<\/p>\n","protected":false},"author":860,"featured_media":70516,"comment_status":"closed","ping_status":"open","sticky":false,"template":"","format":"standard","meta":{"footnotes":""},"categories":[116],"tags":[5158,6924,2623],"class_list":["post-70505","post","type-post","status-publish","format-standard","has-post-thumbnail","hentry","category-direitos-humanos","tag-lgbt-pt-pt","tag-nao-discriminacao-2","tag-onu-pt-pt"],"yoast_head":"<!-- This site is optimized with the Yoast SEO plugin v27.1.1 - https:\/\/yoast.com\/product\/yoast-seo-wordpress\/ -->\n<title>ONU discute pela primeira vez combate \u00e0 viol\u00eancia contra comunidade LGBT<\/title>\n<meta name=\"description\" content=\"Bras\u00edlia - O ministro das Rela\u00e7\u00f5es Exteriores, Luiz Alberto Figueiredo Machado, participou ontem (26), na sede da Organiza\u00e7\u00e3o das Na\u00e7\u00f5es Unidas, em Nova\" \/>\n<meta name=\"robots\" content=\"index, follow, max-snippet:-1, max-image-preview:large, max-video-preview:-1\" \/>\n<link rel=\"canonical\" href=\"https:\/\/www.pressenza.com\/pt-pt\/2013\/09\/onu-discute-pela-primeira-vez-combate-violencia-contra-comunidade-lgbt\/\" \/>\n<meta property=\"og:locale\" content=\"pt_PT\" \/>\n<meta property=\"og:type\" content=\"article\" \/>\n<meta property=\"og:title\" content=\"ONU discute pela primeira vez combate \u00e0 viol\u00eancia contra comunidade LGBT\" \/>\n<meta property=\"og:description\" content=\"Bras\u00edlia - O ministro das Rela\u00e7\u00f5es Exteriores, Luiz Alberto Figueiredo Machado, participou ontem (26), na sede da Organiza\u00e7\u00e3o das Na\u00e7\u00f5es Unidas, em Nova\" \/>\n<meta property=\"og:url\" content=\"https:\/\/www.pressenza.com\/pt-pt\/2013\/09\/onu-discute-pela-primeira-vez-combate-violencia-contra-comunidade-lgbt\/\" \/>\n<meta property=\"og:site_name\" content=\"Pressenza\" \/>\n<meta property=\"article:publisher\" content=\"https:\/\/www.facebook.com\/PressenzaItalia\" \/>\n<meta property=\"article:published_time\" content=\"2013-09-28T02:11:00+00:00\" \/>\n<meta property=\"article:modified_time\" content=\"2013-09-28T02:32:23+00:00\" \/>\n<meta property=\"og:image\" content=\"https:\/\/www.pressenza.com\/wp-content\/uploads\/2013\/09\/DSCF5540.jpg\" \/>\n\t<meta property=\"og:image:width\" content=\"1731\" \/>\n\t<meta property=\"og:image:height\" content=\"1023\" \/>\n\t<meta property=\"og:image:type\" content=\"image\/jpeg\" \/>\n<meta name=\"author\" content=\"Agencia Brasil\" \/>\n<meta name=\"twitter:card\" content=\"summary_large_image\" \/>\n<meta name=\"twitter:creator\" content=\"@PressenzaIPA\" \/>\n<meta name=\"twitter:site\" content=\"@PressenzaIPA\" \/>\n<meta name=\"twitter:label1\" content=\"Escrito por\" \/>\n\t<meta name=\"twitter:data1\" content=\"Agencia Brasil\" \/>\n\t<meta name=\"twitter:label2\" content=\"Tempo estimado de leitura\" \/>\n\t<meta name=\"twitter:data2\" content=\"1 minuto\" \/>\n<script type=\"application\/ld+json\" class=\"yoast-schema-graph\">{\"@context\":\"https:\/\/schema.org\",\"@graph\":[{\"@type\":\"Article\",\"@id\":\"https:\/\/www.pressenza.com\/pt-pt\/2013\/09\/onu-discute-pela-primeira-vez-combate-violencia-contra-comunidade-lgbt\/#article\",\"isPartOf\":{\"@id\":\"https:\/\/www.pressenza.com\/pt-pt\/2013\/09\/onu-discute-pela-primeira-vez-combate-violencia-contra-comunidade-lgbt\/\"},\"author\":{\"name\":\"Agencia Brasil\",\"@id\":\"https:\/\/www.pressenza.com\/pt-pt\/#\/schema\/person\/e2e4e9b5b3a7554516d809f2394b3dd4\"},\"headline\":\"ONU discute pela primeira vez combate \u00e0 viol\u00eancia contra comunidade LGBT\",\"datePublished\":\"2013-09-28T02:11:00+00:00\",\"dateModified\":\"2013-09-28T02:32:23+00:00\",\"mainEntityOfPage\":{\"@id\":\"https:\/\/www.pressenza.com\/pt-pt\/2013\/09\/onu-discute-pela-primeira-vez-combate-violencia-contra-comunidade-lgbt\/\"},\"wordCount\":197,\"publisher\":{\"@id\":\"https:\/\/www.pressenza.com\/pt-pt\/#organization\"},\"image\":{\"@id\":\"https:\/\/www.pressenza.com\/pt-pt\/2013\/09\/onu-discute-pela-primeira-vez-combate-violencia-contra-comunidade-lgbt\/#primaryimage\"},\"thumbnailUrl\":\"https:\/\/www.pressenza.com\/wp-content\/uploads\/2013\/09\/DSCF5540.jpg\",\"keywords\":[\"LGBT\",\"n\u00e3o discrimina\u00e7\u00e3o\",\"ONU\"],\"articleSection\":[\"Direitos Humanos\"],\"inLanguage\":\"pt-PT\"},{\"@type\":\"WebPage\",\"@id\":\"https:\/\/www.pressenza.com\/pt-pt\/2013\/09\/onu-discute-pela-primeira-vez-combate-violencia-contra-comunidade-lgbt\/\",\"url\":\"https:\/\/www.pressenza.com\/pt-pt\/2013\/09\/onu-discute-pela-primeira-vez-combate-violencia-contra-comunidade-lgbt\/\",\"name\":\"ONU discute pela primeira vez combate \u00e0 viol\u00eancia contra comunidade LGBT\",\"isPartOf\":{\"@id\":\"https:\/\/www.pressenza.com\/pt-pt\/#website\"},\"primaryImageOfPage\":{\"@id\":\"https:\/\/www.pressenza.com\/pt-pt\/2013\/09\/onu-discute-pela-primeira-vez-combate-violencia-contra-comunidade-lgbt\/#primaryimage\"},\"image\":{\"@id\":\"https:\/\/www.pressenza.com\/pt-pt\/2013\/09\/onu-discute-pela-primeira-vez-combate-violencia-contra-comunidade-lgbt\/#primaryimage\"},\"thumbnailUrl\":\"https:\/\/www.pressenza.com\/wp-content\/uploads\/2013\/09\/DSCF5540.jpg\",\"datePublished\":\"2013-09-28T02:11:00+00:00\",\"dateModified\":\"2013-09-28T02:32:23+00:00\",\"description\":\"Bras\u00edlia - O ministro das Rela\u00e7\u00f5es Exteriores, Luiz Alberto Figueiredo Machado, participou ontem (26), na sede da Organiza\u00e7\u00e3o das Na\u00e7\u00f5es Unidas, em Nova\",\"breadcrumb\":{\"@id\":\"https:\/\/www.pressenza.com\/pt-pt\/2013\/09\/onu-discute-pela-primeira-vez-combate-violencia-contra-comunidade-lgbt\/#breadcrumb\"},\"inLanguage\":\"pt-PT\",\"potentialAction\":[{\"@type\":\"ReadAction\",\"target\":[\"https:\/\/www.pressenza.com\/pt-pt\/2013\/09\/onu-discute-pela-primeira-vez-combate-violencia-contra-comunidade-lgbt\/\"]}]},{\"@type\":\"ImageObject\",\"inLanguage\":\"pt-PT\",\"@id\":\"https:\/\/www.pressenza.com\/pt-pt\/2013\/09\/onu-discute-pela-primeira-vez-combate-violencia-contra-comunidade-lgbt\/#primaryimage\",\"url\":\"https:\/\/www.pressenza.com\/wp-content\/uploads\/2013\/09\/DSCF5540.jpg\",\"contentUrl\":\"https:\/\/www.pressenza.com\/wp-content\/uploads\/2013\/09\/DSCF5540.jpg\",\"width\":1731,\"height\":1023},{\"@type\":\"BreadcrumbList\",\"@id\":\"https:\/\/www.pressenza.com\/pt-pt\/2013\/09\/onu-discute-pela-primeira-vez-combate-violencia-contra-comunidade-lgbt\/#breadcrumb\",\"itemListElement\":[{\"@type\":\"ListItem\",\"position\":1,\"name\":\"Accueil\",\"item\":\"https:\/\/www.pressenza.com\/pt-pt\/\"},{\"@type\":\"ListItem\",\"position\":2,\"name\":\"ONU discute pela primeira vez combate \u00e0 viol\u00eancia contra comunidade LGBT\"}]},{\"@type\":\"WebSite\",\"@id\":\"https:\/\/www.pressenza.com\/pt-pt\/#website\",\"url\":\"https:\/\/www.pressenza.com\/pt-pt\/\",\"name\":\"Pressenza\",\"description\":\"International Press Agency\",\"publisher\":{\"@id\":\"https:\/\/www.pressenza.com\/pt-pt\/#organization\"},\"potentialAction\":[{\"@type\":\"SearchAction\",\"target\":{\"@type\":\"EntryPoint\",\"urlTemplate\":\"https:\/\/www.pressenza.com\/pt-pt\/?s={search_term_string}\"},\"query-input\":{\"@type\":\"PropertyValueSpecification\",\"valueRequired\":true,\"valueName\":\"search_term_string\"}}],\"inLanguage\":\"pt-PT\"},{\"@type\":\"Organization\",\"@id\":\"https:\/\/www.pressenza.com\/pt-pt\/#organization\",\"name\":\"Pressenza\",\"url\":\"https:\/\/www.pressenza.com\/pt-pt\/\",\"logo\":{\"@type\":\"ImageObject\",\"inLanguage\":\"pt-PT\",\"@id\":\"https:\/\/www.pressenza.com\/pt-pt\/#\/schema\/logo\/image\/\",\"url\":\"https:\/\/www.pressenza.com\/wp-content\/uploads\/2022\/10\/pressenza_logo_200x200.jpg\",\"contentUrl\":\"https:\/\/www.pressenza.com\/wp-content\/uploads\/2022\/10\/pressenza_logo_200x200.jpg\",\"width\":200,\"height\":200,\"caption\":\"Pressenza\"},\"image\":{\"@id\":\"https:\/\/www.pressenza.com\/pt-pt\/#\/schema\/logo\/image\/\"},\"sameAs\":[\"https:\/\/www.facebook.com\/PressenzaItalia\",\"https:\/\/x.com\/PressenzaIPA\"]},{\"@type\":\"Person\",\"@id\":\"https:\/\/www.pressenza.com\/pt-pt\/#\/schema\/person\/e2e4e9b5b3a7554516d809f2394b3dd4\",\"name\":\"Agencia Brasil\",\"url\":\"https:\/\/www.pressenza.com\/pt-pt\/author\/agencia-brasil\/\"}]}<\/script>\n<!-- \/ Yoast SEO plugin. -->","yoast_head_json":{"title":"ONU discute pela primeira vez combate \u00e0 viol\u00eancia contra comunidade LGBT","description":"Bras\u00edlia - O ministro das Rela\u00e7\u00f5es Exteriores, Luiz Alberto Figueiredo Machado, participou ontem (26), na sede da Organiza\u00e7\u00e3o das Na\u00e7\u00f5es Unidas, em Nova","robots":{"index":"index","follow":"follow","max-snippet":"max-snippet:-1","max-image-preview":"max-image-preview:large","max-video-preview":"max-video-preview:-1"},"canonical":"https:\/\/www.pressenza.com\/pt-pt\/2013\/09\/onu-discute-pela-primeira-vez-combate-violencia-contra-comunidade-lgbt\/","og_locale":"pt_PT","og_type":"article","og_title":"ONU discute pela primeira vez combate \u00e0 viol\u00eancia contra comunidade LGBT","og_description":"Bras\u00edlia - O ministro das Rela\u00e7\u00f5es Exteriores, Luiz Alberto Figueiredo Machado, participou ontem (26), na sede da Organiza\u00e7\u00e3o das Na\u00e7\u00f5es Unidas, em Nova","og_url":"https:\/\/www.pressenza.com\/pt-pt\/2013\/09\/onu-discute-pela-primeira-vez-combate-violencia-contra-comunidade-lgbt\/","og_site_name":"Pressenza","article_publisher":"https:\/\/www.facebook.com\/PressenzaItalia","article_published_time":"2013-09-28T02:11:00+00:00","article_modified_time":"2013-09-28T02:32:23+00:00","og_image":[{"width":1731,"height":1023,"url":"https:\/\/www.pressenza.com\/wp-content\/uploads\/2013\/09\/DSCF5540.jpg","type":"image\/jpeg"}],"author":"Agencia Brasil","twitter_card":"summary_large_image","twitter_creator":"@PressenzaIPA","twitter_site":"@PressenzaIPA","twitter_misc":{"Escrito por":"Agencia Brasil","Tempo estimado de leitura":"1 minuto"},"schema":{"@context":"https:\/\/schema.org","@graph":[{"@type":"Article","@id":"https:\/\/www.pressenza.com\/pt-pt\/2013\/09\/onu-discute-pela-primeira-vez-combate-violencia-contra-comunidade-lgbt\/#article","isPartOf":{"@id":"https:\/\/www.pressenza.com\/pt-pt\/2013\/09\/onu-discute-pela-primeira-vez-combate-violencia-contra-comunidade-lgbt\/"},"author":{"name":"Agencia Brasil","@id":"https:\/\/www.pressenza.com\/pt-pt\/#\/schema\/person\/e2e4e9b5b3a7554516d809f2394b3dd4"},"headline":"ONU discute pela primeira vez combate \u00e0 viol\u00eancia contra comunidade LGBT","datePublished":"2013-09-28T02:11:00+00:00","dateModified":"2013-09-28T02:32:23+00:00","mainEntityOfPage":{"@id":"https:\/\/www.pressenza.com\/pt-pt\/2013\/09\/onu-discute-pela-primeira-vez-combate-violencia-contra-comunidade-lgbt\/"},"wordCount":197,"publisher":{"@id":"https:\/\/www.pressenza.com\/pt-pt\/#organization"},"image":{"@id":"https:\/\/www.pressenza.com\/pt-pt\/2013\/09\/onu-discute-pela-primeira-vez-combate-violencia-contra-comunidade-lgbt\/#primaryimage"},"thumbnailUrl":"https:\/\/www.pressenza.com\/wp-content\/uploads\/2013\/09\/DSCF5540.jpg","keywords":["LGBT","n\u00e3o discrimina\u00e7\u00e3o","ONU"],"articleSection":["Direitos Humanos"],"inLanguage":"pt-PT"},{"@type":"WebPage","@id":"https:\/\/www.pressenza.com\/pt-pt\/2013\/09\/onu-discute-pela-primeira-vez-combate-violencia-contra-comunidade-lgbt\/","url":"https:\/\/www.pressenza.com\/pt-pt\/2013\/09\/onu-discute-pela-primeira-vez-combate-violencia-contra-comunidade-lgbt\/","name":"ONU discute pela primeira vez combate \u00e0 viol\u00eancia contra comunidade LGBT","isPartOf":{"@id":"https:\/\/www.pressenza.com\/pt-pt\/#website"},"primaryImageOfPage":{"@id":"https:\/\/www.pressenza.com\/pt-pt\/2013\/09\/onu-discute-pela-primeira-vez-combate-violencia-contra-comunidade-lgbt\/#primaryimage"},"image":{"@id":"https:\/\/www.pressenza.com\/pt-pt\/2013\/09\/onu-discute-pela-primeira-vez-combate-violencia-contra-comunidade-lgbt\/#primaryimage"},"thumbnailUrl":"https:\/\/www.pressenza.com\/wp-content\/uploads\/2013\/09\/DSCF5540.jpg","datePublished":"2013-09-28T02:11:00+00:00","dateModified":"2013-09-28T02:32:23+00:00","description":"Bras\u00edlia - O ministro das Rela\u00e7\u00f5es Exteriores, Luiz Alberto Figueiredo Machado, participou ontem (26), na sede da Organiza\u00e7\u00e3o das Na\u00e7\u00f5es Unidas, em Nova","breadcrumb":{"@id":"https:\/\/www.pressenza.com\/pt-pt\/2013\/09\/onu-discute-pela-primeira-vez-combate-violencia-contra-comunidade-lgbt\/#breadcrumb"},"inLanguage":"pt-PT","potentialAction":[{"@type":"ReadAction","target":["https:\/\/www.pressenza.com\/pt-pt\/2013\/09\/onu-discute-pela-primeira-vez-combate-violencia-contra-comunidade-lgbt\/"]}]},{"@type":"ImageObject","inLanguage":"pt-PT","@id":"https:\/\/www.pressenza.com\/pt-pt\/2013\/09\/onu-discute-pela-primeira-vez-combate-violencia-contra-comunidade-lgbt\/#primaryimage","url":"https:\/\/www.pressenza.com\/wp-content\/uploads\/2013\/09\/DSCF5540.jpg","contentUrl":"https:\/\/www.pressenza.com\/wp-content\/uploads\/2013\/09\/DSCF5540.jpg","width":1731,"height":1023},{"@type":"BreadcrumbList","@id":"https:\/\/www.pressenza.com\/pt-pt\/2013\/09\/onu-discute-pela-primeira-vez-combate-violencia-contra-comunidade-lgbt\/#breadcrumb","itemListElement":[{"@type":"ListItem","position":1,"name":"Accueil","item":"https:\/\/www.pressenza.com\/pt-pt\/"},{"@type":"ListItem","position":2,"name":"ONU discute pela primeira vez combate \u00e0 viol\u00eancia contra comunidade LGBT"}]},{"@type":"WebSite","@id":"https:\/\/www.pressenza.com\/pt-pt\/#website","url":"https:\/\/www.pressenza.com\/pt-pt\/","name":"Pressenza","description":"International Press Agency","publisher":{"@id":"https:\/\/www.pressenza.com\/pt-pt\/#organization"},"potentialAction":[{"@type":"SearchAction","target":{"@type":"EntryPoint","urlTemplate":"https:\/\/www.pressenza.com\/pt-pt\/?s={search_term_string}"},"query-input":{"@type":"PropertyValueSpecification","valueRequired":true,"valueName":"search_term_string"}}],"inLanguage":"pt-PT"},{"@type":"Organization","@id":"https:\/\/www.pressenza.com\/pt-pt\/#organization","name":"Pressenza","url":"https:\/\/www.pressenza.com\/pt-pt\/","logo":{"@type":"ImageObject","inLanguage":"pt-PT","@id":"https:\/\/www.pressenza.com\/pt-pt\/#\/schema\/logo\/image\/","url":"https:\/\/www.pressenza.com\/wp-content\/uploads\/2022\/10\/pressenza_logo_200x200.jpg","contentUrl":"https:\/\/www.pressenza.com\/wp-content\/uploads\/2022\/10\/pressenza_logo_200x200.jpg","width":200,"height":200,"caption":"Pressenza"},"image":{"@id":"https:\/\/www.pressenza.com\/pt-pt\/#\/schema\/logo\/image\/"},"sameAs":["https:\/\/www.facebook.com\/PressenzaItalia","https:\/\/x.com\/PressenzaIPA"]},{"@type":"Person","@id":"https:\/\/www.pressenza.com\/pt-pt\/#\/schema\/person\/e2e4e9b5b3a7554516d809f2394b3dd4","name":"Agencia Brasil","url":"https:\/\/www.pressenza.com\/pt-pt\/author\/agencia-brasil\/"}]}},"place":"","original_article_url":"","_links":{"self":[{"href":"https:\/\/www.pressenza.com\/pt-pt\/wp-json\/wp\/v2\/posts\/70505","targetHints":{"allow":["GET"]}}],"collection":[{"href":"https:\/\/www.pressenza.com\/pt-pt\/wp-json\/wp\/v2\/posts"}],"about":[{"href":"https:\/\/www.pressenza.com\/pt-pt\/wp-json\/wp\/v2\/types\/post"}],"author":[{"embeddable":true,"href":"https:\/\/www.pressenza.com\/pt-pt\/wp-json\/wp\/v2\/users\/860"}],"replies":[{"embeddable":true,"href":"https:\/\/www.pressenza.com\/pt-pt\/wp-json\/wp\/v2\/comments?post=70505"}],"version-history":[{"count":0,"href":"https:\/\/www.pressenza.com\/pt-pt\/wp-json\/wp\/v2\/posts\/70505\/revisions"}],"wp:featuredmedia":[{"embeddable":true,"href":"https:\/\/www.pressenza.com\/pt-pt\/wp-json\/wp\/v2\/media\/70516"}],"wp:attachment":[{"href":"https:\/\/www.pressenza.com\/pt-pt\/wp-json\/wp\/v2\/media?parent=70505"}],"wp:term":[{"taxonomy":"category","embeddable":true,"href":"https:\/\/www.pressenza.com\/pt-pt\/wp-json\/wp\/v2\/categories?post=70505"},{"taxonomy":"post_tag","embeddable":true,"href":"https:\/\/www.pressenza.com\/pt-pt\/wp-json\/wp\/v2\/tags?post=70505"}],"curies":[{"name":"wp","href":"https:\/\/api.w.org\/{rel}","templated":true}]}}