{"id":69884,"date":"2013-09-24T03:15:16","date_gmt":"2013-09-24T02:15:16","guid":{"rendered":"http:\/\/www.pressenza.com\/?p=69884"},"modified":"2013-09-24T03:15:16","modified_gmt":"2013-09-24T02:15:16","slug":"al-shabab-grupo-reivindicou-ataque-quenia","status":"publish","type":"post","link":"https:\/\/www.pressenza.com\/pt-pt\/2013\/09\/al-shabab-grupo-reivindicou-ataque-quenia\/","title":{"rendered":"Quem \u00e9 o Al-Shabab, grupo que reivindicou ataque no Qu\u00eania"},"content":{"rendered":"<p>O grupo militante isl\u00e2mico Al-Shabab, da Som\u00e1lia, assumiu a responsabilidade pelo ataque que causou dezenas de mortos neste s\u00e1bado num shopping de Nair\u00f3bi, no Qu\u00e9nia.<\/p>\n<p>O Al-Shabab, que tem liga\u00e7\u00f5es com a rede Al Qaeda, tem estado a promover ataques contra o Qu\u00e9nia desde 2011, quando tropas quenianas entraram no sul da Som\u00e1lia para combater os militantes do grupo.<\/p>\n<p>O Al-Shabab chegou a controlar boa parte da Som\u00e1lia, mas foi expulso das principais cidades que dominava no sul e no centro do pa\u00eds. Ainda assim, o grupo permanece como uma amea\u00e7a em potencial.<\/p>\n<p>Saiba mais sobre o grupo com as perguntas e respostas abaixo, preparadas pela BBC:<\/p>\n<p><strong>Quem \u00e9 o Al-Shabab?<\/strong><\/p>\n<p>Al-Shabab significa &#8216;A Juventude&#8217; em \u00e1rabe. O grupo apareceu como uma ala radical da hoje finada Uni\u00e3o dos Tribunais Isl\u00e1micos da Som\u00e1lia em 2006, enquanto o grupo combatia as for\u00e7as et\u00edopes que entraram na Som\u00e1lia para apoiar o fraco governo interino.<\/p>\n<p>H\u00e1 v\u00e1rios relatos sobre a presen\u00e7a de jihadistas estrangeiros na Som\u00e1lia para ajudar o Al-Shabab.<\/p>\n<p>O grupo imp\u00f4s uma vers\u00e3o estrita da sharia (lei isl\u00e2mica) nas \u00e1reas sob seu controle, incluindo o apedrejamento at\u00e9 a morte das mulheres acusadas de adult\u00e9rio e o amputamento das m\u00e3os de acusados de roubo.<\/p>\n<p><strong>Quanto da Som\u00e1lia o Al-Shabab controla?<\/strong><\/p>\n<p>Apesar de ter perdido o controle das cidades e povoados, o grupo ainda tem influ\u00eancia sobre muitas \u00e1reas rurais da Som\u00e1lia.<\/p>\n<p>O Al-Shabab foi expulso da capital do pa\u00eds, Mogad\u00edscio, em agosto de 2011, e perdeu o controle do vital porto de Kismayo em setembro do ano passado.<\/p>\n<p>Kismayo era uma pe\u00e7a importante para os militantes, permitindo que suprimentos chegassem a \u00e1reas sob seu controle e provendo recursos para as suas opera\u00e7\u00f5es.<\/p>\n<p>A Uni\u00e3o Africana (UA), que apoia as for\u00e7as do governo, comemorou a retomada do controle de ambas as cidades como grandes vit\u00f3rias, mas o Al-Shabab ainda vem promovendo ataques suicidas relativamente frequentes em Mogad\u00edscio e em outros lugares.<\/p>\n<p>Analistas acreditam que o Al-Shabab est\u00e1 a concentrar-se cada vez mais em t\u00e1cticas de guerrilha para conter o poder de fogo das for\u00e7as da UA.<\/p>\n<p>Mas o grupo est\u00e1 sob press\u00e3o de v\u00e1rias frentes, incluindo a incurs\u00e3o das for\u00e7as do Qu\u00e9nia na Som\u00e1lia em 2011. O Qu\u00e9nia acusou os militantes do Al-Shabab de sequestrar turistas. As for\u00e7as quenianas, agora sob o comando da UA, esteve \u00e0 frente dos esfor\u00e7os para expulsar o grupo no sul do pa\u00eds, at\u00e9 Kismayo.<\/p>\n<p>Enquanto isso, as for\u00e7as da Eti\u00f3pia entraram pelo oeste e tomaram o controle das cidades centrais de Beledweyne e Baidoa.<\/p>\n<p><strong>Quem \u00e9 o l\u00edder do Al-Shabab?<\/strong><\/p>\n<p>Ahmed Abdi Godane \u00e9 o chefe do grupo. Conhecido como Mukhtar Abu Zubair, ele \u00e9 origin\u00e1rio da regi\u00e3o separatista da Somalil\u00e2ndia, ao norte do pa\u00eds.<\/p>\n<p>H\u00e1 relatos &#8211; fortemente negados pelo Al-Shabab &#8211; de que a sua lideran\u00e7a est\u00e1 a ser cada vez mais contestada pelos origin\u00e1rios do sul do pa\u00eds, que formam o grosso dos combatentes do grupo, estimados entre 7.000 e 9.000.<\/p>\n<p>Godane raramente \u00e9 visto em p\u00fablico. O seu antecessor, Moalim Aden Hashi Ayro, foi morto num ataque a\u00e9reo americano em 2008.<\/p>\n<p><strong>Quais s\u00e3o as liga\u00e7\u00f5es internacionais do Al-Shabab?<\/strong><\/p>\n<p>O Al-Shabab aliou-se \u00e0 Al Qaeda em fevereiro de 2012. Num comunicado conjunto em v\u00eddeo, o l\u00edder do Al-Shabab, Ahmed Abdi Godane, disse que &#8220;prometia obedi\u00eancia&#8221; ao l\u00edder da Al Qaeda, Ayman al-Zawahiri.<\/p>\n<p>Os dois grupos trabalham juntos h\u00e1 tempos, e estrangeiros estariam a lutar ao lado dos militantes somalis.<\/p>\n<p>No ano passado, l\u00edderes do Al-Shabab acompanharam um homem identificado como o cidad\u00e3o americano Abu Abdulla Almuhajr, que se dizia da Al Qaeda, enquanto ele distribu\u00eda ajuda a v\u00edtimas da fome no territ\u00f3rio controlado pelos militantes isl\u00e2micos.<\/p>\n<p>As autoridades americanas acreditam que com a Al Qaeda em retirada do Afeganist\u00e3o e do Paquist\u00e3o ap\u00f3s a morte de Osama bin Laden, os seus combatentes est\u00e3o cada vez mais a procura ref\u00fagio na Som\u00e1lia.<\/p>\n<p><strong>O Al-Shabab j\u00e1 havia promovido ataques fora da Som\u00e1lia?<\/strong><\/p>\n<p>O grupo foi respons\u00e1vel por um ataque suicida duplo na capital de Uganda, Kampala, que matou 76 pessoas que assistiam pela televis\u00e3o \u00e0 final do Campeonato do Mundo de futebol, em 2010 na \u00c1frica do Sul.<\/p>\n<p>O ataque aconteceu porque Uganda &#8211; juntamente com o Burundi &#8211; forneceu grande parte das tropas da UA na Som\u00e1lia antes de o Qu\u00e9nia entrar no conflito.<\/p>\n<p>Analistas dizem que os militantes entram com frequ\u00eancia no Qu\u00e9nia e deixam o pa\u00eds sem serem interceptados. Os seus militantes at\u00e9 mesmo visitariam a capital, Nair\u00f3bi, para tratamentos m\u00e9dicos.<\/p>\n<p>O ataque duplo em 2002 contra alvos israelitas pr\u00f3ximo ao balne\u00e1rio de Mombasa, no Qu\u00e9nia, foi supostamente planeado na Som\u00e1lia por uma c\u00e9lula da Al Qaeda.<\/p>\n<p>Os Estados Unidos tamb\u00e9m acreditam que alguns dos integrantes da Al Qaeda que planearam os ataques contra as embaixadas americanas em Nairobi e em Dar es Salaam, em 1998, depois fugiram para a Som\u00e1lia.<\/p>\n<p><strong>Quem s\u00e3o os apoiantes do Al-Shabab?<\/strong><\/p>\n<p>A Eritreia \u00e9 o \u00fanico aliado regional, mas nega prover armas para o Al-Shabab.<\/p>\n<p>A Eritreia apoia o Al-Shabab para conter a influ\u00eancia da Eti\u00f3pia, o seu maior inimigo.<\/p>\n<p>Com o apoio dos Estados Unidos, a Eti\u00f3pia enviou tropas para a Som\u00e1lia em 2006 para combater os islamistas. As for\u00e7as et\u00edopes retiraram-se em 2009 ap\u00f3s sofrer fortes baixas.<\/p>\n<p>Ap\u00f3s intervir novamente em 2011, a Eti\u00f3pia diz que entregar\u00e1 os territ\u00f3rios que conquistou \u00e0 UA.<\/p>\n<p><strong>O que faz o governo da Som\u00e1lia?<\/strong><\/p>\n<p>O presidente \u00e9 o activista e ex-acad\u00eamico Hassan Sheikh Mohamud. Ele foi eleito em 2012 por um rec\u00e9m-escolhido Parlamento somali, seguindo um processo de paz promovido pela ONU.<\/p>\n<p>Ele derrotou o ex-presidente Sheikh Sharif Sheikh Ahmed &#8211; um ex-combatente rebelde isl\u00e2mico, cujos tr\u00eas anos no poder foram criticados pelo suposto descontrole sobre a corrup\u00e7\u00e3o.<\/p>\n<p>O Al-Shabab denunciou o processo de paz como um plano estrangeiro para controlar a Som\u00e1lia.<\/p>\n<p>A Som\u00e1lia \u00e9 considerada um &#8220;Estado falido&#8221;. O pa\u00eds n\u00e3o tem um governo nacional efectivo h\u00e1 duas d\u00e9cadas. Nesse per\u00edodo, a maior parte do pa\u00eds tem sido uma zona de guerra constante.<\/p>\n<p>A situa\u00e7\u00e3o tornou f\u00e1cil para o Al-Shabab, quando o grupo apareceu, ganhar apoio entre os somalis. O grupo prometia seguran\u00e7a \u00e0 popula\u00e7\u00e3o, algo altamente desejado. Mas a sua credibilidade foi atingida quando rejeitou a ajuda alimentar ocidental para combater a fome causada pela seca em 2011.<\/p>\n<p>O Al-Shabab defende a vers\u00e3o wahabista do Isl\u00e3o, inspirada pela Ar\u00e1bia Saudita, enquanto a maioria dos somalis segue a linha do sufismo. O Al-Shabab destruiu um grande n\u00famero de santu\u00e1rios sufistas, provocando uma queda ainda maior na sua popularidade.<\/p>\n<p>Entretanto, com a capital, Mogad\u00edscio, e outras grandes cidades agora sob controle do governo, h\u00e1 um novo sentimento de esperan\u00e7a no pa\u00eds, e muitos somalis retornaram do ex\u00edlio, trazendo consigo dinheiro e novas habilidades.<\/p>\n<p>Com servi\u00e7os antes inexistentes como colecta de lixo e ilumina\u00e7\u00e3o urbana a reaparecer, a Som\u00e1lia pode finalmente estar reemergindo das cinzas das \u00faltimas duas d\u00e9cadas.<\/p>\n","protected":false},"excerpt":{"rendered":"<p>O grupo militante isl\u00e2mico Al-Shabab, da Som\u00e1lia, assumiu a responsabilidade pelo ataque que causou dezenas de mortos neste s\u00e1bado num shopping de Nair\u00f3bi, no Qu\u00e9nia. O Al-Shabab, que tem liga\u00e7\u00f5es com a rede Al Qaeda, tem estado a promover ataques&hellip;<\/p>\n","protected":false},"author":839,"featured_media":69885,"comment_status":"closed","ping_status":"open","sticky":false,"template":"","format":"standard","meta":{"footnotes":""},"categories":[37,113,42],"tags":[6860,6858,6859],"class_list":["post-69884","post","type-post","status-publish","format-standard","has-post-thumbnail","hentry","category-africa-pt","category-noticias-do-exterior","category-internacional-2","tag-al-qaeda-pt-pt","tag-atentados-quenia","tag-terrorismo-pt-pt"],"yoast_head":"<!-- This site is optimized with the Yoast SEO plugin v27.1.1 - https:\/\/yoast.com\/product\/yoast-seo-wordpress\/ -->\n<title>Quem \u00e9 o Al-Shabab, grupo que reivindicou ataque no Qu\u00eania<\/title>\n<meta name=\"description\" content=\"O grupo militante isl\u00e2mico Al-Shabab, da Som\u00e1lia, assumiu a responsabilidade pelo ataque que causou dezenas de mortos neste s\u00e1bado num shopping de\" \/>\n<meta name=\"robots\" content=\"index, follow, max-snippet:-1, max-image-preview:large, max-video-preview:-1\" \/>\n<link rel=\"canonical\" href=\"https:\/\/www.pressenza.com\/pt-pt\/2013\/09\/al-shabab-grupo-reivindicou-ataque-quenia\/\" \/>\n<meta property=\"og:locale\" content=\"pt_PT\" \/>\n<meta property=\"og:type\" content=\"article\" \/>\n<meta property=\"og:title\" content=\"Quem \u00e9 o Al-Shabab, grupo que reivindicou ataque no Qu\u00eania\" \/>\n<meta property=\"og:description\" content=\"O grupo militante isl\u00e2mico Al-Shabab, da Som\u00e1lia, assumiu a responsabilidade pelo ataque que causou dezenas de mortos neste s\u00e1bado num shopping de\" \/>\n<meta property=\"og:url\" content=\"https:\/\/www.pressenza.com\/pt-pt\/2013\/09\/al-shabab-grupo-reivindicou-ataque-quenia\/\" \/>\n<meta property=\"og:site_name\" content=\"Pressenza\" \/>\n<meta property=\"article:publisher\" content=\"https:\/\/www.facebook.com\/PressenzaItalia\" \/>\n<meta property=\"article:published_time\" content=\"2013-09-24T02:15:16+00:00\" \/>\n<meta property=\"og:image\" content=\"https:\/\/www.pressenza.com\/wp-content\/uploads\/2013\/09\/Nairobi_cityscape.jpg\" \/>\n\t<meta property=\"og:image:width\" content=\"640\" \/>\n\t<meta property=\"og:image:height\" content=\"474\" \/>\n\t<meta property=\"og:image:type\" content=\"image\/jpeg\" \/>\n<meta name=\"author\" content=\"Radio Mo\u00e7ambique\" \/>\n<meta name=\"twitter:card\" content=\"summary_large_image\" \/>\n<meta name=\"twitter:creator\" content=\"@PressenzaIPA\" \/>\n<meta name=\"twitter:site\" content=\"@PressenzaIPA\" \/>\n<meta name=\"twitter:label1\" content=\"Escrito por\" \/>\n\t<meta name=\"twitter:data1\" content=\"Radio Mo\u00e7ambique\" \/>\n\t<meta name=\"twitter:label2\" content=\"Tempo estimado de leitura\" \/>\n\t<meta name=\"twitter:data2\" content=\"6 minutos\" \/>\n<script type=\"application\/ld+json\" class=\"yoast-schema-graph\">{\"@context\":\"https:\/\/schema.org\",\"@graph\":[{\"@type\":\"Article\",\"@id\":\"https:\/\/www.pressenza.com\/pt-pt\/2013\/09\/al-shabab-grupo-reivindicou-ataque-quenia\/#article\",\"isPartOf\":{\"@id\":\"https:\/\/www.pressenza.com\/pt-pt\/2013\/09\/al-shabab-grupo-reivindicou-ataque-quenia\/\"},\"author\":{\"name\":\"Radio Mo\u00e7ambique\",\"@id\":\"https:\/\/www.pressenza.com\/pt-pt\/#\/schema\/person\/621b040c6493b3c28792a340f46a3c79\"},\"headline\":\"Quem \u00e9 o Al-Shabab, grupo que reivindicou ataque no Qu\u00eania\",\"datePublished\":\"2013-09-24T02:15:16+00:00\",\"mainEntityOfPage\":{\"@id\":\"https:\/\/www.pressenza.com\/pt-pt\/2013\/09\/al-shabab-grupo-reivindicou-ataque-quenia\/\"},\"wordCount\":1246,\"publisher\":{\"@id\":\"https:\/\/www.pressenza.com\/pt-pt\/#organization\"},\"image\":{\"@id\":\"https:\/\/www.pressenza.com\/pt-pt\/2013\/09\/al-shabab-grupo-reivindicou-ataque-quenia\/#primaryimage\"},\"thumbnailUrl\":\"https:\/\/www.pressenza.com\/wp-content\/uploads\/2013\/09\/Nairobi_cityscape.jpg\",\"keywords\":[\"al qaeda\",\"atentados quenia\",\"terrorismo\"],\"articleSection\":[\"Africa\",\"Assuntos internacionais\",\"Internacional\"],\"inLanguage\":\"pt-PT\"},{\"@type\":\"WebPage\",\"@id\":\"https:\/\/www.pressenza.com\/pt-pt\/2013\/09\/al-shabab-grupo-reivindicou-ataque-quenia\/\",\"url\":\"https:\/\/www.pressenza.com\/pt-pt\/2013\/09\/al-shabab-grupo-reivindicou-ataque-quenia\/\",\"name\":\"Quem \u00e9 o Al-Shabab, grupo que reivindicou ataque no Qu\u00eania\",\"isPartOf\":{\"@id\":\"https:\/\/www.pressenza.com\/pt-pt\/#website\"},\"primaryImageOfPage\":{\"@id\":\"https:\/\/www.pressenza.com\/pt-pt\/2013\/09\/al-shabab-grupo-reivindicou-ataque-quenia\/#primaryimage\"},\"image\":{\"@id\":\"https:\/\/www.pressenza.com\/pt-pt\/2013\/09\/al-shabab-grupo-reivindicou-ataque-quenia\/#primaryimage\"},\"thumbnailUrl\":\"https:\/\/www.pressenza.com\/wp-content\/uploads\/2013\/09\/Nairobi_cityscape.jpg\",\"datePublished\":\"2013-09-24T02:15:16+00:00\",\"description\":\"O grupo militante isl\u00e2mico Al-Shabab, da Som\u00e1lia, assumiu a responsabilidade pelo ataque que causou dezenas de mortos neste s\u00e1bado num shopping de\",\"breadcrumb\":{\"@id\":\"https:\/\/www.pressenza.com\/pt-pt\/2013\/09\/al-shabab-grupo-reivindicou-ataque-quenia\/#breadcrumb\"},\"inLanguage\":\"pt-PT\",\"potentialAction\":[{\"@type\":\"ReadAction\",\"target\":[\"https:\/\/www.pressenza.com\/pt-pt\/2013\/09\/al-shabab-grupo-reivindicou-ataque-quenia\/\"]}]},{\"@type\":\"ImageObject\",\"inLanguage\":\"pt-PT\",\"@id\":\"https:\/\/www.pressenza.com\/pt-pt\/2013\/09\/al-shabab-grupo-reivindicou-ataque-quenia\/#primaryimage\",\"url\":\"https:\/\/www.pressenza.com\/wp-content\/uploads\/2013\/09\/Nairobi_cityscape.jpg\",\"contentUrl\":\"https:\/\/www.pressenza.com\/wp-content\/uploads\/2013\/09\/Nairobi_cityscape.jpg\",\"width\":640,\"height\":474},{\"@type\":\"BreadcrumbList\",\"@id\":\"https:\/\/www.pressenza.com\/pt-pt\/2013\/09\/al-shabab-grupo-reivindicou-ataque-quenia\/#breadcrumb\",\"itemListElement\":[{\"@type\":\"ListItem\",\"position\":1,\"name\":\"Accueil\",\"item\":\"https:\/\/www.pressenza.com\/pt-pt\/\"},{\"@type\":\"ListItem\",\"position\":2,\"name\":\"Quem \u00e9 o Al-Shabab, grupo que reivindicou ataque no Qu\u00eania\"}]},{\"@type\":\"WebSite\",\"@id\":\"https:\/\/www.pressenza.com\/pt-pt\/#website\",\"url\":\"https:\/\/www.pressenza.com\/pt-pt\/\",\"name\":\"Pressenza\",\"description\":\"International Press Agency\",\"publisher\":{\"@id\":\"https:\/\/www.pressenza.com\/pt-pt\/#organization\"},\"potentialAction\":[{\"@type\":\"SearchAction\",\"target\":{\"@type\":\"EntryPoint\",\"urlTemplate\":\"https:\/\/www.pressenza.com\/pt-pt\/?s={search_term_string}\"},\"query-input\":{\"@type\":\"PropertyValueSpecification\",\"valueRequired\":true,\"valueName\":\"search_term_string\"}}],\"inLanguage\":\"pt-PT\"},{\"@type\":\"Organization\",\"@id\":\"https:\/\/www.pressenza.com\/pt-pt\/#organization\",\"name\":\"Pressenza\",\"url\":\"https:\/\/www.pressenza.com\/pt-pt\/\",\"logo\":{\"@type\":\"ImageObject\",\"inLanguage\":\"pt-PT\",\"@id\":\"https:\/\/www.pressenza.com\/pt-pt\/#\/schema\/logo\/image\/\",\"url\":\"https:\/\/www.pressenza.com\/wp-content\/uploads\/2022\/10\/pressenza_logo_200x200.jpg\",\"contentUrl\":\"https:\/\/www.pressenza.com\/wp-content\/uploads\/2022\/10\/pressenza_logo_200x200.jpg\",\"width\":200,\"height\":200,\"caption\":\"Pressenza\"},\"image\":{\"@id\":\"https:\/\/www.pressenza.com\/pt-pt\/#\/schema\/logo\/image\/\"},\"sameAs\":[\"https:\/\/www.facebook.com\/PressenzaItalia\",\"https:\/\/x.com\/PressenzaIPA\"]},{\"@type\":\"Person\",\"@id\":\"https:\/\/www.pressenza.com\/pt-pt\/#\/schema\/person\/621b040c6493b3c28792a340f46a3c79\",\"name\":\"Radio Mo\u00e7ambique\",\"url\":\"https:\/\/www.pressenza.com\/pt-pt\/author\/radio-mocambique\/\"}]}<\/script>\n<!-- \/ Yoast SEO plugin. -->","yoast_head_json":{"title":"Quem \u00e9 o Al-Shabab, grupo que reivindicou ataque no Qu\u00eania","description":"O grupo militante isl\u00e2mico Al-Shabab, da Som\u00e1lia, assumiu a responsabilidade pelo ataque que causou dezenas de mortos neste s\u00e1bado num shopping de","robots":{"index":"index","follow":"follow","max-snippet":"max-snippet:-1","max-image-preview":"max-image-preview:large","max-video-preview":"max-video-preview:-1"},"canonical":"https:\/\/www.pressenza.com\/pt-pt\/2013\/09\/al-shabab-grupo-reivindicou-ataque-quenia\/","og_locale":"pt_PT","og_type":"article","og_title":"Quem \u00e9 o Al-Shabab, grupo que reivindicou ataque no Qu\u00eania","og_description":"O grupo militante isl\u00e2mico Al-Shabab, da Som\u00e1lia, assumiu a responsabilidade pelo ataque que causou dezenas de mortos neste s\u00e1bado num shopping de","og_url":"https:\/\/www.pressenza.com\/pt-pt\/2013\/09\/al-shabab-grupo-reivindicou-ataque-quenia\/","og_site_name":"Pressenza","article_publisher":"https:\/\/www.facebook.com\/PressenzaItalia","article_published_time":"2013-09-24T02:15:16+00:00","og_image":[{"width":640,"height":474,"url":"https:\/\/www.pressenza.com\/wp-content\/uploads\/2013\/09\/Nairobi_cityscape.jpg","type":"image\/jpeg"}],"author":"Radio Mo\u00e7ambique","twitter_card":"summary_large_image","twitter_creator":"@PressenzaIPA","twitter_site":"@PressenzaIPA","twitter_misc":{"Escrito por":"Radio Mo\u00e7ambique","Tempo estimado de leitura":"6 minutos"},"schema":{"@context":"https:\/\/schema.org","@graph":[{"@type":"Article","@id":"https:\/\/www.pressenza.com\/pt-pt\/2013\/09\/al-shabab-grupo-reivindicou-ataque-quenia\/#article","isPartOf":{"@id":"https:\/\/www.pressenza.com\/pt-pt\/2013\/09\/al-shabab-grupo-reivindicou-ataque-quenia\/"},"author":{"name":"Radio Mo\u00e7ambique","@id":"https:\/\/www.pressenza.com\/pt-pt\/#\/schema\/person\/621b040c6493b3c28792a340f46a3c79"},"headline":"Quem \u00e9 o Al-Shabab, grupo que reivindicou ataque no Qu\u00eania","datePublished":"2013-09-24T02:15:16+00:00","mainEntityOfPage":{"@id":"https:\/\/www.pressenza.com\/pt-pt\/2013\/09\/al-shabab-grupo-reivindicou-ataque-quenia\/"},"wordCount":1246,"publisher":{"@id":"https:\/\/www.pressenza.com\/pt-pt\/#organization"},"image":{"@id":"https:\/\/www.pressenza.com\/pt-pt\/2013\/09\/al-shabab-grupo-reivindicou-ataque-quenia\/#primaryimage"},"thumbnailUrl":"https:\/\/www.pressenza.com\/wp-content\/uploads\/2013\/09\/Nairobi_cityscape.jpg","keywords":["al qaeda","atentados quenia","terrorismo"],"articleSection":["Africa","Assuntos internacionais","Internacional"],"inLanguage":"pt-PT"},{"@type":"WebPage","@id":"https:\/\/www.pressenza.com\/pt-pt\/2013\/09\/al-shabab-grupo-reivindicou-ataque-quenia\/","url":"https:\/\/www.pressenza.com\/pt-pt\/2013\/09\/al-shabab-grupo-reivindicou-ataque-quenia\/","name":"Quem \u00e9 o Al-Shabab, grupo que reivindicou ataque no Qu\u00eania","isPartOf":{"@id":"https:\/\/www.pressenza.com\/pt-pt\/#website"},"primaryImageOfPage":{"@id":"https:\/\/www.pressenza.com\/pt-pt\/2013\/09\/al-shabab-grupo-reivindicou-ataque-quenia\/#primaryimage"},"image":{"@id":"https:\/\/www.pressenza.com\/pt-pt\/2013\/09\/al-shabab-grupo-reivindicou-ataque-quenia\/#primaryimage"},"thumbnailUrl":"https:\/\/www.pressenza.com\/wp-content\/uploads\/2013\/09\/Nairobi_cityscape.jpg","datePublished":"2013-09-24T02:15:16+00:00","description":"O grupo militante isl\u00e2mico Al-Shabab, da Som\u00e1lia, assumiu a responsabilidade pelo ataque que causou dezenas de mortos neste s\u00e1bado num shopping de","breadcrumb":{"@id":"https:\/\/www.pressenza.com\/pt-pt\/2013\/09\/al-shabab-grupo-reivindicou-ataque-quenia\/#breadcrumb"},"inLanguage":"pt-PT","potentialAction":[{"@type":"ReadAction","target":["https:\/\/www.pressenza.com\/pt-pt\/2013\/09\/al-shabab-grupo-reivindicou-ataque-quenia\/"]}]},{"@type":"ImageObject","inLanguage":"pt-PT","@id":"https:\/\/www.pressenza.com\/pt-pt\/2013\/09\/al-shabab-grupo-reivindicou-ataque-quenia\/#primaryimage","url":"https:\/\/www.pressenza.com\/wp-content\/uploads\/2013\/09\/Nairobi_cityscape.jpg","contentUrl":"https:\/\/www.pressenza.com\/wp-content\/uploads\/2013\/09\/Nairobi_cityscape.jpg","width":640,"height":474},{"@type":"BreadcrumbList","@id":"https:\/\/www.pressenza.com\/pt-pt\/2013\/09\/al-shabab-grupo-reivindicou-ataque-quenia\/#breadcrumb","itemListElement":[{"@type":"ListItem","position":1,"name":"Accueil","item":"https:\/\/www.pressenza.com\/pt-pt\/"},{"@type":"ListItem","position":2,"name":"Quem \u00e9 o Al-Shabab, grupo que reivindicou ataque no Qu\u00eania"}]},{"@type":"WebSite","@id":"https:\/\/www.pressenza.com\/pt-pt\/#website","url":"https:\/\/www.pressenza.com\/pt-pt\/","name":"Pressenza","description":"International Press Agency","publisher":{"@id":"https:\/\/www.pressenza.com\/pt-pt\/#organization"},"potentialAction":[{"@type":"SearchAction","target":{"@type":"EntryPoint","urlTemplate":"https:\/\/www.pressenza.com\/pt-pt\/?s={search_term_string}"},"query-input":{"@type":"PropertyValueSpecification","valueRequired":true,"valueName":"search_term_string"}}],"inLanguage":"pt-PT"},{"@type":"Organization","@id":"https:\/\/www.pressenza.com\/pt-pt\/#organization","name":"Pressenza","url":"https:\/\/www.pressenza.com\/pt-pt\/","logo":{"@type":"ImageObject","inLanguage":"pt-PT","@id":"https:\/\/www.pressenza.com\/pt-pt\/#\/schema\/logo\/image\/","url":"https:\/\/www.pressenza.com\/wp-content\/uploads\/2022\/10\/pressenza_logo_200x200.jpg","contentUrl":"https:\/\/www.pressenza.com\/wp-content\/uploads\/2022\/10\/pressenza_logo_200x200.jpg","width":200,"height":200,"caption":"Pressenza"},"image":{"@id":"https:\/\/www.pressenza.com\/pt-pt\/#\/schema\/logo\/image\/"},"sameAs":["https:\/\/www.facebook.com\/PressenzaItalia","https:\/\/x.com\/PressenzaIPA"]},{"@type":"Person","@id":"https:\/\/www.pressenza.com\/pt-pt\/#\/schema\/person\/621b040c6493b3c28792a340f46a3c79","name":"Radio Mo\u00e7ambique","url":"https:\/\/www.pressenza.com\/pt-pt\/author\/radio-mocambique\/"}]}},"place":"","original_article_url":"","_links":{"self":[{"href":"https:\/\/www.pressenza.com\/pt-pt\/wp-json\/wp\/v2\/posts\/69884","targetHints":{"allow":["GET"]}}],"collection":[{"href":"https:\/\/www.pressenza.com\/pt-pt\/wp-json\/wp\/v2\/posts"}],"about":[{"href":"https:\/\/www.pressenza.com\/pt-pt\/wp-json\/wp\/v2\/types\/post"}],"author":[{"embeddable":true,"href":"https:\/\/www.pressenza.com\/pt-pt\/wp-json\/wp\/v2\/users\/839"}],"replies":[{"embeddable":true,"href":"https:\/\/www.pressenza.com\/pt-pt\/wp-json\/wp\/v2\/comments?post=69884"}],"version-history":[{"count":0,"href":"https:\/\/www.pressenza.com\/pt-pt\/wp-json\/wp\/v2\/posts\/69884\/revisions"}],"wp:featuredmedia":[{"embeddable":true,"href":"https:\/\/www.pressenza.com\/pt-pt\/wp-json\/wp\/v2\/media\/69885"}],"wp:attachment":[{"href":"https:\/\/www.pressenza.com\/pt-pt\/wp-json\/wp\/v2\/media?parent=69884"}],"wp:term":[{"taxonomy":"category","embeddable":true,"href":"https:\/\/www.pressenza.com\/pt-pt\/wp-json\/wp\/v2\/categories?post=69884"},{"taxonomy":"post_tag","embeddable":true,"href":"https:\/\/www.pressenza.com\/pt-pt\/wp-json\/wp\/v2\/tags?post=69884"}],"curies":[{"name":"wp","href":"https:\/\/api.w.org\/{rel}","templated":true}]}}