{"id":69177,"date":"2013-09-18T02:56:46","date_gmt":"2013-09-18T01:56:46","guid":{"rendered":"http:\/\/www.pressenza.com\/?p=69177"},"modified":"2013-09-18T02:56:46","modified_gmt":"2013-09-18T01:56:46","slug":"sao-paulo-seminario-discute-liberdade-privacidade-futuro-internet","status":"publish","type":"post","link":"https:\/\/www.pressenza.com\/pt-pt\/2013\/09\/sao-paulo-seminario-discute-liberdade-privacidade-futuro-internet\/","title":{"rendered":"Em S\u00e3o Paulo, semin\u00e1rio discute liberdade, privacidade e o futuro na internet"},"content":{"rendered":"<p>Evento, que ocorre nesta quarta-feira (18), ter\u00e1 a participa\u00e7\u00e3o de Julian Assange, fundador do site WikiLeaks, por videoconfer\u00eancia \u00e0s 19h30<\/p>\n<p>Nesta quarta-feira (18), ocorrer\u00e1 no Centro Cultural S\u00e3o Paulo (CCSP) o semin\u00e1rio \u201cLiberdade, Privacidade e o Futuro da Internet\u201d, a partir das 14 horas. O evento contar\u00e1 com a participa\u00e7\u00e3o, por videoconfer\u00eancia, de Julian Assange, fundador do site WikiLeaks e autor do livro \u201cCypherpunks: liberdade e o futuro da internet\u201d, da editora Boitempo.<\/p>\n<p>Com as recentes den\u00fancias de espionagem divulgadas pelo ex-t\u00e9cnico da Ag\u00eancia Nacional de Seguran\u00e7a dos EUA, Edward Snowden, a discuss\u00e3o sobre liberdade e privacidade na internet ganhou o notici\u00e1rio em todo o Brasil. O evento visa contribuir para a discuss\u00e3o sobre o funcionamento da rede, tr\u00e1fego de informa\u00e7\u00f5es, transpar\u00eancia das institui\u00e7\u00f5es e governo e privacidade de dados.<\/p>\n<p>A programa\u00e7\u00e3o inclui a participa\u00e7\u00e3o de especialistas em tecnologia digital e seguran\u00e7a dos usu\u00e1rios para a troca de informa\u00e7\u00f5es, al\u00e9m de professores de universidades federais e estaduais renomadas e profissionais da imprensa alternativa.<\/p>\n<p>O evento \u00e9 uma correaliza\u00e7\u00e3o da Boitempo Editorial e da Secretaria Municipal de Cultura de S\u00e3o Paulo. Os ingressos para a videoconfer\u00eancia ser\u00e3o entregues durante as atividades da tarde. Os restantes ser\u00e3o distribu\u00eddos a partir das 18h30. O evento \u00e9 p\u00fablico, gratuito e n\u00e3o requer inscri\u00e7\u00e3o.<\/p>\n<p>Por Reda\u00e7\u00e3o do Brasil de Fato<\/p>\n","protected":false},"excerpt":{"rendered":"<p>Evento, que ocorre nesta quarta-feira (18), ter\u00e1 a participa\u00e7\u00e3o de Julian Assange, fundador do site WikiLeaks, por videoconfer\u00eancia \u00e0s 19h30 Nesta quarta-feira (18), ocorrer\u00e1 no Centro Cultural S\u00e3o Paulo (CCSP) o semin\u00e1rio \u201cLiberdade, Privacidade e o Futuro da Internet\u201d, a&hellip;<\/p>\n","protected":false},"author":44,"featured_media":69178,"comment_status":"closed","ping_status":"open","sticky":false,"template":"","format":"standard","meta":{"footnotes":""},"categories":[104,112,42],"tags":[5915,976,6289,6040],"class_list":["post-69177","post","type-post","status-publish","format-standard","has-post-thumbnail","hentry","category-america-do-sul","category-cultura-pt-pt","category-internacional-2","tag-espionagem-eua","tag-internet-pt-pt","tag-julian-assange-pt-pt","tag-marco-civil-internet"],"yoast_head":"<!-- This site is optimized with the Yoast SEO plugin v27.1.1 - https:\/\/yoast.com\/product\/yoast-seo-wordpress\/ -->\n<title>Em S\u00e3o Paulo, semin\u00e1rio discute liberdade, privacidade e o futuro na internet<\/title>\n<meta name=\"description\" content=\"Evento, que ocorre nesta quarta-feira (18), ter\u00e1 a participa\u00e7\u00e3o de Julian Assange, fundador do site WikiLeaks, por videoconfer\u00eancia \u00e0s 19h30 Nesta\" \/>\n<meta name=\"robots\" content=\"index, follow, max-snippet:-1, max-image-preview:large, max-video-preview:-1\" \/>\n<link rel=\"canonical\" href=\"https:\/\/www.pressenza.com\/pt-pt\/2013\/09\/sao-paulo-seminario-discute-liberdade-privacidade-futuro-internet\/\" \/>\n<meta property=\"og:locale\" content=\"pt_PT\" \/>\n<meta property=\"og:type\" content=\"article\" \/>\n<meta property=\"og:title\" content=\"Em S\u00e3o Paulo, semin\u00e1rio discute liberdade, privacidade e o futuro na internet\" \/>\n<meta property=\"og:description\" content=\"Evento, que ocorre nesta quarta-feira (18), ter\u00e1 a participa\u00e7\u00e3o de Julian Assange, fundador do site WikiLeaks, por videoconfer\u00eancia \u00e0s 19h30 Nesta\" \/>\n<meta property=\"og:url\" content=\"https:\/\/www.pressenza.com\/pt-pt\/2013\/09\/sao-paulo-seminario-discute-liberdade-privacidade-futuro-internet\/\" \/>\n<meta property=\"og:site_name\" content=\"Pressenza\" \/>\n<meta property=\"article:publisher\" content=\"https:\/\/www.facebook.com\/PressenzaItalia\" \/>\n<meta property=\"article:author\" content=\"https:\/\/www.facebook.com\/PressenzaPortugues\" \/>\n<meta property=\"article:published_time\" content=\"2013-09-18T01:56:46+00:00\" \/>\n<meta property=\"og:image\" content=\"https:\/\/www.pressenza.com\/wp-content\/uploads\/2013\/09\/julian_assange_reprodu\u00e7\u00e3o.gif\" \/>\n\t<meta property=\"og:image:width\" content=\"660\" \/>\n\t<meta property=\"og:image:height\" content=\"390\" \/>\n\t<meta property=\"og:image:type\" content=\"image\/gif\" \/>\n<meta name=\"author\" content=\"Reda\u00e7\u00e3o S\u00e3o Paulo\" \/>\n<meta name=\"twitter:card\" content=\"summary_large_image\" \/>\n<meta name=\"twitter:creator\" content=\"@pressenza_pt\" \/>\n<meta name=\"twitter:site\" content=\"@PressenzaIPA\" \/>\n<meta name=\"twitter:label1\" content=\"Escrito por\" \/>\n\t<meta name=\"twitter:data1\" content=\"Reda\u00e7\u00e3o S\u00e3o Paulo\" \/>\n\t<meta name=\"twitter:label2\" content=\"Tempo estimado de leitura\" \/>\n\t<meta name=\"twitter:data2\" content=\"1 minuto\" \/>\n<script type=\"application\/ld+json\" class=\"yoast-schema-graph\">{\"@context\":\"https:\/\/schema.org\",\"@graph\":[{\"@type\":\"Article\",\"@id\":\"https:\/\/www.pressenza.com\/pt-pt\/2013\/09\/sao-paulo-seminario-discute-liberdade-privacidade-futuro-internet\/#article\",\"isPartOf\":{\"@id\":\"https:\/\/www.pressenza.com\/pt-pt\/2013\/09\/sao-paulo-seminario-discute-liberdade-privacidade-futuro-internet\/\"},\"author\":{\"name\":\"Reda\u00e7\u00e3o S\u00e3o Paulo\",\"@id\":\"https:\/\/www.pressenza.com\/pt-pt\/#\/schema\/person\/d171826afb7693cfc394da95892bfd93\"},\"headline\":\"Em S\u00e3o Paulo, semin\u00e1rio discute liberdade, privacidade e o futuro na internet\",\"datePublished\":\"2013-09-18T01:56:46+00:00\",\"mainEntityOfPage\":{\"@id\":\"https:\/\/www.pressenza.com\/pt-pt\/2013\/09\/sao-paulo-seminario-discute-liberdade-privacidade-futuro-internet\/\"},\"wordCount\":257,\"publisher\":{\"@id\":\"https:\/\/www.pressenza.com\/pt-pt\/#organization\"},\"image\":{\"@id\":\"https:\/\/www.pressenza.com\/pt-pt\/2013\/09\/sao-paulo-seminario-discute-liberdade-privacidade-futuro-internet\/#primaryimage\"},\"thumbnailUrl\":\"https:\/\/www.pressenza.com\/wp-content\/uploads\/2013\/09\/julian_assange_reprodu\u00e7\u00e3o.gif\",\"keywords\":[\"espionagem eua\",\"Internet\",\"Julian Assange\",\"marco civil internet\"],\"articleSection\":[\"\u00c1m\u00e9rica do Sul\",\"Cultura e M\u00eddia\",\"Internacional\"],\"inLanguage\":\"pt-PT\"},{\"@type\":\"WebPage\",\"@id\":\"https:\/\/www.pressenza.com\/pt-pt\/2013\/09\/sao-paulo-seminario-discute-liberdade-privacidade-futuro-internet\/\",\"url\":\"https:\/\/www.pressenza.com\/pt-pt\/2013\/09\/sao-paulo-seminario-discute-liberdade-privacidade-futuro-internet\/\",\"name\":\"Em S\u00e3o Paulo, semin\u00e1rio discute liberdade, privacidade e o futuro na internet\",\"isPartOf\":{\"@id\":\"https:\/\/www.pressenza.com\/pt-pt\/#website\"},\"primaryImageOfPage\":{\"@id\":\"https:\/\/www.pressenza.com\/pt-pt\/2013\/09\/sao-paulo-seminario-discute-liberdade-privacidade-futuro-internet\/#primaryimage\"},\"image\":{\"@id\":\"https:\/\/www.pressenza.com\/pt-pt\/2013\/09\/sao-paulo-seminario-discute-liberdade-privacidade-futuro-internet\/#primaryimage\"},\"thumbnailUrl\":\"https:\/\/www.pressenza.com\/wp-content\/uploads\/2013\/09\/julian_assange_reprodu\u00e7\u00e3o.gif\",\"datePublished\":\"2013-09-18T01:56:46+00:00\",\"description\":\"Evento, que ocorre nesta quarta-feira (18), ter\u00e1 a participa\u00e7\u00e3o de Julian Assange, fundador do site WikiLeaks, por videoconfer\u00eancia \u00e0s 19h30 Nesta\",\"breadcrumb\":{\"@id\":\"https:\/\/www.pressenza.com\/pt-pt\/2013\/09\/sao-paulo-seminario-discute-liberdade-privacidade-futuro-internet\/#breadcrumb\"},\"inLanguage\":\"pt-PT\",\"potentialAction\":[{\"@type\":\"ReadAction\",\"target\":[\"https:\/\/www.pressenza.com\/pt-pt\/2013\/09\/sao-paulo-seminario-discute-liberdade-privacidade-futuro-internet\/\"]}]},{\"@type\":\"ImageObject\",\"inLanguage\":\"pt-PT\",\"@id\":\"https:\/\/www.pressenza.com\/pt-pt\/2013\/09\/sao-paulo-seminario-discute-liberdade-privacidade-futuro-internet\/#primaryimage\",\"url\":\"https:\/\/www.pressenza.com\/wp-content\/uploads\/2013\/09\/julian_assange_reprodu\u00e7\u00e3o.gif\",\"contentUrl\":\"https:\/\/www.pressenza.com\/wp-content\/uploads\/2013\/09\/julian_assange_reprodu\u00e7\u00e3o.gif\",\"width\":660,\"height\":390},{\"@type\":\"BreadcrumbList\",\"@id\":\"https:\/\/www.pressenza.com\/pt-pt\/2013\/09\/sao-paulo-seminario-discute-liberdade-privacidade-futuro-internet\/#breadcrumb\",\"itemListElement\":[{\"@type\":\"ListItem\",\"position\":1,\"name\":\"Accueil\",\"item\":\"https:\/\/www.pressenza.com\/pt-pt\/\"},{\"@type\":\"ListItem\",\"position\":2,\"name\":\"Em S\u00e3o Paulo, semin\u00e1rio discute liberdade, privacidade e o futuro na internet\"}]},{\"@type\":\"WebSite\",\"@id\":\"https:\/\/www.pressenza.com\/pt-pt\/#website\",\"url\":\"https:\/\/www.pressenza.com\/pt-pt\/\",\"name\":\"Pressenza\",\"description\":\"International Press Agency\",\"publisher\":{\"@id\":\"https:\/\/www.pressenza.com\/pt-pt\/#organization\"},\"potentialAction\":[{\"@type\":\"SearchAction\",\"target\":{\"@type\":\"EntryPoint\",\"urlTemplate\":\"https:\/\/www.pressenza.com\/pt-pt\/?s={search_term_string}\"},\"query-input\":{\"@type\":\"PropertyValueSpecification\",\"valueRequired\":true,\"valueName\":\"search_term_string\"}}],\"inLanguage\":\"pt-PT\"},{\"@type\":\"Organization\",\"@id\":\"https:\/\/www.pressenza.com\/pt-pt\/#organization\",\"name\":\"Pressenza\",\"url\":\"https:\/\/www.pressenza.com\/pt-pt\/\",\"logo\":{\"@type\":\"ImageObject\",\"inLanguage\":\"pt-PT\",\"@id\":\"https:\/\/www.pressenza.com\/pt-pt\/#\/schema\/logo\/image\/\",\"url\":\"https:\/\/www.pressenza.com\/wp-content\/uploads\/2022\/10\/pressenza_logo_200x200.jpg\",\"contentUrl\":\"https:\/\/www.pressenza.com\/wp-content\/uploads\/2022\/10\/pressenza_logo_200x200.jpg\",\"width\":200,\"height\":200,\"caption\":\"Pressenza\"},\"image\":{\"@id\":\"https:\/\/www.pressenza.com\/pt-pt\/#\/schema\/logo\/image\/\"},\"sameAs\":[\"https:\/\/www.facebook.com\/PressenzaItalia\",\"https:\/\/x.com\/PressenzaIPA\"]},{\"@type\":\"Person\",\"@id\":\"https:\/\/www.pressenza.com\/pt-pt\/#\/schema\/person\/d171826afb7693cfc394da95892bfd93\",\"name\":\"Reda\u00e7\u00e3o S\u00e3o Paulo\",\"description\":\"News from the Pressenza bureau in Sao Paulo, Brazil\",\"sameAs\":[\"https:\/\/www.facebook.com\/PressenzaPortugues\",\"https:\/\/x.com\/pressenza_pt\"],\"url\":\"https:\/\/www.pressenza.com\/pt-pt\/author\/redaccao-sao-paulo\/\"}]}<\/script>\n<!-- \/ Yoast SEO plugin. -->","yoast_head_json":{"title":"Em S\u00e3o Paulo, semin\u00e1rio discute liberdade, privacidade e o futuro na internet","description":"Evento, que ocorre nesta quarta-feira (18), ter\u00e1 a participa\u00e7\u00e3o de Julian Assange, fundador do site WikiLeaks, por videoconfer\u00eancia \u00e0s 19h30 Nesta","robots":{"index":"index","follow":"follow","max-snippet":"max-snippet:-1","max-image-preview":"max-image-preview:large","max-video-preview":"max-video-preview:-1"},"canonical":"https:\/\/www.pressenza.com\/pt-pt\/2013\/09\/sao-paulo-seminario-discute-liberdade-privacidade-futuro-internet\/","og_locale":"pt_PT","og_type":"article","og_title":"Em S\u00e3o Paulo, semin\u00e1rio discute liberdade, privacidade e o futuro na internet","og_description":"Evento, que ocorre nesta quarta-feira (18), ter\u00e1 a participa\u00e7\u00e3o de Julian Assange, fundador do site WikiLeaks, por videoconfer\u00eancia \u00e0s 19h30 Nesta","og_url":"https:\/\/www.pressenza.com\/pt-pt\/2013\/09\/sao-paulo-seminario-discute-liberdade-privacidade-futuro-internet\/","og_site_name":"Pressenza","article_publisher":"https:\/\/www.facebook.com\/PressenzaItalia","article_author":"https:\/\/www.facebook.com\/PressenzaPortugues","article_published_time":"2013-09-18T01:56:46+00:00","og_image":[{"width":660,"height":390,"url":"https:\/\/www.pressenza.com\/wp-content\/uploads\/2013\/09\/julian_assange_reprodu\u00e7\u00e3o.gif","type":"image\/gif"}],"author":"Reda\u00e7\u00e3o S\u00e3o Paulo","twitter_card":"summary_large_image","twitter_creator":"@pressenza_pt","twitter_site":"@PressenzaIPA","twitter_misc":{"Escrito por":"Reda\u00e7\u00e3o S\u00e3o Paulo","Tempo estimado de leitura":"1 minuto"},"schema":{"@context":"https:\/\/schema.org","@graph":[{"@type":"Article","@id":"https:\/\/www.pressenza.com\/pt-pt\/2013\/09\/sao-paulo-seminario-discute-liberdade-privacidade-futuro-internet\/#article","isPartOf":{"@id":"https:\/\/www.pressenza.com\/pt-pt\/2013\/09\/sao-paulo-seminario-discute-liberdade-privacidade-futuro-internet\/"},"author":{"name":"Reda\u00e7\u00e3o S\u00e3o Paulo","@id":"https:\/\/www.pressenza.com\/pt-pt\/#\/schema\/person\/d171826afb7693cfc394da95892bfd93"},"headline":"Em S\u00e3o Paulo, semin\u00e1rio discute liberdade, privacidade e o futuro na internet","datePublished":"2013-09-18T01:56:46+00:00","mainEntityOfPage":{"@id":"https:\/\/www.pressenza.com\/pt-pt\/2013\/09\/sao-paulo-seminario-discute-liberdade-privacidade-futuro-internet\/"},"wordCount":257,"publisher":{"@id":"https:\/\/www.pressenza.com\/pt-pt\/#organization"},"image":{"@id":"https:\/\/www.pressenza.com\/pt-pt\/2013\/09\/sao-paulo-seminario-discute-liberdade-privacidade-futuro-internet\/#primaryimage"},"thumbnailUrl":"https:\/\/www.pressenza.com\/wp-content\/uploads\/2013\/09\/julian_assange_reprodu\u00e7\u00e3o.gif","keywords":["espionagem eua","Internet","Julian Assange","marco civil internet"],"articleSection":["\u00c1m\u00e9rica do Sul","Cultura e M\u00eddia","Internacional"],"inLanguage":"pt-PT"},{"@type":"WebPage","@id":"https:\/\/www.pressenza.com\/pt-pt\/2013\/09\/sao-paulo-seminario-discute-liberdade-privacidade-futuro-internet\/","url":"https:\/\/www.pressenza.com\/pt-pt\/2013\/09\/sao-paulo-seminario-discute-liberdade-privacidade-futuro-internet\/","name":"Em S\u00e3o Paulo, semin\u00e1rio discute liberdade, privacidade e o futuro na internet","isPartOf":{"@id":"https:\/\/www.pressenza.com\/pt-pt\/#website"},"primaryImageOfPage":{"@id":"https:\/\/www.pressenza.com\/pt-pt\/2013\/09\/sao-paulo-seminario-discute-liberdade-privacidade-futuro-internet\/#primaryimage"},"image":{"@id":"https:\/\/www.pressenza.com\/pt-pt\/2013\/09\/sao-paulo-seminario-discute-liberdade-privacidade-futuro-internet\/#primaryimage"},"thumbnailUrl":"https:\/\/www.pressenza.com\/wp-content\/uploads\/2013\/09\/julian_assange_reprodu\u00e7\u00e3o.gif","datePublished":"2013-09-18T01:56:46+00:00","description":"Evento, que ocorre nesta quarta-feira (18), ter\u00e1 a participa\u00e7\u00e3o de Julian Assange, fundador do site WikiLeaks, por videoconfer\u00eancia \u00e0s 19h30 Nesta","breadcrumb":{"@id":"https:\/\/www.pressenza.com\/pt-pt\/2013\/09\/sao-paulo-seminario-discute-liberdade-privacidade-futuro-internet\/#breadcrumb"},"inLanguage":"pt-PT","potentialAction":[{"@type":"ReadAction","target":["https:\/\/www.pressenza.com\/pt-pt\/2013\/09\/sao-paulo-seminario-discute-liberdade-privacidade-futuro-internet\/"]}]},{"@type":"ImageObject","inLanguage":"pt-PT","@id":"https:\/\/www.pressenza.com\/pt-pt\/2013\/09\/sao-paulo-seminario-discute-liberdade-privacidade-futuro-internet\/#primaryimage","url":"https:\/\/www.pressenza.com\/wp-content\/uploads\/2013\/09\/julian_assange_reprodu\u00e7\u00e3o.gif","contentUrl":"https:\/\/www.pressenza.com\/wp-content\/uploads\/2013\/09\/julian_assange_reprodu\u00e7\u00e3o.gif","width":660,"height":390},{"@type":"BreadcrumbList","@id":"https:\/\/www.pressenza.com\/pt-pt\/2013\/09\/sao-paulo-seminario-discute-liberdade-privacidade-futuro-internet\/#breadcrumb","itemListElement":[{"@type":"ListItem","position":1,"name":"Accueil","item":"https:\/\/www.pressenza.com\/pt-pt\/"},{"@type":"ListItem","position":2,"name":"Em S\u00e3o Paulo, semin\u00e1rio discute liberdade, privacidade e o futuro na internet"}]},{"@type":"WebSite","@id":"https:\/\/www.pressenza.com\/pt-pt\/#website","url":"https:\/\/www.pressenza.com\/pt-pt\/","name":"Pressenza","description":"International Press Agency","publisher":{"@id":"https:\/\/www.pressenza.com\/pt-pt\/#organization"},"potentialAction":[{"@type":"SearchAction","target":{"@type":"EntryPoint","urlTemplate":"https:\/\/www.pressenza.com\/pt-pt\/?s={search_term_string}"},"query-input":{"@type":"PropertyValueSpecification","valueRequired":true,"valueName":"search_term_string"}}],"inLanguage":"pt-PT"},{"@type":"Organization","@id":"https:\/\/www.pressenza.com\/pt-pt\/#organization","name":"Pressenza","url":"https:\/\/www.pressenza.com\/pt-pt\/","logo":{"@type":"ImageObject","inLanguage":"pt-PT","@id":"https:\/\/www.pressenza.com\/pt-pt\/#\/schema\/logo\/image\/","url":"https:\/\/www.pressenza.com\/wp-content\/uploads\/2022\/10\/pressenza_logo_200x200.jpg","contentUrl":"https:\/\/www.pressenza.com\/wp-content\/uploads\/2022\/10\/pressenza_logo_200x200.jpg","width":200,"height":200,"caption":"Pressenza"},"image":{"@id":"https:\/\/www.pressenza.com\/pt-pt\/#\/schema\/logo\/image\/"},"sameAs":["https:\/\/www.facebook.com\/PressenzaItalia","https:\/\/x.com\/PressenzaIPA"]},{"@type":"Person","@id":"https:\/\/www.pressenza.com\/pt-pt\/#\/schema\/person\/d171826afb7693cfc394da95892bfd93","name":"Reda\u00e7\u00e3o S\u00e3o Paulo","description":"News from the Pressenza bureau in Sao Paulo, Brazil","sameAs":["https:\/\/www.facebook.com\/PressenzaPortugues","https:\/\/x.com\/pressenza_pt"],"url":"https:\/\/www.pressenza.com\/pt-pt\/author\/redaccao-sao-paulo\/"}]}},"place":"","original_article_url":"","_links":{"self":[{"href":"https:\/\/www.pressenza.com\/pt-pt\/wp-json\/wp\/v2\/posts\/69177","targetHints":{"allow":["GET"]}}],"collection":[{"href":"https:\/\/www.pressenza.com\/pt-pt\/wp-json\/wp\/v2\/posts"}],"about":[{"href":"https:\/\/www.pressenza.com\/pt-pt\/wp-json\/wp\/v2\/types\/post"}],"author":[{"embeddable":true,"href":"https:\/\/www.pressenza.com\/pt-pt\/wp-json\/wp\/v2\/users\/44"}],"replies":[{"embeddable":true,"href":"https:\/\/www.pressenza.com\/pt-pt\/wp-json\/wp\/v2\/comments?post=69177"}],"version-history":[{"count":0,"href":"https:\/\/www.pressenza.com\/pt-pt\/wp-json\/wp\/v2\/posts\/69177\/revisions"}],"wp:featuredmedia":[{"embeddable":true,"href":"https:\/\/www.pressenza.com\/pt-pt\/wp-json\/wp\/v2\/media\/69178"}],"wp:attachment":[{"href":"https:\/\/www.pressenza.com\/pt-pt\/wp-json\/wp\/v2\/media?parent=69177"}],"wp:term":[{"taxonomy":"category","embeddable":true,"href":"https:\/\/www.pressenza.com\/pt-pt\/wp-json\/wp\/v2\/categories?post=69177"},{"taxonomy":"post_tag","embeddable":true,"href":"https:\/\/www.pressenza.com\/pt-pt\/wp-json\/wp\/v2\/tags?post=69177"}],"curies":[{"name":"wp","href":"https:\/\/api.w.org\/{rel}","templated":true}]}}