{"id":678543,"date":"2018-07-17T11:12:16","date_gmt":"2018-07-17T10:12:16","guid":{"rendered":"https:\/\/www.pressenza.com\/?p=678543"},"modified":"2018-07-16T23:16:17","modified_gmt":"2018-07-16T22:16:17","slug":"forum-realiza-ato-por-marielle-e-cobra-atendimento-a-mulher-na-baixada-fluminense","status":"publish","type":"post","link":"https:\/\/www.pressenza.com\/pt-pt\/2018\/07\/forum-realiza-ato-por-marielle-e-cobra-atendimento-a-mulher-na-baixada-fluminense\/","title":{"rendered":"F\u00f3rum realiza ato por Marielle e cobra atendimento \u00e0 mulher na Baixada Fluminense"},"content":{"rendered":"<p><em>Por<strong> Fabiana Sampaio | Brasil de Fato<\/strong><\/em><\/p>\n<p>No dia em que se completaram quatro meses do assassinato da vereadora Marielle Franco, mulheres da Baixada Fluminense cobraram refor\u00e7o de pol\u00edticas p\u00fablicas de enfrentamento \u00e0 viol\u00eancia contra a mulher.<\/p>\n<p>Um ato realizado em Nova Igua\u00e7u, por integrantes do F\u00f3rum regional dos Direitos da Mulher da Baixada, reivindicou a volta do atendimento do CIAM, Centro Integrado de Atendimento \u00e0 Mulher, do Governo do Estado, no antigo espa\u00e7o do servi\u00e7o.<\/p>\n<p>O ato aconteceu em frente ao pr\u00e9dio onde funcionou o CIAM da Baixada. O centro prestava atendimento a v\u00edtimas de viol\u00eancia, com uma rede de apoio contando com v\u00e1rias especialidades e atendimento a diversas demandas.<\/p>\n<p>Lembrando a luta de Marielle, elas pediram a reforma e retomada do pr\u00e9dio, que, desde novembro do ano\u00a0passado \u00e9 ocupado por uma ONG da \u00e1rea cultural.<\/p>\n<p>De acordo com Luciene Medeiros, integrante do F\u00f3rum, o governo estadual acabou permitindo o desmonte do espa\u00e7o constru\u00eddo em 2008. Atualmente, segundo ela, uma pequena equipe atende em uma sala nos fundos de uma delegacia da cidade.<\/p>\n<p>Iara Tavares, assistente social, que trabalhou por quatro anos no Ciam Baixada, destacou o atendimento multidisciplinar que o Centro oferecia e que agora est\u00e1 prejudicado.<\/p>\n<p>A coordenadora de Comunica\u00e7\u00e3o da Casa Fluminense, rede de coletivos que atua na constru\u00e7\u00e3o de Pol\u00edticas P\u00fablicas, Aline Souza, citou a import\u00e2ncia de a\u00e7\u00f5es em uma regi\u00e3o com alto \u00edndice de viol\u00eancia contra a mulher.<\/p>\n<p>Alexandre Gomes, produtor cultural respons\u00e1vel pela ONG Escola Livre Fama, que atua h\u00e1 17 anos na Baixada, relata que muitos alunos, moradores da regi\u00e3o, reclamavam do abandono do espa\u00e7o, que acabou sendo invadido por usu\u00e1rios de crack antes da ONG cultural ir para l\u00e1.<\/p>\n<p>Ele disse que n\u00e3o se op\u00f5e a uma negocia\u00e7\u00e3o para sair do pr\u00e9dio desde que o governo d\u00ea condi\u00e7\u00f5es para que o trabalho da ONG continue em outro local. A ONG oferece gratuitamente, para os jovens da Baixada, cursos de maquiagem art\u00edstica, fotografia para cinema, teatro e outros.<\/p>\n<p>A Secretaria de Estado de Direitos Humanos e Pol\u00edticas para Mulheres e Idosos (SEDHMI), atrav\u00e9s da Subsecretaria de Pol\u00edticas para Mulheres, informa que em nenhum momento houve interrup\u00e7\u00e3o do atendimento oferecido pelo CIAM Baixada.<\/p>\n<p>Segundo a nota, desde novembro de 2017, o Centro funciona em novo endere\u00e7o, no bairro da \u00a0Posse, em Nova Igua\u00e7u, em parceria com a Funda\u00e7\u00e3o da Crian\u00e7a e Adolescente. E ressaltou \u00a0que a escolha do novo espa\u00e7o objetivou \u00a0atender as diretrizes espec\u00edficas para o funcionamento dos CIAMs e possibilitar o atendimento adequado \u00e0 mulher em situa\u00e7\u00e3o de viol\u00eancia.<\/p>\n","protected":false},"excerpt":{"rendered":"<p>Por Fabiana Sampaio | Brasil de Fato No dia em que se completaram quatro meses do assassinato da vereadora Marielle Franco, mulheres da Baixada Fluminense cobraram refor\u00e7o de pol\u00edticas p\u00fablicas de enfrentamento \u00e0 viol\u00eancia contra a mulher. Um ato realizado&hellip;<\/p>\n","protected":false},"author":44,"featured_media":678545,"comment_status":"closed","ping_status":"closed","sticky":false,"template":"","format":"standard","meta":{"footnotes":""},"categories":[104,1255,111],"tags":[48090,2744,48091,35618],"class_list":["post-678543","post","type-post","status-publish","format-standard","has-post-thumbnail","hentry","category-america-do-sul","category-diversidade","category-politica-pt-pt","tag-baixada-fluminense","tag-brasil","tag-ciam","tag-marielle-franco"],"yoast_head":"<!-- This site is optimized with the Yoast SEO plugin v27.1.1 - https:\/\/yoast.com\/product\/yoast-seo-wordpress\/ -->\n<title>F\u00f3rum realiza ato por Marielle e cobra atendimento \u00e0 mulher na Baixada Fluminense<\/title>\n<meta name=\"description\" content=\"Por Fabiana Sampaio | Brasil de Fato No dia em que se completaram quatro meses do assassinato da vereadora Marielle Franco, mulheres da Baixada Fluminense\" \/>\n<meta name=\"robots\" content=\"index, follow, max-snippet:-1, max-image-preview:large, max-video-preview:-1\" \/>\n<link rel=\"canonical\" href=\"https:\/\/www.pressenza.com\/pt-pt\/2018\/07\/forum-realiza-ato-por-marielle-e-cobra-atendimento-a-mulher-na-baixada-fluminense\/\" \/>\n<meta property=\"og:locale\" content=\"pt_PT\" \/>\n<meta property=\"og:type\" content=\"article\" \/>\n<meta property=\"og:title\" content=\"F\u00f3rum realiza ato por Marielle e cobra atendimento \u00e0 mulher na Baixada Fluminense\" \/>\n<meta property=\"og:description\" content=\"Por Fabiana Sampaio | Brasil de Fato No dia em que se completaram quatro meses do assassinato da vereadora Marielle Franco, mulheres da Baixada Fluminense\" \/>\n<meta property=\"og:url\" content=\"https:\/\/www.pressenza.com\/pt-pt\/2018\/07\/forum-realiza-ato-por-marielle-e-cobra-atendimento-a-mulher-na-baixada-fluminense\/\" \/>\n<meta property=\"og:site_name\" content=\"Pressenza\" \/>\n<meta property=\"article:publisher\" content=\"https:\/\/www.facebook.com\/PressenzaItalia\" \/>\n<meta property=\"article:author\" content=\"https:\/\/www.facebook.com\/PressenzaPortugues\" \/>\n<meta property=\"article:published_time\" content=\"2018-07-17T10:12:16+00:00\" \/>\n<meta property=\"og:image\" content=\"https:\/\/www.pressenza.com\/wp-content\/uploads\/2018\/07\/marielle-marcelo-camargo.jpg\" \/>\n\t<meta property=\"og:image:width\" content=\"720\" \/>\n\t<meta property=\"og:image:height\" content=\"480\" \/>\n\t<meta property=\"og:image:type\" content=\"image\/jpeg\" \/>\n<meta name=\"author\" content=\"Reda\u00e7\u00e3o S\u00e3o Paulo\" \/>\n<meta name=\"twitter:card\" content=\"summary_large_image\" \/>\n<meta name=\"twitter:creator\" content=\"@pressenza_pt\" \/>\n<meta name=\"twitter:site\" content=\"@PressenzaIPA\" \/>\n<meta name=\"twitter:label1\" content=\"Escrito por\" \/>\n\t<meta name=\"twitter:data1\" content=\"Reda\u00e7\u00e3o S\u00e3o Paulo\" \/>\n\t<meta name=\"twitter:label2\" content=\"Tempo estimado de leitura\" \/>\n\t<meta name=\"twitter:data2\" content=\"2 minutos\" \/>\n<script type=\"application\/ld+json\" class=\"yoast-schema-graph\">{\"@context\":\"https:\/\/schema.org\",\"@graph\":[{\"@type\":\"Article\",\"@id\":\"https:\/\/www.pressenza.com\/pt-pt\/2018\/07\/forum-realiza-ato-por-marielle-e-cobra-atendimento-a-mulher-na-baixada-fluminense\/#article\",\"isPartOf\":{\"@id\":\"https:\/\/www.pressenza.com\/pt-pt\/2018\/07\/forum-realiza-ato-por-marielle-e-cobra-atendimento-a-mulher-na-baixada-fluminense\/\"},\"author\":{\"name\":\"Reda\u00e7\u00e3o S\u00e3o Paulo\",\"@id\":\"https:\/\/www.pressenza.com\/pt-pt\/#\/schema\/person\/d171826afb7693cfc394da95892bfd93\"},\"headline\":\"F\u00f3rum realiza ato por Marielle e cobra atendimento \u00e0 mulher na Baixada Fluminense\",\"datePublished\":\"2018-07-17T10:12:16+00:00\",\"mainEntityOfPage\":{\"@id\":\"https:\/\/www.pressenza.com\/pt-pt\/2018\/07\/forum-realiza-ato-por-marielle-e-cobra-atendimento-a-mulher-na-baixada-fluminense\/\"},\"wordCount\":470,\"publisher\":{\"@id\":\"https:\/\/www.pressenza.com\/pt-pt\/#organization\"},\"image\":{\"@id\":\"https:\/\/www.pressenza.com\/pt-pt\/2018\/07\/forum-realiza-ato-por-marielle-e-cobra-atendimento-a-mulher-na-baixada-fluminense\/#primaryimage\"},\"thumbnailUrl\":\"https:\/\/www.pressenza.com\/wp-content\/uploads\/2018\/07\/marielle-marcelo-camargo.jpg\",\"keywords\":[\"Baixada Fluminense\",\"Brasil\",\"CIAM\",\"Marielle Franco\"],\"articleSection\":[\"\u00c1m\u00e9rica do Sul\",\"Diversidade\",\"Pol\u00edtica\"],\"inLanguage\":\"pt-PT\"},{\"@type\":\"WebPage\",\"@id\":\"https:\/\/www.pressenza.com\/pt-pt\/2018\/07\/forum-realiza-ato-por-marielle-e-cobra-atendimento-a-mulher-na-baixada-fluminense\/\",\"url\":\"https:\/\/www.pressenza.com\/pt-pt\/2018\/07\/forum-realiza-ato-por-marielle-e-cobra-atendimento-a-mulher-na-baixada-fluminense\/\",\"name\":\"F\u00f3rum realiza ato por Marielle e cobra atendimento \u00e0 mulher na Baixada Fluminense\",\"isPartOf\":{\"@id\":\"https:\/\/www.pressenza.com\/pt-pt\/#website\"},\"primaryImageOfPage\":{\"@id\":\"https:\/\/www.pressenza.com\/pt-pt\/2018\/07\/forum-realiza-ato-por-marielle-e-cobra-atendimento-a-mulher-na-baixada-fluminense\/#primaryimage\"},\"image\":{\"@id\":\"https:\/\/www.pressenza.com\/pt-pt\/2018\/07\/forum-realiza-ato-por-marielle-e-cobra-atendimento-a-mulher-na-baixada-fluminense\/#primaryimage\"},\"thumbnailUrl\":\"https:\/\/www.pressenza.com\/wp-content\/uploads\/2018\/07\/marielle-marcelo-camargo.jpg\",\"datePublished\":\"2018-07-17T10:12:16+00:00\",\"description\":\"Por Fabiana Sampaio | Brasil de Fato No dia em que se completaram quatro meses do assassinato da vereadora Marielle Franco, mulheres da Baixada Fluminense\",\"breadcrumb\":{\"@id\":\"https:\/\/www.pressenza.com\/pt-pt\/2018\/07\/forum-realiza-ato-por-marielle-e-cobra-atendimento-a-mulher-na-baixada-fluminense\/#breadcrumb\"},\"inLanguage\":\"pt-PT\",\"potentialAction\":[{\"@type\":\"ReadAction\",\"target\":[\"https:\/\/www.pressenza.com\/pt-pt\/2018\/07\/forum-realiza-ato-por-marielle-e-cobra-atendimento-a-mulher-na-baixada-fluminense\/\"]}]},{\"@type\":\"ImageObject\",\"inLanguage\":\"pt-PT\",\"@id\":\"https:\/\/www.pressenza.com\/pt-pt\/2018\/07\/forum-realiza-ato-por-marielle-e-cobra-atendimento-a-mulher-na-baixada-fluminense\/#primaryimage\",\"url\":\"https:\/\/www.pressenza.com\/wp-content\/uploads\/2018\/07\/marielle-marcelo-camargo.jpg\",\"contentUrl\":\"https:\/\/www.pressenza.com\/wp-content\/uploads\/2018\/07\/marielle-marcelo-camargo.jpg\",\"width\":720,\"height\":480},{\"@type\":\"BreadcrumbList\",\"@id\":\"https:\/\/www.pressenza.com\/pt-pt\/2018\/07\/forum-realiza-ato-por-marielle-e-cobra-atendimento-a-mulher-na-baixada-fluminense\/#breadcrumb\",\"itemListElement\":[{\"@type\":\"ListItem\",\"position\":1,\"name\":\"Accueil\",\"item\":\"https:\/\/www.pressenza.com\/pt-pt\/\"},{\"@type\":\"ListItem\",\"position\":2,\"name\":\"F\u00f3rum realiza ato por Marielle e cobra atendimento \u00e0 mulher na Baixada Fluminense\"}]},{\"@type\":\"WebSite\",\"@id\":\"https:\/\/www.pressenza.com\/pt-pt\/#website\",\"url\":\"https:\/\/www.pressenza.com\/pt-pt\/\",\"name\":\"Pressenza\",\"description\":\"International Press Agency\",\"publisher\":{\"@id\":\"https:\/\/www.pressenza.com\/pt-pt\/#organization\"},\"potentialAction\":[{\"@type\":\"SearchAction\",\"target\":{\"@type\":\"EntryPoint\",\"urlTemplate\":\"https:\/\/www.pressenza.com\/pt-pt\/?s={search_term_string}\"},\"query-input\":{\"@type\":\"PropertyValueSpecification\",\"valueRequired\":true,\"valueName\":\"search_term_string\"}}],\"inLanguage\":\"pt-PT\"},{\"@type\":\"Organization\",\"@id\":\"https:\/\/www.pressenza.com\/pt-pt\/#organization\",\"name\":\"Pressenza\",\"url\":\"https:\/\/www.pressenza.com\/pt-pt\/\",\"logo\":{\"@type\":\"ImageObject\",\"inLanguage\":\"pt-PT\",\"@id\":\"https:\/\/www.pressenza.com\/pt-pt\/#\/schema\/logo\/image\/\",\"url\":\"https:\/\/www.pressenza.com\/wp-content\/uploads\/2022\/10\/pressenza_logo_200x200.jpg\",\"contentUrl\":\"https:\/\/www.pressenza.com\/wp-content\/uploads\/2022\/10\/pressenza_logo_200x200.jpg\",\"width\":200,\"height\":200,\"caption\":\"Pressenza\"},\"image\":{\"@id\":\"https:\/\/www.pressenza.com\/pt-pt\/#\/schema\/logo\/image\/\"},\"sameAs\":[\"https:\/\/www.facebook.com\/PressenzaItalia\",\"https:\/\/x.com\/PressenzaIPA\"]},{\"@type\":\"Person\",\"@id\":\"https:\/\/www.pressenza.com\/pt-pt\/#\/schema\/person\/d171826afb7693cfc394da95892bfd93\",\"name\":\"Reda\u00e7\u00e3o S\u00e3o Paulo\",\"description\":\"News from the Pressenza bureau in Sao Paulo, Brazil\",\"sameAs\":[\"https:\/\/www.facebook.com\/PressenzaPortugues\",\"https:\/\/x.com\/pressenza_pt\"],\"url\":\"https:\/\/www.pressenza.com\/pt-pt\/author\/redaccao-sao-paulo\/\"}]}<\/script>\n<!-- \/ Yoast SEO plugin. -->","yoast_head_json":{"title":"F\u00f3rum realiza ato por Marielle e cobra atendimento \u00e0 mulher na Baixada Fluminense","description":"Por Fabiana Sampaio | Brasil de Fato No dia em que se completaram quatro meses do assassinato da vereadora Marielle Franco, mulheres da Baixada Fluminense","robots":{"index":"index","follow":"follow","max-snippet":"max-snippet:-1","max-image-preview":"max-image-preview:large","max-video-preview":"max-video-preview:-1"},"canonical":"https:\/\/www.pressenza.com\/pt-pt\/2018\/07\/forum-realiza-ato-por-marielle-e-cobra-atendimento-a-mulher-na-baixada-fluminense\/","og_locale":"pt_PT","og_type":"article","og_title":"F\u00f3rum realiza ato por Marielle e cobra atendimento \u00e0 mulher na Baixada Fluminense","og_description":"Por Fabiana Sampaio | Brasil de Fato No dia em que se completaram quatro meses do assassinato da vereadora Marielle Franco, mulheres da Baixada Fluminense","og_url":"https:\/\/www.pressenza.com\/pt-pt\/2018\/07\/forum-realiza-ato-por-marielle-e-cobra-atendimento-a-mulher-na-baixada-fluminense\/","og_site_name":"Pressenza","article_publisher":"https:\/\/www.facebook.com\/PressenzaItalia","article_author":"https:\/\/www.facebook.com\/PressenzaPortugues","article_published_time":"2018-07-17T10:12:16+00:00","og_image":[{"width":720,"height":480,"url":"https:\/\/www.pressenza.com\/wp-content\/uploads\/2018\/07\/marielle-marcelo-camargo.jpg","type":"image\/jpeg"}],"author":"Reda\u00e7\u00e3o S\u00e3o Paulo","twitter_card":"summary_large_image","twitter_creator":"@pressenza_pt","twitter_site":"@PressenzaIPA","twitter_misc":{"Escrito por":"Reda\u00e7\u00e3o S\u00e3o Paulo","Tempo estimado de leitura":"2 minutos"},"schema":{"@context":"https:\/\/schema.org","@graph":[{"@type":"Article","@id":"https:\/\/www.pressenza.com\/pt-pt\/2018\/07\/forum-realiza-ato-por-marielle-e-cobra-atendimento-a-mulher-na-baixada-fluminense\/#article","isPartOf":{"@id":"https:\/\/www.pressenza.com\/pt-pt\/2018\/07\/forum-realiza-ato-por-marielle-e-cobra-atendimento-a-mulher-na-baixada-fluminense\/"},"author":{"name":"Reda\u00e7\u00e3o S\u00e3o Paulo","@id":"https:\/\/www.pressenza.com\/pt-pt\/#\/schema\/person\/d171826afb7693cfc394da95892bfd93"},"headline":"F\u00f3rum realiza ato por Marielle e cobra atendimento \u00e0 mulher na Baixada Fluminense","datePublished":"2018-07-17T10:12:16+00:00","mainEntityOfPage":{"@id":"https:\/\/www.pressenza.com\/pt-pt\/2018\/07\/forum-realiza-ato-por-marielle-e-cobra-atendimento-a-mulher-na-baixada-fluminense\/"},"wordCount":470,"publisher":{"@id":"https:\/\/www.pressenza.com\/pt-pt\/#organization"},"image":{"@id":"https:\/\/www.pressenza.com\/pt-pt\/2018\/07\/forum-realiza-ato-por-marielle-e-cobra-atendimento-a-mulher-na-baixada-fluminense\/#primaryimage"},"thumbnailUrl":"https:\/\/www.pressenza.com\/wp-content\/uploads\/2018\/07\/marielle-marcelo-camargo.jpg","keywords":["Baixada Fluminense","Brasil","CIAM","Marielle Franco"],"articleSection":["\u00c1m\u00e9rica do Sul","Diversidade","Pol\u00edtica"],"inLanguage":"pt-PT"},{"@type":"WebPage","@id":"https:\/\/www.pressenza.com\/pt-pt\/2018\/07\/forum-realiza-ato-por-marielle-e-cobra-atendimento-a-mulher-na-baixada-fluminense\/","url":"https:\/\/www.pressenza.com\/pt-pt\/2018\/07\/forum-realiza-ato-por-marielle-e-cobra-atendimento-a-mulher-na-baixada-fluminense\/","name":"F\u00f3rum realiza ato por Marielle e cobra atendimento \u00e0 mulher na Baixada Fluminense","isPartOf":{"@id":"https:\/\/www.pressenza.com\/pt-pt\/#website"},"primaryImageOfPage":{"@id":"https:\/\/www.pressenza.com\/pt-pt\/2018\/07\/forum-realiza-ato-por-marielle-e-cobra-atendimento-a-mulher-na-baixada-fluminense\/#primaryimage"},"image":{"@id":"https:\/\/www.pressenza.com\/pt-pt\/2018\/07\/forum-realiza-ato-por-marielle-e-cobra-atendimento-a-mulher-na-baixada-fluminense\/#primaryimage"},"thumbnailUrl":"https:\/\/www.pressenza.com\/wp-content\/uploads\/2018\/07\/marielle-marcelo-camargo.jpg","datePublished":"2018-07-17T10:12:16+00:00","description":"Por Fabiana Sampaio | Brasil de Fato No dia em que se completaram quatro meses do assassinato da vereadora Marielle Franco, mulheres da Baixada Fluminense","breadcrumb":{"@id":"https:\/\/www.pressenza.com\/pt-pt\/2018\/07\/forum-realiza-ato-por-marielle-e-cobra-atendimento-a-mulher-na-baixada-fluminense\/#breadcrumb"},"inLanguage":"pt-PT","potentialAction":[{"@type":"ReadAction","target":["https:\/\/www.pressenza.com\/pt-pt\/2018\/07\/forum-realiza-ato-por-marielle-e-cobra-atendimento-a-mulher-na-baixada-fluminense\/"]}]},{"@type":"ImageObject","inLanguage":"pt-PT","@id":"https:\/\/www.pressenza.com\/pt-pt\/2018\/07\/forum-realiza-ato-por-marielle-e-cobra-atendimento-a-mulher-na-baixada-fluminense\/#primaryimage","url":"https:\/\/www.pressenza.com\/wp-content\/uploads\/2018\/07\/marielle-marcelo-camargo.jpg","contentUrl":"https:\/\/www.pressenza.com\/wp-content\/uploads\/2018\/07\/marielle-marcelo-camargo.jpg","width":720,"height":480},{"@type":"BreadcrumbList","@id":"https:\/\/www.pressenza.com\/pt-pt\/2018\/07\/forum-realiza-ato-por-marielle-e-cobra-atendimento-a-mulher-na-baixada-fluminense\/#breadcrumb","itemListElement":[{"@type":"ListItem","position":1,"name":"Accueil","item":"https:\/\/www.pressenza.com\/pt-pt\/"},{"@type":"ListItem","position":2,"name":"F\u00f3rum realiza ato por Marielle e cobra atendimento \u00e0 mulher na Baixada Fluminense"}]},{"@type":"WebSite","@id":"https:\/\/www.pressenza.com\/pt-pt\/#website","url":"https:\/\/www.pressenza.com\/pt-pt\/","name":"Pressenza","description":"International Press Agency","publisher":{"@id":"https:\/\/www.pressenza.com\/pt-pt\/#organization"},"potentialAction":[{"@type":"SearchAction","target":{"@type":"EntryPoint","urlTemplate":"https:\/\/www.pressenza.com\/pt-pt\/?s={search_term_string}"},"query-input":{"@type":"PropertyValueSpecification","valueRequired":true,"valueName":"search_term_string"}}],"inLanguage":"pt-PT"},{"@type":"Organization","@id":"https:\/\/www.pressenza.com\/pt-pt\/#organization","name":"Pressenza","url":"https:\/\/www.pressenza.com\/pt-pt\/","logo":{"@type":"ImageObject","inLanguage":"pt-PT","@id":"https:\/\/www.pressenza.com\/pt-pt\/#\/schema\/logo\/image\/","url":"https:\/\/www.pressenza.com\/wp-content\/uploads\/2022\/10\/pressenza_logo_200x200.jpg","contentUrl":"https:\/\/www.pressenza.com\/wp-content\/uploads\/2022\/10\/pressenza_logo_200x200.jpg","width":200,"height":200,"caption":"Pressenza"},"image":{"@id":"https:\/\/www.pressenza.com\/pt-pt\/#\/schema\/logo\/image\/"},"sameAs":["https:\/\/www.facebook.com\/PressenzaItalia","https:\/\/x.com\/PressenzaIPA"]},{"@type":"Person","@id":"https:\/\/www.pressenza.com\/pt-pt\/#\/schema\/person\/d171826afb7693cfc394da95892bfd93","name":"Reda\u00e7\u00e3o S\u00e3o Paulo","description":"News from the Pressenza bureau in Sao Paulo, Brazil","sameAs":["https:\/\/www.facebook.com\/PressenzaPortugues","https:\/\/x.com\/pressenza_pt"],"url":"https:\/\/www.pressenza.com\/pt-pt\/author\/redaccao-sao-paulo\/"}]}},"place":"Rio de Janeiro, Brasil","original_article_url":"https:\/\/www.brasildefato.com.br\/2018\/07\/16\/forum-realiza-ato-por-marielle-e-cobra-atendimento-a-mulher-na-baixada-fluminense\/","_links":{"self":[{"href":"https:\/\/www.pressenza.com\/pt-pt\/wp-json\/wp\/v2\/posts\/678543","targetHints":{"allow":["GET"]}}],"collection":[{"href":"https:\/\/www.pressenza.com\/pt-pt\/wp-json\/wp\/v2\/posts"}],"about":[{"href":"https:\/\/www.pressenza.com\/pt-pt\/wp-json\/wp\/v2\/types\/post"}],"author":[{"embeddable":true,"href":"https:\/\/www.pressenza.com\/pt-pt\/wp-json\/wp\/v2\/users\/44"}],"replies":[{"embeddable":true,"href":"https:\/\/www.pressenza.com\/pt-pt\/wp-json\/wp\/v2\/comments?post=678543"}],"version-history":[{"count":0,"href":"https:\/\/www.pressenza.com\/pt-pt\/wp-json\/wp\/v2\/posts\/678543\/revisions"}],"wp:featuredmedia":[{"embeddable":true,"href":"https:\/\/www.pressenza.com\/pt-pt\/wp-json\/wp\/v2\/media\/678545"}],"wp:attachment":[{"href":"https:\/\/www.pressenza.com\/pt-pt\/wp-json\/wp\/v2\/media?parent=678543"}],"wp:term":[{"taxonomy":"category","embeddable":true,"href":"https:\/\/www.pressenza.com\/pt-pt\/wp-json\/wp\/v2\/categories?post=678543"},{"taxonomy":"post_tag","embeddable":true,"href":"https:\/\/www.pressenza.com\/pt-pt\/wp-json\/wp\/v2\/tags?post=678543"}],"curies":[{"name":"wp","href":"https:\/\/api.w.org\/{rel}","templated":true}]}}