{"id":67686,"date":"2013-09-08T02:48:24","date_gmt":"2013-09-08T01:48:24","guid":{"rendered":"http:\/\/www.pressenza.com\/?p=67686"},"modified":"2013-09-08T02:48:24","modified_gmt":"2013-09-08T01:48:24","slug":"lula-video-obama-desculpar-mundo-espionagem","status":"publish","type":"post","link":"https:\/\/www.pressenza.com\/pt-pt\/2013\/09\/lula-video-obama-desculpar-mundo-espionagem\/","title":{"rendered":"Lula em v\u00eddeo: &#8220;Obama deve se desculpar com o mundo por espionagem&#8221;"},"content":{"rendered":"<p><iframe loading=\"lazy\" src=\"\/\/www.youtube.com\/embed\/CvcXm1LdryQ\" height=\"360\" width=\"480\" allowfullscreen=\"\" frameborder=\"0\"><\/iframe><\/p>\n<p>Bras\u00edlia &#8211; Em entrevista ao jornal indiano \u2018The Hindu\u2019, que ser\u00e1 publicada nos pr\u00f3ximos dias, o ex-presidente Luiz In\u00e1cio Lula da Silva enviou um recado a Barack Obama: \u201cO presidente dos Estados Unidos deveria pedir desculpas ao mundo\u201d.<\/p>\n<p>O ex-presidente brasileiro ainda fez uma recomenda\u00e7\u00e3o aos pa\u00edses que de fato queiram se manter soberanos: eles t\u00eam que criar seus pr\u00f3prios sistemas de comunica\u00e7\u00e3o, e n\u00e3o ficar na depend\u00eancia dos demais.<\/p>\n<p>As declara\u00e7\u00f5es foram dadas ao jornalista indiano Shobhan Saxena. O jornalista, referindo-se a Lula como um &#8220;estadista global&#8221;, pediu sua opini\u00e3o sobre as recentes descobertas sobre espionagem em larga escala feita pelos Estados Unidos em diversos pa\u00edses do mundo.<\/p>\n<p>\u201cO presidente dos Estados Unidos deveria pedir desculpas ao mundo\u201d, afirmou Lula.<br \/>\nO ex-presidente alertou: os Estados Unidos n\u00e3o podem controlar as comunica\u00e7\u00f5es do mundo inteiro, pois isso deu margem, como se viu, ao desrespeito \u00e0 soberania das na\u00e7\u00f5es.<\/p>\n<p>\u201cAgora, cada pa\u00eds precisa levar muito mais a s\u00e9rio a quest\u00e3o da soberania na \u00e1rea de comunica\u00e7\u00e3o\u201d.<\/p>\n<p><a href=\" www.institutolula.org\/lula-o-presidente-dos-estados-unidos-deveria-pedir-desculpas-ao-mundo\/#.UipM-dLBOSq\" target=\"_blank\">Veja aqui os trechos da entrevista foram divulgados pelo Instituto Lula<\/a><\/p>\n<p>Por Reda\u00e7\u00e3o do Portal Carta Maior<\/p>\n","protected":false},"excerpt":{"rendered":"<p>Bras\u00edlia &#8211; Em entrevista ao jornal indiano \u2018The Hindu\u2019, que ser\u00e1 publicada nos pr\u00f3ximos dias, o ex-presidente Luiz In\u00e1cio Lula da Silva enviou um recado a Barack Obama: \u201cO presidente dos Estados Unidos deveria pedir desculpas ao mundo\u201d. O ex-presidente&hellip;<\/p>\n","protected":false},"author":44,"featured_media":67687,"comment_status":"closed","ping_status":"open","sticky":false,"template":"","format":"standard","meta":{"footnotes":""},"categories":[105,113,42,1256],"tags":[1372,5915,4851],"class_list":["post-67686","post","type-post","status-publish","format-standard","has-post-thumbnail","hentry","category-america-do-norte","category-noticias-do-exterior","category-internacional-2","category-nao-violencia","tag-barack-obama-pt-pt","tag-espionagem-eua","tag-lula-da-silva-pt"],"yoast_head":"<!-- This site is optimized with the Yoast SEO plugin v27.1.1 - https:\/\/yoast.com\/product\/yoast-seo-wordpress\/ -->\n<title>Lula em v\u00eddeo: &quot;Obama deve se desculpar com o mundo por espionagem&quot;<\/title>\n<meta name=\"description\" content=\"Bras\u00edlia - Em entrevista ao jornal indiano \u2018The Hindu\u2019, que ser\u00e1 publicada nos pr\u00f3ximos dias, o ex-presidente Luiz In\u00e1cio Lula da Silva enviou um recado a\" \/>\n<meta name=\"robots\" content=\"index, follow, max-snippet:-1, max-image-preview:large, max-video-preview:-1\" \/>\n<link rel=\"canonical\" href=\"https:\/\/www.pressenza.com\/pt-pt\/2013\/09\/lula-video-obama-desculpar-mundo-espionagem\/\" \/>\n<meta property=\"og:locale\" content=\"pt_PT\" \/>\n<meta property=\"og:type\" content=\"article\" \/>\n<meta property=\"og:title\" content=\"Lula em v\u00eddeo: &quot;Obama deve se desculpar com o mundo por espionagem&quot;\" \/>\n<meta property=\"og:description\" content=\"Bras\u00edlia - Em entrevista ao jornal indiano \u2018The Hindu\u2019, que ser\u00e1 publicada nos pr\u00f3ximos dias, o ex-presidente Luiz In\u00e1cio Lula da Silva enviou um recado a\" \/>\n<meta property=\"og:url\" content=\"https:\/\/www.pressenza.com\/pt-pt\/2013\/09\/lula-video-obama-desculpar-mundo-espionagem\/\" \/>\n<meta property=\"og:site_name\" content=\"Pressenza\" \/>\n<meta property=\"article:publisher\" content=\"https:\/\/www.facebook.com\/PressenzaItalia\" \/>\n<meta property=\"article:author\" content=\"https:\/\/www.facebook.com\/PressenzaPortugues\" \/>\n<meta property=\"article:published_time\" content=\"2013-09-08T01:48:24+00:00\" \/>\n<meta property=\"og:image\" content=\"https:\/\/www.pressenza.com\/wp-content\/uploads\/2013\/09\/lula-entrevista.jpg\" \/>\n\t<meta property=\"og:image:width\" content=\"900\" \/>\n\t<meta property=\"og:image:height\" content=\"492\" \/>\n\t<meta property=\"og:image:type\" content=\"image\/jpeg\" \/>\n<meta name=\"author\" content=\"Reda\u00e7\u00e3o S\u00e3o Paulo\" \/>\n<meta name=\"twitter:card\" content=\"summary_large_image\" \/>\n<meta name=\"twitter:creator\" content=\"@pressenza_pt\" \/>\n<meta name=\"twitter:site\" content=\"@PressenzaIPA\" \/>\n<meta name=\"twitter:label1\" content=\"Escrito por\" \/>\n\t<meta name=\"twitter:data1\" content=\"Reda\u00e7\u00e3o S\u00e3o Paulo\" \/>\n\t<meta name=\"twitter:label2\" content=\"Tempo estimado de leitura\" \/>\n\t<meta name=\"twitter:data2\" content=\"1 minuto\" \/>\n<script type=\"application\/ld+json\" class=\"yoast-schema-graph\">{\"@context\":\"https:\/\/schema.org\",\"@graph\":[{\"@type\":\"Article\",\"@id\":\"https:\/\/www.pressenza.com\/pt-pt\/2013\/09\/lula-video-obama-desculpar-mundo-espionagem\/#article\",\"isPartOf\":{\"@id\":\"https:\/\/www.pressenza.com\/pt-pt\/2013\/09\/lula-video-obama-desculpar-mundo-espionagem\/\"},\"author\":{\"name\":\"Reda\u00e7\u00e3o S\u00e3o Paulo\",\"@id\":\"https:\/\/www.pressenza.com\/pt-pt\/#\/schema\/person\/d171826afb7693cfc394da95892bfd93\"},\"headline\":\"Lula em v\u00eddeo: &#8220;Obama deve se desculpar com o mundo por espionagem&#8221;\",\"datePublished\":\"2013-09-08T01:48:24+00:00\",\"mainEntityOfPage\":{\"@id\":\"https:\/\/www.pressenza.com\/pt-pt\/2013\/09\/lula-video-obama-desculpar-mundo-espionagem\/\"},\"wordCount\":215,\"publisher\":{\"@id\":\"https:\/\/www.pressenza.com\/pt-pt\/#organization\"},\"image\":{\"@id\":\"https:\/\/www.pressenza.com\/pt-pt\/2013\/09\/lula-video-obama-desculpar-mundo-espionagem\/#primaryimage\"},\"thumbnailUrl\":\"https:\/\/www.pressenza.com\/wp-content\/uploads\/2013\/09\/lula-entrevista.jpg\",\"keywords\":[\"Barack Obama\",\"espionagem eua\",\"Lula Da Silva\"],\"articleSection\":[\"Am\u00e9rica do Norte\",\"Assuntos internacionais\",\"Internacional\",\"N\u00e3o viol\u00eancia\"],\"inLanguage\":\"pt-PT\"},{\"@type\":\"WebPage\",\"@id\":\"https:\/\/www.pressenza.com\/pt-pt\/2013\/09\/lula-video-obama-desculpar-mundo-espionagem\/\",\"url\":\"https:\/\/www.pressenza.com\/pt-pt\/2013\/09\/lula-video-obama-desculpar-mundo-espionagem\/\",\"name\":\"Lula em v\u00eddeo: \\\"Obama deve se desculpar com o mundo por espionagem\\\"\",\"isPartOf\":{\"@id\":\"https:\/\/www.pressenza.com\/pt-pt\/#website\"},\"primaryImageOfPage\":{\"@id\":\"https:\/\/www.pressenza.com\/pt-pt\/2013\/09\/lula-video-obama-desculpar-mundo-espionagem\/#primaryimage\"},\"image\":{\"@id\":\"https:\/\/www.pressenza.com\/pt-pt\/2013\/09\/lula-video-obama-desculpar-mundo-espionagem\/#primaryimage\"},\"thumbnailUrl\":\"https:\/\/www.pressenza.com\/wp-content\/uploads\/2013\/09\/lula-entrevista.jpg\",\"datePublished\":\"2013-09-08T01:48:24+00:00\",\"description\":\"Bras\u00edlia - Em entrevista ao jornal indiano \u2018The Hindu\u2019, que ser\u00e1 publicada nos pr\u00f3ximos dias, o ex-presidente Luiz In\u00e1cio Lula da Silva enviou um recado a\",\"breadcrumb\":{\"@id\":\"https:\/\/www.pressenza.com\/pt-pt\/2013\/09\/lula-video-obama-desculpar-mundo-espionagem\/#breadcrumb\"},\"inLanguage\":\"pt-PT\",\"potentialAction\":[{\"@type\":\"ReadAction\",\"target\":[\"https:\/\/www.pressenza.com\/pt-pt\/2013\/09\/lula-video-obama-desculpar-mundo-espionagem\/\"]}]},{\"@type\":\"ImageObject\",\"inLanguage\":\"pt-PT\",\"@id\":\"https:\/\/www.pressenza.com\/pt-pt\/2013\/09\/lula-video-obama-desculpar-mundo-espionagem\/#primaryimage\",\"url\":\"https:\/\/www.pressenza.com\/wp-content\/uploads\/2013\/09\/lula-entrevista.jpg\",\"contentUrl\":\"https:\/\/www.pressenza.com\/wp-content\/uploads\/2013\/09\/lula-entrevista.jpg\",\"width\":900,\"height\":492},{\"@type\":\"BreadcrumbList\",\"@id\":\"https:\/\/www.pressenza.com\/pt-pt\/2013\/09\/lula-video-obama-desculpar-mundo-espionagem\/#breadcrumb\",\"itemListElement\":[{\"@type\":\"ListItem\",\"position\":1,\"name\":\"Accueil\",\"item\":\"https:\/\/www.pressenza.com\/pt-pt\/\"},{\"@type\":\"ListItem\",\"position\":2,\"name\":\"Lula em v\u00eddeo: &#8220;Obama deve se desculpar com o mundo por espionagem&#8221;\"}]},{\"@type\":\"WebSite\",\"@id\":\"https:\/\/www.pressenza.com\/pt-pt\/#website\",\"url\":\"https:\/\/www.pressenza.com\/pt-pt\/\",\"name\":\"Pressenza\",\"description\":\"International Press Agency\",\"publisher\":{\"@id\":\"https:\/\/www.pressenza.com\/pt-pt\/#organization\"},\"potentialAction\":[{\"@type\":\"SearchAction\",\"target\":{\"@type\":\"EntryPoint\",\"urlTemplate\":\"https:\/\/www.pressenza.com\/pt-pt\/?s={search_term_string}\"},\"query-input\":{\"@type\":\"PropertyValueSpecification\",\"valueRequired\":true,\"valueName\":\"search_term_string\"}}],\"inLanguage\":\"pt-PT\"},{\"@type\":\"Organization\",\"@id\":\"https:\/\/www.pressenza.com\/pt-pt\/#organization\",\"name\":\"Pressenza\",\"url\":\"https:\/\/www.pressenza.com\/pt-pt\/\",\"logo\":{\"@type\":\"ImageObject\",\"inLanguage\":\"pt-PT\",\"@id\":\"https:\/\/www.pressenza.com\/pt-pt\/#\/schema\/logo\/image\/\",\"url\":\"https:\/\/www.pressenza.com\/wp-content\/uploads\/2022\/10\/pressenza_logo_200x200.jpg\",\"contentUrl\":\"https:\/\/www.pressenza.com\/wp-content\/uploads\/2022\/10\/pressenza_logo_200x200.jpg\",\"width\":200,\"height\":200,\"caption\":\"Pressenza\"},\"image\":{\"@id\":\"https:\/\/www.pressenza.com\/pt-pt\/#\/schema\/logo\/image\/\"},\"sameAs\":[\"https:\/\/www.facebook.com\/PressenzaItalia\",\"https:\/\/x.com\/PressenzaIPA\"]},{\"@type\":\"Person\",\"@id\":\"https:\/\/www.pressenza.com\/pt-pt\/#\/schema\/person\/d171826afb7693cfc394da95892bfd93\",\"name\":\"Reda\u00e7\u00e3o S\u00e3o Paulo\",\"description\":\"News from the Pressenza bureau in Sao Paulo, Brazil\",\"sameAs\":[\"https:\/\/www.facebook.com\/PressenzaPortugues\",\"https:\/\/x.com\/pressenza_pt\"],\"url\":\"https:\/\/www.pressenza.com\/pt-pt\/author\/redaccao-sao-paulo\/\"}]}<\/script>\n<!-- \/ Yoast SEO plugin. -->","yoast_head_json":{"title":"Lula em v\u00eddeo: \"Obama deve se desculpar com o mundo por espionagem\"","description":"Bras\u00edlia - Em entrevista ao jornal indiano \u2018The Hindu\u2019, que ser\u00e1 publicada nos pr\u00f3ximos dias, o ex-presidente Luiz In\u00e1cio Lula da Silva enviou um recado a","robots":{"index":"index","follow":"follow","max-snippet":"max-snippet:-1","max-image-preview":"max-image-preview:large","max-video-preview":"max-video-preview:-1"},"canonical":"https:\/\/www.pressenza.com\/pt-pt\/2013\/09\/lula-video-obama-desculpar-mundo-espionagem\/","og_locale":"pt_PT","og_type":"article","og_title":"Lula em v\u00eddeo: \"Obama deve se desculpar com o mundo por espionagem\"","og_description":"Bras\u00edlia - Em entrevista ao jornal indiano \u2018The Hindu\u2019, que ser\u00e1 publicada nos pr\u00f3ximos dias, o ex-presidente Luiz In\u00e1cio Lula da Silva enviou um recado a","og_url":"https:\/\/www.pressenza.com\/pt-pt\/2013\/09\/lula-video-obama-desculpar-mundo-espionagem\/","og_site_name":"Pressenza","article_publisher":"https:\/\/www.facebook.com\/PressenzaItalia","article_author":"https:\/\/www.facebook.com\/PressenzaPortugues","article_published_time":"2013-09-08T01:48:24+00:00","og_image":[{"width":900,"height":492,"url":"https:\/\/www.pressenza.com\/wp-content\/uploads\/2013\/09\/lula-entrevista.jpg","type":"image\/jpeg"}],"author":"Reda\u00e7\u00e3o S\u00e3o Paulo","twitter_card":"summary_large_image","twitter_creator":"@pressenza_pt","twitter_site":"@PressenzaIPA","twitter_misc":{"Escrito por":"Reda\u00e7\u00e3o S\u00e3o Paulo","Tempo estimado de leitura":"1 minuto"},"schema":{"@context":"https:\/\/schema.org","@graph":[{"@type":"Article","@id":"https:\/\/www.pressenza.com\/pt-pt\/2013\/09\/lula-video-obama-desculpar-mundo-espionagem\/#article","isPartOf":{"@id":"https:\/\/www.pressenza.com\/pt-pt\/2013\/09\/lula-video-obama-desculpar-mundo-espionagem\/"},"author":{"name":"Reda\u00e7\u00e3o S\u00e3o Paulo","@id":"https:\/\/www.pressenza.com\/pt-pt\/#\/schema\/person\/d171826afb7693cfc394da95892bfd93"},"headline":"Lula em v\u00eddeo: &#8220;Obama deve se desculpar com o mundo por espionagem&#8221;","datePublished":"2013-09-08T01:48:24+00:00","mainEntityOfPage":{"@id":"https:\/\/www.pressenza.com\/pt-pt\/2013\/09\/lula-video-obama-desculpar-mundo-espionagem\/"},"wordCount":215,"publisher":{"@id":"https:\/\/www.pressenza.com\/pt-pt\/#organization"},"image":{"@id":"https:\/\/www.pressenza.com\/pt-pt\/2013\/09\/lula-video-obama-desculpar-mundo-espionagem\/#primaryimage"},"thumbnailUrl":"https:\/\/www.pressenza.com\/wp-content\/uploads\/2013\/09\/lula-entrevista.jpg","keywords":["Barack Obama","espionagem eua","Lula Da Silva"],"articleSection":["Am\u00e9rica do Norte","Assuntos internacionais","Internacional","N\u00e3o viol\u00eancia"],"inLanguage":"pt-PT"},{"@type":"WebPage","@id":"https:\/\/www.pressenza.com\/pt-pt\/2013\/09\/lula-video-obama-desculpar-mundo-espionagem\/","url":"https:\/\/www.pressenza.com\/pt-pt\/2013\/09\/lula-video-obama-desculpar-mundo-espionagem\/","name":"Lula em v\u00eddeo: \"Obama deve se desculpar com o mundo por espionagem\"","isPartOf":{"@id":"https:\/\/www.pressenza.com\/pt-pt\/#website"},"primaryImageOfPage":{"@id":"https:\/\/www.pressenza.com\/pt-pt\/2013\/09\/lula-video-obama-desculpar-mundo-espionagem\/#primaryimage"},"image":{"@id":"https:\/\/www.pressenza.com\/pt-pt\/2013\/09\/lula-video-obama-desculpar-mundo-espionagem\/#primaryimage"},"thumbnailUrl":"https:\/\/www.pressenza.com\/wp-content\/uploads\/2013\/09\/lula-entrevista.jpg","datePublished":"2013-09-08T01:48:24+00:00","description":"Bras\u00edlia - Em entrevista ao jornal indiano \u2018The Hindu\u2019, que ser\u00e1 publicada nos pr\u00f3ximos dias, o ex-presidente Luiz In\u00e1cio Lula da Silva enviou um recado a","breadcrumb":{"@id":"https:\/\/www.pressenza.com\/pt-pt\/2013\/09\/lula-video-obama-desculpar-mundo-espionagem\/#breadcrumb"},"inLanguage":"pt-PT","potentialAction":[{"@type":"ReadAction","target":["https:\/\/www.pressenza.com\/pt-pt\/2013\/09\/lula-video-obama-desculpar-mundo-espionagem\/"]}]},{"@type":"ImageObject","inLanguage":"pt-PT","@id":"https:\/\/www.pressenza.com\/pt-pt\/2013\/09\/lula-video-obama-desculpar-mundo-espionagem\/#primaryimage","url":"https:\/\/www.pressenza.com\/wp-content\/uploads\/2013\/09\/lula-entrevista.jpg","contentUrl":"https:\/\/www.pressenza.com\/wp-content\/uploads\/2013\/09\/lula-entrevista.jpg","width":900,"height":492},{"@type":"BreadcrumbList","@id":"https:\/\/www.pressenza.com\/pt-pt\/2013\/09\/lula-video-obama-desculpar-mundo-espionagem\/#breadcrumb","itemListElement":[{"@type":"ListItem","position":1,"name":"Accueil","item":"https:\/\/www.pressenza.com\/pt-pt\/"},{"@type":"ListItem","position":2,"name":"Lula em v\u00eddeo: &#8220;Obama deve se desculpar com o mundo por espionagem&#8221;"}]},{"@type":"WebSite","@id":"https:\/\/www.pressenza.com\/pt-pt\/#website","url":"https:\/\/www.pressenza.com\/pt-pt\/","name":"Pressenza","description":"International Press Agency","publisher":{"@id":"https:\/\/www.pressenza.com\/pt-pt\/#organization"},"potentialAction":[{"@type":"SearchAction","target":{"@type":"EntryPoint","urlTemplate":"https:\/\/www.pressenza.com\/pt-pt\/?s={search_term_string}"},"query-input":{"@type":"PropertyValueSpecification","valueRequired":true,"valueName":"search_term_string"}}],"inLanguage":"pt-PT"},{"@type":"Organization","@id":"https:\/\/www.pressenza.com\/pt-pt\/#organization","name":"Pressenza","url":"https:\/\/www.pressenza.com\/pt-pt\/","logo":{"@type":"ImageObject","inLanguage":"pt-PT","@id":"https:\/\/www.pressenza.com\/pt-pt\/#\/schema\/logo\/image\/","url":"https:\/\/www.pressenza.com\/wp-content\/uploads\/2022\/10\/pressenza_logo_200x200.jpg","contentUrl":"https:\/\/www.pressenza.com\/wp-content\/uploads\/2022\/10\/pressenza_logo_200x200.jpg","width":200,"height":200,"caption":"Pressenza"},"image":{"@id":"https:\/\/www.pressenza.com\/pt-pt\/#\/schema\/logo\/image\/"},"sameAs":["https:\/\/www.facebook.com\/PressenzaItalia","https:\/\/x.com\/PressenzaIPA"]},{"@type":"Person","@id":"https:\/\/www.pressenza.com\/pt-pt\/#\/schema\/person\/d171826afb7693cfc394da95892bfd93","name":"Reda\u00e7\u00e3o S\u00e3o Paulo","description":"News from the Pressenza bureau in Sao Paulo, Brazil","sameAs":["https:\/\/www.facebook.com\/PressenzaPortugues","https:\/\/x.com\/pressenza_pt"],"url":"https:\/\/www.pressenza.com\/pt-pt\/author\/redaccao-sao-paulo\/"}]}},"place":"","original_article_url":"","_links":{"self":[{"href":"https:\/\/www.pressenza.com\/pt-pt\/wp-json\/wp\/v2\/posts\/67686","targetHints":{"allow":["GET"]}}],"collection":[{"href":"https:\/\/www.pressenza.com\/pt-pt\/wp-json\/wp\/v2\/posts"}],"about":[{"href":"https:\/\/www.pressenza.com\/pt-pt\/wp-json\/wp\/v2\/types\/post"}],"author":[{"embeddable":true,"href":"https:\/\/www.pressenza.com\/pt-pt\/wp-json\/wp\/v2\/users\/44"}],"replies":[{"embeddable":true,"href":"https:\/\/www.pressenza.com\/pt-pt\/wp-json\/wp\/v2\/comments?post=67686"}],"version-history":[{"count":0,"href":"https:\/\/www.pressenza.com\/pt-pt\/wp-json\/wp\/v2\/posts\/67686\/revisions"}],"wp:featuredmedia":[{"embeddable":true,"href":"https:\/\/www.pressenza.com\/pt-pt\/wp-json\/wp\/v2\/media\/67687"}],"wp:attachment":[{"href":"https:\/\/www.pressenza.com\/pt-pt\/wp-json\/wp\/v2\/media?parent=67686"}],"wp:term":[{"taxonomy":"category","embeddable":true,"href":"https:\/\/www.pressenza.com\/pt-pt\/wp-json\/wp\/v2\/categories?post=67686"},{"taxonomy":"post_tag","embeddable":true,"href":"https:\/\/www.pressenza.com\/pt-pt\/wp-json\/wp\/v2\/tags?post=67686"}],"curies":[{"name":"wp","href":"https:\/\/api.w.org\/{rel}","templated":true}]}}