{"id":67559,"date":"2013-09-07T04:16:54","date_gmt":"2013-09-07T03:16:54","guid":{"rendered":"http:\/\/www.pressenza.com\/?p=67559"},"modified":"2013-09-07T17:40:50","modified_gmt":"2013-09-07T16:40:50","slug":"milhares-estudantes-chilenos-marcham-mudancas-profundas","status":"publish","type":"post","link":"https:\/\/www.pressenza.com\/pt-pt\/2013\/09\/milhares-estudantes-chilenos-marcham-mudancas-profundas\/","title":{"rendered":"Milhares de estudantes chilenos marcham por mudan\u00e7as profundas"},"content":{"rendered":"<p>Santiago do Chile, 5 set (Prensa Latina) Milhares de estudantes sa\u00edram hoje \u00e0s ruas para exigir mudan\u00e7as profundas no modelo nacional de educa\u00e7\u00e3o, cujas origens t\u00eam bases na \u00e9poca da ditadura de Augusto Pinochet (1973-1990).<br \/>\nOs jovens, tanto de secund\u00e1ria como universit\u00e1rios, junto a familiares, professores, e outros, partiram da Pra\u00e7a It\u00e1lia com cartazes e faixas, exigindo ensino gratuito, de qualidade, e que o Estado assuma um papel reitor nesta \u00e1rea.<\/p>\n<p>Ontem, os l\u00edderes estudantis convocaram todos os estudantes a cuidar da passeata para evitar desordem e que o sentido da mobiliza\u00e7\u00e3o seja desvirtuado.<\/p>\n<p>Instaram os carabineros (pol\u00edcia militarizada) a proteger os estudantes em vez de reprim\u00ed-los.<\/p>\n<p>Para o presidente da Federa\u00e7\u00e3o de Estudantes do Chile, Andr\u00e9s Fielbaum, &#8220;as mobiliza\u00e7\u00f5es s\u00e3o as melhores ferramentas que temos para poder transformar o Chile&#8221;.<\/p>\n<p>Fielbaum disse ontem \u00e0 imprensa que estariam nesta manifesta\u00e7\u00e3o &#8220;todos que quiserem construir um pa\u00eds que deixe a heran\u00e7a de Pinochet para tr\u00e1s&#8221;.<\/p>\n<p>Assim mesmo, o presidente da Federa\u00e7\u00e3o de Estudantes da Universidade Cat\u00f3lica, Diego Vela, lembrou que esta medida de press\u00e3o contra o Governo de Sebasti\u00e1n Pi\u00f1era, acontece faltando s\u00f3 cinco dias para o anivers\u00e1rio 40 do golpe de Estado contra Salvador Allende.<\/p>\n<p>Uma data que fraturou um pa\u00eds e que imp\u00f4s mediante a tortura e assassinato de milhares de chilenos &#8220;um modelo pol\u00edtico, econ\u00f4mico e social que hoje em dia se evidencia nas consequ\u00eancias nefastas que teve&#8221;, enfatizou o l\u00edder estudantil.<\/p>\n<p>Fez um chamado a todos a &#8220;dar o passo&#8221; para romper com o legado da ditadura e resolver as necessidades que o Chile tem, o que se conseguir\u00e1 a partir da organiza\u00e7\u00e3o e constru\u00e7\u00e3o, com diferentes atores em todo o pa\u00eds, pela educa\u00e7\u00e3o.<\/p>\n<p>Ontem, os estudantes divulgaram um programa de 11 p\u00e1ginas que re\u00fane reivindica\u00e7\u00f5es hist\u00f3ricas do movimento estudantil e dos movimentos sociais.<\/p>\n<p>&#8220;Concebemos a educa\u00e7\u00e3o como um direito social universal que deve ser garantido como tal pela Constitui\u00e7\u00e3o Pol\u00edtica do Chile e estar livre de todo interesse particular para orientar \u00e0 satisfa\u00e7\u00e3o do interesse geral, com vistas a contribuir com o desenvolvimento social e econ\u00f4mico do pa\u00eds&#8221;, afirmou Vela.<\/p>\n","protected":false},"excerpt":{"rendered":"<p>Santiago do Chile, 5 set (Prensa Latina) Milhares de estudantes sa\u00edram hoje \u00e0s ruas para exigir mudan\u00e7as profundas no modelo nacional de educa\u00e7\u00e3o, cujas origens t\u00eam bases na \u00e9poca da ditadura de Augusto Pinochet (1973-1990). Os jovens, tanto de secund\u00e1ria&hellip;<\/p>\n","protected":false},"author":90,"featured_media":67655,"comment_status":"closed","ping_status":"open","sticky":false,"template":"","format":"standard","meta":{"footnotes":""},"categories":[104,116,1252],"tags":[6662,6661,5257],"class_list":["post-67559","post","type-post","status-publish","format-standard","has-post-thumbnail","hentry","category-america-do-sul","category-direitos-humanos","category-educacao","tag-chile-pt-pt","tag-estudantes-chilenos","tag-protestos"],"yoast_head":"<!-- This site is optimized with the Yoast SEO plugin v27.1.1 - https:\/\/yoast.com\/product\/yoast-seo-wordpress\/ -->\n<title>Milhares de estudantes chilenos marcham por mudan\u00e7as profundas<\/title>\n<meta name=\"description\" content=\"Santiago do Chile, 5 set (Prensa Latina) Milhares de estudantes sa\u00edram hoje \u00e0s ruas para exigir mudan\u00e7as profundas no modelo nacional de educa\u00e7\u00e3o, cujas\" \/>\n<meta name=\"robots\" content=\"index, follow, max-snippet:-1, max-image-preview:large, max-video-preview:-1\" \/>\n<link rel=\"canonical\" href=\"https:\/\/www.pressenza.com\/pt-pt\/2013\/09\/milhares-estudantes-chilenos-marcham-mudancas-profundas\/\" \/>\n<meta property=\"og:locale\" content=\"pt_PT\" \/>\n<meta property=\"og:type\" content=\"article\" \/>\n<meta property=\"og:title\" content=\"Milhares de estudantes chilenos marcham por mudan\u00e7as profundas\" \/>\n<meta property=\"og:description\" content=\"Santiago do Chile, 5 set (Prensa Latina) Milhares de estudantes sa\u00edram hoje \u00e0s ruas para exigir mudan\u00e7as profundas no modelo nacional de educa\u00e7\u00e3o, cujas\" \/>\n<meta property=\"og:url\" content=\"https:\/\/www.pressenza.com\/pt-pt\/2013\/09\/milhares-estudantes-chilenos-marcham-mudancas-profundas\/\" \/>\n<meta property=\"og:site_name\" content=\"Pressenza\" \/>\n<meta property=\"article:publisher\" content=\"https:\/\/www.facebook.com\/PressenzaItalia\" \/>\n<meta property=\"article:author\" content=\"https:\/\/www.facebook.com\/AgenciaPrensaLatina\" \/>\n<meta property=\"article:published_time\" content=\"2013-09-07T03:16:54+00:00\" \/>\n<meta property=\"article:modified_time\" content=\"2013-09-07T16:40:50+00:00\" \/>\n<meta property=\"og:image\" content=\"https:\/\/www.pressenza.com\/wp-content\/uploads\/2013\/09\/MG_4676.jpg\" \/>\n\t<meta property=\"og:image:width\" content=\"800\" \/>\n\t<meta property=\"og:image:height\" content=\"533\" \/>\n\t<meta property=\"og:image:type\" content=\"image\/jpeg\" \/>\n<meta name=\"author\" content=\"Prensa Latina\" \/>\n<meta name=\"twitter:card\" content=\"summary_large_image\" \/>\n<meta name=\"twitter:creator\" content=\"@prensalatina_cu\" \/>\n<meta name=\"twitter:site\" content=\"@PressenzaIPA\" \/>\n<meta name=\"twitter:label1\" content=\"Escrito por\" \/>\n\t<meta name=\"twitter:data1\" content=\"Prensa Latina\" \/>\n\t<meta name=\"twitter:label2\" content=\"Tempo estimado de leitura\" \/>\n\t<meta name=\"twitter:data2\" content=\"2 minutos\" \/>\n<script type=\"application\/ld+json\" class=\"yoast-schema-graph\">{\"@context\":\"https:\/\/schema.org\",\"@graph\":[{\"@type\":\"Article\",\"@id\":\"https:\/\/www.pressenza.com\/pt-pt\/2013\/09\/milhares-estudantes-chilenos-marcham-mudancas-profundas\/#article\",\"isPartOf\":{\"@id\":\"https:\/\/www.pressenza.com\/pt-pt\/2013\/09\/milhares-estudantes-chilenos-marcham-mudancas-profundas\/\"},\"author\":{\"name\":\"Prensa Latina\",\"@id\":\"https:\/\/www.pressenza.com\/pt-pt\/#\/schema\/person\/e35c78ffa242d98f4f49ccb18c8631de\"},\"headline\":\"Milhares de estudantes chilenos marcham por mudan\u00e7as profundas\",\"datePublished\":\"2013-09-07T03:16:54+00:00\",\"dateModified\":\"2013-09-07T16:40:50+00:00\",\"mainEntityOfPage\":{\"@id\":\"https:\/\/www.pressenza.com\/pt-pt\/2013\/09\/milhares-estudantes-chilenos-marcham-mudancas-profundas\/\"},\"wordCount\":394,\"publisher\":{\"@id\":\"https:\/\/www.pressenza.com\/pt-pt\/#organization\"},\"image\":{\"@id\":\"https:\/\/www.pressenza.com\/pt-pt\/2013\/09\/milhares-estudantes-chilenos-marcham-mudancas-profundas\/#primaryimage\"},\"thumbnailUrl\":\"https:\/\/www.pressenza.com\/wp-content\/uploads\/2013\/09\/MG_4676.jpg\",\"keywords\":[\"Chile\",\"estudantes chilenos\",\"protestos\"],\"articleSection\":[\"\u00c1m\u00e9rica do Sul\",\"Direitos Humanos\",\"Educa\u00e7\u00e3o\"],\"inLanguage\":\"pt-PT\"},{\"@type\":\"WebPage\",\"@id\":\"https:\/\/www.pressenza.com\/pt-pt\/2013\/09\/milhares-estudantes-chilenos-marcham-mudancas-profundas\/\",\"url\":\"https:\/\/www.pressenza.com\/pt-pt\/2013\/09\/milhares-estudantes-chilenos-marcham-mudancas-profundas\/\",\"name\":\"Milhares de estudantes chilenos marcham por mudan\u00e7as profundas\",\"isPartOf\":{\"@id\":\"https:\/\/www.pressenza.com\/pt-pt\/#website\"},\"primaryImageOfPage\":{\"@id\":\"https:\/\/www.pressenza.com\/pt-pt\/2013\/09\/milhares-estudantes-chilenos-marcham-mudancas-profundas\/#primaryimage\"},\"image\":{\"@id\":\"https:\/\/www.pressenza.com\/pt-pt\/2013\/09\/milhares-estudantes-chilenos-marcham-mudancas-profundas\/#primaryimage\"},\"thumbnailUrl\":\"https:\/\/www.pressenza.com\/wp-content\/uploads\/2013\/09\/MG_4676.jpg\",\"datePublished\":\"2013-09-07T03:16:54+00:00\",\"dateModified\":\"2013-09-07T16:40:50+00:00\",\"description\":\"Santiago do Chile, 5 set (Prensa Latina) Milhares de estudantes sa\u00edram hoje \u00e0s ruas para exigir mudan\u00e7as profundas no modelo nacional de educa\u00e7\u00e3o, cujas\",\"breadcrumb\":{\"@id\":\"https:\/\/www.pressenza.com\/pt-pt\/2013\/09\/milhares-estudantes-chilenos-marcham-mudancas-profundas\/#breadcrumb\"},\"inLanguage\":\"pt-PT\",\"potentialAction\":[{\"@type\":\"ReadAction\",\"target\":[\"https:\/\/www.pressenza.com\/pt-pt\/2013\/09\/milhares-estudantes-chilenos-marcham-mudancas-profundas\/\"]}]},{\"@type\":\"ImageObject\",\"inLanguage\":\"pt-PT\",\"@id\":\"https:\/\/www.pressenza.com\/pt-pt\/2013\/09\/milhares-estudantes-chilenos-marcham-mudancas-profundas\/#primaryimage\",\"url\":\"https:\/\/www.pressenza.com\/wp-content\/uploads\/2013\/09\/MG_4676.jpg\",\"contentUrl\":\"https:\/\/www.pressenza.com\/wp-content\/uploads\/2013\/09\/MG_4676.jpg\",\"width\":800,\"height\":533},{\"@type\":\"BreadcrumbList\",\"@id\":\"https:\/\/www.pressenza.com\/pt-pt\/2013\/09\/milhares-estudantes-chilenos-marcham-mudancas-profundas\/#breadcrumb\",\"itemListElement\":[{\"@type\":\"ListItem\",\"position\":1,\"name\":\"Accueil\",\"item\":\"https:\/\/www.pressenza.com\/pt-pt\/\"},{\"@type\":\"ListItem\",\"position\":2,\"name\":\"Milhares de estudantes chilenos marcham por mudan\u00e7as profundas\"}]},{\"@type\":\"WebSite\",\"@id\":\"https:\/\/www.pressenza.com\/pt-pt\/#website\",\"url\":\"https:\/\/www.pressenza.com\/pt-pt\/\",\"name\":\"Pressenza\",\"description\":\"International Press Agency\",\"publisher\":{\"@id\":\"https:\/\/www.pressenza.com\/pt-pt\/#organization\"},\"potentialAction\":[{\"@type\":\"SearchAction\",\"target\":{\"@type\":\"EntryPoint\",\"urlTemplate\":\"https:\/\/www.pressenza.com\/pt-pt\/?s={search_term_string}\"},\"query-input\":{\"@type\":\"PropertyValueSpecification\",\"valueRequired\":true,\"valueName\":\"search_term_string\"}}],\"inLanguage\":\"pt-PT\"},{\"@type\":\"Organization\",\"@id\":\"https:\/\/www.pressenza.com\/pt-pt\/#organization\",\"name\":\"Pressenza\",\"url\":\"https:\/\/www.pressenza.com\/pt-pt\/\",\"logo\":{\"@type\":\"ImageObject\",\"inLanguage\":\"pt-PT\",\"@id\":\"https:\/\/www.pressenza.com\/pt-pt\/#\/schema\/logo\/image\/\",\"url\":\"https:\/\/www.pressenza.com\/wp-content\/uploads\/2022\/10\/pressenza_logo_200x200.jpg\",\"contentUrl\":\"https:\/\/www.pressenza.com\/wp-content\/uploads\/2022\/10\/pressenza_logo_200x200.jpg\",\"width\":200,\"height\":200,\"caption\":\"Pressenza\"},\"image\":{\"@id\":\"https:\/\/www.pressenza.com\/pt-pt\/#\/schema\/logo\/image\/\"},\"sameAs\":[\"https:\/\/www.facebook.com\/PressenzaItalia\",\"https:\/\/x.com\/PressenzaIPA\"]},{\"@type\":\"Person\",\"@id\":\"https:\/\/www.pressenza.com\/pt-pt\/#\/schema\/person\/e35c78ffa242d98f4f49ccb18c8631de\",\"name\":\"Prensa Latina\",\"description\":\"www.prensa-latina.cu\",\"sameAs\":[\"https:\/\/www.facebook.com\/AgenciaPrensaLatina\",\"https:\/\/x.com\/prensalatina_cu\"],\"url\":\"https:\/\/www.pressenza.com\/pt-pt\/author\/prensa-latina\/\"}]}<\/script>\n<!-- \/ Yoast SEO plugin. -->","yoast_head_json":{"title":"Milhares de estudantes chilenos marcham por mudan\u00e7as profundas","description":"Santiago do Chile, 5 set (Prensa Latina) Milhares de estudantes sa\u00edram hoje \u00e0s ruas para exigir mudan\u00e7as profundas no modelo nacional de educa\u00e7\u00e3o, cujas","robots":{"index":"index","follow":"follow","max-snippet":"max-snippet:-1","max-image-preview":"max-image-preview:large","max-video-preview":"max-video-preview:-1"},"canonical":"https:\/\/www.pressenza.com\/pt-pt\/2013\/09\/milhares-estudantes-chilenos-marcham-mudancas-profundas\/","og_locale":"pt_PT","og_type":"article","og_title":"Milhares de estudantes chilenos marcham por mudan\u00e7as profundas","og_description":"Santiago do Chile, 5 set (Prensa Latina) Milhares de estudantes sa\u00edram hoje \u00e0s ruas para exigir mudan\u00e7as profundas no modelo nacional de educa\u00e7\u00e3o, cujas","og_url":"https:\/\/www.pressenza.com\/pt-pt\/2013\/09\/milhares-estudantes-chilenos-marcham-mudancas-profundas\/","og_site_name":"Pressenza","article_publisher":"https:\/\/www.facebook.com\/PressenzaItalia","article_author":"https:\/\/www.facebook.com\/AgenciaPrensaLatina","article_published_time":"2013-09-07T03:16:54+00:00","article_modified_time":"2013-09-07T16:40:50+00:00","og_image":[{"width":800,"height":533,"url":"https:\/\/www.pressenza.com\/wp-content\/uploads\/2013\/09\/MG_4676.jpg","type":"image\/jpeg"}],"author":"Prensa Latina","twitter_card":"summary_large_image","twitter_creator":"@prensalatina_cu","twitter_site":"@PressenzaIPA","twitter_misc":{"Escrito por":"Prensa Latina","Tempo estimado de leitura":"2 minutos"},"schema":{"@context":"https:\/\/schema.org","@graph":[{"@type":"Article","@id":"https:\/\/www.pressenza.com\/pt-pt\/2013\/09\/milhares-estudantes-chilenos-marcham-mudancas-profundas\/#article","isPartOf":{"@id":"https:\/\/www.pressenza.com\/pt-pt\/2013\/09\/milhares-estudantes-chilenos-marcham-mudancas-profundas\/"},"author":{"name":"Prensa Latina","@id":"https:\/\/www.pressenza.com\/pt-pt\/#\/schema\/person\/e35c78ffa242d98f4f49ccb18c8631de"},"headline":"Milhares de estudantes chilenos marcham por mudan\u00e7as profundas","datePublished":"2013-09-07T03:16:54+00:00","dateModified":"2013-09-07T16:40:50+00:00","mainEntityOfPage":{"@id":"https:\/\/www.pressenza.com\/pt-pt\/2013\/09\/milhares-estudantes-chilenos-marcham-mudancas-profundas\/"},"wordCount":394,"publisher":{"@id":"https:\/\/www.pressenza.com\/pt-pt\/#organization"},"image":{"@id":"https:\/\/www.pressenza.com\/pt-pt\/2013\/09\/milhares-estudantes-chilenos-marcham-mudancas-profundas\/#primaryimage"},"thumbnailUrl":"https:\/\/www.pressenza.com\/wp-content\/uploads\/2013\/09\/MG_4676.jpg","keywords":["Chile","estudantes chilenos","protestos"],"articleSection":["\u00c1m\u00e9rica do Sul","Direitos Humanos","Educa\u00e7\u00e3o"],"inLanguage":"pt-PT"},{"@type":"WebPage","@id":"https:\/\/www.pressenza.com\/pt-pt\/2013\/09\/milhares-estudantes-chilenos-marcham-mudancas-profundas\/","url":"https:\/\/www.pressenza.com\/pt-pt\/2013\/09\/milhares-estudantes-chilenos-marcham-mudancas-profundas\/","name":"Milhares de estudantes chilenos marcham por mudan\u00e7as profundas","isPartOf":{"@id":"https:\/\/www.pressenza.com\/pt-pt\/#website"},"primaryImageOfPage":{"@id":"https:\/\/www.pressenza.com\/pt-pt\/2013\/09\/milhares-estudantes-chilenos-marcham-mudancas-profundas\/#primaryimage"},"image":{"@id":"https:\/\/www.pressenza.com\/pt-pt\/2013\/09\/milhares-estudantes-chilenos-marcham-mudancas-profundas\/#primaryimage"},"thumbnailUrl":"https:\/\/www.pressenza.com\/wp-content\/uploads\/2013\/09\/MG_4676.jpg","datePublished":"2013-09-07T03:16:54+00:00","dateModified":"2013-09-07T16:40:50+00:00","description":"Santiago do Chile, 5 set (Prensa Latina) Milhares de estudantes sa\u00edram hoje \u00e0s ruas para exigir mudan\u00e7as profundas no modelo nacional de educa\u00e7\u00e3o, cujas","breadcrumb":{"@id":"https:\/\/www.pressenza.com\/pt-pt\/2013\/09\/milhares-estudantes-chilenos-marcham-mudancas-profundas\/#breadcrumb"},"inLanguage":"pt-PT","potentialAction":[{"@type":"ReadAction","target":["https:\/\/www.pressenza.com\/pt-pt\/2013\/09\/milhares-estudantes-chilenos-marcham-mudancas-profundas\/"]}]},{"@type":"ImageObject","inLanguage":"pt-PT","@id":"https:\/\/www.pressenza.com\/pt-pt\/2013\/09\/milhares-estudantes-chilenos-marcham-mudancas-profundas\/#primaryimage","url":"https:\/\/www.pressenza.com\/wp-content\/uploads\/2013\/09\/MG_4676.jpg","contentUrl":"https:\/\/www.pressenza.com\/wp-content\/uploads\/2013\/09\/MG_4676.jpg","width":800,"height":533},{"@type":"BreadcrumbList","@id":"https:\/\/www.pressenza.com\/pt-pt\/2013\/09\/milhares-estudantes-chilenos-marcham-mudancas-profundas\/#breadcrumb","itemListElement":[{"@type":"ListItem","position":1,"name":"Accueil","item":"https:\/\/www.pressenza.com\/pt-pt\/"},{"@type":"ListItem","position":2,"name":"Milhares de estudantes chilenos marcham por mudan\u00e7as profundas"}]},{"@type":"WebSite","@id":"https:\/\/www.pressenza.com\/pt-pt\/#website","url":"https:\/\/www.pressenza.com\/pt-pt\/","name":"Pressenza","description":"International Press Agency","publisher":{"@id":"https:\/\/www.pressenza.com\/pt-pt\/#organization"},"potentialAction":[{"@type":"SearchAction","target":{"@type":"EntryPoint","urlTemplate":"https:\/\/www.pressenza.com\/pt-pt\/?s={search_term_string}"},"query-input":{"@type":"PropertyValueSpecification","valueRequired":true,"valueName":"search_term_string"}}],"inLanguage":"pt-PT"},{"@type":"Organization","@id":"https:\/\/www.pressenza.com\/pt-pt\/#organization","name":"Pressenza","url":"https:\/\/www.pressenza.com\/pt-pt\/","logo":{"@type":"ImageObject","inLanguage":"pt-PT","@id":"https:\/\/www.pressenza.com\/pt-pt\/#\/schema\/logo\/image\/","url":"https:\/\/www.pressenza.com\/wp-content\/uploads\/2022\/10\/pressenza_logo_200x200.jpg","contentUrl":"https:\/\/www.pressenza.com\/wp-content\/uploads\/2022\/10\/pressenza_logo_200x200.jpg","width":200,"height":200,"caption":"Pressenza"},"image":{"@id":"https:\/\/www.pressenza.com\/pt-pt\/#\/schema\/logo\/image\/"},"sameAs":["https:\/\/www.facebook.com\/PressenzaItalia","https:\/\/x.com\/PressenzaIPA"]},{"@type":"Person","@id":"https:\/\/www.pressenza.com\/pt-pt\/#\/schema\/person\/e35c78ffa242d98f4f49ccb18c8631de","name":"Prensa Latina","description":"www.prensa-latina.cu","sameAs":["https:\/\/www.facebook.com\/AgenciaPrensaLatina","https:\/\/x.com\/prensalatina_cu"],"url":"https:\/\/www.pressenza.com\/pt-pt\/author\/prensa-latina\/"}]}},"place":"","original_article_url":"","_links":{"self":[{"href":"https:\/\/www.pressenza.com\/pt-pt\/wp-json\/wp\/v2\/posts\/67559","targetHints":{"allow":["GET"]}}],"collection":[{"href":"https:\/\/www.pressenza.com\/pt-pt\/wp-json\/wp\/v2\/posts"}],"about":[{"href":"https:\/\/www.pressenza.com\/pt-pt\/wp-json\/wp\/v2\/types\/post"}],"author":[{"embeddable":true,"href":"https:\/\/www.pressenza.com\/pt-pt\/wp-json\/wp\/v2\/users\/90"}],"replies":[{"embeddable":true,"href":"https:\/\/www.pressenza.com\/pt-pt\/wp-json\/wp\/v2\/comments?post=67559"}],"version-history":[{"count":0,"href":"https:\/\/www.pressenza.com\/pt-pt\/wp-json\/wp\/v2\/posts\/67559\/revisions"}],"wp:featuredmedia":[{"embeddable":true,"href":"https:\/\/www.pressenza.com\/pt-pt\/wp-json\/wp\/v2\/media\/67655"}],"wp:attachment":[{"href":"https:\/\/www.pressenza.com\/pt-pt\/wp-json\/wp\/v2\/media?parent=67559"}],"wp:term":[{"taxonomy":"category","embeddable":true,"href":"https:\/\/www.pressenza.com\/pt-pt\/wp-json\/wp\/v2\/categories?post=67559"},{"taxonomy":"post_tag","embeddable":true,"href":"https:\/\/www.pressenza.com\/pt-pt\/wp-json\/wp\/v2\/tags?post=67559"}],"curies":[{"name":"wp","href":"https:\/\/api.w.org\/{rel}","templated":true}]}}