{"id":66583,"date":"2013-08-30T02:48:48","date_gmt":"2013-08-30T01:48:48","guid":{"rendered":"http:\/\/www.pressenza.com\/?p=66583"},"modified":"2013-08-30T02:51:19","modified_gmt":"2013-08-30T01:51:19","slug":"66583","status":"publish","type":"post","link":"https:\/\/www.pressenza.com\/pt-pt\/2013\/08\/66583\/","title":{"rendered":"O conservadorismo de branco(s): derrotado pela hist\u00f3ria"},"content":{"rendered":"<p>No come\u00e7o senti raiva. Depois, tristeza. Ao fim, procurei explica\u00e7\u00f5es. O cerco aos m\u00e9dicos cubanos, com xingamentos e manifesta\u00e7\u00f5es racistas, \u00e9 chocante \u00e0 primeira vista. Mas quem conhece nossa hist\u00f3ria de \u201celevador de servi\u00e7o\u201d, de \u201cquarto de empregada\u201d, de coronelismo e revolu\u00e7\u00f5es sempre inconclusas, quem conhece essa hist\u00f3ria nem deveria se espantar.<\/p>\n<p>O fato \u00e9 que a rea\u00e7\u00e3o desmedida de certos m\u00e9dicos e de gente que pensa falar em nome da \u201cMedicina brasileira\u201d transformou-se numa derrota acachapante para o pensamento conservador. O conservadorismo de branco (e de brancos?) foi derrotado nesse debate.<\/p>\n<p>\u00c9 como o \u201cbolsa esmola\u201d \u2013 voc\u00eas se lembram? Durante dois mandatos de Lula, um setor barulhento (e at\u00e9 numeroso) da classe m\u00e9dia travou um n\u00e3o debate: em vez de criticar eventuais falhas no Bolsa Fam\u00edlia, tentou desqualificar a pol\u00edtica de transferer\u00eancia de renda, definida como \u201cesmola\u201d. Ouvi isso ao longo de anos, em festas de fam\u00edlia, em bares e restaurantes\u2026 E no fim aconteceu o que? O Bolsa-Fam\u00edlia imp\u00f4s sua vit\u00f3ria. Os tucanos chegaram a 2010 propondo que na campanha eleitoral o partido defendesse o Bolsa-Fam\u00edlia. Falar em \u201cbolsa esmola\u201d seria suic\u00eddio eleitoral. O conservadorismo recolheu-se \u00e0s manifesta\u00e7\u00f5es privadas de \u00f3dio e recalque.<\/p>\n<p>A hist\u00f3ria do Capitalismo no Ocidente, nos \u00faltimos 70 anos, \u00e9 a hist\u00f3ria da luta de setores organizados para arrancar peda\u00e7os do Estado das m\u00e3os da burguesia. \u00c9 a hist\u00f3ria da luta dos trabalhadores para obter concess\u00f5es que tornem a vida menos dolorosa, menos infernal. Leis trabalhistas, pol\u00edticas sociais de compensa\u00e7\u00e3o: assim se constituiu a social-democracia na Europa. Aos trancos e barrancos, tivemos nossa social-democracia \u00e0 brasileira com Vargas e o PTB de Jango e Brizola. Verdade que, no Brasil, ela foi mais \u201csocial\u201d do que \u201cdemocracia\u201d, na medida em que parte das conquistas sociais veio sob a ditadura do Estado Novo.<\/p>\n<p>A Guerra Fria interrompeu o ciclo trabalhista, instalando uma ditadura (64-85) que adotou pol\u00edticas claras de concentra\u00e7\u00e3o de renda. Depois da Constitui\u00e7\u00e3o de 88, mas principalmente depois da chegada de Lula ao poder em 2002, o ciclo de \u201csocial-democracia\u201d \u00e0 brasileira foi retomado. Da mesma forma que na Era Vargas, o lulismo significou a incorpora\u00e7\u00e3o de milh\u00f5es de brasileiros ao mercado de massas.<\/p>\n<p>Uma parte da sociedade brasileira sentiu-se amea\u00e7ada pela mudan\u00e7a \u2013 feita dentro da ordem, sob hegemonia inclusive de pol\u00edtica econ\u00f4mica liberal, especialmente no primeiro governo Lula. Mas mesmo assim, um setor significativo da sociedade brasileira partiu para a desqualifica\u00e7\u00e3o. Bolsa Fam\u00edlia era \u201cbolsa esmola\u201d. Prouni era \u201cpr\u00eamio para gente despreparada\u201d. Quotas raciais eram \u201cincentivo pra gente vagabunda\u201d.  <\/p>\n<p>Esse mesmo setor agora estrebucha, se debate de forma constrangedora \u2013 contra os m\u00e9dicos. E o \u00f3dio maior \u00e9 contra os cubanos\u2026<\/p>\n<p>Uma pobre alma chegou a dizer no twitter (ou facebook, sei l\u00e1) que os m\u00e9dicos cubanos n\u00e3o eram confi\u00e1veis porque tinham apar\u00eancia de \u201cempregadas dom\u00e9sticas\u201d. De uma s\u00f3 tacada, tentou ofender os cubanos e as empregadas que cuidam das casas de quem pode pagar. Mas conseguiu apenas explicitar que tipo de pensamento tenta barrar a chegada dos m\u00e9dicos \u00e0s comunidades mais pobres do Brasil.<\/p>\n<p>Esse tipo de coment\u00e1rio, ou de ataque (esclarecedora tamb\u00e9m a foto das patricinhas de branco pensando ofender um m\u00e9dico negro cubano), cumpre papel did\u00e1tico. \u00c9 o passado que n\u00e3o quer passar. \u00c9 o sul derrotado na guerra de Secess\u00e3o. \u00c9 o Partido Republicano recusando-se a aceitar que Roosevelt tinha raz\u00e3o no New Deal. \u00c9 o Lacerda contra a Petrobras. \u00c9 o Ali Kamel da Globo contra as quotas. Essa gente fala para o passado. Um discurso derrotado.<\/p>\n<p>Reparem que nas redes sociais apareceu muita gente moderada, que tem cr\u00edticas ou d\u00favidas em rela\u00e7\u00e3o ao Mais M\u00e9dicos, mas que se sente constrangida com o discurso de \u00f3dio, com as cenas de racismo e de preconceito. E por isso passou a apoiar o programa. <\/p>\n<p>O conservadorismo de branco (e de brancos?) ainda vai estrebuchar. Vai ao STF, ao TCU. Vai tentar de tudo. Mas ainda que consiga atrasar o programa de M\u00e9dicos do governo federal, j\u00e1 perdeu o debate. L\u00e1 na frente, ter\u00e1 que botar o rabo entre as pernas.<\/p>\n<p>Por fim, vale dizer que muita gente aqui nos blogs e nas redes sociais costumava cobrar o PT e os governos de Lula e Dilma pela falta de \u201cpolitiza\u00e7\u00e3o\u201d do debate. O Ministro Alexandre Padilha topou fazer a politiza\u00e7\u00e3o \u2013 no bom sentido. Comprou a briga de uma forma inteligente: n\u00e3o com discurso ou com promessas, mas com um programa concreto e palp\u00e1vel. O pov\u00e3o do interior e das periferias vai aos poucos entender quem \u00e9 de direita no Brasil\u2026<\/p>\n<p>E do jeito que vai, essa direita vai levar tempo pra se recompor e voltar ao poder. Pelo voto, com esse tipo de rea\u00e7\u00e3o infantil e atrasada, essa direita seguir\u00e1 no gueto. Um gueto grande at\u00e9, de 30% do eleitorado. Mas seguir\u00e1 prisioneira do discurso do \u00f3dio. Um discurso derrotado pelos fatos e pela hist\u00f3ria. <\/p>\n<p>por Rodrigo Vianna &#8211; publicado no blog Escrevinhador<\/p>\n","protected":false},"excerpt":{"rendered":"<p>No come\u00e7o senti raiva. Depois, tristeza. Ao fim, procurei explica\u00e7\u00f5es. O cerco aos m\u00e9dicos cubanos, com xingamentos e manifesta\u00e7\u00f5es racistas, \u00e9 chocante \u00e0 primeira vista. Mas quem conhece nossa hist\u00f3ria de \u201celevador de servi\u00e7o\u201d, de \u201cquarto de empregada\u201d, de coronelismo&hellip;<\/p>\n","protected":false},"author":44,"featured_media":66584,"comment_status":"closed","ping_status":"open","sticky":false,"template":"","format":"standard","meta":{"footnotes":""},"categories":[104,116,42,165,1253],"tags":[2744,6102,6474],"class_list":["post-66583","post","type-post","status-publish","format-standard","has-post-thumbnail","hentry","category-america-do-sul","category-direitos-humanos","category-internacional-2","category-opiniao","category-saude","tag-brasil","tag-mais-medicos","tag-medicos-cubanos-no-brasil"],"yoast_head":"<!-- This site is optimized with the Yoast SEO plugin v27.1.1 - https:\/\/yoast.com\/product\/yoast-seo-wordpress\/ -->\n<title>O conservadorismo de branco(s): derrotado pela hist\u00f3ria<\/title>\n<meta name=\"description\" content=\"No come\u00e7o senti raiva. Depois, tristeza. Ao fim, procurei explica\u00e7\u00f5es. O cerco aos m\u00e9dicos cubanos, com xingamentos e manifesta\u00e7\u00f5es racistas, \u00e9 chocante \u00e0\" \/>\n<meta name=\"robots\" content=\"index, follow, max-snippet:-1, max-image-preview:large, max-video-preview:-1\" \/>\n<link rel=\"canonical\" href=\"https:\/\/www.pressenza.com\/pt-pt\/2013\/08\/66583\/\" \/>\n<meta property=\"og:locale\" content=\"pt_PT\" \/>\n<meta property=\"og:type\" content=\"article\" \/>\n<meta property=\"og:title\" content=\"O conservadorismo de branco(s): derrotado pela hist\u00f3ria\" \/>\n<meta property=\"og:description\" content=\"No come\u00e7o senti raiva. Depois, tristeza. Ao fim, procurei explica\u00e7\u00f5es. O cerco aos m\u00e9dicos cubanos, com xingamentos e manifesta\u00e7\u00f5es racistas, \u00e9 chocante \u00e0\" \/>\n<meta property=\"og:url\" content=\"https:\/\/www.pressenza.com\/pt-pt\/2013\/08\/66583\/\" \/>\n<meta property=\"og:site_name\" content=\"Pressenza\" \/>\n<meta property=\"article:publisher\" content=\"https:\/\/www.facebook.com\/PressenzaItalia\" \/>\n<meta property=\"article:author\" content=\"https:\/\/www.facebook.com\/PressenzaPortugues\" \/>\n<meta property=\"article:published_time\" content=\"2013-08-30T01:48:48+00:00\" \/>\n<meta property=\"article:modified_time\" content=\"2013-08-30T01:51:19+00:00\" \/>\n<meta property=\"og:image\" content=\"https:\/\/www.pressenza.com\/wp-content\/uploads\/2013\/08\/mais-medicos1.jpg\" \/>\n\t<meta property=\"og:image:width\" content=\"802\" \/>\n\t<meta property=\"og:image:height\" content=\"513\" \/>\n\t<meta property=\"og:image:type\" content=\"image\/jpeg\" \/>\n<meta name=\"author\" content=\"Reda\u00e7\u00e3o S\u00e3o Paulo\" \/>\n<meta name=\"twitter:card\" content=\"summary_large_image\" \/>\n<meta name=\"twitter:creator\" content=\"@pressenza_pt\" \/>\n<meta name=\"twitter:site\" content=\"@PressenzaIPA\" \/>\n<meta name=\"twitter:label1\" content=\"Escrito por\" \/>\n\t<meta name=\"twitter:data1\" content=\"Reda\u00e7\u00e3o S\u00e3o Paulo\" \/>\n\t<meta name=\"twitter:label2\" content=\"Tempo estimado de leitura\" \/>\n\t<meta name=\"twitter:data2\" content=\"4 minutos\" \/>\n<script type=\"application\/ld+json\" class=\"yoast-schema-graph\">{\"@context\":\"https:\/\/schema.org\",\"@graph\":[{\"@type\":\"Article\",\"@id\":\"https:\/\/www.pressenza.com\/pt-pt\/2013\/08\/66583\/#article\",\"isPartOf\":{\"@id\":\"https:\/\/www.pressenza.com\/pt-pt\/2013\/08\/66583\/\"},\"author\":{\"name\":\"Reda\u00e7\u00e3o S\u00e3o Paulo\",\"@id\":\"https:\/\/www.pressenza.com\/pt-pt\/#\/schema\/person\/d171826afb7693cfc394da95892bfd93\"},\"headline\":\"O conservadorismo de branco(s): derrotado pela hist\u00f3ria\",\"datePublished\":\"2013-08-30T01:48:48+00:00\",\"dateModified\":\"2013-08-30T01:51:19+00:00\",\"mainEntityOfPage\":{\"@id\":\"https:\/\/www.pressenza.com\/pt-pt\/2013\/08\/66583\/\"},\"wordCount\":869,\"publisher\":{\"@id\":\"https:\/\/www.pressenza.com\/pt-pt\/#organization\"},\"image\":{\"@id\":\"https:\/\/www.pressenza.com\/pt-pt\/2013\/08\/66583\/#primaryimage\"},\"thumbnailUrl\":\"https:\/\/www.pressenza.com\/wp-content\/uploads\/2013\/08\/mais-medicos1.jpg\",\"keywords\":[\"Brasil\",\"mais medicos\",\"medicos cubanos no brasil\"],\"articleSection\":[\"\u00c1m\u00e9rica do Sul\",\"Direitos Humanos\",\"Internacional\",\"Opini\u00e3o\",\"Sa\u00fade\"],\"inLanguage\":\"pt-PT\"},{\"@type\":\"WebPage\",\"@id\":\"https:\/\/www.pressenza.com\/pt-pt\/2013\/08\/66583\/\",\"url\":\"https:\/\/www.pressenza.com\/pt-pt\/2013\/08\/66583\/\",\"name\":\"O conservadorismo de branco(s): derrotado pela hist\u00f3ria\",\"isPartOf\":{\"@id\":\"https:\/\/www.pressenza.com\/pt-pt\/#website\"},\"primaryImageOfPage\":{\"@id\":\"https:\/\/www.pressenza.com\/pt-pt\/2013\/08\/66583\/#primaryimage\"},\"image\":{\"@id\":\"https:\/\/www.pressenza.com\/pt-pt\/2013\/08\/66583\/#primaryimage\"},\"thumbnailUrl\":\"https:\/\/www.pressenza.com\/wp-content\/uploads\/2013\/08\/mais-medicos1.jpg\",\"datePublished\":\"2013-08-30T01:48:48+00:00\",\"dateModified\":\"2013-08-30T01:51:19+00:00\",\"description\":\"No come\u00e7o senti raiva. Depois, tristeza. Ao fim, procurei explica\u00e7\u00f5es. O cerco aos m\u00e9dicos cubanos, com xingamentos e manifesta\u00e7\u00f5es racistas, \u00e9 chocante \u00e0\",\"breadcrumb\":{\"@id\":\"https:\/\/www.pressenza.com\/pt-pt\/2013\/08\/66583\/#breadcrumb\"},\"inLanguage\":\"pt-PT\",\"potentialAction\":[{\"@type\":\"ReadAction\",\"target\":[\"https:\/\/www.pressenza.com\/pt-pt\/2013\/08\/66583\/\"]}]},{\"@type\":\"ImageObject\",\"inLanguage\":\"pt-PT\",\"@id\":\"https:\/\/www.pressenza.com\/pt-pt\/2013\/08\/66583\/#primaryimage\",\"url\":\"https:\/\/www.pressenza.com\/wp-content\/uploads\/2013\/08\/mais-medicos1.jpg\",\"contentUrl\":\"https:\/\/www.pressenza.com\/wp-content\/uploads\/2013\/08\/mais-medicos1.jpg\",\"width\":802,\"height\":513},{\"@type\":\"BreadcrumbList\",\"@id\":\"https:\/\/www.pressenza.com\/pt-pt\/2013\/08\/66583\/#breadcrumb\",\"itemListElement\":[{\"@type\":\"ListItem\",\"position\":1,\"name\":\"Accueil\",\"item\":\"https:\/\/www.pressenza.com\/pt-pt\/\"},{\"@type\":\"ListItem\",\"position\":2,\"name\":\"O conservadorismo de branco(s): derrotado pela hist\u00f3ria\"}]},{\"@type\":\"WebSite\",\"@id\":\"https:\/\/www.pressenza.com\/pt-pt\/#website\",\"url\":\"https:\/\/www.pressenza.com\/pt-pt\/\",\"name\":\"Pressenza\",\"description\":\"International Press Agency\",\"publisher\":{\"@id\":\"https:\/\/www.pressenza.com\/pt-pt\/#organization\"},\"potentialAction\":[{\"@type\":\"SearchAction\",\"target\":{\"@type\":\"EntryPoint\",\"urlTemplate\":\"https:\/\/www.pressenza.com\/pt-pt\/?s={search_term_string}\"},\"query-input\":{\"@type\":\"PropertyValueSpecification\",\"valueRequired\":true,\"valueName\":\"search_term_string\"}}],\"inLanguage\":\"pt-PT\"},{\"@type\":\"Organization\",\"@id\":\"https:\/\/www.pressenza.com\/pt-pt\/#organization\",\"name\":\"Pressenza\",\"url\":\"https:\/\/www.pressenza.com\/pt-pt\/\",\"logo\":{\"@type\":\"ImageObject\",\"inLanguage\":\"pt-PT\",\"@id\":\"https:\/\/www.pressenza.com\/pt-pt\/#\/schema\/logo\/image\/\",\"url\":\"https:\/\/www.pressenza.com\/wp-content\/uploads\/2022\/10\/pressenza_logo_200x200.jpg\",\"contentUrl\":\"https:\/\/www.pressenza.com\/wp-content\/uploads\/2022\/10\/pressenza_logo_200x200.jpg\",\"width\":200,\"height\":200,\"caption\":\"Pressenza\"},\"image\":{\"@id\":\"https:\/\/www.pressenza.com\/pt-pt\/#\/schema\/logo\/image\/\"},\"sameAs\":[\"https:\/\/www.facebook.com\/PressenzaItalia\",\"https:\/\/x.com\/PressenzaIPA\"]},{\"@type\":\"Person\",\"@id\":\"https:\/\/www.pressenza.com\/pt-pt\/#\/schema\/person\/d171826afb7693cfc394da95892bfd93\",\"name\":\"Reda\u00e7\u00e3o S\u00e3o Paulo\",\"description\":\"News from the Pressenza bureau in Sao Paulo, Brazil\",\"sameAs\":[\"https:\/\/www.facebook.com\/PressenzaPortugues\",\"https:\/\/x.com\/pressenza_pt\"],\"url\":\"https:\/\/www.pressenza.com\/pt-pt\/author\/redaccao-sao-paulo\/\"}]}<\/script>\n<!-- \/ Yoast SEO plugin. -->","yoast_head_json":{"title":"O conservadorismo de branco(s): derrotado pela hist\u00f3ria","description":"No come\u00e7o senti raiva. Depois, tristeza. Ao fim, procurei explica\u00e7\u00f5es. O cerco aos m\u00e9dicos cubanos, com xingamentos e manifesta\u00e7\u00f5es racistas, \u00e9 chocante \u00e0","robots":{"index":"index","follow":"follow","max-snippet":"max-snippet:-1","max-image-preview":"max-image-preview:large","max-video-preview":"max-video-preview:-1"},"canonical":"https:\/\/www.pressenza.com\/pt-pt\/2013\/08\/66583\/","og_locale":"pt_PT","og_type":"article","og_title":"O conservadorismo de branco(s): derrotado pela hist\u00f3ria","og_description":"No come\u00e7o senti raiva. Depois, tristeza. Ao fim, procurei explica\u00e7\u00f5es. O cerco aos m\u00e9dicos cubanos, com xingamentos e manifesta\u00e7\u00f5es racistas, \u00e9 chocante \u00e0","og_url":"https:\/\/www.pressenza.com\/pt-pt\/2013\/08\/66583\/","og_site_name":"Pressenza","article_publisher":"https:\/\/www.facebook.com\/PressenzaItalia","article_author":"https:\/\/www.facebook.com\/PressenzaPortugues","article_published_time":"2013-08-30T01:48:48+00:00","article_modified_time":"2013-08-30T01:51:19+00:00","og_image":[{"width":802,"height":513,"url":"https:\/\/www.pressenza.com\/wp-content\/uploads\/2013\/08\/mais-medicos1.jpg","type":"image\/jpeg"}],"author":"Reda\u00e7\u00e3o S\u00e3o Paulo","twitter_card":"summary_large_image","twitter_creator":"@pressenza_pt","twitter_site":"@PressenzaIPA","twitter_misc":{"Escrito por":"Reda\u00e7\u00e3o S\u00e3o Paulo","Tempo estimado de leitura":"4 minutos"},"schema":{"@context":"https:\/\/schema.org","@graph":[{"@type":"Article","@id":"https:\/\/www.pressenza.com\/pt-pt\/2013\/08\/66583\/#article","isPartOf":{"@id":"https:\/\/www.pressenza.com\/pt-pt\/2013\/08\/66583\/"},"author":{"name":"Reda\u00e7\u00e3o S\u00e3o Paulo","@id":"https:\/\/www.pressenza.com\/pt-pt\/#\/schema\/person\/d171826afb7693cfc394da95892bfd93"},"headline":"O conservadorismo de branco(s): derrotado pela hist\u00f3ria","datePublished":"2013-08-30T01:48:48+00:00","dateModified":"2013-08-30T01:51:19+00:00","mainEntityOfPage":{"@id":"https:\/\/www.pressenza.com\/pt-pt\/2013\/08\/66583\/"},"wordCount":869,"publisher":{"@id":"https:\/\/www.pressenza.com\/pt-pt\/#organization"},"image":{"@id":"https:\/\/www.pressenza.com\/pt-pt\/2013\/08\/66583\/#primaryimage"},"thumbnailUrl":"https:\/\/www.pressenza.com\/wp-content\/uploads\/2013\/08\/mais-medicos1.jpg","keywords":["Brasil","mais medicos","medicos cubanos no brasil"],"articleSection":["\u00c1m\u00e9rica do Sul","Direitos Humanos","Internacional","Opini\u00e3o","Sa\u00fade"],"inLanguage":"pt-PT"},{"@type":"WebPage","@id":"https:\/\/www.pressenza.com\/pt-pt\/2013\/08\/66583\/","url":"https:\/\/www.pressenza.com\/pt-pt\/2013\/08\/66583\/","name":"O conservadorismo de branco(s): derrotado pela hist\u00f3ria","isPartOf":{"@id":"https:\/\/www.pressenza.com\/pt-pt\/#website"},"primaryImageOfPage":{"@id":"https:\/\/www.pressenza.com\/pt-pt\/2013\/08\/66583\/#primaryimage"},"image":{"@id":"https:\/\/www.pressenza.com\/pt-pt\/2013\/08\/66583\/#primaryimage"},"thumbnailUrl":"https:\/\/www.pressenza.com\/wp-content\/uploads\/2013\/08\/mais-medicos1.jpg","datePublished":"2013-08-30T01:48:48+00:00","dateModified":"2013-08-30T01:51:19+00:00","description":"No come\u00e7o senti raiva. Depois, tristeza. Ao fim, procurei explica\u00e7\u00f5es. O cerco aos m\u00e9dicos cubanos, com xingamentos e manifesta\u00e7\u00f5es racistas, \u00e9 chocante \u00e0","breadcrumb":{"@id":"https:\/\/www.pressenza.com\/pt-pt\/2013\/08\/66583\/#breadcrumb"},"inLanguage":"pt-PT","potentialAction":[{"@type":"ReadAction","target":["https:\/\/www.pressenza.com\/pt-pt\/2013\/08\/66583\/"]}]},{"@type":"ImageObject","inLanguage":"pt-PT","@id":"https:\/\/www.pressenza.com\/pt-pt\/2013\/08\/66583\/#primaryimage","url":"https:\/\/www.pressenza.com\/wp-content\/uploads\/2013\/08\/mais-medicos1.jpg","contentUrl":"https:\/\/www.pressenza.com\/wp-content\/uploads\/2013\/08\/mais-medicos1.jpg","width":802,"height":513},{"@type":"BreadcrumbList","@id":"https:\/\/www.pressenza.com\/pt-pt\/2013\/08\/66583\/#breadcrumb","itemListElement":[{"@type":"ListItem","position":1,"name":"Accueil","item":"https:\/\/www.pressenza.com\/pt-pt\/"},{"@type":"ListItem","position":2,"name":"O conservadorismo de branco(s): derrotado pela hist\u00f3ria"}]},{"@type":"WebSite","@id":"https:\/\/www.pressenza.com\/pt-pt\/#website","url":"https:\/\/www.pressenza.com\/pt-pt\/","name":"Pressenza","description":"International Press Agency","publisher":{"@id":"https:\/\/www.pressenza.com\/pt-pt\/#organization"},"potentialAction":[{"@type":"SearchAction","target":{"@type":"EntryPoint","urlTemplate":"https:\/\/www.pressenza.com\/pt-pt\/?s={search_term_string}"},"query-input":{"@type":"PropertyValueSpecification","valueRequired":true,"valueName":"search_term_string"}}],"inLanguage":"pt-PT"},{"@type":"Organization","@id":"https:\/\/www.pressenza.com\/pt-pt\/#organization","name":"Pressenza","url":"https:\/\/www.pressenza.com\/pt-pt\/","logo":{"@type":"ImageObject","inLanguage":"pt-PT","@id":"https:\/\/www.pressenza.com\/pt-pt\/#\/schema\/logo\/image\/","url":"https:\/\/www.pressenza.com\/wp-content\/uploads\/2022\/10\/pressenza_logo_200x200.jpg","contentUrl":"https:\/\/www.pressenza.com\/wp-content\/uploads\/2022\/10\/pressenza_logo_200x200.jpg","width":200,"height":200,"caption":"Pressenza"},"image":{"@id":"https:\/\/www.pressenza.com\/pt-pt\/#\/schema\/logo\/image\/"},"sameAs":["https:\/\/www.facebook.com\/PressenzaItalia","https:\/\/x.com\/PressenzaIPA"]},{"@type":"Person","@id":"https:\/\/www.pressenza.com\/pt-pt\/#\/schema\/person\/d171826afb7693cfc394da95892bfd93","name":"Reda\u00e7\u00e3o S\u00e3o Paulo","description":"News from the Pressenza bureau in Sao Paulo, Brazil","sameAs":["https:\/\/www.facebook.com\/PressenzaPortugues","https:\/\/x.com\/pressenza_pt"],"url":"https:\/\/www.pressenza.com\/pt-pt\/author\/redaccao-sao-paulo\/"}]}},"place":"","original_article_url":"","_links":{"self":[{"href":"https:\/\/www.pressenza.com\/pt-pt\/wp-json\/wp\/v2\/posts\/66583","targetHints":{"allow":["GET"]}}],"collection":[{"href":"https:\/\/www.pressenza.com\/pt-pt\/wp-json\/wp\/v2\/posts"}],"about":[{"href":"https:\/\/www.pressenza.com\/pt-pt\/wp-json\/wp\/v2\/types\/post"}],"author":[{"embeddable":true,"href":"https:\/\/www.pressenza.com\/pt-pt\/wp-json\/wp\/v2\/users\/44"}],"replies":[{"embeddable":true,"href":"https:\/\/www.pressenza.com\/pt-pt\/wp-json\/wp\/v2\/comments?post=66583"}],"version-history":[{"count":0,"href":"https:\/\/www.pressenza.com\/pt-pt\/wp-json\/wp\/v2\/posts\/66583\/revisions"}],"wp:featuredmedia":[{"embeddable":true,"href":"https:\/\/www.pressenza.com\/pt-pt\/wp-json\/wp\/v2\/media\/66584"}],"wp:attachment":[{"href":"https:\/\/www.pressenza.com\/pt-pt\/wp-json\/wp\/v2\/media?parent=66583"}],"wp:term":[{"taxonomy":"category","embeddable":true,"href":"https:\/\/www.pressenza.com\/pt-pt\/wp-json\/wp\/v2\/categories?post=66583"},{"taxonomy":"post_tag","embeddable":true,"href":"https:\/\/www.pressenza.com\/pt-pt\/wp-json\/wp\/v2\/tags?post=66583"}],"curies":[{"name":"wp","href":"https:\/\/api.w.org\/{rel}","templated":true}]}}