{"id":653311,"date":"2018-06-06T22:34:16","date_gmt":"2018-06-06T21:34:16","guid":{"rendered":"https:\/\/www.pressenza.com\/?p=653311"},"modified":"2018-06-06T23:32:37","modified_gmt":"2018-06-06T22:32:37","slug":"um-mes-do-desabamento-no-largo-paissandu","status":"publish","type":"post","link":"https:\/\/www.pressenza.com\/pt-pt\/2018\/06\/um-mes-do-desabamento-no-largo-paissandu\/","title":{"rendered":"Um m\u00eas do desabamento no Largo Paissandu"},"content":{"rendered":"<p><em><span style=\"font-weight: 400;\">Ap\u00f3s o desabamento no largo Paissandu pessoas seguem desabrigadas<\/span><\/em><\/p>\n<h2><b>A Trag\u00e9dia no Largo Paissandu<\/b><\/h2>\n<p><span style=\"font-weight: 400;\">S\u00e3o Paulo, a maior cidade do sul do mundo. Um formigueiro gigantesco de pessoas. Um mar de cheiros, sons, sabores e cultura. Em um importante ponto no cora\u00e7\u00e3o da selva de pedra o arranha c\u00e9u de vidro, edif\u00edcio Wilton Paes de Almeida estava localizado. Pr\u00f3ximo da galeria do Rock, local que \u00e9 ponto de encontro de muitos jovens paulistanos e da hist\u00f3rica Igreja do Ros\u00e1rio. <\/span><\/p>\n<p><span style=\"font-weight: 400;\">Erguido na d\u00e9cada de 60 o pr\u00e9dio no largo paissandu foi sede conglomerados empresariais, da Pol\u00edcia Federal e abrigou por um curto per\u00edodo uma ag\u00eancia do INSS. Antes de desabamento no Largo Paissandu, no dia primeiro de Maio, dia do trabalhador, o pr\u00e9dio serviu de moradia para dezenas de fam\u00edlias. <\/span><\/p>\n<p><span style=\"font-weight: 400;\">Ningu\u00e9m ocupa por que quer. Ocupa por necessidade. As fam\u00edlias que ocuparam o pr\u00e9dio do largo paissandu s\u00e3o algumas entre as milhares que n\u00e3o conseguem pagar os alugu\u00e9is exorbitantes, nem t\u00eam acesso aos financiamentos dos grandes bancos. <\/span><\/p>\n<p><span style=\"font-weight: 400;\">Ocupar \u00e9 resistir. Resistir em uma cidade ca\u00f3tica e marcada por uma forte especula\u00e7\u00e3o imobili\u00e1ria. Resistir frente \u00e0s adversidades trazidas por um sistema que privilegia o lucro ao inv\u00e9s das vidas. Resistir ocupando os espa\u00e7os centrais, que no imagin\u00e1rio de muita gente s\u00f3 deve servir de moradia para as pessoas ricas. Para os pobres<\/span><span style=\"font-weight: 400;\">: os extremos da cidade com suas favelas e falta de infraestrutura (hospitais, rede de tr\u00eam e metr\u00f4, escolas, e etc).<\/span><\/p>\n<p>Assita o v\u00eddeo produzido pela <a href=\"http:\/\/quatrov.com.br\/\">QuatroV<\/a> sobre o assunto &#8211;<\/p>\n<div style=\"position: relative; height: 0; padding-bottom: 56.25%;\"><iframe loading=\"lazy\" style=\"position: absolute; width: 100%; height: 100%; left: 0;\" src=\"https:\/\/www.youtube.com\/embed\/NWeq63HLFaw?rel=0&amp;ecver=2\" width=\"640\" height=\"360\" frameborder=\"0\" allowfullscreen=\"allowfullscreen\"><\/iframe><\/div>\n<h2><b>Criminaliza\u00e7\u00e3o do movimento de Moradia que ocupava o pr\u00e9dio do Largo Paissandu<\/b><\/h2>\n<p><a href=\"https:\/\/www.pressenza.com\/pt-pt\/2018\/05\/desabamento-sp-amostra-do-quao-perigosa-combinacao-vulnerabilidade-lucros\/\"><span style=\"font-weight: 400;\">Leia &#8211; &#8220;Desabamento em SP: uma amostra do qu\u00e3o perigosa \u00e9 a combina\u00e7\u00e3o entre vulnerabilidade e lucros.&#8221;<\/span><\/a><\/p>\n<p><span style=\"font-weight: 400;\">A narrativa da grande m\u00eddia, da m\u00eddia comercial, foi a de culpabilizar os movimentos sociais de luta por moradia. O desabamento do Largo Paissandu foi reproduzido nos diferentes ve\u00edculos de comunica\u00e7\u00e3o como fruto das ocupa\u00e7\u00f5es. Fam\u00edlias inteiras foram reduzidas literalmente as cinzas por conta de uma neglig\u00eancia dos diferentes poderes p\u00fablicos (governo federal, estadual e prefeitura) e o que se via e ouvia era de que a culpa n\u00e3o era do descaso e neglig\u00eancia do Estado brasileiro e sim das pessoas que ocuparam o pr\u00e9dio do Largo Paissandu por um \u00fanico e exclusivo motivo<\/span><span style=\"font-weight: 400;\">: N-E-C-E-S-S-I-D-A-D-E. <\/span><\/p>\n<p><span style=\"font-weight: 400;\">Ap\u00f3s um m\u00eas do desabamento pessoas seguem acampadas no largo paissandu. Uma <\/span><a href=\"https:\/\/jornalistaslivres.org\/um-dia-das-maes-amargo-para-as-familias-do-largo-do-paissandu\/\"><span style=\"font-weight: 400;\">reportagem<\/span><\/a><span style=\"font-weight: 400;\"> publicada no site dos Jornalistas Livres trouxe a tona que al\u00e9m de n\u00e3o prover moradia para tais pessoas, o (des)governo do prefeito de S\u00e3o Paulo teria buscado intimidar as m\u00e3es para que sa\u00edssem do local com a retirada da guarda de seus filhos. Um ato cruel, desumano e que mais uma vez refor\u00e7a a ret\u00f3rica de uma cidade para ricos, para poucos. <\/span><\/p>\n<p><span style=\"font-weight: 400;\">A prefeitura tem afirmado que no local do desabamento do largo paissandu ser\u00e1 constru\u00eddo moradia para as pessoas. Por\u00e9m o que ainda temos visto (infelizmente) \u00e9 o descaso. A carta magna do Brasil diz com todas as letras e de forma clara e evidente que morar \u00e9 um direito. Um direito que n\u00e3o pode ser reduzido aos interesses do capital. A propriedade deve antes de mais nada cumprir sua fun\u00e7\u00e3o social. As casas devem servir de moradias. Quantos terrenos est\u00e3o sem uso? Quantas casas no Brasil e no mundo est\u00e3o abandonadas e que poderiam abrigar in\u00fameras fam\u00edlias?<\/span><\/p>\n<p><em>Imagem de capa<\/em><strong> <a href=\"https:\/\/www.facebook.com\/MidiaNINJA\">M\u00eddia Ninja<\/a><\/strong><\/p>\n<p><em>Texto por<\/em> <strong>Vin\u00edcius Chamlet<\/strong><\/p>\n<p>&nbsp;<\/p>\n","protected":false},"excerpt":{"rendered":"<p>Ap\u00f3s o desabamento no largo Paissandu pessoas seguem desabrigadas A Trag\u00e9dia no Largo Paissandu S\u00e3o Paulo, a maior cidade do sul do mundo. Um formigueiro gigantesco de pessoas. Um mar de cheiros, sons, sabores e cultura. Em um importante ponto&hellip;<\/p>\n","protected":false},"author":44,"featured_media":653312,"comment_status":"closed","ping_status":"closed","sticky":false,"template":"","format":"standard","meta":{"footnotes":""},"categories":[104,11390,116],"tags":[20925,10424],"class_list":["post-653311","post","type-post","status-publish","format-standard","has-post-thumbnail","hentry","category-america-do-sul","category-conteudo-original","category-direitos-humanos","tag-moradia","tag-mtst"],"yoast_head":"<!-- This site is optimized with the Yoast SEO plugin v27.1.1 - https:\/\/yoast.com\/product\/yoast-seo-wordpress\/ -->\n<title>Um m\u00eas do desabamento no Largo Paissandu<\/title>\n<meta name=\"description\" content=\"Ningu\u00e9m ocupa por que quer. Ocupa por necessidade. As fam\u00edlias que ocuparam o pr\u00e9dio do largo paissandu s\u00e3o algumas entre as milhares que n\u00e3o conseguem pagar os alugu\u00e9is exorbitantes, nem t\u00eam acesso aos financiamentos dos grandes bancos.\" \/>\n<meta name=\"robots\" content=\"index, follow, max-snippet:-1, max-image-preview:large, max-video-preview:-1\" \/>\n<link rel=\"canonical\" href=\"https:\/\/www.pressenza.com\/pt-pt\/2018\/06\/um-mes-do-desabamento-no-largo-paissandu\/\" \/>\n<meta property=\"og:locale\" content=\"pt_PT\" \/>\n<meta property=\"og:type\" content=\"article\" \/>\n<meta property=\"og:title\" content=\"Um m\u00eas do desabamento no Largo Paissandu\" \/>\n<meta property=\"og:description\" content=\"Ningu\u00e9m ocupa por que quer. Ocupa por necessidade. As fam\u00edlias que ocuparam o pr\u00e9dio do largo paissandu s\u00e3o algumas entre as milhares que n\u00e3o conseguem pagar os alugu\u00e9is exorbitantes, nem t\u00eam acesso aos financiamentos dos grandes bancos.\" \/>\n<meta property=\"og:url\" content=\"https:\/\/www.pressenza.com\/pt-pt\/2018\/06\/um-mes-do-desabamento-no-largo-paissandu\/\" \/>\n<meta property=\"og:site_name\" content=\"Pressenza\" \/>\n<meta property=\"article:publisher\" content=\"https:\/\/www.facebook.com\/PressenzaItalia\" \/>\n<meta property=\"article:author\" content=\"https:\/\/www.facebook.com\/PressenzaPortugues\" \/>\n<meta property=\"article:published_time\" content=\"2018-06-06T21:34:16+00:00\" \/>\n<meta property=\"article:modified_time\" content=\"2018-06-06T22:32:37+00:00\" \/>\n<meta property=\"og:image\" content=\"https:\/\/www.pressenza.com\/wp-content\/uploads\/2018\/06\/Um-me--s-do-desabamento-no-Largo-Paissandu.jpg\" \/>\n\t<meta property=\"og:image:width\" content=\"1800\" \/>\n\t<meta property=\"og:image:height\" content=\"1200\" \/>\n\t<meta property=\"og:image:type\" content=\"image\/jpeg\" \/>\n<meta name=\"author\" content=\"Reda\u00e7\u00e3o S\u00e3o Paulo\" \/>\n<meta name=\"twitter:card\" content=\"summary_large_image\" \/>\n<meta name=\"twitter:creator\" content=\"@pressenza_pt\" \/>\n<meta name=\"twitter:site\" content=\"@PressenzaIPA\" \/>\n<meta name=\"twitter:label1\" content=\"Escrito por\" \/>\n\t<meta name=\"twitter:data1\" content=\"Reda\u00e7\u00e3o S\u00e3o Paulo\" \/>\n\t<meta name=\"twitter:label2\" content=\"Tempo estimado de leitura\" \/>\n\t<meta name=\"twitter:data2\" content=\"3 minutos\" \/>\n<script type=\"application\/ld+json\" class=\"yoast-schema-graph\">{\"@context\":\"https:\/\/schema.org\",\"@graph\":[{\"@type\":\"Article\",\"@id\":\"https:\/\/www.pressenza.com\/pt-pt\/2018\/06\/um-mes-do-desabamento-no-largo-paissandu\/#article\",\"isPartOf\":{\"@id\":\"https:\/\/www.pressenza.com\/pt-pt\/2018\/06\/um-mes-do-desabamento-no-largo-paissandu\/\"},\"author\":{\"name\":\"Reda\u00e7\u00e3o S\u00e3o Paulo\",\"@id\":\"https:\/\/www.pressenza.com\/pt-pt\/#\/schema\/person\/d171826afb7693cfc394da95892bfd93\"},\"headline\":\"Um m\u00eas do desabamento no Largo Paissandu\",\"datePublished\":\"2018-06-06T21:34:16+00:00\",\"dateModified\":\"2018-06-06T22:32:37+00:00\",\"mainEntityOfPage\":{\"@id\":\"https:\/\/www.pressenza.com\/pt-pt\/2018\/06\/um-mes-do-desabamento-no-largo-paissandu\/\"},\"wordCount\":624,\"publisher\":{\"@id\":\"https:\/\/www.pressenza.com\/pt-pt\/#organization\"},\"image\":{\"@id\":\"https:\/\/www.pressenza.com\/pt-pt\/2018\/06\/um-mes-do-desabamento-no-largo-paissandu\/#primaryimage\"},\"thumbnailUrl\":\"https:\/\/www.pressenza.com\/wp-content\/uploads\/2018\/06\/Um-me--s-do-desabamento-no-Largo-Paissandu.jpg\",\"keywords\":[\"moradia\",\"MTST\"],\"articleSection\":[\"\u00c1m\u00e9rica do Sul\",\"Conte\u00fado Original\",\"Direitos Humanos\"],\"inLanguage\":\"pt-PT\"},{\"@type\":\"WebPage\",\"@id\":\"https:\/\/www.pressenza.com\/pt-pt\/2018\/06\/um-mes-do-desabamento-no-largo-paissandu\/\",\"url\":\"https:\/\/www.pressenza.com\/pt-pt\/2018\/06\/um-mes-do-desabamento-no-largo-paissandu\/\",\"name\":\"Um m\u00eas do desabamento no Largo Paissandu\",\"isPartOf\":{\"@id\":\"https:\/\/www.pressenza.com\/pt-pt\/#website\"},\"primaryImageOfPage\":{\"@id\":\"https:\/\/www.pressenza.com\/pt-pt\/2018\/06\/um-mes-do-desabamento-no-largo-paissandu\/#primaryimage\"},\"image\":{\"@id\":\"https:\/\/www.pressenza.com\/pt-pt\/2018\/06\/um-mes-do-desabamento-no-largo-paissandu\/#primaryimage\"},\"thumbnailUrl\":\"https:\/\/www.pressenza.com\/wp-content\/uploads\/2018\/06\/Um-me--s-do-desabamento-no-Largo-Paissandu.jpg\",\"datePublished\":\"2018-06-06T21:34:16+00:00\",\"dateModified\":\"2018-06-06T22:32:37+00:00\",\"description\":\"Ningu\u00e9m ocupa por que quer. Ocupa por necessidade. As fam\u00edlias que ocuparam o pr\u00e9dio do largo paissandu s\u00e3o algumas entre as milhares que n\u00e3o conseguem pagar os alugu\u00e9is exorbitantes, nem t\u00eam acesso aos financiamentos dos grandes bancos.\",\"breadcrumb\":{\"@id\":\"https:\/\/www.pressenza.com\/pt-pt\/2018\/06\/um-mes-do-desabamento-no-largo-paissandu\/#breadcrumb\"},\"inLanguage\":\"pt-PT\",\"potentialAction\":[{\"@type\":\"ReadAction\",\"target\":[\"https:\/\/www.pressenza.com\/pt-pt\/2018\/06\/um-mes-do-desabamento-no-largo-paissandu\/\"]}]},{\"@type\":\"ImageObject\",\"inLanguage\":\"pt-PT\",\"@id\":\"https:\/\/www.pressenza.com\/pt-pt\/2018\/06\/um-mes-do-desabamento-no-largo-paissandu\/#primaryimage\",\"url\":\"https:\/\/www.pressenza.com\/wp-content\/uploads\/2018\/06\/Um-me--s-do-desabamento-no-Largo-Paissandu.jpg\",\"contentUrl\":\"https:\/\/www.pressenza.com\/wp-content\/uploads\/2018\/06\/Um-me--s-do-desabamento-no-Largo-Paissandu.jpg\",\"width\":1800,\"height\":1200,\"caption\":\"Imagem - M\u00eddia Ninja\"},{\"@type\":\"BreadcrumbList\",\"@id\":\"https:\/\/www.pressenza.com\/pt-pt\/2018\/06\/um-mes-do-desabamento-no-largo-paissandu\/#breadcrumb\",\"itemListElement\":[{\"@type\":\"ListItem\",\"position\":1,\"name\":\"Accueil\",\"item\":\"https:\/\/www.pressenza.com\/pt-pt\/\"},{\"@type\":\"ListItem\",\"position\":2,\"name\":\"Um m\u00eas do desabamento no Largo Paissandu\"}]},{\"@type\":\"WebSite\",\"@id\":\"https:\/\/www.pressenza.com\/pt-pt\/#website\",\"url\":\"https:\/\/www.pressenza.com\/pt-pt\/\",\"name\":\"Pressenza\",\"description\":\"International Press Agency\",\"publisher\":{\"@id\":\"https:\/\/www.pressenza.com\/pt-pt\/#organization\"},\"potentialAction\":[{\"@type\":\"SearchAction\",\"target\":{\"@type\":\"EntryPoint\",\"urlTemplate\":\"https:\/\/www.pressenza.com\/pt-pt\/?s={search_term_string}\"},\"query-input\":{\"@type\":\"PropertyValueSpecification\",\"valueRequired\":true,\"valueName\":\"search_term_string\"}}],\"inLanguage\":\"pt-PT\"},{\"@type\":\"Organization\",\"@id\":\"https:\/\/www.pressenza.com\/pt-pt\/#organization\",\"name\":\"Pressenza\",\"url\":\"https:\/\/www.pressenza.com\/pt-pt\/\",\"logo\":{\"@type\":\"ImageObject\",\"inLanguage\":\"pt-PT\",\"@id\":\"https:\/\/www.pressenza.com\/pt-pt\/#\/schema\/logo\/image\/\",\"url\":\"https:\/\/www.pressenza.com\/wp-content\/uploads\/2022\/10\/pressenza_logo_200x200.jpg\",\"contentUrl\":\"https:\/\/www.pressenza.com\/wp-content\/uploads\/2022\/10\/pressenza_logo_200x200.jpg\",\"width\":200,\"height\":200,\"caption\":\"Pressenza\"},\"image\":{\"@id\":\"https:\/\/www.pressenza.com\/pt-pt\/#\/schema\/logo\/image\/\"},\"sameAs\":[\"https:\/\/www.facebook.com\/PressenzaItalia\",\"https:\/\/x.com\/PressenzaIPA\"]},{\"@type\":\"Person\",\"@id\":\"https:\/\/www.pressenza.com\/pt-pt\/#\/schema\/person\/d171826afb7693cfc394da95892bfd93\",\"name\":\"Reda\u00e7\u00e3o S\u00e3o Paulo\",\"description\":\"News from the Pressenza bureau in Sao Paulo, Brazil\",\"sameAs\":[\"https:\/\/www.facebook.com\/PressenzaPortugues\",\"https:\/\/x.com\/pressenza_pt\"],\"url\":\"https:\/\/www.pressenza.com\/pt-pt\/author\/redaccao-sao-paulo\/\"}]}<\/script>\n<!-- \/ Yoast SEO plugin. -->","yoast_head_json":{"title":"Um m\u00eas do desabamento no Largo Paissandu","description":"Ningu\u00e9m ocupa por que quer. Ocupa por necessidade. As fam\u00edlias que ocuparam o pr\u00e9dio do largo paissandu s\u00e3o algumas entre as milhares que n\u00e3o conseguem pagar os alugu\u00e9is exorbitantes, nem t\u00eam acesso aos financiamentos dos grandes bancos.","robots":{"index":"index","follow":"follow","max-snippet":"max-snippet:-1","max-image-preview":"max-image-preview:large","max-video-preview":"max-video-preview:-1"},"canonical":"https:\/\/www.pressenza.com\/pt-pt\/2018\/06\/um-mes-do-desabamento-no-largo-paissandu\/","og_locale":"pt_PT","og_type":"article","og_title":"Um m\u00eas do desabamento no Largo Paissandu","og_description":"Ningu\u00e9m ocupa por que quer. Ocupa por necessidade. As fam\u00edlias que ocuparam o pr\u00e9dio do largo paissandu s\u00e3o algumas entre as milhares que n\u00e3o conseguem pagar os alugu\u00e9is exorbitantes, nem t\u00eam acesso aos financiamentos dos grandes bancos.","og_url":"https:\/\/www.pressenza.com\/pt-pt\/2018\/06\/um-mes-do-desabamento-no-largo-paissandu\/","og_site_name":"Pressenza","article_publisher":"https:\/\/www.facebook.com\/PressenzaItalia","article_author":"https:\/\/www.facebook.com\/PressenzaPortugues","article_published_time":"2018-06-06T21:34:16+00:00","article_modified_time":"2018-06-06T22:32:37+00:00","og_image":[{"width":1800,"height":1200,"url":"https:\/\/www.pressenza.com\/wp-content\/uploads\/2018\/06\/Um-me--s-do-desabamento-no-Largo-Paissandu.jpg","type":"image\/jpeg"}],"author":"Reda\u00e7\u00e3o S\u00e3o Paulo","twitter_card":"summary_large_image","twitter_creator":"@pressenza_pt","twitter_site":"@PressenzaIPA","twitter_misc":{"Escrito por":"Reda\u00e7\u00e3o S\u00e3o Paulo","Tempo estimado de leitura":"3 minutos"},"schema":{"@context":"https:\/\/schema.org","@graph":[{"@type":"Article","@id":"https:\/\/www.pressenza.com\/pt-pt\/2018\/06\/um-mes-do-desabamento-no-largo-paissandu\/#article","isPartOf":{"@id":"https:\/\/www.pressenza.com\/pt-pt\/2018\/06\/um-mes-do-desabamento-no-largo-paissandu\/"},"author":{"name":"Reda\u00e7\u00e3o S\u00e3o Paulo","@id":"https:\/\/www.pressenza.com\/pt-pt\/#\/schema\/person\/d171826afb7693cfc394da95892bfd93"},"headline":"Um m\u00eas do desabamento no Largo Paissandu","datePublished":"2018-06-06T21:34:16+00:00","dateModified":"2018-06-06T22:32:37+00:00","mainEntityOfPage":{"@id":"https:\/\/www.pressenza.com\/pt-pt\/2018\/06\/um-mes-do-desabamento-no-largo-paissandu\/"},"wordCount":624,"publisher":{"@id":"https:\/\/www.pressenza.com\/pt-pt\/#organization"},"image":{"@id":"https:\/\/www.pressenza.com\/pt-pt\/2018\/06\/um-mes-do-desabamento-no-largo-paissandu\/#primaryimage"},"thumbnailUrl":"https:\/\/www.pressenza.com\/wp-content\/uploads\/2018\/06\/Um-me--s-do-desabamento-no-Largo-Paissandu.jpg","keywords":["moradia","MTST"],"articleSection":["\u00c1m\u00e9rica do Sul","Conte\u00fado Original","Direitos Humanos"],"inLanguage":"pt-PT"},{"@type":"WebPage","@id":"https:\/\/www.pressenza.com\/pt-pt\/2018\/06\/um-mes-do-desabamento-no-largo-paissandu\/","url":"https:\/\/www.pressenza.com\/pt-pt\/2018\/06\/um-mes-do-desabamento-no-largo-paissandu\/","name":"Um m\u00eas do desabamento no Largo Paissandu","isPartOf":{"@id":"https:\/\/www.pressenza.com\/pt-pt\/#website"},"primaryImageOfPage":{"@id":"https:\/\/www.pressenza.com\/pt-pt\/2018\/06\/um-mes-do-desabamento-no-largo-paissandu\/#primaryimage"},"image":{"@id":"https:\/\/www.pressenza.com\/pt-pt\/2018\/06\/um-mes-do-desabamento-no-largo-paissandu\/#primaryimage"},"thumbnailUrl":"https:\/\/www.pressenza.com\/wp-content\/uploads\/2018\/06\/Um-me--s-do-desabamento-no-Largo-Paissandu.jpg","datePublished":"2018-06-06T21:34:16+00:00","dateModified":"2018-06-06T22:32:37+00:00","description":"Ningu\u00e9m ocupa por que quer. Ocupa por necessidade. As fam\u00edlias que ocuparam o pr\u00e9dio do largo paissandu s\u00e3o algumas entre as milhares que n\u00e3o conseguem pagar os alugu\u00e9is exorbitantes, nem t\u00eam acesso aos financiamentos dos grandes bancos.","breadcrumb":{"@id":"https:\/\/www.pressenza.com\/pt-pt\/2018\/06\/um-mes-do-desabamento-no-largo-paissandu\/#breadcrumb"},"inLanguage":"pt-PT","potentialAction":[{"@type":"ReadAction","target":["https:\/\/www.pressenza.com\/pt-pt\/2018\/06\/um-mes-do-desabamento-no-largo-paissandu\/"]}]},{"@type":"ImageObject","inLanguage":"pt-PT","@id":"https:\/\/www.pressenza.com\/pt-pt\/2018\/06\/um-mes-do-desabamento-no-largo-paissandu\/#primaryimage","url":"https:\/\/www.pressenza.com\/wp-content\/uploads\/2018\/06\/Um-me--s-do-desabamento-no-Largo-Paissandu.jpg","contentUrl":"https:\/\/www.pressenza.com\/wp-content\/uploads\/2018\/06\/Um-me--s-do-desabamento-no-Largo-Paissandu.jpg","width":1800,"height":1200,"caption":"Imagem - M\u00eddia Ninja"},{"@type":"BreadcrumbList","@id":"https:\/\/www.pressenza.com\/pt-pt\/2018\/06\/um-mes-do-desabamento-no-largo-paissandu\/#breadcrumb","itemListElement":[{"@type":"ListItem","position":1,"name":"Accueil","item":"https:\/\/www.pressenza.com\/pt-pt\/"},{"@type":"ListItem","position":2,"name":"Um m\u00eas do desabamento no Largo Paissandu"}]},{"@type":"WebSite","@id":"https:\/\/www.pressenza.com\/pt-pt\/#website","url":"https:\/\/www.pressenza.com\/pt-pt\/","name":"Pressenza","description":"International Press Agency","publisher":{"@id":"https:\/\/www.pressenza.com\/pt-pt\/#organization"},"potentialAction":[{"@type":"SearchAction","target":{"@type":"EntryPoint","urlTemplate":"https:\/\/www.pressenza.com\/pt-pt\/?s={search_term_string}"},"query-input":{"@type":"PropertyValueSpecification","valueRequired":true,"valueName":"search_term_string"}}],"inLanguage":"pt-PT"},{"@type":"Organization","@id":"https:\/\/www.pressenza.com\/pt-pt\/#organization","name":"Pressenza","url":"https:\/\/www.pressenza.com\/pt-pt\/","logo":{"@type":"ImageObject","inLanguage":"pt-PT","@id":"https:\/\/www.pressenza.com\/pt-pt\/#\/schema\/logo\/image\/","url":"https:\/\/www.pressenza.com\/wp-content\/uploads\/2022\/10\/pressenza_logo_200x200.jpg","contentUrl":"https:\/\/www.pressenza.com\/wp-content\/uploads\/2022\/10\/pressenza_logo_200x200.jpg","width":200,"height":200,"caption":"Pressenza"},"image":{"@id":"https:\/\/www.pressenza.com\/pt-pt\/#\/schema\/logo\/image\/"},"sameAs":["https:\/\/www.facebook.com\/PressenzaItalia","https:\/\/x.com\/PressenzaIPA"]},{"@type":"Person","@id":"https:\/\/www.pressenza.com\/pt-pt\/#\/schema\/person\/d171826afb7693cfc394da95892bfd93","name":"Reda\u00e7\u00e3o S\u00e3o Paulo","description":"News from the Pressenza bureau in Sao Paulo, Brazil","sameAs":["https:\/\/www.facebook.com\/PressenzaPortugues","https:\/\/x.com\/pressenza_pt"],"url":"https:\/\/www.pressenza.com\/pt-pt\/author\/redaccao-sao-paulo\/"}]}},"place":"","original_article_url":"","_links":{"self":[{"href":"https:\/\/www.pressenza.com\/pt-pt\/wp-json\/wp\/v2\/posts\/653311","targetHints":{"allow":["GET"]}}],"collection":[{"href":"https:\/\/www.pressenza.com\/pt-pt\/wp-json\/wp\/v2\/posts"}],"about":[{"href":"https:\/\/www.pressenza.com\/pt-pt\/wp-json\/wp\/v2\/types\/post"}],"author":[{"embeddable":true,"href":"https:\/\/www.pressenza.com\/pt-pt\/wp-json\/wp\/v2\/users\/44"}],"replies":[{"embeddable":true,"href":"https:\/\/www.pressenza.com\/pt-pt\/wp-json\/wp\/v2\/comments?post=653311"}],"version-history":[{"count":0,"href":"https:\/\/www.pressenza.com\/pt-pt\/wp-json\/wp\/v2\/posts\/653311\/revisions"}],"wp:featuredmedia":[{"embeddable":true,"href":"https:\/\/www.pressenza.com\/pt-pt\/wp-json\/wp\/v2\/media\/653312"}],"wp:attachment":[{"href":"https:\/\/www.pressenza.com\/pt-pt\/wp-json\/wp\/v2\/media?parent=653311"}],"wp:term":[{"taxonomy":"category","embeddable":true,"href":"https:\/\/www.pressenza.com\/pt-pt\/wp-json\/wp\/v2\/categories?post=653311"},{"taxonomy":"post_tag","embeddable":true,"href":"https:\/\/www.pressenza.com\/pt-pt\/wp-json\/wp\/v2\/tags?post=653311"}],"curies":[{"name":"wp","href":"https:\/\/api.w.org\/{rel}","templated":true}]}}