{"id":64992,"date":"2013-08-16T02:26:50","date_gmt":"2013-08-16T01:26:50","guid":{"rendered":"http:\/\/www.pressenza.com\/?p=64992"},"modified":"2013-08-16T02:29:44","modified_gmt":"2013-08-16T01:29:44","slug":"onu-parabeniza-eleicao-do-novo-presidente-do-mali","status":"publish","type":"post","link":"https:\/\/www.pressenza.com\/pt-pt\/2013\/08\/onu-parabeniza-eleicao-do-novo-presidente-do-mali\/","title":{"rendered":"ONU parabeniza elei\u00e7\u00e3o do novo presidente do Mali"},"content":{"rendered":"<p>Na\u00e7\u00f5es Unidas, 15 ago (Prensa Latina) O secret\u00e1rio geral das Na\u00e7\u00f5es Unidas, Ban Ki-moon, parabenizou hoje Ibrahim Boubacar Keita por sua elei\u00e7\u00e3o como novo presidente do Mali e defendeu a normaliza\u00e7\u00e3o da situa\u00e7\u00e3o no norte desse pa\u00eds.<\/p>\n<p>O secret\u00e1rio geral da ONU cumprimentou a exitosa realiza\u00e7\u00e3o das elei\u00e7\u00f5es nos dias 28 de julho e 11 de agosto e agradeceu o apego aos princ\u00edpios democr\u00e1ticos de Soumaila Ciss\u00e9, principal advers\u00e1rio de Keita e segundo lugar nas elei\u00e7\u00f5es.<\/p>\n<p>Al\u00e9m disso, reiterou o compromisso do organismo mundial para cooperar com o Mali &#8220;na pr\u00f3xima fase de sua estabiliza\u00e7\u00e3o e no processo de consolida\u00e7\u00e3o da paz&#8221;.<\/p>\n<p>Nesse sentido, reafirmou o apoio a um di\u00e1logo inclusivo para a reconcilia\u00e7\u00e3o e \u00e0 realiza\u00e7\u00e3o de elei\u00e7\u00f5es legislativas nacionais.<\/p>\n<p>Ban Ki-moon enfatizou a necessidade de restabelecer a autoridade do estado maliense no norte do pa\u00eds, proteger os direitos humanos e executar reformas fundamentais que sirvam de base para a paz, a estabilidade e o desenvolvimento de seu povo.<\/p>\n<p>Keita obteve 77,61 por cento dos votos no segundo turno das elei\u00e7\u00f5es gerais, frente a 22,39 conseguido por Ciss\u00e9, de acordo com os resultados preliminares.<\/p>\n<p>Essas s\u00e3o as primeiras elei\u00e7\u00f5es realizadas no Mali desde o golpe militar que, em 22 de mar\u00e7o de 2012, dep\u00f4s o ent\u00e3o presidente, Amadou Toumani Tour\u00e9.<\/p>\n","protected":false},"excerpt":{"rendered":"<p>Na\u00e7\u00f5es Unidas, 15 ago (Prensa Latina) O secret\u00e1rio geral das Na\u00e7\u00f5es Unidas, Ban Ki-moon, parabenizou hoje Ibrahim Boubacar Keita por sua elei\u00e7\u00e3o como novo presidente do Mali e defendeu a normaliza\u00e7\u00e3o da situa\u00e7\u00e3o no norte desse pa\u00eds. O secret\u00e1rio geral&hellip;<\/p>\n","protected":false},"author":90,"featured_media":64995,"comment_status":"closed","ping_status":"open","sticky":false,"template":"","format":"standard","meta":{"footnotes":""},"categories":[37,113],"tags":[6368,6367,2623],"class_list":["post-64992","post","type-post","status-publish","format-standard","has-post-thumbnail","hentry","category-africa-pt","category-noticias-do-exterior","tag-eleicoes","tag-mail","tag-onu-pt-pt"],"yoast_head":"<!-- This site is optimized with the Yoast SEO plugin v27.1.1 - https:\/\/yoast.com\/product\/yoast-seo-wordpress\/ -->\n<title>ONU parabeniza elei\u00e7\u00e3o do novo presidente do Mali<\/title>\n<meta name=\"description\" content=\"Na\u00e7\u00f5es Unidas, 15 ago (Prensa Latina) O secret\u00e1rio geral das Na\u00e7\u00f5es Unidas, Ban Ki-moon, parabenizou hoje Ibrahim Boubacar Keita por sua elei\u00e7\u00e3o como novo\" \/>\n<meta name=\"robots\" content=\"index, follow, max-snippet:-1, max-image-preview:large, max-video-preview:-1\" \/>\n<link rel=\"canonical\" href=\"https:\/\/www.pressenza.com\/pt-pt\/2013\/08\/onu-parabeniza-eleicao-do-novo-presidente-do-mali\/\" \/>\n<meta property=\"og:locale\" content=\"pt_PT\" \/>\n<meta property=\"og:type\" content=\"article\" \/>\n<meta property=\"og:title\" content=\"ONU parabeniza elei\u00e7\u00e3o do novo presidente do Mali\" \/>\n<meta property=\"og:description\" content=\"Na\u00e7\u00f5es Unidas, 15 ago (Prensa Latina) O secret\u00e1rio geral das Na\u00e7\u00f5es Unidas, Ban Ki-moon, parabenizou hoje Ibrahim Boubacar Keita por sua elei\u00e7\u00e3o como novo\" \/>\n<meta property=\"og:url\" content=\"https:\/\/www.pressenza.com\/pt-pt\/2013\/08\/onu-parabeniza-eleicao-do-novo-presidente-do-mali\/\" \/>\n<meta property=\"og:site_name\" content=\"Pressenza\" \/>\n<meta property=\"article:publisher\" content=\"https:\/\/www.facebook.com\/PressenzaItalia\" \/>\n<meta property=\"article:author\" content=\"https:\/\/www.facebook.com\/AgenciaPrensaLatina\" \/>\n<meta property=\"article:published_time\" content=\"2013-08-16T01:26:50+00:00\" \/>\n<meta property=\"article:modified_time\" content=\"2013-08-16T01:29:44+00:00\" \/>\n<meta property=\"og:image\" content=\"https:\/\/www.pressenza.com\/wp-content\/uploads\/2013\/08\/500px-Mali_de_iure_orthographic_projection.svg_.png\" \/>\n\t<meta property=\"og:image:width\" content=\"500\" \/>\n\t<meta property=\"og:image:height\" content=\"500\" \/>\n\t<meta property=\"og:image:type\" content=\"image\/png\" \/>\n<meta name=\"author\" content=\"Prensa Latina\" \/>\n<meta name=\"twitter:card\" content=\"summary_large_image\" \/>\n<meta name=\"twitter:creator\" content=\"@prensalatina_cu\" \/>\n<meta name=\"twitter:site\" content=\"@PressenzaIPA\" \/>\n<meta name=\"twitter:label1\" content=\"Escrito por\" \/>\n\t<meta name=\"twitter:data1\" content=\"Prensa Latina\" \/>\n\t<meta name=\"twitter:label2\" content=\"Tempo estimado de leitura\" \/>\n\t<meta name=\"twitter:data2\" content=\"1 minuto\" \/>\n<script type=\"application\/ld+json\" class=\"yoast-schema-graph\">{\"@context\":\"https:\/\/schema.org\",\"@graph\":[{\"@type\":\"Article\",\"@id\":\"https:\/\/www.pressenza.com\/pt-pt\/2013\/08\/onu-parabeniza-eleicao-do-novo-presidente-do-mali\/#article\",\"isPartOf\":{\"@id\":\"https:\/\/www.pressenza.com\/pt-pt\/2013\/08\/onu-parabeniza-eleicao-do-novo-presidente-do-mali\/\"},\"author\":{\"name\":\"Prensa Latina\",\"@id\":\"https:\/\/www.pressenza.com\/pt-pt\/#\/schema\/person\/e35c78ffa242d98f4f49ccb18c8631de\"},\"headline\":\"ONU parabeniza elei\u00e7\u00e3o do novo presidente do Mali\",\"datePublished\":\"2013-08-16T01:26:50+00:00\",\"dateModified\":\"2013-08-16T01:29:44+00:00\",\"mainEntityOfPage\":{\"@id\":\"https:\/\/www.pressenza.com\/pt-pt\/2013\/08\/onu-parabeniza-eleicao-do-novo-presidente-do-mali\/\"},\"wordCount\":241,\"publisher\":{\"@id\":\"https:\/\/www.pressenza.com\/pt-pt\/#organization\"},\"image\":{\"@id\":\"https:\/\/www.pressenza.com\/pt-pt\/2013\/08\/onu-parabeniza-eleicao-do-novo-presidente-do-mali\/#primaryimage\"},\"thumbnailUrl\":\"https:\/\/www.pressenza.com\/wp-content\/uploads\/2013\/08\/500px-Mali_de_iure_orthographic_projection.svg_.png\",\"keywords\":[\"elei\u00e7\u00f5es\",\"mail\",\"ONU\"],\"articleSection\":[\"Africa\",\"Assuntos internacionais\"],\"inLanguage\":\"pt-PT\"},{\"@type\":\"WebPage\",\"@id\":\"https:\/\/www.pressenza.com\/pt-pt\/2013\/08\/onu-parabeniza-eleicao-do-novo-presidente-do-mali\/\",\"url\":\"https:\/\/www.pressenza.com\/pt-pt\/2013\/08\/onu-parabeniza-eleicao-do-novo-presidente-do-mali\/\",\"name\":\"ONU parabeniza elei\u00e7\u00e3o do novo presidente do Mali\",\"isPartOf\":{\"@id\":\"https:\/\/www.pressenza.com\/pt-pt\/#website\"},\"primaryImageOfPage\":{\"@id\":\"https:\/\/www.pressenza.com\/pt-pt\/2013\/08\/onu-parabeniza-eleicao-do-novo-presidente-do-mali\/#primaryimage\"},\"image\":{\"@id\":\"https:\/\/www.pressenza.com\/pt-pt\/2013\/08\/onu-parabeniza-eleicao-do-novo-presidente-do-mali\/#primaryimage\"},\"thumbnailUrl\":\"https:\/\/www.pressenza.com\/wp-content\/uploads\/2013\/08\/500px-Mali_de_iure_orthographic_projection.svg_.png\",\"datePublished\":\"2013-08-16T01:26:50+00:00\",\"dateModified\":\"2013-08-16T01:29:44+00:00\",\"description\":\"Na\u00e7\u00f5es Unidas, 15 ago (Prensa Latina) O secret\u00e1rio geral das Na\u00e7\u00f5es Unidas, Ban Ki-moon, parabenizou hoje Ibrahim Boubacar Keita por sua elei\u00e7\u00e3o como novo\",\"breadcrumb\":{\"@id\":\"https:\/\/www.pressenza.com\/pt-pt\/2013\/08\/onu-parabeniza-eleicao-do-novo-presidente-do-mali\/#breadcrumb\"},\"inLanguage\":\"pt-PT\",\"potentialAction\":[{\"@type\":\"ReadAction\",\"target\":[\"https:\/\/www.pressenza.com\/pt-pt\/2013\/08\/onu-parabeniza-eleicao-do-novo-presidente-do-mali\/\"]}]},{\"@type\":\"ImageObject\",\"inLanguage\":\"pt-PT\",\"@id\":\"https:\/\/www.pressenza.com\/pt-pt\/2013\/08\/onu-parabeniza-eleicao-do-novo-presidente-do-mali\/#primaryimage\",\"url\":\"https:\/\/www.pressenza.com\/wp-content\/uploads\/2013\/08\/500px-Mali_de_iure_orthographic_projection.svg_.png\",\"contentUrl\":\"https:\/\/www.pressenza.com\/wp-content\/uploads\/2013\/08\/500px-Mali_de_iure_orthographic_projection.svg_.png\",\"width\":500,\"height\":500},{\"@type\":\"BreadcrumbList\",\"@id\":\"https:\/\/www.pressenza.com\/pt-pt\/2013\/08\/onu-parabeniza-eleicao-do-novo-presidente-do-mali\/#breadcrumb\",\"itemListElement\":[{\"@type\":\"ListItem\",\"position\":1,\"name\":\"Accueil\",\"item\":\"https:\/\/www.pressenza.com\/pt-pt\/\"},{\"@type\":\"ListItem\",\"position\":2,\"name\":\"ONU parabeniza elei\u00e7\u00e3o do novo presidente do Mali\"}]},{\"@type\":\"WebSite\",\"@id\":\"https:\/\/www.pressenza.com\/pt-pt\/#website\",\"url\":\"https:\/\/www.pressenza.com\/pt-pt\/\",\"name\":\"Pressenza\",\"description\":\"International Press Agency\",\"publisher\":{\"@id\":\"https:\/\/www.pressenza.com\/pt-pt\/#organization\"},\"potentialAction\":[{\"@type\":\"SearchAction\",\"target\":{\"@type\":\"EntryPoint\",\"urlTemplate\":\"https:\/\/www.pressenza.com\/pt-pt\/?s={search_term_string}\"},\"query-input\":{\"@type\":\"PropertyValueSpecification\",\"valueRequired\":true,\"valueName\":\"search_term_string\"}}],\"inLanguage\":\"pt-PT\"},{\"@type\":\"Organization\",\"@id\":\"https:\/\/www.pressenza.com\/pt-pt\/#organization\",\"name\":\"Pressenza\",\"url\":\"https:\/\/www.pressenza.com\/pt-pt\/\",\"logo\":{\"@type\":\"ImageObject\",\"inLanguage\":\"pt-PT\",\"@id\":\"https:\/\/www.pressenza.com\/pt-pt\/#\/schema\/logo\/image\/\",\"url\":\"https:\/\/www.pressenza.com\/wp-content\/uploads\/2022\/10\/pressenza_logo_200x200.jpg\",\"contentUrl\":\"https:\/\/www.pressenza.com\/wp-content\/uploads\/2022\/10\/pressenza_logo_200x200.jpg\",\"width\":200,\"height\":200,\"caption\":\"Pressenza\"},\"image\":{\"@id\":\"https:\/\/www.pressenza.com\/pt-pt\/#\/schema\/logo\/image\/\"},\"sameAs\":[\"https:\/\/www.facebook.com\/PressenzaItalia\",\"https:\/\/x.com\/PressenzaIPA\"]},{\"@type\":\"Person\",\"@id\":\"https:\/\/www.pressenza.com\/pt-pt\/#\/schema\/person\/e35c78ffa242d98f4f49ccb18c8631de\",\"name\":\"Prensa Latina\",\"description\":\"www.prensa-latina.cu\",\"sameAs\":[\"https:\/\/www.facebook.com\/AgenciaPrensaLatina\",\"https:\/\/x.com\/prensalatina_cu\"],\"url\":\"https:\/\/www.pressenza.com\/pt-pt\/author\/prensa-latina\/\"}]}<\/script>\n<!-- \/ Yoast SEO plugin. -->","yoast_head_json":{"title":"ONU parabeniza elei\u00e7\u00e3o do novo presidente do Mali","description":"Na\u00e7\u00f5es Unidas, 15 ago (Prensa Latina) O secret\u00e1rio geral das Na\u00e7\u00f5es Unidas, Ban Ki-moon, parabenizou hoje Ibrahim Boubacar Keita por sua elei\u00e7\u00e3o como novo","robots":{"index":"index","follow":"follow","max-snippet":"max-snippet:-1","max-image-preview":"max-image-preview:large","max-video-preview":"max-video-preview:-1"},"canonical":"https:\/\/www.pressenza.com\/pt-pt\/2013\/08\/onu-parabeniza-eleicao-do-novo-presidente-do-mali\/","og_locale":"pt_PT","og_type":"article","og_title":"ONU parabeniza elei\u00e7\u00e3o do novo presidente do Mali","og_description":"Na\u00e7\u00f5es Unidas, 15 ago (Prensa Latina) O secret\u00e1rio geral das Na\u00e7\u00f5es Unidas, Ban Ki-moon, parabenizou hoje Ibrahim Boubacar Keita por sua elei\u00e7\u00e3o como novo","og_url":"https:\/\/www.pressenza.com\/pt-pt\/2013\/08\/onu-parabeniza-eleicao-do-novo-presidente-do-mali\/","og_site_name":"Pressenza","article_publisher":"https:\/\/www.facebook.com\/PressenzaItalia","article_author":"https:\/\/www.facebook.com\/AgenciaPrensaLatina","article_published_time":"2013-08-16T01:26:50+00:00","article_modified_time":"2013-08-16T01:29:44+00:00","og_image":[{"width":500,"height":500,"url":"https:\/\/www.pressenza.com\/wp-content\/uploads\/2013\/08\/500px-Mali_de_iure_orthographic_projection.svg_.png","type":"image\/png"}],"author":"Prensa Latina","twitter_card":"summary_large_image","twitter_creator":"@prensalatina_cu","twitter_site":"@PressenzaIPA","twitter_misc":{"Escrito por":"Prensa Latina","Tempo estimado de leitura":"1 minuto"},"schema":{"@context":"https:\/\/schema.org","@graph":[{"@type":"Article","@id":"https:\/\/www.pressenza.com\/pt-pt\/2013\/08\/onu-parabeniza-eleicao-do-novo-presidente-do-mali\/#article","isPartOf":{"@id":"https:\/\/www.pressenza.com\/pt-pt\/2013\/08\/onu-parabeniza-eleicao-do-novo-presidente-do-mali\/"},"author":{"name":"Prensa Latina","@id":"https:\/\/www.pressenza.com\/pt-pt\/#\/schema\/person\/e35c78ffa242d98f4f49ccb18c8631de"},"headline":"ONU parabeniza elei\u00e7\u00e3o do novo presidente do Mali","datePublished":"2013-08-16T01:26:50+00:00","dateModified":"2013-08-16T01:29:44+00:00","mainEntityOfPage":{"@id":"https:\/\/www.pressenza.com\/pt-pt\/2013\/08\/onu-parabeniza-eleicao-do-novo-presidente-do-mali\/"},"wordCount":241,"publisher":{"@id":"https:\/\/www.pressenza.com\/pt-pt\/#organization"},"image":{"@id":"https:\/\/www.pressenza.com\/pt-pt\/2013\/08\/onu-parabeniza-eleicao-do-novo-presidente-do-mali\/#primaryimage"},"thumbnailUrl":"https:\/\/www.pressenza.com\/wp-content\/uploads\/2013\/08\/500px-Mali_de_iure_orthographic_projection.svg_.png","keywords":["elei\u00e7\u00f5es","mail","ONU"],"articleSection":["Africa","Assuntos internacionais"],"inLanguage":"pt-PT"},{"@type":"WebPage","@id":"https:\/\/www.pressenza.com\/pt-pt\/2013\/08\/onu-parabeniza-eleicao-do-novo-presidente-do-mali\/","url":"https:\/\/www.pressenza.com\/pt-pt\/2013\/08\/onu-parabeniza-eleicao-do-novo-presidente-do-mali\/","name":"ONU parabeniza elei\u00e7\u00e3o do novo presidente do Mali","isPartOf":{"@id":"https:\/\/www.pressenza.com\/pt-pt\/#website"},"primaryImageOfPage":{"@id":"https:\/\/www.pressenza.com\/pt-pt\/2013\/08\/onu-parabeniza-eleicao-do-novo-presidente-do-mali\/#primaryimage"},"image":{"@id":"https:\/\/www.pressenza.com\/pt-pt\/2013\/08\/onu-parabeniza-eleicao-do-novo-presidente-do-mali\/#primaryimage"},"thumbnailUrl":"https:\/\/www.pressenza.com\/wp-content\/uploads\/2013\/08\/500px-Mali_de_iure_orthographic_projection.svg_.png","datePublished":"2013-08-16T01:26:50+00:00","dateModified":"2013-08-16T01:29:44+00:00","description":"Na\u00e7\u00f5es Unidas, 15 ago (Prensa Latina) O secret\u00e1rio geral das Na\u00e7\u00f5es Unidas, Ban Ki-moon, parabenizou hoje Ibrahim Boubacar Keita por sua elei\u00e7\u00e3o como novo","breadcrumb":{"@id":"https:\/\/www.pressenza.com\/pt-pt\/2013\/08\/onu-parabeniza-eleicao-do-novo-presidente-do-mali\/#breadcrumb"},"inLanguage":"pt-PT","potentialAction":[{"@type":"ReadAction","target":["https:\/\/www.pressenza.com\/pt-pt\/2013\/08\/onu-parabeniza-eleicao-do-novo-presidente-do-mali\/"]}]},{"@type":"ImageObject","inLanguage":"pt-PT","@id":"https:\/\/www.pressenza.com\/pt-pt\/2013\/08\/onu-parabeniza-eleicao-do-novo-presidente-do-mali\/#primaryimage","url":"https:\/\/www.pressenza.com\/wp-content\/uploads\/2013\/08\/500px-Mali_de_iure_orthographic_projection.svg_.png","contentUrl":"https:\/\/www.pressenza.com\/wp-content\/uploads\/2013\/08\/500px-Mali_de_iure_orthographic_projection.svg_.png","width":500,"height":500},{"@type":"BreadcrumbList","@id":"https:\/\/www.pressenza.com\/pt-pt\/2013\/08\/onu-parabeniza-eleicao-do-novo-presidente-do-mali\/#breadcrumb","itemListElement":[{"@type":"ListItem","position":1,"name":"Accueil","item":"https:\/\/www.pressenza.com\/pt-pt\/"},{"@type":"ListItem","position":2,"name":"ONU parabeniza elei\u00e7\u00e3o do novo presidente do Mali"}]},{"@type":"WebSite","@id":"https:\/\/www.pressenza.com\/pt-pt\/#website","url":"https:\/\/www.pressenza.com\/pt-pt\/","name":"Pressenza","description":"International Press Agency","publisher":{"@id":"https:\/\/www.pressenza.com\/pt-pt\/#organization"},"potentialAction":[{"@type":"SearchAction","target":{"@type":"EntryPoint","urlTemplate":"https:\/\/www.pressenza.com\/pt-pt\/?s={search_term_string}"},"query-input":{"@type":"PropertyValueSpecification","valueRequired":true,"valueName":"search_term_string"}}],"inLanguage":"pt-PT"},{"@type":"Organization","@id":"https:\/\/www.pressenza.com\/pt-pt\/#organization","name":"Pressenza","url":"https:\/\/www.pressenza.com\/pt-pt\/","logo":{"@type":"ImageObject","inLanguage":"pt-PT","@id":"https:\/\/www.pressenza.com\/pt-pt\/#\/schema\/logo\/image\/","url":"https:\/\/www.pressenza.com\/wp-content\/uploads\/2022\/10\/pressenza_logo_200x200.jpg","contentUrl":"https:\/\/www.pressenza.com\/wp-content\/uploads\/2022\/10\/pressenza_logo_200x200.jpg","width":200,"height":200,"caption":"Pressenza"},"image":{"@id":"https:\/\/www.pressenza.com\/pt-pt\/#\/schema\/logo\/image\/"},"sameAs":["https:\/\/www.facebook.com\/PressenzaItalia","https:\/\/x.com\/PressenzaIPA"]},{"@type":"Person","@id":"https:\/\/www.pressenza.com\/pt-pt\/#\/schema\/person\/e35c78ffa242d98f4f49ccb18c8631de","name":"Prensa Latina","description":"www.prensa-latina.cu","sameAs":["https:\/\/www.facebook.com\/AgenciaPrensaLatina","https:\/\/x.com\/prensalatina_cu"],"url":"https:\/\/www.pressenza.com\/pt-pt\/author\/prensa-latina\/"}]}},"place":"","original_article_url":"","_links":{"self":[{"href":"https:\/\/www.pressenza.com\/pt-pt\/wp-json\/wp\/v2\/posts\/64992","targetHints":{"allow":["GET"]}}],"collection":[{"href":"https:\/\/www.pressenza.com\/pt-pt\/wp-json\/wp\/v2\/posts"}],"about":[{"href":"https:\/\/www.pressenza.com\/pt-pt\/wp-json\/wp\/v2\/types\/post"}],"author":[{"embeddable":true,"href":"https:\/\/www.pressenza.com\/pt-pt\/wp-json\/wp\/v2\/users\/90"}],"replies":[{"embeddable":true,"href":"https:\/\/www.pressenza.com\/pt-pt\/wp-json\/wp\/v2\/comments?post=64992"}],"version-history":[{"count":0,"href":"https:\/\/www.pressenza.com\/pt-pt\/wp-json\/wp\/v2\/posts\/64992\/revisions"}],"wp:featuredmedia":[{"embeddable":true,"href":"https:\/\/www.pressenza.com\/pt-pt\/wp-json\/wp\/v2\/media\/64995"}],"wp:attachment":[{"href":"https:\/\/www.pressenza.com\/pt-pt\/wp-json\/wp\/v2\/media?parent=64992"}],"wp:term":[{"taxonomy":"category","embeddable":true,"href":"https:\/\/www.pressenza.com\/pt-pt\/wp-json\/wp\/v2\/categories?post=64992"},{"taxonomy":"post_tag","embeddable":true,"href":"https:\/\/www.pressenza.com\/pt-pt\/wp-json\/wp\/v2\/tags?post=64992"}],"curies":[{"name":"wp","href":"https:\/\/api.w.org\/{rel}","templated":true}]}}