{"id":64461,"date":"2013-08-13T04:19:26","date_gmt":"2013-08-13T03:19:26","guid":{"rendered":"http:\/\/www.pressenza.com\/?p=64461"},"modified":"2013-08-13T04:19:26","modified_gmt":"2013-08-13T03:19:26","slug":"argentina-kirchnerismo-lidera-primarias-legislativas-mas-perde-nos-principais-distritos","status":"publish","type":"post","link":"https:\/\/www.pressenza.com\/pt-pt\/2013\/08\/argentina-kirchnerismo-lidera-primarias-legislativas-mas-perde-nos-principais-distritos\/","title":{"rendered":"Argentina: Kirchnerismo lidera prim\u00e1rias legislativas, mas perde nos principais distritos"},"content":{"rendered":"<p>Kirchnerismo lidera prim\u00e1rias legislativas, mas perde nos principais distritos<br \/>\nA coaliz\u00e3o governista reduziu sua vantagem perante a oposi\u00e7\u00e3o, mas continua sendo a principal for\u00e7a pol\u00edtica do pa\u00eds para as elei\u00e7\u00f5es \u00e0 C\u00e2mara e ao Senado, em outubro<\/p>\n<p>S\u00e3o Paulo \u2013 A coaliz\u00e3o kirchnerista Frente para a Vit\u00f3ria colheu resultados amargos nas elei\u00e7\u00f5es prim\u00e1rias para cargos legislativos realizadas ontem (11) na Argentina. O grupo de partidos liderados pela presidenta Cristina Fern\u00e1ndez de Kirchner reduziu sua vantagem perante a oposi\u00e7\u00e3o e perdeu nas principais prov\u00edncias do pa\u00eds, mas continua sendo a principal for\u00e7a pol\u00edtica da na\u00e7\u00e3o. E, agora, como reconheceu a chefe de Estado, ter\u00e1 de trabalhar dobrado para garantir maioria na C\u00e2mara e no Senado no pleito de outubro.<\/p>\n<p>As elei\u00e7\u00f5es de domingo n\u00e3o elegeram ningu\u00e9m. Os argentinos foram \u00e0s urnas para votar em um processo conhecido no pa\u00eds como Paso, sigla que significa Prim\u00e1rias Abertas, Simult\u00e2neas e Obrigat\u00f3rias. N\u00e3o h\u00e1 nada parecido no Brasil. Na Paso, os eleitores s\u00e3o convocados a definir quais partidos e coaliz\u00f5es est\u00e3o habilitados a disputar as elei\u00e7\u00f5es seguintes: apenas as agremia\u00e7\u00f5es que consigam mais de 1,5% dos votos em cada distrito podem apresentar candidatos e concorrer aos cargos em pugna. A Paso tamb\u00e9m define as listas que cada partido dever\u00e1 apresentar.<\/p>\n<p>Portanto, as prim\u00e1rias de ontem serviram para definir \u2013 e posicionar \u2013 as for\u00e7as pol\u00edticas que v\u00e3o brigar por 24 das 72 cadeiras no Senado e outras 127 (de um total de 257) na C\u00e2mara. A elei\u00e7\u00e3o est\u00e1 marcada para o pr\u00f3ximo dia 27 de outubro.<\/p>\n<p>Na disputa para a C\u00e2mara, a Frente para a Vit\u00f3ria venceu em 14 dos 24 distritos, ficando com aproximadamente 26% dos votos em n\u00edvel nacional. Apesar de ser uma vantagem bem menor do que nas prim\u00e1rias passadas, quando garantiu 54% da prefer\u00eancia dos argentinos, a coaliz\u00e3o kirchnerista ainda est\u00e1 muito na frente de qualquer for\u00e7a opositora: o Frente Renovador ficou em segundo lugar, com cerca de 9%, e o Frente Progressista, C\u00edvico e Social, em terceiro, com 8%. As diferen\u00e7as foram semelhantes nos votos para o Senado.<\/p>\n<p>Pesou contra os governistas, por\u00e9m, terem sido derrotados nas prov\u00edncias mais populosas do pa\u00eds. A coliga\u00e7\u00e3o liderada por Cristina perdeu na prov\u00edncia de Buenos Aires e na cidade de Buenos Aires, em Mendoza, C\u00f3rdoba, Santa Fe, Santa Cruz, Jujuy e La Rioja.<\/p>\n<p>\u201cEstamos em condi\u00e7\u00f5es de manter ou aumentar nossa representa\u00e7\u00e3o parlamentar, tanto na C\u00e2mara como no Senado\u201d, disse a presidenta, ontem, depois de j\u00e1 avan\u00e7ada a apura\u00e7\u00e3o, lembrando que ser\u00e1 necess\u00e1rio \u201credobrar esfor\u00e7os\u201d para conseguir a maioria que tem permitido ao governo realizar as reformas no pa\u00eds. \u201cTemos a responsabilidade de garantir a governabilidade e vamos faz\u00ea-lo.\u201d<\/p>\n<p>Os jornais opositores, por\u00e9m, destacaram que os resultados das prim\u00e1rias colocam uma pedra sobre as inten\u00e7\u00f5es de setores do kirchnerismo que pretendiam reformar a Constitui\u00e7\u00e3o argentina para que Cristina pudesse concorrer a uma segunda reelei\u00e7\u00e3o. O peronismo dos Kirchner governa o pa\u00eds desde 2003, primeiro com N\u00e9stor, morto em 2010, e depois com sua esposa, que conseguiu ser reeleita em 2011. O segundo mandato de Cristina termina em 2015. Ainda h\u00e1 indefini\u00e7\u00e3o dentro do partido sobre quem ir\u00e1 suced\u00ea-la.<\/p>\n<p>por Reda\u00e7\u00e3o RBA <\/p>\n","protected":false},"excerpt":{"rendered":"<p>Kirchnerismo lidera prim\u00e1rias legislativas, mas perde nos principais distritos A coaliz\u00e3o governista reduziu sua vantagem perante a oposi\u00e7\u00e3o, mas continua sendo a principal for\u00e7a pol\u00edtica do pa\u00eds para as elei\u00e7\u00f5es \u00e0 C\u00e2mara e ao Senado, em outubro S\u00e3o Paulo \u2013&hellip;<\/p>\n","protected":false},"author":44,"featured_media":64462,"comment_status":"closed","ping_status":"open","sticky":false,"template":"","format":"standard","meta":{"footnotes":""},"categories":[104,42,111],"tags":[4904,6305,6304,6303],"class_list":["post-64461","post","type-post","status-publish","format-standard","has-post-thumbnail","hentry","category-america-do-sul","category-internacional-2","category-politica-pt-pt","tag-argentina-pt-pt","tag-kirchnerismo-pt-pt","tag-paso-pt-pt","tag-primarias"],"yoast_head":"<!-- This site is optimized with the Yoast SEO plugin v27.1.1 - https:\/\/yoast.com\/product\/yoast-seo-wordpress\/ -->\n<title>Argentina: Kirchnerismo lidera prim\u00e1rias legislativas, mas perde nos principais distritos<\/title>\n<meta name=\"description\" content=\"Kirchnerismo lidera prim\u00e1rias legislativas, mas perde nos principais distritos A coaliz\u00e3o governista reduziu sua vantagem perante a oposi\u00e7\u00e3o, mas continua\" \/>\n<meta name=\"robots\" content=\"index, follow, max-snippet:-1, max-image-preview:large, max-video-preview:-1\" \/>\n<link rel=\"canonical\" href=\"https:\/\/www.pressenza.com\/pt-pt\/2013\/08\/argentina-kirchnerismo-lidera-primarias-legislativas-mas-perde-nos-principais-distritos\/\" \/>\n<meta property=\"og:locale\" content=\"pt_PT\" \/>\n<meta property=\"og:type\" content=\"article\" \/>\n<meta property=\"og:title\" content=\"Argentina: Kirchnerismo lidera prim\u00e1rias legislativas, mas perde nos principais distritos\" \/>\n<meta property=\"og:description\" content=\"Kirchnerismo lidera prim\u00e1rias legislativas, mas perde nos principais distritos A coaliz\u00e3o governista reduziu sua vantagem perante a oposi\u00e7\u00e3o, mas continua\" \/>\n<meta property=\"og:url\" content=\"https:\/\/www.pressenza.com\/pt-pt\/2013\/08\/argentina-kirchnerismo-lidera-primarias-legislativas-mas-perde-nos-principais-distritos\/\" \/>\n<meta property=\"og:site_name\" content=\"Pressenza\" \/>\n<meta property=\"article:publisher\" content=\"https:\/\/www.facebook.com\/PressenzaItalia\" \/>\n<meta property=\"article:author\" content=\"https:\/\/www.facebook.com\/PressenzaPortugues\" \/>\n<meta property=\"article:published_time\" content=\"2013-08-13T03:19:26+00:00\" \/>\n<meta property=\"og:image\" content=\"https:\/\/www.pressenza.com\/wp-content\/uploads\/2013\/08\/cristina-kirschner.jpg\" \/>\n\t<meta property=\"og:image:width\" content=\"800\" \/>\n\t<meta property=\"og:image:height\" content=\"536\" \/>\n\t<meta property=\"og:image:type\" content=\"image\/jpeg\" \/>\n<meta name=\"author\" content=\"Reda\u00e7\u00e3o S\u00e3o Paulo\" \/>\n<meta name=\"twitter:card\" content=\"summary_large_image\" \/>\n<meta name=\"twitter:creator\" content=\"@pressenza_pt\" \/>\n<meta name=\"twitter:site\" content=\"@PressenzaIPA\" \/>\n<meta name=\"twitter:label1\" content=\"Escrito por\" \/>\n\t<meta name=\"twitter:data1\" content=\"Reda\u00e7\u00e3o S\u00e3o Paulo\" \/>\n\t<meta name=\"twitter:label2\" content=\"Tempo estimado de leitura\" \/>\n\t<meta name=\"twitter:data2\" content=\"3 minutos\" \/>\n<script type=\"application\/ld+json\" class=\"yoast-schema-graph\">{\"@context\":\"https:\/\/schema.org\",\"@graph\":[{\"@type\":\"Article\",\"@id\":\"https:\/\/www.pressenza.com\/pt-pt\/2013\/08\/argentina-kirchnerismo-lidera-primarias-legislativas-mas-perde-nos-principais-distritos\/#article\",\"isPartOf\":{\"@id\":\"https:\/\/www.pressenza.com\/pt-pt\/2013\/08\/argentina-kirchnerismo-lidera-primarias-legislativas-mas-perde-nos-principais-distritos\/\"},\"author\":{\"name\":\"Reda\u00e7\u00e3o S\u00e3o Paulo\",\"@id\":\"https:\/\/www.pressenza.com\/pt-pt\/#\/schema\/person\/d171826afb7693cfc394da95892bfd93\"},\"headline\":\"Argentina: Kirchnerismo lidera prim\u00e1rias legislativas, mas perde nos principais distritos\",\"datePublished\":\"2013-08-13T03:19:26+00:00\",\"mainEntityOfPage\":{\"@id\":\"https:\/\/www.pressenza.com\/pt-pt\/2013\/08\/argentina-kirchnerismo-lidera-primarias-legislativas-mas-perde-nos-principais-distritos\/\"},\"wordCount\":585,\"publisher\":{\"@id\":\"https:\/\/www.pressenza.com\/pt-pt\/#organization\"},\"image\":{\"@id\":\"https:\/\/www.pressenza.com\/pt-pt\/2013\/08\/argentina-kirchnerismo-lidera-primarias-legislativas-mas-perde-nos-principais-distritos\/#primaryimage\"},\"thumbnailUrl\":\"https:\/\/www.pressenza.com\/wp-content\/uploads\/2013\/08\/cristina-kirschner.jpg\",\"keywords\":[\"Argentina\",\"kirchnerismo\",\"paso\",\"primarias\"],\"articleSection\":[\"\u00c1m\u00e9rica do Sul\",\"Internacional\",\"Pol\u00edtica\"],\"inLanguage\":\"pt-PT\"},{\"@type\":\"WebPage\",\"@id\":\"https:\/\/www.pressenza.com\/pt-pt\/2013\/08\/argentina-kirchnerismo-lidera-primarias-legislativas-mas-perde-nos-principais-distritos\/\",\"url\":\"https:\/\/www.pressenza.com\/pt-pt\/2013\/08\/argentina-kirchnerismo-lidera-primarias-legislativas-mas-perde-nos-principais-distritos\/\",\"name\":\"Argentina: Kirchnerismo lidera prim\u00e1rias legislativas, mas perde nos principais distritos\",\"isPartOf\":{\"@id\":\"https:\/\/www.pressenza.com\/pt-pt\/#website\"},\"primaryImageOfPage\":{\"@id\":\"https:\/\/www.pressenza.com\/pt-pt\/2013\/08\/argentina-kirchnerismo-lidera-primarias-legislativas-mas-perde-nos-principais-distritos\/#primaryimage\"},\"image\":{\"@id\":\"https:\/\/www.pressenza.com\/pt-pt\/2013\/08\/argentina-kirchnerismo-lidera-primarias-legislativas-mas-perde-nos-principais-distritos\/#primaryimage\"},\"thumbnailUrl\":\"https:\/\/www.pressenza.com\/wp-content\/uploads\/2013\/08\/cristina-kirschner.jpg\",\"datePublished\":\"2013-08-13T03:19:26+00:00\",\"description\":\"Kirchnerismo lidera prim\u00e1rias legislativas, mas perde nos principais distritos A coaliz\u00e3o governista reduziu sua vantagem perante a oposi\u00e7\u00e3o, mas continua\",\"breadcrumb\":{\"@id\":\"https:\/\/www.pressenza.com\/pt-pt\/2013\/08\/argentina-kirchnerismo-lidera-primarias-legislativas-mas-perde-nos-principais-distritos\/#breadcrumb\"},\"inLanguage\":\"pt-PT\",\"potentialAction\":[{\"@type\":\"ReadAction\",\"target\":[\"https:\/\/www.pressenza.com\/pt-pt\/2013\/08\/argentina-kirchnerismo-lidera-primarias-legislativas-mas-perde-nos-principais-distritos\/\"]}]},{\"@type\":\"ImageObject\",\"inLanguage\":\"pt-PT\",\"@id\":\"https:\/\/www.pressenza.com\/pt-pt\/2013\/08\/argentina-kirchnerismo-lidera-primarias-legislativas-mas-perde-nos-principais-distritos\/#primaryimage\",\"url\":\"https:\/\/www.pressenza.com\/wp-content\/uploads\/2013\/08\/cristina-kirschner.jpg\",\"contentUrl\":\"https:\/\/www.pressenza.com\/wp-content\/uploads\/2013\/08\/cristina-kirschner.jpg\",\"width\":800,\"height\":536},{\"@type\":\"BreadcrumbList\",\"@id\":\"https:\/\/www.pressenza.com\/pt-pt\/2013\/08\/argentina-kirchnerismo-lidera-primarias-legislativas-mas-perde-nos-principais-distritos\/#breadcrumb\",\"itemListElement\":[{\"@type\":\"ListItem\",\"position\":1,\"name\":\"Accueil\",\"item\":\"https:\/\/www.pressenza.com\/pt-pt\/\"},{\"@type\":\"ListItem\",\"position\":2,\"name\":\"Argentina: Kirchnerismo lidera prim\u00e1rias legislativas, mas perde nos principais distritos\"}]},{\"@type\":\"WebSite\",\"@id\":\"https:\/\/www.pressenza.com\/pt-pt\/#website\",\"url\":\"https:\/\/www.pressenza.com\/pt-pt\/\",\"name\":\"Pressenza\",\"description\":\"International Press Agency\",\"publisher\":{\"@id\":\"https:\/\/www.pressenza.com\/pt-pt\/#organization\"},\"potentialAction\":[{\"@type\":\"SearchAction\",\"target\":{\"@type\":\"EntryPoint\",\"urlTemplate\":\"https:\/\/www.pressenza.com\/pt-pt\/?s={search_term_string}\"},\"query-input\":{\"@type\":\"PropertyValueSpecification\",\"valueRequired\":true,\"valueName\":\"search_term_string\"}}],\"inLanguage\":\"pt-PT\"},{\"@type\":\"Organization\",\"@id\":\"https:\/\/www.pressenza.com\/pt-pt\/#organization\",\"name\":\"Pressenza\",\"url\":\"https:\/\/www.pressenza.com\/pt-pt\/\",\"logo\":{\"@type\":\"ImageObject\",\"inLanguage\":\"pt-PT\",\"@id\":\"https:\/\/www.pressenza.com\/pt-pt\/#\/schema\/logo\/image\/\",\"url\":\"https:\/\/www.pressenza.com\/wp-content\/uploads\/2022\/10\/pressenza_logo_200x200.jpg\",\"contentUrl\":\"https:\/\/www.pressenza.com\/wp-content\/uploads\/2022\/10\/pressenza_logo_200x200.jpg\",\"width\":200,\"height\":200,\"caption\":\"Pressenza\"},\"image\":{\"@id\":\"https:\/\/www.pressenza.com\/pt-pt\/#\/schema\/logo\/image\/\"},\"sameAs\":[\"https:\/\/www.facebook.com\/PressenzaItalia\",\"https:\/\/x.com\/PressenzaIPA\"]},{\"@type\":\"Person\",\"@id\":\"https:\/\/www.pressenza.com\/pt-pt\/#\/schema\/person\/d171826afb7693cfc394da95892bfd93\",\"name\":\"Reda\u00e7\u00e3o S\u00e3o Paulo\",\"description\":\"News from the Pressenza bureau in Sao Paulo, Brazil\",\"sameAs\":[\"https:\/\/www.facebook.com\/PressenzaPortugues\",\"https:\/\/x.com\/pressenza_pt\"],\"url\":\"https:\/\/www.pressenza.com\/pt-pt\/author\/redaccao-sao-paulo\/\"}]}<\/script>\n<!-- \/ Yoast SEO plugin. -->","yoast_head_json":{"title":"Argentina: Kirchnerismo lidera prim\u00e1rias legislativas, mas perde nos principais distritos","description":"Kirchnerismo lidera prim\u00e1rias legislativas, mas perde nos principais distritos A coaliz\u00e3o governista reduziu sua vantagem perante a oposi\u00e7\u00e3o, mas continua","robots":{"index":"index","follow":"follow","max-snippet":"max-snippet:-1","max-image-preview":"max-image-preview:large","max-video-preview":"max-video-preview:-1"},"canonical":"https:\/\/www.pressenza.com\/pt-pt\/2013\/08\/argentina-kirchnerismo-lidera-primarias-legislativas-mas-perde-nos-principais-distritos\/","og_locale":"pt_PT","og_type":"article","og_title":"Argentina: Kirchnerismo lidera prim\u00e1rias legislativas, mas perde nos principais distritos","og_description":"Kirchnerismo lidera prim\u00e1rias legislativas, mas perde nos principais distritos A coaliz\u00e3o governista reduziu sua vantagem perante a oposi\u00e7\u00e3o, mas continua","og_url":"https:\/\/www.pressenza.com\/pt-pt\/2013\/08\/argentina-kirchnerismo-lidera-primarias-legislativas-mas-perde-nos-principais-distritos\/","og_site_name":"Pressenza","article_publisher":"https:\/\/www.facebook.com\/PressenzaItalia","article_author":"https:\/\/www.facebook.com\/PressenzaPortugues","article_published_time":"2013-08-13T03:19:26+00:00","og_image":[{"width":800,"height":536,"url":"https:\/\/www.pressenza.com\/wp-content\/uploads\/2013\/08\/cristina-kirschner.jpg","type":"image\/jpeg"}],"author":"Reda\u00e7\u00e3o S\u00e3o Paulo","twitter_card":"summary_large_image","twitter_creator":"@pressenza_pt","twitter_site":"@PressenzaIPA","twitter_misc":{"Escrito por":"Reda\u00e7\u00e3o S\u00e3o Paulo","Tempo estimado de leitura":"3 minutos"},"schema":{"@context":"https:\/\/schema.org","@graph":[{"@type":"Article","@id":"https:\/\/www.pressenza.com\/pt-pt\/2013\/08\/argentina-kirchnerismo-lidera-primarias-legislativas-mas-perde-nos-principais-distritos\/#article","isPartOf":{"@id":"https:\/\/www.pressenza.com\/pt-pt\/2013\/08\/argentina-kirchnerismo-lidera-primarias-legislativas-mas-perde-nos-principais-distritos\/"},"author":{"name":"Reda\u00e7\u00e3o S\u00e3o Paulo","@id":"https:\/\/www.pressenza.com\/pt-pt\/#\/schema\/person\/d171826afb7693cfc394da95892bfd93"},"headline":"Argentina: Kirchnerismo lidera prim\u00e1rias legislativas, mas perde nos principais distritos","datePublished":"2013-08-13T03:19:26+00:00","mainEntityOfPage":{"@id":"https:\/\/www.pressenza.com\/pt-pt\/2013\/08\/argentina-kirchnerismo-lidera-primarias-legislativas-mas-perde-nos-principais-distritos\/"},"wordCount":585,"publisher":{"@id":"https:\/\/www.pressenza.com\/pt-pt\/#organization"},"image":{"@id":"https:\/\/www.pressenza.com\/pt-pt\/2013\/08\/argentina-kirchnerismo-lidera-primarias-legislativas-mas-perde-nos-principais-distritos\/#primaryimage"},"thumbnailUrl":"https:\/\/www.pressenza.com\/wp-content\/uploads\/2013\/08\/cristina-kirschner.jpg","keywords":["Argentina","kirchnerismo","paso","primarias"],"articleSection":["\u00c1m\u00e9rica do Sul","Internacional","Pol\u00edtica"],"inLanguage":"pt-PT"},{"@type":"WebPage","@id":"https:\/\/www.pressenza.com\/pt-pt\/2013\/08\/argentina-kirchnerismo-lidera-primarias-legislativas-mas-perde-nos-principais-distritos\/","url":"https:\/\/www.pressenza.com\/pt-pt\/2013\/08\/argentina-kirchnerismo-lidera-primarias-legislativas-mas-perde-nos-principais-distritos\/","name":"Argentina: Kirchnerismo lidera prim\u00e1rias legislativas, mas perde nos principais distritos","isPartOf":{"@id":"https:\/\/www.pressenza.com\/pt-pt\/#website"},"primaryImageOfPage":{"@id":"https:\/\/www.pressenza.com\/pt-pt\/2013\/08\/argentina-kirchnerismo-lidera-primarias-legislativas-mas-perde-nos-principais-distritos\/#primaryimage"},"image":{"@id":"https:\/\/www.pressenza.com\/pt-pt\/2013\/08\/argentina-kirchnerismo-lidera-primarias-legislativas-mas-perde-nos-principais-distritos\/#primaryimage"},"thumbnailUrl":"https:\/\/www.pressenza.com\/wp-content\/uploads\/2013\/08\/cristina-kirschner.jpg","datePublished":"2013-08-13T03:19:26+00:00","description":"Kirchnerismo lidera prim\u00e1rias legislativas, mas perde nos principais distritos A coaliz\u00e3o governista reduziu sua vantagem perante a oposi\u00e7\u00e3o, mas continua","breadcrumb":{"@id":"https:\/\/www.pressenza.com\/pt-pt\/2013\/08\/argentina-kirchnerismo-lidera-primarias-legislativas-mas-perde-nos-principais-distritos\/#breadcrumb"},"inLanguage":"pt-PT","potentialAction":[{"@type":"ReadAction","target":["https:\/\/www.pressenza.com\/pt-pt\/2013\/08\/argentina-kirchnerismo-lidera-primarias-legislativas-mas-perde-nos-principais-distritos\/"]}]},{"@type":"ImageObject","inLanguage":"pt-PT","@id":"https:\/\/www.pressenza.com\/pt-pt\/2013\/08\/argentina-kirchnerismo-lidera-primarias-legislativas-mas-perde-nos-principais-distritos\/#primaryimage","url":"https:\/\/www.pressenza.com\/wp-content\/uploads\/2013\/08\/cristina-kirschner.jpg","contentUrl":"https:\/\/www.pressenza.com\/wp-content\/uploads\/2013\/08\/cristina-kirschner.jpg","width":800,"height":536},{"@type":"BreadcrumbList","@id":"https:\/\/www.pressenza.com\/pt-pt\/2013\/08\/argentina-kirchnerismo-lidera-primarias-legislativas-mas-perde-nos-principais-distritos\/#breadcrumb","itemListElement":[{"@type":"ListItem","position":1,"name":"Accueil","item":"https:\/\/www.pressenza.com\/pt-pt\/"},{"@type":"ListItem","position":2,"name":"Argentina: Kirchnerismo lidera prim\u00e1rias legislativas, mas perde nos principais distritos"}]},{"@type":"WebSite","@id":"https:\/\/www.pressenza.com\/pt-pt\/#website","url":"https:\/\/www.pressenza.com\/pt-pt\/","name":"Pressenza","description":"International Press Agency","publisher":{"@id":"https:\/\/www.pressenza.com\/pt-pt\/#organization"},"potentialAction":[{"@type":"SearchAction","target":{"@type":"EntryPoint","urlTemplate":"https:\/\/www.pressenza.com\/pt-pt\/?s={search_term_string}"},"query-input":{"@type":"PropertyValueSpecification","valueRequired":true,"valueName":"search_term_string"}}],"inLanguage":"pt-PT"},{"@type":"Organization","@id":"https:\/\/www.pressenza.com\/pt-pt\/#organization","name":"Pressenza","url":"https:\/\/www.pressenza.com\/pt-pt\/","logo":{"@type":"ImageObject","inLanguage":"pt-PT","@id":"https:\/\/www.pressenza.com\/pt-pt\/#\/schema\/logo\/image\/","url":"https:\/\/www.pressenza.com\/wp-content\/uploads\/2022\/10\/pressenza_logo_200x200.jpg","contentUrl":"https:\/\/www.pressenza.com\/wp-content\/uploads\/2022\/10\/pressenza_logo_200x200.jpg","width":200,"height":200,"caption":"Pressenza"},"image":{"@id":"https:\/\/www.pressenza.com\/pt-pt\/#\/schema\/logo\/image\/"},"sameAs":["https:\/\/www.facebook.com\/PressenzaItalia","https:\/\/x.com\/PressenzaIPA"]},{"@type":"Person","@id":"https:\/\/www.pressenza.com\/pt-pt\/#\/schema\/person\/d171826afb7693cfc394da95892bfd93","name":"Reda\u00e7\u00e3o S\u00e3o Paulo","description":"News from the Pressenza bureau in Sao Paulo, Brazil","sameAs":["https:\/\/www.facebook.com\/PressenzaPortugues","https:\/\/x.com\/pressenza_pt"],"url":"https:\/\/www.pressenza.com\/pt-pt\/author\/redaccao-sao-paulo\/"}]}},"place":"","original_article_url":"","_links":{"self":[{"href":"https:\/\/www.pressenza.com\/pt-pt\/wp-json\/wp\/v2\/posts\/64461","targetHints":{"allow":["GET"]}}],"collection":[{"href":"https:\/\/www.pressenza.com\/pt-pt\/wp-json\/wp\/v2\/posts"}],"about":[{"href":"https:\/\/www.pressenza.com\/pt-pt\/wp-json\/wp\/v2\/types\/post"}],"author":[{"embeddable":true,"href":"https:\/\/www.pressenza.com\/pt-pt\/wp-json\/wp\/v2\/users\/44"}],"replies":[{"embeddable":true,"href":"https:\/\/www.pressenza.com\/pt-pt\/wp-json\/wp\/v2\/comments?post=64461"}],"version-history":[{"count":0,"href":"https:\/\/www.pressenza.com\/pt-pt\/wp-json\/wp\/v2\/posts\/64461\/revisions"}],"wp:featuredmedia":[{"embeddable":true,"href":"https:\/\/www.pressenza.com\/pt-pt\/wp-json\/wp\/v2\/media\/64462"}],"wp:attachment":[{"href":"https:\/\/www.pressenza.com\/pt-pt\/wp-json\/wp\/v2\/media?parent=64461"}],"wp:term":[{"taxonomy":"category","embeddable":true,"href":"https:\/\/www.pressenza.com\/pt-pt\/wp-json\/wp\/v2\/categories?post=64461"},{"taxonomy":"post_tag","embeddable":true,"href":"https:\/\/www.pressenza.com\/pt-pt\/wp-json\/wp\/v2\/tags?post=64461"}],"curies":[{"name":"wp","href":"https:\/\/api.w.org\/{rel}","templated":true}]}}