{"id":63415,"date":"2013-08-03T01:37:19","date_gmt":"2013-08-03T00:37:19","guid":{"rendered":"http:\/\/www.pressenza.com\/?p=63415"},"modified":"2013-08-03T01:37:19","modified_gmt":"2013-08-03T00:37:19","slug":"pobre-estudar-medicina-e-afronta-para-a-elite-diz-medico-formado-em-cuba","status":"publish","type":"post","link":"https:\/\/www.pressenza.com\/pt-pt\/2013\/08\/pobre-estudar-medicina-e-afronta-para-a-elite-diz-medico-formado-em-cuba\/","title":{"rendered":"\u201cPobre estudar medicina \u00e9 afronta para a elite\u201d, diz m\u00e9dico formado em Cuba"},"content":{"rendered":"<p>Estudo do Minist\u00e9rio da Educa\u00e7\u00e3o (MEC) aponta que 88% dos matriculados em universidades p\u00fablicas de medicina estudaram em escolas particulares no ensino fundamental e m\u00e9dio. Para Andr\u00e9ia Campigotto, m\u00e9dica brasileira formada em Cuba, as universidades brasileiras precisam formar m\u00e9dicos com &#8220;um novo perfil, realmente voltados para atender o povo, para se fixar nos locais de dif\u00edcil acesso, n\u00e3o s\u00f3 nos grandes centros como hoje.&#8221;<\/p>\n<p>A elitiza\u00e7\u00e3o do ensino de medicina no Brasil \u00e9 um obst\u00e1culo para jovens de baixa renda entrarem nas universidade e se formarem. J\u00e1 os problemas nas provas de revalida\u00e7\u00e3o do diploma dificultam o exerc\u00edcio da profiss\u00e3o em territ\u00f3rio nacional pelos brasileiros que conseguiram se formar no exterior.<\/p>\n<p>\u201cQuem estuda medicina no nosso pa\u00eds s\u00e3o os filhos das elites, em sua maioria. \u00c9 uma afronta para a elite um negro, um pobre, um trabalhador rural, filho de Sem Terra estudar medicina na faculdade, principalmente pelo status conferido por essa profiss\u00e3o\u201d, afirma Augusto C\u00e9sar, m\u00e9dico brasileiro formado em Cuba e militante do MST.<\/p>\n<p>Estudo do Minist\u00e9rio da Educa\u00e7\u00e3o (MEC) aponta que 88% dos matriculados em universidades p\u00fablicas de medicina estudaram em escolas particulares no ensino fundamental e m\u00e9dio. Os programas do governo de acesso \u00e0 universidade, como o Programa Universidade para Todos (ProUni), ampliaram o acesso, mas ainda n\u00e3o conseguiram universalizar e democratizar a educa\u00e7\u00e3o.<\/p>\n<p>\u201cA maioria das pessoas que entram na universidade p\u00fablica para cursar medicina tem dinheiro para fazer um bom cursinho ou estudou o tempo todo numa escola particular. Claro que h\u00e1 exce\u00e7\u00f5es, mas o ensino de medicina do nosso pa\u00eds \u00e9 altamente elitizado\u201d, acredita Augusto.<\/p>\n<p>\u201cA maior parte das pessoas que tem acesso \u00e0s escolas de medicina s\u00e3o de classe m\u00e9dia e classe m\u00e9dia alta. Um pobre numa universidade particular n\u00e3o consegue se sustentar pelo alto pre\u00e7o das mensalidades. Sem contar que hoje temos mais universidades privadas do que p\u00fablicas na \u00e1rea da sa\u00fade, dificultando ainda mais o acesso\u201d, diz a m\u00e9dica formada em Cuba Andr\u00e9ia Campigotto, que tamb\u00e9m \u00e9 militante do MST.<\/p>\n<p>Revalida\u00e7\u00e3o<\/p>\n<p>A necessidade dos m\u00e9dicos brasileiros formados no exterior e estrangeiros passarem por uma prova para verificar se est\u00e3o capacitados a exercer a profiss\u00e3o \u00e9 um tema frequentemente pautado pela comunidade m\u00e9dica brasileira.<\/p>\n<p>Independentemente do curso, todos os estudantes brasileiros que realizam um curso fora do pa\u00eds precisam passar por uma revalida\u00e7\u00e3o do diploma. No entanto, h\u00e1 falhas nesse processo no caso da medicina.<\/p>\n<p>Um dos principais problemas \u00e9 que n\u00e3o existe um padr\u00e3o para o conte\u00fado dessas provas. Cada universidade federal pode abrir sua prova de reconhecimento de t\u00edtulos no exterior. Com isso, o conte\u00fado n\u00e3o \u00e9 uniforme.<\/p>\n<p>Al\u00e9m disso, o custo dessas avalia\u00e7\u00f5es \u00e9 alto. A Universidade Federal de Minas Gerais (UFMG) cobra uma taxa de inscri\u00e7\u00e3o de R$1.172,20. Outras universidades pelo pa\u00eds t\u00eam pre\u00e7os similares.<\/p>\n<p>Preconceito<\/p>\n<p>\u201cAs provas s\u00e3o injustas, porque t\u00eam um n\u00edvel de m\u00e9dicos especialistas, e n\u00e3o de &#8216;generalistas&#8217;, que \u00e9 o que somos ap\u00f3s nos graduar. Isso causa uma desaprova\u00e7\u00e3o consider\u00e1vel dos estudantes que vem de fora\u201d, acredita Andr\u00e9ia.<\/p>\n<p>\u201cO que a categoria m\u00e9dica n\u00e3o divulga \u00e9 que 50% dos estudantes da USP reprovaram na prova feita pelo Conselho de Medicina de S\u00e3o Paulo. Foi uma prova para m\u00e9dico generalista, muito mais f\u00e1cil que a de revalida\u00e7\u00e3o\u201d, revela.<\/p>\n<p>Para Andr\u00e9ia, h\u00e1 um \u201cgrande preconceito\u201d por parte dos profissionais brasileiros em rela\u00e7\u00e3o aos m\u00e9dicos formados em outros pa\u00edses, o que cria um entrave para a revalida\u00e7\u00e3o dos diplomas.<\/p>\n<p>\u201cSeria justo se os profissionais que se formam no Brasil fizessem as mesmas provas que n\u00f3s, para ver se realmente se comprova uma suposta m\u00e1 forma\u00e7\u00e3o de nossa parte, bem como discursa a categoria m\u00e9dica brasileira\u201d, observa.<\/p>\n<p>Os dois m\u00e9dicos defendem a realiza\u00e7\u00e3o de uma avalia\u00e7\u00e3o dos conhecimentos dos profissionais graduados no exterior, mas destacam que as provas atuais n\u00e3o cumprem esse papel, porque n\u00e3o s\u00e3o aplicados testes adequados para auferir o conhecimento.<\/p>\n<p>\u201cAs provas te\u00f3ricas e pr\u00e1ticas atuais n\u00e3o levam em conta as complexidades. Seria muito melhor colocar esse m\u00e9dico para trabalhar sob um tutor e, a partir da\u00ed, se instaurar uma avalia\u00e7\u00e3o rigorosa e permanente. Mas isso n\u00e3o tem sido pensado\u201d, pontua Augusto.<\/p>\n<p>Forma\u00e7\u00e3o<\/p>\n<p>A concep\u00e7\u00e3o de medicina ensinada nas universidades impede tamb\u00e9m que os estudantes vejam a luta pela sa\u00fade al\u00e9m do tratamento de doen\u00e7as.<\/p>\n<p>\u201cNas universidades de medicina, s\u00f3 se v\u00ea doen\u00e7a. N\u00e3o se fala em sa\u00fade. Como voc\u00ea pode lutar pela sa\u00fade se s\u00f3 v\u00ea doen\u00e7as? Tamb\u00e9m \u00e9 sa\u00fade lutar pelo direito \u00e0 cidade e por um sistema p\u00fablico de sa\u00fade de qualidade\u201d, destaca Augusto.<\/p>\n<p>De acordo com o militante, a concep\u00e7\u00e3o de sa\u00fade deve ultrapassar uma forma\u00e7\u00e3o t\u00e9cnica. \u201cO m\u00e9dico deve exercer a medicina a favor da constru\u00e7\u00e3o de um pa\u00eds mais saud\u00e1vel, sem esperar que as pessoas ou uma comunidade adoe\u00e7a para depois intervir sobre ela, pois \u00e9 o modo de vida que vivemos que gera as doen\u00e7as do pa\u00eds\u201d, defende.<\/p>\n<p>Andr\u00e9ia quer se tornar professora de medicina para colaborar para a mudan\u00e7a da forma de ensinar das universidades. Ela se classificou na primeira fase do concurso para lecionar na Universidade Federal de Campina Grande (UFCG).<\/p>\n<p>Segundo ela, o campo da educa\u00e7\u00e3o deve ser ocupado por aqueles que querem democratizar a educa\u00e7\u00e3o. \u201cPrecisamos formar profissionais com um novo perfil, realmente voltados para atender o povo, para se fixar nos locais de dif\u00edcil acesso, n\u00e3o s\u00f3 nos grandes centros como hoje. \u00c9 um campo interessante de atua\u00e7\u00e3o\u201d.<\/p>\n<p>Por Jos\u00e9 Coutinho J\u00fanior, da p\u00e1gina do MST, publicado pelo Portal Carta Maior<\/p>\n","protected":false},"excerpt":{"rendered":"<p>Estudo do Minist\u00e9rio da Educa\u00e7\u00e3o (MEC) aponta que 88% dos matriculados em universidades p\u00fablicas de medicina estudaram em escolas particulares no ensino fundamental e m\u00e9dio. Para Andr\u00e9ia Campigotto, m\u00e9dica brasileira formada em Cuba, as universidades brasileiras precisam formar m\u00e9dicos com&hellip;<\/p>\n","protected":false},"author":44,"featured_media":63423,"comment_status":"closed","ping_status":"open","sticky":false,"template":"","format":"standard","meta":{"footnotes":""},"categories":[104,1255,42,1253],"tags":[6160,5790],"class_list":["post-63415","post","type-post","status-publish","format-standard","has-post-thumbnail","hentry","category-america-do-sul","category-diversidade","category-internacional-2","category-saude","tag-elitizacao-da-medicina","tag-medicos-estrangeiros-no-brasil"],"yoast_head":"<!-- This site is optimized with the Yoast SEO plugin v27.1.1 - https:\/\/yoast.com\/product\/yoast-seo-wordpress\/ -->\n<title>\u201cPobre estudar medicina \u00e9 afronta para a elite\u201d, diz m\u00e9dico formado em Cuba<\/title>\n<meta name=\"description\" content=\"Estudo do Minist\u00e9rio da Educa\u00e7\u00e3o (MEC) aponta que 88% dos matriculados em universidades p\u00fablicas de medicina estudaram em escolas particulares no ensino\" \/>\n<meta name=\"robots\" content=\"index, follow, max-snippet:-1, max-image-preview:large, max-video-preview:-1\" \/>\n<link rel=\"canonical\" href=\"https:\/\/www.pressenza.com\/pt-pt\/2013\/08\/pobre-estudar-medicina-e-afronta-para-a-elite-diz-medico-formado-em-cuba\/\" \/>\n<meta property=\"og:locale\" content=\"pt_PT\" \/>\n<meta property=\"og:type\" content=\"article\" \/>\n<meta property=\"og:title\" content=\"\u201cPobre estudar medicina \u00e9 afronta para a elite\u201d, diz m\u00e9dico formado em Cuba\" \/>\n<meta property=\"og:description\" content=\"Estudo do Minist\u00e9rio da Educa\u00e7\u00e3o (MEC) aponta que 88% dos matriculados em universidades p\u00fablicas de medicina estudaram em escolas particulares no ensino\" \/>\n<meta property=\"og:url\" content=\"https:\/\/www.pressenza.com\/pt-pt\/2013\/08\/pobre-estudar-medicina-e-afronta-para-a-elite-diz-medico-formado-em-cuba\/\" \/>\n<meta property=\"og:site_name\" content=\"Pressenza\" \/>\n<meta property=\"article:publisher\" content=\"https:\/\/www.facebook.com\/PressenzaItalia\" \/>\n<meta property=\"article:author\" content=\"https:\/\/www.facebook.com\/PressenzaPortugues\" \/>\n<meta property=\"article:published_time\" content=\"2013-08-03T00:37:19+00:00\" \/>\n<meta property=\"og:image\" content=\"https:\/\/www.pressenza.com\/wp-content\/uploads\/2013\/08\/Augusto-C\u00e9sar.jpg\" \/>\n\t<meta property=\"og:image:width\" content=\"821\" \/>\n\t<meta property=\"og:image:height\" content=\"1149\" \/>\n\t<meta property=\"og:image:type\" content=\"image\/jpeg\" \/>\n<meta name=\"author\" content=\"Reda\u00e7\u00e3o S\u00e3o Paulo\" \/>\n<meta name=\"twitter:card\" content=\"summary_large_image\" \/>\n<meta name=\"twitter:creator\" content=\"@pressenza_pt\" \/>\n<meta name=\"twitter:site\" content=\"@PressenzaIPA\" \/>\n<meta name=\"twitter:label1\" content=\"Escrito por\" \/>\n\t<meta name=\"twitter:data1\" content=\"Reda\u00e7\u00e3o S\u00e3o Paulo\" \/>\n\t<meta name=\"twitter:label2\" content=\"Tempo estimado de leitura\" \/>\n\t<meta name=\"twitter:data2\" content=\"5 minutos\" \/>\n<script type=\"application\/ld+json\" class=\"yoast-schema-graph\">{\"@context\":\"https:\/\/schema.org\",\"@graph\":[{\"@type\":\"Article\",\"@id\":\"https:\/\/www.pressenza.com\/pt-pt\/2013\/08\/pobre-estudar-medicina-e-afronta-para-a-elite-diz-medico-formado-em-cuba\/#article\",\"isPartOf\":{\"@id\":\"https:\/\/www.pressenza.com\/pt-pt\/2013\/08\/pobre-estudar-medicina-e-afronta-para-a-elite-diz-medico-formado-em-cuba\/\"},\"author\":{\"name\":\"Reda\u00e7\u00e3o S\u00e3o Paulo\",\"@id\":\"https:\/\/www.pressenza.com\/pt-pt\/#\/schema\/person\/d171826afb7693cfc394da95892bfd93\"},\"headline\":\"\u201cPobre estudar medicina \u00e9 afronta para a elite\u201d, diz m\u00e9dico formado em Cuba\",\"datePublished\":\"2013-08-03T00:37:19+00:00\",\"mainEntityOfPage\":{\"@id\":\"https:\/\/www.pressenza.com\/pt-pt\/2013\/08\/pobre-estudar-medicina-e-afronta-para-a-elite-diz-medico-formado-em-cuba\/\"},\"wordCount\":1021,\"publisher\":{\"@id\":\"https:\/\/www.pressenza.com\/pt-pt\/#organization\"},\"image\":{\"@id\":\"https:\/\/www.pressenza.com\/pt-pt\/2013\/08\/pobre-estudar-medicina-e-afronta-para-a-elite-diz-medico-formado-em-cuba\/#primaryimage\"},\"thumbnailUrl\":\"https:\/\/www.pressenza.com\/wp-content\/uploads\/2013\/08\/Augusto-C\u00e9sar.jpg\",\"keywords\":[\"elitiza\u00e7\u00e3o da medicina\",\"medicos estrangeiros no brasil\"],\"articleSection\":[\"\u00c1m\u00e9rica do Sul\",\"Diversidade\",\"Internacional\",\"Sa\u00fade\"],\"inLanguage\":\"pt-PT\"},{\"@type\":\"WebPage\",\"@id\":\"https:\/\/www.pressenza.com\/pt-pt\/2013\/08\/pobre-estudar-medicina-e-afronta-para-a-elite-diz-medico-formado-em-cuba\/\",\"url\":\"https:\/\/www.pressenza.com\/pt-pt\/2013\/08\/pobre-estudar-medicina-e-afronta-para-a-elite-diz-medico-formado-em-cuba\/\",\"name\":\"\u201cPobre estudar medicina \u00e9 afronta para a elite\u201d, diz m\u00e9dico formado em Cuba\",\"isPartOf\":{\"@id\":\"https:\/\/www.pressenza.com\/pt-pt\/#website\"},\"primaryImageOfPage\":{\"@id\":\"https:\/\/www.pressenza.com\/pt-pt\/2013\/08\/pobre-estudar-medicina-e-afronta-para-a-elite-diz-medico-formado-em-cuba\/#primaryimage\"},\"image\":{\"@id\":\"https:\/\/www.pressenza.com\/pt-pt\/2013\/08\/pobre-estudar-medicina-e-afronta-para-a-elite-diz-medico-formado-em-cuba\/#primaryimage\"},\"thumbnailUrl\":\"https:\/\/www.pressenza.com\/wp-content\/uploads\/2013\/08\/Augusto-C\u00e9sar.jpg\",\"datePublished\":\"2013-08-03T00:37:19+00:00\",\"description\":\"Estudo do Minist\u00e9rio da Educa\u00e7\u00e3o (MEC) aponta que 88% dos matriculados em universidades p\u00fablicas de medicina estudaram em escolas particulares no ensino\",\"breadcrumb\":{\"@id\":\"https:\/\/www.pressenza.com\/pt-pt\/2013\/08\/pobre-estudar-medicina-e-afronta-para-a-elite-diz-medico-formado-em-cuba\/#breadcrumb\"},\"inLanguage\":\"pt-PT\",\"potentialAction\":[{\"@type\":\"ReadAction\",\"target\":[\"https:\/\/www.pressenza.com\/pt-pt\/2013\/08\/pobre-estudar-medicina-e-afronta-para-a-elite-diz-medico-formado-em-cuba\/\"]}]},{\"@type\":\"ImageObject\",\"inLanguage\":\"pt-PT\",\"@id\":\"https:\/\/www.pressenza.com\/pt-pt\/2013\/08\/pobre-estudar-medicina-e-afronta-para-a-elite-diz-medico-formado-em-cuba\/#primaryimage\",\"url\":\"https:\/\/www.pressenza.com\/wp-content\/uploads\/2013\/08\/Augusto-C\u00e9sar.jpg\",\"contentUrl\":\"https:\/\/www.pressenza.com\/wp-content\/uploads\/2013\/08\/Augusto-C\u00e9sar.jpg\",\"width\":821,\"height\":1149},{\"@type\":\"BreadcrumbList\",\"@id\":\"https:\/\/www.pressenza.com\/pt-pt\/2013\/08\/pobre-estudar-medicina-e-afronta-para-a-elite-diz-medico-formado-em-cuba\/#breadcrumb\",\"itemListElement\":[{\"@type\":\"ListItem\",\"position\":1,\"name\":\"Accueil\",\"item\":\"https:\/\/www.pressenza.com\/pt-pt\/\"},{\"@type\":\"ListItem\",\"position\":2,\"name\":\"\u201cPobre estudar medicina \u00e9 afronta para a elite\u201d, diz m\u00e9dico formado em Cuba\"}]},{\"@type\":\"WebSite\",\"@id\":\"https:\/\/www.pressenza.com\/pt-pt\/#website\",\"url\":\"https:\/\/www.pressenza.com\/pt-pt\/\",\"name\":\"Pressenza\",\"description\":\"International Press Agency\",\"publisher\":{\"@id\":\"https:\/\/www.pressenza.com\/pt-pt\/#organization\"},\"potentialAction\":[{\"@type\":\"SearchAction\",\"target\":{\"@type\":\"EntryPoint\",\"urlTemplate\":\"https:\/\/www.pressenza.com\/pt-pt\/?s={search_term_string}\"},\"query-input\":{\"@type\":\"PropertyValueSpecification\",\"valueRequired\":true,\"valueName\":\"search_term_string\"}}],\"inLanguage\":\"pt-PT\"},{\"@type\":\"Organization\",\"@id\":\"https:\/\/www.pressenza.com\/pt-pt\/#organization\",\"name\":\"Pressenza\",\"url\":\"https:\/\/www.pressenza.com\/pt-pt\/\",\"logo\":{\"@type\":\"ImageObject\",\"inLanguage\":\"pt-PT\",\"@id\":\"https:\/\/www.pressenza.com\/pt-pt\/#\/schema\/logo\/image\/\",\"url\":\"https:\/\/www.pressenza.com\/wp-content\/uploads\/2022\/10\/pressenza_logo_200x200.jpg\",\"contentUrl\":\"https:\/\/www.pressenza.com\/wp-content\/uploads\/2022\/10\/pressenza_logo_200x200.jpg\",\"width\":200,\"height\":200,\"caption\":\"Pressenza\"},\"image\":{\"@id\":\"https:\/\/www.pressenza.com\/pt-pt\/#\/schema\/logo\/image\/\"},\"sameAs\":[\"https:\/\/www.facebook.com\/PressenzaItalia\",\"https:\/\/x.com\/PressenzaIPA\"]},{\"@type\":\"Person\",\"@id\":\"https:\/\/www.pressenza.com\/pt-pt\/#\/schema\/person\/d171826afb7693cfc394da95892bfd93\",\"name\":\"Reda\u00e7\u00e3o S\u00e3o Paulo\",\"description\":\"News from the Pressenza bureau in Sao Paulo, Brazil\",\"sameAs\":[\"https:\/\/www.facebook.com\/PressenzaPortugues\",\"https:\/\/x.com\/pressenza_pt\"],\"url\":\"https:\/\/www.pressenza.com\/pt-pt\/author\/redaccao-sao-paulo\/\"}]}<\/script>\n<!-- \/ Yoast SEO plugin. -->","yoast_head_json":{"title":"\u201cPobre estudar medicina \u00e9 afronta para a elite\u201d, diz m\u00e9dico formado em Cuba","description":"Estudo do Minist\u00e9rio da Educa\u00e7\u00e3o (MEC) aponta que 88% dos matriculados em universidades p\u00fablicas de medicina estudaram em escolas particulares no ensino","robots":{"index":"index","follow":"follow","max-snippet":"max-snippet:-1","max-image-preview":"max-image-preview:large","max-video-preview":"max-video-preview:-1"},"canonical":"https:\/\/www.pressenza.com\/pt-pt\/2013\/08\/pobre-estudar-medicina-e-afronta-para-a-elite-diz-medico-formado-em-cuba\/","og_locale":"pt_PT","og_type":"article","og_title":"\u201cPobre estudar medicina \u00e9 afronta para a elite\u201d, diz m\u00e9dico formado em Cuba","og_description":"Estudo do Minist\u00e9rio da Educa\u00e7\u00e3o (MEC) aponta que 88% dos matriculados em universidades p\u00fablicas de medicina estudaram em escolas particulares no ensino","og_url":"https:\/\/www.pressenza.com\/pt-pt\/2013\/08\/pobre-estudar-medicina-e-afronta-para-a-elite-diz-medico-formado-em-cuba\/","og_site_name":"Pressenza","article_publisher":"https:\/\/www.facebook.com\/PressenzaItalia","article_author":"https:\/\/www.facebook.com\/PressenzaPortugues","article_published_time":"2013-08-03T00:37:19+00:00","og_image":[{"width":821,"height":1149,"url":"https:\/\/www.pressenza.com\/wp-content\/uploads\/2013\/08\/Augusto-C\u00e9sar.jpg","type":"image\/jpeg"}],"author":"Reda\u00e7\u00e3o S\u00e3o Paulo","twitter_card":"summary_large_image","twitter_creator":"@pressenza_pt","twitter_site":"@PressenzaIPA","twitter_misc":{"Escrito por":"Reda\u00e7\u00e3o S\u00e3o Paulo","Tempo estimado de leitura":"5 minutos"},"schema":{"@context":"https:\/\/schema.org","@graph":[{"@type":"Article","@id":"https:\/\/www.pressenza.com\/pt-pt\/2013\/08\/pobre-estudar-medicina-e-afronta-para-a-elite-diz-medico-formado-em-cuba\/#article","isPartOf":{"@id":"https:\/\/www.pressenza.com\/pt-pt\/2013\/08\/pobre-estudar-medicina-e-afronta-para-a-elite-diz-medico-formado-em-cuba\/"},"author":{"name":"Reda\u00e7\u00e3o S\u00e3o Paulo","@id":"https:\/\/www.pressenza.com\/pt-pt\/#\/schema\/person\/d171826afb7693cfc394da95892bfd93"},"headline":"\u201cPobre estudar medicina \u00e9 afronta para a elite\u201d, diz m\u00e9dico formado em Cuba","datePublished":"2013-08-03T00:37:19+00:00","mainEntityOfPage":{"@id":"https:\/\/www.pressenza.com\/pt-pt\/2013\/08\/pobre-estudar-medicina-e-afronta-para-a-elite-diz-medico-formado-em-cuba\/"},"wordCount":1021,"publisher":{"@id":"https:\/\/www.pressenza.com\/pt-pt\/#organization"},"image":{"@id":"https:\/\/www.pressenza.com\/pt-pt\/2013\/08\/pobre-estudar-medicina-e-afronta-para-a-elite-diz-medico-formado-em-cuba\/#primaryimage"},"thumbnailUrl":"https:\/\/www.pressenza.com\/wp-content\/uploads\/2013\/08\/Augusto-C\u00e9sar.jpg","keywords":["elitiza\u00e7\u00e3o da medicina","medicos estrangeiros no brasil"],"articleSection":["\u00c1m\u00e9rica do Sul","Diversidade","Internacional","Sa\u00fade"],"inLanguage":"pt-PT"},{"@type":"WebPage","@id":"https:\/\/www.pressenza.com\/pt-pt\/2013\/08\/pobre-estudar-medicina-e-afronta-para-a-elite-diz-medico-formado-em-cuba\/","url":"https:\/\/www.pressenza.com\/pt-pt\/2013\/08\/pobre-estudar-medicina-e-afronta-para-a-elite-diz-medico-formado-em-cuba\/","name":"\u201cPobre estudar medicina \u00e9 afronta para a elite\u201d, diz m\u00e9dico formado em Cuba","isPartOf":{"@id":"https:\/\/www.pressenza.com\/pt-pt\/#website"},"primaryImageOfPage":{"@id":"https:\/\/www.pressenza.com\/pt-pt\/2013\/08\/pobre-estudar-medicina-e-afronta-para-a-elite-diz-medico-formado-em-cuba\/#primaryimage"},"image":{"@id":"https:\/\/www.pressenza.com\/pt-pt\/2013\/08\/pobre-estudar-medicina-e-afronta-para-a-elite-diz-medico-formado-em-cuba\/#primaryimage"},"thumbnailUrl":"https:\/\/www.pressenza.com\/wp-content\/uploads\/2013\/08\/Augusto-C\u00e9sar.jpg","datePublished":"2013-08-03T00:37:19+00:00","description":"Estudo do Minist\u00e9rio da Educa\u00e7\u00e3o (MEC) aponta que 88% dos matriculados em universidades p\u00fablicas de medicina estudaram em escolas particulares no ensino","breadcrumb":{"@id":"https:\/\/www.pressenza.com\/pt-pt\/2013\/08\/pobre-estudar-medicina-e-afronta-para-a-elite-diz-medico-formado-em-cuba\/#breadcrumb"},"inLanguage":"pt-PT","potentialAction":[{"@type":"ReadAction","target":["https:\/\/www.pressenza.com\/pt-pt\/2013\/08\/pobre-estudar-medicina-e-afronta-para-a-elite-diz-medico-formado-em-cuba\/"]}]},{"@type":"ImageObject","inLanguage":"pt-PT","@id":"https:\/\/www.pressenza.com\/pt-pt\/2013\/08\/pobre-estudar-medicina-e-afronta-para-a-elite-diz-medico-formado-em-cuba\/#primaryimage","url":"https:\/\/www.pressenza.com\/wp-content\/uploads\/2013\/08\/Augusto-C\u00e9sar.jpg","contentUrl":"https:\/\/www.pressenza.com\/wp-content\/uploads\/2013\/08\/Augusto-C\u00e9sar.jpg","width":821,"height":1149},{"@type":"BreadcrumbList","@id":"https:\/\/www.pressenza.com\/pt-pt\/2013\/08\/pobre-estudar-medicina-e-afronta-para-a-elite-diz-medico-formado-em-cuba\/#breadcrumb","itemListElement":[{"@type":"ListItem","position":1,"name":"Accueil","item":"https:\/\/www.pressenza.com\/pt-pt\/"},{"@type":"ListItem","position":2,"name":"\u201cPobre estudar medicina \u00e9 afronta para a elite\u201d, diz m\u00e9dico formado em Cuba"}]},{"@type":"WebSite","@id":"https:\/\/www.pressenza.com\/pt-pt\/#website","url":"https:\/\/www.pressenza.com\/pt-pt\/","name":"Pressenza","description":"International Press Agency","publisher":{"@id":"https:\/\/www.pressenza.com\/pt-pt\/#organization"},"potentialAction":[{"@type":"SearchAction","target":{"@type":"EntryPoint","urlTemplate":"https:\/\/www.pressenza.com\/pt-pt\/?s={search_term_string}"},"query-input":{"@type":"PropertyValueSpecification","valueRequired":true,"valueName":"search_term_string"}}],"inLanguage":"pt-PT"},{"@type":"Organization","@id":"https:\/\/www.pressenza.com\/pt-pt\/#organization","name":"Pressenza","url":"https:\/\/www.pressenza.com\/pt-pt\/","logo":{"@type":"ImageObject","inLanguage":"pt-PT","@id":"https:\/\/www.pressenza.com\/pt-pt\/#\/schema\/logo\/image\/","url":"https:\/\/www.pressenza.com\/wp-content\/uploads\/2022\/10\/pressenza_logo_200x200.jpg","contentUrl":"https:\/\/www.pressenza.com\/wp-content\/uploads\/2022\/10\/pressenza_logo_200x200.jpg","width":200,"height":200,"caption":"Pressenza"},"image":{"@id":"https:\/\/www.pressenza.com\/pt-pt\/#\/schema\/logo\/image\/"},"sameAs":["https:\/\/www.facebook.com\/PressenzaItalia","https:\/\/x.com\/PressenzaIPA"]},{"@type":"Person","@id":"https:\/\/www.pressenza.com\/pt-pt\/#\/schema\/person\/d171826afb7693cfc394da95892bfd93","name":"Reda\u00e7\u00e3o S\u00e3o Paulo","description":"News from the Pressenza bureau in Sao Paulo, Brazil","sameAs":["https:\/\/www.facebook.com\/PressenzaPortugues","https:\/\/x.com\/pressenza_pt"],"url":"https:\/\/www.pressenza.com\/pt-pt\/author\/redaccao-sao-paulo\/"}]}},"place":"","original_article_url":"","_links":{"self":[{"href":"https:\/\/www.pressenza.com\/pt-pt\/wp-json\/wp\/v2\/posts\/63415","targetHints":{"allow":["GET"]}}],"collection":[{"href":"https:\/\/www.pressenza.com\/pt-pt\/wp-json\/wp\/v2\/posts"}],"about":[{"href":"https:\/\/www.pressenza.com\/pt-pt\/wp-json\/wp\/v2\/types\/post"}],"author":[{"embeddable":true,"href":"https:\/\/www.pressenza.com\/pt-pt\/wp-json\/wp\/v2\/users\/44"}],"replies":[{"embeddable":true,"href":"https:\/\/www.pressenza.com\/pt-pt\/wp-json\/wp\/v2\/comments?post=63415"}],"version-history":[{"count":0,"href":"https:\/\/www.pressenza.com\/pt-pt\/wp-json\/wp\/v2\/posts\/63415\/revisions"}],"wp:featuredmedia":[{"embeddable":true,"href":"https:\/\/www.pressenza.com\/pt-pt\/wp-json\/wp\/v2\/media\/63423"}],"wp:attachment":[{"href":"https:\/\/www.pressenza.com\/pt-pt\/wp-json\/wp\/v2\/media?parent=63415"}],"wp:term":[{"taxonomy":"category","embeddable":true,"href":"https:\/\/www.pressenza.com\/pt-pt\/wp-json\/wp\/v2\/categories?post=63415"},{"taxonomy":"post_tag","embeddable":true,"href":"https:\/\/www.pressenza.com\/pt-pt\/wp-json\/wp\/v2\/tags?post=63415"}],"curies":[{"name":"wp","href":"https:\/\/api.w.org\/{rel}","templated":true}]}}