{"id":632325,"date":"2018-04-27T15:19:15","date_gmt":"2018-04-27T14:19:15","guid":{"rendered":"https:\/\/www.pressenza.com\/?p=632325"},"modified":"2018-04-27T15:51:36","modified_gmt":"2018-04-27T14:51:36","slug":"trata-do-povo-preto-atacando-proprio-povo-preto","status":"publish","type":"post","link":"https:\/\/www.pressenza.com\/pt-pt\/2018\/04\/trata-do-povo-preto-atacando-proprio-povo-preto\/","title":{"rendered":"&#8220;Se trata do povo preto atacando o pr\u00f3prio povo preto&#8221;"},"content":{"rendered":"<p>A intoler\u00e2ncia religiosa no Brasil se d\u00e1 de diferentes formas. Das mais sut\u00eds, com express\u00f5es como &#8220;Chuta que \u00e9 macumba&#8221; at\u00e9 mesmo o caso de Kailane Campos, que levou uma pedrada ao sair de um terreiro na cidade do Rio de Janeiro.<\/p>\n<p>Segundo o depoimento de sua av\u00f3, um grupo de homens as agrediram verbalmente e um dos integrantes do grupo atacou uma pedra que atingiu a menina. Al\u00e9m deste caso, temos diversos relatos de terreiros atacados. De s\u00edmbolos religiosos desrespeitados. De oferendas que s\u00e3o atacadas. O simples ato de vestir as vestimentas caracter\u00edsticas das religi\u00f5es afro-brasileiras j\u00e1 desperta o \u00f3dio.<\/p>\n<p>Muito do crescente \u00f3dio para tais segmentos da popula\u00e7\u00e3o \u00e9 atribu\u00eddo aos grupos neopentecostais. Por\u00e9m, existem protestantes, evang\u00e9licos, que se posicionam contra a intoler\u00e2ncia. Uma <a href=\"http:\/\/www.bbc.com\/portuguese\/brasil-43879422\">mat\u00e9ria da BBC Brasil<\/a> trouxe a hist\u00f3ria de Lusmarina Campos, pastora Anglicana que organizou uma campanha de arrecada\u00e7\u00e3o de fundos para reconstruir o terreiro Concei\u00e7\u00e3o d&#8217;Liss\u00e1, situado na cidade de Duque de Caxias, no Rio de Janeiro.<\/p>\n<p>Para entender mais sobre esta tem\u00e1tica, a Pressenza Brasil entrevista Simony dos Anjos que \u00e9 graduada em Ci\u00eancias Sociais (Unifesp), \u00a0mestranda em Educa\u00e7\u00e3o (USP) e tem estudado a rela\u00e7\u00e3o entre antropologia, educa\u00e7\u00e3o e a diversidade. Escreve o Blog Sim, Genuflexos e escreve a coluna (f\u00e9)ministas do portal de not\u00edcias Justificando.<\/p>\n<p><b>Pressenza Brasil &#8211; \u00a0<\/b>Recentemente o Terreiro Concei\u00e7\u00e3o d&#8217;Liss\u00e1 que fica em Duque de Caxias (RJ) foi incendiado. Para ajudar na reconstru\u00e7\u00e3o, um grupo arrecadou 12 mil reais para obras. A iniciativa foi organizada pela pastora Lusmarina Campos da Igreja Evang\u00e9lica de Confiss\u00e3o Luterana no Brasil. Qual \u00e9 a import\u00e2ncia de atos como este para a diminui\u00e7\u00e3o da intoler\u00e2ncia religiosa no Brasil?<\/p>\n<p>Simony dos Anjos &#8211; Esse tipo de atitude n\u00e3o deveria ser exce\u00e7\u00e3o, mas, infelizmente, al\u00e9m de rara, s\u00e3o muito mais comuns, vindo dos crist\u00e3os, ataques a templos religiosos e terreiros de religi\u00f5es de matrizes africanas do que qualquer tipo de ajuda ou empatia. Para mim, atitudes como a da Pastora Lusmarina s\u00e3o essenciais por dois motivos: primeiramente, ela \u00e9 uma l\u00edder religiosa que influencia os fi\u00e9is de sua comunidade. Se os l\u00edderes religiosos assumissem um discurso de toler\u00e2ncia e respeito ao pr\u00f3ximo, a intoler\u00e2ncia religiosa n\u00e3o existiria, pois a intoler\u00e2ncia se aprende dentro das igrejas crist\u00e3s, ou seja, quem est\u00e1 ensinando os fi\u00e9is, sen\u00e3o a lideran\u00e7a das Igrejas? O segundo motivo \u00e9 pelo fato de ser um reparo. Explico, durante s\u00e9culos crist\u00e3os perseguiram, destru\u00edram e quiseram apagar as religi\u00f5es de matrizes africanas. Assim, atitudes, como a da Rev. Campos, \u00a0apontam para a retrata\u00e7\u00e3o de uma d\u00edvida hist\u00f3rica que n\u00f3s, Crist\u00e3os, temos com a popula\u00e7\u00e3o negra, em geral. Lembrando que Crist\u00e3os apoiaram a escravid\u00e3o, tiveram escravos e for\u00e7aram os escravos a constru\u00edrem seus templos religiosos. O racismo estrutural no qual vivemos foi, em grande parte, ratificado pelo cristianismo, infelizmente.<\/p>\n<p>Perseguir as religi\u00f5es de matrizes africanas \u00e9 um modo de tentar apagar a exist\u00eancia (e resist\u00eancia) de um povo que j\u00e1 teve tanta coisa usurpada em 300 anos de escravid\u00e3o. Contudo, n\u00e3o conseguiram e, se depender dos crist\u00e3o progressistas, n\u00e3o conseguir\u00e3o.<\/p>\n<p><b>P.B. &#8211; <\/b>\u00a0Em sua vis\u00e3o, qual \u00e9 o motivo de tanto \u00f3dio para com as religi\u00f5es de matriz africana?<\/p>\n<p>S.A. &#8211; A religi\u00e3o crist\u00e3 \u00e9 manique\u00edsta, ou seja, acredita que h\u00e1 um sumo bem e o mal. No momento da escravid\u00e3o, foi muito oportuno para os crist\u00e3os enxergarem o mal nas religi\u00f5es de matrizes africanas, pois, assim, tinham legitimidade para atacar essa religi\u00e3o e, juntamente com ela, o povo negro. Se olharmos com olhar sociol\u00f3gico para essa quest\u00e3o, vemos que a religi\u00e3o \u00e9 um fator de organiza\u00e7\u00e3o e mobiliza\u00e7\u00e3o social, assim, impedir que os negros cultuassem seus deuses, da mesma forma que proibiram que falassem suas l\u00ednguas maternas, era uma forma de impedir que eles se organizassem. Com essa heran\u00e7a escravocrata que temos, a imagem passada dessas religi\u00f5es \u00e9 justamente a de mal, de demon\u00edaco, que precisa ser combatido. O racismo estrutural e a intoler\u00e2ncia religiosa, no Brasil, est\u00e3o intrinsecamente ligados.<\/p>\n<p><b>P.B. &#8211; <\/b>Quais s\u00e3o as iniciativas que t\u00eam lutado pela diminui\u00e7\u00e3o da intoler\u00e2ncia religiosa e buscado di\u00e1logos entre as religi\u00f5es?<\/p>\n<p>S.A. &#8211; Basicamente, todas as organiza\u00e7\u00f5es que t\u00eam orienta\u00e7\u00e3o ecum\u00eanica e tend\u00eancias mais progressistas. S\u00e3o raras e dificilmente t\u00eam apoio financeiro para continuar. Contudo, esse tipo de manifesta\u00e7\u00e3o t\u00eam crescido, posso citar, por exemplo, o CEBi (Centro de Estudo B\u00edblicos), que tem car\u00e1ter ecum\u00eanico e tradi\u00e7\u00e3o na leitura popular da B\u00edblia, ou seja, uma leitura para o povo, pelo povo e que liberte o povo.<\/p>\n<p><b>P.B. &#8211; <\/b>\u00a0H\u00e1 algo que voc\u00ea gostaria de acrescentar?<\/p>\n<p>Temos que ter em mente que a popula\u00e7\u00e3o das igrejas evang\u00e9licas (e grande parte dos cat\u00f3licos, tamb\u00e9m) \u00e9 de pessoas pretas, pobres e perif\u00e9ricas. As igrejas est\u00e3o na maioria das periferias e comunidades do Brasil. Assim, o que vemos \u00e9 muito perverso, pois se trata do povo preto atacando o pr\u00f3prio povo preto. Quer controle social maior que esse? Ou seja, a desuni\u00e3o entre as pessoas pobres \u00e9 essencial para a manuten\u00e7\u00e3o do status quo da nossa sociedade. Quando houver solidariedade entre as pessoas pobres, independentemente, de orienta\u00e7\u00e3o sexual, religi\u00e3o, modos de vida, acontecer\u00e1 a verdadeira revolu\u00e7\u00e3o. Como diria Angela Davis, quando a mulher negra se move, a sociedade inteira se move. Voc\u00eas j\u00e1 repararam qual \u00e9 a base da igreja evang\u00e9lica? Mulheres negras, \u00e9 com elas que temos que falar, por isso a import\u00e2ncia de termos l\u00edderes religiosos progressistas.<\/p>\n<p>*Fim da Entrevista<\/p>\n","protected":false},"excerpt":{"rendered":"<p>A intoler\u00e2ncia religiosa no Brasil se d\u00e1 de diferentes formas. Das mais sut\u00eds, com express\u00f5es como &#8220;Chuta que \u00e9 macumba&#8221; at\u00e9 mesmo o caso de Kailane Campos, que levou uma pedrada ao sair de um terreiro na cidade do Rio&hellip;<\/p>\n","protected":false},"author":44,"featured_media":632326,"comment_status":"closed","ping_status":"closed","sticky":false,"template":"","format":"standard","meta":{"footnotes":""},"categories":[104,11390],"tags":[34300],"class_list":["post-632325","post","type-post","status-publish","format-standard","has-post-thumbnail","hentry","category-america-do-sul","category-conteudo-original","tag-religiao"],"yoast_head":"<!-- This site is optimized with the Yoast SEO plugin v27.1.1 - https:\/\/yoast.com\/product\/yoast-seo-wordpress\/ -->\n<title>&quot;Se trata do povo preto atacando o pr\u00f3prio povo preto&quot;<\/title>\n<meta name=\"description\" content=\"A intoler\u00e2ncia religiosa no Brasil se d\u00e1 de diferentes formas. Das mais sut\u00eds, com express\u00f5es como &quot;Chuta que \u00e9 macumba&quot; at\u00e9 mesmo o caso de Kailane\" \/>\n<meta name=\"robots\" content=\"index, follow, max-snippet:-1, max-image-preview:large, max-video-preview:-1\" \/>\n<link rel=\"canonical\" href=\"https:\/\/www.pressenza.com\/pt-pt\/2018\/04\/trata-do-povo-preto-atacando-proprio-povo-preto\/\" \/>\n<meta property=\"og:locale\" content=\"pt_PT\" \/>\n<meta property=\"og:type\" content=\"article\" \/>\n<meta property=\"og:title\" content=\"&quot;Se trata do povo preto atacando o pr\u00f3prio povo preto&quot;\" \/>\n<meta property=\"og:description\" content=\"A intoler\u00e2ncia religiosa no Brasil se d\u00e1 de diferentes formas. Das mais sut\u00eds, com express\u00f5es como &quot;Chuta que \u00e9 macumba&quot; at\u00e9 mesmo o caso de Kailane\" \/>\n<meta property=\"og:url\" content=\"https:\/\/www.pressenza.com\/pt-pt\/2018\/04\/trata-do-povo-preto-atacando-proprio-povo-preto\/\" \/>\n<meta property=\"og:site_name\" content=\"Pressenza\" \/>\n<meta property=\"article:publisher\" content=\"https:\/\/www.facebook.com\/PressenzaItalia\" \/>\n<meta property=\"article:author\" content=\"https:\/\/www.facebook.com\/PressenzaPortugues\" \/>\n<meta property=\"article:published_time\" content=\"2018-04-27T14:19:15+00:00\" \/>\n<meta property=\"article:modified_time\" content=\"2018-04-27T14:51:36+00:00\" \/>\n<meta property=\"og:image\" content=\"https:\/\/www.pressenza.com\/wp-content\/uploads\/2018\/04\/adult-black-and-white-blur-257037.jpg\" \/>\n\t<meta property=\"og:image:width\" content=\"2048\" \/>\n\t<meta property=\"og:image:height\" content=\"1388\" \/>\n\t<meta property=\"og:image:type\" content=\"image\/jpeg\" \/>\n<meta name=\"author\" content=\"Reda\u00e7\u00e3o S\u00e3o Paulo\" \/>\n<meta name=\"twitter:card\" content=\"summary_large_image\" \/>\n<meta name=\"twitter:creator\" content=\"@pressenza_pt\" \/>\n<meta name=\"twitter:site\" content=\"@PressenzaIPA\" \/>\n<meta name=\"twitter:label1\" content=\"Escrito por\" \/>\n\t<meta name=\"twitter:data1\" content=\"Reda\u00e7\u00e3o S\u00e3o Paulo\" \/>\n\t<meta name=\"twitter:label2\" content=\"Tempo estimado de leitura\" \/>\n\t<meta name=\"twitter:data2\" content=\"5 minutos\" \/>\n<script type=\"application\/ld+json\" class=\"yoast-schema-graph\">{\"@context\":\"https:\/\/schema.org\",\"@graph\":[{\"@type\":\"Article\",\"@id\":\"https:\/\/www.pressenza.com\/pt-pt\/2018\/04\/trata-do-povo-preto-atacando-proprio-povo-preto\/#article\",\"isPartOf\":{\"@id\":\"https:\/\/www.pressenza.com\/pt-pt\/2018\/04\/trata-do-povo-preto-atacando-proprio-povo-preto\/\"},\"author\":{\"name\":\"Reda\u00e7\u00e3o S\u00e3o Paulo\",\"@id\":\"https:\/\/www.pressenza.com\/pt-pt\/#\/schema\/person\/d171826afb7693cfc394da95892bfd93\"},\"headline\":\"&#8220;Se trata do povo preto atacando o pr\u00f3prio povo preto&#8221;\",\"datePublished\":\"2018-04-27T14:19:15+00:00\",\"dateModified\":\"2018-04-27T14:51:36+00:00\",\"mainEntityOfPage\":{\"@id\":\"https:\/\/www.pressenza.com\/pt-pt\/2018\/04\/trata-do-povo-preto-atacando-proprio-povo-preto\/\"},\"wordCount\":1018,\"publisher\":{\"@id\":\"https:\/\/www.pressenza.com\/pt-pt\/#organization\"},\"image\":{\"@id\":\"https:\/\/www.pressenza.com\/pt-pt\/2018\/04\/trata-do-povo-preto-atacando-proprio-povo-preto\/#primaryimage\"},\"thumbnailUrl\":\"https:\/\/www.pressenza.com\/wp-content\/uploads\/2018\/04\/adult-black-and-white-blur-257037.jpg\",\"keywords\":[\"religi\u00e3o\"],\"articleSection\":[\"\u00c1m\u00e9rica do Sul\",\"Conte\u00fado Original\"],\"inLanguage\":\"pt-PT\"},{\"@type\":\"WebPage\",\"@id\":\"https:\/\/www.pressenza.com\/pt-pt\/2018\/04\/trata-do-povo-preto-atacando-proprio-povo-preto\/\",\"url\":\"https:\/\/www.pressenza.com\/pt-pt\/2018\/04\/trata-do-povo-preto-atacando-proprio-povo-preto\/\",\"name\":\"\\\"Se trata do povo preto atacando o pr\u00f3prio povo preto\\\"\",\"isPartOf\":{\"@id\":\"https:\/\/www.pressenza.com\/pt-pt\/#website\"},\"primaryImageOfPage\":{\"@id\":\"https:\/\/www.pressenza.com\/pt-pt\/2018\/04\/trata-do-povo-preto-atacando-proprio-povo-preto\/#primaryimage\"},\"image\":{\"@id\":\"https:\/\/www.pressenza.com\/pt-pt\/2018\/04\/trata-do-povo-preto-atacando-proprio-povo-preto\/#primaryimage\"},\"thumbnailUrl\":\"https:\/\/www.pressenza.com\/wp-content\/uploads\/2018\/04\/adult-black-and-white-blur-257037.jpg\",\"datePublished\":\"2018-04-27T14:19:15+00:00\",\"dateModified\":\"2018-04-27T14:51:36+00:00\",\"description\":\"A intoler\u00e2ncia religiosa no Brasil se d\u00e1 de diferentes formas. Das mais sut\u00eds, com express\u00f5es como \\\"Chuta que \u00e9 macumba\\\" at\u00e9 mesmo o caso de Kailane\",\"breadcrumb\":{\"@id\":\"https:\/\/www.pressenza.com\/pt-pt\/2018\/04\/trata-do-povo-preto-atacando-proprio-povo-preto\/#breadcrumb\"},\"inLanguage\":\"pt-PT\",\"potentialAction\":[{\"@type\":\"ReadAction\",\"target\":[\"https:\/\/www.pressenza.com\/pt-pt\/2018\/04\/trata-do-povo-preto-atacando-proprio-povo-preto\/\"]}]},{\"@type\":\"ImageObject\",\"inLanguage\":\"pt-PT\",\"@id\":\"https:\/\/www.pressenza.com\/pt-pt\/2018\/04\/trata-do-povo-preto-atacando-proprio-povo-preto\/#primaryimage\",\"url\":\"https:\/\/www.pressenza.com\/wp-content\/uploads\/2018\/04\/adult-black-and-white-blur-257037.jpg\",\"contentUrl\":\"https:\/\/www.pressenza.com\/wp-content\/uploads\/2018\/04\/adult-black-and-white-blur-257037.jpg\",\"width\":2048,\"height\":1388},{\"@type\":\"BreadcrumbList\",\"@id\":\"https:\/\/www.pressenza.com\/pt-pt\/2018\/04\/trata-do-povo-preto-atacando-proprio-povo-preto\/#breadcrumb\",\"itemListElement\":[{\"@type\":\"ListItem\",\"position\":1,\"name\":\"Accueil\",\"item\":\"https:\/\/www.pressenza.com\/pt-pt\/\"},{\"@type\":\"ListItem\",\"position\":2,\"name\":\"&#8220;Se trata do povo preto atacando o pr\u00f3prio povo preto&#8221;\"}]},{\"@type\":\"WebSite\",\"@id\":\"https:\/\/www.pressenza.com\/pt-pt\/#website\",\"url\":\"https:\/\/www.pressenza.com\/pt-pt\/\",\"name\":\"Pressenza\",\"description\":\"International Press Agency\",\"publisher\":{\"@id\":\"https:\/\/www.pressenza.com\/pt-pt\/#organization\"},\"potentialAction\":[{\"@type\":\"SearchAction\",\"target\":{\"@type\":\"EntryPoint\",\"urlTemplate\":\"https:\/\/www.pressenza.com\/pt-pt\/?s={search_term_string}\"},\"query-input\":{\"@type\":\"PropertyValueSpecification\",\"valueRequired\":true,\"valueName\":\"search_term_string\"}}],\"inLanguage\":\"pt-PT\"},{\"@type\":\"Organization\",\"@id\":\"https:\/\/www.pressenza.com\/pt-pt\/#organization\",\"name\":\"Pressenza\",\"url\":\"https:\/\/www.pressenza.com\/pt-pt\/\",\"logo\":{\"@type\":\"ImageObject\",\"inLanguage\":\"pt-PT\",\"@id\":\"https:\/\/www.pressenza.com\/pt-pt\/#\/schema\/logo\/image\/\",\"url\":\"https:\/\/www.pressenza.com\/wp-content\/uploads\/2022\/10\/pressenza_logo_200x200.jpg\",\"contentUrl\":\"https:\/\/www.pressenza.com\/wp-content\/uploads\/2022\/10\/pressenza_logo_200x200.jpg\",\"width\":200,\"height\":200,\"caption\":\"Pressenza\"},\"image\":{\"@id\":\"https:\/\/www.pressenza.com\/pt-pt\/#\/schema\/logo\/image\/\"},\"sameAs\":[\"https:\/\/www.facebook.com\/PressenzaItalia\",\"https:\/\/x.com\/PressenzaIPA\"]},{\"@type\":\"Person\",\"@id\":\"https:\/\/www.pressenza.com\/pt-pt\/#\/schema\/person\/d171826afb7693cfc394da95892bfd93\",\"name\":\"Reda\u00e7\u00e3o S\u00e3o Paulo\",\"description\":\"News from the Pressenza bureau in Sao Paulo, Brazil\",\"sameAs\":[\"https:\/\/www.facebook.com\/PressenzaPortugues\",\"https:\/\/x.com\/pressenza_pt\"],\"url\":\"https:\/\/www.pressenza.com\/pt-pt\/author\/redaccao-sao-paulo\/\"}]}<\/script>\n<!-- \/ Yoast SEO plugin. -->","yoast_head_json":{"title":"\"Se trata do povo preto atacando o pr\u00f3prio povo preto\"","description":"A intoler\u00e2ncia religiosa no Brasil se d\u00e1 de diferentes formas. Das mais sut\u00eds, com express\u00f5es como \"Chuta que \u00e9 macumba\" at\u00e9 mesmo o caso de Kailane","robots":{"index":"index","follow":"follow","max-snippet":"max-snippet:-1","max-image-preview":"max-image-preview:large","max-video-preview":"max-video-preview:-1"},"canonical":"https:\/\/www.pressenza.com\/pt-pt\/2018\/04\/trata-do-povo-preto-atacando-proprio-povo-preto\/","og_locale":"pt_PT","og_type":"article","og_title":"\"Se trata do povo preto atacando o pr\u00f3prio povo preto\"","og_description":"A intoler\u00e2ncia religiosa no Brasil se d\u00e1 de diferentes formas. Das mais sut\u00eds, com express\u00f5es como \"Chuta que \u00e9 macumba\" at\u00e9 mesmo o caso de Kailane","og_url":"https:\/\/www.pressenza.com\/pt-pt\/2018\/04\/trata-do-povo-preto-atacando-proprio-povo-preto\/","og_site_name":"Pressenza","article_publisher":"https:\/\/www.facebook.com\/PressenzaItalia","article_author":"https:\/\/www.facebook.com\/PressenzaPortugues","article_published_time":"2018-04-27T14:19:15+00:00","article_modified_time":"2018-04-27T14:51:36+00:00","og_image":[{"width":2048,"height":1388,"url":"https:\/\/www.pressenza.com\/wp-content\/uploads\/2018\/04\/adult-black-and-white-blur-257037.jpg","type":"image\/jpeg"}],"author":"Reda\u00e7\u00e3o S\u00e3o Paulo","twitter_card":"summary_large_image","twitter_creator":"@pressenza_pt","twitter_site":"@PressenzaIPA","twitter_misc":{"Escrito por":"Reda\u00e7\u00e3o S\u00e3o Paulo","Tempo estimado de leitura":"5 minutos"},"schema":{"@context":"https:\/\/schema.org","@graph":[{"@type":"Article","@id":"https:\/\/www.pressenza.com\/pt-pt\/2018\/04\/trata-do-povo-preto-atacando-proprio-povo-preto\/#article","isPartOf":{"@id":"https:\/\/www.pressenza.com\/pt-pt\/2018\/04\/trata-do-povo-preto-atacando-proprio-povo-preto\/"},"author":{"name":"Reda\u00e7\u00e3o S\u00e3o Paulo","@id":"https:\/\/www.pressenza.com\/pt-pt\/#\/schema\/person\/d171826afb7693cfc394da95892bfd93"},"headline":"&#8220;Se trata do povo preto atacando o pr\u00f3prio povo preto&#8221;","datePublished":"2018-04-27T14:19:15+00:00","dateModified":"2018-04-27T14:51:36+00:00","mainEntityOfPage":{"@id":"https:\/\/www.pressenza.com\/pt-pt\/2018\/04\/trata-do-povo-preto-atacando-proprio-povo-preto\/"},"wordCount":1018,"publisher":{"@id":"https:\/\/www.pressenza.com\/pt-pt\/#organization"},"image":{"@id":"https:\/\/www.pressenza.com\/pt-pt\/2018\/04\/trata-do-povo-preto-atacando-proprio-povo-preto\/#primaryimage"},"thumbnailUrl":"https:\/\/www.pressenza.com\/wp-content\/uploads\/2018\/04\/adult-black-and-white-blur-257037.jpg","keywords":["religi\u00e3o"],"articleSection":["\u00c1m\u00e9rica do Sul","Conte\u00fado Original"],"inLanguage":"pt-PT"},{"@type":"WebPage","@id":"https:\/\/www.pressenza.com\/pt-pt\/2018\/04\/trata-do-povo-preto-atacando-proprio-povo-preto\/","url":"https:\/\/www.pressenza.com\/pt-pt\/2018\/04\/trata-do-povo-preto-atacando-proprio-povo-preto\/","name":"\"Se trata do povo preto atacando o pr\u00f3prio povo preto\"","isPartOf":{"@id":"https:\/\/www.pressenza.com\/pt-pt\/#website"},"primaryImageOfPage":{"@id":"https:\/\/www.pressenza.com\/pt-pt\/2018\/04\/trata-do-povo-preto-atacando-proprio-povo-preto\/#primaryimage"},"image":{"@id":"https:\/\/www.pressenza.com\/pt-pt\/2018\/04\/trata-do-povo-preto-atacando-proprio-povo-preto\/#primaryimage"},"thumbnailUrl":"https:\/\/www.pressenza.com\/wp-content\/uploads\/2018\/04\/adult-black-and-white-blur-257037.jpg","datePublished":"2018-04-27T14:19:15+00:00","dateModified":"2018-04-27T14:51:36+00:00","description":"A intoler\u00e2ncia religiosa no Brasil se d\u00e1 de diferentes formas. Das mais sut\u00eds, com express\u00f5es como \"Chuta que \u00e9 macumba\" at\u00e9 mesmo o caso de Kailane","breadcrumb":{"@id":"https:\/\/www.pressenza.com\/pt-pt\/2018\/04\/trata-do-povo-preto-atacando-proprio-povo-preto\/#breadcrumb"},"inLanguage":"pt-PT","potentialAction":[{"@type":"ReadAction","target":["https:\/\/www.pressenza.com\/pt-pt\/2018\/04\/trata-do-povo-preto-atacando-proprio-povo-preto\/"]}]},{"@type":"ImageObject","inLanguage":"pt-PT","@id":"https:\/\/www.pressenza.com\/pt-pt\/2018\/04\/trata-do-povo-preto-atacando-proprio-povo-preto\/#primaryimage","url":"https:\/\/www.pressenza.com\/wp-content\/uploads\/2018\/04\/adult-black-and-white-blur-257037.jpg","contentUrl":"https:\/\/www.pressenza.com\/wp-content\/uploads\/2018\/04\/adult-black-and-white-blur-257037.jpg","width":2048,"height":1388},{"@type":"BreadcrumbList","@id":"https:\/\/www.pressenza.com\/pt-pt\/2018\/04\/trata-do-povo-preto-atacando-proprio-povo-preto\/#breadcrumb","itemListElement":[{"@type":"ListItem","position":1,"name":"Accueil","item":"https:\/\/www.pressenza.com\/pt-pt\/"},{"@type":"ListItem","position":2,"name":"&#8220;Se trata do povo preto atacando o pr\u00f3prio povo preto&#8221;"}]},{"@type":"WebSite","@id":"https:\/\/www.pressenza.com\/pt-pt\/#website","url":"https:\/\/www.pressenza.com\/pt-pt\/","name":"Pressenza","description":"International Press Agency","publisher":{"@id":"https:\/\/www.pressenza.com\/pt-pt\/#organization"},"potentialAction":[{"@type":"SearchAction","target":{"@type":"EntryPoint","urlTemplate":"https:\/\/www.pressenza.com\/pt-pt\/?s={search_term_string}"},"query-input":{"@type":"PropertyValueSpecification","valueRequired":true,"valueName":"search_term_string"}}],"inLanguage":"pt-PT"},{"@type":"Organization","@id":"https:\/\/www.pressenza.com\/pt-pt\/#organization","name":"Pressenza","url":"https:\/\/www.pressenza.com\/pt-pt\/","logo":{"@type":"ImageObject","inLanguage":"pt-PT","@id":"https:\/\/www.pressenza.com\/pt-pt\/#\/schema\/logo\/image\/","url":"https:\/\/www.pressenza.com\/wp-content\/uploads\/2022\/10\/pressenza_logo_200x200.jpg","contentUrl":"https:\/\/www.pressenza.com\/wp-content\/uploads\/2022\/10\/pressenza_logo_200x200.jpg","width":200,"height":200,"caption":"Pressenza"},"image":{"@id":"https:\/\/www.pressenza.com\/pt-pt\/#\/schema\/logo\/image\/"},"sameAs":["https:\/\/www.facebook.com\/PressenzaItalia","https:\/\/x.com\/PressenzaIPA"]},{"@type":"Person","@id":"https:\/\/www.pressenza.com\/pt-pt\/#\/schema\/person\/d171826afb7693cfc394da95892bfd93","name":"Reda\u00e7\u00e3o S\u00e3o Paulo","description":"News from the Pressenza bureau in Sao Paulo, Brazil","sameAs":["https:\/\/www.facebook.com\/PressenzaPortugues","https:\/\/x.com\/pressenza_pt"],"url":"https:\/\/www.pressenza.com\/pt-pt\/author\/redaccao-sao-paulo\/"}]}},"place":"","original_article_url":"","_links":{"self":[{"href":"https:\/\/www.pressenza.com\/pt-pt\/wp-json\/wp\/v2\/posts\/632325","targetHints":{"allow":["GET"]}}],"collection":[{"href":"https:\/\/www.pressenza.com\/pt-pt\/wp-json\/wp\/v2\/posts"}],"about":[{"href":"https:\/\/www.pressenza.com\/pt-pt\/wp-json\/wp\/v2\/types\/post"}],"author":[{"embeddable":true,"href":"https:\/\/www.pressenza.com\/pt-pt\/wp-json\/wp\/v2\/users\/44"}],"replies":[{"embeddable":true,"href":"https:\/\/www.pressenza.com\/pt-pt\/wp-json\/wp\/v2\/comments?post=632325"}],"version-history":[{"count":0,"href":"https:\/\/www.pressenza.com\/pt-pt\/wp-json\/wp\/v2\/posts\/632325\/revisions"}],"wp:featuredmedia":[{"embeddable":true,"href":"https:\/\/www.pressenza.com\/pt-pt\/wp-json\/wp\/v2\/media\/632326"}],"wp:attachment":[{"href":"https:\/\/www.pressenza.com\/pt-pt\/wp-json\/wp\/v2\/media?parent=632325"}],"wp:term":[{"taxonomy":"category","embeddable":true,"href":"https:\/\/www.pressenza.com\/pt-pt\/wp-json\/wp\/v2\/categories?post=632325"},{"taxonomy":"post_tag","embeddable":true,"href":"https:\/\/www.pressenza.com\/pt-pt\/wp-json\/wp\/v2\/tags?post=632325"}],"curies":[{"name":"wp","href":"https:\/\/api.w.org\/{rel}","templated":true}]}}