{"id":622648,"date":"2018-04-07T20:34:38","date_gmt":"2018-04-07T19:34:38","guid":{"rendered":"https:\/\/www.pressenza.com\/?p=622648"},"modified":"2018-04-07T20:34:38","modified_gmt":"2018-04-07T19:34:38","slug":"humanistas-repudiam-ilegal-prisao-politica-lula","status":"publish","type":"post","link":"https:\/\/www.pressenza.com\/pt-pt\/2018\/04\/humanistas-repudiam-ilegal-prisao-politica-lula\/","title":{"rendered":"Humanistas repudiam a ilegal pris\u00e3o pol\u00edtica de Lula"},"content":{"rendered":"<div>O movimento humanista internacional se op\u00f5e ao injusto mandado de pris\u00e3o pol\u00edtica do ex-presidente do Brasil, Luis In\u00e1cio Lula da Silva.<\/div>\n<div><b>\u00a0<\/b><\/div>\n<div><b>Denunciamos o Processo Kafkiano<\/b><\/div>\n<div><\/div>\n<div>Somos contra esta vota\u00e7\u00e3o apressada, manipulada pela ministra Carmem Lucia, pressionada pelos meios de comunica\u00e7\u00e3o e por generais do ex\u00e9rcito que nem sequer seguiu os ritos normais do processo, simplesmente para tirar Lula da disputa eleitoral de 2018.<\/div>\n<div><\/div>\n<div><b>Denunciamos a Pris\u00e3o Pol\u00edtica<\/b><\/div>\n<div><\/div>\n<div>Somos contra este mandado de pris\u00e3o ansioso e apressado demonstra o desespero das elites brasileiras em prend\u00ea-lo a todo custo antes de come\u00e7arem os registros das candidaturas. Demonstra tamb\u00e9m o fracasso das elites, porque elas n\u00e3o possuem candidatos vi\u00e1veis para defender sua agenda de retrocessos.<\/div>\n<div><\/div>\n<div><b>Denunciamos a Acusa\u00e7\u00e3o sem Provas<\/b><\/div>\n<div><\/div>\n<div>Somos contra a ins\u00f3lita acusa\u00e7\u00e3o baseada num r\u00eddiculo powerpoint e a confusa senten\u00e7a de Moro que manda prender por &#8220;convic\u00e7\u00e3o&#8221; sem apresentar uma \u00fanica prova concreta.<\/div>\n<div><\/div>\n<div><b>Denunciamos as Mentiras da M\u00eddia<\/b><\/div>\n<div><\/div>\n<div>Somos contra o linchamento midi\u00e1tico liderado pela rede Globo de Televis\u00e3o que desinforma, mentindo dia-e-noite para toda a popula\u00e7\u00e3o, manipulando a informa\u00e7\u00e3o a servi\u00e7o do golpe judicial e dos interesses norte-americanos.<\/div>\n<div><\/div>\n<div><b>Denunciamos a Propaganda da Netflix<\/b><\/div>\n<div><\/div>\n<div>Somos contra pe\u00e7as de propaganda disfar\u00e7adas de filmes e s\u00e9ries supostamente baseadas em fatos reais, que visam apenas distorcer os fatos para criar um falso relato hist\u00f3rico do momento atual, incitando \u00f3dio e confundindo a popula\u00e7\u00e3o.<\/div>\n<div><\/div>\n<div><b>Denunciamos a Interven\u00e7\u00e3o Militar<\/b><\/div>\n<div><\/div>\n<div>Somos contra as amea\u00e7as proferidas por generais da reserva e da ativa, que pressionam pela pris\u00e3o de Lula e que se calam diante da impunidade de A\u00e9cio, Temer, que silenciam diante do assassinato de Marielle Franco, relatora da comiss\u00e3o que iria investigar e acompanhar a interven\u00e7\u00e3o militar no Rio de Janeiro.<\/div>\n<div><\/div>\n<div><b>Denunciamos o Autoritarismo Judicial<\/b><\/div>\n<div><\/div>\n<div>Somos contra as decis\u00f5es arbitr\u00e1rias e o tribunal excepcional que se estabeleceu em Curitiba atrav\u00e9s da Lava Jato, que serve para alimentar as mentiras da m\u00eddia, perseguir apenas os opositores pol\u00edticos do neoliberalismo e as grandes empresas nacionais.<\/div>\n<div><\/div>\n<div><b>Denunciamos a Interfer\u00eancia Norte-Americana<\/b><\/div>\n<div><\/div>\n<div>Somos contra o acordo de coopera\u00e7\u00e3o celebrado entre departamentos dos EUA e os promotores da Lava Jato, que investigam apenas empresas brasileiras para abrir terreno para as multinacionais estrangeiras tomarem conta do pa\u00eds.<\/div>\n<div><\/div>\n<div><b>Denunciamos a Retirada de Direitos<\/b><\/div>\n<div><\/div>\n<div>Somos contra a diminui\u00e7\u00e3o das aposentadorias e a retirada de direitos trabalhistas, contra o fechamento de escolas e universidades, contra o congelamento por 20 anos para os investimentos em Educa\u00e7\u00e3o, Sa\u00fade e Seguran\u00e7a social que este governo golpista est\u00e1 efetuando a servi\u00e7o dos bancos e de multinacionais estrangeiras.<\/div>\n<div><\/div>\n<div><b>Denunciamos a Persegui\u00e7\u00e3o aos mais Pobres<\/b><\/div>\n<div><\/div>\n<div>Somos contra a incita\u00e7\u00e3o de \u00f3dio pol\u00edtico contra a popula\u00e7\u00e3o pobre, negra e perif\u00e9rica utilizando o discurso de combate ao narcotr\u00e1fico, num processo conhecido como &#8220;Mexicaniza\u00e7\u00e3o&#8221; do Brasil.<\/div>\n<div><\/div>\n<div><b>Denunciamos a Quebra da Democracia<\/b><\/div>\n<div><\/div>\n<div>Somos contra rasgarem a constitui\u00e7\u00e3o de 88, e contra interrup\u00e7\u00e3o das elei\u00e7\u00f5es ao tentar tirar lula da disputa pol\u00edtica. e nas novas regras eleitorais que diminuiram o tempo de campanha de 90 para 45 dias com objetivo de diminuir a renova\u00e7\u00e3o pol\u00edtica nos parlamentos do pa\u00eds.<\/div>\n<div><\/div>\n<div><b>Denunciamos os Acordos Golpistas<\/b><\/div>\n<div><\/div>\n<div>Somos contra acordos com os setores golpistas em quem n\u00e3o se pode confiar, n\u00e3o temos porque acreditar que v\u00e3o respeitar estes novos acordos se j\u00e1 descumpriram todos os acordos anteriores. \u00c9 muita ingenuidade negociar a entrega do Lula acreditando que v\u00e3o respeitar os acordos.<\/div>\n<div><\/div>\n<div><b>Vamos Pressionar os que Decidem<\/b><\/div>\n<div><\/div>\n<div>Para mudar a situa\u00e7\u00e3o atual \u00e9 preciso muita press\u00e3o popular e aprender a utilizar a metodologia da n\u00e3o-viol\u00eancia ativa de forma massiva e sistem\u00e1tica e exigir que minimamente se cumpra a constitui\u00e7\u00e3o e se respeitem os direitos de todos.<\/div>\n<div><\/div>\n<div><b>Vamos Olhar para o Futuro<\/b><\/div>\n<div><\/div>\n<div>Nenhuma pris\u00e3o vai encerrar o cora\u00e7\u00e3o, as id\u00e9ias e o esp\u00edrito de uma pessoa como Lula que, apesar das muitas contradi\u00e7\u00f5es de seu governo, fato que muitas vezes criticamos, n\u00e3o merece ser preso injusta e ilegalmente da forma que est\u00e1 sendo preso.<\/div>\n<div><\/div>\n<div><b>Vamos Gerar Frentes Amplas<\/b><\/div>\n<div><\/div>\n<div>No momento precisamos compreender o contexto atual e unir for\u00e7as numa frente ampla contra o fascismo e o autoritarismo, que priorize formar bancadas fortes em todos os parlamentos e que tenha uma forte atua\u00e7\u00e3o nas periferias e no campo.<\/div>\n<div><\/div>\n<div><b>Desobedecer \u00e9 Preciso<\/b><\/div>\n<div><\/div>\n<div>Resistir a uma pris\u00e3o injusta \u00e9 uma obriga\u00e7\u00e3o. Quem descumpriu a lei foi quem condenou sem provas, desrespeitando a constitui\u00e7\u00e3o.<\/div>\n<div><\/div>\n<div>Quando a decis\u00e3o \u00e9 injusta, o correto \u00e9 desobedecer.<\/div>\n<div>&#8212;-<\/div>\n<div>POSICI\u00d3N DEL PARTIDO HUMANISTA DO BRASIL<\/div>\n","protected":false},"excerpt":{"rendered":"<p>O movimento humanista internacional se op\u00f5e ao injusto mandado de pris\u00e3o pol\u00edtica do ex-presidente do Brasil, Luis In\u00e1cio Lula da Silva. \u00a0 Denunciamos o Processo Kafkiano Somos contra esta vota\u00e7\u00e3o apressada, manipulada pela ministra Carmem Lucia, pressionada pelos meios de&hellip;<\/p>\n","protected":false},"author":413,"featured_media":622645,"comment_status":"closed","ping_status":"closed","sticky":false,"template":"","format":"standard","meta":{"footnotes":""},"categories":[104,11390,1254,153,111],"tags":[4851,45007],"class_list":["post-622648","post","type-post","status-publish","format-standard","has-post-thumbnail","hentry","category-america-do-sul","category-conteudo-original","category-humanismo-espiritualidade","category-nota-de-imprensa","category-politica-pt-pt","tag-lula-da-silva-pt","tag-partido-humanista-do-brasil"],"yoast_head":"<!-- This site is optimized with the Yoast SEO plugin v27.1.1 - https:\/\/yoast.com\/product\/yoast-seo-wordpress\/ -->\n<title>Humanistas repudiam a ilegal pris\u00e3o pol\u00edtica de Lula<\/title>\n<meta name=\"description\" content=\"O movimento humanista internacional se op\u00f5e ao injusto mandado de pris\u00e3o pol\u00edtica do ex-presidente do Brasil, Luis In\u00e1cio Lula da Silva. \u00a0 Denunciamos o\" \/>\n<meta name=\"robots\" content=\"index, follow, max-snippet:-1, max-image-preview:large, max-video-preview:-1\" \/>\n<link rel=\"canonical\" href=\"https:\/\/www.pressenza.com\/pt-pt\/2018\/04\/humanistas-repudiam-ilegal-prisao-politica-lula\/\" \/>\n<meta property=\"og:locale\" content=\"pt_PT\" \/>\n<meta property=\"og:type\" content=\"article\" \/>\n<meta property=\"og:title\" content=\"Humanistas repudiam a ilegal pris\u00e3o pol\u00edtica de Lula\" \/>\n<meta property=\"og:description\" content=\"O movimento humanista internacional se op\u00f5e ao injusto mandado de pris\u00e3o pol\u00edtica do ex-presidente do Brasil, Luis In\u00e1cio Lula da Silva. \u00a0 Denunciamos o\" \/>\n<meta property=\"og:url\" content=\"https:\/\/www.pressenza.com\/pt-pt\/2018\/04\/humanistas-repudiam-ilegal-prisao-politica-lula\/\" \/>\n<meta property=\"og:site_name\" content=\"Pressenza\" \/>\n<meta property=\"article:publisher\" content=\"https:\/\/www.facebook.com\/PressenzaItalia\" \/>\n<meta property=\"article:published_time\" content=\"2018-04-07T19:34:38+00:00\" \/>\n<meta property=\"og:image\" content=\"https:\/\/www.pressenza.com\/wp-content\/uploads\/2018\/04\/30440858_10215739301425605_5095370832238654162_n.jpg\" \/>\n\t<meta property=\"og:image:width\" content=\"960\" \/>\n\t<meta property=\"og:image:height\" content=\"638\" \/>\n\t<meta property=\"og:image:type\" content=\"image\/jpeg\" \/>\n<meta name=\"author\" content=\"Partido Humanista do Brasil\" \/>\n<meta name=\"twitter:card\" content=\"summary_large_image\" \/>\n<meta name=\"twitter:creator\" content=\"@PressenzaIPA\" \/>\n<meta name=\"twitter:site\" content=\"@PressenzaIPA\" \/>\n<meta name=\"twitter:label1\" content=\"Escrito por\" \/>\n\t<meta name=\"twitter:data1\" content=\"Partido Humanista do Brasil\" \/>\n\t<meta name=\"twitter:label2\" content=\"Tempo estimado de leitura\" \/>\n\t<meta name=\"twitter:data2\" content=\"4 minutos\" \/>\n<script type=\"application\/ld+json\" class=\"yoast-schema-graph\">{\"@context\":\"https:\/\/schema.org\",\"@graph\":[{\"@type\":\"Article\",\"@id\":\"https:\/\/www.pressenza.com\/pt-pt\/2018\/04\/humanistas-repudiam-ilegal-prisao-politica-lula\/#article\",\"isPartOf\":{\"@id\":\"https:\/\/www.pressenza.com\/pt-pt\/2018\/04\/humanistas-repudiam-ilegal-prisao-politica-lula\/\"},\"author\":{\"name\":\"Partido Humanista do Brasil\",\"@id\":\"https:\/\/www.pressenza.com\/pt-pt\/#\/schema\/person\/d75e6ee6e85670426b48aead999af25b\"},\"headline\":\"Humanistas repudiam a ilegal pris\u00e3o pol\u00edtica de Lula\",\"datePublished\":\"2018-04-07T19:34:38+00:00\",\"mainEntityOfPage\":{\"@id\":\"https:\/\/www.pressenza.com\/pt-pt\/2018\/04\/humanistas-repudiam-ilegal-prisao-politica-lula\/\"},\"wordCount\":800,\"publisher\":{\"@id\":\"https:\/\/www.pressenza.com\/pt-pt\/#organization\"},\"image\":{\"@id\":\"https:\/\/www.pressenza.com\/pt-pt\/2018\/04\/humanistas-repudiam-ilegal-prisao-politica-lula\/#primaryimage\"},\"thumbnailUrl\":\"https:\/\/www.pressenza.com\/wp-content\/uploads\/2018\/04\/30440858_10215739301425605_5095370832238654162_n.jpg\",\"keywords\":[\"Lula Da Silva\",\"Partido Humanista do Brasil\"],\"articleSection\":[\"\u00c1m\u00e9rica do Sul\",\"Conte\u00fado Original\",\"Humanismo e Espiritualidade\",\"Nota de imprensa\",\"Pol\u00edtica\"],\"inLanguage\":\"pt-PT\"},{\"@type\":\"WebPage\",\"@id\":\"https:\/\/www.pressenza.com\/pt-pt\/2018\/04\/humanistas-repudiam-ilegal-prisao-politica-lula\/\",\"url\":\"https:\/\/www.pressenza.com\/pt-pt\/2018\/04\/humanistas-repudiam-ilegal-prisao-politica-lula\/\",\"name\":\"Humanistas repudiam a ilegal pris\u00e3o pol\u00edtica de Lula\",\"isPartOf\":{\"@id\":\"https:\/\/www.pressenza.com\/pt-pt\/#website\"},\"primaryImageOfPage\":{\"@id\":\"https:\/\/www.pressenza.com\/pt-pt\/2018\/04\/humanistas-repudiam-ilegal-prisao-politica-lula\/#primaryimage\"},\"image\":{\"@id\":\"https:\/\/www.pressenza.com\/pt-pt\/2018\/04\/humanistas-repudiam-ilegal-prisao-politica-lula\/#primaryimage\"},\"thumbnailUrl\":\"https:\/\/www.pressenza.com\/wp-content\/uploads\/2018\/04\/30440858_10215739301425605_5095370832238654162_n.jpg\",\"datePublished\":\"2018-04-07T19:34:38+00:00\",\"description\":\"O movimento humanista internacional se op\u00f5e ao injusto mandado de pris\u00e3o pol\u00edtica do ex-presidente do Brasil, Luis In\u00e1cio Lula da Silva. \u00a0 Denunciamos o\",\"breadcrumb\":{\"@id\":\"https:\/\/www.pressenza.com\/pt-pt\/2018\/04\/humanistas-repudiam-ilegal-prisao-politica-lula\/#breadcrumb\"},\"inLanguage\":\"pt-PT\",\"potentialAction\":[{\"@type\":\"ReadAction\",\"target\":[\"https:\/\/www.pressenza.com\/pt-pt\/2018\/04\/humanistas-repudiam-ilegal-prisao-politica-lula\/\"]}]},{\"@type\":\"ImageObject\",\"inLanguage\":\"pt-PT\",\"@id\":\"https:\/\/www.pressenza.com\/pt-pt\/2018\/04\/humanistas-repudiam-ilegal-prisao-politica-lula\/#primaryimage\",\"url\":\"https:\/\/www.pressenza.com\/wp-content\/uploads\/2018\/04\/30440858_10215739301425605_5095370832238654162_n.jpg\",\"contentUrl\":\"https:\/\/www.pressenza.com\/wp-content\/uploads\/2018\/04\/30440858_10215739301425605_5095370832238654162_n.jpg\",\"width\":960,\"height\":638},{\"@type\":\"BreadcrumbList\",\"@id\":\"https:\/\/www.pressenza.com\/pt-pt\/2018\/04\/humanistas-repudiam-ilegal-prisao-politica-lula\/#breadcrumb\",\"itemListElement\":[{\"@type\":\"ListItem\",\"position\":1,\"name\":\"Accueil\",\"item\":\"https:\/\/www.pressenza.com\/pt-pt\/\"},{\"@type\":\"ListItem\",\"position\":2,\"name\":\"Humanistas repudiam a ilegal pris\u00e3o pol\u00edtica de Lula\"}]},{\"@type\":\"WebSite\",\"@id\":\"https:\/\/www.pressenza.com\/pt-pt\/#website\",\"url\":\"https:\/\/www.pressenza.com\/pt-pt\/\",\"name\":\"Pressenza\",\"description\":\"International Press Agency\",\"publisher\":{\"@id\":\"https:\/\/www.pressenza.com\/pt-pt\/#organization\"},\"potentialAction\":[{\"@type\":\"SearchAction\",\"target\":{\"@type\":\"EntryPoint\",\"urlTemplate\":\"https:\/\/www.pressenza.com\/pt-pt\/?s={search_term_string}\"},\"query-input\":{\"@type\":\"PropertyValueSpecification\",\"valueRequired\":true,\"valueName\":\"search_term_string\"}}],\"inLanguage\":\"pt-PT\"},{\"@type\":\"Organization\",\"@id\":\"https:\/\/www.pressenza.com\/pt-pt\/#organization\",\"name\":\"Pressenza\",\"url\":\"https:\/\/www.pressenza.com\/pt-pt\/\",\"logo\":{\"@type\":\"ImageObject\",\"inLanguage\":\"pt-PT\",\"@id\":\"https:\/\/www.pressenza.com\/pt-pt\/#\/schema\/logo\/image\/\",\"url\":\"https:\/\/www.pressenza.com\/wp-content\/uploads\/2022\/10\/pressenza_logo_200x200.jpg\",\"contentUrl\":\"https:\/\/www.pressenza.com\/wp-content\/uploads\/2022\/10\/pressenza_logo_200x200.jpg\",\"width\":200,\"height\":200,\"caption\":\"Pressenza\"},\"image\":{\"@id\":\"https:\/\/www.pressenza.com\/pt-pt\/#\/schema\/logo\/image\/\"},\"sameAs\":[\"https:\/\/www.facebook.com\/PressenzaItalia\",\"https:\/\/x.com\/PressenzaIPA\"]},{\"@type\":\"Person\",\"@id\":\"https:\/\/www.pressenza.com\/pt-pt\/#\/schema\/person\/d75e6ee6e85670426b48aead999af25b\",\"name\":\"Partido Humanista do Brasil\",\"description\":\"As propostas do Partido Humanista partem da necessidade de liberdade que n\u00f3s, seres humanos, experimentamos e suas propostas apontam \u00e0 transforma\u00e7\u00e3o e supera\u00e7\u00e3o social da viol\u00eancia que, em suas distintas formas, gera sofrimento e contradi\u00e7\u00e3o nos indiv\u00edduos e povos.\",\"url\":\"https:\/\/www.pressenza.com\/pt-pt\/author\/partido-humanista-do-brasil\/\"}]}<\/script>\n<!-- \/ Yoast SEO plugin. -->","yoast_head_json":{"title":"Humanistas repudiam a ilegal pris\u00e3o pol\u00edtica de Lula","description":"O movimento humanista internacional se op\u00f5e ao injusto mandado de pris\u00e3o pol\u00edtica do ex-presidente do Brasil, Luis In\u00e1cio Lula da Silva. \u00a0 Denunciamos o","robots":{"index":"index","follow":"follow","max-snippet":"max-snippet:-1","max-image-preview":"max-image-preview:large","max-video-preview":"max-video-preview:-1"},"canonical":"https:\/\/www.pressenza.com\/pt-pt\/2018\/04\/humanistas-repudiam-ilegal-prisao-politica-lula\/","og_locale":"pt_PT","og_type":"article","og_title":"Humanistas repudiam a ilegal pris\u00e3o pol\u00edtica de Lula","og_description":"O movimento humanista internacional se op\u00f5e ao injusto mandado de pris\u00e3o pol\u00edtica do ex-presidente do Brasil, Luis In\u00e1cio Lula da Silva. \u00a0 Denunciamos o","og_url":"https:\/\/www.pressenza.com\/pt-pt\/2018\/04\/humanistas-repudiam-ilegal-prisao-politica-lula\/","og_site_name":"Pressenza","article_publisher":"https:\/\/www.facebook.com\/PressenzaItalia","article_published_time":"2018-04-07T19:34:38+00:00","og_image":[{"width":960,"height":638,"url":"https:\/\/www.pressenza.com\/wp-content\/uploads\/2018\/04\/30440858_10215739301425605_5095370832238654162_n.jpg","type":"image\/jpeg"}],"author":"Partido Humanista do Brasil","twitter_card":"summary_large_image","twitter_creator":"@PressenzaIPA","twitter_site":"@PressenzaIPA","twitter_misc":{"Escrito por":"Partido Humanista do Brasil","Tempo estimado de leitura":"4 minutos"},"schema":{"@context":"https:\/\/schema.org","@graph":[{"@type":"Article","@id":"https:\/\/www.pressenza.com\/pt-pt\/2018\/04\/humanistas-repudiam-ilegal-prisao-politica-lula\/#article","isPartOf":{"@id":"https:\/\/www.pressenza.com\/pt-pt\/2018\/04\/humanistas-repudiam-ilegal-prisao-politica-lula\/"},"author":{"name":"Partido Humanista do Brasil","@id":"https:\/\/www.pressenza.com\/pt-pt\/#\/schema\/person\/d75e6ee6e85670426b48aead999af25b"},"headline":"Humanistas repudiam a ilegal pris\u00e3o pol\u00edtica de Lula","datePublished":"2018-04-07T19:34:38+00:00","mainEntityOfPage":{"@id":"https:\/\/www.pressenza.com\/pt-pt\/2018\/04\/humanistas-repudiam-ilegal-prisao-politica-lula\/"},"wordCount":800,"publisher":{"@id":"https:\/\/www.pressenza.com\/pt-pt\/#organization"},"image":{"@id":"https:\/\/www.pressenza.com\/pt-pt\/2018\/04\/humanistas-repudiam-ilegal-prisao-politica-lula\/#primaryimage"},"thumbnailUrl":"https:\/\/www.pressenza.com\/wp-content\/uploads\/2018\/04\/30440858_10215739301425605_5095370832238654162_n.jpg","keywords":["Lula Da Silva","Partido Humanista do Brasil"],"articleSection":["\u00c1m\u00e9rica do Sul","Conte\u00fado Original","Humanismo e Espiritualidade","Nota de imprensa","Pol\u00edtica"],"inLanguage":"pt-PT"},{"@type":"WebPage","@id":"https:\/\/www.pressenza.com\/pt-pt\/2018\/04\/humanistas-repudiam-ilegal-prisao-politica-lula\/","url":"https:\/\/www.pressenza.com\/pt-pt\/2018\/04\/humanistas-repudiam-ilegal-prisao-politica-lula\/","name":"Humanistas repudiam a ilegal pris\u00e3o pol\u00edtica de Lula","isPartOf":{"@id":"https:\/\/www.pressenza.com\/pt-pt\/#website"},"primaryImageOfPage":{"@id":"https:\/\/www.pressenza.com\/pt-pt\/2018\/04\/humanistas-repudiam-ilegal-prisao-politica-lula\/#primaryimage"},"image":{"@id":"https:\/\/www.pressenza.com\/pt-pt\/2018\/04\/humanistas-repudiam-ilegal-prisao-politica-lula\/#primaryimage"},"thumbnailUrl":"https:\/\/www.pressenza.com\/wp-content\/uploads\/2018\/04\/30440858_10215739301425605_5095370832238654162_n.jpg","datePublished":"2018-04-07T19:34:38+00:00","description":"O movimento humanista internacional se op\u00f5e ao injusto mandado de pris\u00e3o pol\u00edtica do ex-presidente do Brasil, Luis In\u00e1cio Lula da Silva. \u00a0 Denunciamos o","breadcrumb":{"@id":"https:\/\/www.pressenza.com\/pt-pt\/2018\/04\/humanistas-repudiam-ilegal-prisao-politica-lula\/#breadcrumb"},"inLanguage":"pt-PT","potentialAction":[{"@type":"ReadAction","target":["https:\/\/www.pressenza.com\/pt-pt\/2018\/04\/humanistas-repudiam-ilegal-prisao-politica-lula\/"]}]},{"@type":"ImageObject","inLanguage":"pt-PT","@id":"https:\/\/www.pressenza.com\/pt-pt\/2018\/04\/humanistas-repudiam-ilegal-prisao-politica-lula\/#primaryimage","url":"https:\/\/www.pressenza.com\/wp-content\/uploads\/2018\/04\/30440858_10215739301425605_5095370832238654162_n.jpg","contentUrl":"https:\/\/www.pressenza.com\/wp-content\/uploads\/2018\/04\/30440858_10215739301425605_5095370832238654162_n.jpg","width":960,"height":638},{"@type":"BreadcrumbList","@id":"https:\/\/www.pressenza.com\/pt-pt\/2018\/04\/humanistas-repudiam-ilegal-prisao-politica-lula\/#breadcrumb","itemListElement":[{"@type":"ListItem","position":1,"name":"Accueil","item":"https:\/\/www.pressenza.com\/pt-pt\/"},{"@type":"ListItem","position":2,"name":"Humanistas repudiam a ilegal pris\u00e3o pol\u00edtica de Lula"}]},{"@type":"WebSite","@id":"https:\/\/www.pressenza.com\/pt-pt\/#website","url":"https:\/\/www.pressenza.com\/pt-pt\/","name":"Pressenza","description":"International Press Agency","publisher":{"@id":"https:\/\/www.pressenza.com\/pt-pt\/#organization"},"potentialAction":[{"@type":"SearchAction","target":{"@type":"EntryPoint","urlTemplate":"https:\/\/www.pressenza.com\/pt-pt\/?s={search_term_string}"},"query-input":{"@type":"PropertyValueSpecification","valueRequired":true,"valueName":"search_term_string"}}],"inLanguage":"pt-PT"},{"@type":"Organization","@id":"https:\/\/www.pressenza.com\/pt-pt\/#organization","name":"Pressenza","url":"https:\/\/www.pressenza.com\/pt-pt\/","logo":{"@type":"ImageObject","inLanguage":"pt-PT","@id":"https:\/\/www.pressenza.com\/pt-pt\/#\/schema\/logo\/image\/","url":"https:\/\/www.pressenza.com\/wp-content\/uploads\/2022\/10\/pressenza_logo_200x200.jpg","contentUrl":"https:\/\/www.pressenza.com\/wp-content\/uploads\/2022\/10\/pressenza_logo_200x200.jpg","width":200,"height":200,"caption":"Pressenza"},"image":{"@id":"https:\/\/www.pressenza.com\/pt-pt\/#\/schema\/logo\/image\/"},"sameAs":["https:\/\/www.facebook.com\/PressenzaItalia","https:\/\/x.com\/PressenzaIPA"]},{"@type":"Person","@id":"https:\/\/www.pressenza.com\/pt-pt\/#\/schema\/person\/d75e6ee6e85670426b48aead999af25b","name":"Partido Humanista do Brasil","description":"As propostas do Partido Humanista partem da necessidade de liberdade que n\u00f3s, seres humanos, experimentamos e suas propostas apontam \u00e0 transforma\u00e7\u00e3o e supera\u00e7\u00e3o social da viol\u00eancia que, em suas distintas formas, gera sofrimento e contradi\u00e7\u00e3o nos indiv\u00edduos e povos.","url":"https:\/\/www.pressenza.com\/pt-pt\/author\/partido-humanista-do-brasil\/"}]}},"place":"Sao Paulo, Brasil","original_article_url":"","_links":{"self":[{"href":"https:\/\/www.pressenza.com\/pt-pt\/wp-json\/wp\/v2\/posts\/622648","targetHints":{"allow":["GET"]}}],"collection":[{"href":"https:\/\/www.pressenza.com\/pt-pt\/wp-json\/wp\/v2\/posts"}],"about":[{"href":"https:\/\/www.pressenza.com\/pt-pt\/wp-json\/wp\/v2\/types\/post"}],"author":[{"embeddable":true,"href":"https:\/\/www.pressenza.com\/pt-pt\/wp-json\/wp\/v2\/users\/413"}],"replies":[{"embeddable":true,"href":"https:\/\/www.pressenza.com\/pt-pt\/wp-json\/wp\/v2\/comments?post=622648"}],"version-history":[{"count":0,"href":"https:\/\/www.pressenza.com\/pt-pt\/wp-json\/wp\/v2\/posts\/622648\/revisions"}],"wp:featuredmedia":[{"embeddable":true,"href":"https:\/\/www.pressenza.com\/pt-pt\/wp-json\/wp\/v2\/media\/622645"}],"wp:attachment":[{"href":"https:\/\/www.pressenza.com\/pt-pt\/wp-json\/wp\/v2\/media?parent=622648"}],"wp:term":[{"taxonomy":"category","embeddable":true,"href":"https:\/\/www.pressenza.com\/pt-pt\/wp-json\/wp\/v2\/categories?post=622648"},{"taxonomy":"post_tag","embeddable":true,"href":"https:\/\/www.pressenza.com\/pt-pt\/wp-json\/wp\/v2\/tags?post=622648"}],"curies":[{"name":"wp","href":"https:\/\/api.w.org\/{rel}","templated":true}]}}