{"id":59909,"date":"2013-07-06T05:27:42","date_gmt":"2013-07-06T04:27:42","guid":{"rendered":"http:\/\/www.pressenza.com\/?p=59909"},"modified":"2013-07-06T05:27:42","modified_gmt":"2013-07-06T04:27:42","slug":"ministerio-da-saude-vai-contratar-mais-medicos-brasileiros-e-estrangeiros","status":"publish","type":"post","link":"https:\/\/www.pressenza.com\/pt-pt\/2013\/07\/ministerio-da-saude-vai-contratar-mais-medicos-brasileiros-e-estrangeiros\/","title":{"rendered":"Minist\u00e9rio da Sa\u00fade vai contratar mais m\u00e9dicos brasileiros e estrangeiros"},"content":{"rendered":"<p>&nbsp;<\/p>\n<p>Na segunda-feira (8), minist\u00e9rio vai anunciar o programa Mais m\u00e9dicos para o Brasil, com contrata\u00e7\u00e3o e amplia\u00e7\u00e3o de vagas na resid\u00eancia m\u00e9dica<\/p>\n<p>S\u00e3o Paulo \u2013 O governo federal vai lan\u00e7ar na segunda-feira (8) o Programa Mais M\u00e9dicos para o Brasil, que amplia o n\u00famero de vagas de resid\u00eancia m\u00e9dica em hospitais e a prev\u00ea a contrata\u00e7\u00e3o de milhares de m\u00e9dicos, inclusive profissionais estrangeiros. O an\u00fancio ser\u00e1 feito no Pal\u00e1cio do Planalto pela presidenta Dilma Rousseff e os ministros da Sa\u00fade, Alexandre Padilha, e da Educa\u00e7\u00e3o, Aloizio Mercadante. Segundo o governo, o programa tem como objetivo melhorar o atendimento no Sistema \u00danico de Sa\u00fade (SUS) bem como a forma\u00e7\u00e3o dos m\u00e9dicos brasileiros.<\/p>\n<p>Ponto mais pol\u00eamico do programa, a contrata\u00e7\u00e3o de profissionais estrangeiros tem sido criticada por entidades m\u00e9dicas. Segundo Padilha, ser\u00e3o contratados m\u00e9dicos estrangeiros para trabalharem em regi\u00f5es pobres e no interior do pa\u00eds somente quando as vagas n\u00e3o forem preenchidas por profissionais brasileiros.<\/p>\n<p>Ainda segundo o ministro, os m\u00e9dicos estrangeiros ser\u00e3o avaliados quanto \u00e0 qualidade da forma\u00e7\u00e3o e capacidade de comunica\u00e7\u00e3o em l\u00edngua portuguesa. Haver\u00e1 ainda treinamento e s\u00f3 depois come\u00e7ar\u00e3o atender \u00e0 popula\u00e7\u00e3o em postos de sa\u00fade. A autoriza\u00e7\u00e3o para trabalharem no Brasil ter\u00e1 validade de tr\u00eas anos.<\/p>\n<p>Entidades m\u00e9dicas, como o Conselho Federal de Medicina, s\u00e3o contr\u00e1rias \u00e0 iniciativa. Argumentam que n\u00e3o faltam m\u00e9dicos no pa\u00eds, e sim investimentos e estrutura, o que explica o desinteresse desses profissionais para atuar no interior do pa\u00eds. E exigem que os profissionais estrangeiros sejam contratados depois de aprovados no processo de revalida\u00e7\u00e3o de seus diplomas, o Revalida.<\/p>\n<p>O atual sistema de revalida\u00e7\u00e3o do diploma, no entanto, \u00e9 duramente criticado por especialistas no setor, como o conselheiro consultivo do Centro Brasileiro de Estudos de Sa\u00fade (Cebes) e professor associado da p\u00f3s-gradua\u00e7\u00e3o em Sa\u00fade Coletiva da Universidade Estadual de Campinas (Unicamp), Heleno Rodrigues Correa Filho. Em entrevista \u00e0 <b>Rede Brasil Atual<\/b>, ele defende <a class=\"external-link\" href=\"http:\/\/www.redebrasilatual.com.br\/2013\/06\/vinda-de-medicos-estrangeiros-8528.html\/\">o fim da reserva de mercado do setor e apoia a vinda desses m\u00e9dicos<\/a>.<\/p>\n<p>Por entender que o n\u00famero desses profissionais no pa\u00eds \u00e9 insuficiente para atender \u00e0s necessidades da popula\u00e7\u00e3o, os secret\u00e1rios municipais de Sa\u00fade apoiam a chamada &#8220;importa\u00e7\u00e3o&#8221; e defendem a qualifica\u00e7\u00e3o profissional n\u00e3o s\u00f3 quanto ao aspecto t\u00e9cnico como tamb\u00e9m do conhecimento das necessidades da popula\u00e7\u00e3o brasileira.<\/p>\n<p>Em nota, o presidente do Conselho Nacional de Secretarias Municipais de Sa\u00fade (Conasems), Antonio Carlos Figueiredo Nardi, afirmou que mais da metade (55%) dos munic\u00edpios que solicitaram m\u00e9dicos por meio do Programa de Valoriza\u00e7\u00e3o do Profissional da Aten\u00e7\u00e3o B\u00e1sica (Provab) n\u00e3o conseguiram sequer um m\u00e9dico para atuarem em suas \u00e1reas.<\/p>\n<p>Dos 2.867 munic\u00edpios que recorreram ao programa federal para preencher suas vagas, 1.581 munic\u00edpios n\u00e3o conseguiram atrair nenhum. Com isso, apenas 29% da demanda nacional por 13 mil m\u00e9dicos foi atendida: 3.800 participantes foram para 1.307 munic\u00edpios brasileiros.<\/p>\n<p>O Provab prev\u00ea pagamento de bolsa federal para o m\u00e9dico no valor de R$ 8 mil mensais al\u00e9m de seu sal\u00e1rio, atividade supervisionada por uma institui\u00e7\u00e3o de ensino e a obten\u00e7\u00e3o de t\u00edtulo de p\u00f3s-gradua\u00e7\u00e3o em Sa\u00fade da Fam\u00edlia pela atua\u00e7\u00e3o por 12 meses na rede b\u00e1sica, cujo objetivo \u00e9 atrair profissionais para atuarem em periferias de grandes cidades, em munic\u00edpios do interior, no semi\u00e1rido nordestino, em territ\u00f3rios de popula\u00e7\u00e3o ind\u00edgena ou mesmo em \u00e1reas mais remotas, como a Amaz\u00f4nia Legal Brasileira.<\/p>\n<p>por <span>Reda\u00e7\u00e3o RBA<\/span><\/p>\n","protected":false},"excerpt":{"rendered":"<p>&nbsp; Na segunda-feira (8), minist\u00e9rio vai anunciar o programa Mais m\u00e9dicos para o Brasil, com contrata\u00e7\u00e3o e amplia\u00e7\u00e3o de vagas na resid\u00eancia m\u00e9dica S\u00e3o Paulo \u2013 O governo federal vai lan\u00e7ar na segunda-feira (8) o Programa Mais M\u00e9dicos para o&hellip;<\/p>\n","protected":false},"author":44,"featured_media":59910,"comment_status":"closed","ping_status":"open","sticky":false,"template":"","format":"standard","meta":{"footnotes":""},"categories":[104,42,1253],"tags":[5825,5790],"class_list":["post-59909","post","type-post","status-publish","format-standard","has-post-thumbnail","hentry","category-america-do-sul","category-internacional-2","category-saude","tag-falta-de-investimentos-na-saude","tag-medicos-estrangeiros-no-brasil"],"yoast_head":"<!-- This site is optimized with the Yoast SEO plugin v27.1.1 - https:\/\/yoast.com\/product\/yoast-seo-wordpress\/ -->\n<title>Minist\u00e9rio da Sa\u00fade vai contratar mais m\u00e9dicos brasileiros e estrangeiros<\/title>\n<meta name=\"description\" content=\"&nbsp; Na segunda-feira (8), minist\u00e9rio vai anunciar o programa Mais m\u00e9dicos para o Brasil, com contrata\u00e7\u00e3o e amplia\u00e7\u00e3o de vagas na resid\u00eancia m\u00e9dica S\u00e3o\" \/>\n<meta name=\"robots\" content=\"index, follow, max-snippet:-1, max-image-preview:large, max-video-preview:-1\" \/>\n<link rel=\"canonical\" href=\"https:\/\/www.pressenza.com\/pt-pt\/2013\/07\/ministerio-da-saude-vai-contratar-mais-medicos-brasileiros-e-estrangeiros\/\" \/>\n<meta property=\"og:locale\" content=\"pt_PT\" \/>\n<meta property=\"og:type\" content=\"article\" \/>\n<meta property=\"og:title\" content=\"Minist\u00e9rio da Sa\u00fade vai contratar mais m\u00e9dicos brasileiros e estrangeiros\" \/>\n<meta property=\"og:description\" content=\"&nbsp; Na segunda-feira (8), minist\u00e9rio vai anunciar o programa Mais m\u00e9dicos para o Brasil, com contrata\u00e7\u00e3o e amplia\u00e7\u00e3o de vagas na resid\u00eancia m\u00e9dica S\u00e3o\" \/>\n<meta property=\"og:url\" content=\"https:\/\/www.pressenza.com\/pt-pt\/2013\/07\/ministerio-da-saude-vai-contratar-mais-medicos-brasileiros-e-estrangeiros\/\" \/>\n<meta property=\"og:site_name\" content=\"Pressenza\" \/>\n<meta property=\"article:publisher\" content=\"https:\/\/www.facebook.com\/PressenzaItalia\" \/>\n<meta property=\"article:author\" content=\"https:\/\/www.facebook.com\/PressenzaPortugues\" \/>\n<meta property=\"article:published_time\" content=\"2013-07-06T04:27:42+00:00\" \/>\n<meta property=\"og:image\" content=\"https:\/\/www.pressenza.com\/wp-content\/uploads\/2013\/07\/protesto-medicos-brasil.jpg\" \/>\n\t<meta property=\"og:image:width\" content=\"600\" \/>\n\t<meta property=\"og:image:height\" content=\"400\" \/>\n\t<meta property=\"og:image:type\" content=\"image\/jpeg\" \/>\n<meta name=\"author\" content=\"Reda\u00e7\u00e3o S\u00e3o Paulo\" \/>\n<meta name=\"twitter:card\" content=\"summary_large_image\" \/>\n<meta name=\"twitter:creator\" content=\"@pressenza_pt\" \/>\n<meta name=\"twitter:site\" content=\"@PressenzaIPA\" \/>\n<meta name=\"twitter:label1\" content=\"Escrito por\" \/>\n\t<meta name=\"twitter:data1\" content=\"Reda\u00e7\u00e3o S\u00e3o Paulo\" \/>\n\t<meta name=\"twitter:label2\" content=\"Tempo estimado de leitura\" \/>\n\t<meta name=\"twitter:data2\" content=\"3 minutos\" \/>\n<script type=\"application\/ld+json\" class=\"yoast-schema-graph\">{\"@context\":\"https:\/\/schema.org\",\"@graph\":[{\"@type\":\"Article\",\"@id\":\"https:\/\/www.pressenza.com\/pt-pt\/2013\/07\/ministerio-da-saude-vai-contratar-mais-medicos-brasileiros-e-estrangeiros\/#article\",\"isPartOf\":{\"@id\":\"https:\/\/www.pressenza.com\/pt-pt\/2013\/07\/ministerio-da-saude-vai-contratar-mais-medicos-brasileiros-e-estrangeiros\/\"},\"author\":{\"name\":\"Reda\u00e7\u00e3o S\u00e3o Paulo\",\"@id\":\"https:\/\/www.pressenza.com\/pt-pt\/#\/schema\/person\/d171826afb7693cfc394da95892bfd93\"},\"headline\":\"Minist\u00e9rio da Sa\u00fade vai contratar mais m\u00e9dicos brasileiros e estrangeiros\",\"datePublished\":\"2013-07-06T04:27:42+00:00\",\"mainEntityOfPage\":{\"@id\":\"https:\/\/www.pressenza.com\/pt-pt\/2013\/07\/ministerio-da-saude-vai-contratar-mais-medicos-brasileiros-e-estrangeiros\/\"},\"wordCount\":635,\"publisher\":{\"@id\":\"https:\/\/www.pressenza.com\/pt-pt\/#organization\"},\"image\":{\"@id\":\"https:\/\/www.pressenza.com\/pt-pt\/2013\/07\/ministerio-da-saude-vai-contratar-mais-medicos-brasileiros-e-estrangeiros\/#primaryimage\"},\"thumbnailUrl\":\"https:\/\/www.pressenza.com\/wp-content\/uploads\/2013\/07\/protesto-medicos-brasil.jpg\",\"keywords\":[\"falta de investimentos na saude\",\"medicos estrangeiros no brasil\"],\"articleSection\":[\"\u00c1m\u00e9rica do Sul\",\"Internacional\",\"Sa\u00fade\"],\"inLanguage\":\"pt-PT\"},{\"@type\":\"WebPage\",\"@id\":\"https:\/\/www.pressenza.com\/pt-pt\/2013\/07\/ministerio-da-saude-vai-contratar-mais-medicos-brasileiros-e-estrangeiros\/\",\"url\":\"https:\/\/www.pressenza.com\/pt-pt\/2013\/07\/ministerio-da-saude-vai-contratar-mais-medicos-brasileiros-e-estrangeiros\/\",\"name\":\"Minist\u00e9rio da Sa\u00fade vai contratar mais m\u00e9dicos brasileiros e estrangeiros\",\"isPartOf\":{\"@id\":\"https:\/\/www.pressenza.com\/pt-pt\/#website\"},\"primaryImageOfPage\":{\"@id\":\"https:\/\/www.pressenza.com\/pt-pt\/2013\/07\/ministerio-da-saude-vai-contratar-mais-medicos-brasileiros-e-estrangeiros\/#primaryimage\"},\"image\":{\"@id\":\"https:\/\/www.pressenza.com\/pt-pt\/2013\/07\/ministerio-da-saude-vai-contratar-mais-medicos-brasileiros-e-estrangeiros\/#primaryimage\"},\"thumbnailUrl\":\"https:\/\/www.pressenza.com\/wp-content\/uploads\/2013\/07\/protesto-medicos-brasil.jpg\",\"datePublished\":\"2013-07-06T04:27:42+00:00\",\"description\":\"&nbsp; Na segunda-feira (8), minist\u00e9rio vai anunciar o programa Mais m\u00e9dicos para o Brasil, com contrata\u00e7\u00e3o e amplia\u00e7\u00e3o de vagas na resid\u00eancia m\u00e9dica S\u00e3o\",\"breadcrumb\":{\"@id\":\"https:\/\/www.pressenza.com\/pt-pt\/2013\/07\/ministerio-da-saude-vai-contratar-mais-medicos-brasileiros-e-estrangeiros\/#breadcrumb\"},\"inLanguage\":\"pt-PT\",\"potentialAction\":[{\"@type\":\"ReadAction\",\"target\":[\"https:\/\/www.pressenza.com\/pt-pt\/2013\/07\/ministerio-da-saude-vai-contratar-mais-medicos-brasileiros-e-estrangeiros\/\"]}]},{\"@type\":\"ImageObject\",\"inLanguage\":\"pt-PT\",\"@id\":\"https:\/\/www.pressenza.com\/pt-pt\/2013\/07\/ministerio-da-saude-vai-contratar-mais-medicos-brasileiros-e-estrangeiros\/#primaryimage\",\"url\":\"https:\/\/www.pressenza.com\/wp-content\/uploads\/2013\/07\/protesto-medicos-brasil.jpg\",\"contentUrl\":\"https:\/\/www.pressenza.com\/wp-content\/uploads\/2013\/07\/protesto-medicos-brasil.jpg\",\"width\":600,\"height\":400},{\"@type\":\"BreadcrumbList\",\"@id\":\"https:\/\/www.pressenza.com\/pt-pt\/2013\/07\/ministerio-da-saude-vai-contratar-mais-medicos-brasileiros-e-estrangeiros\/#breadcrumb\",\"itemListElement\":[{\"@type\":\"ListItem\",\"position\":1,\"name\":\"Accueil\",\"item\":\"https:\/\/www.pressenza.com\/pt-pt\/\"},{\"@type\":\"ListItem\",\"position\":2,\"name\":\"Minist\u00e9rio da Sa\u00fade vai contratar mais m\u00e9dicos brasileiros e estrangeiros\"}]},{\"@type\":\"WebSite\",\"@id\":\"https:\/\/www.pressenza.com\/pt-pt\/#website\",\"url\":\"https:\/\/www.pressenza.com\/pt-pt\/\",\"name\":\"Pressenza\",\"description\":\"International Press Agency\",\"publisher\":{\"@id\":\"https:\/\/www.pressenza.com\/pt-pt\/#organization\"},\"potentialAction\":[{\"@type\":\"SearchAction\",\"target\":{\"@type\":\"EntryPoint\",\"urlTemplate\":\"https:\/\/www.pressenza.com\/pt-pt\/?s={search_term_string}\"},\"query-input\":{\"@type\":\"PropertyValueSpecification\",\"valueRequired\":true,\"valueName\":\"search_term_string\"}}],\"inLanguage\":\"pt-PT\"},{\"@type\":\"Organization\",\"@id\":\"https:\/\/www.pressenza.com\/pt-pt\/#organization\",\"name\":\"Pressenza\",\"url\":\"https:\/\/www.pressenza.com\/pt-pt\/\",\"logo\":{\"@type\":\"ImageObject\",\"inLanguage\":\"pt-PT\",\"@id\":\"https:\/\/www.pressenza.com\/pt-pt\/#\/schema\/logo\/image\/\",\"url\":\"https:\/\/www.pressenza.com\/wp-content\/uploads\/2022\/10\/pressenza_logo_200x200.jpg\",\"contentUrl\":\"https:\/\/www.pressenza.com\/wp-content\/uploads\/2022\/10\/pressenza_logo_200x200.jpg\",\"width\":200,\"height\":200,\"caption\":\"Pressenza\"},\"image\":{\"@id\":\"https:\/\/www.pressenza.com\/pt-pt\/#\/schema\/logo\/image\/\"},\"sameAs\":[\"https:\/\/www.facebook.com\/PressenzaItalia\",\"https:\/\/x.com\/PressenzaIPA\"]},{\"@type\":\"Person\",\"@id\":\"https:\/\/www.pressenza.com\/pt-pt\/#\/schema\/person\/d171826afb7693cfc394da95892bfd93\",\"name\":\"Reda\u00e7\u00e3o S\u00e3o Paulo\",\"description\":\"News from the Pressenza bureau in Sao Paulo, Brazil\",\"sameAs\":[\"https:\/\/www.facebook.com\/PressenzaPortugues\",\"https:\/\/x.com\/pressenza_pt\"],\"url\":\"https:\/\/www.pressenza.com\/pt-pt\/author\/redaccao-sao-paulo\/\"}]}<\/script>\n<!-- \/ Yoast SEO plugin. -->","yoast_head_json":{"title":"Minist\u00e9rio da Sa\u00fade vai contratar mais m\u00e9dicos brasileiros e estrangeiros","description":"&nbsp; Na segunda-feira (8), minist\u00e9rio vai anunciar o programa Mais m\u00e9dicos para o Brasil, com contrata\u00e7\u00e3o e amplia\u00e7\u00e3o de vagas na resid\u00eancia m\u00e9dica S\u00e3o","robots":{"index":"index","follow":"follow","max-snippet":"max-snippet:-1","max-image-preview":"max-image-preview:large","max-video-preview":"max-video-preview:-1"},"canonical":"https:\/\/www.pressenza.com\/pt-pt\/2013\/07\/ministerio-da-saude-vai-contratar-mais-medicos-brasileiros-e-estrangeiros\/","og_locale":"pt_PT","og_type":"article","og_title":"Minist\u00e9rio da Sa\u00fade vai contratar mais m\u00e9dicos brasileiros e estrangeiros","og_description":"&nbsp; Na segunda-feira (8), minist\u00e9rio vai anunciar o programa Mais m\u00e9dicos para o Brasil, com contrata\u00e7\u00e3o e amplia\u00e7\u00e3o de vagas na resid\u00eancia m\u00e9dica S\u00e3o","og_url":"https:\/\/www.pressenza.com\/pt-pt\/2013\/07\/ministerio-da-saude-vai-contratar-mais-medicos-brasileiros-e-estrangeiros\/","og_site_name":"Pressenza","article_publisher":"https:\/\/www.facebook.com\/PressenzaItalia","article_author":"https:\/\/www.facebook.com\/PressenzaPortugues","article_published_time":"2013-07-06T04:27:42+00:00","og_image":[{"width":600,"height":400,"url":"https:\/\/www.pressenza.com\/wp-content\/uploads\/2013\/07\/protesto-medicos-brasil.jpg","type":"image\/jpeg"}],"author":"Reda\u00e7\u00e3o S\u00e3o Paulo","twitter_card":"summary_large_image","twitter_creator":"@pressenza_pt","twitter_site":"@PressenzaIPA","twitter_misc":{"Escrito por":"Reda\u00e7\u00e3o S\u00e3o Paulo","Tempo estimado de leitura":"3 minutos"},"schema":{"@context":"https:\/\/schema.org","@graph":[{"@type":"Article","@id":"https:\/\/www.pressenza.com\/pt-pt\/2013\/07\/ministerio-da-saude-vai-contratar-mais-medicos-brasileiros-e-estrangeiros\/#article","isPartOf":{"@id":"https:\/\/www.pressenza.com\/pt-pt\/2013\/07\/ministerio-da-saude-vai-contratar-mais-medicos-brasileiros-e-estrangeiros\/"},"author":{"name":"Reda\u00e7\u00e3o S\u00e3o Paulo","@id":"https:\/\/www.pressenza.com\/pt-pt\/#\/schema\/person\/d171826afb7693cfc394da95892bfd93"},"headline":"Minist\u00e9rio da Sa\u00fade vai contratar mais m\u00e9dicos brasileiros e estrangeiros","datePublished":"2013-07-06T04:27:42+00:00","mainEntityOfPage":{"@id":"https:\/\/www.pressenza.com\/pt-pt\/2013\/07\/ministerio-da-saude-vai-contratar-mais-medicos-brasileiros-e-estrangeiros\/"},"wordCount":635,"publisher":{"@id":"https:\/\/www.pressenza.com\/pt-pt\/#organization"},"image":{"@id":"https:\/\/www.pressenza.com\/pt-pt\/2013\/07\/ministerio-da-saude-vai-contratar-mais-medicos-brasileiros-e-estrangeiros\/#primaryimage"},"thumbnailUrl":"https:\/\/www.pressenza.com\/wp-content\/uploads\/2013\/07\/protesto-medicos-brasil.jpg","keywords":["falta de investimentos na saude","medicos estrangeiros no brasil"],"articleSection":["\u00c1m\u00e9rica do Sul","Internacional","Sa\u00fade"],"inLanguage":"pt-PT"},{"@type":"WebPage","@id":"https:\/\/www.pressenza.com\/pt-pt\/2013\/07\/ministerio-da-saude-vai-contratar-mais-medicos-brasileiros-e-estrangeiros\/","url":"https:\/\/www.pressenza.com\/pt-pt\/2013\/07\/ministerio-da-saude-vai-contratar-mais-medicos-brasileiros-e-estrangeiros\/","name":"Minist\u00e9rio da Sa\u00fade vai contratar mais m\u00e9dicos brasileiros e estrangeiros","isPartOf":{"@id":"https:\/\/www.pressenza.com\/pt-pt\/#website"},"primaryImageOfPage":{"@id":"https:\/\/www.pressenza.com\/pt-pt\/2013\/07\/ministerio-da-saude-vai-contratar-mais-medicos-brasileiros-e-estrangeiros\/#primaryimage"},"image":{"@id":"https:\/\/www.pressenza.com\/pt-pt\/2013\/07\/ministerio-da-saude-vai-contratar-mais-medicos-brasileiros-e-estrangeiros\/#primaryimage"},"thumbnailUrl":"https:\/\/www.pressenza.com\/wp-content\/uploads\/2013\/07\/protesto-medicos-brasil.jpg","datePublished":"2013-07-06T04:27:42+00:00","description":"&nbsp; Na segunda-feira (8), minist\u00e9rio vai anunciar o programa Mais m\u00e9dicos para o Brasil, com contrata\u00e7\u00e3o e amplia\u00e7\u00e3o de vagas na resid\u00eancia m\u00e9dica S\u00e3o","breadcrumb":{"@id":"https:\/\/www.pressenza.com\/pt-pt\/2013\/07\/ministerio-da-saude-vai-contratar-mais-medicos-brasileiros-e-estrangeiros\/#breadcrumb"},"inLanguage":"pt-PT","potentialAction":[{"@type":"ReadAction","target":["https:\/\/www.pressenza.com\/pt-pt\/2013\/07\/ministerio-da-saude-vai-contratar-mais-medicos-brasileiros-e-estrangeiros\/"]}]},{"@type":"ImageObject","inLanguage":"pt-PT","@id":"https:\/\/www.pressenza.com\/pt-pt\/2013\/07\/ministerio-da-saude-vai-contratar-mais-medicos-brasileiros-e-estrangeiros\/#primaryimage","url":"https:\/\/www.pressenza.com\/wp-content\/uploads\/2013\/07\/protesto-medicos-brasil.jpg","contentUrl":"https:\/\/www.pressenza.com\/wp-content\/uploads\/2013\/07\/protesto-medicos-brasil.jpg","width":600,"height":400},{"@type":"BreadcrumbList","@id":"https:\/\/www.pressenza.com\/pt-pt\/2013\/07\/ministerio-da-saude-vai-contratar-mais-medicos-brasileiros-e-estrangeiros\/#breadcrumb","itemListElement":[{"@type":"ListItem","position":1,"name":"Accueil","item":"https:\/\/www.pressenza.com\/pt-pt\/"},{"@type":"ListItem","position":2,"name":"Minist\u00e9rio da Sa\u00fade vai contratar mais m\u00e9dicos brasileiros e estrangeiros"}]},{"@type":"WebSite","@id":"https:\/\/www.pressenza.com\/pt-pt\/#website","url":"https:\/\/www.pressenza.com\/pt-pt\/","name":"Pressenza","description":"International Press Agency","publisher":{"@id":"https:\/\/www.pressenza.com\/pt-pt\/#organization"},"potentialAction":[{"@type":"SearchAction","target":{"@type":"EntryPoint","urlTemplate":"https:\/\/www.pressenza.com\/pt-pt\/?s={search_term_string}"},"query-input":{"@type":"PropertyValueSpecification","valueRequired":true,"valueName":"search_term_string"}}],"inLanguage":"pt-PT"},{"@type":"Organization","@id":"https:\/\/www.pressenza.com\/pt-pt\/#organization","name":"Pressenza","url":"https:\/\/www.pressenza.com\/pt-pt\/","logo":{"@type":"ImageObject","inLanguage":"pt-PT","@id":"https:\/\/www.pressenza.com\/pt-pt\/#\/schema\/logo\/image\/","url":"https:\/\/www.pressenza.com\/wp-content\/uploads\/2022\/10\/pressenza_logo_200x200.jpg","contentUrl":"https:\/\/www.pressenza.com\/wp-content\/uploads\/2022\/10\/pressenza_logo_200x200.jpg","width":200,"height":200,"caption":"Pressenza"},"image":{"@id":"https:\/\/www.pressenza.com\/pt-pt\/#\/schema\/logo\/image\/"},"sameAs":["https:\/\/www.facebook.com\/PressenzaItalia","https:\/\/x.com\/PressenzaIPA"]},{"@type":"Person","@id":"https:\/\/www.pressenza.com\/pt-pt\/#\/schema\/person\/d171826afb7693cfc394da95892bfd93","name":"Reda\u00e7\u00e3o S\u00e3o Paulo","description":"News from the Pressenza bureau in Sao Paulo, Brazil","sameAs":["https:\/\/www.facebook.com\/PressenzaPortugues","https:\/\/x.com\/pressenza_pt"],"url":"https:\/\/www.pressenza.com\/pt-pt\/author\/redaccao-sao-paulo\/"}]}},"place":"","original_article_url":"","_links":{"self":[{"href":"https:\/\/www.pressenza.com\/pt-pt\/wp-json\/wp\/v2\/posts\/59909","targetHints":{"allow":["GET"]}}],"collection":[{"href":"https:\/\/www.pressenza.com\/pt-pt\/wp-json\/wp\/v2\/posts"}],"about":[{"href":"https:\/\/www.pressenza.com\/pt-pt\/wp-json\/wp\/v2\/types\/post"}],"author":[{"embeddable":true,"href":"https:\/\/www.pressenza.com\/pt-pt\/wp-json\/wp\/v2\/users\/44"}],"replies":[{"embeddable":true,"href":"https:\/\/www.pressenza.com\/pt-pt\/wp-json\/wp\/v2\/comments?post=59909"}],"version-history":[{"count":0,"href":"https:\/\/www.pressenza.com\/pt-pt\/wp-json\/wp\/v2\/posts\/59909\/revisions"}],"wp:featuredmedia":[{"embeddable":true,"href":"https:\/\/www.pressenza.com\/pt-pt\/wp-json\/wp\/v2\/media\/59910"}],"wp:attachment":[{"href":"https:\/\/www.pressenza.com\/pt-pt\/wp-json\/wp\/v2\/media?parent=59909"}],"wp:term":[{"taxonomy":"category","embeddable":true,"href":"https:\/\/www.pressenza.com\/pt-pt\/wp-json\/wp\/v2\/categories?post=59909"},{"taxonomy":"post_tag","embeddable":true,"href":"https:\/\/www.pressenza.com\/pt-pt\/wp-json\/wp\/v2\/tags?post=59909"}],"curies":[{"name":"wp","href":"https:\/\/api.w.org\/{rel}","templated":true}]}}