{"id":59563,"date":"2013-07-04T03:45:23","date_gmt":"2013-07-04T02:45:23","guid":{"rendered":"http:\/\/www.pressenza.com\/?p=59563"},"modified":"2013-07-04T03:45:23","modified_gmt":"2013-07-04T02:45:23","slug":"militares-derrubam-presidente-do-egito-e-suspendem-constituicao","status":"publish","type":"post","link":"https:\/\/www.pressenza.com\/pt-pt\/2013\/07\/militares-derrubam-presidente-do-egito-e-suspendem-constituicao\/","title":{"rendered":"Militares derrubam presidente do Egito e suspendem Constitui\u00e7\u00e3o"},"content":{"rendered":"<p>&nbsp;<\/p>\n<p>Bras\u00edlia \u2013\u00a0 O presidente do Egito, Mouhamed Mursi, foi hoje (3) deposto pelas For\u00e7as Armadas e ser\u00e1 substitu\u00eddo interinamente pelo presidente do Tribunal Constitucional. A Constitui\u00e7\u00e3o tamb\u00e9m foi suspensa, segundo an\u00fancio pelos respons\u00e1veis militares. Os militares estipularam prazo de 48 horas para o presidente atender \u00e0s reivindica\u00e7\u00f5es dos manifestantes que tomaram as ruas do pa\u00eds nos \u00faltimos dias. Mursi argumentou que foi eleito democraticamente h\u00e1 um ano e que n\u00e3o iria renunciar ao posto.<\/p>\n<p>A decis\u00e3o foi anunciada pelo chefe do Estado-Maior das For\u00e7as Armadas, general Abdel Fattah Al Sisi. Ele tamb\u00e9m anunciou elei\u00e7\u00f5es presidenciais antecipadas. A not\u00edcia foi recebida com festa por milhares de manifestantes na Pra\u00e7a Tahrir, no centro da capital.<\/p>\n<p>Na sua declara\u00e7\u00e3o, transmitida pela televis\u00e3o, al-Sisi estava rodeado por diversos respons\u00e1veis pol\u00edticos e religiosos, incluindo o chefe da institui\u00e7\u00e3o isl\u00e2mica Al Azhar e grande im\u00e3 Ahmed Al-Tayeb, a principal autoridade sunita do Egito, e o patriarca copta ortodoxo Tawadros II.<\/p>\n<p>Militares est\u00e3o posicionados em v\u00e1rios pontos da capital Cairo. Eles fecharam os acessos \u00e0 Pra\u00e7a Rabea Al Adauiya, no leste do Cairo, onde est\u00e3o milhares de apoiadores do presidente Mursi, informa a Ag\u00eancia Lusa. Segundo a ag\u00eancia de not\u00edcias, soldados foram mobilizados tamb\u00e9m para a Pra\u00e7a Tahrir e para o pal\u00e1cio presidencial, onde est\u00e3o os opositores ao atual governo.<\/p>\n<p>De acordo com os militares, o bloqueio \u00e9 para &#8220;preservar vidas e evitar confrontos&#8221; entre opositores e simpatizantes.<\/p>\n<p>Um representante da organiza\u00e7\u00e3o Irmandade Mu\u00e7ulmana, \u00e0 qual pertence Mursi, disse que um \u201cgolpe militar\u201d est\u00e1 em andamento, conforme a BBC Brasil. J\u00e1 a oposi\u00e7\u00e3o alega que Mursi quer implantar um regime isl\u00e2mico e exige a sa\u00edda do presidente.<\/p>\n","protected":false},"excerpt":{"rendered":"<p>&nbsp; Bras\u00edlia \u2013\u00a0 O presidente do Egito, Mouhamed Mursi, foi hoje (3) deposto pelas For\u00e7as Armadas e ser\u00e1 substitu\u00eddo interinamente pelo presidente do Tribunal Constitucional. A Constitui\u00e7\u00e3o tamb\u00e9m foi suspensa, segundo an\u00fancio pelos respons\u00e1veis militares. Os militares estipularam prazo de&hellip;<\/p>\n","protected":false},"author":860,"featured_media":59577,"comment_status":"closed","ping_status":"open","sticky":false,"template":"","format":"standard","meta":{"footnotes":""},"categories":[37,113,42],"tags":[5788,5786,5785,5787],"class_list":["post-59563","post","type-post","status-publish","format-standard","has-post-thumbnail","hentry","category-africa-pt","category-noticias-do-exterior","category-internacional-2","tag-deposto","tag-egito","tag-militares","tag-presidente-mursi"],"yoast_head":"<!-- This site is optimized with the Yoast SEO plugin v27.1.1 - https:\/\/yoast.com\/product\/yoast-seo-wordpress\/ -->\n<title>Militares derrubam presidente do Egito e suspendem Constitui\u00e7\u00e3o<\/title>\n<meta name=\"description\" content=\"&nbsp; Bras\u00edlia \u2013\u00a0 O presidente do Egito, Mouhamed Mursi, foi hoje (3) deposto pelas For\u00e7as Armadas e ser\u00e1 substitu\u00eddo interinamente pelo presidente do\" \/>\n<meta name=\"robots\" content=\"index, follow, max-snippet:-1, max-image-preview:large, max-video-preview:-1\" \/>\n<link rel=\"canonical\" href=\"https:\/\/www.pressenza.com\/pt-pt\/2013\/07\/militares-derrubam-presidente-do-egito-e-suspendem-constituicao\/\" \/>\n<meta property=\"og:locale\" content=\"pt_PT\" \/>\n<meta property=\"og:type\" content=\"article\" \/>\n<meta property=\"og:title\" content=\"Militares derrubam presidente do Egito e suspendem Constitui\u00e7\u00e3o\" \/>\n<meta property=\"og:description\" content=\"&nbsp; Bras\u00edlia \u2013\u00a0 O presidente do Egito, Mouhamed Mursi, foi hoje (3) deposto pelas For\u00e7as Armadas e ser\u00e1 substitu\u00eddo interinamente pelo presidente do\" \/>\n<meta property=\"og:url\" content=\"https:\/\/www.pressenza.com\/pt-pt\/2013\/07\/militares-derrubam-presidente-do-egito-e-suspendem-constituicao\/\" \/>\n<meta property=\"og:site_name\" content=\"Pressenza\" \/>\n<meta property=\"article:publisher\" content=\"https:\/\/www.facebook.com\/PressenzaItalia\" \/>\n<meta property=\"article:published_time\" content=\"2013-07-04T02:45:23+00:00\" \/>\n<meta property=\"og:image\" content=\"https:\/\/www.pressenza.com\/wp-content\/uploads\/2013\/07\/mohammed_mursi_wilson_dias_abr.gif\" \/>\n\t<meta property=\"og:image:width\" content=\"660\" \/>\n\t<meta property=\"og:image:height\" content=\"390\" \/>\n\t<meta property=\"og:image:type\" content=\"image\/gif\" \/>\n<meta name=\"author\" content=\"Agencia Brasil\" \/>\n<meta name=\"twitter:card\" content=\"summary_large_image\" \/>\n<meta name=\"twitter:creator\" content=\"@PressenzaIPA\" \/>\n<meta name=\"twitter:site\" content=\"@PressenzaIPA\" \/>\n<meta name=\"twitter:label1\" content=\"Escrito por\" \/>\n\t<meta name=\"twitter:data1\" content=\"Agencia Brasil\" \/>\n\t<meta name=\"twitter:label2\" content=\"Tempo estimado de leitura\" \/>\n\t<meta name=\"twitter:data2\" content=\"2 minutos\" \/>\n<script type=\"application\/ld+json\" class=\"yoast-schema-graph\">{\"@context\":\"https:\/\/schema.org\",\"@graph\":[{\"@type\":\"Article\",\"@id\":\"https:\/\/www.pressenza.com\/pt-pt\/2013\/07\/militares-derrubam-presidente-do-egito-e-suspendem-constituicao\/#article\",\"isPartOf\":{\"@id\":\"https:\/\/www.pressenza.com\/pt-pt\/2013\/07\/militares-derrubam-presidente-do-egito-e-suspendem-constituicao\/\"},\"author\":{\"name\":\"Agencia Brasil\",\"@id\":\"https:\/\/www.pressenza.com\/pt-pt\/#\/schema\/person\/e2e4e9b5b3a7554516d809f2394b3dd4\"},\"headline\":\"Militares derrubam presidente do Egito e suspendem Constitui\u00e7\u00e3o\",\"datePublished\":\"2013-07-04T02:45:23+00:00\",\"mainEntityOfPage\":{\"@id\":\"https:\/\/www.pressenza.com\/pt-pt\/2013\/07\/militares-derrubam-presidente-do-egito-e-suspendem-constituicao\/\"},\"wordCount\":312,\"publisher\":{\"@id\":\"https:\/\/www.pressenza.com\/pt-pt\/#organization\"},\"image\":{\"@id\":\"https:\/\/www.pressenza.com\/pt-pt\/2013\/07\/militares-derrubam-presidente-do-egito-e-suspendem-constituicao\/#primaryimage\"},\"thumbnailUrl\":\"https:\/\/www.pressenza.com\/wp-content\/uploads\/2013\/07\/mohammed_mursi_wilson_dias_abr.gif\",\"keywords\":[\"deposto\",\"egito\",\"militares\",\"presidente mursi\"],\"articleSection\":[\"Africa\",\"Assuntos internacionais\",\"Internacional\"],\"inLanguage\":\"pt-PT\"},{\"@type\":\"WebPage\",\"@id\":\"https:\/\/www.pressenza.com\/pt-pt\/2013\/07\/militares-derrubam-presidente-do-egito-e-suspendem-constituicao\/\",\"url\":\"https:\/\/www.pressenza.com\/pt-pt\/2013\/07\/militares-derrubam-presidente-do-egito-e-suspendem-constituicao\/\",\"name\":\"Militares derrubam presidente do Egito e suspendem Constitui\u00e7\u00e3o\",\"isPartOf\":{\"@id\":\"https:\/\/www.pressenza.com\/pt-pt\/#website\"},\"primaryImageOfPage\":{\"@id\":\"https:\/\/www.pressenza.com\/pt-pt\/2013\/07\/militares-derrubam-presidente-do-egito-e-suspendem-constituicao\/#primaryimage\"},\"image\":{\"@id\":\"https:\/\/www.pressenza.com\/pt-pt\/2013\/07\/militares-derrubam-presidente-do-egito-e-suspendem-constituicao\/#primaryimage\"},\"thumbnailUrl\":\"https:\/\/www.pressenza.com\/wp-content\/uploads\/2013\/07\/mohammed_mursi_wilson_dias_abr.gif\",\"datePublished\":\"2013-07-04T02:45:23+00:00\",\"description\":\"&nbsp; Bras\u00edlia \u2013\u00a0 O presidente do Egito, Mouhamed Mursi, foi hoje (3) deposto pelas For\u00e7as Armadas e ser\u00e1 substitu\u00eddo interinamente pelo presidente do\",\"breadcrumb\":{\"@id\":\"https:\/\/www.pressenza.com\/pt-pt\/2013\/07\/militares-derrubam-presidente-do-egito-e-suspendem-constituicao\/#breadcrumb\"},\"inLanguage\":\"pt-PT\",\"potentialAction\":[{\"@type\":\"ReadAction\",\"target\":[\"https:\/\/www.pressenza.com\/pt-pt\/2013\/07\/militares-derrubam-presidente-do-egito-e-suspendem-constituicao\/\"]}]},{\"@type\":\"ImageObject\",\"inLanguage\":\"pt-PT\",\"@id\":\"https:\/\/www.pressenza.com\/pt-pt\/2013\/07\/militares-derrubam-presidente-do-egito-e-suspendem-constituicao\/#primaryimage\",\"url\":\"https:\/\/www.pressenza.com\/wp-content\/uploads\/2013\/07\/mohammed_mursi_wilson_dias_abr.gif\",\"contentUrl\":\"https:\/\/www.pressenza.com\/wp-content\/uploads\/2013\/07\/mohammed_mursi_wilson_dias_abr.gif\",\"width\":660,\"height\":390},{\"@type\":\"BreadcrumbList\",\"@id\":\"https:\/\/www.pressenza.com\/pt-pt\/2013\/07\/militares-derrubam-presidente-do-egito-e-suspendem-constituicao\/#breadcrumb\",\"itemListElement\":[{\"@type\":\"ListItem\",\"position\":1,\"name\":\"Accueil\",\"item\":\"https:\/\/www.pressenza.com\/pt-pt\/\"},{\"@type\":\"ListItem\",\"position\":2,\"name\":\"Militares derrubam presidente do Egito e suspendem Constitui\u00e7\u00e3o\"}]},{\"@type\":\"WebSite\",\"@id\":\"https:\/\/www.pressenza.com\/pt-pt\/#website\",\"url\":\"https:\/\/www.pressenza.com\/pt-pt\/\",\"name\":\"Pressenza\",\"description\":\"International Press Agency\",\"publisher\":{\"@id\":\"https:\/\/www.pressenza.com\/pt-pt\/#organization\"},\"potentialAction\":[{\"@type\":\"SearchAction\",\"target\":{\"@type\":\"EntryPoint\",\"urlTemplate\":\"https:\/\/www.pressenza.com\/pt-pt\/?s={search_term_string}\"},\"query-input\":{\"@type\":\"PropertyValueSpecification\",\"valueRequired\":true,\"valueName\":\"search_term_string\"}}],\"inLanguage\":\"pt-PT\"},{\"@type\":\"Organization\",\"@id\":\"https:\/\/www.pressenza.com\/pt-pt\/#organization\",\"name\":\"Pressenza\",\"url\":\"https:\/\/www.pressenza.com\/pt-pt\/\",\"logo\":{\"@type\":\"ImageObject\",\"inLanguage\":\"pt-PT\",\"@id\":\"https:\/\/www.pressenza.com\/pt-pt\/#\/schema\/logo\/image\/\",\"url\":\"https:\/\/www.pressenza.com\/wp-content\/uploads\/2022\/10\/pressenza_logo_200x200.jpg\",\"contentUrl\":\"https:\/\/www.pressenza.com\/wp-content\/uploads\/2022\/10\/pressenza_logo_200x200.jpg\",\"width\":200,\"height\":200,\"caption\":\"Pressenza\"},\"image\":{\"@id\":\"https:\/\/www.pressenza.com\/pt-pt\/#\/schema\/logo\/image\/\"},\"sameAs\":[\"https:\/\/www.facebook.com\/PressenzaItalia\",\"https:\/\/x.com\/PressenzaIPA\"]},{\"@type\":\"Person\",\"@id\":\"https:\/\/www.pressenza.com\/pt-pt\/#\/schema\/person\/e2e4e9b5b3a7554516d809f2394b3dd4\",\"name\":\"Agencia Brasil\",\"url\":\"https:\/\/www.pressenza.com\/pt-pt\/author\/agencia-brasil\/\"}]}<\/script>\n<!-- \/ Yoast SEO plugin. -->","yoast_head_json":{"title":"Militares derrubam presidente do Egito e suspendem Constitui\u00e7\u00e3o","description":"&nbsp; Bras\u00edlia \u2013\u00a0 O presidente do Egito, Mouhamed Mursi, foi hoje (3) deposto pelas For\u00e7as Armadas e ser\u00e1 substitu\u00eddo interinamente pelo presidente do","robots":{"index":"index","follow":"follow","max-snippet":"max-snippet:-1","max-image-preview":"max-image-preview:large","max-video-preview":"max-video-preview:-1"},"canonical":"https:\/\/www.pressenza.com\/pt-pt\/2013\/07\/militares-derrubam-presidente-do-egito-e-suspendem-constituicao\/","og_locale":"pt_PT","og_type":"article","og_title":"Militares derrubam presidente do Egito e suspendem Constitui\u00e7\u00e3o","og_description":"&nbsp; Bras\u00edlia \u2013\u00a0 O presidente do Egito, Mouhamed Mursi, foi hoje (3) deposto pelas For\u00e7as Armadas e ser\u00e1 substitu\u00eddo interinamente pelo presidente do","og_url":"https:\/\/www.pressenza.com\/pt-pt\/2013\/07\/militares-derrubam-presidente-do-egito-e-suspendem-constituicao\/","og_site_name":"Pressenza","article_publisher":"https:\/\/www.facebook.com\/PressenzaItalia","article_published_time":"2013-07-04T02:45:23+00:00","og_image":[{"width":660,"height":390,"url":"https:\/\/www.pressenza.com\/wp-content\/uploads\/2013\/07\/mohammed_mursi_wilson_dias_abr.gif","type":"image\/gif"}],"author":"Agencia Brasil","twitter_card":"summary_large_image","twitter_creator":"@PressenzaIPA","twitter_site":"@PressenzaIPA","twitter_misc":{"Escrito por":"Agencia Brasil","Tempo estimado de leitura":"2 minutos"},"schema":{"@context":"https:\/\/schema.org","@graph":[{"@type":"Article","@id":"https:\/\/www.pressenza.com\/pt-pt\/2013\/07\/militares-derrubam-presidente-do-egito-e-suspendem-constituicao\/#article","isPartOf":{"@id":"https:\/\/www.pressenza.com\/pt-pt\/2013\/07\/militares-derrubam-presidente-do-egito-e-suspendem-constituicao\/"},"author":{"name":"Agencia Brasil","@id":"https:\/\/www.pressenza.com\/pt-pt\/#\/schema\/person\/e2e4e9b5b3a7554516d809f2394b3dd4"},"headline":"Militares derrubam presidente do Egito e suspendem Constitui\u00e7\u00e3o","datePublished":"2013-07-04T02:45:23+00:00","mainEntityOfPage":{"@id":"https:\/\/www.pressenza.com\/pt-pt\/2013\/07\/militares-derrubam-presidente-do-egito-e-suspendem-constituicao\/"},"wordCount":312,"publisher":{"@id":"https:\/\/www.pressenza.com\/pt-pt\/#organization"},"image":{"@id":"https:\/\/www.pressenza.com\/pt-pt\/2013\/07\/militares-derrubam-presidente-do-egito-e-suspendem-constituicao\/#primaryimage"},"thumbnailUrl":"https:\/\/www.pressenza.com\/wp-content\/uploads\/2013\/07\/mohammed_mursi_wilson_dias_abr.gif","keywords":["deposto","egito","militares","presidente mursi"],"articleSection":["Africa","Assuntos internacionais","Internacional"],"inLanguage":"pt-PT"},{"@type":"WebPage","@id":"https:\/\/www.pressenza.com\/pt-pt\/2013\/07\/militares-derrubam-presidente-do-egito-e-suspendem-constituicao\/","url":"https:\/\/www.pressenza.com\/pt-pt\/2013\/07\/militares-derrubam-presidente-do-egito-e-suspendem-constituicao\/","name":"Militares derrubam presidente do Egito e suspendem Constitui\u00e7\u00e3o","isPartOf":{"@id":"https:\/\/www.pressenza.com\/pt-pt\/#website"},"primaryImageOfPage":{"@id":"https:\/\/www.pressenza.com\/pt-pt\/2013\/07\/militares-derrubam-presidente-do-egito-e-suspendem-constituicao\/#primaryimage"},"image":{"@id":"https:\/\/www.pressenza.com\/pt-pt\/2013\/07\/militares-derrubam-presidente-do-egito-e-suspendem-constituicao\/#primaryimage"},"thumbnailUrl":"https:\/\/www.pressenza.com\/wp-content\/uploads\/2013\/07\/mohammed_mursi_wilson_dias_abr.gif","datePublished":"2013-07-04T02:45:23+00:00","description":"&nbsp; Bras\u00edlia \u2013\u00a0 O presidente do Egito, Mouhamed Mursi, foi hoje (3) deposto pelas For\u00e7as Armadas e ser\u00e1 substitu\u00eddo interinamente pelo presidente do","breadcrumb":{"@id":"https:\/\/www.pressenza.com\/pt-pt\/2013\/07\/militares-derrubam-presidente-do-egito-e-suspendem-constituicao\/#breadcrumb"},"inLanguage":"pt-PT","potentialAction":[{"@type":"ReadAction","target":["https:\/\/www.pressenza.com\/pt-pt\/2013\/07\/militares-derrubam-presidente-do-egito-e-suspendem-constituicao\/"]}]},{"@type":"ImageObject","inLanguage":"pt-PT","@id":"https:\/\/www.pressenza.com\/pt-pt\/2013\/07\/militares-derrubam-presidente-do-egito-e-suspendem-constituicao\/#primaryimage","url":"https:\/\/www.pressenza.com\/wp-content\/uploads\/2013\/07\/mohammed_mursi_wilson_dias_abr.gif","contentUrl":"https:\/\/www.pressenza.com\/wp-content\/uploads\/2013\/07\/mohammed_mursi_wilson_dias_abr.gif","width":660,"height":390},{"@type":"BreadcrumbList","@id":"https:\/\/www.pressenza.com\/pt-pt\/2013\/07\/militares-derrubam-presidente-do-egito-e-suspendem-constituicao\/#breadcrumb","itemListElement":[{"@type":"ListItem","position":1,"name":"Accueil","item":"https:\/\/www.pressenza.com\/pt-pt\/"},{"@type":"ListItem","position":2,"name":"Militares derrubam presidente do Egito e suspendem Constitui\u00e7\u00e3o"}]},{"@type":"WebSite","@id":"https:\/\/www.pressenza.com\/pt-pt\/#website","url":"https:\/\/www.pressenza.com\/pt-pt\/","name":"Pressenza","description":"International Press Agency","publisher":{"@id":"https:\/\/www.pressenza.com\/pt-pt\/#organization"},"potentialAction":[{"@type":"SearchAction","target":{"@type":"EntryPoint","urlTemplate":"https:\/\/www.pressenza.com\/pt-pt\/?s={search_term_string}"},"query-input":{"@type":"PropertyValueSpecification","valueRequired":true,"valueName":"search_term_string"}}],"inLanguage":"pt-PT"},{"@type":"Organization","@id":"https:\/\/www.pressenza.com\/pt-pt\/#organization","name":"Pressenza","url":"https:\/\/www.pressenza.com\/pt-pt\/","logo":{"@type":"ImageObject","inLanguage":"pt-PT","@id":"https:\/\/www.pressenza.com\/pt-pt\/#\/schema\/logo\/image\/","url":"https:\/\/www.pressenza.com\/wp-content\/uploads\/2022\/10\/pressenza_logo_200x200.jpg","contentUrl":"https:\/\/www.pressenza.com\/wp-content\/uploads\/2022\/10\/pressenza_logo_200x200.jpg","width":200,"height":200,"caption":"Pressenza"},"image":{"@id":"https:\/\/www.pressenza.com\/pt-pt\/#\/schema\/logo\/image\/"},"sameAs":["https:\/\/www.facebook.com\/PressenzaItalia","https:\/\/x.com\/PressenzaIPA"]},{"@type":"Person","@id":"https:\/\/www.pressenza.com\/pt-pt\/#\/schema\/person\/e2e4e9b5b3a7554516d809f2394b3dd4","name":"Agencia Brasil","url":"https:\/\/www.pressenza.com\/pt-pt\/author\/agencia-brasil\/"}]}},"place":"","original_article_url":"","_links":{"self":[{"href":"https:\/\/www.pressenza.com\/pt-pt\/wp-json\/wp\/v2\/posts\/59563","targetHints":{"allow":["GET"]}}],"collection":[{"href":"https:\/\/www.pressenza.com\/pt-pt\/wp-json\/wp\/v2\/posts"}],"about":[{"href":"https:\/\/www.pressenza.com\/pt-pt\/wp-json\/wp\/v2\/types\/post"}],"author":[{"embeddable":true,"href":"https:\/\/www.pressenza.com\/pt-pt\/wp-json\/wp\/v2\/users\/860"}],"replies":[{"embeddable":true,"href":"https:\/\/www.pressenza.com\/pt-pt\/wp-json\/wp\/v2\/comments?post=59563"}],"version-history":[{"count":0,"href":"https:\/\/www.pressenza.com\/pt-pt\/wp-json\/wp\/v2\/posts\/59563\/revisions"}],"wp:featuredmedia":[{"embeddable":true,"href":"https:\/\/www.pressenza.com\/pt-pt\/wp-json\/wp\/v2\/media\/59577"}],"wp:attachment":[{"href":"https:\/\/www.pressenza.com\/pt-pt\/wp-json\/wp\/v2\/media?parent=59563"}],"wp:term":[{"taxonomy":"category","embeddable":true,"href":"https:\/\/www.pressenza.com\/pt-pt\/wp-json\/wp\/v2\/categories?post=59563"},{"taxonomy":"post_tag","embeddable":true,"href":"https:\/\/www.pressenza.com\/pt-pt\/wp-json\/wp\/v2\/tags?post=59563"}],"curies":[{"name":"wp","href":"https:\/\/api.w.org\/{rel}","templated":true}]}}