{"id":54992,"date":"2013-06-05T08:56:09","date_gmt":"2013-06-05T07:56:09","guid":{"rendered":"http:\/\/www.pressenza.com\/?p=54992"},"modified":"2013-06-05T08:56:09","modified_gmt":"2013-06-05T07:56:09","slug":"ira-nao-quer-produzir-bomba-atomica-diz-presidenciavel-ligado-ao-aiatola","status":"publish","type":"post","link":"https:\/\/www.pressenza.com\/pt-pt\/2013\/06\/ira-nao-quer-produzir-bomba-atomica-diz-presidenciavel-ligado-ao-aiatola\/","title":{"rendered":"Ir\u00e3 n\u00e3o quer produzir bomba at\u00f4mica, diz presidenci\u00e1vel ligado ao aiatol\u00e1"},"content":{"rendered":"<p>Um dos principais candidatos \u00e0 elei\u00e7\u00e3o presidencial do Ir\u00e3, Ali Akbar Velayati, negou numa entrevista \u00e0 France Presse que o pa\u00eds pretenda fabricar uma bomba at\u00f4mica, ao contr\u00e1rio do que afirmam os pa\u00edses ocidentais e Israel.<\/p>\n<p>Velayati, que foi chefe da diplomacia iraniana entre 1981 e 1997, descartou ainda uma mudan\u00e7a total de rumo caso seja eleito presidente em 14 de junho, e afirmou que seguir\u00e1 &#8220;exactamente&#8221; as directrizes do guia supremo, Ali Khamenei, que defende o direito do Ir\u00e3 ao uso pac\u00edfico da energia at\u00f4mica.<\/p>\n<p>O programa nuclear iraniano compromete h\u00e1 dez anos as rela\u00e7\u00f5es do Ir\u00e3 com as grandes pot\u00eancias. Teer\u00e3o tenta afastar as suspeitas, nas negocia\u00e7\u00f5es com o grupo 5+1 (China, Estados Unidos, Reino Unido, Fran\u00e7a, R\u00fassia e Alemanha), de que utiliza o programa nuclear civil como fachada para fabricar uma bomba at\u00f4mica.<\/p>\n<p>O pa\u00eds \u00e9 alvo de san\u00e7\u00f5es da ONU e de um embargo de petr\u00f3leo e financeiro dos Estados Unidos e da Uni\u00e3o Europeia, o que provoca uma grave crise econ\u00f4mica.<\/p>\n<p>&#8220;O nosso guia supremo disse que a religi\u00e3o (mu\u00e7ulmana) pro\u00edbe a fabrica\u00e7\u00e3o de uma bomba, repetimos muitas vezes que somos contr\u00e1rios \u00e0 fabrica\u00e7\u00e3o de armas nucleares&#8221;, disse Velayati.<\/p>\n<p>Em fevereiro, o aiatol\u00e1 Khamenei, que afirma h\u00e1 v\u00e1rios anos que a arma nuclear \u00e9 &#8220;haram&#8221;, ou seja, proibida pelo Isl\u00e3o, disse que &#8220;as armas at\u00f4micas devem ser eliminadas&#8221; e que a Rep\u00fablica Isl\u00e2mica do Ir\u00e3 &#8220;n\u00e3o quer fabric\u00e1-las&#8221;.<\/p>\n<p>As autoridades iranianas citam com frequ\u00eancia essas declara\u00e7\u00f5es, consideradas uma &#8220;fatwa&#8221;, um decreto religioso.<\/p>\n<p>Velayati, de 67 anos, \u00e9 o actual conselheiro de rela\u00e7\u00f5es internacionais do guia supremo, autoridade m\u00e1xima sobre as quest\u00f5es estrat\u00e9gicas do Ir\u00e3, incluindo o programa nuclear.<\/p>\n<p>Teer\u00e3o tamb\u00e9m est\u00e1 em conflito com a Ag\u00eancia Internacional da Energia At\u00f4mica (AIEA), que denuncia as zonas obscuras no seu programa nuclear.<\/p>\n<p>&#8220;Tentamos responder a todas as quest\u00f5es (da AIEA) h\u00e1 mais de dez anos, mas quando respondemos fazem-nos outra pergunta&#8221;, disse Velayati, para quem este \u00e9 um &#8220;c\u00edrculo vicioso&#8221;.<\/p>\n<p>Em caso de vit\u00f3ria nas urnas, o candidato conservador pretende organizar negocia\u00e7\u00f5es bilaterais com alguns membros do grupo 5+1 e com outros Estados &#8220;influentes no cen\u00e1rio internacional&#8221;, mas sem citar nomes.<\/p>\n<p>&#8220;Queremos conversar com os os membros do 5+1, mas isso n\u00e3o quer dizer que n\u00e3o falaremos com todos&#8221;, declarou.<\/p>\n<p>O Ir\u00e3 n\u00e3o quer limitar-se \u00e0s &#8220;discuss\u00f5es oficiais com o 5+1&#8221;, mas procurar\u00e1 &#8220;outras vias e meios para conversar com outros pa\u00edses para poder chegar a um acordo&#8221;, afirmou Velayati, que prometeu revelar os detalhes do seu plano se for eleito.<\/p>\n<p>Em mar\u00e7o, o guia supremo disse pela primeira vez que estava disposto a iniciar negocia\u00e7\u00f5es directas com os Estados Unidos, principal inimigo do Ir\u00e3.<\/p>\n<p>Sobre a situa\u00e7\u00e3o na S\u00edria, Velayati disse que trabalhar\u00e1 ao lado da Fran\u00e7a para tentar resolver o conflito.<\/p>\n<p>&#8220;A minha oferta, se eu vencer, \u00e9 que o Ir\u00e3 e a Fran\u00e7a sentem e conversem, trabalhando juntos, para encontrarmos uma solu\u00e7\u00e3o pol\u00edtica \u00e0 situa\u00e7\u00e3o&#8221;, disse.<\/p>\n<p>O Ir\u00e3, um dos principais aliados do regime do presidente s\u00edrio Bashar al-Assad, acusa os pa\u00edses ocidentais de financiar e armar os rebeldes. As pot\u00eancias ocidentais acusam o pa\u00eds de envolvimento directo com o movimento xiita liban\u00eas Hezbollah, que combate ao lado do Ex\u00e9rcito s\u00edrio.<\/p>\n","protected":false},"excerpt":{"rendered":"<p>Um dos principais candidatos \u00e0 elei\u00e7\u00e3o presidencial do Ir\u00e3, Ali Akbar Velayati, negou numa entrevista \u00e0 France Presse que o pa\u00eds pretenda fabricar uma bomba at\u00f4mica, ao contr\u00e1rio do que afirmam os pa\u00edses ocidentais e Israel. Velayati, que foi chefe&hellip;<\/p>\n","protected":false},"author":839,"featured_media":55058,"comment_status":"closed","ping_status":"open","sticky":false,"template":"","format":"standard","meta":{"footnotes":""},"categories":[113,108],"tags":[5255,5254],"class_list":["post-54992","post","type-post","status-publish","format-standard","has-post-thumbnail","hentry","category-noticias-do-exterior","category-oriente-medio","tag-bomba-nuclear","tag-ira"],"yoast_head":"<!-- This site is optimized with the Yoast SEO plugin v27.1.1 - https:\/\/yoast.com\/product\/yoast-seo-wordpress\/ -->\n<title>Ir\u00e3 n\u00e3o quer produzir bomba at\u00f4mica, diz presidenci\u00e1vel ligado ao aiatol\u00e1<\/title>\n<meta name=\"description\" content=\"Um dos principais candidatos \u00e0 elei\u00e7\u00e3o presidencial do Ir\u00e3, Ali Akbar Velayati, negou numa entrevista \u00e0 France Presse que o pa\u00eds pretenda fabricar uma\" \/>\n<meta name=\"robots\" content=\"index, follow, max-snippet:-1, max-image-preview:large, max-video-preview:-1\" \/>\n<link rel=\"canonical\" href=\"https:\/\/www.pressenza.com\/pt-pt\/2013\/06\/ira-nao-quer-produzir-bomba-atomica-diz-presidenciavel-ligado-ao-aiatola\/\" \/>\n<meta property=\"og:locale\" content=\"pt_PT\" \/>\n<meta property=\"og:type\" content=\"article\" \/>\n<meta property=\"og:title\" content=\"Ir\u00e3 n\u00e3o quer produzir bomba at\u00f4mica, diz presidenci\u00e1vel ligado ao aiatol\u00e1\" \/>\n<meta property=\"og:description\" content=\"Um dos principais candidatos \u00e0 elei\u00e7\u00e3o presidencial do Ir\u00e3, Ali Akbar Velayati, negou numa entrevista \u00e0 France Presse que o pa\u00eds pretenda fabricar uma\" \/>\n<meta property=\"og:url\" content=\"https:\/\/www.pressenza.com\/pt-pt\/2013\/06\/ira-nao-quer-produzir-bomba-atomica-diz-presidenciavel-ligado-ao-aiatola\/\" \/>\n<meta property=\"og:site_name\" content=\"Pressenza\" \/>\n<meta property=\"article:publisher\" content=\"https:\/\/www.facebook.com\/PressenzaItalia\" \/>\n<meta property=\"article:published_time\" content=\"2013-06-05T07:56:09+00:00\" \/>\n<meta property=\"og:image\" content=\"https:\/\/www.pressenza.com\/wp-content\/uploads\/2013\/06\/90124220130603163038830.jpg\" \/>\n\t<meta property=\"og:image:width\" content=\"464\" \/>\n\t<meta property=\"og:image:height\" content=\"306\" \/>\n\t<meta property=\"og:image:type\" content=\"image\/jpeg\" \/>\n<meta name=\"author\" content=\"Radio Mo\u00e7ambique\" \/>\n<meta name=\"twitter:card\" content=\"summary_large_image\" \/>\n<meta name=\"twitter:creator\" content=\"@PressenzaIPA\" \/>\n<meta name=\"twitter:site\" content=\"@PressenzaIPA\" \/>\n<meta name=\"twitter:label1\" content=\"Escrito por\" \/>\n\t<meta name=\"twitter:data1\" content=\"Radio Mo\u00e7ambique\" \/>\n\t<meta name=\"twitter:label2\" content=\"Tempo estimado de leitura\" \/>\n\t<meta name=\"twitter:data2\" content=\"3 minutos\" \/>\n<script type=\"application\/ld+json\" class=\"yoast-schema-graph\">{\"@context\":\"https:\/\/schema.org\",\"@graph\":[{\"@type\":\"Article\",\"@id\":\"https:\/\/www.pressenza.com\/pt-pt\/2013\/06\/ira-nao-quer-produzir-bomba-atomica-diz-presidenciavel-ligado-ao-aiatola\/#article\",\"isPartOf\":{\"@id\":\"https:\/\/www.pressenza.com\/pt-pt\/2013\/06\/ira-nao-quer-produzir-bomba-atomica-diz-presidenciavel-ligado-ao-aiatola\/\"},\"author\":{\"name\":\"Radio Mo\u00e7ambique\",\"@id\":\"https:\/\/www.pressenza.com\/pt-pt\/#\/schema\/person\/621b040c6493b3c28792a340f46a3c79\"},\"headline\":\"Ir\u00e3 n\u00e3o quer produzir bomba at\u00f4mica, diz presidenci\u00e1vel ligado ao aiatol\u00e1\",\"datePublished\":\"2013-06-05T07:56:09+00:00\",\"mainEntityOfPage\":{\"@id\":\"https:\/\/www.pressenza.com\/pt-pt\/2013\/06\/ira-nao-quer-produzir-bomba-atomica-diz-presidenciavel-ligado-ao-aiatola\/\"},\"wordCount\":593,\"publisher\":{\"@id\":\"https:\/\/www.pressenza.com\/pt-pt\/#organization\"},\"image\":{\"@id\":\"https:\/\/www.pressenza.com\/pt-pt\/2013\/06\/ira-nao-quer-produzir-bomba-atomica-diz-presidenciavel-ligado-ao-aiatola\/#primaryimage\"},\"thumbnailUrl\":\"https:\/\/www.pressenza.com\/wp-content\/uploads\/2013\/06\/90124220130603163038830.jpg\",\"keywords\":[\"bomba nuclear\",\"ira\"],\"articleSection\":[\"Assuntos internacionais\",\"Oriente M\u00e9dio\"],\"inLanguage\":\"pt-PT\"},{\"@type\":\"WebPage\",\"@id\":\"https:\/\/www.pressenza.com\/pt-pt\/2013\/06\/ira-nao-quer-produzir-bomba-atomica-diz-presidenciavel-ligado-ao-aiatola\/\",\"url\":\"https:\/\/www.pressenza.com\/pt-pt\/2013\/06\/ira-nao-quer-produzir-bomba-atomica-diz-presidenciavel-ligado-ao-aiatola\/\",\"name\":\"Ir\u00e3 n\u00e3o quer produzir bomba at\u00f4mica, diz presidenci\u00e1vel ligado ao aiatol\u00e1\",\"isPartOf\":{\"@id\":\"https:\/\/www.pressenza.com\/pt-pt\/#website\"},\"primaryImageOfPage\":{\"@id\":\"https:\/\/www.pressenza.com\/pt-pt\/2013\/06\/ira-nao-quer-produzir-bomba-atomica-diz-presidenciavel-ligado-ao-aiatola\/#primaryimage\"},\"image\":{\"@id\":\"https:\/\/www.pressenza.com\/pt-pt\/2013\/06\/ira-nao-quer-produzir-bomba-atomica-diz-presidenciavel-ligado-ao-aiatola\/#primaryimage\"},\"thumbnailUrl\":\"https:\/\/www.pressenza.com\/wp-content\/uploads\/2013\/06\/90124220130603163038830.jpg\",\"datePublished\":\"2013-06-05T07:56:09+00:00\",\"description\":\"Um dos principais candidatos \u00e0 elei\u00e7\u00e3o presidencial do Ir\u00e3, Ali Akbar Velayati, negou numa entrevista \u00e0 France Presse que o pa\u00eds pretenda fabricar uma\",\"breadcrumb\":{\"@id\":\"https:\/\/www.pressenza.com\/pt-pt\/2013\/06\/ira-nao-quer-produzir-bomba-atomica-diz-presidenciavel-ligado-ao-aiatola\/#breadcrumb\"},\"inLanguage\":\"pt-PT\",\"potentialAction\":[{\"@type\":\"ReadAction\",\"target\":[\"https:\/\/www.pressenza.com\/pt-pt\/2013\/06\/ira-nao-quer-produzir-bomba-atomica-diz-presidenciavel-ligado-ao-aiatola\/\"]}]},{\"@type\":\"ImageObject\",\"inLanguage\":\"pt-PT\",\"@id\":\"https:\/\/www.pressenza.com\/pt-pt\/2013\/06\/ira-nao-quer-produzir-bomba-atomica-diz-presidenciavel-ligado-ao-aiatola\/#primaryimage\",\"url\":\"https:\/\/www.pressenza.com\/wp-content\/uploads\/2013\/06\/90124220130603163038830.jpg\",\"contentUrl\":\"https:\/\/www.pressenza.com\/wp-content\/uploads\/2013\/06\/90124220130603163038830.jpg\",\"width\":464,\"height\":306},{\"@type\":\"BreadcrumbList\",\"@id\":\"https:\/\/www.pressenza.com\/pt-pt\/2013\/06\/ira-nao-quer-produzir-bomba-atomica-diz-presidenciavel-ligado-ao-aiatola\/#breadcrumb\",\"itemListElement\":[{\"@type\":\"ListItem\",\"position\":1,\"name\":\"Accueil\",\"item\":\"https:\/\/www.pressenza.com\/pt-pt\/\"},{\"@type\":\"ListItem\",\"position\":2,\"name\":\"Ir\u00e3 n\u00e3o quer produzir bomba at\u00f4mica, diz presidenci\u00e1vel ligado ao aiatol\u00e1\"}]},{\"@type\":\"WebSite\",\"@id\":\"https:\/\/www.pressenza.com\/pt-pt\/#website\",\"url\":\"https:\/\/www.pressenza.com\/pt-pt\/\",\"name\":\"Pressenza\",\"description\":\"International Press Agency\",\"publisher\":{\"@id\":\"https:\/\/www.pressenza.com\/pt-pt\/#organization\"},\"potentialAction\":[{\"@type\":\"SearchAction\",\"target\":{\"@type\":\"EntryPoint\",\"urlTemplate\":\"https:\/\/www.pressenza.com\/pt-pt\/?s={search_term_string}\"},\"query-input\":{\"@type\":\"PropertyValueSpecification\",\"valueRequired\":true,\"valueName\":\"search_term_string\"}}],\"inLanguage\":\"pt-PT\"},{\"@type\":\"Organization\",\"@id\":\"https:\/\/www.pressenza.com\/pt-pt\/#organization\",\"name\":\"Pressenza\",\"url\":\"https:\/\/www.pressenza.com\/pt-pt\/\",\"logo\":{\"@type\":\"ImageObject\",\"inLanguage\":\"pt-PT\",\"@id\":\"https:\/\/www.pressenza.com\/pt-pt\/#\/schema\/logo\/image\/\",\"url\":\"https:\/\/www.pressenza.com\/wp-content\/uploads\/2022\/10\/pressenza_logo_200x200.jpg\",\"contentUrl\":\"https:\/\/www.pressenza.com\/wp-content\/uploads\/2022\/10\/pressenza_logo_200x200.jpg\",\"width\":200,\"height\":200,\"caption\":\"Pressenza\"},\"image\":{\"@id\":\"https:\/\/www.pressenza.com\/pt-pt\/#\/schema\/logo\/image\/\"},\"sameAs\":[\"https:\/\/www.facebook.com\/PressenzaItalia\",\"https:\/\/x.com\/PressenzaIPA\"]},{\"@type\":\"Person\",\"@id\":\"https:\/\/www.pressenza.com\/pt-pt\/#\/schema\/person\/621b040c6493b3c28792a340f46a3c79\",\"name\":\"Radio Mo\u00e7ambique\",\"url\":\"https:\/\/www.pressenza.com\/pt-pt\/author\/radio-mocambique\/\"}]}<\/script>\n<!-- \/ Yoast SEO plugin. -->","yoast_head_json":{"title":"Ir\u00e3 n\u00e3o quer produzir bomba at\u00f4mica, diz presidenci\u00e1vel ligado ao aiatol\u00e1","description":"Um dos principais candidatos \u00e0 elei\u00e7\u00e3o presidencial do Ir\u00e3, Ali Akbar Velayati, negou numa entrevista \u00e0 France Presse que o pa\u00eds pretenda fabricar uma","robots":{"index":"index","follow":"follow","max-snippet":"max-snippet:-1","max-image-preview":"max-image-preview:large","max-video-preview":"max-video-preview:-1"},"canonical":"https:\/\/www.pressenza.com\/pt-pt\/2013\/06\/ira-nao-quer-produzir-bomba-atomica-diz-presidenciavel-ligado-ao-aiatola\/","og_locale":"pt_PT","og_type":"article","og_title":"Ir\u00e3 n\u00e3o quer produzir bomba at\u00f4mica, diz presidenci\u00e1vel ligado ao aiatol\u00e1","og_description":"Um dos principais candidatos \u00e0 elei\u00e7\u00e3o presidencial do Ir\u00e3, Ali Akbar Velayati, negou numa entrevista \u00e0 France Presse que o pa\u00eds pretenda fabricar uma","og_url":"https:\/\/www.pressenza.com\/pt-pt\/2013\/06\/ira-nao-quer-produzir-bomba-atomica-diz-presidenciavel-ligado-ao-aiatola\/","og_site_name":"Pressenza","article_publisher":"https:\/\/www.facebook.com\/PressenzaItalia","article_published_time":"2013-06-05T07:56:09+00:00","og_image":[{"width":464,"height":306,"url":"https:\/\/www.pressenza.com\/wp-content\/uploads\/2013\/06\/90124220130603163038830.jpg","type":"image\/jpeg"}],"author":"Radio Mo\u00e7ambique","twitter_card":"summary_large_image","twitter_creator":"@PressenzaIPA","twitter_site":"@PressenzaIPA","twitter_misc":{"Escrito por":"Radio Mo\u00e7ambique","Tempo estimado de leitura":"3 minutos"},"schema":{"@context":"https:\/\/schema.org","@graph":[{"@type":"Article","@id":"https:\/\/www.pressenza.com\/pt-pt\/2013\/06\/ira-nao-quer-produzir-bomba-atomica-diz-presidenciavel-ligado-ao-aiatola\/#article","isPartOf":{"@id":"https:\/\/www.pressenza.com\/pt-pt\/2013\/06\/ira-nao-quer-produzir-bomba-atomica-diz-presidenciavel-ligado-ao-aiatola\/"},"author":{"name":"Radio Mo\u00e7ambique","@id":"https:\/\/www.pressenza.com\/pt-pt\/#\/schema\/person\/621b040c6493b3c28792a340f46a3c79"},"headline":"Ir\u00e3 n\u00e3o quer produzir bomba at\u00f4mica, diz presidenci\u00e1vel ligado ao aiatol\u00e1","datePublished":"2013-06-05T07:56:09+00:00","mainEntityOfPage":{"@id":"https:\/\/www.pressenza.com\/pt-pt\/2013\/06\/ira-nao-quer-produzir-bomba-atomica-diz-presidenciavel-ligado-ao-aiatola\/"},"wordCount":593,"publisher":{"@id":"https:\/\/www.pressenza.com\/pt-pt\/#organization"},"image":{"@id":"https:\/\/www.pressenza.com\/pt-pt\/2013\/06\/ira-nao-quer-produzir-bomba-atomica-diz-presidenciavel-ligado-ao-aiatola\/#primaryimage"},"thumbnailUrl":"https:\/\/www.pressenza.com\/wp-content\/uploads\/2013\/06\/90124220130603163038830.jpg","keywords":["bomba nuclear","ira"],"articleSection":["Assuntos internacionais","Oriente M\u00e9dio"],"inLanguage":"pt-PT"},{"@type":"WebPage","@id":"https:\/\/www.pressenza.com\/pt-pt\/2013\/06\/ira-nao-quer-produzir-bomba-atomica-diz-presidenciavel-ligado-ao-aiatola\/","url":"https:\/\/www.pressenza.com\/pt-pt\/2013\/06\/ira-nao-quer-produzir-bomba-atomica-diz-presidenciavel-ligado-ao-aiatola\/","name":"Ir\u00e3 n\u00e3o quer produzir bomba at\u00f4mica, diz presidenci\u00e1vel ligado ao aiatol\u00e1","isPartOf":{"@id":"https:\/\/www.pressenza.com\/pt-pt\/#website"},"primaryImageOfPage":{"@id":"https:\/\/www.pressenza.com\/pt-pt\/2013\/06\/ira-nao-quer-produzir-bomba-atomica-diz-presidenciavel-ligado-ao-aiatola\/#primaryimage"},"image":{"@id":"https:\/\/www.pressenza.com\/pt-pt\/2013\/06\/ira-nao-quer-produzir-bomba-atomica-diz-presidenciavel-ligado-ao-aiatola\/#primaryimage"},"thumbnailUrl":"https:\/\/www.pressenza.com\/wp-content\/uploads\/2013\/06\/90124220130603163038830.jpg","datePublished":"2013-06-05T07:56:09+00:00","description":"Um dos principais candidatos \u00e0 elei\u00e7\u00e3o presidencial do Ir\u00e3, Ali Akbar Velayati, negou numa entrevista \u00e0 France Presse que o pa\u00eds pretenda fabricar uma","breadcrumb":{"@id":"https:\/\/www.pressenza.com\/pt-pt\/2013\/06\/ira-nao-quer-produzir-bomba-atomica-diz-presidenciavel-ligado-ao-aiatola\/#breadcrumb"},"inLanguage":"pt-PT","potentialAction":[{"@type":"ReadAction","target":["https:\/\/www.pressenza.com\/pt-pt\/2013\/06\/ira-nao-quer-produzir-bomba-atomica-diz-presidenciavel-ligado-ao-aiatola\/"]}]},{"@type":"ImageObject","inLanguage":"pt-PT","@id":"https:\/\/www.pressenza.com\/pt-pt\/2013\/06\/ira-nao-quer-produzir-bomba-atomica-diz-presidenciavel-ligado-ao-aiatola\/#primaryimage","url":"https:\/\/www.pressenza.com\/wp-content\/uploads\/2013\/06\/90124220130603163038830.jpg","contentUrl":"https:\/\/www.pressenza.com\/wp-content\/uploads\/2013\/06\/90124220130603163038830.jpg","width":464,"height":306},{"@type":"BreadcrumbList","@id":"https:\/\/www.pressenza.com\/pt-pt\/2013\/06\/ira-nao-quer-produzir-bomba-atomica-diz-presidenciavel-ligado-ao-aiatola\/#breadcrumb","itemListElement":[{"@type":"ListItem","position":1,"name":"Accueil","item":"https:\/\/www.pressenza.com\/pt-pt\/"},{"@type":"ListItem","position":2,"name":"Ir\u00e3 n\u00e3o quer produzir bomba at\u00f4mica, diz presidenci\u00e1vel ligado ao aiatol\u00e1"}]},{"@type":"WebSite","@id":"https:\/\/www.pressenza.com\/pt-pt\/#website","url":"https:\/\/www.pressenza.com\/pt-pt\/","name":"Pressenza","description":"International Press Agency","publisher":{"@id":"https:\/\/www.pressenza.com\/pt-pt\/#organization"},"potentialAction":[{"@type":"SearchAction","target":{"@type":"EntryPoint","urlTemplate":"https:\/\/www.pressenza.com\/pt-pt\/?s={search_term_string}"},"query-input":{"@type":"PropertyValueSpecification","valueRequired":true,"valueName":"search_term_string"}}],"inLanguage":"pt-PT"},{"@type":"Organization","@id":"https:\/\/www.pressenza.com\/pt-pt\/#organization","name":"Pressenza","url":"https:\/\/www.pressenza.com\/pt-pt\/","logo":{"@type":"ImageObject","inLanguage":"pt-PT","@id":"https:\/\/www.pressenza.com\/pt-pt\/#\/schema\/logo\/image\/","url":"https:\/\/www.pressenza.com\/wp-content\/uploads\/2022\/10\/pressenza_logo_200x200.jpg","contentUrl":"https:\/\/www.pressenza.com\/wp-content\/uploads\/2022\/10\/pressenza_logo_200x200.jpg","width":200,"height":200,"caption":"Pressenza"},"image":{"@id":"https:\/\/www.pressenza.com\/pt-pt\/#\/schema\/logo\/image\/"},"sameAs":["https:\/\/www.facebook.com\/PressenzaItalia","https:\/\/x.com\/PressenzaIPA"]},{"@type":"Person","@id":"https:\/\/www.pressenza.com\/pt-pt\/#\/schema\/person\/621b040c6493b3c28792a340f46a3c79","name":"Radio Mo\u00e7ambique","url":"https:\/\/www.pressenza.com\/pt-pt\/author\/radio-mocambique\/"}]}},"place":"","original_article_url":"","_links":{"self":[{"href":"https:\/\/www.pressenza.com\/pt-pt\/wp-json\/wp\/v2\/posts\/54992","targetHints":{"allow":["GET"]}}],"collection":[{"href":"https:\/\/www.pressenza.com\/pt-pt\/wp-json\/wp\/v2\/posts"}],"about":[{"href":"https:\/\/www.pressenza.com\/pt-pt\/wp-json\/wp\/v2\/types\/post"}],"author":[{"embeddable":true,"href":"https:\/\/www.pressenza.com\/pt-pt\/wp-json\/wp\/v2\/users\/839"}],"replies":[{"embeddable":true,"href":"https:\/\/www.pressenza.com\/pt-pt\/wp-json\/wp\/v2\/comments?post=54992"}],"version-history":[{"count":0,"href":"https:\/\/www.pressenza.com\/pt-pt\/wp-json\/wp\/v2\/posts\/54992\/revisions"}],"wp:featuredmedia":[{"embeddable":true,"href":"https:\/\/www.pressenza.com\/pt-pt\/wp-json\/wp\/v2\/media\/55058"}],"wp:attachment":[{"href":"https:\/\/www.pressenza.com\/pt-pt\/wp-json\/wp\/v2\/media?parent=54992"}],"wp:term":[{"taxonomy":"category","embeddable":true,"href":"https:\/\/www.pressenza.com\/pt-pt\/wp-json\/wp\/v2\/categories?post=54992"},{"taxonomy":"post_tag","embeddable":true,"href":"https:\/\/www.pressenza.com\/pt-pt\/wp-json\/wp\/v2\/tags?post=54992"}],"curies":[{"name":"wp","href":"https:\/\/api.w.org\/{rel}","templated":true}]}}