{"id":54972,"date":"2013-06-04T21:47:52","date_gmt":"2013-06-04T20:47:52","guid":{"rendered":"http:\/\/www.pressenza.com\/?p=54972"},"modified":"2013-06-05T15:42:13","modified_gmt":"2013-06-05T14:42:13","slug":"indios-estao-reunidos-com-representantes-do-governo-federal-no-palacio-do-planalto","status":"publish","type":"post","link":"https:\/\/www.pressenza.com\/pt-pt\/2013\/06\/indios-estao-reunidos-com-representantes-do-governo-federal-no-palacio-do-planalto\/","title":{"rendered":"\u00cdndios est\u00e3o reunidos com representantes do governo federal no Pal\u00e1cio do Planalto"},"content":{"rendered":"<p>&nbsp;<\/p>\n<p>O grupo passou oito dias ocupando o principal canteiro de obras da Usina Hidrel\u00e9trica de Belo Monte, no Rio Xingu (PA), e chegou a Bras\u00edlia na manh\u00e3 de hoje (4) em um avi\u00e3o da For\u00e7a A\u00e9rea Brasileira (FAB), ap\u00f3s acordo com o governo para desocupar o local.<\/p>\n<p>A reuni\u00e3o ocorre no audit\u00f3rio do Anexo do Pal\u00e1cio do Planalto, e, al\u00e9m de Carvalho, tem como interlocutores do governo representantes da Funda\u00e7\u00e3o Nacional de \u00cdndio (Funai), dos minist\u00e9rios da Justi\u00e7a e do Meio Ambiente e da Secretaria de Sa\u00fade Ind\u00edgena.<\/p>\n<p>O principal pedido dos \u00edndios \u00e9 a suspens\u00e3o de todos os empreendimentos hidrel\u00e9tricos na Amaz\u00f4nia at\u00e9 que o processo de consulta pr\u00e9via aos povos tradicionais, previsto na Conven\u00e7\u00e3o 169 da Organiza\u00e7\u00e3o Internacional do Trabalho (OIT) &#8211; internalizada pelo pa\u00eds em 2004 &#8211; seja regulamentado. Al\u00e9m de Belo Monte, os ind\u00edgenas s\u00e3o contra os projetos hidrel\u00e9tricos nos rios Teles Pires (divisa entre MT e PA) e Tapaj\u00f3s (PA).<\/p>\n<p>O governo j\u00e1 deixou claro que n\u00e3o pretende voltar atr\u00e1s na constru\u00e7\u00e3o de hidrel\u00e9tricas na Amaz\u00f4nia. A reuni\u00e3o em Bras\u00edlia foi a forma encontrada pelo governo federal para reduzir a tens\u00e3o em Belo Monte e negociar a desocupa\u00e7\u00e3o do canteiro de obras. Inicialmente, os \u00edndios exigiam que um representante do Poder Executivo fosse ao local negociar as reivindica\u00e7\u00f5es com o grupo.<\/p>\n<p>Al\u00e9m de discutir a constru\u00e7\u00e3o de hidrel\u00e9tricas, o governo deve apresentar respostas a reivindica\u00e7\u00f5es feitas pelos \u00edndios em janeiro, como quest\u00f5es ligadas \u00e0 sa\u00fade, educa\u00e7\u00e3o e assist\u00eancia t\u00e9cnica em \u00e1reas ind\u00edgenas, segundo a Secretaria-Geral da Presid\u00eancia.<\/p>\n<p>Por Luana Louren\u00e7o, <em>Rep\u00f3rter da Ag\u00eancia Brasil<\/em><\/p>\n","protected":false},"excerpt":{"rendered":"<p>&nbsp; O grupo passou oito dias ocupando o principal canteiro de obras da Usina Hidrel\u00e9trica de Belo Monte, no Rio Xingu (PA), e chegou a Bras\u00edlia na manh\u00e3 de hoje (4) em um avi\u00e3o da For\u00e7a A\u00e9rea Brasileira (FAB), ap\u00f3s&hellip;<\/p>\n","protected":false},"author":860,"featured_media":55093,"comment_status":"closed","ping_status":"open","sticky":false,"template":"","format":"standard","meta":{"footnotes":""},"categories":[104,117,1255],"tags":[5243,5068,5244,5242],"class_list":["post-54972","post","type-post","status-publish","format-standard","has-post-thumbnail","hentry","category-america-do-sul","category-povos-originarios","category-diversidade","tag-amazonia","tag-belo-monte","tag-hidreletricas","tag-indios"],"yoast_head":"<!-- This site is optimized with the Yoast SEO plugin v27.1.1 - https:\/\/yoast.com\/product\/yoast-seo-wordpress\/ -->\n<title>\u00cdndios est\u00e3o reunidos com representantes do governo federal no Pal\u00e1cio do Planalto<\/title>\n<meta name=\"description\" content=\"&nbsp; O grupo passou oito dias ocupando o principal canteiro de obras da Usina Hidrel\u00e9trica de Belo Monte, no Rio Xingu (PA), e chegou a Bras\u00edlia na\" \/>\n<meta name=\"robots\" content=\"index, follow, max-snippet:-1, max-image-preview:large, max-video-preview:-1\" \/>\n<link rel=\"canonical\" href=\"https:\/\/www.pressenza.com\/pt-pt\/2013\/06\/indios-estao-reunidos-com-representantes-do-governo-federal-no-palacio-do-planalto\/\" \/>\n<meta property=\"og:locale\" content=\"pt_PT\" \/>\n<meta property=\"og:type\" content=\"article\" \/>\n<meta property=\"og:title\" content=\"\u00cdndios est\u00e3o reunidos com representantes do governo federal no Pal\u00e1cio do Planalto\" \/>\n<meta property=\"og:description\" content=\"&nbsp; O grupo passou oito dias ocupando o principal canteiro de obras da Usina Hidrel\u00e9trica de Belo Monte, no Rio Xingu (PA), e chegou a Bras\u00edlia na\" \/>\n<meta property=\"og:url\" content=\"https:\/\/www.pressenza.com\/pt-pt\/2013\/06\/indios-estao-reunidos-com-representantes-do-governo-federal-no-palacio-do-planalto\/\" \/>\n<meta property=\"og:site_name\" content=\"Pressenza\" \/>\n<meta property=\"article:publisher\" content=\"https:\/\/www.facebook.com\/PressenzaItalia\" \/>\n<meta property=\"article:published_time\" content=\"2013-06-04T20:47:52+00:00\" \/>\n<meta property=\"article:modified_time\" content=\"2013-06-05T14:42:13+00:00\" \/>\n<meta property=\"og:image\" content=\"https:\/\/www.pressenza.com\/wp-content\/uploads\/2013\/06\/ABr040613PZB_2758.jpg\" \/>\n\t<meta property=\"og:image:width\" content=\"300\" \/>\n\t<meta property=\"og:image:height\" content=\"225\" \/>\n\t<meta property=\"og:image:type\" content=\"image\/jpeg\" \/>\n<meta name=\"author\" content=\"Agencia Brasil\" \/>\n<meta name=\"twitter:card\" content=\"summary_large_image\" \/>\n<meta name=\"twitter:creator\" content=\"@PressenzaIPA\" \/>\n<meta name=\"twitter:site\" content=\"@PressenzaIPA\" \/>\n<meta name=\"twitter:label1\" content=\"Escrito por\" \/>\n\t<meta name=\"twitter:data1\" content=\"Agencia Brasil\" \/>\n\t<meta name=\"twitter:label2\" content=\"Tempo estimado de leitura\" \/>\n\t<meta name=\"twitter:data2\" content=\"2 minutos\" \/>\n<script type=\"application\/ld+json\" class=\"yoast-schema-graph\">{\"@context\":\"https:\/\/schema.org\",\"@graph\":[{\"@type\":\"Article\",\"@id\":\"https:\/\/www.pressenza.com\/pt-pt\/2013\/06\/indios-estao-reunidos-com-representantes-do-governo-federal-no-palacio-do-planalto\/#article\",\"isPartOf\":{\"@id\":\"https:\/\/www.pressenza.com\/pt-pt\/2013\/06\/indios-estao-reunidos-com-representantes-do-governo-federal-no-palacio-do-planalto\/\"},\"author\":{\"name\":\"Agencia Brasil\",\"@id\":\"https:\/\/www.pressenza.com\/pt-pt\/#\/schema\/person\/e2e4e9b5b3a7554516d809f2394b3dd4\"},\"headline\":\"\u00cdndios est\u00e3o reunidos com representantes do governo federal no Pal\u00e1cio do Planalto\",\"datePublished\":\"2013-06-04T20:47:52+00:00\",\"dateModified\":\"2013-06-05T14:42:13+00:00\",\"mainEntityOfPage\":{\"@id\":\"https:\/\/www.pressenza.com\/pt-pt\/2013\/06\/indios-estao-reunidos-com-representantes-do-governo-federal-no-palacio-do-planalto\/\"},\"wordCount\":320,\"publisher\":{\"@id\":\"https:\/\/www.pressenza.com\/pt-pt\/#organization\"},\"image\":{\"@id\":\"https:\/\/www.pressenza.com\/pt-pt\/2013\/06\/indios-estao-reunidos-com-representantes-do-governo-federal-no-palacio-do-planalto\/#primaryimage\"},\"thumbnailUrl\":\"https:\/\/www.pressenza.com\/wp-content\/uploads\/2013\/06\/ABr040613PZB_2758.jpg\",\"keywords\":[\"amazonia\",\"belo monte\",\"hidreletricas\",\"indios\"],\"articleSection\":[\"\u00c1m\u00e9rica do Sul\",\"Assuntos ind\u00edgenas\",\"Diversidade\"],\"inLanguage\":\"pt-PT\"},{\"@type\":\"WebPage\",\"@id\":\"https:\/\/www.pressenza.com\/pt-pt\/2013\/06\/indios-estao-reunidos-com-representantes-do-governo-federal-no-palacio-do-planalto\/\",\"url\":\"https:\/\/www.pressenza.com\/pt-pt\/2013\/06\/indios-estao-reunidos-com-representantes-do-governo-federal-no-palacio-do-planalto\/\",\"name\":\"\u00cdndios est\u00e3o reunidos com representantes do governo federal no Pal\u00e1cio do Planalto\",\"isPartOf\":{\"@id\":\"https:\/\/www.pressenza.com\/pt-pt\/#website\"},\"primaryImageOfPage\":{\"@id\":\"https:\/\/www.pressenza.com\/pt-pt\/2013\/06\/indios-estao-reunidos-com-representantes-do-governo-federal-no-palacio-do-planalto\/#primaryimage\"},\"image\":{\"@id\":\"https:\/\/www.pressenza.com\/pt-pt\/2013\/06\/indios-estao-reunidos-com-representantes-do-governo-federal-no-palacio-do-planalto\/#primaryimage\"},\"thumbnailUrl\":\"https:\/\/www.pressenza.com\/wp-content\/uploads\/2013\/06\/ABr040613PZB_2758.jpg\",\"datePublished\":\"2013-06-04T20:47:52+00:00\",\"dateModified\":\"2013-06-05T14:42:13+00:00\",\"description\":\"&nbsp; O grupo passou oito dias ocupando o principal canteiro de obras da Usina Hidrel\u00e9trica de Belo Monte, no Rio Xingu (PA), e chegou a Bras\u00edlia na\",\"breadcrumb\":{\"@id\":\"https:\/\/www.pressenza.com\/pt-pt\/2013\/06\/indios-estao-reunidos-com-representantes-do-governo-federal-no-palacio-do-planalto\/#breadcrumb\"},\"inLanguage\":\"pt-PT\",\"potentialAction\":[{\"@type\":\"ReadAction\",\"target\":[\"https:\/\/www.pressenza.com\/pt-pt\/2013\/06\/indios-estao-reunidos-com-representantes-do-governo-federal-no-palacio-do-planalto\/\"]}]},{\"@type\":\"ImageObject\",\"inLanguage\":\"pt-PT\",\"@id\":\"https:\/\/www.pressenza.com\/pt-pt\/2013\/06\/indios-estao-reunidos-com-representantes-do-governo-federal-no-palacio-do-planalto\/#primaryimage\",\"url\":\"https:\/\/www.pressenza.com\/wp-content\/uploads\/2013\/06\/ABr040613PZB_2758.jpg\",\"contentUrl\":\"https:\/\/www.pressenza.com\/wp-content\/uploads\/2013\/06\/ABr040613PZB_2758.jpg\",\"width\":300,\"height\":225},{\"@type\":\"BreadcrumbList\",\"@id\":\"https:\/\/www.pressenza.com\/pt-pt\/2013\/06\/indios-estao-reunidos-com-representantes-do-governo-federal-no-palacio-do-planalto\/#breadcrumb\",\"itemListElement\":[{\"@type\":\"ListItem\",\"position\":1,\"name\":\"Accueil\",\"item\":\"https:\/\/www.pressenza.com\/pt-pt\/\"},{\"@type\":\"ListItem\",\"position\":2,\"name\":\"\u00cdndios est\u00e3o reunidos com representantes do governo federal no Pal\u00e1cio do Planalto\"}]},{\"@type\":\"WebSite\",\"@id\":\"https:\/\/www.pressenza.com\/pt-pt\/#website\",\"url\":\"https:\/\/www.pressenza.com\/pt-pt\/\",\"name\":\"Pressenza\",\"description\":\"International Press Agency\",\"publisher\":{\"@id\":\"https:\/\/www.pressenza.com\/pt-pt\/#organization\"},\"potentialAction\":[{\"@type\":\"SearchAction\",\"target\":{\"@type\":\"EntryPoint\",\"urlTemplate\":\"https:\/\/www.pressenza.com\/pt-pt\/?s={search_term_string}\"},\"query-input\":{\"@type\":\"PropertyValueSpecification\",\"valueRequired\":true,\"valueName\":\"search_term_string\"}}],\"inLanguage\":\"pt-PT\"},{\"@type\":\"Organization\",\"@id\":\"https:\/\/www.pressenza.com\/pt-pt\/#organization\",\"name\":\"Pressenza\",\"url\":\"https:\/\/www.pressenza.com\/pt-pt\/\",\"logo\":{\"@type\":\"ImageObject\",\"inLanguage\":\"pt-PT\",\"@id\":\"https:\/\/www.pressenza.com\/pt-pt\/#\/schema\/logo\/image\/\",\"url\":\"https:\/\/www.pressenza.com\/wp-content\/uploads\/2022\/10\/pressenza_logo_200x200.jpg\",\"contentUrl\":\"https:\/\/www.pressenza.com\/wp-content\/uploads\/2022\/10\/pressenza_logo_200x200.jpg\",\"width\":200,\"height\":200,\"caption\":\"Pressenza\"},\"image\":{\"@id\":\"https:\/\/www.pressenza.com\/pt-pt\/#\/schema\/logo\/image\/\"},\"sameAs\":[\"https:\/\/www.facebook.com\/PressenzaItalia\",\"https:\/\/x.com\/PressenzaIPA\"]},{\"@type\":\"Person\",\"@id\":\"https:\/\/www.pressenza.com\/pt-pt\/#\/schema\/person\/e2e4e9b5b3a7554516d809f2394b3dd4\",\"name\":\"Agencia Brasil\",\"url\":\"https:\/\/www.pressenza.com\/pt-pt\/author\/agencia-brasil\/\"}]}<\/script>\n<!-- \/ Yoast SEO plugin. -->","yoast_head_json":{"title":"\u00cdndios est\u00e3o reunidos com representantes do governo federal no Pal\u00e1cio do Planalto","description":"&nbsp; O grupo passou oito dias ocupando o principal canteiro de obras da Usina Hidrel\u00e9trica de Belo Monte, no Rio Xingu (PA), e chegou a Bras\u00edlia na","robots":{"index":"index","follow":"follow","max-snippet":"max-snippet:-1","max-image-preview":"max-image-preview:large","max-video-preview":"max-video-preview:-1"},"canonical":"https:\/\/www.pressenza.com\/pt-pt\/2013\/06\/indios-estao-reunidos-com-representantes-do-governo-federal-no-palacio-do-planalto\/","og_locale":"pt_PT","og_type":"article","og_title":"\u00cdndios est\u00e3o reunidos com representantes do governo federal no Pal\u00e1cio do Planalto","og_description":"&nbsp; O grupo passou oito dias ocupando o principal canteiro de obras da Usina Hidrel\u00e9trica de Belo Monte, no Rio Xingu (PA), e chegou a Bras\u00edlia na","og_url":"https:\/\/www.pressenza.com\/pt-pt\/2013\/06\/indios-estao-reunidos-com-representantes-do-governo-federal-no-palacio-do-planalto\/","og_site_name":"Pressenza","article_publisher":"https:\/\/www.facebook.com\/PressenzaItalia","article_published_time":"2013-06-04T20:47:52+00:00","article_modified_time":"2013-06-05T14:42:13+00:00","og_image":[{"width":300,"height":225,"url":"https:\/\/www.pressenza.com\/wp-content\/uploads\/2013\/06\/ABr040613PZB_2758.jpg","type":"image\/jpeg"}],"author":"Agencia Brasil","twitter_card":"summary_large_image","twitter_creator":"@PressenzaIPA","twitter_site":"@PressenzaIPA","twitter_misc":{"Escrito por":"Agencia Brasil","Tempo estimado de leitura":"2 minutos"},"schema":{"@context":"https:\/\/schema.org","@graph":[{"@type":"Article","@id":"https:\/\/www.pressenza.com\/pt-pt\/2013\/06\/indios-estao-reunidos-com-representantes-do-governo-federal-no-palacio-do-planalto\/#article","isPartOf":{"@id":"https:\/\/www.pressenza.com\/pt-pt\/2013\/06\/indios-estao-reunidos-com-representantes-do-governo-federal-no-palacio-do-planalto\/"},"author":{"name":"Agencia Brasil","@id":"https:\/\/www.pressenza.com\/pt-pt\/#\/schema\/person\/e2e4e9b5b3a7554516d809f2394b3dd4"},"headline":"\u00cdndios est\u00e3o reunidos com representantes do governo federal no Pal\u00e1cio do Planalto","datePublished":"2013-06-04T20:47:52+00:00","dateModified":"2013-06-05T14:42:13+00:00","mainEntityOfPage":{"@id":"https:\/\/www.pressenza.com\/pt-pt\/2013\/06\/indios-estao-reunidos-com-representantes-do-governo-federal-no-palacio-do-planalto\/"},"wordCount":320,"publisher":{"@id":"https:\/\/www.pressenza.com\/pt-pt\/#organization"},"image":{"@id":"https:\/\/www.pressenza.com\/pt-pt\/2013\/06\/indios-estao-reunidos-com-representantes-do-governo-federal-no-palacio-do-planalto\/#primaryimage"},"thumbnailUrl":"https:\/\/www.pressenza.com\/wp-content\/uploads\/2013\/06\/ABr040613PZB_2758.jpg","keywords":["amazonia","belo monte","hidreletricas","indios"],"articleSection":["\u00c1m\u00e9rica do Sul","Assuntos ind\u00edgenas","Diversidade"],"inLanguage":"pt-PT"},{"@type":"WebPage","@id":"https:\/\/www.pressenza.com\/pt-pt\/2013\/06\/indios-estao-reunidos-com-representantes-do-governo-federal-no-palacio-do-planalto\/","url":"https:\/\/www.pressenza.com\/pt-pt\/2013\/06\/indios-estao-reunidos-com-representantes-do-governo-federal-no-palacio-do-planalto\/","name":"\u00cdndios est\u00e3o reunidos com representantes do governo federal no Pal\u00e1cio do Planalto","isPartOf":{"@id":"https:\/\/www.pressenza.com\/pt-pt\/#website"},"primaryImageOfPage":{"@id":"https:\/\/www.pressenza.com\/pt-pt\/2013\/06\/indios-estao-reunidos-com-representantes-do-governo-federal-no-palacio-do-planalto\/#primaryimage"},"image":{"@id":"https:\/\/www.pressenza.com\/pt-pt\/2013\/06\/indios-estao-reunidos-com-representantes-do-governo-federal-no-palacio-do-planalto\/#primaryimage"},"thumbnailUrl":"https:\/\/www.pressenza.com\/wp-content\/uploads\/2013\/06\/ABr040613PZB_2758.jpg","datePublished":"2013-06-04T20:47:52+00:00","dateModified":"2013-06-05T14:42:13+00:00","description":"&nbsp; O grupo passou oito dias ocupando o principal canteiro de obras da Usina Hidrel\u00e9trica de Belo Monte, no Rio Xingu (PA), e chegou a Bras\u00edlia na","breadcrumb":{"@id":"https:\/\/www.pressenza.com\/pt-pt\/2013\/06\/indios-estao-reunidos-com-representantes-do-governo-federal-no-palacio-do-planalto\/#breadcrumb"},"inLanguage":"pt-PT","potentialAction":[{"@type":"ReadAction","target":["https:\/\/www.pressenza.com\/pt-pt\/2013\/06\/indios-estao-reunidos-com-representantes-do-governo-federal-no-palacio-do-planalto\/"]}]},{"@type":"ImageObject","inLanguage":"pt-PT","@id":"https:\/\/www.pressenza.com\/pt-pt\/2013\/06\/indios-estao-reunidos-com-representantes-do-governo-federal-no-palacio-do-planalto\/#primaryimage","url":"https:\/\/www.pressenza.com\/wp-content\/uploads\/2013\/06\/ABr040613PZB_2758.jpg","contentUrl":"https:\/\/www.pressenza.com\/wp-content\/uploads\/2013\/06\/ABr040613PZB_2758.jpg","width":300,"height":225},{"@type":"BreadcrumbList","@id":"https:\/\/www.pressenza.com\/pt-pt\/2013\/06\/indios-estao-reunidos-com-representantes-do-governo-federal-no-palacio-do-planalto\/#breadcrumb","itemListElement":[{"@type":"ListItem","position":1,"name":"Accueil","item":"https:\/\/www.pressenza.com\/pt-pt\/"},{"@type":"ListItem","position":2,"name":"\u00cdndios est\u00e3o reunidos com representantes do governo federal no Pal\u00e1cio do Planalto"}]},{"@type":"WebSite","@id":"https:\/\/www.pressenza.com\/pt-pt\/#website","url":"https:\/\/www.pressenza.com\/pt-pt\/","name":"Pressenza","description":"International Press Agency","publisher":{"@id":"https:\/\/www.pressenza.com\/pt-pt\/#organization"},"potentialAction":[{"@type":"SearchAction","target":{"@type":"EntryPoint","urlTemplate":"https:\/\/www.pressenza.com\/pt-pt\/?s={search_term_string}"},"query-input":{"@type":"PropertyValueSpecification","valueRequired":true,"valueName":"search_term_string"}}],"inLanguage":"pt-PT"},{"@type":"Organization","@id":"https:\/\/www.pressenza.com\/pt-pt\/#organization","name":"Pressenza","url":"https:\/\/www.pressenza.com\/pt-pt\/","logo":{"@type":"ImageObject","inLanguage":"pt-PT","@id":"https:\/\/www.pressenza.com\/pt-pt\/#\/schema\/logo\/image\/","url":"https:\/\/www.pressenza.com\/wp-content\/uploads\/2022\/10\/pressenza_logo_200x200.jpg","contentUrl":"https:\/\/www.pressenza.com\/wp-content\/uploads\/2022\/10\/pressenza_logo_200x200.jpg","width":200,"height":200,"caption":"Pressenza"},"image":{"@id":"https:\/\/www.pressenza.com\/pt-pt\/#\/schema\/logo\/image\/"},"sameAs":["https:\/\/www.facebook.com\/PressenzaItalia","https:\/\/x.com\/PressenzaIPA"]},{"@type":"Person","@id":"https:\/\/www.pressenza.com\/pt-pt\/#\/schema\/person\/e2e4e9b5b3a7554516d809f2394b3dd4","name":"Agencia Brasil","url":"https:\/\/www.pressenza.com\/pt-pt\/author\/agencia-brasil\/"}]}},"place":"","original_article_url":"","_links":{"self":[{"href":"https:\/\/www.pressenza.com\/pt-pt\/wp-json\/wp\/v2\/posts\/54972","targetHints":{"allow":["GET"]}}],"collection":[{"href":"https:\/\/www.pressenza.com\/pt-pt\/wp-json\/wp\/v2\/posts"}],"about":[{"href":"https:\/\/www.pressenza.com\/pt-pt\/wp-json\/wp\/v2\/types\/post"}],"author":[{"embeddable":true,"href":"https:\/\/www.pressenza.com\/pt-pt\/wp-json\/wp\/v2\/users\/860"}],"replies":[{"embeddable":true,"href":"https:\/\/www.pressenza.com\/pt-pt\/wp-json\/wp\/v2\/comments?post=54972"}],"version-history":[{"count":0,"href":"https:\/\/www.pressenza.com\/pt-pt\/wp-json\/wp\/v2\/posts\/54972\/revisions"}],"wp:featuredmedia":[{"embeddable":true,"href":"https:\/\/www.pressenza.com\/pt-pt\/wp-json\/wp\/v2\/media\/55093"}],"wp:attachment":[{"href":"https:\/\/www.pressenza.com\/pt-pt\/wp-json\/wp\/v2\/media?parent=54972"}],"wp:term":[{"taxonomy":"category","embeddable":true,"href":"https:\/\/www.pressenza.com\/pt-pt\/wp-json\/wp\/v2\/categories?post=54972"},{"taxonomy":"post_tag","embeddable":true,"href":"https:\/\/www.pressenza.com\/pt-pt\/wp-json\/wp\/v2\/tags?post=54972"}],"curies":[{"name":"wp","href":"https:\/\/api.w.org\/{rel}","templated":true}]}}