{"id":54851,"date":"2013-06-04T03:48:44","date_gmt":"2013-06-04T02:48:44","guid":{"rendered":"http:\/\/www.pressenza.com\/?p=54851"},"modified":"2013-06-04T03:48:44","modified_gmt":"2013-06-04T02:48:44","slug":"comeca-julgamento-de-bradley-manning-soldado-que-colaborou-com-wikileaks","status":"publish","type":"post","link":"https:\/\/www.pressenza.com\/pt-pt\/2013\/06\/comeca-julgamento-de-bradley-manning-soldado-que-colaborou-com-wikileaks\/","title":{"rendered":"Come\u00e7a julgamento de Bradley Manning, soldado que colaborou com Wikileaks"},"content":{"rendered":"<p>&nbsp;<\/p>\n<p>Centenas de pessoas aguardam o julgamento, desde o s\u00e1bado (01) nas proximidades do forte, em defesa do militar, considerado um her\u00f3i pelos manifestantes e defensores da liberdade de express\u00e3o. Muitos cartazes dos manifestantes pedem a premia\u00e7\u00e3o de Manning ao Pr\u00eamio Nobel da Paz \u2013 ele \u00e9 um dos 259 indicados.<\/p>\n<p>Entre o material vazado est\u00e3o v\u00eddeos de ataques a\u00e9reos com v\u00edtimas civis, mais de 250 mil correspond\u00eancias diplom\u00e1ticas de conte\u00fado sigiloso de quase todas as representa\u00e7\u00f5es diplom\u00e1ticas estadunidenses com o Departamento de Estado e relat\u00f3rios militares das guerras do Iraque e do Afeganist\u00e3o<\/p>\n<p>&nbsp;<\/p>\n<p><strong>O julgamento<\/strong><\/p>\n<p>H\u00e1 tr\u00eas anos detido, Manning, que tem apenas 25 anos, j\u00e1 se declarou culpado de dez das 22 acusa\u00e7\u00f5es contra ele, todas consideradas mais leves. A principal acusa\u00e7\u00e3o desse julgamento \u00e9 a de \u201cconluio com o inimigo\u201d, viola\u00e7\u00e3o ao artigo 104 do C\u00f3digo Unificado da Justi\u00e7a Militar (principal legisla\u00e7\u00e3o da justi\u00e7a militar dos EUA), o que lhe poder\u00e1 valer uma condena\u00e7\u00e3o de pris\u00e3o perp\u00e9tua.<\/p>\n<p>Ao longo do julgamento, dever\u00e3o ser ouvidas 150 testemunhas. Para que Manning seja condenado por conluio com o inimigo, a acusa\u00e7\u00e3o ter\u00e1 de provar que o soldado sabia que os documentos vazados seriam vistos por inimigos dos EUA. A ju\u00edza j\u00e1 anunciou que 24 pessoas testemunhar\u00e3o a portas fechadas, entre elas v\u00e1rios embaixadores, funcion\u00e1rios do Pent\u00e1gono e especialistas em intelig\u00eancia.<\/p>\n<p>&nbsp;<\/p>\n<p><strong>A acusa\u00e7\u00e3o<\/strong><\/p>\n<p>O governo afirma que o soldado colocou conscientemente os EUA em perigo ao vazar as informa\u00e7\u00f5es, \u00e0s quais ele teve acesso quando trabalhou perto de Bagd\u00e1 como analista de intelig\u00eancia militar entre novembro de 2009 e maio de 2010, quando foi preso.<\/p>\n<p>\u201cO soldado Manning foi treinado para recolher informa\u00e7\u00f5es sens\u00edveis, e usou esse treino para p\u00f4r em causa nossa confian\u00e7a, para prejudicar sistem\u00e1tica e indiscriminadamente os EUA em tempo de guerra\u201d, acusou o capit\u00e3o do Ex\u00e9rcito Ashden Fein, em uma das audi\u00eancias preliminares.<\/p>\n<p>No caso EUA vs. Bradley Manning, a acusa\u00e7\u00e3o afirmou que apresentar\u00e1 provas de que os documentos vazados foram vistos pela rede terrorista Al Qaeda.<\/p>\n<p>Uma das 24 testemunhas sigilosas ser\u00e1 um dos militares que participou da opera\u00e7\u00e3o em maio de 2011 que culminou com a morte do l\u00edder da Al Qaeda, Osama Bin Laden, no Paquist\u00e3o. Ele dever\u00e1 contar quais documentos divulgados pelo Wikileaks foram encontrados na casa de Bin Laden, mostrando que as informa\u00e7\u00f5es chegaram \u00e0s m\u00e3os inimigas.<\/p>\n<p>&nbsp;<\/p>\n<p><strong>Defesa<\/strong><\/p>\n<p>Em uma das audi\u00eancias pr\u00e9vias do julgamento, realizada em 28 de fevereiro, Manning admitiu ter tornado as informa\u00e7\u00f5es p\u00fablicas. Ele afirma que uma das raz\u00f5es que o motivaram a tomar a iniciativa foi o caso conhecido como \u201cAssassinato Colateral\u201d, durante a guerra no Iraque, que culminou na morte de um jornalista da Reuters, seu motorista e outras pessoas no bairro de Nova Bagd\u00e1 pelo ex\u00e9rcito estadunidense.<\/p>\n<p>Eles foram mortos por um helic\u00f3ptero apache que atacou indiscriminadamente civis. A Reuters tentou, sem sucesso, obter o v\u00eddeo atrav\u00e9s da Freedom Information Act, lei que determina a abertura de arquivos do governo, mas o material s\u00f3 veio a p\u00fablico atrav\u00e9s do Wikileaks.<\/p>\n<p>Ele nega ter ajudado inimigos do pa\u00eds. \u201cAcreditei que se o p\u00fablico, em particular o p\u00fablico estadunidense, tivesse acesso \u00e0 informa\u00e7\u00e3o, isso poderia dar in\u00edcio a um debate sobre o papel dos militares e da nossa pol\u00edtica externa em geral\u201d, disse, na ocasi\u00e3o.<\/p>\n<p>\u201cFiquei perturbado com o tratamento que deram \u00e0s crian\u00e7as feridas\u201d, referindo-se a duas crian\u00e7as que ficaram gravemente feridas no epis\u00f3dio. \u201cOs que estavam no v\u00eddeo n\u00e3o pareciam se preocupar com o valor da vida humana, ao se referirem a elas (\u00e0s v\u00edtimas) como bastardos\u201d.<\/p>\n<p>Outra revela\u00e7\u00e3o importante feita por Manning \u00e9 que, antes de procurar o Wikileaks, ele chegou a ligar para o mais tradicional jornal estadunidense, o The New York Times, gravando mensagens e deixando contatos, al\u00e9m de explicar o que tinha em m\u00e3os. E tamb\u00e9m contatou seu principal concorrente, o The Washington Post. Simplesmente n\u00e3o obteve respostas.<\/p>\n<p>Foi quando procurou o Wikileaks e manteve uma conversa com um internauta identificado como \u201cOX\u201d, provavelmente o jornalista australiano Julian Assange, fundador do site. Ele tamb\u00e9m tentou contatar o site progressista estadunidense Politico.com. Por\u00e9m, o mau tempo teria impedido o contato. David Combs, advogado de Manning, denunciou a lentid\u00e3o com a qual o soldado est\u00e1 sendo julgado, assim como o sigilo que envolveu as audi\u00eancias preliminares e a cobertura discreta dos meios de comunica\u00e7\u00e3o.<\/p>\n<p>&nbsp;<\/p>\n<p><strong>Maus tratos<\/strong><\/p>\n<p>Logo ap\u00f3s sua deten\u00e7\u00e3o, no Iraque, Manning foi levado para a pris\u00e3o militar de Quantico, Virginia, onde permaneceu na maior parte do tempo sendo monitorado pelos guardas a cada cinco minutos. Segundo sua defesa, os militares estadunidenses, por temor de que Manning se matasse, o for\u00e7aram a dormir com o rosto voltado para uma l\u00e2mpada de forte luminosidade e o impediram de se apoiar na parede durante o dia. Teve ainda suas roupas e \u00f3culos confiscados, ap\u00f3s se irritar com os carcereiros.<\/p>\n<p>Ap\u00f3s cr\u00edticas internacionais \u00e0s condi\u00e7\u00f5es da deten\u00e7\u00e3o, Manning foi transferido em 2011 para a pris\u00e3o militar de Fort Leavenworth, no Texas. Em mar\u00e7o de 2012, ap\u00f3s uma investiga\u00e7\u00e3o de 14 meses, o relator especial da ONU sobre tortura, Juan Mendez, acusou formalmente o governo dos EUA pelo tratamento &#8220;cruel, desumano e degradante&#8221; dado a Manning. Quase um milh\u00e3o de pessoas assinaram uma peti\u00e7\u00e3o para acabar com o isolamento do soldado.<\/p>\n<p>Se for condenado, Manning ter\u00e1 descontados 112 dias de sua pena em raz\u00e3o dos maus tratos.<\/p>\n<p>&nbsp;<\/p>\n<p><strong>Protestos<\/strong><\/p>\n<p>Nathan Fuller, de 24 anos, porta-voz da rede de apoio a Bradley Manning, que organizou a manifesta\u00e7\u00e3o em Fort Meade , compareceu uma vez por m\u00eas ao local no \u00faltimo ano para participar das audi\u00eancias, tomar notas e public\u00e1-las.<\/p>\n<p>&#8220;Ele arriscou muito por n\u00f3s&#8221;, disse Fuller. &#8220;Ele arriscou sua vida e sua liberdade para nos informar sobre o que o governo est\u00e1 fazendo em segredo. Por isso, merece nosso apoio e precisamos defend\u00ea-lo&#8221;, argumentou. &#8220;Os militares n\u00e3o fornecem anota\u00e7\u00f5es, decis\u00f5es ou propostas ao p\u00fablico e \u00e0 imprensa. Por isso, temos de fazer nossas pr\u00f3prias anota\u00e7\u00f5es&#8221;, disse.<\/p>\n<p>\u201cEsperamos que o interesse continue por todo o ver\u00e3o [Hemisf\u00e9rio Norte], a vig\u00edlia e o apoio, j\u00e1 que o processo est\u00e1 previsto para durar at\u00e9 meados de agosto\u201d. Mais manifesta\u00e7\u00f5es est\u00e3o previstas para junho e julho.<\/p>\n<p>O assistente social Peter Swords, integrante do Syracuse Peace Council, que veio de \u00f4nibus ao Fort Meade, protestou contra as guerras no Iraque e no Afeganist\u00e3o. \u201cComparado com os crimes de guerra e o desrespeito \u00e0s leis internacionais por parte do governo Bush, os quais continuam at\u00e9 agora impunes, Bradley nos fez um grande favor\u201d, afirma.<\/p>\n<p>Os manifestantes se perguntam o quanto conseguir\u00e3o saber a respeito do processo, j\u00e1 que a cobertura \u00e9 dif\u00edcil. O tribunal n\u00e3o permite grava\u00e7\u00f5es de \u00e1udio ou v\u00eddeo, telefones celulares s\u00e3o proibidos.<\/p>\n<p><em>\u00a0<\/em><\/p>\n<p>Do <em>Opera Mundi publicado pelo Brasil de Fato<\/em><\/p>\n<p>&nbsp;<\/p>\n","protected":false},"excerpt":{"rendered":"<p>&nbsp; Centenas de pessoas aguardam o julgamento, desde o s\u00e1bado (01) nas proximidades do forte, em defesa do militar, considerado um her\u00f3i pelos manifestantes e defensores da liberdade de express\u00e3o. Muitos cartazes dos manifestantes pedem a premia\u00e7\u00e3o de Manning ao&hellip;<\/p>\n","protected":false},"author":19,"featured_media":54852,"comment_status":"closed","ping_status":"open","sticky":false,"template":"","format":"standard","meta":{"footnotes":""},"categories":[105,116,42,1256],"tags":[5228,5229,4461],"class_list":["post-54851","post","type-post","status-publish","format-standard","has-post-thumbnail","hentry","category-america-do-norte","category-direitos-humanos","category-internacional-2","category-nao-violencia","tag-bradley-manning-pt-pt","tag-julgamento","tag-wikileaks-pt-pt"],"yoast_head":"<!-- This site is optimized with the Yoast SEO plugin v27.1.1 - https:\/\/yoast.com\/product\/yoast-seo-wordpress\/ -->\n<title>Come\u00e7a julgamento de Bradley Manning, soldado que colaborou com Wikileaks<\/title>\n<meta name=\"description\" content=\"&nbsp; Centenas de pessoas aguardam o julgamento, desde o s\u00e1bado (01) nas proximidades do forte, em defesa do militar, considerado um her\u00f3i pelos\" \/>\n<meta name=\"robots\" content=\"index, follow, max-snippet:-1, max-image-preview:large, max-video-preview:-1\" \/>\n<link rel=\"canonical\" href=\"https:\/\/www.pressenza.com\/pt-pt\/2013\/06\/comeca-julgamento-de-bradley-manning-soldado-que-colaborou-com-wikileaks\/\" \/>\n<meta property=\"og:locale\" content=\"pt_PT\" \/>\n<meta property=\"og:type\" content=\"article\" \/>\n<meta property=\"og:title\" content=\"Come\u00e7a julgamento de Bradley Manning, soldado que colaborou com Wikileaks\" \/>\n<meta property=\"og:description\" content=\"&nbsp; Centenas de pessoas aguardam o julgamento, desde o s\u00e1bado (01) nas proximidades do forte, em defesa do militar, considerado um her\u00f3i pelos\" \/>\n<meta property=\"og:url\" content=\"https:\/\/www.pressenza.com\/pt-pt\/2013\/06\/comeca-julgamento-de-bradley-manning-soldado-que-colaborou-com-wikileaks\/\" \/>\n<meta property=\"og:site_name\" content=\"Pressenza\" \/>\n<meta property=\"article:publisher\" content=\"https:\/\/www.facebook.com\/PressenzaItalia\" \/>\n<meta property=\"article:author\" content=\"https:\/\/www.facebook.com\/pressenza\" \/>\n<meta property=\"article:published_time\" content=\"2013-06-04T02:48:44+00:00\" \/>\n<meta property=\"og:image\" content=\"https:\/\/www.pressenza.com\/wp-content\/uploads\/2013\/06\/bradley_savebradley.gif\" \/>\n\t<meta property=\"og:image:width\" content=\"660\" \/>\n\t<meta property=\"og:image:height\" content=\"390\" \/>\n\t<meta property=\"og:image:type\" content=\"image\/gif\" \/>\n<meta name=\"author\" content=\"Pressenza IPA\" \/>\n<meta name=\"twitter:card\" content=\"summary_large_image\" \/>\n<meta name=\"twitter:creator\" content=\"@PressenzaIPA\" \/>\n<meta name=\"twitter:site\" content=\"@PressenzaIPA\" \/>\n<meta name=\"twitter:label1\" content=\"Escrito por\" \/>\n\t<meta name=\"twitter:data1\" content=\"Pressenza IPA\" \/>\n\t<meta name=\"twitter:label2\" content=\"Tempo estimado de leitura\" \/>\n\t<meta name=\"twitter:data2\" content=\"6 minutos\" \/>\n<script type=\"application\/ld+json\" class=\"yoast-schema-graph\">{\"@context\":\"https:\/\/schema.org\",\"@graph\":[{\"@type\":\"Article\",\"@id\":\"https:\/\/www.pressenza.com\/pt-pt\/2013\/06\/comeca-julgamento-de-bradley-manning-soldado-que-colaborou-com-wikileaks\/#article\",\"isPartOf\":{\"@id\":\"https:\/\/www.pressenza.com\/pt-pt\/2013\/06\/comeca-julgamento-de-bradley-manning-soldado-que-colaborou-com-wikileaks\/\"},\"author\":{\"name\":\"Pressenza IPA\",\"@id\":\"https:\/\/www.pressenza.com\/pt-pt\/#\/schema\/person\/010e5d02bcf40965427a1289a4cc8d75\"},\"headline\":\"Come\u00e7a julgamento de Bradley Manning, soldado que colaborou com Wikileaks\",\"datePublished\":\"2013-06-04T02:48:44+00:00\",\"mainEntityOfPage\":{\"@id\":\"https:\/\/www.pressenza.com\/pt-pt\/2013\/06\/comeca-julgamento-de-bradley-manning-soldado-que-colaborou-com-wikileaks\/\"},\"wordCount\":1228,\"publisher\":{\"@id\":\"https:\/\/www.pressenza.com\/pt-pt\/#organization\"},\"image\":{\"@id\":\"https:\/\/www.pressenza.com\/pt-pt\/2013\/06\/comeca-julgamento-de-bradley-manning-soldado-que-colaborou-com-wikileaks\/#primaryimage\"},\"thumbnailUrl\":\"https:\/\/www.pressenza.com\/wp-content\/uploads\/2013\/06\/bradley_savebradley.gif\",\"keywords\":[\"bradley manning\",\"julgamento\",\"Wikileaks\"],\"articleSection\":[\"Am\u00e9rica do Norte\",\"Direitos Humanos\",\"Internacional\",\"N\u00e3o viol\u00eancia\"],\"inLanguage\":\"pt-PT\"},{\"@type\":\"WebPage\",\"@id\":\"https:\/\/www.pressenza.com\/pt-pt\/2013\/06\/comeca-julgamento-de-bradley-manning-soldado-que-colaborou-com-wikileaks\/\",\"url\":\"https:\/\/www.pressenza.com\/pt-pt\/2013\/06\/comeca-julgamento-de-bradley-manning-soldado-que-colaborou-com-wikileaks\/\",\"name\":\"Come\u00e7a julgamento de Bradley Manning, soldado que colaborou com Wikileaks\",\"isPartOf\":{\"@id\":\"https:\/\/www.pressenza.com\/pt-pt\/#website\"},\"primaryImageOfPage\":{\"@id\":\"https:\/\/www.pressenza.com\/pt-pt\/2013\/06\/comeca-julgamento-de-bradley-manning-soldado-que-colaborou-com-wikileaks\/#primaryimage\"},\"image\":{\"@id\":\"https:\/\/www.pressenza.com\/pt-pt\/2013\/06\/comeca-julgamento-de-bradley-manning-soldado-que-colaborou-com-wikileaks\/#primaryimage\"},\"thumbnailUrl\":\"https:\/\/www.pressenza.com\/wp-content\/uploads\/2013\/06\/bradley_savebradley.gif\",\"datePublished\":\"2013-06-04T02:48:44+00:00\",\"description\":\"&nbsp; Centenas de pessoas aguardam o julgamento, desde o s\u00e1bado (01) nas proximidades do forte, em defesa do militar, considerado um her\u00f3i pelos\",\"breadcrumb\":{\"@id\":\"https:\/\/www.pressenza.com\/pt-pt\/2013\/06\/comeca-julgamento-de-bradley-manning-soldado-que-colaborou-com-wikileaks\/#breadcrumb\"},\"inLanguage\":\"pt-PT\",\"potentialAction\":[{\"@type\":\"ReadAction\",\"target\":[\"https:\/\/www.pressenza.com\/pt-pt\/2013\/06\/comeca-julgamento-de-bradley-manning-soldado-que-colaborou-com-wikileaks\/\"]}]},{\"@type\":\"ImageObject\",\"inLanguage\":\"pt-PT\",\"@id\":\"https:\/\/www.pressenza.com\/pt-pt\/2013\/06\/comeca-julgamento-de-bradley-manning-soldado-que-colaborou-com-wikileaks\/#primaryimage\",\"url\":\"https:\/\/www.pressenza.com\/wp-content\/uploads\/2013\/06\/bradley_savebradley.gif\",\"contentUrl\":\"https:\/\/www.pressenza.com\/wp-content\/uploads\/2013\/06\/bradley_savebradley.gif\",\"width\":660,\"height\":390},{\"@type\":\"BreadcrumbList\",\"@id\":\"https:\/\/www.pressenza.com\/pt-pt\/2013\/06\/comeca-julgamento-de-bradley-manning-soldado-que-colaborou-com-wikileaks\/#breadcrumb\",\"itemListElement\":[{\"@type\":\"ListItem\",\"position\":1,\"name\":\"Accueil\",\"item\":\"https:\/\/www.pressenza.com\/pt-pt\/\"},{\"@type\":\"ListItem\",\"position\":2,\"name\":\"Come\u00e7a julgamento de Bradley Manning, soldado que colaborou com Wikileaks\"}]},{\"@type\":\"WebSite\",\"@id\":\"https:\/\/www.pressenza.com\/pt-pt\/#website\",\"url\":\"https:\/\/www.pressenza.com\/pt-pt\/\",\"name\":\"Pressenza\",\"description\":\"International Press Agency\",\"publisher\":{\"@id\":\"https:\/\/www.pressenza.com\/pt-pt\/#organization\"},\"potentialAction\":[{\"@type\":\"SearchAction\",\"target\":{\"@type\":\"EntryPoint\",\"urlTemplate\":\"https:\/\/www.pressenza.com\/pt-pt\/?s={search_term_string}\"},\"query-input\":{\"@type\":\"PropertyValueSpecification\",\"valueRequired\":true,\"valueName\":\"search_term_string\"}}],\"inLanguage\":\"pt-PT\"},{\"@type\":\"Organization\",\"@id\":\"https:\/\/www.pressenza.com\/pt-pt\/#organization\",\"name\":\"Pressenza\",\"url\":\"https:\/\/www.pressenza.com\/pt-pt\/\",\"logo\":{\"@type\":\"ImageObject\",\"inLanguage\":\"pt-PT\",\"@id\":\"https:\/\/www.pressenza.com\/pt-pt\/#\/schema\/logo\/image\/\",\"url\":\"https:\/\/www.pressenza.com\/wp-content\/uploads\/2022\/10\/pressenza_logo_200x200.jpg\",\"contentUrl\":\"https:\/\/www.pressenza.com\/wp-content\/uploads\/2022\/10\/pressenza_logo_200x200.jpg\",\"width\":200,\"height\":200,\"caption\":\"Pressenza\"},\"image\":{\"@id\":\"https:\/\/www.pressenza.com\/pt-pt\/#\/schema\/logo\/image\/\"},\"sameAs\":[\"https:\/\/www.facebook.com\/PressenzaItalia\",\"https:\/\/x.com\/PressenzaIPA\"]},{\"@type\":\"Person\",\"@id\":\"https:\/\/www.pressenza.com\/pt-pt\/#\/schema\/person\/010e5d02bcf40965427a1289a4cc8d75\",\"name\":\"Pressenza IPA\",\"description\":\"News from Pressenza IPA correspondents\",\"sameAs\":[\"https:\/\/www.facebook.com\/pressenza\",\"https:\/\/x.com\/PressenzaIPA\"],\"url\":\"https:\/\/www.pressenza.com\/pt-pt\/author\/pressenza-ipa\/\"}]}<\/script>\n<!-- \/ Yoast SEO plugin. -->","yoast_head_json":{"title":"Come\u00e7a julgamento de Bradley Manning, soldado que colaborou com Wikileaks","description":"&nbsp; Centenas de pessoas aguardam o julgamento, desde o s\u00e1bado (01) nas proximidades do forte, em defesa do militar, considerado um her\u00f3i pelos","robots":{"index":"index","follow":"follow","max-snippet":"max-snippet:-1","max-image-preview":"max-image-preview:large","max-video-preview":"max-video-preview:-1"},"canonical":"https:\/\/www.pressenza.com\/pt-pt\/2013\/06\/comeca-julgamento-de-bradley-manning-soldado-que-colaborou-com-wikileaks\/","og_locale":"pt_PT","og_type":"article","og_title":"Come\u00e7a julgamento de Bradley Manning, soldado que colaborou com Wikileaks","og_description":"&nbsp; Centenas de pessoas aguardam o julgamento, desde o s\u00e1bado (01) nas proximidades do forte, em defesa do militar, considerado um her\u00f3i pelos","og_url":"https:\/\/www.pressenza.com\/pt-pt\/2013\/06\/comeca-julgamento-de-bradley-manning-soldado-que-colaborou-com-wikileaks\/","og_site_name":"Pressenza","article_publisher":"https:\/\/www.facebook.com\/PressenzaItalia","article_author":"https:\/\/www.facebook.com\/pressenza","article_published_time":"2013-06-04T02:48:44+00:00","og_image":[{"width":660,"height":390,"url":"https:\/\/www.pressenza.com\/wp-content\/uploads\/2013\/06\/bradley_savebradley.gif","type":"image\/gif"}],"author":"Pressenza IPA","twitter_card":"summary_large_image","twitter_creator":"@PressenzaIPA","twitter_site":"@PressenzaIPA","twitter_misc":{"Escrito por":"Pressenza IPA","Tempo estimado de leitura":"6 minutos"},"schema":{"@context":"https:\/\/schema.org","@graph":[{"@type":"Article","@id":"https:\/\/www.pressenza.com\/pt-pt\/2013\/06\/comeca-julgamento-de-bradley-manning-soldado-que-colaborou-com-wikileaks\/#article","isPartOf":{"@id":"https:\/\/www.pressenza.com\/pt-pt\/2013\/06\/comeca-julgamento-de-bradley-manning-soldado-que-colaborou-com-wikileaks\/"},"author":{"name":"Pressenza IPA","@id":"https:\/\/www.pressenza.com\/pt-pt\/#\/schema\/person\/010e5d02bcf40965427a1289a4cc8d75"},"headline":"Come\u00e7a julgamento de Bradley Manning, soldado que colaborou com Wikileaks","datePublished":"2013-06-04T02:48:44+00:00","mainEntityOfPage":{"@id":"https:\/\/www.pressenza.com\/pt-pt\/2013\/06\/comeca-julgamento-de-bradley-manning-soldado-que-colaborou-com-wikileaks\/"},"wordCount":1228,"publisher":{"@id":"https:\/\/www.pressenza.com\/pt-pt\/#organization"},"image":{"@id":"https:\/\/www.pressenza.com\/pt-pt\/2013\/06\/comeca-julgamento-de-bradley-manning-soldado-que-colaborou-com-wikileaks\/#primaryimage"},"thumbnailUrl":"https:\/\/www.pressenza.com\/wp-content\/uploads\/2013\/06\/bradley_savebradley.gif","keywords":["bradley manning","julgamento","Wikileaks"],"articleSection":["Am\u00e9rica do Norte","Direitos Humanos","Internacional","N\u00e3o viol\u00eancia"],"inLanguage":"pt-PT"},{"@type":"WebPage","@id":"https:\/\/www.pressenza.com\/pt-pt\/2013\/06\/comeca-julgamento-de-bradley-manning-soldado-que-colaborou-com-wikileaks\/","url":"https:\/\/www.pressenza.com\/pt-pt\/2013\/06\/comeca-julgamento-de-bradley-manning-soldado-que-colaborou-com-wikileaks\/","name":"Come\u00e7a julgamento de Bradley Manning, soldado que colaborou com Wikileaks","isPartOf":{"@id":"https:\/\/www.pressenza.com\/pt-pt\/#website"},"primaryImageOfPage":{"@id":"https:\/\/www.pressenza.com\/pt-pt\/2013\/06\/comeca-julgamento-de-bradley-manning-soldado-que-colaborou-com-wikileaks\/#primaryimage"},"image":{"@id":"https:\/\/www.pressenza.com\/pt-pt\/2013\/06\/comeca-julgamento-de-bradley-manning-soldado-que-colaborou-com-wikileaks\/#primaryimage"},"thumbnailUrl":"https:\/\/www.pressenza.com\/wp-content\/uploads\/2013\/06\/bradley_savebradley.gif","datePublished":"2013-06-04T02:48:44+00:00","description":"&nbsp; Centenas de pessoas aguardam o julgamento, desde o s\u00e1bado (01) nas proximidades do forte, em defesa do militar, considerado um her\u00f3i pelos","breadcrumb":{"@id":"https:\/\/www.pressenza.com\/pt-pt\/2013\/06\/comeca-julgamento-de-bradley-manning-soldado-que-colaborou-com-wikileaks\/#breadcrumb"},"inLanguage":"pt-PT","potentialAction":[{"@type":"ReadAction","target":["https:\/\/www.pressenza.com\/pt-pt\/2013\/06\/comeca-julgamento-de-bradley-manning-soldado-que-colaborou-com-wikileaks\/"]}]},{"@type":"ImageObject","inLanguage":"pt-PT","@id":"https:\/\/www.pressenza.com\/pt-pt\/2013\/06\/comeca-julgamento-de-bradley-manning-soldado-que-colaborou-com-wikileaks\/#primaryimage","url":"https:\/\/www.pressenza.com\/wp-content\/uploads\/2013\/06\/bradley_savebradley.gif","contentUrl":"https:\/\/www.pressenza.com\/wp-content\/uploads\/2013\/06\/bradley_savebradley.gif","width":660,"height":390},{"@type":"BreadcrumbList","@id":"https:\/\/www.pressenza.com\/pt-pt\/2013\/06\/comeca-julgamento-de-bradley-manning-soldado-que-colaborou-com-wikileaks\/#breadcrumb","itemListElement":[{"@type":"ListItem","position":1,"name":"Accueil","item":"https:\/\/www.pressenza.com\/pt-pt\/"},{"@type":"ListItem","position":2,"name":"Come\u00e7a julgamento de Bradley Manning, soldado que colaborou com Wikileaks"}]},{"@type":"WebSite","@id":"https:\/\/www.pressenza.com\/pt-pt\/#website","url":"https:\/\/www.pressenza.com\/pt-pt\/","name":"Pressenza","description":"International Press Agency","publisher":{"@id":"https:\/\/www.pressenza.com\/pt-pt\/#organization"},"potentialAction":[{"@type":"SearchAction","target":{"@type":"EntryPoint","urlTemplate":"https:\/\/www.pressenza.com\/pt-pt\/?s={search_term_string}"},"query-input":{"@type":"PropertyValueSpecification","valueRequired":true,"valueName":"search_term_string"}}],"inLanguage":"pt-PT"},{"@type":"Organization","@id":"https:\/\/www.pressenza.com\/pt-pt\/#organization","name":"Pressenza","url":"https:\/\/www.pressenza.com\/pt-pt\/","logo":{"@type":"ImageObject","inLanguage":"pt-PT","@id":"https:\/\/www.pressenza.com\/pt-pt\/#\/schema\/logo\/image\/","url":"https:\/\/www.pressenza.com\/wp-content\/uploads\/2022\/10\/pressenza_logo_200x200.jpg","contentUrl":"https:\/\/www.pressenza.com\/wp-content\/uploads\/2022\/10\/pressenza_logo_200x200.jpg","width":200,"height":200,"caption":"Pressenza"},"image":{"@id":"https:\/\/www.pressenza.com\/pt-pt\/#\/schema\/logo\/image\/"},"sameAs":["https:\/\/www.facebook.com\/PressenzaItalia","https:\/\/x.com\/PressenzaIPA"]},{"@type":"Person","@id":"https:\/\/www.pressenza.com\/pt-pt\/#\/schema\/person\/010e5d02bcf40965427a1289a4cc8d75","name":"Pressenza IPA","description":"News from Pressenza IPA correspondents","sameAs":["https:\/\/www.facebook.com\/pressenza","https:\/\/x.com\/PressenzaIPA"],"url":"https:\/\/www.pressenza.com\/pt-pt\/author\/pressenza-ipa\/"}]}},"place":"","original_article_url":"","_links":{"self":[{"href":"https:\/\/www.pressenza.com\/pt-pt\/wp-json\/wp\/v2\/posts\/54851","targetHints":{"allow":["GET"]}}],"collection":[{"href":"https:\/\/www.pressenza.com\/pt-pt\/wp-json\/wp\/v2\/posts"}],"about":[{"href":"https:\/\/www.pressenza.com\/pt-pt\/wp-json\/wp\/v2\/types\/post"}],"author":[{"embeddable":true,"href":"https:\/\/www.pressenza.com\/pt-pt\/wp-json\/wp\/v2\/users\/19"}],"replies":[{"embeddable":true,"href":"https:\/\/www.pressenza.com\/pt-pt\/wp-json\/wp\/v2\/comments?post=54851"}],"version-history":[{"count":0,"href":"https:\/\/www.pressenza.com\/pt-pt\/wp-json\/wp\/v2\/posts\/54851\/revisions"}],"wp:featuredmedia":[{"embeddable":true,"href":"https:\/\/www.pressenza.com\/pt-pt\/wp-json\/wp\/v2\/media\/54852"}],"wp:attachment":[{"href":"https:\/\/www.pressenza.com\/pt-pt\/wp-json\/wp\/v2\/media?parent=54851"}],"wp:term":[{"taxonomy":"category","embeddable":true,"href":"https:\/\/www.pressenza.com\/pt-pt\/wp-json\/wp\/v2\/categories?post=54851"},{"taxonomy":"post_tag","embeddable":true,"href":"https:\/\/www.pressenza.com\/pt-pt\/wp-json\/wp\/v2\/tags?post=54851"}],"curies":[{"name":"wp","href":"https:\/\/api.w.org\/{rel}","templated":true}]}}