{"id":54461,"date":"2013-05-31T23:22:24","date_gmt":"2013-05-31T22:22:24","guid":{"rendered":"http:\/\/www.pressenza.com\/?p=54461"},"modified":"2013-05-31T23:26:55","modified_gmt":"2013-05-31T22:26:55","slug":"belo-monte-indios-aceitam-encontro-com-governo-mas-ocupacao-continua","status":"publish","type":"post","link":"https:\/\/www.pressenza.com\/pt-pt\/2013\/05\/belo-monte-indios-aceitam-encontro-com-governo-mas-ocupacao-continua\/","title":{"rendered":"Belo Monte: \u00edndios aceitam encontro com governo, mas ocupa\u00e7\u00e3o continua"},"content":{"rendered":"<p>Bras\u00edlia &#8211; Ap\u00f3s quatro dias de ocupa\u00e7\u00e3o do principal canteiro de obras da Usina Hidrel\u00e9trica de Belo Monte, no Rio Xingu, no Par\u00e1, as lideran\u00e7as do protesto ind\u00edgena aceitaram a proposta feita pelo governo federal. Um grupo de \u00edndios viajar\u00e1 a Bras\u00edlia na pr\u00f3xima quarta-feira (5) para se reunir com representantes da Secretaria-Geral da Presid\u00eancia da Rep\u00fablica e dos minist\u00e9rios da Justi\u00e7a e de Minas e Energia. Os ind\u00edgenas, no entanto, permanecer\u00e3o no interior do canteiro at\u00e9, pelo menos, o dia do encontro.<\/p>\n<p>A decis\u00e3o de deixar ou n\u00e3o o local vai depender do resultado da conversa com os representantes do governo. O acordo foi fechado ontem (30) \u00e0 noite, ao fim de uma reuni\u00e3o de mais de cinco horas. A proposta, que j\u00e1 havia sido apresentada \u00e0s lideran\u00e7as em carta, pelo ministro da Secretaria-Geral da Presid\u00eancia, Gilberto Carvalho, voltou a ser submetida nesta quinta-feira pelo coordenador-geral de Movimentos do Campo e Territ\u00f3rios da secretaria, Nilton Tubino.<\/p>\n<p>O transporte dos \u00edndios entre Jacareacanga e Bras\u00edlia vai ser custeado pelo governo federal. Desde o in\u00edcio da ocupa\u00e7\u00e3o, os \u00edndios exigiam que um representante do Executivo fosse ao canteiro negociar as reivindica\u00e7\u00f5es. Entre outras medidas, eles querem a suspens\u00e3o de todos os empreendimentos hidrel\u00e9tricos na Amaz\u00f4nia at\u00e9 que o processo de consulta pr\u00e9via aos povos tradicionais, previsto na Conven\u00e7\u00e3o 169 da Organiza\u00e7\u00e3o Internacional do Trabalho (OIT), seja regulamentado. O governo, contudo, argumenta que ser\u00e1 mais f\u00e1cil negociar em Bras\u00edlia, ap\u00f3s o canteiro ser desocupado, pois na capital federal h\u00e1 como consultar outros ministros e membros da equipe.<\/p>\n<p>Ao contr\u00e1rio da vez anterior, os \u00edndios ontem aceitaram a proposta com a condi\u00e7\u00e3o de poderem permanecer no escrit\u00f3rio central do canteiro S\u00edtio Belo Monte at\u00e9 o fim da reuni\u00e3o com o governo federal. Com isso, a ordem de reintegra\u00e7\u00e3o de posse concedida pela subse\u00e7\u00e3o da Justi\u00e7a Federal em Altamira na ter\u00e7a-feira (28) n\u00e3o ser\u00e1 cumprida at\u00e9 segunda ordem.<\/p>\n<p>O acordo permite ao Cons\u00f3rcio Construtor Belo Monte retomar as atividades paralisadas por motivo de seguran\u00e7a, o que j\u00e1 est\u00e1 sendo providenciado. A previs\u00e3o do cons\u00f3rcio \u00e9 que, at\u00e9 o turno da noite, os trabalhos j\u00e1 tenham sido normalizados. Segundo a assessoria do cons\u00f3rcio, com o acordo, os \u00edndios devolveram todos os ve\u00edculos e radiocomunicadores da empresa. Al\u00e9m disso, os manifestantes liberaram as portarias e desobstru\u00edram todas as rotas de fuga, usadas em caso de emerg\u00eancia.<\/p>\n<p>O acordo entre \u00edndios e governo federal foi fechado horas depois de um \u00edndio terena ter sido morto a tiros durante a desocupa\u00e7\u00e3o de uma fazenda localizada na cidade de Sidrol\u00e2ndia, em Mato Grosso do Sul. A opera\u00e7\u00e3o foi coordenada pela Pol\u00edcia Federal e contou com o apoio de policiais militares sul-mato-grossenses. Um inqu\u00e9rito foi instaurado para apurar se houve abuso dos policiais. O ministro da Justi\u00e7a, Jos\u00e9 Eduardo Cardozo, prometeu rigor na apura\u00e7\u00e3o.<\/p>\n<p>Por Alex Rodrigues, Rep\u00f3rter Ag\u00eancia Brasil<\/p>\n","protected":false},"excerpt":{"rendered":"<p>Bras\u00edlia &#8211; Ap\u00f3s quatro dias de ocupa\u00e7\u00e3o do principal canteiro de obras da Usina Hidrel\u00e9trica de Belo Monte, no Rio Xingu, no Par\u00e1, as lideran\u00e7as do protesto ind\u00edgena aceitaram a proposta feita pelo governo federal. Um grupo de \u00edndios viajar\u00e1&hellip;<\/p>\n","protected":false},"author":823,"featured_media":54462,"comment_status":"closed","ping_status":"open","sticky":false,"template":"","format":"standard","meta":{"footnotes":""},"categories":[42],"tags":[5068,5190],"class_list":["post-54461","post","type-post","status-publish","format-standard","has-post-thumbnail","hentry","category-internacional-2","tag-belo-monte","tag-cacique-raoni"],"yoast_head":"<!-- This site is optimized with the Yoast SEO plugin v27.1.1 - https:\/\/yoast.com\/product\/yoast-seo-wordpress\/ -->\n<title>Belo Monte: \u00edndios aceitam encontro com governo, mas ocupa\u00e7\u00e3o continua<\/title>\n<meta name=\"description\" content=\"Bras\u00edlia - Ap\u00f3s quatro dias de ocupa\u00e7\u00e3o do principal canteiro de obras da Usina Hidrel\u00e9trica de Belo Monte, no Rio Xingu, no Par\u00e1, as lideran\u00e7as do\" \/>\n<meta name=\"robots\" content=\"index, follow, max-snippet:-1, max-image-preview:large, max-video-preview:-1\" \/>\n<link rel=\"canonical\" href=\"https:\/\/www.pressenza.com\/pt-pt\/2013\/05\/belo-monte-indios-aceitam-encontro-com-governo-mas-ocupacao-continua\/\" \/>\n<meta property=\"og:locale\" content=\"pt_PT\" \/>\n<meta property=\"og:type\" content=\"article\" \/>\n<meta property=\"og:title\" content=\"Belo Monte: \u00edndios aceitam encontro com governo, mas ocupa\u00e7\u00e3o continua\" \/>\n<meta property=\"og:description\" content=\"Bras\u00edlia - Ap\u00f3s quatro dias de ocupa\u00e7\u00e3o do principal canteiro de obras da Usina Hidrel\u00e9trica de Belo Monte, no Rio Xingu, no Par\u00e1, as lideran\u00e7as do\" \/>\n<meta property=\"og:url\" content=\"https:\/\/www.pressenza.com\/pt-pt\/2013\/05\/belo-monte-indios-aceitam-encontro-com-governo-mas-ocupacao-continua\/\" \/>\n<meta property=\"og:site_name\" content=\"Pressenza\" \/>\n<meta property=\"article:publisher\" content=\"https:\/\/www.facebook.com\/PressenzaItalia\" \/>\n<meta property=\"article:author\" content=\"http:\/\/facebook.com\/paulogenovese\" \/>\n<meta property=\"article:published_time\" content=\"2013-05-31T22:22:24+00:00\" \/>\n<meta property=\"article:modified_time\" content=\"2013-05-31T22:26:55+00:00\" \/>\n<meta property=\"og:image\" content=\"https:\/\/www.pressenza.com\/wp-content\/uploads\/2013\/05\/RAONI_et_sa_p\u00e9tition_internationale_contre_le_barrage_de_Belo_Monte.jpeg\" \/>\n\t<meta property=\"og:image:width\" content=\"400\" \/>\n\t<meta property=\"og:image:height\" content=\"264\" \/>\n\t<meta property=\"og:image:type\" content=\"image\/jpeg\" \/>\n<meta name=\"author\" content=\"Paulo Genovese\" \/>\n<meta name=\"twitter:card\" content=\"summary_large_image\" \/>\n<meta name=\"twitter:creator\" content=\"@PauloGenovese\" \/>\n<meta name=\"twitter:site\" content=\"@PressenzaIPA\" \/>\n<meta name=\"twitter:label1\" content=\"Escrito por\" \/>\n\t<meta name=\"twitter:data1\" content=\"Paulo Genovese\" \/>\n\t<meta name=\"twitter:label2\" content=\"Tempo estimado de leitura\" \/>\n\t<meta name=\"twitter:data2\" content=\"3 minutos\" \/>\n<script type=\"application\/ld+json\" class=\"yoast-schema-graph\">{\"@context\":\"https:\/\/schema.org\",\"@graph\":[{\"@type\":\"Article\",\"@id\":\"https:\/\/www.pressenza.com\/pt-pt\/2013\/05\/belo-monte-indios-aceitam-encontro-com-governo-mas-ocupacao-continua\/#article\",\"isPartOf\":{\"@id\":\"https:\/\/www.pressenza.com\/pt-pt\/2013\/05\/belo-monte-indios-aceitam-encontro-com-governo-mas-ocupacao-continua\/\"},\"author\":{\"name\":\"Paulo Genovese\",\"@id\":\"https:\/\/www.pressenza.com\/pt-pt\/#\/schema\/person\/9b1b30d75e1ac5659f00987d946356b3\"},\"headline\":\"Belo Monte: \u00edndios aceitam encontro com governo, mas ocupa\u00e7\u00e3o continua\",\"datePublished\":\"2013-05-31T22:22:24+00:00\",\"dateModified\":\"2013-05-31T22:26:55+00:00\",\"mainEntityOfPage\":{\"@id\":\"https:\/\/www.pressenza.com\/pt-pt\/2013\/05\/belo-monte-indios-aceitam-encontro-com-governo-mas-ocupacao-continua\/\"},\"wordCount\":536,\"publisher\":{\"@id\":\"https:\/\/www.pressenza.com\/pt-pt\/#organization\"},\"image\":{\"@id\":\"https:\/\/www.pressenza.com\/pt-pt\/2013\/05\/belo-monte-indios-aceitam-encontro-com-governo-mas-ocupacao-continua\/#primaryimage\"},\"thumbnailUrl\":\"https:\/\/www.pressenza.com\/wp-content\/uploads\/2013\/05\/RAONI_et_sa_p\u00e9tition_internationale_contre_le_barrage_de_Belo_Monte.jpeg\",\"keywords\":[\"belo monte\",\"cacique raoni\"],\"articleSection\":[\"Internacional\"],\"inLanguage\":\"pt-PT\"},{\"@type\":\"WebPage\",\"@id\":\"https:\/\/www.pressenza.com\/pt-pt\/2013\/05\/belo-monte-indios-aceitam-encontro-com-governo-mas-ocupacao-continua\/\",\"url\":\"https:\/\/www.pressenza.com\/pt-pt\/2013\/05\/belo-monte-indios-aceitam-encontro-com-governo-mas-ocupacao-continua\/\",\"name\":\"Belo Monte: \u00edndios aceitam encontro com governo, mas ocupa\u00e7\u00e3o continua\",\"isPartOf\":{\"@id\":\"https:\/\/www.pressenza.com\/pt-pt\/#website\"},\"primaryImageOfPage\":{\"@id\":\"https:\/\/www.pressenza.com\/pt-pt\/2013\/05\/belo-monte-indios-aceitam-encontro-com-governo-mas-ocupacao-continua\/#primaryimage\"},\"image\":{\"@id\":\"https:\/\/www.pressenza.com\/pt-pt\/2013\/05\/belo-monte-indios-aceitam-encontro-com-governo-mas-ocupacao-continua\/#primaryimage\"},\"thumbnailUrl\":\"https:\/\/www.pressenza.com\/wp-content\/uploads\/2013\/05\/RAONI_et_sa_p\u00e9tition_internationale_contre_le_barrage_de_Belo_Monte.jpeg\",\"datePublished\":\"2013-05-31T22:22:24+00:00\",\"dateModified\":\"2013-05-31T22:26:55+00:00\",\"description\":\"Bras\u00edlia - Ap\u00f3s quatro dias de ocupa\u00e7\u00e3o do principal canteiro de obras da Usina Hidrel\u00e9trica de Belo Monte, no Rio Xingu, no Par\u00e1, as lideran\u00e7as do\",\"breadcrumb\":{\"@id\":\"https:\/\/www.pressenza.com\/pt-pt\/2013\/05\/belo-monte-indios-aceitam-encontro-com-governo-mas-ocupacao-continua\/#breadcrumb\"},\"inLanguage\":\"pt-PT\",\"potentialAction\":[{\"@type\":\"ReadAction\",\"target\":[\"https:\/\/www.pressenza.com\/pt-pt\/2013\/05\/belo-monte-indios-aceitam-encontro-com-governo-mas-ocupacao-continua\/\"]}]},{\"@type\":\"ImageObject\",\"inLanguage\":\"pt-PT\",\"@id\":\"https:\/\/www.pressenza.com\/pt-pt\/2013\/05\/belo-monte-indios-aceitam-encontro-com-governo-mas-ocupacao-continua\/#primaryimage\",\"url\":\"https:\/\/www.pressenza.com\/wp-content\/uploads\/2013\/05\/RAONI_et_sa_p\u00e9tition_internationale_contre_le_barrage_de_Belo_Monte.jpeg\",\"contentUrl\":\"https:\/\/www.pressenza.com\/wp-content\/uploads\/2013\/05\/RAONI_et_sa_p\u00e9tition_internationale_contre_le_barrage_de_Belo_Monte.jpeg\",\"width\":400,\"height\":264},{\"@type\":\"BreadcrumbList\",\"@id\":\"https:\/\/www.pressenza.com\/pt-pt\/2013\/05\/belo-monte-indios-aceitam-encontro-com-governo-mas-ocupacao-continua\/#breadcrumb\",\"itemListElement\":[{\"@type\":\"ListItem\",\"position\":1,\"name\":\"Accueil\",\"item\":\"https:\/\/www.pressenza.com\/pt-pt\/\"},{\"@type\":\"ListItem\",\"position\":2,\"name\":\"Belo Monte: \u00edndios aceitam encontro com governo, mas ocupa\u00e7\u00e3o continua\"}]},{\"@type\":\"WebSite\",\"@id\":\"https:\/\/www.pressenza.com\/pt-pt\/#website\",\"url\":\"https:\/\/www.pressenza.com\/pt-pt\/\",\"name\":\"Pressenza\",\"description\":\"International Press Agency\",\"publisher\":{\"@id\":\"https:\/\/www.pressenza.com\/pt-pt\/#organization\"},\"potentialAction\":[{\"@type\":\"SearchAction\",\"target\":{\"@type\":\"EntryPoint\",\"urlTemplate\":\"https:\/\/www.pressenza.com\/pt-pt\/?s={search_term_string}\"},\"query-input\":{\"@type\":\"PropertyValueSpecification\",\"valueRequired\":true,\"valueName\":\"search_term_string\"}}],\"inLanguage\":\"pt-PT\"},{\"@type\":\"Organization\",\"@id\":\"https:\/\/www.pressenza.com\/pt-pt\/#organization\",\"name\":\"Pressenza\",\"url\":\"https:\/\/www.pressenza.com\/pt-pt\/\",\"logo\":{\"@type\":\"ImageObject\",\"inLanguage\":\"pt-PT\",\"@id\":\"https:\/\/www.pressenza.com\/pt-pt\/#\/schema\/logo\/image\/\",\"url\":\"https:\/\/www.pressenza.com\/wp-content\/uploads\/2022\/10\/pressenza_logo_200x200.jpg\",\"contentUrl\":\"https:\/\/www.pressenza.com\/wp-content\/uploads\/2022\/10\/pressenza_logo_200x200.jpg\",\"width\":200,\"height\":200,\"caption\":\"Pressenza\"},\"image\":{\"@id\":\"https:\/\/www.pressenza.com\/pt-pt\/#\/schema\/logo\/image\/\"},\"sameAs\":[\"https:\/\/www.facebook.com\/PressenzaItalia\",\"https:\/\/x.com\/PressenzaIPA\"]},{\"@type\":\"Person\",\"@id\":\"https:\/\/www.pressenza.com\/pt-pt\/#\/schema\/person\/9b1b30d75e1ac5659f00987d946356b3\",\"name\":\"Paulo Genovese\",\"description\":\"Pressenza editor in Portuguese. Member of the Humanist Movement and the Centre of Studies of the Park of Study and Reflection, Caucaia, Brazil\",\"sameAs\":[\"http:\/\/facebook.com\/paulogenovese\",\"https:\/\/x.com\/PauloGenovese\"],\"url\":\"https:\/\/www.pressenza.com\/pt-pt\/author\/paulo-genovese\/\"}]}<\/script>\n<!-- \/ Yoast SEO plugin. -->","yoast_head_json":{"title":"Belo Monte: \u00edndios aceitam encontro com governo, mas ocupa\u00e7\u00e3o continua","description":"Bras\u00edlia - Ap\u00f3s quatro dias de ocupa\u00e7\u00e3o do principal canteiro de obras da Usina Hidrel\u00e9trica de Belo Monte, no Rio Xingu, no Par\u00e1, as lideran\u00e7as do","robots":{"index":"index","follow":"follow","max-snippet":"max-snippet:-1","max-image-preview":"max-image-preview:large","max-video-preview":"max-video-preview:-1"},"canonical":"https:\/\/www.pressenza.com\/pt-pt\/2013\/05\/belo-monte-indios-aceitam-encontro-com-governo-mas-ocupacao-continua\/","og_locale":"pt_PT","og_type":"article","og_title":"Belo Monte: \u00edndios aceitam encontro com governo, mas ocupa\u00e7\u00e3o continua","og_description":"Bras\u00edlia - Ap\u00f3s quatro dias de ocupa\u00e7\u00e3o do principal canteiro de obras da Usina Hidrel\u00e9trica de Belo Monte, no Rio Xingu, no Par\u00e1, as lideran\u00e7as do","og_url":"https:\/\/www.pressenza.com\/pt-pt\/2013\/05\/belo-monte-indios-aceitam-encontro-com-governo-mas-ocupacao-continua\/","og_site_name":"Pressenza","article_publisher":"https:\/\/www.facebook.com\/PressenzaItalia","article_author":"http:\/\/facebook.com\/paulogenovese","article_published_time":"2013-05-31T22:22:24+00:00","article_modified_time":"2013-05-31T22:26:55+00:00","og_image":[{"width":400,"height":264,"url":"https:\/\/www.pressenza.com\/wp-content\/uploads\/2013\/05\/RAONI_et_sa_p\u00e9tition_internationale_contre_le_barrage_de_Belo_Monte.jpeg","type":"image\/jpeg"}],"author":"Paulo Genovese","twitter_card":"summary_large_image","twitter_creator":"@PauloGenovese","twitter_site":"@PressenzaIPA","twitter_misc":{"Escrito por":"Paulo Genovese","Tempo estimado de leitura":"3 minutos"},"schema":{"@context":"https:\/\/schema.org","@graph":[{"@type":"Article","@id":"https:\/\/www.pressenza.com\/pt-pt\/2013\/05\/belo-monte-indios-aceitam-encontro-com-governo-mas-ocupacao-continua\/#article","isPartOf":{"@id":"https:\/\/www.pressenza.com\/pt-pt\/2013\/05\/belo-monte-indios-aceitam-encontro-com-governo-mas-ocupacao-continua\/"},"author":{"name":"Paulo Genovese","@id":"https:\/\/www.pressenza.com\/pt-pt\/#\/schema\/person\/9b1b30d75e1ac5659f00987d946356b3"},"headline":"Belo Monte: \u00edndios aceitam encontro com governo, mas ocupa\u00e7\u00e3o continua","datePublished":"2013-05-31T22:22:24+00:00","dateModified":"2013-05-31T22:26:55+00:00","mainEntityOfPage":{"@id":"https:\/\/www.pressenza.com\/pt-pt\/2013\/05\/belo-monte-indios-aceitam-encontro-com-governo-mas-ocupacao-continua\/"},"wordCount":536,"publisher":{"@id":"https:\/\/www.pressenza.com\/pt-pt\/#organization"},"image":{"@id":"https:\/\/www.pressenza.com\/pt-pt\/2013\/05\/belo-monte-indios-aceitam-encontro-com-governo-mas-ocupacao-continua\/#primaryimage"},"thumbnailUrl":"https:\/\/www.pressenza.com\/wp-content\/uploads\/2013\/05\/RAONI_et_sa_p\u00e9tition_internationale_contre_le_barrage_de_Belo_Monte.jpeg","keywords":["belo monte","cacique raoni"],"articleSection":["Internacional"],"inLanguage":"pt-PT"},{"@type":"WebPage","@id":"https:\/\/www.pressenza.com\/pt-pt\/2013\/05\/belo-monte-indios-aceitam-encontro-com-governo-mas-ocupacao-continua\/","url":"https:\/\/www.pressenza.com\/pt-pt\/2013\/05\/belo-monte-indios-aceitam-encontro-com-governo-mas-ocupacao-continua\/","name":"Belo Monte: \u00edndios aceitam encontro com governo, mas ocupa\u00e7\u00e3o continua","isPartOf":{"@id":"https:\/\/www.pressenza.com\/pt-pt\/#website"},"primaryImageOfPage":{"@id":"https:\/\/www.pressenza.com\/pt-pt\/2013\/05\/belo-monte-indios-aceitam-encontro-com-governo-mas-ocupacao-continua\/#primaryimage"},"image":{"@id":"https:\/\/www.pressenza.com\/pt-pt\/2013\/05\/belo-monte-indios-aceitam-encontro-com-governo-mas-ocupacao-continua\/#primaryimage"},"thumbnailUrl":"https:\/\/www.pressenza.com\/wp-content\/uploads\/2013\/05\/RAONI_et_sa_p\u00e9tition_internationale_contre_le_barrage_de_Belo_Monte.jpeg","datePublished":"2013-05-31T22:22:24+00:00","dateModified":"2013-05-31T22:26:55+00:00","description":"Bras\u00edlia - Ap\u00f3s quatro dias de ocupa\u00e7\u00e3o do principal canteiro de obras da Usina Hidrel\u00e9trica de Belo Monte, no Rio Xingu, no Par\u00e1, as lideran\u00e7as do","breadcrumb":{"@id":"https:\/\/www.pressenza.com\/pt-pt\/2013\/05\/belo-monte-indios-aceitam-encontro-com-governo-mas-ocupacao-continua\/#breadcrumb"},"inLanguage":"pt-PT","potentialAction":[{"@type":"ReadAction","target":["https:\/\/www.pressenza.com\/pt-pt\/2013\/05\/belo-monte-indios-aceitam-encontro-com-governo-mas-ocupacao-continua\/"]}]},{"@type":"ImageObject","inLanguage":"pt-PT","@id":"https:\/\/www.pressenza.com\/pt-pt\/2013\/05\/belo-monte-indios-aceitam-encontro-com-governo-mas-ocupacao-continua\/#primaryimage","url":"https:\/\/www.pressenza.com\/wp-content\/uploads\/2013\/05\/RAONI_et_sa_p\u00e9tition_internationale_contre_le_barrage_de_Belo_Monte.jpeg","contentUrl":"https:\/\/www.pressenza.com\/wp-content\/uploads\/2013\/05\/RAONI_et_sa_p\u00e9tition_internationale_contre_le_barrage_de_Belo_Monte.jpeg","width":400,"height":264},{"@type":"BreadcrumbList","@id":"https:\/\/www.pressenza.com\/pt-pt\/2013\/05\/belo-monte-indios-aceitam-encontro-com-governo-mas-ocupacao-continua\/#breadcrumb","itemListElement":[{"@type":"ListItem","position":1,"name":"Accueil","item":"https:\/\/www.pressenza.com\/pt-pt\/"},{"@type":"ListItem","position":2,"name":"Belo Monte: \u00edndios aceitam encontro com governo, mas ocupa\u00e7\u00e3o continua"}]},{"@type":"WebSite","@id":"https:\/\/www.pressenza.com\/pt-pt\/#website","url":"https:\/\/www.pressenza.com\/pt-pt\/","name":"Pressenza","description":"International Press Agency","publisher":{"@id":"https:\/\/www.pressenza.com\/pt-pt\/#organization"},"potentialAction":[{"@type":"SearchAction","target":{"@type":"EntryPoint","urlTemplate":"https:\/\/www.pressenza.com\/pt-pt\/?s={search_term_string}"},"query-input":{"@type":"PropertyValueSpecification","valueRequired":true,"valueName":"search_term_string"}}],"inLanguage":"pt-PT"},{"@type":"Organization","@id":"https:\/\/www.pressenza.com\/pt-pt\/#organization","name":"Pressenza","url":"https:\/\/www.pressenza.com\/pt-pt\/","logo":{"@type":"ImageObject","inLanguage":"pt-PT","@id":"https:\/\/www.pressenza.com\/pt-pt\/#\/schema\/logo\/image\/","url":"https:\/\/www.pressenza.com\/wp-content\/uploads\/2022\/10\/pressenza_logo_200x200.jpg","contentUrl":"https:\/\/www.pressenza.com\/wp-content\/uploads\/2022\/10\/pressenza_logo_200x200.jpg","width":200,"height":200,"caption":"Pressenza"},"image":{"@id":"https:\/\/www.pressenza.com\/pt-pt\/#\/schema\/logo\/image\/"},"sameAs":["https:\/\/www.facebook.com\/PressenzaItalia","https:\/\/x.com\/PressenzaIPA"]},{"@type":"Person","@id":"https:\/\/www.pressenza.com\/pt-pt\/#\/schema\/person\/9b1b30d75e1ac5659f00987d946356b3","name":"Paulo Genovese","description":"Pressenza editor in Portuguese. Member of the Humanist Movement and the Centre of Studies of the Park of Study and Reflection, Caucaia, Brazil","sameAs":["http:\/\/facebook.com\/paulogenovese","https:\/\/x.com\/PauloGenovese"],"url":"https:\/\/www.pressenza.com\/pt-pt\/author\/paulo-genovese\/"}]}},"place":"","original_article_url":"","_links":{"self":[{"href":"https:\/\/www.pressenza.com\/pt-pt\/wp-json\/wp\/v2\/posts\/54461","targetHints":{"allow":["GET"]}}],"collection":[{"href":"https:\/\/www.pressenza.com\/pt-pt\/wp-json\/wp\/v2\/posts"}],"about":[{"href":"https:\/\/www.pressenza.com\/pt-pt\/wp-json\/wp\/v2\/types\/post"}],"author":[{"embeddable":true,"href":"https:\/\/www.pressenza.com\/pt-pt\/wp-json\/wp\/v2\/users\/823"}],"replies":[{"embeddable":true,"href":"https:\/\/www.pressenza.com\/pt-pt\/wp-json\/wp\/v2\/comments?post=54461"}],"version-history":[{"count":0,"href":"https:\/\/www.pressenza.com\/pt-pt\/wp-json\/wp\/v2\/posts\/54461\/revisions"}],"wp:featuredmedia":[{"embeddable":true,"href":"https:\/\/www.pressenza.com\/pt-pt\/wp-json\/wp\/v2\/media\/54462"}],"wp:attachment":[{"href":"https:\/\/www.pressenza.com\/pt-pt\/wp-json\/wp\/v2\/media?parent=54461"}],"wp:term":[{"taxonomy":"category","embeddable":true,"href":"https:\/\/www.pressenza.com\/pt-pt\/wp-json\/wp\/v2\/categories?post=54461"},{"taxonomy":"post_tag","embeddable":true,"href":"https:\/\/www.pressenza.com\/pt-pt\/wp-json\/wp\/v2\/tags?post=54461"}],"curies":[{"name":"wp","href":"https:\/\/api.w.org\/{rel}","templated":true}]}}