{"id":534377,"date":"2017-10-09T12:52:14","date_gmt":"2017-10-09T11:52:14","guid":{"rendered":"https:\/\/www.pressenza.com\/?p=534377\/"},"modified":"2017-10-09T12:54:15","modified_gmt":"2017-10-09T11:54:15","slug":"nobel-da-paz-2017-pela-abolicao-das-armas-nucleares","status":"publish","type":"post","link":"https:\/\/www.pressenza.com\/pt-pt\/2017\/10\/nobel-da-paz-2017-pela-abolicao-das-armas-nucleares\/","title":{"rendered":"Nobel da Paz 2017  Pela Aboli\u00e7\u00e3o das Armas Nucleares"},"content":{"rendered":"<p><img loading=\"lazy\" decoding=\"async\" class=\"aligncenter size-full wp-image-534398\" src=\"https:\/\/www.pressenza.com\/wp-content\/uploads\/2017\/10\/Nuclear.jpg\" alt=\"\" width=\"678\" height=\"960\" srcset=\"https:\/\/www.pressenza.com\/wp-content\/uploads\/2017\/10\/Nuclear.jpg 678w, https:\/\/www.pressenza.com\/wp-content\/uploads\/2017\/10\/Nuclear-212x300.jpg 212w\" sizes=\"auto, (max-width: 678px) 100vw, 678px\" \/><\/p>\n<p>&nbsp;<\/p>\n<p>O Conselho Portugu\u00eas para a Paz e Coopera\u00e7\u00e3o (CPPC) sa\u00fada a atribui\u00e7\u00e3o do Pr\u00e9mio Nobel da Paz \u00e0 Campanha Internacional pela Aboli\u00e7\u00e3o das Armas Nucleares (ICAN, na sigla em ingl\u00eas) e considera que esta representa um incentivo \u00e0 ac\u00e7\u00e3o de todos quantos interv\u00eam pela aboli\u00e7\u00e3o das armas nucleares, pelo desarmamento, pela paz.<\/p>\n<p>N\u00e3o esquecendo a contoversia que rodeou a atribui\u00e7\u00e3o do Pr\u00e9mio Nobel da Paz noutros momentos, para o CPPC esta atribui\u00e7\u00e3o contribui para dar ainda mais for\u00e7a \u00e0 leg\u00edtima exig\u00eancia e aspira\u00e7\u00e3o dos povos e do movimento da paz por um mundo livre de armas nucleares e, consequentemente, da amea\u00e7a do holocausto nuclear \u2013 exig\u00eancia e aspira\u00e7\u00e3o que teve no Apelo de Estocolmo, promovido no in\u00edcio dos anos 50 pelo Conselho Mundial da Paz, a sua primeira e grande express\u00e3o ao n\u00edvel mundial.<\/p>\n<p>Na actualidade, a exig\u00eancia da aboli\u00e7\u00e3o das armas nucleares e da sua n\u00e3o-prolifera\u00e7\u00e3o, do desanuviamento das rela\u00e7\u00f5es internacionais, do desarmamento universal, simult\u00e2neo e controlado, da paz, adquire uma ainda maior import\u00e2ncia.<\/p>\n<p>Setenta e dois anos ap\u00f3s o horror de Hiroshima e Nagasaki, o n\u00famero de armas nucleares existente no mundo \u2013 quase 15000 ogivas \u2013 e a sua capacidade de destrui\u00e7\u00e3o significariam, se utilizadas, uma imensa devasta\u00e7\u00e3o e o exterm\u00ednio da Humanidade.<\/p>\n<p>O CPPC recorda a adop\u00e7\u00e3o, no passado dia 7 de Julho nas Na\u00e7\u00f5es Unidas, do Tratado pela Proibi\u00e7\u00e3o das Armas Nucleares, entretanto aberto \u00e0 subscri\u00e7\u00e3o a partir de 20 de Setembro, tendo sido j\u00e1 assinado por 53 pa\u00edses.<\/p>\n<p>Neste \u00e2mbito e no passado dia 26 de Setembro \u2013 Dia Internacional para a Aboli\u00e7\u00e3o das Armas Nucleares, o CPPC tomou a iniciativa de lan\u00e7ar a peti\u00e7\u00e3o \u201cPela assinatura por parte de Portugal do Tratado de Proibi\u00e7\u00e3o de Armas Nucleares &#8211; Pela paz, pela seguran\u00e7a, pelo futuro da Humanidade!\u201d (<a class=\"m_-1516214241011590150moz-txt-link-freetext\" href=\"http:\/\/peticaopublica.com\/pview.aspx?pi=nao-armas-nucleares\" target=\"_blank\" rel=\"noopener noreferrer\" data-saferedirecturl=\"https:\/\/www.google.com\/url?hl=en&amp;q=http:\/\/peticaopublica.com\/pview.aspx?pi%3Dnao-armas-nucleares&amp;source=gmail&amp;ust=1507635052360000&amp;usg=AFQjCNGbbITj-xeJNqeAH7QydUxhTyi2DA\">http:\/\/peticaopublica.com\/<wbr \/>pview.aspx?pi=nao-armas-<wbr \/>nucleares<\/a>), e que nesta ocasi\u00e3o convida todos os amantes da paz a subscreverem e a divulgarem.<br \/>\n6 de Outubro de 2017<\/p>\n<p>Direc\u00e7\u00e3o Nacional do CPPC<\/p>\n","protected":false},"excerpt":{"rendered":"<p>&nbsp; O Conselho Portugu\u00eas para a Paz e Coopera\u00e7\u00e3o (CPPC) sa\u00fada a atribui\u00e7\u00e3o do Pr\u00e9mio Nobel da Paz \u00e0 Campanha Internacional pela Aboli\u00e7\u00e3o das Armas Nucleares (ICAN, na sigla em ingl\u00eas) e considera que esta representa um incentivo \u00e0 ac\u00e7\u00e3o&hellip;<\/p>\n","protected":false},"author":1351,"featured_media":0,"comment_status":"closed","ping_status":"closed","sticky":false,"template":"","format":"standard","meta":{"footnotes":""},"categories":[103,1257],"tags":[329,40857,7504,40856],"class_list":["post-534377","post","type-post","status-publish","format-standard","hentry","category-europa-pt-pt","category-paz-desarmamento","tag-nuclear","tag-peticao","tag-portugal-pt","tag-tratado-proibicao-armas-nucleares"],"yoast_head":"<!-- This site is optimized with the Yoast SEO plugin v27.1.1 - https:\/\/yoast.com\/product\/yoast-seo-wordpress\/ -->\n<title>Nobel da Paz 2017 Pela Aboli\u00e7\u00e3o das Armas Nucleares<\/title>\n<meta name=\"description\" content=\"&nbsp; O Conselho Portugu\u00eas para a Paz e Coopera\u00e7\u00e3o (CPPC) sa\u00fada a atribui\u00e7\u00e3o do Pr\u00e9mio Nobel da Paz \u00e0 Campanha Internacional pela Aboli\u00e7\u00e3o das Armas\" \/>\n<meta name=\"robots\" content=\"index, follow, max-snippet:-1, max-image-preview:large, max-video-preview:-1\" \/>\n<link rel=\"canonical\" href=\"https:\/\/www.pressenza.com\/pt-pt\/2017\/10\/nobel-da-paz-2017-pela-abolicao-das-armas-nucleares\/\" \/>\n<meta property=\"og:locale\" content=\"pt_PT\" \/>\n<meta property=\"og:type\" content=\"article\" \/>\n<meta property=\"og:title\" content=\"Nobel da Paz 2017 Pela Aboli\u00e7\u00e3o das Armas Nucleares\" \/>\n<meta property=\"og:description\" content=\"&nbsp; O Conselho Portugu\u00eas para a Paz e Coopera\u00e7\u00e3o (CPPC) sa\u00fada a atribui\u00e7\u00e3o do Pr\u00e9mio Nobel da Paz \u00e0 Campanha Internacional pela Aboli\u00e7\u00e3o das Armas\" \/>\n<meta property=\"og:url\" content=\"https:\/\/www.pressenza.com\/pt-pt\/2017\/10\/nobel-da-paz-2017-pela-abolicao-das-armas-nucleares\/\" \/>\n<meta property=\"og:site_name\" content=\"Pressenza\" \/>\n<meta property=\"article:publisher\" content=\"https:\/\/www.facebook.com\/PressenzaItalia\" \/>\n<meta property=\"article:published_time\" content=\"2017-10-09T11:52:14+00:00\" \/>\n<meta property=\"article:modified_time\" content=\"2017-10-09T11:54:15+00:00\" \/>\n<meta property=\"og:image\" content=\"https:\/\/www.pressenza.com\/wp-content\/uploads\/2017\/10\/Nuclear.jpg\" \/>\n\t<meta property=\"og:image:width\" content=\"678\" \/>\n\t<meta property=\"og:image:height\" content=\"960\" \/>\n\t<meta property=\"og:image:type\" content=\"image\/jpeg\" \/>\n<meta name=\"author\" content=\"Pressenza PT\" \/>\n<meta name=\"twitter:card\" content=\"summary_large_image\" \/>\n<meta name=\"twitter:creator\" content=\"@PressenzaIPA\" \/>\n<meta name=\"twitter:site\" content=\"@PressenzaIPA\" \/>\n<meta name=\"twitter:label1\" content=\"Escrito por\" \/>\n\t<meta name=\"twitter:data1\" content=\"Pressenza PT\" \/>\n\t<meta name=\"twitter:label2\" content=\"Tempo estimado de leitura\" \/>\n\t<meta name=\"twitter:data2\" content=\"2 minutos\" \/>\n<script type=\"application\/ld+json\" class=\"yoast-schema-graph\">{\"@context\":\"https:\/\/schema.org\",\"@graph\":[{\"@type\":\"Article\",\"@id\":\"https:\/\/www.pressenza.com\/pt-pt\/2017\/10\/nobel-da-paz-2017-pela-abolicao-das-armas-nucleares\/#article\",\"isPartOf\":{\"@id\":\"https:\/\/www.pressenza.com\/pt-pt\/2017\/10\/nobel-da-paz-2017-pela-abolicao-das-armas-nucleares\/\"},\"author\":{\"name\":\"Pressenza PT\",\"@id\":\"https:\/\/www.pressenza.com\/pt-pt\/#\/schema\/person\/221ca67b1b005b5df2db133b077979d9\"},\"headline\":\"Nobel da Paz 2017 Pela Aboli\u00e7\u00e3o das Armas Nucleares\",\"datePublished\":\"2017-10-09T11:52:14+00:00\",\"dateModified\":\"2017-10-09T11:54:15+00:00\",\"mainEntityOfPage\":{\"@id\":\"https:\/\/www.pressenza.com\/pt-pt\/2017\/10\/nobel-da-paz-2017-pela-abolicao-das-armas-nucleares\/\"},\"wordCount\":366,\"publisher\":{\"@id\":\"https:\/\/www.pressenza.com\/pt-pt\/#organization\"},\"image\":{\"@id\":\"https:\/\/www.pressenza.com\/pt-pt\/2017\/10\/nobel-da-paz-2017-pela-abolicao-das-armas-nucleares\/#primaryimage\"},\"thumbnailUrl\":\"https:\/\/www.pressenza.com\/wp-content\/uploads\/2017\/10\/Nuclear.jpg\",\"keywords\":[\"nuclear\",\"peti\u00e7\u00e3o\",\"Portugal\",\"tratado proibi\u00e7\u00e3o armas nucleares\"],\"articleSection\":[\"Europa\",\"Paz e Desarmamento\"],\"inLanguage\":\"pt-PT\"},{\"@type\":\"WebPage\",\"@id\":\"https:\/\/www.pressenza.com\/pt-pt\/2017\/10\/nobel-da-paz-2017-pela-abolicao-das-armas-nucleares\/\",\"url\":\"https:\/\/www.pressenza.com\/pt-pt\/2017\/10\/nobel-da-paz-2017-pela-abolicao-das-armas-nucleares\/\",\"name\":\"Nobel da Paz 2017 Pela Aboli\u00e7\u00e3o das Armas Nucleares\",\"isPartOf\":{\"@id\":\"https:\/\/www.pressenza.com\/pt-pt\/#website\"},\"primaryImageOfPage\":{\"@id\":\"https:\/\/www.pressenza.com\/pt-pt\/2017\/10\/nobel-da-paz-2017-pela-abolicao-das-armas-nucleares\/#primaryimage\"},\"image\":{\"@id\":\"https:\/\/www.pressenza.com\/pt-pt\/2017\/10\/nobel-da-paz-2017-pela-abolicao-das-armas-nucleares\/#primaryimage\"},\"thumbnailUrl\":\"https:\/\/www.pressenza.com\/wp-content\/uploads\/2017\/10\/Nuclear.jpg\",\"datePublished\":\"2017-10-09T11:52:14+00:00\",\"dateModified\":\"2017-10-09T11:54:15+00:00\",\"description\":\"&nbsp; O Conselho Portugu\u00eas para a Paz e Coopera\u00e7\u00e3o (CPPC) sa\u00fada a atribui\u00e7\u00e3o do Pr\u00e9mio Nobel da Paz \u00e0 Campanha Internacional pela Aboli\u00e7\u00e3o das Armas\",\"breadcrumb\":{\"@id\":\"https:\/\/www.pressenza.com\/pt-pt\/2017\/10\/nobel-da-paz-2017-pela-abolicao-das-armas-nucleares\/#breadcrumb\"},\"inLanguage\":\"pt-PT\",\"potentialAction\":[{\"@type\":\"ReadAction\",\"target\":[\"https:\/\/www.pressenza.com\/pt-pt\/2017\/10\/nobel-da-paz-2017-pela-abolicao-das-armas-nucleares\/\"]}]},{\"@type\":\"ImageObject\",\"inLanguage\":\"pt-PT\",\"@id\":\"https:\/\/www.pressenza.com\/pt-pt\/2017\/10\/nobel-da-paz-2017-pela-abolicao-das-armas-nucleares\/#primaryimage\",\"url\":\"https:\/\/www.pressenza.com\/wp-content\/uploads\/2017\/10\/Nuclear.jpg\",\"contentUrl\":\"https:\/\/www.pressenza.com\/wp-content\/uploads\/2017\/10\/Nuclear.jpg\"},{\"@type\":\"BreadcrumbList\",\"@id\":\"https:\/\/www.pressenza.com\/pt-pt\/2017\/10\/nobel-da-paz-2017-pela-abolicao-das-armas-nucleares\/#breadcrumb\",\"itemListElement\":[{\"@type\":\"ListItem\",\"position\":1,\"name\":\"Accueil\",\"item\":\"https:\/\/www.pressenza.com\/pt-pt\/\"},{\"@type\":\"ListItem\",\"position\":2,\"name\":\"Nobel da Paz 2017 Pela Aboli\u00e7\u00e3o das Armas Nucleares\"}]},{\"@type\":\"WebSite\",\"@id\":\"https:\/\/www.pressenza.com\/pt-pt\/#website\",\"url\":\"https:\/\/www.pressenza.com\/pt-pt\/\",\"name\":\"Pressenza\",\"description\":\"International Press Agency\",\"publisher\":{\"@id\":\"https:\/\/www.pressenza.com\/pt-pt\/#organization\"},\"potentialAction\":[{\"@type\":\"SearchAction\",\"target\":{\"@type\":\"EntryPoint\",\"urlTemplate\":\"https:\/\/www.pressenza.com\/pt-pt\/?s={search_term_string}\"},\"query-input\":{\"@type\":\"PropertyValueSpecification\",\"valueRequired\":true,\"valueName\":\"search_term_string\"}}],\"inLanguage\":\"pt-PT\"},{\"@type\":\"Organization\",\"@id\":\"https:\/\/www.pressenza.com\/pt-pt\/#organization\",\"name\":\"Pressenza\",\"url\":\"https:\/\/www.pressenza.com\/pt-pt\/\",\"logo\":{\"@type\":\"ImageObject\",\"inLanguage\":\"pt-PT\",\"@id\":\"https:\/\/www.pressenza.com\/pt-pt\/#\/schema\/logo\/image\/\",\"url\":\"https:\/\/www.pressenza.com\/wp-content\/uploads\/2022\/10\/pressenza_logo_200x200.jpg\",\"contentUrl\":\"https:\/\/www.pressenza.com\/wp-content\/uploads\/2022\/10\/pressenza_logo_200x200.jpg\",\"width\":200,\"height\":200,\"caption\":\"Pressenza\"},\"image\":{\"@id\":\"https:\/\/www.pressenza.com\/pt-pt\/#\/schema\/logo\/image\/\"},\"sameAs\":[\"https:\/\/www.facebook.com\/PressenzaItalia\",\"https:\/\/x.com\/PressenzaIPA\"]},{\"@type\":\"Person\",\"@id\":\"https:\/\/www.pressenza.com\/pt-pt\/#\/schema\/person\/221ca67b1b005b5df2db133b077979d9\",\"name\":\"Pressenza PT\",\"description\":\"News published by the Pressenza bureau in Portuguese language\",\"url\":\"https:\/\/www.pressenza.com\/pt-pt\/author\/pressenza-pt\/\"}]}<\/script>\n<!-- \/ Yoast SEO plugin. -->","yoast_head_json":{"title":"Nobel da Paz 2017 Pela Aboli\u00e7\u00e3o das Armas Nucleares","description":"&nbsp; O Conselho Portugu\u00eas para a Paz e Coopera\u00e7\u00e3o (CPPC) sa\u00fada a atribui\u00e7\u00e3o do Pr\u00e9mio Nobel da Paz \u00e0 Campanha Internacional pela Aboli\u00e7\u00e3o das Armas","robots":{"index":"index","follow":"follow","max-snippet":"max-snippet:-1","max-image-preview":"max-image-preview:large","max-video-preview":"max-video-preview:-1"},"canonical":"https:\/\/www.pressenza.com\/pt-pt\/2017\/10\/nobel-da-paz-2017-pela-abolicao-das-armas-nucleares\/","og_locale":"pt_PT","og_type":"article","og_title":"Nobel da Paz 2017 Pela Aboli\u00e7\u00e3o das Armas Nucleares","og_description":"&nbsp; O Conselho Portugu\u00eas para a Paz e Coopera\u00e7\u00e3o (CPPC) sa\u00fada a atribui\u00e7\u00e3o do Pr\u00e9mio Nobel da Paz \u00e0 Campanha Internacional pela Aboli\u00e7\u00e3o das Armas","og_url":"https:\/\/www.pressenza.com\/pt-pt\/2017\/10\/nobel-da-paz-2017-pela-abolicao-das-armas-nucleares\/","og_site_name":"Pressenza","article_publisher":"https:\/\/www.facebook.com\/PressenzaItalia","article_published_time":"2017-10-09T11:52:14+00:00","article_modified_time":"2017-10-09T11:54:15+00:00","og_image":[{"width":678,"height":960,"url":"https:\/\/www.pressenza.com\/wp-content\/uploads\/2017\/10\/Nuclear.jpg","type":"image\/jpeg"}],"author":"Pressenza PT","twitter_card":"summary_large_image","twitter_creator":"@PressenzaIPA","twitter_site":"@PressenzaIPA","twitter_misc":{"Escrito por":"Pressenza PT","Tempo estimado de leitura":"2 minutos"},"schema":{"@context":"https:\/\/schema.org","@graph":[{"@type":"Article","@id":"https:\/\/www.pressenza.com\/pt-pt\/2017\/10\/nobel-da-paz-2017-pela-abolicao-das-armas-nucleares\/#article","isPartOf":{"@id":"https:\/\/www.pressenza.com\/pt-pt\/2017\/10\/nobel-da-paz-2017-pela-abolicao-das-armas-nucleares\/"},"author":{"name":"Pressenza PT","@id":"https:\/\/www.pressenza.com\/pt-pt\/#\/schema\/person\/221ca67b1b005b5df2db133b077979d9"},"headline":"Nobel da Paz 2017 Pela Aboli\u00e7\u00e3o das Armas Nucleares","datePublished":"2017-10-09T11:52:14+00:00","dateModified":"2017-10-09T11:54:15+00:00","mainEntityOfPage":{"@id":"https:\/\/www.pressenza.com\/pt-pt\/2017\/10\/nobel-da-paz-2017-pela-abolicao-das-armas-nucleares\/"},"wordCount":366,"publisher":{"@id":"https:\/\/www.pressenza.com\/pt-pt\/#organization"},"image":{"@id":"https:\/\/www.pressenza.com\/pt-pt\/2017\/10\/nobel-da-paz-2017-pela-abolicao-das-armas-nucleares\/#primaryimage"},"thumbnailUrl":"https:\/\/www.pressenza.com\/wp-content\/uploads\/2017\/10\/Nuclear.jpg","keywords":["nuclear","peti\u00e7\u00e3o","Portugal","tratado proibi\u00e7\u00e3o armas nucleares"],"articleSection":["Europa","Paz e Desarmamento"],"inLanguage":"pt-PT"},{"@type":"WebPage","@id":"https:\/\/www.pressenza.com\/pt-pt\/2017\/10\/nobel-da-paz-2017-pela-abolicao-das-armas-nucleares\/","url":"https:\/\/www.pressenza.com\/pt-pt\/2017\/10\/nobel-da-paz-2017-pela-abolicao-das-armas-nucleares\/","name":"Nobel da Paz 2017 Pela Aboli\u00e7\u00e3o das Armas Nucleares","isPartOf":{"@id":"https:\/\/www.pressenza.com\/pt-pt\/#website"},"primaryImageOfPage":{"@id":"https:\/\/www.pressenza.com\/pt-pt\/2017\/10\/nobel-da-paz-2017-pela-abolicao-das-armas-nucleares\/#primaryimage"},"image":{"@id":"https:\/\/www.pressenza.com\/pt-pt\/2017\/10\/nobel-da-paz-2017-pela-abolicao-das-armas-nucleares\/#primaryimage"},"thumbnailUrl":"https:\/\/www.pressenza.com\/wp-content\/uploads\/2017\/10\/Nuclear.jpg","datePublished":"2017-10-09T11:52:14+00:00","dateModified":"2017-10-09T11:54:15+00:00","description":"&nbsp; O Conselho Portugu\u00eas para a Paz e Coopera\u00e7\u00e3o (CPPC) sa\u00fada a atribui\u00e7\u00e3o do Pr\u00e9mio Nobel da Paz \u00e0 Campanha Internacional pela Aboli\u00e7\u00e3o das Armas","breadcrumb":{"@id":"https:\/\/www.pressenza.com\/pt-pt\/2017\/10\/nobel-da-paz-2017-pela-abolicao-das-armas-nucleares\/#breadcrumb"},"inLanguage":"pt-PT","potentialAction":[{"@type":"ReadAction","target":["https:\/\/www.pressenza.com\/pt-pt\/2017\/10\/nobel-da-paz-2017-pela-abolicao-das-armas-nucleares\/"]}]},{"@type":"ImageObject","inLanguage":"pt-PT","@id":"https:\/\/www.pressenza.com\/pt-pt\/2017\/10\/nobel-da-paz-2017-pela-abolicao-das-armas-nucleares\/#primaryimage","url":"https:\/\/www.pressenza.com\/wp-content\/uploads\/2017\/10\/Nuclear.jpg","contentUrl":"https:\/\/www.pressenza.com\/wp-content\/uploads\/2017\/10\/Nuclear.jpg"},{"@type":"BreadcrumbList","@id":"https:\/\/www.pressenza.com\/pt-pt\/2017\/10\/nobel-da-paz-2017-pela-abolicao-das-armas-nucleares\/#breadcrumb","itemListElement":[{"@type":"ListItem","position":1,"name":"Accueil","item":"https:\/\/www.pressenza.com\/pt-pt\/"},{"@type":"ListItem","position":2,"name":"Nobel da Paz 2017 Pela Aboli\u00e7\u00e3o das Armas Nucleares"}]},{"@type":"WebSite","@id":"https:\/\/www.pressenza.com\/pt-pt\/#website","url":"https:\/\/www.pressenza.com\/pt-pt\/","name":"Pressenza","description":"International Press Agency","publisher":{"@id":"https:\/\/www.pressenza.com\/pt-pt\/#organization"},"potentialAction":[{"@type":"SearchAction","target":{"@type":"EntryPoint","urlTemplate":"https:\/\/www.pressenza.com\/pt-pt\/?s={search_term_string}"},"query-input":{"@type":"PropertyValueSpecification","valueRequired":true,"valueName":"search_term_string"}}],"inLanguage":"pt-PT"},{"@type":"Organization","@id":"https:\/\/www.pressenza.com\/pt-pt\/#organization","name":"Pressenza","url":"https:\/\/www.pressenza.com\/pt-pt\/","logo":{"@type":"ImageObject","inLanguage":"pt-PT","@id":"https:\/\/www.pressenza.com\/pt-pt\/#\/schema\/logo\/image\/","url":"https:\/\/www.pressenza.com\/wp-content\/uploads\/2022\/10\/pressenza_logo_200x200.jpg","contentUrl":"https:\/\/www.pressenza.com\/wp-content\/uploads\/2022\/10\/pressenza_logo_200x200.jpg","width":200,"height":200,"caption":"Pressenza"},"image":{"@id":"https:\/\/www.pressenza.com\/pt-pt\/#\/schema\/logo\/image\/"},"sameAs":["https:\/\/www.facebook.com\/PressenzaItalia","https:\/\/x.com\/PressenzaIPA"]},{"@type":"Person","@id":"https:\/\/www.pressenza.com\/pt-pt\/#\/schema\/person\/221ca67b1b005b5df2db133b077979d9","name":"Pressenza PT","description":"News published by the Pressenza bureau in Portuguese language","url":"https:\/\/www.pressenza.com\/pt-pt\/author\/pressenza-pt\/"}]}},"place":"","original_article_url":"","_links":{"self":[{"href":"https:\/\/www.pressenza.com\/pt-pt\/wp-json\/wp\/v2\/posts\/534377","targetHints":{"allow":["GET"]}}],"collection":[{"href":"https:\/\/www.pressenza.com\/pt-pt\/wp-json\/wp\/v2\/posts"}],"about":[{"href":"https:\/\/www.pressenza.com\/pt-pt\/wp-json\/wp\/v2\/types\/post"}],"author":[{"embeddable":true,"href":"https:\/\/www.pressenza.com\/pt-pt\/wp-json\/wp\/v2\/users\/1351"}],"replies":[{"embeddable":true,"href":"https:\/\/www.pressenza.com\/pt-pt\/wp-json\/wp\/v2\/comments?post=534377"}],"version-history":[{"count":0,"href":"https:\/\/www.pressenza.com\/pt-pt\/wp-json\/wp\/v2\/posts\/534377\/revisions"}],"wp:attachment":[{"href":"https:\/\/www.pressenza.com\/pt-pt\/wp-json\/wp\/v2\/media?parent=534377"}],"wp:term":[{"taxonomy":"category","embeddable":true,"href":"https:\/\/www.pressenza.com\/pt-pt\/wp-json\/wp\/v2\/categories?post=534377"},{"taxonomy":"post_tag","embeddable":true,"href":"https:\/\/www.pressenza.com\/pt-pt\/wp-json\/wp\/v2\/tags?post=534377"}],"curies":[{"name":"wp","href":"https:\/\/api.w.org\/{rel}","templated":true}]}}