{"id":513486,"date":"2017-09-05T19:03:26","date_gmt":"2017-09-05T18:03:26","guid":{"rendered":"https:\/\/www.pressenza.com\/?p=513486\/"},"modified":"2017-09-05T20:57:48","modified_gmt":"2017-09-05T19:57:48","slug":"licoes-da-crise-norte-coreana-armas-nucleares-causam-guerras-mesmo-nao-usadas","status":"publish","type":"post","link":"https:\/\/www.pressenza.com\/pt-pt\/2017\/09\/licoes-da-crise-norte-coreana-armas-nucleares-causam-guerras-mesmo-nao-usadas\/","title":{"rendered":"Li\u00e7\u00f5es da crise Norte Coreana &#8211; Armas Nucleares causam guerras mesmo quando n\u00e3o usadas"},"content":{"rendered":"<p class=\"p1\">No \u00faltimo domingo, dia 03 de setembro de 2017, um novo teste nuclear foi realizado pelo Cor\u00e9ia do Norte. A ag\u00eancia de not\u00edcias estatal norte coreana afirmou que o regime havia realizado com sucesso o teste de uma bomba H. Uma evolu\u00e7\u00e3o dos armamentos nucleares com duas fases de explos\u00e3o, e que tem um maior poder de destrui\u00e7\u00e3o. Posteriormente imagens foram divulgadas de Kim Jong Un visitando um centro de armas nucleares e vendo um dispositivo de dois est\u00e1gios &#8211; o que sugeriria ser algum prot\u00f3tipo de uma bomba termonuclear ou de hidrog\u00eanio.<\/p>\n<p class=\"p1\">Do outro lado, EUA enviaram destroyers para a regi\u00e3o e colocaram escudos anti-misseis na regi\u00e3o. Suas tropas na regi\u00e3o somam quase 100 mil homens, altamente armados. O discurso belicoso de Trump engendra cen\u00e1rios como esse. Uma corrida armamentista em uma regi\u00e3o que j\u00e1 \u00e9 altamente militarizada.<\/p>\n<p class=\"p1\">O Jap\u00e3o, \u00fanico pa\u00eds ao ser alvejado por uma arma nuclear, hoje tem discuss\u00f5es sobre a cria\u00e7\u00e3o das mesmas sob a alega\u00e7\u00e3o de se proteger.<\/p>\n<p class=\"p1\">O \u00faltimo teste nuclear desenvolvido pelo regime norte coreano aumentou ainda a tens\u00e3o na regi\u00e3o que \u00e9 altamente militarizada, a fronteira entre as duas Cor\u00e9ias \u00e9 a zona mais militarizada do mundo. Centenas de milh\u00f5es de soldados armados est\u00e3o de prontid\u00e3o e armados para qualquer eventualidade que possa ocorrer na fronteira.<\/p>\n<p class=\"p1\">Armas nucleares causam guerras mesmo quando n\u00e3o utilizadas. A crise pol\u00edtico-diplom\u00e1tica que se instaurou no leste asi\u00e1tico, envolvendo diversos pa\u00edses &#8211; tais como a Cor\u00e9ia do Sul e do Norte, Jap\u00e3o e China &#8211;\u00a0demonstra que mesmo sem o uso efetivo para a guerra, esse tipo de armamento pode causar guerra e tamb\u00e9m n\u00e3o h\u00e1 &#8220;m\u00e3os seguras&#8221; onde as mesmas podem ser armazenadas e guardadas.Elas representam sempre um risco de conflito, mesmo quando constru\u00eddas sobre o pretexto de defesa<\/p>\n<p class=\"p1\">Um acordo aprovados por delega\u00e7\u00f5es de diversos pa\u00edses denota como a humanidade como um todo rejeita o uso das armas nucleares. O arsenal nuclear atual &#8211; de todos os pa\u00edses &#8211; tem potencial para destruir o planeta inteiro. Devemos nos posicionar contra este tipo de armamento e contra todas as armas, rumo a um futuro em que as mesmas sejam apenas vistas em p\u00e1ginas de livros de hist\u00f3ria ou recicladas em est\u00e1tuas.<\/p>\n","protected":false},"excerpt":{"rendered":"<p>No \u00faltimo domingo, dia 03 de setembro de 2017, um novo teste nuclear foi realizado pelo Cor\u00e9ia do Norte. A ag\u00eancia de not\u00edcias estatal norte coreana afirmou que o regime havia realizado com sucesso o teste de uma bomba H.&hellip;<\/p>\n","protected":false},"author":44,"featured_media":513499,"comment_status":"closed","ping_status":"closed","sticky":false,"template":"","format":"standard","meta":{"footnotes":""},"categories":[11390,1256,1257,111],"tags":[265,490],"class_list":["post-513486","post","type-post","status-publish","format-standard","has-post-thumbnail","hentry","category-conteudo-original","category-nao-violencia","category-paz-desarmamento","category-politica-pt-pt","tag-nonviolence","tag-nuclear-disarmament"],"yoast_head":"<!-- This site is optimized with the Yoast SEO plugin v27.1.1 - https:\/\/yoast.com\/product\/yoast-seo-wordpress\/ -->\n<title>Li\u00e7\u00f5es da crise Norte Coreana - Armas Nucleares causam guerras mesmo quando n\u00e3o usadas<\/title>\n<meta name=\"description\" content=\"No \u00faltimo domingo, dia 03 de setembro de 2017, um novo teste nuclear foi realizado pelo Cor\u00e9ia do Norte. A ag\u00eancia de not\u00edcias estatal norte coreana\" \/>\n<meta name=\"robots\" content=\"index, follow, max-snippet:-1, max-image-preview:large, max-video-preview:-1\" \/>\n<link rel=\"canonical\" href=\"https:\/\/www.pressenza.com\/pt-pt\/2017\/09\/licoes-da-crise-norte-coreana-armas-nucleares-causam-guerras-mesmo-nao-usadas\/\" \/>\n<meta property=\"og:locale\" content=\"pt_PT\" \/>\n<meta property=\"og:type\" content=\"article\" \/>\n<meta property=\"og:title\" content=\"Li\u00e7\u00f5es da crise Norte Coreana - Armas Nucleares causam guerras mesmo quando n\u00e3o usadas\" \/>\n<meta property=\"og:description\" content=\"No \u00faltimo domingo, dia 03 de setembro de 2017, um novo teste nuclear foi realizado pelo Cor\u00e9ia do Norte. A ag\u00eancia de not\u00edcias estatal norte coreana\" \/>\n<meta property=\"og:url\" content=\"https:\/\/www.pressenza.com\/pt-pt\/2017\/09\/licoes-da-crise-norte-coreana-armas-nucleares-causam-guerras-mesmo-nao-usadas\/\" \/>\n<meta property=\"og:site_name\" content=\"Pressenza\" \/>\n<meta property=\"article:publisher\" content=\"https:\/\/www.facebook.com\/PressenzaItalia\" \/>\n<meta property=\"article:author\" content=\"https:\/\/www.facebook.com\/PressenzaPortugues\" \/>\n<meta property=\"article:published_time\" content=\"2017-09-05T18:03:26+00:00\" \/>\n<meta property=\"article:modified_time\" content=\"2017-09-05T19:57:48+00:00\" \/>\n<meta property=\"og:image\" content=\"https:\/\/www.pressenza.com\/wp-content\/uploads\/2017\/09\/landscape-1488227655-gettyimages-529717252.jpg\" \/>\n\t<meta property=\"og:image:width\" content=\"980\" \/>\n\t<meta property=\"og:image:height\" content=\"490\" \/>\n\t<meta property=\"og:image:type\" content=\"image\/jpeg\" \/>\n<meta name=\"author\" content=\"Reda\u00e7\u00e3o S\u00e3o Paulo\" \/>\n<meta name=\"twitter:card\" content=\"summary_large_image\" \/>\n<meta name=\"twitter:creator\" content=\"@pressenza_pt\" \/>\n<meta name=\"twitter:site\" content=\"@PressenzaIPA\" \/>\n<meta name=\"twitter:label1\" content=\"Escrito por\" \/>\n\t<meta name=\"twitter:data1\" content=\"Reda\u00e7\u00e3o S\u00e3o Paulo\" \/>\n\t<meta name=\"twitter:label2\" content=\"Tempo estimado de leitura\" \/>\n\t<meta name=\"twitter:data2\" content=\"2 minutos\" \/>\n<script type=\"application\/ld+json\" class=\"yoast-schema-graph\">{\"@context\":\"https:\/\/schema.org\",\"@graph\":[{\"@type\":\"Article\",\"@id\":\"https:\/\/www.pressenza.com\/pt-pt\/2017\/09\/licoes-da-crise-norte-coreana-armas-nucleares-causam-guerras-mesmo-nao-usadas\/#article\",\"isPartOf\":{\"@id\":\"https:\/\/www.pressenza.com\/pt-pt\/2017\/09\/licoes-da-crise-norte-coreana-armas-nucleares-causam-guerras-mesmo-nao-usadas\/\"},\"author\":{\"name\":\"Reda\u00e7\u00e3o S\u00e3o Paulo\",\"@id\":\"https:\/\/www.pressenza.com\/pt-pt\/#\/schema\/person\/d171826afb7693cfc394da95892bfd93\"},\"headline\":\"Li\u00e7\u00f5es da crise Norte Coreana &#8211; Armas Nucleares causam guerras mesmo quando n\u00e3o usadas\",\"datePublished\":\"2017-09-05T18:03:26+00:00\",\"dateModified\":\"2017-09-05T19:57:48+00:00\",\"mainEntityOfPage\":{\"@id\":\"https:\/\/www.pressenza.com\/pt-pt\/2017\/09\/licoes-da-crise-norte-coreana-armas-nucleares-causam-guerras-mesmo-nao-usadas\/\"},\"wordCount\":419,\"publisher\":{\"@id\":\"https:\/\/www.pressenza.com\/pt-pt\/#organization\"},\"image\":{\"@id\":\"https:\/\/www.pressenza.com\/pt-pt\/2017\/09\/licoes-da-crise-norte-coreana-armas-nucleares-causam-guerras-mesmo-nao-usadas\/#primaryimage\"},\"thumbnailUrl\":\"https:\/\/www.pressenza.com\/wp-content\/uploads\/2017\/09\/landscape-1488227655-gettyimages-529717252.jpg\",\"keywords\":[\"nonviolence\",\"Nuclear disarmament\"],\"articleSection\":[\"Conte\u00fado Original\",\"N\u00e3o viol\u00eancia\",\"Paz e Desarmamento\",\"Pol\u00edtica\"],\"inLanguage\":\"pt-PT\"},{\"@type\":\"WebPage\",\"@id\":\"https:\/\/www.pressenza.com\/pt-pt\/2017\/09\/licoes-da-crise-norte-coreana-armas-nucleares-causam-guerras-mesmo-nao-usadas\/\",\"url\":\"https:\/\/www.pressenza.com\/pt-pt\/2017\/09\/licoes-da-crise-norte-coreana-armas-nucleares-causam-guerras-mesmo-nao-usadas\/\",\"name\":\"Li\u00e7\u00f5es da crise Norte Coreana - Armas Nucleares causam guerras mesmo quando n\u00e3o usadas\",\"isPartOf\":{\"@id\":\"https:\/\/www.pressenza.com\/pt-pt\/#website\"},\"primaryImageOfPage\":{\"@id\":\"https:\/\/www.pressenza.com\/pt-pt\/2017\/09\/licoes-da-crise-norte-coreana-armas-nucleares-causam-guerras-mesmo-nao-usadas\/#primaryimage\"},\"image\":{\"@id\":\"https:\/\/www.pressenza.com\/pt-pt\/2017\/09\/licoes-da-crise-norte-coreana-armas-nucleares-causam-guerras-mesmo-nao-usadas\/#primaryimage\"},\"thumbnailUrl\":\"https:\/\/www.pressenza.com\/wp-content\/uploads\/2017\/09\/landscape-1488227655-gettyimages-529717252.jpg\",\"datePublished\":\"2017-09-05T18:03:26+00:00\",\"dateModified\":\"2017-09-05T19:57:48+00:00\",\"description\":\"No \u00faltimo domingo, dia 03 de setembro de 2017, um novo teste nuclear foi realizado pelo Cor\u00e9ia do Norte. A ag\u00eancia de not\u00edcias estatal norte coreana\",\"breadcrumb\":{\"@id\":\"https:\/\/www.pressenza.com\/pt-pt\/2017\/09\/licoes-da-crise-norte-coreana-armas-nucleares-causam-guerras-mesmo-nao-usadas\/#breadcrumb\"},\"inLanguage\":\"pt-PT\",\"potentialAction\":[{\"@type\":\"ReadAction\",\"target\":[\"https:\/\/www.pressenza.com\/pt-pt\/2017\/09\/licoes-da-crise-norte-coreana-armas-nucleares-causam-guerras-mesmo-nao-usadas\/\"]}]},{\"@type\":\"ImageObject\",\"inLanguage\":\"pt-PT\",\"@id\":\"https:\/\/www.pressenza.com\/pt-pt\/2017\/09\/licoes-da-crise-norte-coreana-armas-nucleares-causam-guerras-mesmo-nao-usadas\/#primaryimage\",\"url\":\"https:\/\/www.pressenza.com\/wp-content\/uploads\/2017\/09\/landscape-1488227655-gettyimages-529717252.jpg\",\"contentUrl\":\"https:\/\/www.pressenza.com\/wp-content\/uploads\/2017\/09\/landscape-1488227655-gettyimages-529717252.jpg\",\"width\":980,\"height\":490},{\"@type\":\"BreadcrumbList\",\"@id\":\"https:\/\/www.pressenza.com\/pt-pt\/2017\/09\/licoes-da-crise-norte-coreana-armas-nucleares-causam-guerras-mesmo-nao-usadas\/#breadcrumb\",\"itemListElement\":[{\"@type\":\"ListItem\",\"position\":1,\"name\":\"Accueil\",\"item\":\"https:\/\/www.pressenza.com\/pt-pt\/\"},{\"@type\":\"ListItem\",\"position\":2,\"name\":\"Li\u00e7\u00f5es da crise Norte Coreana &#8211; Armas Nucleares causam guerras mesmo quando n\u00e3o usadas\"}]},{\"@type\":\"WebSite\",\"@id\":\"https:\/\/www.pressenza.com\/pt-pt\/#website\",\"url\":\"https:\/\/www.pressenza.com\/pt-pt\/\",\"name\":\"Pressenza\",\"description\":\"International Press Agency\",\"publisher\":{\"@id\":\"https:\/\/www.pressenza.com\/pt-pt\/#organization\"},\"potentialAction\":[{\"@type\":\"SearchAction\",\"target\":{\"@type\":\"EntryPoint\",\"urlTemplate\":\"https:\/\/www.pressenza.com\/pt-pt\/?s={search_term_string}\"},\"query-input\":{\"@type\":\"PropertyValueSpecification\",\"valueRequired\":true,\"valueName\":\"search_term_string\"}}],\"inLanguage\":\"pt-PT\"},{\"@type\":\"Organization\",\"@id\":\"https:\/\/www.pressenza.com\/pt-pt\/#organization\",\"name\":\"Pressenza\",\"url\":\"https:\/\/www.pressenza.com\/pt-pt\/\",\"logo\":{\"@type\":\"ImageObject\",\"inLanguage\":\"pt-PT\",\"@id\":\"https:\/\/www.pressenza.com\/pt-pt\/#\/schema\/logo\/image\/\",\"url\":\"https:\/\/www.pressenza.com\/wp-content\/uploads\/2022\/10\/pressenza_logo_200x200.jpg\",\"contentUrl\":\"https:\/\/www.pressenza.com\/wp-content\/uploads\/2022\/10\/pressenza_logo_200x200.jpg\",\"width\":200,\"height\":200,\"caption\":\"Pressenza\"},\"image\":{\"@id\":\"https:\/\/www.pressenza.com\/pt-pt\/#\/schema\/logo\/image\/\"},\"sameAs\":[\"https:\/\/www.facebook.com\/PressenzaItalia\",\"https:\/\/x.com\/PressenzaIPA\"]},{\"@type\":\"Person\",\"@id\":\"https:\/\/www.pressenza.com\/pt-pt\/#\/schema\/person\/d171826afb7693cfc394da95892bfd93\",\"name\":\"Reda\u00e7\u00e3o S\u00e3o Paulo\",\"description\":\"News from the Pressenza bureau in Sao Paulo, Brazil\",\"sameAs\":[\"https:\/\/www.facebook.com\/PressenzaPortugues\",\"https:\/\/x.com\/pressenza_pt\"],\"url\":\"https:\/\/www.pressenza.com\/pt-pt\/author\/redaccao-sao-paulo\/\"}]}<\/script>\n<!-- \/ Yoast SEO plugin. -->","yoast_head_json":{"title":"Li\u00e7\u00f5es da crise Norte Coreana - Armas Nucleares causam guerras mesmo quando n\u00e3o usadas","description":"No \u00faltimo domingo, dia 03 de setembro de 2017, um novo teste nuclear foi realizado pelo Cor\u00e9ia do Norte. A ag\u00eancia de not\u00edcias estatal norte coreana","robots":{"index":"index","follow":"follow","max-snippet":"max-snippet:-1","max-image-preview":"max-image-preview:large","max-video-preview":"max-video-preview:-1"},"canonical":"https:\/\/www.pressenza.com\/pt-pt\/2017\/09\/licoes-da-crise-norte-coreana-armas-nucleares-causam-guerras-mesmo-nao-usadas\/","og_locale":"pt_PT","og_type":"article","og_title":"Li\u00e7\u00f5es da crise Norte Coreana - Armas Nucleares causam guerras mesmo quando n\u00e3o usadas","og_description":"No \u00faltimo domingo, dia 03 de setembro de 2017, um novo teste nuclear foi realizado pelo Cor\u00e9ia do Norte. A ag\u00eancia de not\u00edcias estatal norte coreana","og_url":"https:\/\/www.pressenza.com\/pt-pt\/2017\/09\/licoes-da-crise-norte-coreana-armas-nucleares-causam-guerras-mesmo-nao-usadas\/","og_site_name":"Pressenza","article_publisher":"https:\/\/www.facebook.com\/PressenzaItalia","article_author":"https:\/\/www.facebook.com\/PressenzaPortugues","article_published_time":"2017-09-05T18:03:26+00:00","article_modified_time":"2017-09-05T19:57:48+00:00","og_image":[{"width":980,"height":490,"url":"https:\/\/www.pressenza.com\/wp-content\/uploads\/2017\/09\/landscape-1488227655-gettyimages-529717252.jpg","type":"image\/jpeg"}],"author":"Reda\u00e7\u00e3o S\u00e3o Paulo","twitter_card":"summary_large_image","twitter_creator":"@pressenza_pt","twitter_site":"@PressenzaIPA","twitter_misc":{"Escrito por":"Reda\u00e7\u00e3o S\u00e3o Paulo","Tempo estimado de leitura":"2 minutos"},"schema":{"@context":"https:\/\/schema.org","@graph":[{"@type":"Article","@id":"https:\/\/www.pressenza.com\/pt-pt\/2017\/09\/licoes-da-crise-norte-coreana-armas-nucleares-causam-guerras-mesmo-nao-usadas\/#article","isPartOf":{"@id":"https:\/\/www.pressenza.com\/pt-pt\/2017\/09\/licoes-da-crise-norte-coreana-armas-nucleares-causam-guerras-mesmo-nao-usadas\/"},"author":{"name":"Reda\u00e7\u00e3o S\u00e3o Paulo","@id":"https:\/\/www.pressenza.com\/pt-pt\/#\/schema\/person\/d171826afb7693cfc394da95892bfd93"},"headline":"Li\u00e7\u00f5es da crise Norte Coreana &#8211; Armas Nucleares causam guerras mesmo quando n\u00e3o usadas","datePublished":"2017-09-05T18:03:26+00:00","dateModified":"2017-09-05T19:57:48+00:00","mainEntityOfPage":{"@id":"https:\/\/www.pressenza.com\/pt-pt\/2017\/09\/licoes-da-crise-norte-coreana-armas-nucleares-causam-guerras-mesmo-nao-usadas\/"},"wordCount":419,"publisher":{"@id":"https:\/\/www.pressenza.com\/pt-pt\/#organization"},"image":{"@id":"https:\/\/www.pressenza.com\/pt-pt\/2017\/09\/licoes-da-crise-norte-coreana-armas-nucleares-causam-guerras-mesmo-nao-usadas\/#primaryimage"},"thumbnailUrl":"https:\/\/www.pressenza.com\/wp-content\/uploads\/2017\/09\/landscape-1488227655-gettyimages-529717252.jpg","keywords":["nonviolence","Nuclear disarmament"],"articleSection":["Conte\u00fado Original","N\u00e3o viol\u00eancia","Paz e Desarmamento","Pol\u00edtica"],"inLanguage":"pt-PT"},{"@type":"WebPage","@id":"https:\/\/www.pressenza.com\/pt-pt\/2017\/09\/licoes-da-crise-norte-coreana-armas-nucleares-causam-guerras-mesmo-nao-usadas\/","url":"https:\/\/www.pressenza.com\/pt-pt\/2017\/09\/licoes-da-crise-norte-coreana-armas-nucleares-causam-guerras-mesmo-nao-usadas\/","name":"Li\u00e7\u00f5es da crise Norte Coreana - Armas Nucleares causam guerras mesmo quando n\u00e3o usadas","isPartOf":{"@id":"https:\/\/www.pressenza.com\/pt-pt\/#website"},"primaryImageOfPage":{"@id":"https:\/\/www.pressenza.com\/pt-pt\/2017\/09\/licoes-da-crise-norte-coreana-armas-nucleares-causam-guerras-mesmo-nao-usadas\/#primaryimage"},"image":{"@id":"https:\/\/www.pressenza.com\/pt-pt\/2017\/09\/licoes-da-crise-norte-coreana-armas-nucleares-causam-guerras-mesmo-nao-usadas\/#primaryimage"},"thumbnailUrl":"https:\/\/www.pressenza.com\/wp-content\/uploads\/2017\/09\/landscape-1488227655-gettyimages-529717252.jpg","datePublished":"2017-09-05T18:03:26+00:00","dateModified":"2017-09-05T19:57:48+00:00","description":"No \u00faltimo domingo, dia 03 de setembro de 2017, um novo teste nuclear foi realizado pelo Cor\u00e9ia do Norte. A ag\u00eancia de not\u00edcias estatal norte coreana","breadcrumb":{"@id":"https:\/\/www.pressenza.com\/pt-pt\/2017\/09\/licoes-da-crise-norte-coreana-armas-nucleares-causam-guerras-mesmo-nao-usadas\/#breadcrumb"},"inLanguage":"pt-PT","potentialAction":[{"@type":"ReadAction","target":["https:\/\/www.pressenza.com\/pt-pt\/2017\/09\/licoes-da-crise-norte-coreana-armas-nucleares-causam-guerras-mesmo-nao-usadas\/"]}]},{"@type":"ImageObject","inLanguage":"pt-PT","@id":"https:\/\/www.pressenza.com\/pt-pt\/2017\/09\/licoes-da-crise-norte-coreana-armas-nucleares-causam-guerras-mesmo-nao-usadas\/#primaryimage","url":"https:\/\/www.pressenza.com\/wp-content\/uploads\/2017\/09\/landscape-1488227655-gettyimages-529717252.jpg","contentUrl":"https:\/\/www.pressenza.com\/wp-content\/uploads\/2017\/09\/landscape-1488227655-gettyimages-529717252.jpg","width":980,"height":490},{"@type":"BreadcrumbList","@id":"https:\/\/www.pressenza.com\/pt-pt\/2017\/09\/licoes-da-crise-norte-coreana-armas-nucleares-causam-guerras-mesmo-nao-usadas\/#breadcrumb","itemListElement":[{"@type":"ListItem","position":1,"name":"Accueil","item":"https:\/\/www.pressenza.com\/pt-pt\/"},{"@type":"ListItem","position":2,"name":"Li\u00e7\u00f5es da crise Norte Coreana &#8211; Armas Nucleares causam guerras mesmo quando n\u00e3o usadas"}]},{"@type":"WebSite","@id":"https:\/\/www.pressenza.com\/pt-pt\/#website","url":"https:\/\/www.pressenza.com\/pt-pt\/","name":"Pressenza","description":"International Press Agency","publisher":{"@id":"https:\/\/www.pressenza.com\/pt-pt\/#organization"},"potentialAction":[{"@type":"SearchAction","target":{"@type":"EntryPoint","urlTemplate":"https:\/\/www.pressenza.com\/pt-pt\/?s={search_term_string}"},"query-input":{"@type":"PropertyValueSpecification","valueRequired":true,"valueName":"search_term_string"}}],"inLanguage":"pt-PT"},{"@type":"Organization","@id":"https:\/\/www.pressenza.com\/pt-pt\/#organization","name":"Pressenza","url":"https:\/\/www.pressenza.com\/pt-pt\/","logo":{"@type":"ImageObject","inLanguage":"pt-PT","@id":"https:\/\/www.pressenza.com\/pt-pt\/#\/schema\/logo\/image\/","url":"https:\/\/www.pressenza.com\/wp-content\/uploads\/2022\/10\/pressenza_logo_200x200.jpg","contentUrl":"https:\/\/www.pressenza.com\/wp-content\/uploads\/2022\/10\/pressenza_logo_200x200.jpg","width":200,"height":200,"caption":"Pressenza"},"image":{"@id":"https:\/\/www.pressenza.com\/pt-pt\/#\/schema\/logo\/image\/"},"sameAs":["https:\/\/www.facebook.com\/PressenzaItalia","https:\/\/x.com\/PressenzaIPA"]},{"@type":"Person","@id":"https:\/\/www.pressenza.com\/pt-pt\/#\/schema\/person\/d171826afb7693cfc394da95892bfd93","name":"Reda\u00e7\u00e3o S\u00e3o Paulo","description":"News from the Pressenza bureau in Sao Paulo, Brazil","sameAs":["https:\/\/www.facebook.com\/PressenzaPortugues","https:\/\/x.com\/pressenza_pt"],"url":"https:\/\/www.pressenza.com\/pt-pt\/author\/redaccao-sao-paulo\/"}]}},"place":"","original_article_url":"","_links":{"self":[{"href":"https:\/\/www.pressenza.com\/pt-pt\/wp-json\/wp\/v2\/posts\/513486","targetHints":{"allow":["GET"]}}],"collection":[{"href":"https:\/\/www.pressenza.com\/pt-pt\/wp-json\/wp\/v2\/posts"}],"about":[{"href":"https:\/\/www.pressenza.com\/pt-pt\/wp-json\/wp\/v2\/types\/post"}],"author":[{"embeddable":true,"href":"https:\/\/www.pressenza.com\/pt-pt\/wp-json\/wp\/v2\/users\/44"}],"replies":[{"embeddable":true,"href":"https:\/\/www.pressenza.com\/pt-pt\/wp-json\/wp\/v2\/comments?post=513486"}],"version-history":[{"count":0,"href":"https:\/\/www.pressenza.com\/pt-pt\/wp-json\/wp\/v2\/posts\/513486\/revisions"}],"wp:featuredmedia":[{"embeddable":true,"href":"https:\/\/www.pressenza.com\/pt-pt\/wp-json\/wp\/v2\/media\/513499"}],"wp:attachment":[{"href":"https:\/\/www.pressenza.com\/pt-pt\/wp-json\/wp\/v2\/media?parent=513486"}],"wp:term":[{"taxonomy":"category","embeddable":true,"href":"https:\/\/www.pressenza.com\/pt-pt\/wp-json\/wp\/v2\/categories?post=513486"},{"taxonomy":"post_tag","embeddable":true,"href":"https:\/\/www.pressenza.com\/pt-pt\/wp-json\/wp\/v2\/tags?post=513486"}],"curies":[{"name":"wp","href":"https:\/\/api.w.org\/{rel}","templated":true}]}}