{"id":471958,"date":"2017-05-30T21:55:56","date_gmt":"2017-05-30T20:55:56","guid":{"rendered":"https:\/\/www.pressenza.com\/?p=471958\/"},"modified":"2017-05-30T22:00:38","modified_gmt":"2017-05-30T21:00:38","slug":"javiezvaldez","status":"publish","type":"post","link":"https:\/\/www.pressenza.com\/pt-pt\/2017\/05\/javiezvaldez\/","title":{"rendered":"Jornalistas mexicanos protestam por conta de viol\u00eancia contra trabalhadores de comunica\u00e7\u00e3o"},"content":{"rendered":"<p class=\"p1\">No M\u00e9xico, centenas de jornalistas protestaram em frente ao Minist\u00e9rio do interior na quarta para exigir o fim da viol\u00eancia contra jornalistas e trabalhadores da \u00e1rea de comunica\u00e7\u00e3o. O protesto se realizou pouco depois do funeral do jornalista Javier Valdez, que fora assassinado por homens armados na\u00a0quarta-feira. Outra jornalista, Sonia C\u00f3rdoba, tamb\u00e9m foi ferida por balas na quarta feira\u00a0em um ataque em que seu filho morreu. Na segunda, v\u00e1rios meios de comunica\u00e7\u00e3o digitais mexicanos organizaram uma greve de um dia, durante as quais se negaram a publicar nada, exceto uma bandeira negra com a informa\u00e7\u00e3o sobre os jornalistas mortos. As seguintes palavras s\u00e3o declara\u00e7\u00f5es da jornalista premiada Carmem Aristegui, que protesta na cidade do M\u00e9xico<\/p>\n<p class=\"p1\">Carmem &#8211;<\/p>\n<blockquote>\n<p class=\"p1\">Valdez se converte para n\u00f3s em um caso de emblema, Javier Vladez e sua morte devem significar profundas coisas para a gente. Javier deve significar uma motiva\u00e7\u00e3o. N\u00e3o ao sil\u00eancio, n\u00e3o a auto-censura, n\u00e3o ao medo. Aqui, juntos, temos que dar valor para seguir informando, para seguir reportando, para seguir investigando, para seguir denunciando, para seguir opinando, para falar,\u00a0dizer e dizer.<\/p>\n<\/blockquote>\n","protected":false},"excerpt":{"rendered":"<p>No M\u00e9xico, centenas de jornalistas protestaram em frente ao Minist\u00e9rio do interior na quarta para exigir o fim da viol\u00eancia contra jornalistas e trabalhadores da \u00e1rea de comunica\u00e7\u00e3o. O protesto se realizou pouco depois do funeral do jornalista Javier Valdez,&hellip;<\/p>\n","protected":false},"author":44,"featured_media":471959,"comment_status":"closed","ping_status":"closed","sticky":false,"template":"","format":"standard","meta":{"footnotes":""},"categories":[112,116,1256],"tags":[18930],"class_list":["post-471958","post","type-post","status-publish","format-standard","has-post-thumbnail","hentry","category-cultura-pt-pt","category-direitos-humanos","category-nao-violencia","tag-jornalismo"],"yoast_head":"<!-- This site is optimized with the Yoast SEO plugin v27.1.1 - https:\/\/yoast.com\/product\/yoast-seo-wordpress\/ -->\n<title>Jornalistas mexicanos protestam por conta de viol\u00eancia contra trabalhadores de comunica\u00e7\u00e3o<\/title>\n<meta name=\"description\" content=\"No M\u00e9xico, centenas de jornalistas protestaram em frente ao Minist\u00e9rio do interior na quarta para exigir o fim da viol\u00eancia contra jornalistas e\" \/>\n<meta name=\"robots\" content=\"index, follow, max-snippet:-1, max-image-preview:large, max-video-preview:-1\" \/>\n<link rel=\"canonical\" href=\"https:\/\/www.pressenza.com\/pt-pt\/2017\/05\/javiezvaldez\/\" \/>\n<meta property=\"og:locale\" content=\"pt_PT\" \/>\n<meta property=\"og:type\" content=\"article\" \/>\n<meta property=\"og:title\" content=\"Jornalistas mexicanos protestam por conta de viol\u00eancia contra trabalhadores de comunica\u00e7\u00e3o\" \/>\n<meta property=\"og:description\" content=\"No M\u00e9xico, centenas de jornalistas protestaram em frente ao Minist\u00e9rio do interior na quarta para exigir o fim da viol\u00eancia contra jornalistas e\" \/>\n<meta property=\"og:url\" content=\"https:\/\/www.pressenza.com\/pt-pt\/2017\/05\/javiezvaldez\/\" \/>\n<meta property=\"og:site_name\" content=\"Pressenza\" \/>\n<meta property=\"article:publisher\" content=\"https:\/\/www.facebook.com\/PressenzaItalia\" \/>\n<meta property=\"article:author\" content=\"https:\/\/www.facebook.com\/PressenzaPortugues\" \/>\n<meta property=\"article:published_time\" content=\"2017-05-30T20:55:56+00:00\" \/>\n<meta property=\"article:modified_time\" content=\"2017-05-30T21:00:38+00:00\" \/>\n<meta property=\"og:image\" content=\"https:\/\/www.pressenza.com\/wp-content\/uploads\/2017\/05\/H11_Journalists_Killed-720x405-1.jpg\" \/>\n\t<meta property=\"og:image:width\" content=\"720\" \/>\n\t<meta property=\"og:image:height\" content=\"405\" \/>\n\t<meta property=\"og:image:type\" content=\"image\/jpeg\" \/>\n<meta name=\"author\" content=\"Reda\u00e7\u00e3o S\u00e3o Paulo\" \/>\n<meta name=\"twitter:card\" content=\"summary_large_image\" \/>\n<meta name=\"twitter:creator\" content=\"@pressenza_pt\" \/>\n<meta name=\"twitter:site\" content=\"@PressenzaIPA\" \/>\n<meta name=\"twitter:label1\" content=\"Escrito por\" \/>\n\t<meta name=\"twitter:data1\" content=\"Reda\u00e7\u00e3o S\u00e3o Paulo\" \/>\n\t<meta name=\"twitter:label2\" content=\"Tempo estimado de leitura\" \/>\n\t<meta name=\"twitter:data2\" content=\"1 minuto\" \/>\n<script type=\"application\/ld+json\" class=\"yoast-schema-graph\">{\"@context\":\"https:\/\/schema.org\",\"@graph\":[{\"@type\":\"Article\",\"@id\":\"https:\/\/www.pressenza.com\/pt-pt\/2017\/05\/javiezvaldez\/#article\",\"isPartOf\":{\"@id\":\"https:\/\/www.pressenza.com\/pt-pt\/2017\/05\/javiezvaldez\/\"},\"author\":{\"name\":\"Reda\u00e7\u00e3o S\u00e3o Paulo\",\"@id\":\"https:\/\/www.pressenza.com\/pt-pt\/#\/schema\/person\/d171826afb7693cfc394da95892bfd93\"},\"headline\":\"Jornalistas mexicanos protestam por conta de viol\u00eancia contra trabalhadores de comunica\u00e7\u00e3o\",\"datePublished\":\"2017-05-30T20:55:56+00:00\",\"dateModified\":\"2017-05-30T21:00:38+00:00\",\"mainEntityOfPage\":{\"@id\":\"https:\/\/www.pressenza.com\/pt-pt\/2017\/05\/javiezvaldez\/\"},\"wordCount\":212,\"publisher\":{\"@id\":\"https:\/\/www.pressenza.com\/pt-pt\/#organization\"},\"image\":{\"@id\":\"https:\/\/www.pressenza.com\/pt-pt\/2017\/05\/javiezvaldez\/#primaryimage\"},\"thumbnailUrl\":\"https:\/\/www.pressenza.com\/wp-content\/uploads\/2017\/05\/H11_Journalists_Killed-720x405-1.jpg\",\"keywords\":[\"jornalismo\"],\"articleSection\":[\"Cultura e M\u00eddia\",\"Direitos Humanos\",\"N\u00e3o viol\u00eancia\"],\"inLanguage\":\"pt-PT\"},{\"@type\":\"WebPage\",\"@id\":\"https:\/\/www.pressenza.com\/pt-pt\/2017\/05\/javiezvaldez\/\",\"url\":\"https:\/\/www.pressenza.com\/pt-pt\/2017\/05\/javiezvaldez\/\",\"name\":\"Jornalistas mexicanos protestam por conta de viol\u00eancia contra trabalhadores de comunica\u00e7\u00e3o\",\"isPartOf\":{\"@id\":\"https:\/\/www.pressenza.com\/pt-pt\/#website\"},\"primaryImageOfPage\":{\"@id\":\"https:\/\/www.pressenza.com\/pt-pt\/2017\/05\/javiezvaldez\/#primaryimage\"},\"image\":{\"@id\":\"https:\/\/www.pressenza.com\/pt-pt\/2017\/05\/javiezvaldez\/#primaryimage\"},\"thumbnailUrl\":\"https:\/\/www.pressenza.com\/wp-content\/uploads\/2017\/05\/H11_Journalists_Killed-720x405-1.jpg\",\"datePublished\":\"2017-05-30T20:55:56+00:00\",\"dateModified\":\"2017-05-30T21:00:38+00:00\",\"description\":\"No M\u00e9xico, centenas de jornalistas protestaram em frente ao Minist\u00e9rio do interior na quarta para exigir o fim da viol\u00eancia contra jornalistas e\",\"breadcrumb\":{\"@id\":\"https:\/\/www.pressenza.com\/pt-pt\/2017\/05\/javiezvaldez\/#breadcrumb\"},\"inLanguage\":\"pt-PT\",\"potentialAction\":[{\"@type\":\"ReadAction\",\"target\":[\"https:\/\/www.pressenza.com\/pt-pt\/2017\/05\/javiezvaldez\/\"]}]},{\"@type\":\"ImageObject\",\"inLanguage\":\"pt-PT\",\"@id\":\"https:\/\/www.pressenza.com\/pt-pt\/2017\/05\/javiezvaldez\/#primaryimage\",\"url\":\"https:\/\/www.pressenza.com\/wp-content\/uploads\/2017\/05\/H11_Journalists_Killed-720x405-1.jpg\",\"contentUrl\":\"https:\/\/www.pressenza.com\/wp-content\/uploads\/2017\/05\/H11_Journalists_Killed-720x405-1.jpg\",\"width\":720,\"height\":405},{\"@type\":\"BreadcrumbList\",\"@id\":\"https:\/\/www.pressenza.com\/pt-pt\/2017\/05\/javiezvaldez\/#breadcrumb\",\"itemListElement\":[{\"@type\":\"ListItem\",\"position\":1,\"name\":\"Accueil\",\"item\":\"https:\/\/www.pressenza.com\/pt-pt\/\"},{\"@type\":\"ListItem\",\"position\":2,\"name\":\"Jornalistas mexicanos protestam por conta de viol\u00eancia contra trabalhadores de comunica\u00e7\u00e3o\"}]},{\"@type\":\"WebSite\",\"@id\":\"https:\/\/www.pressenza.com\/pt-pt\/#website\",\"url\":\"https:\/\/www.pressenza.com\/pt-pt\/\",\"name\":\"Pressenza\",\"description\":\"International Press Agency\",\"publisher\":{\"@id\":\"https:\/\/www.pressenza.com\/pt-pt\/#organization\"},\"potentialAction\":[{\"@type\":\"SearchAction\",\"target\":{\"@type\":\"EntryPoint\",\"urlTemplate\":\"https:\/\/www.pressenza.com\/pt-pt\/?s={search_term_string}\"},\"query-input\":{\"@type\":\"PropertyValueSpecification\",\"valueRequired\":true,\"valueName\":\"search_term_string\"}}],\"inLanguage\":\"pt-PT\"},{\"@type\":\"Organization\",\"@id\":\"https:\/\/www.pressenza.com\/pt-pt\/#organization\",\"name\":\"Pressenza\",\"url\":\"https:\/\/www.pressenza.com\/pt-pt\/\",\"logo\":{\"@type\":\"ImageObject\",\"inLanguage\":\"pt-PT\",\"@id\":\"https:\/\/www.pressenza.com\/pt-pt\/#\/schema\/logo\/image\/\",\"url\":\"https:\/\/www.pressenza.com\/wp-content\/uploads\/2022\/10\/pressenza_logo_200x200.jpg\",\"contentUrl\":\"https:\/\/www.pressenza.com\/wp-content\/uploads\/2022\/10\/pressenza_logo_200x200.jpg\",\"width\":200,\"height\":200,\"caption\":\"Pressenza\"},\"image\":{\"@id\":\"https:\/\/www.pressenza.com\/pt-pt\/#\/schema\/logo\/image\/\"},\"sameAs\":[\"https:\/\/www.facebook.com\/PressenzaItalia\",\"https:\/\/x.com\/PressenzaIPA\"]},{\"@type\":\"Person\",\"@id\":\"https:\/\/www.pressenza.com\/pt-pt\/#\/schema\/person\/d171826afb7693cfc394da95892bfd93\",\"name\":\"Reda\u00e7\u00e3o S\u00e3o Paulo\",\"description\":\"News from the Pressenza bureau in Sao Paulo, Brazil\",\"sameAs\":[\"https:\/\/www.facebook.com\/PressenzaPortugues\",\"https:\/\/x.com\/pressenza_pt\"],\"url\":\"https:\/\/www.pressenza.com\/pt-pt\/author\/redaccao-sao-paulo\/\"}]}<\/script>\n<!-- \/ Yoast SEO plugin. -->","yoast_head_json":{"title":"Jornalistas mexicanos protestam por conta de viol\u00eancia contra trabalhadores de comunica\u00e7\u00e3o","description":"No M\u00e9xico, centenas de jornalistas protestaram em frente ao Minist\u00e9rio do interior na quarta para exigir o fim da viol\u00eancia contra jornalistas e","robots":{"index":"index","follow":"follow","max-snippet":"max-snippet:-1","max-image-preview":"max-image-preview:large","max-video-preview":"max-video-preview:-1"},"canonical":"https:\/\/www.pressenza.com\/pt-pt\/2017\/05\/javiezvaldez\/","og_locale":"pt_PT","og_type":"article","og_title":"Jornalistas mexicanos protestam por conta de viol\u00eancia contra trabalhadores de comunica\u00e7\u00e3o","og_description":"No M\u00e9xico, centenas de jornalistas protestaram em frente ao Minist\u00e9rio do interior na quarta para exigir o fim da viol\u00eancia contra jornalistas e","og_url":"https:\/\/www.pressenza.com\/pt-pt\/2017\/05\/javiezvaldez\/","og_site_name":"Pressenza","article_publisher":"https:\/\/www.facebook.com\/PressenzaItalia","article_author":"https:\/\/www.facebook.com\/PressenzaPortugues","article_published_time":"2017-05-30T20:55:56+00:00","article_modified_time":"2017-05-30T21:00:38+00:00","og_image":[{"width":720,"height":405,"url":"https:\/\/www.pressenza.com\/wp-content\/uploads\/2017\/05\/H11_Journalists_Killed-720x405-1.jpg","type":"image\/jpeg"}],"author":"Reda\u00e7\u00e3o S\u00e3o Paulo","twitter_card":"summary_large_image","twitter_creator":"@pressenza_pt","twitter_site":"@PressenzaIPA","twitter_misc":{"Escrito por":"Reda\u00e7\u00e3o S\u00e3o Paulo","Tempo estimado de leitura":"1 minuto"},"schema":{"@context":"https:\/\/schema.org","@graph":[{"@type":"Article","@id":"https:\/\/www.pressenza.com\/pt-pt\/2017\/05\/javiezvaldez\/#article","isPartOf":{"@id":"https:\/\/www.pressenza.com\/pt-pt\/2017\/05\/javiezvaldez\/"},"author":{"name":"Reda\u00e7\u00e3o S\u00e3o Paulo","@id":"https:\/\/www.pressenza.com\/pt-pt\/#\/schema\/person\/d171826afb7693cfc394da95892bfd93"},"headline":"Jornalistas mexicanos protestam por conta de viol\u00eancia contra trabalhadores de comunica\u00e7\u00e3o","datePublished":"2017-05-30T20:55:56+00:00","dateModified":"2017-05-30T21:00:38+00:00","mainEntityOfPage":{"@id":"https:\/\/www.pressenza.com\/pt-pt\/2017\/05\/javiezvaldez\/"},"wordCount":212,"publisher":{"@id":"https:\/\/www.pressenza.com\/pt-pt\/#organization"},"image":{"@id":"https:\/\/www.pressenza.com\/pt-pt\/2017\/05\/javiezvaldez\/#primaryimage"},"thumbnailUrl":"https:\/\/www.pressenza.com\/wp-content\/uploads\/2017\/05\/H11_Journalists_Killed-720x405-1.jpg","keywords":["jornalismo"],"articleSection":["Cultura e M\u00eddia","Direitos Humanos","N\u00e3o viol\u00eancia"],"inLanguage":"pt-PT"},{"@type":"WebPage","@id":"https:\/\/www.pressenza.com\/pt-pt\/2017\/05\/javiezvaldez\/","url":"https:\/\/www.pressenza.com\/pt-pt\/2017\/05\/javiezvaldez\/","name":"Jornalistas mexicanos protestam por conta de viol\u00eancia contra trabalhadores de comunica\u00e7\u00e3o","isPartOf":{"@id":"https:\/\/www.pressenza.com\/pt-pt\/#website"},"primaryImageOfPage":{"@id":"https:\/\/www.pressenza.com\/pt-pt\/2017\/05\/javiezvaldez\/#primaryimage"},"image":{"@id":"https:\/\/www.pressenza.com\/pt-pt\/2017\/05\/javiezvaldez\/#primaryimage"},"thumbnailUrl":"https:\/\/www.pressenza.com\/wp-content\/uploads\/2017\/05\/H11_Journalists_Killed-720x405-1.jpg","datePublished":"2017-05-30T20:55:56+00:00","dateModified":"2017-05-30T21:00:38+00:00","description":"No M\u00e9xico, centenas de jornalistas protestaram em frente ao Minist\u00e9rio do interior na quarta para exigir o fim da viol\u00eancia contra jornalistas e","breadcrumb":{"@id":"https:\/\/www.pressenza.com\/pt-pt\/2017\/05\/javiezvaldez\/#breadcrumb"},"inLanguage":"pt-PT","potentialAction":[{"@type":"ReadAction","target":["https:\/\/www.pressenza.com\/pt-pt\/2017\/05\/javiezvaldez\/"]}]},{"@type":"ImageObject","inLanguage":"pt-PT","@id":"https:\/\/www.pressenza.com\/pt-pt\/2017\/05\/javiezvaldez\/#primaryimage","url":"https:\/\/www.pressenza.com\/wp-content\/uploads\/2017\/05\/H11_Journalists_Killed-720x405-1.jpg","contentUrl":"https:\/\/www.pressenza.com\/wp-content\/uploads\/2017\/05\/H11_Journalists_Killed-720x405-1.jpg","width":720,"height":405},{"@type":"BreadcrumbList","@id":"https:\/\/www.pressenza.com\/pt-pt\/2017\/05\/javiezvaldez\/#breadcrumb","itemListElement":[{"@type":"ListItem","position":1,"name":"Accueil","item":"https:\/\/www.pressenza.com\/pt-pt\/"},{"@type":"ListItem","position":2,"name":"Jornalistas mexicanos protestam por conta de viol\u00eancia contra trabalhadores de comunica\u00e7\u00e3o"}]},{"@type":"WebSite","@id":"https:\/\/www.pressenza.com\/pt-pt\/#website","url":"https:\/\/www.pressenza.com\/pt-pt\/","name":"Pressenza","description":"International Press Agency","publisher":{"@id":"https:\/\/www.pressenza.com\/pt-pt\/#organization"},"potentialAction":[{"@type":"SearchAction","target":{"@type":"EntryPoint","urlTemplate":"https:\/\/www.pressenza.com\/pt-pt\/?s={search_term_string}"},"query-input":{"@type":"PropertyValueSpecification","valueRequired":true,"valueName":"search_term_string"}}],"inLanguage":"pt-PT"},{"@type":"Organization","@id":"https:\/\/www.pressenza.com\/pt-pt\/#organization","name":"Pressenza","url":"https:\/\/www.pressenza.com\/pt-pt\/","logo":{"@type":"ImageObject","inLanguage":"pt-PT","@id":"https:\/\/www.pressenza.com\/pt-pt\/#\/schema\/logo\/image\/","url":"https:\/\/www.pressenza.com\/wp-content\/uploads\/2022\/10\/pressenza_logo_200x200.jpg","contentUrl":"https:\/\/www.pressenza.com\/wp-content\/uploads\/2022\/10\/pressenza_logo_200x200.jpg","width":200,"height":200,"caption":"Pressenza"},"image":{"@id":"https:\/\/www.pressenza.com\/pt-pt\/#\/schema\/logo\/image\/"},"sameAs":["https:\/\/www.facebook.com\/PressenzaItalia","https:\/\/x.com\/PressenzaIPA"]},{"@type":"Person","@id":"https:\/\/www.pressenza.com\/pt-pt\/#\/schema\/person\/d171826afb7693cfc394da95892bfd93","name":"Reda\u00e7\u00e3o S\u00e3o Paulo","description":"News from the Pressenza bureau in Sao Paulo, Brazil","sameAs":["https:\/\/www.facebook.com\/PressenzaPortugues","https:\/\/x.com\/pressenza_pt"],"url":"https:\/\/www.pressenza.com\/pt-pt\/author\/redaccao-sao-paulo\/"}]}},"place":"","original_article_url":"","_links":{"self":[{"href":"https:\/\/www.pressenza.com\/pt-pt\/wp-json\/wp\/v2\/posts\/471958","targetHints":{"allow":["GET"]}}],"collection":[{"href":"https:\/\/www.pressenza.com\/pt-pt\/wp-json\/wp\/v2\/posts"}],"about":[{"href":"https:\/\/www.pressenza.com\/pt-pt\/wp-json\/wp\/v2\/types\/post"}],"author":[{"embeddable":true,"href":"https:\/\/www.pressenza.com\/pt-pt\/wp-json\/wp\/v2\/users\/44"}],"replies":[{"embeddable":true,"href":"https:\/\/www.pressenza.com\/pt-pt\/wp-json\/wp\/v2\/comments?post=471958"}],"version-history":[{"count":0,"href":"https:\/\/www.pressenza.com\/pt-pt\/wp-json\/wp\/v2\/posts\/471958\/revisions"}],"wp:featuredmedia":[{"embeddable":true,"href":"https:\/\/www.pressenza.com\/pt-pt\/wp-json\/wp\/v2\/media\/471959"}],"wp:attachment":[{"href":"https:\/\/www.pressenza.com\/pt-pt\/wp-json\/wp\/v2\/media?parent=471958"}],"wp:term":[{"taxonomy":"category","embeddable":true,"href":"https:\/\/www.pressenza.com\/pt-pt\/wp-json\/wp\/v2\/categories?post=471958"},{"taxonomy":"post_tag","embeddable":true,"href":"https:\/\/www.pressenza.com\/pt-pt\/wp-json\/wp\/v2\/tags?post=471958"}],"curies":[{"name":"wp","href":"https:\/\/api.w.org\/{rel}","templated":true}]}}