{"id":46654,"date":"2013-04-08T16:54:27","date_gmt":"2013-04-08T15:54:27","guid":{"rendered":"http:\/\/www.pressenza.com\/?p=46654"},"modified":"2013-04-09T02:02:49","modified_gmt":"2013-04-09T01:02:49","slug":"vaticano-chamou-relatorios-de-massacres-de-pinochet-de-propaganda-comunista","status":"publish","type":"post","link":"https:\/\/www.pressenza.com\/pt-pt\/2013\/04\/vaticano-chamou-relatorios-de-massacres-de-pinochet-de-propaganda-comunista\/","title":{"rendered":"Vaticano chamou relat\u00f3rios de massacres de Pinochet de &#8216;propaganda comunista&#8217;"},"content":{"rendered":"<p>O Vaticano classificou em 1973 de propaganda comunista os relat\u00f3rios dos massacres realizados pelo ditador chileno Augusto Pinochet, segundo documentos diplom\u00e1ticos e de intelig\u00eancia americanos da \u00e9poca divulgados nesta segunda-feira.<\/p>\n<p>O site do Wilileaks publicou um documento datado de 18 de outubro de 1973, enviado a Washington pela embaixada dos Estados Unidos perante a Santa S\u00e9, que reproduzia uma conversa com o ent\u00e3o secret\u00e1rio de Estado adjunto do Vaticano, Giovanni Benelli, sobre este tema.<\/p>\n<p>Nesta conversa, Benelli expressou &#8220;a sua profunda preocupa\u00e7\u00e3o, assim como a do Papa, por uma campanha internacional esquerdista que distorce completamente, e com \u00eaxito, a realidade da situa\u00e7\u00e3o chilena&#8221;, descreve o documento enviado ao ent\u00e3o secret\u00e1rio americano de Estado, Henry Kissinger.<\/p>\n<p>&#8220;Benelli rotulou a cobertura dos acontecimentos como a de maior sucesso da propaganda comunista&#8221;, afirma o documento, acrescentando que o monsenhor italiano disse que esta \u00e9 uma amostra &#8220;de como os comunistas poder\u00e3o influenciar nos meios de comunica\u00e7\u00e3o do mundo livre no futuro&#8221;.<\/p>\n<p>&#8220;Como \u00e9 natural, infelizmente, ap\u00f3s um golpe de Estado &#8211; comentou Benelli &#8211; houve, sem d\u00favida, derramamento de sangue&#8221; no Chile.<\/p>\n<p>Mas Benelli acrescentou que os bispos chilenos afirmaram que &#8220;as not\u00edcias sobre repres\u00e1lias brutais em meios de comunica\u00e7\u00e3o internacionais eram infelizes&#8221;.<\/p>\n<p>Esta conversa ocorreu cinco semanas depois que o general Augusto Pinochet derrubou o regime socialista de Salvador Allende.<\/p>\n","protected":false},"excerpt":{"rendered":"<p>O Vaticano classificou em 1973 de propaganda comunista os relat\u00f3rios dos massacres realizados pelo ditador chileno Augusto Pinochet, segundo documentos diplom\u00e1ticos e de intelig\u00eancia americanos da \u00e9poca divulgados nesta segunda-feira. O site do Wilileaks publicou um documento datado de 18&hellip;<\/p>\n","protected":false},"author":839,"featured_media":46700,"comment_status":"closed","ping_status":"open","sticky":false,"template":"","format":"standard","meta":{"footnotes":""},"categories":[104,116,103],"tags":[],"class_list":["post-46654","post","type-post","status-publish","format-standard","has-post-thumbnail","hentry","category-america-do-sul","category-direitos-humanos","category-europa-pt-pt"],"yoast_head":"<!-- This site is optimized with the Yoast SEO plugin v27.1.1 - https:\/\/yoast.com\/product\/yoast-seo-wordpress\/ -->\n<title>Vaticano chamou relat\u00f3rios de massacres de Pinochet de &#039;propaganda comunista&#039;<\/title>\n<meta name=\"description\" content=\"O Vaticano classificou em 1973 de propaganda comunista os relat\u00f3rios dos massacres realizados pelo ditador chileno Augusto Pinochet, segundo documentos\" \/>\n<meta name=\"robots\" content=\"index, follow, max-snippet:-1, max-image-preview:large, max-video-preview:-1\" \/>\n<link rel=\"canonical\" href=\"https:\/\/www.pressenza.com\/pt-pt\/2013\/04\/vaticano-chamou-relatorios-de-massacres-de-pinochet-de-propaganda-comunista\/\" \/>\n<meta property=\"og:locale\" content=\"pt_PT\" \/>\n<meta property=\"og:type\" content=\"article\" \/>\n<meta property=\"og:title\" content=\"Vaticano chamou relat\u00f3rios de massacres de Pinochet de &#039;propaganda comunista&#039;\" \/>\n<meta property=\"og:description\" content=\"O Vaticano classificou em 1973 de propaganda comunista os relat\u00f3rios dos massacres realizados pelo ditador chileno Augusto Pinochet, segundo documentos\" \/>\n<meta property=\"og:url\" content=\"https:\/\/www.pressenza.com\/pt-pt\/2013\/04\/vaticano-chamou-relatorios-de-massacres-de-pinochet-de-propaganda-comunista\/\" \/>\n<meta property=\"og:site_name\" content=\"Pressenza\" \/>\n<meta property=\"article:publisher\" content=\"https:\/\/www.facebook.com\/PressenzaItalia\" \/>\n<meta property=\"article:published_time\" content=\"2013-04-08T15:54:27+00:00\" \/>\n<meta property=\"article:modified_time\" content=\"2013-04-09T01:02:49+00:00\" \/>\n<meta property=\"og:image\" content=\"https:\/\/www.pressenza.com\/wp-content\/uploads\/2013\/04\/mapa-vaticano.gif\" \/>\n\t<meta property=\"og:image:width\" content=\"1391\" \/>\n\t<meta property=\"og:image:height\" content=\"1055\" \/>\n\t<meta property=\"og:image:type\" content=\"image\/gif\" \/>\n<meta name=\"author\" content=\"Radio Mo\u00e7ambique\" \/>\n<meta name=\"twitter:card\" content=\"summary_large_image\" \/>\n<meta name=\"twitter:creator\" content=\"@PressenzaIPA\" \/>\n<meta name=\"twitter:site\" content=\"@PressenzaIPA\" \/>\n<meta name=\"twitter:label1\" content=\"Escrito por\" \/>\n\t<meta name=\"twitter:data1\" content=\"Radio Mo\u00e7ambique\" \/>\n\t<meta name=\"twitter:label2\" content=\"Tempo estimado de leitura\" \/>\n\t<meta name=\"twitter:data2\" content=\"1 minuto\" \/>\n<script type=\"application\/ld+json\" class=\"yoast-schema-graph\">{\"@context\":\"https:\/\/schema.org\",\"@graph\":[{\"@type\":\"Article\",\"@id\":\"https:\/\/www.pressenza.com\/pt-pt\/2013\/04\/vaticano-chamou-relatorios-de-massacres-de-pinochet-de-propaganda-comunista\/#article\",\"isPartOf\":{\"@id\":\"https:\/\/www.pressenza.com\/pt-pt\/2013\/04\/vaticano-chamou-relatorios-de-massacres-de-pinochet-de-propaganda-comunista\/\"},\"author\":{\"name\":\"Radio Mo\u00e7ambique\",\"@id\":\"https:\/\/www.pressenza.com\/pt-pt\/#\/schema\/person\/621b040c6493b3c28792a340f46a3c79\"},\"headline\":\"Vaticano chamou relat\u00f3rios de massacres de Pinochet de &#8216;propaganda comunista&#8217;\",\"datePublished\":\"2013-04-08T15:54:27+00:00\",\"dateModified\":\"2013-04-09T01:02:49+00:00\",\"mainEntityOfPage\":{\"@id\":\"https:\/\/www.pressenza.com\/pt-pt\/2013\/04\/vaticano-chamou-relatorios-de-massacres-de-pinochet-de-propaganda-comunista\/\"},\"wordCount\":240,\"publisher\":{\"@id\":\"https:\/\/www.pressenza.com\/pt-pt\/#organization\"},\"image\":{\"@id\":\"https:\/\/www.pressenza.com\/pt-pt\/2013\/04\/vaticano-chamou-relatorios-de-massacres-de-pinochet-de-propaganda-comunista\/#primaryimage\"},\"thumbnailUrl\":\"https:\/\/www.pressenza.com\/wp-content\/uploads\/2013\/04\/mapa-vaticano.gif\",\"articleSection\":[\"\u00c1m\u00e9rica do Sul\",\"Direitos Humanos\",\"Europa\"],\"inLanguage\":\"pt-PT\"},{\"@type\":\"WebPage\",\"@id\":\"https:\/\/www.pressenza.com\/pt-pt\/2013\/04\/vaticano-chamou-relatorios-de-massacres-de-pinochet-de-propaganda-comunista\/\",\"url\":\"https:\/\/www.pressenza.com\/pt-pt\/2013\/04\/vaticano-chamou-relatorios-de-massacres-de-pinochet-de-propaganda-comunista\/\",\"name\":\"Vaticano chamou relat\u00f3rios de massacres de Pinochet de 'propaganda comunista'\",\"isPartOf\":{\"@id\":\"https:\/\/www.pressenza.com\/pt-pt\/#website\"},\"primaryImageOfPage\":{\"@id\":\"https:\/\/www.pressenza.com\/pt-pt\/2013\/04\/vaticano-chamou-relatorios-de-massacres-de-pinochet-de-propaganda-comunista\/#primaryimage\"},\"image\":{\"@id\":\"https:\/\/www.pressenza.com\/pt-pt\/2013\/04\/vaticano-chamou-relatorios-de-massacres-de-pinochet-de-propaganda-comunista\/#primaryimage\"},\"thumbnailUrl\":\"https:\/\/www.pressenza.com\/wp-content\/uploads\/2013\/04\/mapa-vaticano.gif\",\"datePublished\":\"2013-04-08T15:54:27+00:00\",\"dateModified\":\"2013-04-09T01:02:49+00:00\",\"description\":\"O Vaticano classificou em 1973 de propaganda comunista os relat\u00f3rios dos massacres realizados pelo ditador chileno Augusto Pinochet, segundo documentos\",\"breadcrumb\":{\"@id\":\"https:\/\/www.pressenza.com\/pt-pt\/2013\/04\/vaticano-chamou-relatorios-de-massacres-de-pinochet-de-propaganda-comunista\/#breadcrumb\"},\"inLanguage\":\"pt-PT\",\"potentialAction\":[{\"@type\":\"ReadAction\",\"target\":[\"https:\/\/www.pressenza.com\/pt-pt\/2013\/04\/vaticano-chamou-relatorios-de-massacres-de-pinochet-de-propaganda-comunista\/\"]}]},{\"@type\":\"ImageObject\",\"inLanguage\":\"pt-PT\",\"@id\":\"https:\/\/www.pressenza.com\/pt-pt\/2013\/04\/vaticano-chamou-relatorios-de-massacres-de-pinochet-de-propaganda-comunista\/#primaryimage\",\"url\":\"https:\/\/www.pressenza.com\/wp-content\/uploads\/2013\/04\/mapa-vaticano.gif\",\"contentUrl\":\"https:\/\/www.pressenza.com\/wp-content\/uploads\/2013\/04\/mapa-vaticano.gif\",\"width\":1391,\"height\":1055},{\"@type\":\"BreadcrumbList\",\"@id\":\"https:\/\/www.pressenza.com\/pt-pt\/2013\/04\/vaticano-chamou-relatorios-de-massacres-de-pinochet-de-propaganda-comunista\/#breadcrumb\",\"itemListElement\":[{\"@type\":\"ListItem\",\"position\":1,\"name\":\"Accueil\",\"item\":\"https:\/\/www.pressenza.com\/pt-pt\/\"},{\"@type\":\"ListItem\",\"position\":2,\"name\":\"Vaticano chamou relat\u00f3rios de massacres de Pinochet de &#8216;propaganda comunista&#8217;\"}]},{\"@type\":\"WebSite\",\"@id\":\"https:\/\/www.pressenza.com\/pt-pt\/#website\",\"url\":\"https:\/\/www.pressenza.com\/pt-pt\/\",\"name\":\"Pressenza\",\"description\":\"International Press Agency\",\"publisher\":{\"@id\":\"https:\/\/www.pressenza.com\/pt-pt\/#organization\"},\"potentialAction\":[{\"@type\":\"SearchAction\",\"target\":{\"@type\":\"EntryPoint\",\"urlTemplate\":\"https:\/\/www.pressenza.com\/pt-pt\/?s={search_term_string}\"},\"query-input\":{\"@type\":\"PropertyValueSpecification\",\"valueRequired\":true,\"valueName\":\"search_term_string\"}}],\"inLanguage\":\"pt-PT\"},{\"@type\":\"Organization\",\"@id\":\"https:\/\/www.pressenza.com\/pt-pt\/#organization\",\"name\":\"Pressenza\",\"url\":\"https:\/\/www.pressenza.com\/pt-pt\/\",\"logo\":{\"@type\":\"ImageObject\",\"inLanguage\":\"pt-PT\",\"@id\":\"https:\/\/www.pressenza.com\/pt-pt\/#\/schema\/logo\/image\/\",\"url\":\"https:\/\/www.pressenza.com\/wp-content\/uploads\/2022\/10\/pressenza_logo_200x200.jpg\",\"contentUrl\":\"https:\/\/www.pressenza.com\/wp-content\/uploads\/2022\/10\/pressenza_logo_200x200.jpg\",\"width\":200,\"height\":200,\"caption\":\"Pressenza\"},\"image\":{\"@id\":\"https:\/\/www.pressenza.com\/pt-pt\/#\/schema\/logo\/image\/\"},\"sameAs\":[\"https:\/\/www.facebook.com\/PressenzaItalia\",\"https:\/\/x.com\/PressenzaIPA\"]},{\"@type\":\"Person\",\"@id\":\"https:\/\/www.pressenza.com\/pt-pt\/#\/schema\/person\/621b040c6493b3c28792a340f46a3c79\",\"name\":\"Radio Mo\u00e7ambique\",\"url\":\"https:\/\/www.pressenza.com\/pt-pt\/author\/radio-mocambique\/\"}]}<\/script>\n<!-- \/ Yoast SEO plugin. -->","yoast_head_json":{"title":"Vaticano chamou relat\u00f3rios de massacres de Pinochet de 'propaganda comunista'","description":"O Vaticano classificou em 1973 de propaganda comunista os relat\u00f3rios dos massacres realizados pelo ditador chileno Augusto Pinochet, segundo documentos","robots":{"index":"index","follow":"follow","max-snippet":"max-snippet:-1","max-image-preview":"max-image-preview:large","max-video-preview":"max-video-preview:-1"},"canonical":"https:\/\/www.pressenza.com\/pt-pt\/2013\/04\/vaticano-chamou-relatorios-de-massacres-de-pinochet-de-propaganda-comunista\/","og_locale":"pt_PT","og_type":"article","og_title":"Vaticano chamou relat\u00f3rios de massacres de Pinochet de 'propaganda comunista'","og_description":"O Vaticano classificou em 1973 de propaganda comunista os relat\u00f3rios dos massacres realizados pelo ditador chileno Augusto Pinochet, segundo documentos","og_url":"https:\/\/www.pressenza.com\/pt-pt\/2013\/04\/vaticano-chamou-relatorios-de-massacres-de-pinochet-de-propaganda-comunista\/","og_site_name":"Pressenza","article_publisher":"https:\/\/www.facebook.com\/PressenzaItalia","article_published_time":"2013-04-08T15:54:27+00:00","article_modified_time":"2013-04-09T01:02:49+00:00","og_image":[{"width":1391,"height":1055,"url":"https:\/\/www.pressenza.com\/wp-content\/uploads\/2013\/04\/mapa-vaticano.gif","type":"image\/gif"}],"author":"Radio Mo\u00e7ambique","twitter_card":"summary_large_image","twitter_creator":"@PressenzaIPA","twitter_site":"@PressenzaIPA","twitter_misc":{"Escrito por":"Radio Mo\u00e7ambique","Tempo estimado de leitura":"1 minuto"},"schema":{"@context":"https:\/\/schema.org","@graph":[{"@type":"Article","@id":"https:\/\/www.pressenza.com\/pt-pt\/2013\/04\/vaticano-chamou-relatorios-de-massacres-de-pinochet-de-propaganda-comunista\/#article","isPartOf":{"@id":"https:\/\/www.pressenza.com\/pt-pt\/2013\/04\/vaticano-chamou-relatorios-de-massacres-de-pinochet-de-propaganda-comunista\/"},"author":{"name":"Radio Mo\u00e7ambique","@id":"https:\/\/www.pressenza.com\/pt-pt\/#\/schema\/person\/621b040c6493b3c28792a340f46a3c79"},"headline":"Vaticano chamou relat\u00f3rios de massacres de Pinochet de &#8216;propaganda comunista&#8217;","datePublished":"2013-04-08T15:54:27+00:00","dateModified":"2013-04-09T01:02:49+00:00","mainEntityOfPage":{"@id":"https:\/\/www.pressenza.com\/pt-pt\/2013\/04\/vaticano-chamou-relatorios-de-massacres-de-pinochet-de-propaganda-comunista\/"},"wordCount":240,"publisher":{"@id":"https:\/\/www.pressenza.com\/pt-pt\/#organization"},"image":{"@id":"https:\/\/www.pressenza.com\/pt-pt\/2013\/04\/vaticano-chamou-relatorios-de-massacres-de-pinochet-de-propaganda-comunista\/#primaryimage"},"thumbnailUrl":"https:\/\/www.pressenza.com\/wp-content\/uploads\/2013\/04\/mapa-vaticano.gif","articleSection":["\u00c1m\u00e9rica do Sul","Direitos Humanos","Europa"],"inLanguage":"pt-PT"},{"@type":"WebPage","@id":"https:\/\/www.pressenza.com\/pt-pt\/2013\/04\/vaticano-chamou-relatorios-de-massacres-de-pinochet-de-propaganda-comunista\/","url":"https:\/\/www.pressenza.com\/pt-pt\/2013\/04\/vaticano-chamou-relatorios-de-massacres-de-pinochet-de-propaganda-comunista\/","name":"Vaticano chamou relat\u00f3rios de massacres de Pinochet de 'propaganda comunista'","isPartOf":{"@id":"https:\/\/www.pressenza.com\/pt-pt\/#website"},"primaryImageOfPage":{"@id":"https:\/\/www.pressenza.com\/pt-pt\/2013\/04\/vaticano-chamou-relatorios-de-massacres-de-pinochet-de-propaganda-comunista\/#primaryimage"},"image":{"@id":"https:\/\/www.pressenza.com\/pt-pt\/2013\/04\/vaticano-chamou-relatorios-de-massacres-de-pinochet-de-propaganda-comunista\/#primaryimage"},"thumbnailUrl":"https:\/\/www.pressenza.com\/wp-content\/uploads\/2013\/04\/mapa-vaticano.gif","datePublished":"2013-04-08T15:54:27+00:00","dateModified":"2013-04-09T01:02:49+00:00","description":"O Vaticano classificou em 1973 de propaganda comunista os relat\u00f3rios dos massacres realizados pelo ditador chileno Augusto Pinochet, segundo documentos","breadcrumb":{"@id":"https:\/\/www.pressenza.com\/pt-pt\/2013\/04\/vaticano-chamou-relatorios-de-massacres-de-pinochet-de-propaganda-comunista\/#breadcrumb"},"inLanguage":"pt-PT","potentialAction":[{"@type":"ReadAction","target":["https:\/\/www.pressenza.com\/pt-pt\/2013\/04\/vaticano-chamou-relatorios-de-massacres-de-pinochet-de-propaganda-comunista\/"]}]},{"@type":"ImageObject","inLanguage":"pt-PT","@id":"https:\/\/www.pressenza.com\/pt-pt\/2013\/04\/vaticano-chamou-relatorios-de-massacres-de-pinochet-de-propaganda-comunista\/#primaryimage","url":"https:\/\/www.pressenza.com\/wp-content\/uploads\/2013\/04\/mapa-vaticano.gif","contentUrl":"https:\/\/www.pressenza.com\/wp-content\/uploads\/2013\/04\/mapa-vaticano.gif","width":1391,"height":1055},{"@type":"BreadcrumbList","@id":"https:\/\/www.pressenza.com\/pt-pt\/2013\/04\/vaticano-chamou-relatorios-de-massacres-de-pinochet-de-propaganda-comunista\/#breadcrumb","itemListElement":[{"@type":"ListItem","position":1,"name":"Accueil","item":"https:\/\/www.pressenza.com\/pt-pt\/"},{"@type":"ListItem","position":2,"name":"Vaticano chamou relat\u00f3rios de massacres de Pinochet de &#8216;propaganda comunista&#8217;"}]},{"@type":"WebSite","@id":"https:\/\/www.pressenza.com\/pt-pt\/#website","url":"https:\/\/www.pressenza.com\/pt-pt\/","name":"Pressenza","description":"International Press Agency","publisher":{"@id":"https:\/\/www.pressenza.com\/pt-pt\/#organization"},"potentialAction":[{"@type":"SearchAction","target":{"@type":"EntryPoint","urlTemplate":"https:\/\/www.pressenza.com\/pt-pt\/?s={search_term_string}"},"query-input":{"@type":"PropertyValueSpecification","valueRequired":true,"valueName":"search_term_string"}}],"inLanguage":"pt-PT"},{"@type":"Organization","@id":"https:\/\/www.pressenza.com\/pt-pt\/#organization","name":"Pressenza","url":"https:\/\/www.pressenza.com\/pt-pt\/","logo":{"@type":"ImageObject","inLanguage":"pt-PT","@id":"https:\/\/www.pressenza.com\/pt-pt\/#\/schema\/logo\/image\/","url":"https:\/\/www.pressenza.com\/wp-content\/uploads\/2022\/10\/pressenza_logo_200x200.jpg","contentUrl":"https:\/\/www.pressenza.com\/wp-content\/uploads\/2022\/10\/pressenza_logo_200x200.jpg","width":200,"height":200,"caption":"Pressenza"},"image":{"@id":"https:\/\/www.pressenza.com\/pt-pt\/#\/schema\/logo\/image\/"},"sameAs":["https:\/\/www.facebook.com\/PressenzaItalia","https:\/\/x.com\/PressenzaIPA"]},{"@type":"Person","@id":"https:\/\/www.pressenza.com\/pt-pt\/#\/schema\/person\/621b040c6493b3c28792a340f46a3c79","name":"Radio Mo\u00e7ambique","url":"https:\/\/www.pressenza.com\/pt-pt\/author\/radio-mocambique\/"}]}},"place":"","original_article_url":"","_links":{"self":[{"href":"https:\/\/www.pressenza.com\/pt-pt\/wp-json\/wp\/v2\/posts\/46654","targetHints":{"allow":["GET"]}}],"collection":[{"href":"https:\/\/www.pressenza.com\/pt-pt\/wp-json\/wp\/v2\/posts"}],"about":[{"href":"https:\/\/www.pressenza.com\/pt-pt\/wp-json\/wp\/v2\/types\/post"}],"author":[{"embeddable":true,"href":"https:\/\/www.pressenza.com\/pt-pt\/wp-json\/wp\/v2\/users\/839"}],"replies":[{"embeddable":true,"href":"https:\/\/www.pressenza.com\/pt-pt\/wp-json\/wp\/v2\/comments?post=46654"}],"version-history":[{"count":0,"href":"https:\/\/www.pressenza.com\/pt-pt\/wp-json\/wp\/v2\/posts\/46654\/revisions"}],"wp:featuredmedia":[{"embeddable":true,"href":"https:\/\/www.pressenza.com\/pt-pt\/wp-json\/wp\/v2\/media\/46700"}],"wp:attachment":[{"href":"https:\/\/www.pressenza.com\/pt-pt\/wp-json\/wp\/v2\/media?parent=46654"}],"wp:term":[{"taxonomy":"category","embeddable":true,"href":"https:\/\/www.pressenza.com\/pt-pt\/wp-json\/wp\/v2\/categories?post=46654"},{"taxonomy":"post_tag","embeddable":true,"href":"https:\/\/www.pressenza.com\/pt-pt\/wp-json\/wp\/v2\/tags?post=46654"}],"curies":[{"name":"wp","href":"https:\/\/api.w.org\/{rel}","templated":true}]}}