{"id":46202,"date":"2013-04-05T02:48:30","date_gmt":"2013-04-05T02:48:30","guid":{"rendered":"http:\/\/www.pressenza.com\/?p=46202"},"modified":"2013-04-05T12:36:48","modified_gmt":"2013-04-05T11:36:48","slug":"mocambique-lei-de-proteccao-da-crianca-incita-impunidade-aos-violadores-sexuais","status":"publish","type":"post","link":"https:\/\/www.pressenza.com\/pt-pt\/2013\/04\/mocambique-lei-de-proteccao-da-crianca-incita-impunidade-aos-violadores-sexuais\/","title":{"rendered":"Mo\u00e7ambique: Lei de Protec\u00e7\u00e3o da Crian\u00e7a incita impunidade aos violadores sexuais"},"content":{"rendered":"<p>A Lei de Promo\u00e7\u00e3o e Protec\u00e7\u00e3o dos Direitos da Crian\u00e7a em Mo\u00e7ambique (7\/2008) n\u00e3o garante o cumprimento e a efectividade dos privil\u00e9gios da classe para a qual foi criada, pois ela n\u00e3o \u00e9 aplicada e incita a impunidade dos violadores sexuais.<\/p>\n<p>Esta acep\u00e7\u00e3o foi defendida hoje, em Maputo, pela Secret\u00e1ria Executiva da WLSA Mo\u00e7ambique, uma organiza\u00e7\u00e3o feminista, Concei\u00e7\u00e3o Os\u00f3rio, numa entrevista a AIM.<\/p>\n<p>Os\u00f3rio explicou que esta lei preconiza que a viola\u00e7\u00e3o sexual s\u00f3 \u00e9 crime p\u00fablico at\u00e9 aos 12 anos de idade, enquanto a Constitui\u00e7\u00e3o da Rep\u00fablica define como menores todos aqueles que t\u00eam uma idade abaixo de 18 anos.<\/p>\n<p>Este facto, segundo ela, denuncia uma lacuna, viola os direitos das crian\u00e7as e as descrimina.<\/p>\n<p>&#8220;Gostar\u00edamos que a Lei de Promo\u00e7\u00e3o e Protec\u00e7\u00e3o dos Direitos da Crian\u00e7a fosse melhorada de acordo com a situa\u00e7\u00e3o actual no pa\u00eds de forma a proteger uma faixa et\u00e1ria acima de 12 anos de idade?&#8221;, disse.<\/p>\n<p>Para a Secret\u00e1ria Executiva da WLSA Mo\u00e7ambique, esta lei falha ainda por ter sido concebida de modo que a viola\u00e7\u00e3o sexual n\u00e3o seja pun\u00edvel quando n\u00e3o houver den\u00fancia por parte das v\u00edtimas ou da fam\u00edlia delas porque o sistema judicial mo\u00e7ambicano considera crime, um caso que \u00e9 comparticipado pelos intervenientes directos do sucedido.<\/p>\n<p>O artigo 409 da referida Lei estabelece que se o violador sexual casar com a v\u00edtima a pena \u00e9 suspensa e terminar\u00e1 cinco anos depois se n\u00e3o houver div\u00f3rcio ou separa\u00e7\u00e3o judicial.<\/p>\n<p>&#8220;Este dispositivo legal penaliza as pessoas ofendidas porque n\u00e3o passa de uma reiterada vitimiza\u00e7\u00e3o na medida em que, logo a seguir \u00e0 viola\u00e7\u00e3o, a pessoa \u00e9 for\u00e7ada a casar-se com o seu agressor. E algumas fam\u00edlias chegam estar a favor dessa uni\u00e3o indecente porque tiram benef\u00edcios financeiros. O interesse da crian\u00e7a \u00e9 ignorado e ela serve como uma mercadoria?&#8221;, explicou.<\/p>\n<p>Para ela, as uni\u00f5es obrigat\u00f3rias fazem com que as meninas em idade escolar assumam uma vida de c\u00f4njuge prematuramente e satisfa\u00e7am, sem a sua vontade, os apetites sexuais de homens adultos. \u201cIsto \u00e9 uma aut\u00eantica escravatura sexual\u201d.<\/p>\n<p>Concei\u00e7\u00e3o explicou que as viola\u00e7\u00f5es sexuais de menores est\u00e3o, em parte, ligadas \u00e0 aliena\u00e7\u00e3o das fam\u00edlias na educa\u00e7\u00e3o das crian\u00e7as.<\/p>\n<p>Para o caso dos pais que praticam este acto nos menores, a explica\u00e7\u00e3o est\u00e1 no facto de se acreditar na mentira segundo a qual se pode curar o HIV\/SIDA recorrendo a rela\u00e7\u00f5es sexuais com meninas de idades compreendidas entre dois a tr\u00eas anos.<\/p>\n<p>Segundo a fonte, as v\u00edtimas sofrem tamb\u00e9m uma agita\u00e7\u00e3o psicol\u00f3gica devido \u00e0 falta de um acompanhamento cl\u00ednico adequado sempre que acontece esse tipo de crime.<\/p>\n<p>As escolas s\u00e3o consideradas os lugares onde mais casos de abuso sexual ocorrem. Algumas fam\u00edlias n\u00e3o denunciam os agressores porque s\u00e3o aliciadas com dinheiro em troca do sil\u00eancio e outras s\u00e3o marginalizadas por terem procurado apoio legal.<\/p>\n","protected":false},"excerpt":{"rendered":"<p>A Lei de Promo\u00e7\u00e3o e Protec\u00e7\u00e3o dos Direitos da Crian\u00e7a em Mo\u00e7ambique (7\/2008) n\u00e3o garante o cumprimento e a efectividade dos privil\u00e9gios da classe para a qual foi criada, pois ela n\u00e3o \u00e9 aplicada e incita a impunidade dos violadores&hellip;<\/p>\n","protected":false},"author":839,"featured_media":46262,"comment_status":"closed","ping_status":"open","sticky":false,"template":"","format":"standard","meta":{"footnotes":""},"categories":[37,116],"tags":[],"class_list":["post-46202","post","type-post","status-publish","format-standard","has-post-thumbnail","hentry","category-africa-pt","category-direitos-humanos"],"yoast_head":"<!-- This site is optimized with the Yoast SEO plugin v27.1.1 - https:\/\/yoast.com\/product\/yoast-seo-wordpress\/ -->\n<title>Mo\u00e7ambique: Lei de Protec\u00e7\u00e3o da Crian\u00e7a incita impunidade aos violadores sexuais<\/title>\n<meta name=\"description\" content=\"A Lei de Promo\u00e7\u00e3o e Protec\u00e7\u00e3o dos Direitos da Crian\u00e7a em Mo\u00e7ambique (7\/2008) n\u00e3o garante o cumprimento e a efectividade dos privil\u00e9gios da classe para a\" \/>\n<meta name=\"robots\" content=\"index, follow, max-snippet:-1, max-image-preview:large, max-video-preview:-1\" \/>\n<link rel=\"canonical\" href=\"https:\/\/www.pressenza.com\/pt-pt\/2013\/04\/mocambique-lei-de-proteccao-da-crianca-incita-impunidade-aos-violadores-sexuais\/\" \/>\n<meta property=\"og:locale\" content=\"pt_PT\" \/>\n<meta property=\"og:type\" content=\"article\" \/>\n<meta property=\"og:title\" content=\"Mo\u00e7ambique: Lei de Protec\u00e7\u00e3o da Crian\u00e7a incita impunidade aos violadores sexuais\" \/>\n<meta property=\"og:description\" content=\"A Lei de Promo\u00e7\u00e3o e Protec\u00e7\u00e3o dos Direitos da Crian\u00e7a em Mo\u00e7ambique (7\/2008) n\u00e3o garante o cumprimento e a efectividade dos privil\u00e9gios da classe para a\" \/>\n<meta property=\"og:url\" content=\"https:\/\/www.pressenza.com\/pt-pt\/2013\/04\/mocambique-lei-de-proteccao-da-crianca-incita-impunidade-aos-violadores-sexuais\/\" \/>\n<meta property=\"og:site_name\" content=\"Pressenza\" \/>\n<meta property=\"article:publisher\" content=\"https:\/\/www.facebook.com\/PressenzaItalia\" \/>\n<meta property=\"article:published_time\" content=\"2013-04-05T02:48:30+00:00\" \/>\n<meta property=\"article:modified_time\" content=\"2013-04-05T11:36:48+00:00\" \/>\n<meta property=\"og:image\" content=\"https:\/\/www.pressenza.com\/wp-content\/uploads\/2013\/04\/388655_533955586649366_1308973942_n.jpg\" \/>\n\t<meta property=\"og:image:width\" content=\"554\" \/>\n\t<meta property=\"og:image:height\" content=\"347\" \/>\n\t<meta property=\"og:image:type\" content=\"image\/jpeg\" \/>\n<meta name=\"author\" content=\"Radio Mo\u00e7ambique\" \/>\n<meta name=\"twitter:card\" content=\"summary_large_image\" \/>\n<meta name=\"twitter:creator\" content=\"@PressenzaIPA\" \/>\n<meta name=\"twitter:site\" content=\"@PressenzaIPA\" \/>\n<meta name=\"twitter:label1\" content=\"Escrito por\" \/>\n\t<meta name=\"twitter:data1\" content=\"Radio Mo\u00e7ambique\" \/>\n\t<meta name=\"twitter:label2\" content=\"Tempo estimado de leitura\" \/>\n\t<meta name=\"twitter:data2\" content=\"3 minutos\" \/>\n<script type=\"application\/ld+json\" class=\"yoast-schema-graph\">{\"@context\":\"https:\/\/schema.org\",\"@graph\":[{\"@type\":\"Article\",\"@id\":\"https:\/\/www.pressenza.com\/pt-pt\/2013\/04\/mocambique-lei-de-proteccao-da-crianca-incita-impunidade-aos-violadores-sexuais\/#article\",\"isPartOf\":{\"@id\":\"https:\/\/www.pressenza.com\/pt-pt\/2013\/04\/mocambique-lei-de-proteccao-da-crianca-incita-impunidade-aos-violadores-sexuais\/\"},\"author\":{\"name\":\"Radio Mo\u00e7ambique\",\"@id\":\"https:\/\/www.pressenza.com\/pt-pt\/#\/schema\/person\/621b040c6493b3c28792a340f46a3c79\"},\"headline\":\"Mo\u00e7ambique: Lei de Protec\u00e7\u00e3o da Crian\u00e7a incita impunidade aos violadores sexuais\",\"datePublished\":\"2013-04-05T02:48:30+00:00\",\"dateModified\":\"2013-04-05T11:36:48+00:00\",\"mainEntityOfPage\":{\"@id\":\"https:\/\/www.pressenza.com\/pt-pt\/2013\/04\/mocambique-lei-de-proteccao-da-crianca-incita-impunidade-aos-violadores-sexuais\/\"},\"wordCount\":534,\"publisher\":{\"@id\":\"https:\/\/www.pressenza.com\/pt-pt\/#organization\"},\"image\":{\"@id\":\"https:\/\/www.pressenza.com\/pt-pt\/2013\/04\/mocambique-lei-de-proteccao-da-crianca-incita-impunidade-aos-violadores-sexuais\/#primaryimage\"},\"thumbnailUrl\":\"https:\/\/www.pressenza.com\/wp-content\/uploads\/2013\/04\/388655_533955586649366_1308973942_n.jpg\",\"articleSection\":[\"Africa\",\"Direitos Humanos\"],\"inLanguage\":\"pt-PT\"},{\"@type\":\"WebPage\",\"@id\":\"https:\/\/www.pressenza.com\/pt-pt\/2013\/04\/mocambique-lei-de-proteccao-da-crianca-incita-impunidade-aos-violadores-sexuais\/\",\"url\":\"https:\/\/www.pressenza.com\/pt-pt\/2013\/04\/mocambique-lei-de-proteccao-da-crianca-incita-impunidade-aos-violadores-sexuais\/\",\"name\":\"Mo\u00e7ambique: Lei de Protec\u00e7\u00e3o da Crian\u00e7a incita impunidade aos violadores sexuais\",\"isPartOf\":{\"@id\":\"https:\/\/www.pressenza.com\/pt-pt\/#website\"},\"primaryImageOfPage\":{\"@id\":\"https:\/\/www.pressenza.com\/pt-pt\/2013\/04\/mocambique-lei-de-proteccao-da-crianca-incita-impunidade-aos-violadores-sexuais\/#primaryimage\"},\"image\":{\"@id\":\"https:\/\/www.pressenza.com\/pt-pt\/2013\/04\/mocambique-lei-de-proteccao-da-crianca-incita-impunidade-aos-violadores-sexuais\/#primaryimage\"},\"thumbnailUrl\":\"https:\/\/www.pressenza.com\/wp-content\/uploads\/2013\/04\/388655_533955586649366_1308973942_n.jpg\",\"datePublished\":\"2013-04-05T02:48:30+00:00\",\"dateModified\":\"2013-04-05T11:36:48+00:00\",\"description\":\"A Lei de Promo\u00e7\u00e3o e Protec\u00e7\u00e3o dos Direitos da Crian\u00e7a em Mo\u00e7ambique (7\/2008) n\u00e3o garante o cumprimento e a efectividade dos privil\u00e9gios da classe para a\",\"breadcrumb\":{\"@id\":\"https:\/\/www.pressenza.com\/pt-pt\/2013\/04\/mocambique-lei-de-proteccao-da-crianca-incita-impunidade-aos-violadores-sexuais\/#breadcrumb\"},\"inLanguage\":\"pt-PT\",\"potentialAction\":[{\"@type\":\"ReadAction\",\"target\":[\"https:\/\/www.pressenza.com\/pt-pt\/2013\/04\/mocambique-lei-de-proteccao-da-crianca-incita-impunidade-aos-violadores-sexuais\/\"]}]},{\"@type\":\"ImageObject\",\"inLanguage\":\"pt-PT\",\"@id\":\"https:\/\/www.pressenza.com\/pt-pt\/2013\/04\/mocambique-lei-de-proteccao-da-crianca-incita-impunidade-aos-violadores-sexuais\/#primaryimage\",\"url\":\"https:\/\/www.pressenza.com\/wp-content\/uploads\/2013\/04\/388655_533955586649366_1308973942_n.jpg\",\"contentUrl\":\"https:\/\/www.pressenza.com\/wp-content\/uploads\/2013\/04\/388655_533955586649366_1308973942_n.jpg\",\"width\":554,\"height\":347},{\"@type\":\"BreadcrumbList\",\"@id\":\"https:\/\/www.pressenza.com\/pt-pt\/2013\/04\/mocambique-lei-de-proteccao-da-crianca-incita-impunidade-aos-violadores-sexuais\/#breadcrumb\",\"itemListElement\":[{\"@type\":\"ListItem\",\"position\":1,\"name\":\"Accueil\",\"item\":\"https:\/\/www.pressenza.com\/pt-pt\/\"},{\"@type\":\"ListItem\",\"position\":2,\"name\":\"Mo\u00e7ambique: Lei de Protec\u00e7\u00e3o da Crian\u00e7a incita impunidade aos violadores sexuais\"}]},{\"@type\":\"WebSite\",\"@id\":\"https:\/\/www.pressenza.com\/pt-pt\/#website\",\"url\":\"https:\/\/www.pressenza.com\/pt-pt\/\",\"name\":\"Pressenza\",\"description\":\"International Press Agency\",\"publisher\":{\"@id\":\"https:\/\/www.pressenza.com\/pt-pt\/#organization\"},\"potentialAction\":[{\"@type\":\"SearchAction\",\"target\":{\"@type\":\"EntryPoint\",\"urlTemplate\":\"https:\/\/www.pressenza.com\/pt-pt\/?s={search_term_string}\"},\"query-input\":{\"@type\":\"PropertyValueSpecification\",\"valueRequired\":true,\"valueName\":\"search_term_string\"}}],\"inLanguage\":\"pt-PT\"},{\"@type\":\"Organization\",\"@id\":\"https:\/\/www.pressenza.com\/pt-pt\/#organization\",\"name\":\"Pressenza\",\"url\":\"https:\/\/www.pressenza.com\/pt-pt\/\",\"logo\":{\"@type\":\"ImageObject\",\"inLanguage\":\"pt-PT\",\"@id\":\"https:\/\/www.pressenza.com\/pt-pt\/#\/schema\/logo\/image\/\",\"url\":\"https:\/\/www.pressenza.com\/wp-content\/uploads\/2022\/10\/pressenza_logo_200x200.jpg\",\"contentUrl\":\"https:\/\/www.pressenza.com\/wp-content\/uploads\/2022\/10\/pressenza_logo_200x200.jpg\",\"width\":200,\"height\":200,\"caption\":\"Pressenza\"},\"image\":{\"@id\":\"https:\/\/www.pressenza.com\/pt-pt\/#\/schema\/logo\/image\/\"},\"sameAs\":[\"https:\/\/www.facebook.com\/PressenzaItalia\",\"https:\/\/x.com\/PressenzaIPA\"]},{\"@type\":\"Person\",\"@id\":\"https:\/\/www.pressenza.com\/pt-pt\/#\/schema\/person\/621b040c6493b3c28792a340f46a3c79\",\"name\":\"Radio Mo\u00e7ambique\",\"url\":\"https:\/\/www.pressenza.com\/pt-pt\/author\/radio-mocambique\/\"}]}<\/script>\n<!-- \/ Yoast SEO plugin. -->","yoast_head_json":{"title":"Mo\u00e7ambique: Lei de Protec\u00e7\u00e3o da Crian\u00e7a incita impunidade aos violadores sexuais","description":"A Lei de Promo\u00e7\u00e3o e Protec\u00e7\u00e3o dos Direitos da Crian\u00e7a em Mo\u00e7ambique (7\/2008) n\u00e3o garante o cumprimento e a efectividade dos privil\u00e9gios da classe para a","robots":{"index":"index","follow":"follow","max-snippet":"max-snippet:-1","max-image-preview":"max-image-preview:large","max-video-preview":"max-video-preview:-1"},"canonical":"https:\/\/www.pressenza.com\/pt-pt\/2013\/04\/mocambique-lei-de-proteccao-da-crianca-incita-impunidade-aos-violadores-sexuais\/","og_locale":"pt_PT","og_type":"article","og_title":"Mo\u00e7ambique: Lei de Protec\u00e7\u00e3o da Crian\u00e7a incita impunidade aos violadores sexuais","og_description":"A Lei de Promo\u00e7\u00e3o e Protec\u00e7\u00e3o dos Direitos da Crian\u00e7a em Mo\u00e7ambique (7\/2008) n\u00e3o garante o cumprimento e a efectividade dos privil\u00e9gios da classe para a","og_url":"https:\/\/www.pressenza.com\/pt-pt\/2013\/04\/mocambique-lei-de-proteccao-da-crianca-incita-impunidade-aos-violadores-sexuais\/","og_site_name":"Pressenza","article_publisher":"https:\/\/www.facebook.com\/PressenzaItalia","article_published_time":"2013-04-05T02:48:30+00:00","article_modified_time":"2013-04-05T11:36:48+00:00","og_image":[{"width":554,"height":347,"url":"https:\/\/www.pressenza.com\/wp-content\/uploads\/2013\/04\/388655_533955586649366_1308973942_n.jpg","type":"image\/jpeg"}],"author":"Radio Mo\u00e7ambique","twitter_card":"summary_large_image","twitter_creator":"@PressenzaIPA","twitter_site":"@PressenzaIPA","twitter_misc":{"Escrito por":"Radio Mo\u00e7ambique","Tempo estimado de leitura":"3 minutos"},"schema":{"@context":"https:\/\/schema.org","@graph":[{"@type":"Article","@id":"https:\/\/www.pressenza.com\/pt-pt\/2013\/04\/mocambique-lei-de-proteccao-da-crianca-incita-impunidade-aos-violadores-sexuais\/#article","isPartOf":{"@id":"https:\/\/www.pressenza.com\/pt-pt\/2013\/04\/mocambique-lei-de-proteccao-da-crianca-incita-impunidade-aos-violadores-sexuais\/"},"author":{"name":"Radio Mo\u00e7ambique","@id":"https:\/\/www.pressenza.com\/pt-pt\/#\/schema\/person\/621b040c6493b3c28792a340f46a3c79"},"headline":"Mo\u00e7ambique: Lei de Protec\u00e7\u00e3o da Crian\u00e7a incita impunidade aos violadores sexuais","datePublished":"2013-04-05T02:48:30+00:00","dateModified":"2013-04-05T11:36:48+00:00","mainEntityOfPage":{"@id":"https:\/\/www.pressenza.com\/pt-pt\/2013\/04\/mocambique-lei-de-proteccao-da-crianca-incita-impunidade-aos-violadores-sexuais\/"},"wordCount":534,"publisher":{"@id":"https:\/\/www.pressenza.com\/pt-pt\/#organization"},"image":{"@id":"https:\/\/www.pressenza.com\/pt-pt\/2013\/04\/mocambique-lei-de-proteccao-da-crianca-incita-impunidade-aos-violadores-sexuais\/#primaryimage"},"thumbnailUrl":"https:\/\/www.pressenza.com\/wp-content\/uploads\/2013\/04\/388655_533955586649366_1308973942_n.jpg","articleSection":["Africa","Direitos Humanos"],"inLanguage":"pt-PT"},{"@type":"WebPage","@id":"https:\/\/www.pressenza.com\/pt-pt\/2013\/04\/mocambique-lei-de-proteccao-da-crianca-incita-impunidade-aos-violadores-sexuais\/","url":"https:\/\/www.pressenza.com\/pt-pt\/2013\/04\/mocambique-lei-de-proteccao-da-crianca-incita-impunidade-aos-violadores-sexuais\/","name":"Mo\u00e7ambique: Lei de Protec\u00e7\u00e3o da Crian\u00e7a incita impunidade aos violadores sexuais","isPartOf":{"@id":"https:\/\/www.pressenza.com\/pt-pt\/#website"},"primaryImageOfPage":{"@id":"https:\/\/www.pressenza.com\/pt-pt\/2013\/04\/mocambique-lei-de-proteccao-da-crianca-incita-impunidade-aos-violadores-sexuais\/#primaryimage"},"image":{"@id":"https:\/\/www.pressenza.com\/pt-pt\/2013\/04\/mocambique-lei-de-proteccao-da-crianca-incita-impunidade-aos-violadores-sexuais\/#primaryimage"},"thumbnailUrl":"https:\/\/www.pressenza.com\/wp-content\/uploads\/2013\/04\/388655_533955586649366_1308973942_n.jpg","datePublished":"2013-04-05T02:48:30+00:00","dateModified":"2013-04-05T11:36:48+00:00","description":"A Lei de Promo\u00e7\u00e3o e Protec\u00e7\u00e3o dos Direitos da Crian\u00e7a em Mo\u00e7ambique (7\/2008) n\u00e3o garante o cumprimento e a efectividade dos privil\u00e9gios da classe para a","breadcrumb":{"@id":"https:\/\/www.pressenza.com\/pt-pt\/2013\/04\/mocambique-lei-de-proteccao-da-crianca-incita-impunidade-aos-violadores-sexuais\/#breadcrumb"},"inLanguage":"pt-PT","potentialAction":[{"@type":"ReadAction","target":["https:\/\/www.pressenza.com\/pt-pt\/2013\/04\/mocambique-lei-de-proteccao-da-crianca-incita-impunidade-aos-violadores-sexuais\/"]}]},{"@type":"ImageObject","inLanguage":"pt-PT","@id":"https:\/\/www.pressenza.com\/pt-pt\/2013\/04\/mocambique-lei-de-proteccao-da-crianca-incita-impunidade-aos-violadores-sexuais\/#primaryimage","url":"https:\/\/www.pressenza.com\/wp-content\/uploads\/2013\/04\/388655_533955586649366_1308973942_n.jpg","contentUrl":"https:\/\/www.pressenza.com\/wp-content\/uploads\/2013\/04\/388655_533955586649366_1308973942_n.jpg","width":554,"height":347},{"@type":"BreadcrumbList","@id":"https:\/\/www.pressenza.com\/pt-pt\/2013\/04\/mocambique-lei-de-proteccao-da-crianca-incita-impunidade-aos-violadores-sexuais\/#breadcrumb","itemListElement":[{"@type":"ListItem","position":1,"name":"Accueil","item":"https:\/\/www.pressenza.com\/pt-pt\/"},{"@type":"ListItem","position":2,"name":"Mo\u00e7ambique: Lei de Protec\u00e7\u00e3o da Crian\u00e7a incita impunidade aos violadores sexuais"}]},{"@type":"WebSite","@id":"https:\/\/www.pressenza.com\/pt-pt\/#website","url":"https:\/\/www.pressenza.com\/pt-pt\/","name":"Pressenza","description":"International Press Agency","publisher":{"@id":"https:\/\/www.pressenza.com\/pt-pt\/#organization"},"potentialAction":[{"@type":"SearchAction","target":{"@type":"EntryPoint","urlTemplate":"https:\/\/www.pressenza.com\/pt-pt\/?s={search_term_string}"},"query-input":{"@type":"PropertyValueSpecification","valueRequired":true,"valueName":"search_term_string"}}],"inLanguage":"pt-PT"},{"@type":"Organization","@id":"https:\/\/www.pressenza.com\/pt-pt\/#organization","name":"Pressenza","url":"https:\/\/www.pressenza.com\/pt-pt\/","logo":{"@type":"ImageObject","inLanguage":"pt-PT","@id":"https:\/\/www.pressenza.com\/pt-pt\/#\/schema\/logo\/image\/","url":"https:\/\/www.pressenza.com\/wp-content\/uploads\/2022\/10\/pressenza_logo_200x200.jpg","contentUrl":"https:\/\/www.pressenza.com\/wp-content\/uploads\/2022\/10\/pressenza_logo_200x200.jpg","width":200,"height":200,"caption":"Pressenza"},"image":{"@id":"https:\/\/www.pressenza.com\/pt-pt\/#\/schema\/logo\/image\/"},"sameAs":["https:\/\/www.facebook.com\/PressenzaItalia","https:\/\/x.com\/PressenzaIPA"]},{"@type":"Person","@id":"https:\/\/www.pressenza.com\/pt-pt\/#\/schema\/person\/621b040c6493b3c28792a340f46a3c79","name":"Radio Mo\u00e7ambique","url":"https:\/\/www.pressenza.com\/pt-pt\/author\/radio-mocambique\/"}]}},"place":"","original_article_url":"","_links":{"self":[{"href":"https:\/\/www.pressenza.com\/pt-pt\/wp-json\/wp\/v2\/posts\/46202","targetHints":{"allow":["GET"]}}],"collection":[{"href":"https:\/\/www.pressenza.com\/pt-pt\/wp-json\/wp\/v2\/posts"}],"about":[{"href":"https:\/\/www.pressenza.com\/pt-pt\/wp-json\/wp\/v2\/types\/post"}],"author":[{"embeddable":true,"href":"https:\/\/www.pressenza.com\/pt-pt\/wp-json\/wp\/v2\/users\/839"}],"replies":[{"embeddable":true,"href":"https:\/\/www.pressenza.com\/pt-pt\/wp-json\/wp\/v2\/comments?post=46202"}],"version-history":[{"count":0,"href":"https:\/\/www.pressenza.com\/pt-pt\/wp-json\/wp\/v2\/posts\/46202\/revisions"}],"wp:featuredmedia":[{"embeddable":true,"href":"https:\/\/www.pressenza.com\/pt-pt\/wp-json\/wp\/v2\/media\/46262"}],"wp:attachment":[{"href":"https:\/\/www.pressenza.com\/pt-pt\/wp-json\/wp\/v2\/media?parent=46202"}],"wp:term":[{"taxonomy":"category","embeddable":true,"href":"https:\/\/www.pressenza.com\/pt-pt\/wp-json\/wp\/v2\/categories?post=46202"},{"taxonomy":"post_tag","embeddable":true,"href":"https:\/\/www.pressenza.com\/pt-pt\/wp-json\/wp\/v2\/tags?post=46202"}],"curies":[{"name":"wp","href":"https:\/\/api.w.org\/{rel}","templated":true}]}}