{"id":459924,"date":"2017-05-02T01:37:47","date_gmt":"2017-05-02T00:37:47","guid":{"rendered":"https:\/\/www.pressenza.com\/?p=459924\/"},"modified":"2017-05-02T02:10:02","modified_gmt":"2017-05-02T01:10:02","slug":"escolas-da-rede-estadual-ensino-recebem-formacao-humanista-prevenir-violencia","status":"publish","type":"post","link":"https:\/\/www.pressenza.com\/pt-pt\/2017\/05\/escolas-da-rede-estadual-ensino-recebem-formacao-humanista-prevenir-violencia\/","title":{"rendered":"Escolas da Rede Estadual de Ensino recebem forma\u00e7\u00e3o humanista para prevenir a viol\u00eancia em Pernambuco"},"content":{"rendered":"<p>Metodologia humanista da n\u00e3o viol\u00eancia ativa chega em seis munic\u00edpios da Regi\u00e3o Metropolitana do Recife<\/p>\n<p>Na pr\u00f3xima quinta-feira (04) o Coletivo Humanista de Pernambuco, em parceria com o PET Conex\u00f5es de Saberes &#8211; Pol\u00edticas P\u00fablicas de A\u00e7\u00f5es Afirmativas para a Juventude &#8211; UFRPE, lan\u00e7a o <strong>Projeto N\u00e3o Viol\u00eancia nas Escolas<\/strong>. A iniciativa visa a transforma\u00e7\u00e3o humana a partir da corrente humanista universalista, tratando temas relacionados \u00e0s v\u00e1rias formas de viol\u00eancia. A proposta \u00e9 criar equipes de jovens estudantes, corpo docente e gestores escolares para serem multiplicadores(as) da n\u00e3o viol\u00eancia ativa, conscientes de seu papel na humaniza\u00e7\u00e3o da terra. O evento come\u00e7a \u00e0s 14h, no audit\u00f3rio da Pr\u00f3-reitoria, da UFRPE, em Dois Irm\u00e3os. <\/p>\n<p>O projeto prev\u00ea a participa\u00e7\u00e3o de cerca de <strong>16 Escolas<\/strong> nesta primeira fase, e 25 volunt\u00e1rios dispostos a executar o projeto. As a\u00e7\u00f5es s\u00e3o forma\u00e7\u00f5es em quatro tem\u00e1ticas: \u200bsuperando a viol\u00eancia, coer\u00eancia humana, converg\u00eancia da diversidade e a\u00e7\u00f5es transformadoras, e que ser\u00e3o multiplicadas nas Escolas com os(as) alunos(as).  Ao final das forma\u00e7\u00f5es, as Escolas s\u00e3o respons\u00e1veis por realizar uma a\u00e7\u00e3o de interven\u00e7\u00e3o, e participar do Encontro Pernambucano da N\u00e3o Viol\u00eancia Ativa em Outubro deste ano. Participam deste primeiro momento os munic\u00edpios de Itapissuma, Itamarac\u00e1, Igarassu, Abreu e Lima, Paulista e Recife.  \u201cTrataremos dos conflitos interpessoais dentro e fora do ambiente escolar, de forma transversal com todas as formas de intoler\u00e2ncia e discrimina\u00e7\u00e3o de g\u00eanero, ra\u00e7a, classe e religiosa. A escola \u00e9 um lugar de coes\u00e3o social e possui um potencial de transforma\u00e7\u00e3o\u201d, conta Vinicius Pereira, integrante do Coletivo Humanista e do PET &#8211; UFRPE. O projeto que se inicia este m\u00eas termina em dezembro deste ano. <\/p>\n<p><strong>A n\u00e3o viol\u00eancia ativa no mundo e em Pernambuco<\/strong><br \/>\nO projeto n\u00e3o viol\u00eancia nas escolas surge no Brasil a partir da experi\u00eancia realizada no Rio de Janeiro com as Escolas Estaduais de Nova Igua\u00e7\u00fa, reproduzindo uma experi\u00eancia bem sucedida da Argentina. Em Pernambuco, iniciou a\u00e7\u00f5es pontuais em Escolas de Igarassu, em 2015, e em Itapissuma em 2016. \u200b\u200b Hoje contamos com uma experi\u00eancia exitosa no Peru, que est\u00e1 se tornando uma pol\u00edtica p\u00fablica nacional de educa\u00e7\u00e3o. <\/p>\n<p><strong>De onde vem o Projeto<\/strong><br \/>\nPET &#8211; Conex\u00f5es de Saberes &#8211; Pol\u00edticas P\u00fablicas\/UFRPE  &#8211; \u00e9 um Programa de Extens\u00e3o da UFRPE que promove aproxima\u00e7\u00e3o das Comunidades Populares com a Universidade, atrav\u00e9s da defesa dos Direitos Humanos e Cidadania nas interven\u00e7\u00f5es sociais, na busca pela valoriza\u00e7\u00e3o da escola p\u00fablica, como espa\u00e7o de universaliza\u00e7\u00e3o de direitos. <\/p>\n<p>\u200bColetivo Humanista de Pernambuco &#8211; \u00e9 um grupo do movimento humanista que atua no fortalecimento de ativistas sociais e seres humanos, a partir de uma transforma\u00e7\u00e3o pessoal e social. Utiliza a N\u00e3o Viol\u00eancia Ativa como metodologia de a\u00e7\u00e3o e pr\u00e1tica. <\/p>\n<p><strong>Para saber mais<\/strong><br \/>\nEmanuela Castro, jornalista e integrante do Coletivo Humanista<br \/>\nTel: (81) 98186.0484<\/p>\n<p>Vinicius Pereira, integrante do Coletivo Humanista e do PET-UFRPE<br \/>\nTel: (81) 99135.6966<\/p>\n<p>Silvana Queiroz, soci\u00f3loga e integrante do coletivo humanista<br \/>\nTel: (81) 99736.1183<\/p>\n<p>Dom\u00eanica Rodrigues, mestranda em educa\u00e7\u00e3o rural e integrante do coletivo humanista<br \/>\nTel: (81) 99407.6648<\/p>\n<p>Mais informa\u00e7\u00f5es no site: <a href=\"https:\/\/www.naoviolencianasescolas.org\/\" target=\"_blank\">www.naoviolencianasescolas.org<\/a><\/p>\n","protected":false},"excerpt":{"rendered":"<p>Metodologia humanista da n\u00e3o viol\u00eancia ativa chega em seis munic\u00edpios da Regi\u00e3o Metropolitana do Recife Na pr\u00f3xima quinta-feira (04) o Coletivo Humanista de Pernambuco, em parceria com o PET Conex\u00f5es de Saberes &#8211; Pol\u00edticas P\u00fablicas de A\u00e7\u00f5es Afirmativas para a&hellip;<\/p>\n","protected":false},"author":44,"featured_media":459926,"comment_status":"closed","ping_status":"closed","sticky":false,"template":"","format":"standard","meta":{"footnotes":""},"categories":[104,11390,116,1255,1252,1254,1256,153],"tags":[2744,37052,5919,5517,9964,5221],"class_list":["post-459924","post","type-post","status-publish","format-standard","has-post-thumbnail","hentry","category-america-do-sul","category-conteudo-original","category-direitos-humanos","category-diversidade","category-educacao","category-humanismo-espiritualidade","category-nao-violencia","category-nota-de-imprensa","tag-brasil","tag-coletivo-humanista-de-pernambuco","tag-movimento-humanista","tag-nao-violencia-2","tag-novo-humanismo","tag-pernambuco"],"yoast_head":"<!-- This site is optimized with the Yoast SEO plugin v27.1.1 - https:\/\/yoast.com\/product\/yoast-seo-wordpress\/ -->\n<title>Escolas da Rede Estadual de Ensino recebem forma\u00e7\u00e3o humanista para prevenir a viol\u00eancia em Pernambuco<\/title>\n<meta name=\"description\" content=\"Metodologia humanista da n\u00e3o viol\u00eancia ativa chega em seis munic\u00edpios da Regi\u00e3o Metropolitana do Recife Na pr\u00f3xima quinta-feira (04) o Coletivo Humanista\" \/>\n<meta name=\"robots\" content=\"index, follow, max-snippet:-1, max-image-preview:large, max-video-preview:-1\" \/>\n<link rel=\"canonical\" href=\"https:\/\/www.pressenza.com\/pt-pt\/2017\/05\/escolas-da-rede-estadual-ensino-recebem-formacao-humanista-prevenir-violencia\/\" \/>\n<meta property=\"og:locale\" content=\"pt_PT\" \/>\n<meta property=\"og:type\" content=\"article\" \/>\n<meta property=\"og:title\" content=\"Escolas da Rede Estadual de Ensino recebem forma\u00e7\u00e3o humanista para prevenir a viol\u00eancia em Pernambuco\" \/>\n<meta property=\"og:description\" content=\"Metodologia humanista da n\u00e3o viol\u00eancia ativa chega em seis munic\u00edpios da Regi\u00e3o Metropolitana do Recife Na pr\u00f3xima quinta-feira (04) o Coletivo Humanista\" \/>\n<meta property=\"og:url\" content=\"https:\/\/www.pressenza.com\/pt-pt\/2017\/05\/escolas-da-rede-estadual-ensino-recebem-formacao-humanista-prevenir-violencia\/\" \/>\n<meta property=\"og:site_name\" content=\"Pressenza\" \/>\n<meta property=\"article:publisher\" content=\"https:\/\/www.facebook.com\/PressenzaItalia\" \/>\n<meta property=\"article:author\" content=\"https:\/\/www.facebook.com\/PressenzaPortugues\" \/>\n<meta property=\"article:published_time\" content=\"2017-05-02T00:37:47+00:00\" \/>\n<meta property=\"article:modified_time\" content=\"2017-05-02T01:10:02+00:00\" \/>\n<meta property=\"og:image\" content=\"https:\/\/www.pressenza.com\/wp-content\/uploads\/2017\/05\/projeto-nao-violencia-escolas-pernambuco.jpg\" \/>\n\t<meta property=\"og:image:width\" content=\"750\" \/>\n\t<meta property=\"og:image:height\" content=\"480\" \/>\n\t<meta property=\"og:image:type\" content=\"image\/jpeg\" \/>\n<meta name=\"author\" content=\"Reda\u00e7\u00e3o S\u00e3o Paulo\" \/>\n<meta name=\"twitter:card\" content=\"summary_large_image\" \/>\n<meta name=\"twitter:creator\" content=\"@pressenza_pt\" \/>\n<meta name=\"twitter:site\" content=\"@PressenzaIPA\" \/>\n<meta name=\"twitter:label1\" content=\"Escrito por\" \/>\n\t<meta name=\"twitter:data1\" content=\"Reda\u00e7\u00e3o S\u00e3o Paulo\" \/>\n\t<meta name=\"twitter:label2\" content=\"Tempo estimado de leitura\" \/>\n\t<meta name=\"twitter:data2\" content=\"3 minutos\" \/>\n<script type=\"application\/ld+json\" class=\"yoast-schema-graph\">{\"@context\":\"https:\/\/schema.org\",\"@graph\":[{\"@type\":\"Article\",\"@id\":\"https:\/\/www.pressenza.com\/pt-pt\/2017\/05\/escolas-da-rede-estadual-ensino-recebem-formacao-humanista-prevenir-violencia\/#article\",\"isPartOf\":{\"@id\":\"https:\/\/www.pressenza.com\/pt-pt\/2017\/05\/escolas-da-rede-estadual-ensino-recebem-formacao-humanista-prevenir-violencia\/\"},\"author\":{\"name\":\"Reda\u00e7\u00e3o S\u00e3o Paulo\",\"@id\":\"https:\/\/www.pressenza.com\/pt-pt\/#\/schema\/person\/d171826afb7693cfc394da95892bfd93\"},\"headline\":\"Escolas da Rede Estadual de Ensino recebem forma\u00e7\u00e3o humanista para prevenir a viol\u00eancia em Pernambuco\",\"datePublished\":\"2017-05-02T00:37:47+00:00\",\"dateModified\":\"2017-05-02T01:10:02+00:00\",\"mainEntityOfPage\":{\"@id\":\"https:\/\/www.pressenza.com\/pt-pt\/2017\/05\/escolas-da-rede-estadual-ensino-recebem-formacao-humanista-prevenir-violencia\/\"},\"wordCount\":578,\"publisher\":{\"@id\":\"https:\/\/www.pressenza.com\/pt-pt\/#organization\"},\"image\":{\"@id\":\"https:\/\/www.pressenza.com\/pt-pt\/2017\/05\/escolas-da-rede-estadual-ensino-recebem-formacao-humanista-prevenir-violencia\/#primaryimage\"},\"thumbnailUrl\":\"https:\/\/www.pressenza.com\/wp-content\/uploads\/2017\/05\/projeto-nao-violencia-escolas-pernambuco.jpg\",\"keywords\":[\"Brasil\",\"\u200bColetivo Humanista de Pernambuco\",\"movimento humanista\",\"n\u00e3o violencia\",\"novo humanismo\",\"pernambuco\"],\"articleSection\":[\"\u00c1m\u00e9rica do Sul\",\"Conte\u00fado Original\",\"Direitos Humanos\",\"Diversidade\",\"Educa\u00e7\u00e3o\",\"Humanismo e Espiritualidade\",\"N\u00e3o viol\u00eancia\",\"Nota de imprensa\"],\"inLanguage\":\"pt-PT\"},{\"@type\":\"WebPage\",\"@id\":\"https:\/\/www.pressenza.com\/pt-pt\/2017\/05\/escolas-da-rede-estadual-ensino-recebem-formacao-humanista-prevenir-violencia\/\",\"url\":\"https:\/\/www.pressenza.com\/pt-pt\/2017\/05\/escolas-da-rede-estadual-ensino-recebem-formacao-humanista-prevenir-violencia\/\",\"name\":\"Escolas da Rede Estadual de Ensino recebem forma\u00e7\u00e3o humanista para prevenir a viol\u00eancia em Pernambuco\",\"isPartOf\":{\"@id\":\"https:\/\/www.pressenza.com\/pt-pt\/#website\"},\"primaryImageOfPage\":{\"@id\":\"https:\/\/www.pressenza.com\/pt-pt\/2017\/05\/escolas-da-rede-estadual-ensino-recebem-formacao-humanista-prevenir-violencia\/#primaryimage\"},\"image\":{\"@id\":\"https:\/\/www.pressenza.com\/pt-pt\/2017\/05\/escolas-da-rede-estadual-ensino-recebem-formacao-humanista-prevenir-violencia\/#primaryimage\"},\"thumbnailUrl\":\"https:\/\/www.pressenza.com\/wp-content\/uploads\/2017\/05\/projeto-nao-violencia-escolas-pernambuco.jpg\",\"datePublished\":\"2017-05-02T00:37:47+00:00\",\"dateModified\":\"2017-05-02T01:10:02+00:00\",\"description\":\"Metodologia humanista da n\u00e3o viol\u00eancia ativa chega em seis munic\u00edpios da Regi\u00e3o Metropolitana do Recife Na pr\u00f3xima quinta-feira (04) o Coletivo Humanista\",\"breadcrumb\":{\"@id\":\"https:\/\/www.pressenza.com\/pt-pt\/2017\/05\/escolas-da-rede-estadual-ensino-recebem-formacao-humanista-prevenir-violencia\/#breadcrumb\"},\"inLanguage\":\"pt-PT\",\"potentialAction\":[{\"@type\":\"ReadAction\",\"target\":[\"https:\/\/www.pressenza.com\/pt-pt\/2017\/05\/escolas-da-rede-estadual-ensino-recebem-formacao-humanista-prevenir-violencia\/\"]}]},{\"@type\":\"ImageObject\",\"inLanguage\":\"pt-PT\",\"@id\":\"https:\/\/www.pressenza.com\/pt-pt\/2017\/05\/escolas-da-rede-estadual-ensino-recebem-formacao-humanista-prevenir-violencia\/#primaryimage\",\"url\":\"https:\/\/www.pressenza.com\/wp-content\/uploads\/2017\/05\/projeto-nao-violencia-escolas-pernambuco.jpg\",\"contentUrl\":\"https:\/\/www.pressenza.com\/wp-content\/uploads\/2017\/05\/projeto-nao-violencia-escolas-pernambuco.jpg\",\"width\":750,\"height\":480},{\"@type\":\"BreadcrumbList\",\"@id\":\"https:\/\/www.pressenza.com\/pt-pt\/2017\/05\/escolas-da-rede-estadual-ensino-recebem-formacao-humanista-prevenir-violencia\/#breadcrumb\",\"itemListElement\":[{\"@type\":\"ListItem\",\"position\":1,\"name\":\"Accueil\",\"item\":\"https:\/\/www.pressenza.com\/pt-pt\/\"},{\"@type\":\"ListItem\",\"position\":2,\"name\":\"Escolas da Rede Estadual de Ensino recebem forma\u00e7\u00e3o humanista para prevenir a viol\u00eancia em Pernambuco\"}]},{\"@type\":\"WebSite\",\"@id\":\"https:\/\/www.pressenza.com\/pt-pt\/#website\",\"url\":\"https:\/\/www.pressenza.com\/pt-pt\/\",\"name\":\"Pressenza\",\"description\":\"International Press Agency\",\"publisher\":{\"@id\":\"https:\/\/www.pressenza.com\/pt-pt\/#organization\"},\"potentialAction\":[{\"@type\":\"SearchAction\",\"target\":{\"@type\":\"EntryPoint\",\"urlTemplate\":\"https:\/\/www.pressenza.com\/pt-pt\/?s={search_term_string}\"},\"query-input\":{\"@type\":\"PropertyValueSpecification\",\"valueRequired\":true,\"valueName\":\"search_term_string\"}}],\"inLanguage\":\"pt-PT\"},{\"@type\":\"Organization\",\"@id\":\"https:\/\/www.pressenza.com\/pt-pt\/#organization\",\"name\":\"Pressenza\",\"url\":\"https:\/\/www.pressenza.com\/pt-pt\/\",\"logo\":{\"@type\":\"ImageObject\",\"inLanguage\":\"pt-PT\",\"@id\":\"https:\/\/www.pressenza.com\/pt-pt\/#\/schema\/logo\/image\/\",\"url\":\"https:\/\/www.pressenza.com\/wp-content\/uploads\/2022\/10\/pressenza_logo_200x200.jpg\",\"contentUrl\":\"https:\/\/www.pressenza.com\/wp-content\/uploads\/2022\/10\/pressenza_logo_200x200.jpg\",\"width\":200,\"height\":200,\"caption\":\"Pressenza\"},\"image\":{\"@id\":\"https:\/\/www.pressenza.com\/pt-pt\/#\/schema\/logo\/image\/\"},\"sameAs\":[\"https:\/\/www.facebook.com\/PressenzaItalia\",\"https:\/\/x.com\/PressenzaIPA\"]},{\"@type\":\"Person\",\"@id\":\"https:\/\/www.pressenza.com\/pt-pt\/#\/schema\/person\/d171826afb7693cfc394da95892bfd93\",\"name\":\"Reda\u00e7\u00e3o S\u00e3o Paulo\",\"description\":\"News from the Pressenza bureau in Sao Paulo, Brazil\",\"sameAs\":[\"https:\/\/www.facebook.com\/PressenzaPortugues\",\"https:\/\/x.com\/pressenza_pt\"],\"url\":\"https:\/\/www.pressenza.com\/pt-pt\/author\/redaccao-sao-paulo\/\"}]}<\/script>\n<!-- \/ Yoast SEO plugin. -->","yoast_head_json":{"title":"Escolas da Rede Estadual de Ensino recebem forma\u00e7\u00e3o humanista para prevenir a viol\u00eancia em Pernambuco","description":"Metodologia humanista da n\u00e3o viol\u00eancia ativa chega em seis munic\u00edpios da Regi\u00e3o Metropolitana do Recife Na pr\u00f3xima quinta-feira (04) o Coletivo Humanista","robots":{"index":"index","follow":"follow","max-snippet":"max-snippet:-1","max-image-preview":"max-image-preview:large","max-video-preview":"max-video-preview:-1"},"canonical":"https:\/\/www.pressenza.com\/pt-pt\/2017\/05\/escolas-da-rede-estadual-ensino-recebem-formacao-humanista-prevenir-violencia\/","og_locale":"pt_PT","og_type":"article","og_title":"Escolas da Rede Estadual de Ensino recebem forma\u00e7\u00e3o humanista para prevenir a viol\u00eancia em Pernambuco","og_description":"Metodologia humanista da n\u00e3o viol\u00eancia ativa chega em seis munic\u00edpios da Regi\u00e3o Metropolitana do Recife Na pr\u00f3xima quinta-feira (04) o Coletivo Humanista","og_url":"https:\/\/www.pressenza.com\/pt-pt\/2017\/05\/escolas-da-rede-estadual-ensino-recebem-formacao-humanista-prevenir-violencia\/","og_site_name":"Pressenza","article_publisher":"https:\/\/www.facebook.com\/PressenzaItalia","article_author":"https:\/\/www.facebook.com\/PressenzaPortugues","article_published_time":"2017-05-02T00:37:47+00:00","article_modified_time":"2017-05-02T01:10:02+00:00","og_image":[{"width":750,"height":480,"url":"https:\/\/www.pressenza.com\/wp-content\/uploads\/2017\/05\/projeto-nao-violencia-escolas-pernambuco.jpg","type":"image\/jpeg"}],"author":"Reda\u00e7\u00e3o S\u00e3o Paulo","twitter_card":"summary_large_image","twitter_creator":"@pressenza_pt","twitter_site":"@PressenzaIPA","twitter_misc":{"Escrito por":"Reda\u00e7\u00e3o S\u00e3o Paulo","Tempo estimado de leitura":"3 minutos"},"schema":{"@context":"https:\/\/schema.org","@graph":[{"@type":"Article","@id":"https:\/\/www.pressenza.com\/pt-pt\/2017\/05\/escolas-da-rede-estadual-ensino-recebem-formacao-humanista-prevenir-violencia\/#article","isPartOf":{"@id":"https:\/\/www.pressenza.com\/pt-pt\/2017\/05\/escolas-da-rede-estadual-ensino-recebem-formacao-humanista-prevenir-violencia\/"},"author":{"name":"Reda\u00e7\u00e3o S\u00e3o Paulo","@id":"https:\/\/www.pressenza.com\/pt-pt\/#\/schema\/person\/d171826afb7693cfc394da95892bfd93"},"headline":"Escolas da Rede Estadual de Ensino recebem forma\u00e7\u00e3o humanista para prevenir a viol\u00eancia em Pernambuco","datePublished":"2017-05-02T00:37:47+00:00","dateModified":"2017-05-02T01:10:02+00:00","mainEntityOfPage":{"@id":"https:\/\/www.pressenza.com\/pt-pt\/2017\/05\/escolas-da-rede-estadual-ensino-recebem-formacao-humanista-prevenir-violencia\/"},"wordCount":578,"publisher":{"@id":"https:\/\/www.pressenza.com\/pt-pt\/#organization"},"image":{"@id":"https:\/\/www.pressenza.com\/pt-pt\/2017\/05\/escolas-da-rede-estadual-ensino-recebem-formacao-humanista-prevenir-violencia\/#primaryimage"},"thumbnailUrl":"https:\/\/www.pressenza.com\/wp-content\/uploads\/2017\/05\/projeto-nao-violencia-escolas-pernambuco.jpg","keywords":["Brasil","\u200bColetivo Humanista de Pernambuco","movimento humanista","n\u00e3o violencia","novo humanismo","pernambuco"],"articleSection":["\u00c1m\u00e9rica do Sul","Conte\u00fado Original","Direitos Humanos","Diversidade","Educa\u00e7\u00e3o","Humanismo e Espiritualidade","N\u00e3o viol\u00eancia","Nota de imprensa"],"inLanguage":"pt-PT"},{"@type":"WebPage","@id":"https:\/\/www.pressenza.com\/pt-pt\/2017\/05\/escolas-da-rede-estadual-ensino-recebem-formacao-humanista-prevenir-violencia\/","url":"https:\/\/www.pressenza.com\/pt-pt\/2017\/05\/escolas-da-rede-estadual-ensino-recebem-formacao-humanista-prevenir-violencia\/","name":"Escolas da Rede Estadual de Ensino recebem forma\u00e7\u00e3o humanista para prevenir a viol\u00eancia em Pernambuco","isPartOf":{"@id":"https:\/\/www.pressenza.com\/pt-pt\/#website"},"primaryImageOfPage":{"@id":"https:\/\/www.pressenza.com\/pt-pt\/2017\/05\/escolas-da-rede-estadual-ensino-recebem-formacao-humanista-prevenir-violencia\/#primaryimage"},"image":{"@id":"https:\/\/www.pressenza.com\/pt-pt\/2017\/05\/escolas-da-rede-estadual-ensino-recebem-formacao-humanista-prevenir-violencia\/#primaryimage"},"thumbnailUrl":"https:\/\/www.pressenza.com\/wp-content\/uploads\/2017\/05\/projeto-nao-violencia-escolas-pernambuco.jpg","datePublished":"2017-05-02T00:37:47+00:00","dateModified":"2017-05-02T01:10:02+00:00","description":"Metodologia humanista da n\u00e3o viol\u00eancia ativa chega em seis munic\u00edpios da Regi\u00e3o Metropolitana do Recife Na pr\u00f3xima quinta-feira (04) o Coletivo Humanista","breadcrumb":{"@id":"https:\/\/www.pressenza.com\/pt-pt\/2017\/05\/escolas-da-rede-estadual-ensino-recebem-formacao-humanista-prevenir-violencia\/#breadcrumb"},"inLanguage":"pt-PT","potentialAction":[{"@type":"ReadAction","target":["https:\/\/www.pressenza.com\/pt-pt\/2017\/05\/escolas-da-rede-estadual-ensino-recebem-formacao-humanista-prevenir-violencia\/"]}]},{"@type":"ImageObject","inLanguage":"pt-PT","@id":"https:\/\/www.pressenza.com\/pt-pt\/2017\/05\/escolas-da-rede-estadual-ensino-recebem-formacao-humanista-prevenir-violencia\/#primaryimage","url":"https:\/\/www.pressenza.com\/wp-content\/uploads\/2017\/05\/projeto-nao-violencia-escolas-pernambuco.jpg","contentUrl":"https:\/\/www.pressenza.com\/wp-content\/uploads\/2017\/05\/projeto-nao-violencia-escolas-pernambuco.jpg","width":750,"height":480},{"@type":"BreadcrumbList","@id":"https:\/\/www.pressenza.com\/pt-pt\/2017\/05\/escolas-da-rede-estadual-ensino-recebem-formacao-humanista-prevenir-violencia\/#breadcrumb","itemListElement":[{"@type":"ListItem","position":1,"name":"Accueil","item":"https:\/\/www.pressenza.com\/pt-pt\/"},{"@type":"ListItem","position":2,"name":"Escolas da Rede Estadual de Ensino recebem forma\u00e7\u00e3o humanista para prevenir a viol\u00eancia em Pernambuco"}]},{"@type":"WebSite","@id":"https:\/\/www.pressenza.com\/pt-pt\/#website","url":"https:\/\/www.pressenza.com\/pt-pt\/","name":"Pressenza","description":"International Press Agency","publisher":{"@id":"https:\/\/www.pressenza.com\/pt-pt\/#organization"},"potentialAction":[{"@type":"SearchAction","target":{"@type":"EntryPoint","urlTemplate":"https:\/\/www.pressenza.com\/pt-pt\/?s={search_term_string}"},"query-input":{"@type":"PropertyValueSpecification","valueRequired":true,"valueName":"search_term_string"}}],"inLanguage":"pt-PT"},{"@type":"Organization","@id":"https:\/\/www.pressenza.com\/pt-pt\/#organization","name":"Pressenza","url":"https:\/\/www.pressenza.com\/pt-pt\/","logo":{"@type":"ImageObject","inLanguage":"pt-PT","@id":"https:\/\/www.pressenza.com\/pt-pt\/#\/schema\/logo\/image\/","url":"https:\/\/www.pressenza.com\/wp-content\/uploads\/2022\/10\/pressenza_logo_200x200.jpg","contentUrl":"https:\/\/www.pressenza.com\/wp-content\/uploads\/2022\/10\/pressenza_logo_200x200.jpg","width":200,"height":200,"caption":"Pressenza"},"image":{"@id":"https:\/\/www.pressenza.com\/pt-pt\/#\/schema\/logo\/image\/"},"sameAs":["https:\/\/www.facebook.com\/PressenzaItalia","https:\/\/x.com\/PressenzaIPA"]},{"@type":"Person","@id":"https:\/\/www.pressenza.com\/pt-pt\/#\/schema\/person\/d171826afb7693cfc394da95892bfd93","name":"Reda\u00e7\u00e3o S\u00e3o Paulo","description":"News from the Pressenza bureau in Sao Paulo, Brazil","sameAs":["https:\/\/www.facebook.com\/PressenzaPortugues","https:\/\/x.com\/pressenza_pt"],"url":"https:\/\/www.pressenza.com\/pt-pt\/author\/redaccao-sao-paulo\/"}]}},"place":"","original_article_url":"","_links":{"self":[{"href":"https:\/\/www.pressenza.com\/pt-pt\/wp-json\/wp\/v2\/posts\/459924","targetHints":{"allow":["GET"]}}],"collection":[{"href":"https:\/\/www.pressenza.com\/pt-pt\/wp-json\/wp\/v2\/posts"}],"about":[{"href":"https:\/\/www.pressenza.com\/pt-pt\/wp-json\/wp\/v2\/types\/post"}],"author":[{"embeddable":true,"href":"https:\/\/www.pressenza.com\/pt-pt\/wp-json\/wp\/v2\/users\/44"}],"replies":[{"embeddable":true,"href":"https:\/\/www.pressenza.com\/pt-pt\/wp-json\/wp\/v2\/comments?post=459924"}],"version-history":[{"count":0,"href":"https:\/\/www.pressenza.com\/pt-pt\/wp-json\/wp\/v2\/posts\/459924\/revisions"}],"wp:featuredmedia":[{"embeddable":true,"href":"https:\/\/www.pressenza.com\/pt-pt\/wp-json\/wp\/v2\/media\/459926"}],"wp:attachment":[{"href":"https:\/\/www.pressenza.com\/pt-pt\/wp-json\/wp\/v2\/media?parent=459924"}],"wp:term":[{"taxonomy":"category","embeddable":true,"href":"https:\/\/www.pressenza.com\/pt-pt\/wp-json\/wp\/v2\/categories?post=459924"},{"taxonomy":"post_tag","embeddable":true,"href":"https:\/\/www.pressenza.com\/pt-pt\/wp-json\/wp\/v2\/tags?post=459924"}],"curies":[{"name":"wp","href":"https:\/\/api.w.org\/{rel}","templated":true}]}}