{"id":446412,"date":"2017-03-24T12:21:56","date_gmt":"2017-03-24T12:21:56","guid":{"rendered":"https:\/\/www.pressenza.com\/?p=446412\/"},"modified":"2017-03-24T12:22:42","modified_gmt":"2017-03-24T12:22:42","slug":"lisboa-documentario-debate-com-entrada-livre","status":"publish","type":"post","link":"https:\/\/www.pressenza.com\/pt-pt\/2017\/03\/lisboa-documentario-debate-com-entrada-livre\/","title":{"rendered":"Lisboa: document\u00e1rio &#038; debate com entrada livre"},"content":{"rendered":"<p>&#8220;Para al\u00e9m da vingan\u00e7a&#8221; \u00e9 uma nova abordagem sobre a vingan\u00e7a, um tema ao mesmo tempo arcaico e atual, que evidencia a rela\u00e7\u00e3o das pessoas com o contexto social e hist\u00f3rico.<\/p>\n<p>Explora a hist\u00f3ria ocidental para mostrar como a vingan\u00e7a se institucionalizou e se tornou parte integrante de toda a nossa cultura, incluindo a arte e a religi\u00e3o. Mas a for\u00e7a do document\u00e1rio est\u00e1 nos testemunhos de pessoas que perceberam como a vingan\u00e7a afectou profundamente suas vidas e corajosamente compartilham conosco suas hist\u00f3rias e compreens\u00f5es.<\/p>\n<p>A identifica\u00e7\u00e3o com os entrevistados d\u00e1-nos a oportunidade de identificar a vingan\u00e7a nas nossas pr\u00f3prias vidas, desde os grandes traumas at\u00e9 \u00e0 conviv\u00eancia quotidiana.<\/p>\n<p>Mergulhamos com os protagonistas na escurid\u00e3o dos nossos sentimentos para emergir para a possibilidade de reconcilia\u00e7\u00e3o. Este \u00e9 um document\u00e1rio essencialmente positivo e esperan\u00e7oso, uma chamada para dar, conscientemente, um passo \u00e0 frente em direc\u00e7\u00e3o \u00e0 supera\u00e7\u00e3o da viol\u00eancia.<\/p>\n<ul>\n<li><strong>S\u00e1bado 25 de Mar\u00e7o, 2017, \u00e0s 18:00 horas<\/strong><\/li>\n<li><strong>F\u00e1brica do Bra\u00e7o de Prata<\/strong><br \/>\nRua de F\u00e1brica de Material de Guerra, n\u00ba1, Lisboa<\/li>\n<\/ul>\n","protected":false},"excerpt":{"rendered":"<p>&#8220;Para al\u00e9m da vingan\u00e7a&#8221; \u00e9 uma nova abordagem sobre a vingan\u00e7a, um tema ao mesmo tempo arcaico e atual, que evidencia a rela\u00e7\u00e3o das pessoas com o contexto social e hist\u00f3rico. Explora a hist\u00f3ria ocidental para mostrar como a vingan\u00e7a&hellip;<\/p>\n","protected":false},"author":1167,"featured_media":446413,"comment_status":"closed","ping_status":"closed","sticky":false,"template":"","format":"standard","meta":{"footnotes":""},"categories":[11390,103,1254,153],"tags":[4694,35989,7504,25607,31810],"class_list":["post-446412","post","type-post","status-publish","format-standard","has-post-thumbnail","hentry","category-conteudo-original","category-europa-pt-pt","category-humanismo-espiritualidade","category-nota-de-imprensa","tag-documentario","tag-lisboa","tag-portugal-pt","tag-reconciliacao","tag-vinganca"],"yoast_head":"<!-- This site is optimized with the Yoast SEO plugin v27.1.1 - https:\/\/yoast.com\/product\/yoast-seo-wordpress\/ -->\n<title>Lisboa: document\u00e1rio &amp; debate com entrada livre<\/title>\n<meta name=\"description\" content=\"&quot;Para al\u00e9m da vingan\u00e7a&quot; \u00e9 uma nova abordagem sobre a vingan\u00e7a, um tema ao mesmo tempo arcaico e atual, que evidencia a rela\u00e7\u00e3o das pessoas com o contexto\" \/>\n<meta name=\"robots\" content=\"index, follow, max-snippet:-1, max-image-preview:large, max-video-preview:-1\" \/>\n<link rel=\"canonical\" href=\"https:\/\/www.pressenza.com\/pt-pt\/2017\/03\/lisboa-documentario-debate-com-entrada-livre\/\" \/>\n<meta property=\"og:locale\" content=\"pt_PT\" \/>\n<meta property=\"og:type\" content=\"article\" \/>\n<meta property=\"og:title\" content=\"Lisboa: document\u00e1rio &amp; debate com entrada livre\" \/>\n<meta property=\"og:description\" content=\"&quot;Para al\u00e9m da vingan\u00e7a&quot; \u00e9 uma nova abordagem sobre a vingan\u00e7a, um tema ao mesmo tempo arcaico e atual, que evidencia a rela\u00e7\u00e3o das pessoas com o contexto\" \/>\n<meta property=\"og:url\" content=\"https:\/\/www.pressenza.com\/pt-pt\/2017\/03\/lisboa-documentario-debate-com-entrada-livre\/\" \/>\n<meta property=\"og:site_name\" content=\"Pressenza\" \/>\n<meta property=\"article:publisher\" content=\"https:\/\/www.facebook.com\/PressenzaItalia\" \/>\n<meta property=\"article:published_time\" content=\"2017-03-24T12:21:56+00:00\" \/>\n<meta property=\"article:modified_time\" content=\"2017-03-24T12:22:42+00:00\" \/>\n<meta property=\"og:image\" content=\"https:\/\/www.pressenza.com\/wp-content\/uploads\/2017\/03\/alemdavinganc--a.jpg\" \/>\n\t<meta property=\"og:image:width\" content=\"1024\" \/>\n\t<meta property=\"og:image:height\" content=\"533\" \/>\n\t<meta property=\"og:image:type\" content=\"image\/jpeg\" \/>\n<meta name=\"author\" content=\"Reda\u00e7\u00e3o Portugal\" \/>\n<meta name=\"twitter:card\" content=\"summary_large_image\" \/>\n<meta name=\"twitter:creator\" content=\"@PressenzaIPA\" \/>\n<meta name=\"twitter:site\" content=\"@PressenzaIPA\" \/>\n<meta name=\"twitter:label1\" content=\"Escrito por\" \/>\n\t<meta name=\"twitter:data1\" content=\"Reda\u00e7\u00e3o Portugal\" \/>\n\t<meta name=\"twitter:label2\" content=\"Tempo estimado de leitura\" \/>\n\t<meta name=\"twitter:data2\" content=\"1 minuto\" \/>\n<script type=\"application\/ld+json\" class=\"yoast-schema-graph\">{\"@context\":\"https:\/\/schema.org\",\"@graph\":[{\"@type\":\"Article\",\"@id\":\"https:\/\/www.pressenza.com\/pt-pt\/2017\/03\/lisboa-documentario-debate-com-entrada-livre\/#article\",\"isPartOf\":{\"@id\":\"https:\/\/www.pressenza.com\/pt-pt\/2017\/03\/lisboa-documentario-debate-com-entrada-livre\/\"},\"author\":{\"name\":\"Reda\u00e7\u00e3o Portugal\",\"@id\":\"https:\/\/www.pressenza.com\/pt-pt\/#\/schema\/person\/4f69cc6c058d858c5f0a3775cdf4c67e\"},\"headline\":\"Lisboa: document\u00e1rio &#038; debate com entrada livre\",\"datePublished\":\"2017-03-24T12:21:56+00:00\",\"dateModified\":\"2017-03-24T12:22:42+00:00\",\"mainEntityOfPage\":{\"@id\":\"https:\/\/www.pressenza.com\/pt-pt\/2017\/03\/lisboa-documentario-debate-com-entrada-livre\/\"},\"wordCount\":199,\"publisher\":{\"@id\":\"https:\/\/www.pressenza.com\/pt-pt\/#organization\"},\"image\":{\"@id\":\"https:\/\/www.pressenza.com\/pt-pt\/2017\/03\/lisboa-documentario-debate-com-entrada-livre\/#primaryimage\"},\"thumbnailUrl\":\"https:\/\/www.pressenza.com\/wp-content\/uploads\/2017\/03\/alemdavinganc--a.jpg\",\"keywords\":[\"documentario\",\"Lisboa\",\"Portugal\",\"reconciliacao\",\"vingan\u00e7a\"],\"articleSection\":[\"Conte\u00fado Original\",\"Europa\",\"Humanismo e Espiritualidade\",\"Nota de imprensa\"],\"inLanguage\":\"pt-PT\"},{\"@type\":\"WebPage\",\"@id\":\"https:\/\/www.pressenza.com\/pt-pt\/2017\/03\/lisboa-documentario-debate-com-entrada-livre\/\",\"url\":\"https:\/\/www.pressenza.com\/pt-pt\/2017\/03\/lisboa-documentario-debate-com-entrada-livre\/\",\"name\":\"Lisboa: document\u00e1rio & debate com entrada livre\",\"isPartOf\":{\"@id\":\"https:\/\/www.pressenza.com\/pt-pt\/#website\"},\"primaryImageOfPage\":{\"@id\":\"https:\/\/www.pressenza.com\/pt-pt\/2017\/03\/lisboa-documentario-debate-com-entrada-livre\/#primaryimage\"},\"image\":{\"@id\":\"https:\/\/www.pressenza.com\/pt-pt\/2017\/03\/lisboa-documentario-debate-com-entrada-livre\/#primaryimage\"},\"thumbnailUrl\":\"https:\/\/www.pressenza.com\/wp-content\/uploads\/2017\/03\/alemdavinganc--a.jpg\",\"datePublished\":\"2017-03-24T12:21:56+00:00\",\"dateModified\":\"2017-03-24T12:22:42+00:00\",\"description\":\"\\\"Para al\u00e9m da vingan\u00e7a\\\" \u00e9 uma nova abordagem sobre a vingan\u00e7a, um tema ao mesmo tempo arcaico e atual, que evidencia a rela\u00e7\u00e3o das pessoas com o contexto\",\"breadcrumb\":{\"@id\":\"https:\/\/www.pressenza.com\/pt-pt\/2017\/03\/lisboa-documentario-debate-com-entrada-livre\/#breadcrumb\"},\"inLanguage\":\"pt-PT\",\"potentialAction\":[{\"@type\":\"ReadAction\",\"target\":[\"https:\/\/www.pressenza.com\/pt-pt\/2017\/03\/lisboa-documentario-debate-com-entrada-livre\/\"]}]},{\"@type\":\"ImageObject\",\"inLanguage\":\"pt-PT\",\"@id\":\"https:\/\/www.pressenza.com\/pt-pt\/2017\/03\/lisboa-documentario-debate-com-entrada-livre\/#primaryimage\",\"url\":\"https:\/\/www.pressenza.com\/wp-content\/uploads\/2017\/03\/alemdavinganc--a.jpg\",\"contentUrl\":\"https:\/\/www.pressenza.com\/wp-content\/uploads\/2017\/03\/alemdavinganc--a.jpg\",\"width\":1024,\"height\":533},{\"@type\":\"BreadcrumbList\",\"@id\":\"https:\/\/www.pressenza.com\/pt-pt\/2017\/03\/lisboa-documentario-debate-com-entrada-livre\/#breadcrumb\",\"itemListElement\":[{\"@type\":\"ListItem\",\"position\":1,\"name\":\"Accueil\",\"item\":\"https:\/\/www.pressenza.com\/pt-pt\/\"},{\"@type\":\"ListItem\",\"position\":2,\"name\":\"Lisboa: document\u00e1rio &#038; debate com entrada livre\"}]},{\"@type\":\"WebSite\",\"@id\":\"https:\/\/www.pressenza.com\/pt-pt\/#website\",\"url\":\"https:\/\/www.pressenza.com\/pt-pt\/\",\"name\":\"Pressenza\",\"description\":\"International Press Agency\",\"publisher\":{\"@id\":\"https:\/\/www.pressenza.com\/pt-pt\/#organization\"},\"potentialAction\":[{\"@type\":\"SearchAction\",\"target\":{\"@type\":\"EntryPoint\",\"urlTemplate\":\"https:\/\/www.pressenza.com\/pt-pt\/?s={search_term_string}\"},\"query-input\":{\"@type\":\"PropertyValueSpecification\",\"valueRequired\":true,\"valueName\":\"search_term_string\"}}],\"inLanguage\":\"pt-PT\"},{\"@type\":\"Organization\",\"@id\":\"https:\/\/www.pressenza.com\/pt-pt\/#organization\",\"name\":\"Pressenza\",\"url\":\"https:\/\/www.pressenza.com\/pt-pt\/\",\"logo\":{\"@type\":\"ImageObject\",\"inLanguage\":\"pt-PT\",\"@id\":\"https:\/\/www.pressenza.com\/pt-pt\/#\/schema\/logo\/image\/\",\"url\":\"https:\/\/www.pressenza.com\/wp-content\/uploads\/2022\/10\/pressenza_logo_200x200.jpg\",\"contentUrl\":\"https:\/\/www.pressenza.com\/wp-content\/uploads\/2022\/10\/pressenza_logo_200x200.jpg\",\"width\":200,\"height\":200,\"caption\":\"Pressenza\"},\"image\":{\"@id\":\"https:\/\/www.pressenza.com\/pt-pt\/#\/schema\/logo\/image\/\"},\"sameAs\":[\"https:\/\/www.facebook.com\/PressenzaItalia\",\"https:\/\/x.com\/PressenzaIPA\"]},{\"@type\":\"Person\",\"@id\":\"https:\/\/www.pressenza.com\/pt-pt\/#\/schema\/person\/4f69cc6c058d858c5f0a3775cdf4c67e\",\"name\":\"Reda\u00e7\u00e3o Portugal\",\"description\":\"News published by the Pressenza bureau in Portugal\",\"url\":\"https:\/\/www.pressenza.com\/pt-pt\/author\/redaccao-portugal\/\"}]}<\/script>\n<!-- \/ Yoast SEO plugin. -->","yoast_head_json":{"title":"Lisboa: document\u00e1rio & debate com entrada livre","description":"\"Para al\u00e9m da vingan\u00e7a\" \u00e9 uma nova abordagem sobre a vingan\u00e7a, um tema ao mesmo tempo arcaico e atual, que evidencia a rela\u00e7\u00e3o das pessoas com o contexto","robots":{"index":"index","follow":"follow","max-snippet":"max-snippet:-1","max-image-preview":"max-image-preview:large","max-video-preview":"max-video-preview:-1"},"canonical":"https:\/\/www.pressenza.com\/pt-pt\/2017\/03\/lisboa-documentario-debate-com-entrada-livre\/","og_locale":"pt_PT","og_type":"article","og_title":"Lisboa: document\u00e1rio & debate com entrada livre","og_description":"\"Para al\u00e9m da vingan\u00e7a\" \u00e9 uma nova abordagem sobre a vingan\u00e7a, um tema ao mesmo tempo arcaico e atual, que evidencia a rela\u00e7\u00e3o das pessoas com o contexto","og_url":"https:\/\/www.pressenza.com\/pt-pt\/2017\/03\/lisboa-documentario-debate-com-entrada-livre\/","og_site_name":"Pressenza","article_publisher":"https:\/\/www.facebook.com\/PressenzaItalia","article_published_time":"2017-03-24T12:21:56+00:00","article_modified_time":"2017-03-24T12:22:42+00:00","og_image":[{"width":1024,"height":533,"url":"https:\/\/www.pressenza.com\/wp-content\/uploads\/2017\/03\/alemdavinganc--a.jpg","type":"image\/jpeg"}],"author":"Reda\u00e7\u00e3o Portugal","twitter_card":"summary_large_image","twitter_creator":"@PressenzaIPA","twitter_site":"@PressenzaIPA","twitter_misc":{"Escrito por":"Reda\u00e7\u00e3o Portugal","Tempo estimado de leitura":"1 minuto"},"schema":{"@context":"https:\/\/schema.org","@graph":[{"@type":"Article","@id":"https:\/\/www.pressenza.com\/pt-pt\/2017\/03\/lisboa-documentario-debate-com-entrada-livre\/#article","isPartOf":{"@id":"https:\/\/www.pressenza.com\/pt-pt\/2017\/03\/lisboa-documentario-debate-com-entrada-livre\/"},"author":{"name":"Reda\u00e7\u00e3o Portugal","@id":"https:\/\/www.pressenza.com\/pt-pt\/#\/schema\/person\/4f69cc6c058d858c5f0a3775cdf4c67e"},"headline":"Lisboa: document\u00e1rio &#038; debate com entrada livre","datePublished":"2017-03-24T12:21:56+00:00","dateModified":"2017-03-24T12:22:42+00:00","mainEntityOfPage":{"@id":"https:\/\/www.pressenza.com\/pt-pt\/2017\/03\/lisboa-documentario-debate-com-entrada-livre\/"},"wordCount":199,"publisher":{"@id":"https:\/\/www.pressenza.com\/pt-pt\/#organization"},"image":{"@id":"https:\/\/www.pressenza.com\/pt-pt\/2017\/03\/lisboa-documentario-debate-com-entrada-livre\/#primaryimage"},"thumbnailUrl":"https:\/\/www.pressenza.com\/wp-content\/uploads\/2017\/03\/alemdavinganc--a.jpg","keywords":["documentario","Lisboa","Portugal","reconciliacao","vingan\u00e7a"],"articleSection":["Conte\u00fado Original","Europa","Humanismo e Espiritualidade","Nota de imprensa"],"inLanguage":"pt-PT"},{"@type":"WebPage","@id":"https:\/\/www.pressenza.com\/pt-pt\/2017\/03\/lisboa-documentario-debate-com-entrada-livre\/","url":"https:\/\/www.pressenza.com\/pt-pt\/2017\/03\/lisboa-documentario-debate-com-entrada-livre\/","name":"Lisboa: document\u00e1rio & debate com entrada livre","isPartOf":{"@id":"https:\/\/www.pressenza.com\/pt-pt\/#website"},"primaryImageOfPage":{"@id":"https:\/\/www.pressenza.com\/pt-pt\/2017\/03\/lisboa-documentario-debate-com-entrada-livre\/#primaryimage"},"image":{"@id":"https:\/\/www.pressenza.com\/pt-pt\/2017\/03\/lisboa-documentario-debate-com-entrada-livre\/#primaryimage"},"thumbnailUrl":"https:\/\/www.pressenza.com\/wp-content\/uploads\/2017\/03\/alemdavinganc--a.jpg","datePublished":"2017-03-24T12:21:56+00:00","dateModified":"2017-03-24T12:22:42+00:00","description":"\"Para al\u00e9m da vingan\u00e7a\" \u00e9 uma nova abordagem sobre a vingan\u00e7a, um tema ao mesmo tempo arcaico e atual, que evidencia a rela\u00e7\u00e3o das pessoas com o contexto","breadcrumb":{"@id":"https:\/\/www.pressenza.com\/pt-pt\/2017\/03\/lisboa-documentario-debate-com-entrada-livre\/#breadcrumb"},"inLanguage":"pt-PT","potentialAction":[{"@type":"ReadAction","target":["https:\/\/www.pressenza.com\/pt-pt\/2017\/03\/lisboa-documentario-debate-com-entrada-livre\/"]}]},{"@type":"ImageObject","inLanguage":"pt-PT","@id":"https:\/\/www.pressenza.com\/pt-pt\/2017\/03\/lisboa-documentario-debate-com-entrada-livre\/#primaryimage","url":"https:\/\/www.pressenza.com\/wp-content\/uploads\/2017\/03\/alemdavinganc--a.jpg","contentUrl":"https:\/\/www.pressenza.com\/wp-content\/uploads\/2017\/03\/alemdavinganc--a.jpg","width":1024,"height":533},{"@type":"BreadcrumbList","@id":"https:\/\/www.pressenza.com\/pt-pt\/2017\/03\/lisboa-documentario-debate-com-entrada-livre\/#breadcrumb","itemListElement":[{"@type":"ListItem","position":1,"name":"Accueil","item":"https:\/\/www.pressenza.com\/pt-pt\/"},{"@type":"ListItem","position":2,"name":"Lisboa: document\u00e1rio &#038; debate com entrada livre"}]},{"@type":"WebSite","@id":"https:\/\/www.pressenza.com\/pt-pt\/#website","url":"https:\/\/www.pressenza.com\/pt-pt\/","name":"Pressenza","description":"International Press Agency","publisher":{"@id":"https:\/\/www.pressenza.com\/pt-pt\/#organization"},"potentialAction":[{"@type":"SearchAction","target":{"@type":"EntryPoint","urlTemplate":"https:\/\/www.pressenza.com\/pt-pt\/?s={search_term_string}"},"query-input":{"@type":"PropertyValueSpecification","valueRequired":true,"valueName":"search_term_string"}}],"inLanguage":"pt-PT"},{"@type":"Organization","@id":"https:\/\/www.pressenza.com\/pt-pt\/#organization","name":"Pressenza","url":"https:\/\/www.pressenza.com\/pt-pt\/","logo":{"@type":"ImageObject","inLanguage":"pt-PT","@id":"https:\/\/www.pressenza.com\/pt-pt\/#\/schema\/logo\/image\/","url":"https:\/\/www.pressenza.com\/wp-content\/uploads\/2022\/10\/pressenza_logo_200x200.jpg","contentUrl":"https:\/\/www.pressenza.com\/wp-content\/uploads\/2022\/10\/pressenza_logo_200x200.jpg","width":200,"height":200,"caption":"Pressenza"},"image":{"@id":"https:\/\/www.pressenza.com\/pt-pt\/#\/schema\/logo\/image\/"},"sameAs":["https:\/\/www.facebook.com\/PressenzaItalia","https:\/\/x.com\/PressenzaIPA"]},{"@type":"Person","@id":"https:\/\/www.pressenza.com\/pt-pt\/#\/schema\/person\/4f69cc6c058d858c5f0a3775cdf4c67e","name":"Reda\u00e7\u00e3o Portugal","description":"News published by the Pressenza bureau in Portugal","url":"https:\/\/www.pressenza.com\/pt-pt\/author\/redaccao-portugal\/"}]}},"place":"Lisboa","original_article_url":"","_links":{"self":[{"href":"https:\/\/www.pressenza.com\/pt-pt\/wp-json\/wp\/v2\/posts\/446412","targetHints":{"allow":["GET"]}}],"collection":[{"href":"https:\/\/www.pressenza.com\/pt-pt\/wp-json\/wp\/v2\/posts"}],"about":[{"href":"https:\/\/www.pressenza.com\/pt-pt\/wp-json\/wp\/v2\/types\/post"}],"author":[{"embeddable":true,"href":"https:\/\/www.pressenza.com\/pt-pt\/wp-json\/wp\/v2\/users\/1167"}],"replies":[{"embeddable":true,"href":"https:\/\/www.pressenza.com\/pt-pt\/wp-json\/wp\/v2\/comments?post=446412"}],"version-history":[{"count":0,"href":"https:\/\/www.pressenza.com\/pt-pt\/wp-json\/wp\/v2\/posts\/446412\/revisions"}],"wp:featuredmedia":[{"embeddable":true,"href":"https:\/\/www.pressenza.com\/pt-pt\/wp-json\/wp\/v2\/media\/446413"}],"wp:attachment":[{"href":"https:\/\/www.pressenza.com\/pt-pt\/wp-json\/wp\/v2\/media?parent=446412"}],"wp:term":[{"taxonomy":"category","embeddable":true,"href":"https:\/\/www.pressenza.com\/pt-pt\/wp-json\/wp\/v2\/categories?post=446412"},{"taxonomy":"post_tag","embeddable":true,"href":"https:\/\/www.pressenza.com\/pt-pt\/wp-json\/wp\/v2\/tags?post=446412"}],"curies":[{"name":"wp","href":"https:\/\/api.w.org\/{rel}","templated":true}]}}