{"id":430982,"date":"2017-02-11T23:17:02","date_gmt":"2017-02-11T23:17:02","guid":{"rendered":"http:\/\/www.pressenza.com\/?p=430982\/"},"modified":"2017-02-11T23:17:02","modified_gmt":"2017-02-11T23:17:02","slug":"numero-abortos-cai-10-em-portugal","status":"publish","type":"post","link":"https:\/\/www.pressenza.com\/pt-pt\/2017\/02\/numero-abortos-cai-10-em-portugal\/","title":{"rendered":"N\u00famero de abortos cai 10% em Portugal"},"content":{"rendered":"<p><strong>Com legaliza\u00e7\u00e3o, n\u00famero de abortos cai 10% em Portugal; pa\u00eds completa 5 anos sem mortes de mulheres em decorr\u00eancia da pr\u00e1tica<\/strong><\/p>\n<p>Entre 2001 e 2007, n\u00fameros levantados pelo jornal Expresso indicam que houve 14 mortes em decorr\u00eancia de procedimentos irregulares e que colocavam em risco a vida das m\u00e3es.<\/p>\n<p>Dados divulgados nesta semana pela Dire\u00e7\u00e3o Geral de Sa\u00fade (DGS) de Portugal, por conta do anivers\u00e1rio de dez anos do referendo que votou a favor da legaliza\u00e7\u00e3o do aborto no pa\u00eds, mostram que, desde que a pr\u00e1tica foi descriminalizada, o n\u00famero de mulheres que morreram em decorr\u00eancia do procedimento caiu \u2013 e est\u00e1 em zero desde 2012 \u2013 e o total de interrup\u00e7\u00f5es da gravidez em 2015 \u00e9 10% menor do que o de 2008, primeiro ano de vig\u00eancia da lei.<\/p>\n<p>Al\u00e9m disso, o n\u00famero de mulheres que usam m\u00e9todos contraceptivos tem aumentado nos \u00faltimos anos.<\/p>\n<p>Entre 2001 e 2007, n\u00fameros levantados pelo jornal Expresso indicam que houve 14 mortes maternas em decorr\u00eancia de procedimentos irregulares e que colocavam em risco a vida das m\u00e3es. Entre 2008 e 2012, nos quatro primeiros anos de vig\u00eancia da IVG (Interrup\u00e7\u00e3o Volunt\u00e1ria da Gravidez), uma mulher morreu em um procedimento legal e, outra, em um ilegal. Desde ent\u00e3o, n\u00e3o foi registrada nenhuma outra morte.<\/p>\n<p>O total de IVGs tamb\u00e9m vem caindo, apesar de um pico em 2011, ano em que Portugal foi mais atingido pela crise econ\u00f4mica. No primeiro ano de vig\u00eancia da regula\u00e7\u00e3o, 18.607 mulheres interromperam a gravidez; em 2011, 19.921; em 2014, 16.180; em 2015, 15.873. Ou seja: entre 2008 e 2015, houve uma queda de 10% nos procedimentos em todo o pa\u00eds.<\/p>\n<p>Estimativas apontam que, antes da legaliza\u00e7\u00e3o, ocorriam, em m\u00e9dia, 20 mil interrup\u00e7\u00f5es por ano.<\/p>\n<p>A legaliza\u00e7\u00e3o da IVG tamb\u00e9m fez aumentar o uso de m\u00e9todos contraceptivos. Ap\u00f3s realizarem o procedimento, 95,7% das mulheres em 2015 passaram a us\u00e1-los, contra 95,4% em 2014 e 94% em 2013.<\/p>\n<p>Segundo a DGS, a maior parte (mais de sete em cada dez) interrup\u00e7\u00f5es de gravidez foram realizadas no servi\u00e7o p\u00fablico de sa\u00fade. De acordo com o \u00f3rg\u00e3o, se verificou &#8220;redu\u00e7\u00e3o significativa tanto do n\u00famero total de complica\u00e7\u00f5es como do n\u00famero de complica\u00e7\u00f5es graves a partir de 2008&#8221;.<\/p>\n<p>O referendo foi realizado em 11 de fevereiro de 2007, e o sim venceu com 59,25% dos votos. No entanto, como n\u00e3o houve participa\u00e7\u00e3o suficiente para tornar lei o resultado, o governo do pa\u00eds apresentou ao Congresso um projeto em termos semelhantes, que foi aprovado e entrou em vigor no mesmo ano. \u00a0\u00c9 poss\u00edvel fazer uma IVG at\u00e9 a 10\u00aa semana de gesta\u00e7\u00e3o em Portugal &#8211; em outros pa\u00edses da Europa, o prazo vai at\u00e9 a 14\u00aa semana.<\/p>\n","protected":false},"excerpt":{"rendered":"<p>Com legaliza\u00e7\u00e3o, n\u00famero de abortos cai 10% em Portugal; pa\u00eds completa 5 anos sem mortes de mulheres em decorr\u00eancia da pr\u00e1tica Entre 2001 e 2007, n\u00fameros levantados pelo jornal Expresso indicam que houve 14 mortes em decorr\u00eancia de procedimentos irregulares&hellip;<\/p>\n","protected":false},"author":1167,"featured_media":430990,"comment_status":"closed","ping_status":"closed","sticky":false,"template":"","format":"standard","meta":{"footnotes":""},"categories":[116,1255,103],"tags":[5371,5429,5204,503,10435,18994,1431,7504,10812],"class_list":["post-430982","post","type-post","status-publish","format-standard","has-post-thumbnail","hentry","category-direitos-humanos","category-diversidade","category-europa-pt-pt","tag-aborto","tag-aborto-pt-pt","tag-direitos-humanos","tag-genero","tag-genero-pt-pt","tag-mulheres","tag-portugal","tag-portugal-pt","tag-referendo"],"yoast_head":"<!-- This site is optimized with the Yoast SEO plugin v27.1.1 - https:\/\/yoast.com\/product\/yoast-seo-wordpress\/ -->\n<title>N\u00famero de abortos cai 10% em Portugal<\/title>\n<meta name=\"description\" content=\"Com legaliza\u00e7\u00e3o, n\u00famero de abortos cai 10% em Portugal; pa\u00eds completa 5 anos sem mortes de mulheres em decorr\u00eancia da pr\u00e1tica Entre 2001 e 2007, n\u00fameros\" \/>\n<meta name=\"robots\" content=\"index, follow, max-snippet:-1, max-image-preview:large, max-video-preview:-1\" \/>\n<link rel=\"canonical\" href=\"https:\/\/www.pressenza.com\/pt-pt\/2017\/02\/numero-abortos-cai-10-em-portugal\/\" \/>\n<meta property=\"og:locale\" content=\"pt_PT\" \/>\n<meta property=\"og:type\" content=\"article\" \/>\n<meta property=\"og:title\" content=\"N\u00famero de abortos cai 10% em Portugal\" \/>\n<meta property=\"og:description\" content=\"Com legaliza\u00e7\u00e3o, n\u00famero de abortos cai 10% em Portugal; pa\u00eds completa 5 anos sem mortes de mulheres em decorr\u00eancia da pr\u00e1tica Entre 2001 e 2007, n\u00fameros\" \/>\n<meta property=\"og:url\" content=\"https:\/\/www.pressenza.com\/pt-pt\/2017\/02\/numero-abortos-cai-10-em-portugal\/\" \/>\n<meta property=\"og:site_name\" content=\"Pressenza\" \/>\n<meta property=\"article:publisher\" content=\"https:\/\/www.facebook.com\/PressenzaItalia\" \/>\n<meta property=\"article:published_time\" content=\"2017-02-11T23:17:02+00:00\" \/>\n<meta property=\"og:image\" content=\"https:\/\/www.pressenza.com\/wp-content\/uploads\/2017\/02\/sim2.jpg\" \/>\n\t<meta property=\"og:image:width\" content=\"800\" \/>\n\t<meta property=\"og:image:height\" content=\"600\" \/>\n\t<meta property=\"og:image:type\" content=\"image\/jpeg\" \/>\n<meta name=\"author\" content=\"Reda\u00e7\u00e3o Portugal\" \/>\n<meta name=\"twitter:card\" content=\"summary_large_image\" \/>\n<meta name=\"twitter:creator\" content=\"@PressenzaIPA\" \/>\n<meta name=\"twitter:site\" content=\"@PressenzaIPA\" \/>\n<meta name=\"twitter:label1\" content=\"Escrito por\" \/>\n\t<meta name=\"twitter:data1\" content=\"Reda\u00e7\u00e3o Portugal\" \/>\n\t<meta name=\"twitter:label2\" content=\"Tempo estimado de leitura\" \/>\n\t<meta name=\"twitter:data2\" content=\"2 minutos\" \/>\n<script type=\"application\/ld+json\" class=\"yoast-schema-graph\">{\"@context\":\"https:\/\/schema.org\",\"@graph\":[{\"@type\":\"Article\",\"@id\":\"https:\/\/www.pressenza.com\/pt-pt\/2017\/02\/numero-abortos-cai-10-em-portugal\/#article\",\"isPartOf\":{\"@id\":\"https:\/\/www.pressenza.com\/pt-pt\/2017\/02\/numero-abortos-cai-10-em-portugal\/\"},\"author\":{\"name\":\"Reda\u00e7\u00e3o Portugal\",\"@id\":\"https:\/\/www.pressenza.com\/pt-pt\/#\/schema\/person\/4f69cc6c058d858c5f0a3775cdf4c67e\"},\"headline\":\"N\u00famero de abortos cai 10% em Portugal\",\"datePublished\":\"2017-02-11T23:17:02+00:00\",\"mainEntityOfPage\":{\"@id\":\"https:\/\/www.pressenza.com\/pt-pt\/2017\/02\/numero-abortos-cai-10-em-portugal\/\"},\"wordCount\":465,\"publisher\":{\"@id\":\"https:\/\/www.pressenza.com\/pt-pt\/#organization\"},\"image\":{\"@id\":\"https:\/\/www.pressenza.com\/pt-pt\/2017\/02\/numero-abortos-cai-10-em-portugal\/#primaryimage\"},\"thumbnailUrl\":\"https:\/\/www.pressenza.com\/wp-content\/uploads\/2017\/02\/sim2.jpg\",\"keywords\":[\"aborto\",\"aborto\",\"direitos humanos\",\"G\u00e9nero\",\"genero\",\"Mulheres\",\"Portugal\",\"Portugal\",\"referendo\"],\"articleSection\":[\"Direitos Humanos\",\"Diversidade\",\"Europa\"],\"inLanguage\":\"pt-PT\"},{\"@type\":\"WebPage\",\"@id\":\"https:\/\/www.pressenza.com\/pt-pt\/2017\/02\/numero-abortos-cai-10-em-portugal\/\",\"url\":\"https:\/\/www.pressenza.com\/pt-pt\/2017\/02\/numero-abortos-cai-10-em-portugal\/\",\"name\":\"N\u00famero de abortos cai 10% em Portugal\",\"isPartOf\":{\"@id\":\"https:\/\/www.pressenza.com\/pt-pt\/#website\"},\"primaryImageOfPage\":{\"@id\":\"https:\/\/www.pressenza.com\/pt-pt\/2017\/02\/numero-abortos-cai-10-em-portugal\/#primaryimage\"},\"image\":{\"@id\":\"https:\/\/www.pressenza.com\/pt-pt\/2017\/02\/numero-abortos-cai-10-em-portugal\/#primaryimage\"},\"thumbnailUrl\":\"https:\/\/www.pressenza.com\/wp-content\/uploads\/2017\/02\/sim2.jpg\",\"datePublished\":\"2017-02-11T23:17:02+00:00\",\"description\":\"Com legaliza\u00e7\u00e3o, n\u00famero de abortos cai 10% em Portugal; pa\u00eds completa 5 anos sem mortes de mulheres em decorr\u00eancia da pr\u00e1tica Entre 2001 e 2007, n\u00fameros\",\"breadcrumb\":{\"@id\":\"https:\/\/www.pressenza.com\/pt-pt\/2017\/02\/numero-abortos-cai-10-em-portugal\/#breadcrumb\"},\"inLanguage\":\"pt-PT\",\"potentialAction\":[{\"@type\":\"ReadAction\",\"target\":[\"https:\/\/www.pressenza.com\/pt-pt\/2017\/02\/numero-abortos-cai-10-em-portugal\/\"]}]},{\"@type\":\"ImageObject\",\"inLanguage\":\"pt-PT\",\"@id\":\"https:\/\/www.pressenza.com\/pt-pt\/2017\/02\/numero-abortos-cai-10-em-portugal\/#primaryimage\",\"url\":\"https:\/\/www.pressenza.com\/wp-content\/uploads\/2017\/02\/sim2.jpg\",\"contentUrl\":\"https:\/\/www.pressenza.com\/wp-content\/uploads\/2017\/02\/sim2.jpg\",\"width\":800,\"height\":600},{\"@type\":\"BreadcrumbList\",\"@id\":\"https:\/\/www.pressenza.com\/pt-pt\/2017\/02\/numero-abortos-cai-10-em-portugal\/#breadcrumb\",\"itemListElement\":[{\"@type\":\"ListItem\",\"position\":1,\"name\":\"Accueil\",\"item\":\"https:\/\/www.pressenza.com\/pt-pt\/\"},{\"@type\":\"ListItem\",\"position\":2,\"name\":\"N\u00famero de abortos cai 10% em Portugal\"}]},{\"@type\":\"WebSite\",\"@id\":\"https:\/\/www.pressenza.com\/pt-pt\/#website\",\"url\":\"https:\/\/www.pressenza.com\/pt-pt\/\",\"name\":\"Pressenza\",\"description\":\"International Press Agency\",\"publisher\":{\"@id\":\"https:\/\/www.pressenza.com\/pt-pt\/#organization\"},\"potentialAction\":[{\"@type\":\"SearchAction\",\"target\":{\"@type\":\"EntryPoint\",\"urlTemplate\":\"https:\/\/www.pressenza.com\/pt-pt\/?s={search_term_string}\"},\"query-input\":{\"@type\":\"PropertyValueSpecification\",\"valueRequired\":true,\"valueName\":\"search_term_string\"}}],\"inLanguage\":\"pt-PT\"},{\"@type\":\"Organization\",\"@id\":\"https:\/\/www.pressenza.com\/pt-pt\/#organization\",\"name\":\"Pressenza\",\"url\":\"https:\/\/www.pressenza.com\/pt-pt\/\",\"logo\":{\"@type\":\"ImageObject\",\"inLanguage\":\"pt-PT\",\"@id\":\"https:\/\/www.pressenza.com\/pt-pt\/#\/schema\/logo\/image\/\",\"url\":\"https:\/\/www.pressenza.com\/wp-content\/uploads\/2022\/10\/pressenza_logo_200x200.jpg\",\"contentUrl\":\"https:\/\/www.pressenza.com\/wp-content\/uploads\/2022\/10\/pressenza_logo_200x200.jpg\",\"width\":200,\"height\":200,\"caption\":\"Pressenza\"},\"image\":{\"@id\":\"https:\/\/www.pressenza.com\/pt-pt\/#\/schema\/logo\/image\/\"},\"sameAs\":[\"https:\/\/www.facebook.com\/PressenzaItalia\",\"https:\/\/x.com\/PressenzaIPA\"]},{\"@type\":\"Person\",\"@id\":\"https:\/\/www.pressenza.com\/pt-pt\/#\/schema\/person\/4f69cc6c058d858c5f0a3775cdf4c67e\",\"name\":\"Reda\u00e7\u00e3o Portugal\",\"description\":\"News published by the Pressenza bureau in Portugal\",\"url\":\"https:\/\/www.pressenza.com\/pt-pt\/author\/redaccao-portugal\/\"}]}<\/script>\n<!-- \/ Yoast SEO plugin. -->","yoast_head_json":{"title":"N\u00famero de abortos cai 10% em Portugal","description":"Com legaliza\u00e7\u00e3o, n\u00famero de abortos cai 10% em Portugal; pa\u00eds completa 5 anos sem mortes de mulheres em decorr\u00eancia da pr\u00e1tica Entre 2001 e 2007, n\u00fameros","robots":{"index":"index","follow":"follow","max-snippet":"max-snippet:-1","max-image-preview":"max-image-preview:large","max-video-preview":"max-video-preview:-1"},"canonical":"https:\/\/www.pressenza.com\/pt-pt\/2017\/02\/numero-abortos-cai-10-em-portugal\/","og_locale":"pt_PT","og_type":"article","og_title":"N\u00famero de abortos cai 10% em Portugal","og_description":"Com legaliza\u00e7\u00e3o, n\u00famero de abortos cai 10% em Portugal; pa\u00eds completa 5 anos sem mortes de mulheres em decorr\u00eancia da pr\u00e1tica Entre 2001 e 2007, n\u00fameros","og_url":"https:\/\/www.pressenza.com\/pt-pt\/2017\/02\/numero-abortos-cai-10-em-portugal\/","og_site_name":"Pressenza","article_publisher":"https:\/\/www.facebook.com\/PressenzaItalia","article_published_time":"2017-02-11T23:17:02+00:00","og_image":[{"width":800,"height":600,"url":"https:\/\/www.pressenza.com\/wp-content\/uploads\/2017\/02\/sim2.jpg","type":"image\/jpeg"}],"author":"Reda\u00e7\u00e3o Portugal","twitter_card":"summary_large_image","twitter_creator":"@PressenzaIPA","twitter_site":"@PressenzaIPA","twitter_misc":{"Escrito por":"Reda\u00e7\u00e3o Portugal","Tempo estimado de leitura":"2 minutos"},"schema":{"@context":"https:\/\/schema.org","@graph":[{"@type":"Article","@id":"https:\/\/www.pressenza.com\/pt-pt\/2017\/02\/numero-abortos-cai-10-em-portugal\/#article","isPartOf":{"@id":"https:\/\/www.pressenza.com\/pt-pt\/2017\/02\/numero-abortos-cai-10-em-portugal\/"},"author":{"name":"Reda\u00e7\u00e3o Portugal","@id":"https:\/\/www.pressenza.com\/pt-pt\/#\/schema\/person\/4f69cc6c058d858c5f0a3775cdf4c67e"},"headline":"N\u00famero de abortos cai 10% em Portugal","datePublished":"2017-02-11T23:17:02+00:00","mainEntityOfPage":{"@id":"https:\/\/www.pressenza.com\/pt-pt\/2017\/02\/numero-abortos-cai-10-em-portugal\/"},"wordCount":465,"publisher":{"@id":"https:\/\/www.pressenza.com\/pt-pt\/#organization"},"image":{"@id":"https:\/\/www.pressenza.com\/pt-pt\/2017\/02\/numero-abortos-cai-10-em-portugal\/#primaryimage"},"thumbnailUrl":"https:\/\/www.pressenza.com\/wp-content\/uploads\/2017\/02\/sim2.jpg","keywords":["aborto","aborto","direitos humanos","G\u00e9nero","genero","Mulheres","Portugal","Portugal","referendo"],"articleSection":["Direitos Humanos","Diversidade","Europa"],"inLanguage":"pt-PT"},{"@type":"WebPage","@id":"https:\/\/www.pressenza.com\/pt-pt\/2017\/02\/numero-abortos-cai-10-em-portugal\/","url":"https:\/\/www.pressenza.com\/pt-pt\/2017\/02\/numero-abortos-cai-10-em-portugal\/","name":"N\u00famero de abortos cai 10% em Portugal","isPartOf":{"@id":"https:\/\/www.pressenza.com\/pt-pt\/#website"},"primaryImageOfPage":{"@id":"https:\/\/www.pressenza.com\/pt-pt\/2017\/02\/numero-abortos-cai-10-em-portugal\/#primaryimage"},"image":{"@id":"https:\/\/www.pressenza.com\/pt-pt\/2017\/02\/numero-abortos-cai-10-em-portugal\/#primaryimage"},"thumbnailUrl":"https:\/\/www.pressenza.com\/wp-content\/uploads\/2017\/02\/sim2.jpg","datePublished":"2017-02-11T23:17:02+00:00","description":"Com legaliza\u00e7\u00e3o, n\u00famero de abortos cai 10% em Portugal; pa\u00eds completa 5 anos sem mortes de mulheres em decorr\u00eancia da pr\u00e1tica Entre 2001 e 2007, n\u00fameros","breadcrumb":{"@id":"https:\/\/www.pressenza.com\/pt-pt\/2017\/02\/numero-abortos-cai-10-em-portugal\/#breadcrumb"},"inLanguage":"pt-PT","potentialAction":[{"@type":"ReadAction","target":["https:\/\/www.pressenza.com\/pt-pt\/2017\/02\/numero-abortos-cai-10-em-portugal\/"]}]},{"@type":"ImageObject","inLanguage":"pt-PT","@id":"https:\/\/www.pressenza.com\/pt-pt\/2017\/02\/numero-abortos-cai-10-em-portugal\/#primaryimage","url":"https:\/\/www.pressenza.com\/wp-content\/uploads\/2017\/02\/sim2.jpg","contentUrl":"https:\/\/www.pressenza.com\/wp-content\/uploads\/2017\/02\/sim2.jpg","width":800,"height":600},{"@type":"BreadcrumbList","@id":"https:\/\/www.pressenza.com\/pt-pt\/2017\/02\/numero-abortos-cai-10-em-portugal\/#breadcrumb","itemListElement":[{"@type":"ListItem","position":1,"name":"Accueil","item":"https:\/\/www.pressenza.com\/pt-pt\/"},{"@type":"ListItem","position":2,"name":"N\u00famero de abortos cai 10% em Portugal"}]},{"@type":"WebSite","@id":"https:\/\/www.pressenza.com\/pt-pt\/#website","url":"https:\/\/www.pressenza.com\/pt-pt\/","name":"Pressenza","description":"International Press Agency","publisher":{"@id":"https:\/\/www.pressenza.com\/pt-pt\/#organization"},"potentialAction":[{"@type":"SearchAction","target":{"@type":"EntryPoint","urlTemplate":"https:\/\/www.pressenza.com\/pt-pt\/?s={search_term_string}"},"query-input":{"@type":"PropertyValueSpecification","valueRequired":true,"valueName":"search_term_string"}}],"inLanguage":"pt-PT"},{"@type":"Organization","@id":"https:\/\/www.pressenza.com\/pt-pt\/#organization","name":"Pressenza","url":"https:\/\/www.pressenza.com\/pt-pt\/","logo":{"@type":"ImageObject","inLanguage":"pt-PT","@id":"https:\/\/www.pressenza.com\/pt-pt\/#\/schema\/logo\/image\/","url":"https:\/\/www.pressenza.com\/wp-content\/uploads\/2022\/10\/pressenza_logo_200x200.jpg","contentUrl":"https:\/\/www.pressenza.com\/wp-content\/uploads\/2022\/10\/pressenza_logo_200x200.jpg","width":200,"height":200,"caption":"Pressenza"},"image":{"@id":"https:\/\/www.pressenza.com\/pt-pt\/#\/schema\/logo\/image\/"},"sameAs":["https:\/\/www.facebook.com\/PressenzaItalia","https:\/\/x.com\/PressenzaIPA"]},{"@type":"Person","@id":"https:\/\/www.pressenza.com\/pt-pt\/#\/schema\/person\/4f69cc6c058d858c5f0a3775cdf4c67e","name":"Reda\u00e7\u00e3o Portugal","description":"News published by the Pressenza bureau in Portugal","url":"https:\/\/www.pressenza.com\/pt-pt\/author\/redaccao-portugal\/"}]}},"place":"Portugal","original_article_url":"http:\/\/operamundi.uol.com.br\/conteudo\/geral\/46362\/com+legalizacao+numero+de+abortos+cai+10+em+portugal+pais+completa+5+anos+sem+mortes+de+mulheres+em+decorrencia+da+pratica.shtml?#","_links":{"self":[{"href":"https:\/\/www.pressenza.com\/pt-pt\/wp-json\/wp\/v2\/posts\/430982","targetHints":{"allow":["GET"]}}],"collection":[{"href":"https:\/\/www.pressenza.com\/pt-pt\/wp-json\/wp\/v2\/posts"}],"about":[{"href":"https:\/\/www.pressenza.com\/pt-pt\/wp-json\/wp\/v2\/types\/post"}],"author":[{"embeddable":true,"href":"https:\/\/www.pressenza.com\/pt-pt\/wp-json\/wp\/v2\/users\/1167"}],"replies":[{"embeddable":true,"href":"https:\/\/www.pressenza.com\/pt-pt\/wp-json\/wp\/v2\/comments?post=430982"}],"version-history":[{"count":0,"href":"https:\/\/www.pressenza.com\/pt-pt\/wp-json\/wp\/v2\/posts\/430982\/revisions"}],"wp:featuredmedia":[{"embeddable":true,"href":"https:\/\/www.pressenza.com\/pt-pt\/wp-json\/wp\/v2\/media\/430990"}],"wp:attachment":[{"href":"https:\/\/www.pressenza.com\/pt-pt\/wp-json\/wp\/v2\/media?parent=430982"}],"wp:term":[{"taxonomy":"category","embeddable":true,"href":"https:\/\/www.pressenza.com\/pt-pt\/wp-json\/wp\/v2\/categories?post=430982"},{"taxonomy":"post_tag","embeddable":true,"href":"https:\/\/www.pressenza.com\/pt-pt\/wp-json\/wp\/v2\/tags?post=430982"}],"curies":[{"name":"wp","href":"https:\/\/api.w.org\/{rel}","templated":true}]}}