{"id":430200,"date":"2017-02-10T01:29:34","date_gmt":"2017-02-10T01:29:34","guid":{"rendered":"http:\/\/www.pressenza.com\/?p=430200\/"},"modified":"2017-02-11T17:16:04","modified_gmt":"2017-02-11T17:16:04","slug":"protestos-pacote-austeridade-do-estado-intensificam","status":"publish","type":"post","link":"https:\/\/www.pressenza.com\/pt-pt\/2017\/02\/protestos-pacote-austeridade-do-estado-intensificam\/","title":{"rendered":"Protestos contra o pacote de austeridade do Estado se intensificam"},"content":{"rendered":"<p>Mais uma vez, em meio \u00e0 vota\u00e7\u00e3o do pacote de austeridade que o governo do Estado do Rio de Janeiro pretende impor, tivemos uma tarde de intensos protestos na capital fluminense. \u00a0Inflamada ainda pela recente not\u00edcia de que o Tribunal Regional Eleitoral est\u00e1 conduzindo um processo de cassa\u00e7\u00e3o dos mandatos do atual governador do Estado, Luiz Fernando Pez\u00e3o e de seu vice, respons\u00e1veis pela situa\u00e7\u00e3o cr\u00edtica atual. \u00a0O deputado Marcelo Freixo, do partido PSOL (Partido do socialismo e liberdade) foi o autor do pedido encaminhado ao TRE, onde estava tramitando desde 2014.<a href=\"https:\/\/www.pressenza.com\/wp-content\/uploads\/2017\/02\/01-1.jpg\"><br \/>\n<\/a><\/p>\n<p>Os servidores do Estado protagonizaram o protesto, que\u00a0contou com a participa\u00e7\u00e3o de sindicatos, milit\u00e2ncias pol\u00edticas de esquerda e jovens estudantes.<\/p>\n<p>Quando comecei a acompanhar, o protesto que ocorria em frente a Assembleia Legislativa do Estado j\u00e1 havia sido dispersada pelas tropas de choque. \u00a0J\u00e1 ocorriam confrontos diretos, onde \u00a0j\u00e1 se usavam t\u00e1ticas black bloc por diversos grupos em diversos pontos. Em meio ao caos, outros atores se incorporaram para intensificar o clima, espalhando fogueiras pelas ruas. Um pequeno grupo alheio ao protesto incial se aproveitou para saquear uma loja de roupas.<\/p>\n<p>A velocidade das motos, e dos Caveir\u00f5es (ve\u00edculo blindado para repress\u00e3o), a quantidade de proj\u00e9teis de borracha e bombas de efeito moral disparadas deixou\u00a0o clima bem mais tenso do que dos protestos anteriores. Soube de estudante que teve o abd\u00f4men perfurado por um proj\u00e9til de borracha. \u00a0Foi grave o ferimento e foi encaminhado ao hospital. \u00a0E outros que foram presos.<\/p>\n<p>Enfim, esse caos foi plantado ao longo de muito, muito tempo&#8230; e n\u00e3o terminar\u00e1 t\u00e3o cedo. \u00a0Principalmente nesse contexto de amea\u00e7a de direitos. \u00a0Na cidade de Vit\u00f3ria, Estado do Esp\u00edrito Santo, est\u00e1 em situa\u00e7\u00e3o ca\u00f3tica grave, em meio a greve da pol\u00edcia civil. Inclusive as fam\u00edlias dos policiais se incorporaram ao movimento grevista. A escalada de viol\u00eancia nesta cidade disparou, e saques em lojas tamb\u00e9m tem ocorrido. \u00a0O governo federal est\u00e1 enviando o Ex\u00e9rcito para dar apoio. \u00a0Aqui na cidade do Rio de Janeiro, a pol\u00edcia militar est\u00e1 com sal\u00e1rios atrasados. \u00a0E h\u00e1 boatos de que em v\u00e1rias cidades do Estado h\u00e1 indicativos de greve das pol\u00edcias militares.<\/p>\n<p>A atmosfera de ilus\u00e3o e aliena\u00e7\u00e3o mantido pela grande m\u00eddia n\u00e3o produz mais o efeito de outrora. Esse caos \u00e9 uma rea\u00e7\u00e3o dos postergados que, munidos de mais informa\u00e7\u00e3o vem a cada dia mais consciente da sua condi\u00e7\u00e3o, e clamam para que algo mude. \u00a0Manifestam com a contund\u00eancia e com a motiva\u00e7\u00e3o que a situa\u00e7\u00e3o tem imposto.<\/p>\n<p>No entanto, numa atmosfera ca\u00f3tica h\u00e1 um perigo: haver\u00e1 os que lutar\u00e3o pela pr\u00f3pria sobreviv\u00eancia com m\u00e9todos que podem resultar no aumento da viol\u00eancia. \u00a0E haver\u00e1\u00a0tamb\u00e9m os que lutam por uma sociedade de iguais direitos e oportunidades, e possuem um ideal um sentido que lhe norteia al\u00e9m das demandas conjunturais&#8230; Penso que n\u00e3o \u00e9 o momento de promover segregacionismos, mas de gerar influ\u00eancia num meio onde a desorienta\u00e7\u00e3o tender\u00e1 a crescer.<\/p>\n<p>As milit\u00e2ncias humanistas, comunistas, anarquista e de outras correntes progressistas, principalmente os jovens, podem assumir um papel fundamental nesse campo da influ\u00eancia. \u00a0Precisam ir com urg\u00eancia para as periferias, ir para onde n\u00e3o s\u00e3o\u00a0compreendidos, ir para onde a vida das pessoas se resume na luta pela sobreviv\u00eancia.<\/p>\n<p>N\u00e3o est\u00e1 em jogo a troca de governo, as vidra\u00e7as dos bancos, a seguran\u00e7a nas ruas&#8230; Est\u00e1 algo mais caro&#8230; o futuro de nossa sociedade. \u00a0Esta n\u00e3o ser\u00e1 constru\u00edda apenas pela cr\u00edtica, pela rejei\u00e7\u00e3o ao absurdo e perverso presente&#8230; ser\u00e1 constru\u00edda a partir de uma imagem futura do que queremos. \u00a0Talvez para quem lute pela sobreviv\u00eancia a perspectiva futura seja uma eterna repeti\u00e7\u00e3o do hoje. \u00a0Ent\u00e3o caber\u00e1 \u00e0s milit\u00e2ncia acender uma utopia que encontre lugar nos cora\u00e7\u00f5es de gente t\u00e3o sofrida, t\u00e3o violentada, mas ainda com a alegria que t\u00edpica dos cariocas, dos brasileiros.<\/p>\n<p>Segue o registro.<\/p>\n<p><a href=\"https:\/\/www.pressenza.com\/wp-content\/uploads\/2017\/02\/01-1.jpg\"><img loading=\"lazy\" decoding=\"async\" class=\"aligncenter size-large wp-image-430215\" src=\"https:\/\/www.pressenza.com\/wp-content\/uploads\/2017\/02\/01-1-720x358.jpg\" alt=\"\" width=\"720\" height=\"358\" srcset=\"https:\/\/www.pressenza.com\/wp-content\/uploads\/2017\/02\/01-1-720x358.jpg 720w, https:\/\/www.pressenza.com\/wp-content\/uploads\/2017\/02\/01-1-300x149.jpg 300w, https:\/\/www.pressenza.com\/wp-content\/uploads\/2017\/02\/01-1-768x381.jpg 768w, https:\/\/www.pressenza.com\/wp-content\/uploads\/2017\/02\/01-1.jpg 2048w\" sizes=\"auto, (max-width: 720px) 100vw, 720px\" \/><\/a><\/p>\n<p><a href=\"https:\/\/www.pressenza.com\/wp-content\/uploads\/2017\/02\/02-1.jpg\"><img loading=\"lazy\" decoding=\"async\" class=\"aligncenter size-large wp-image-430222\" src=\"https:\/\/www.pressenza.com\/wp-content\/uploads\/2017\/02\/02-1-720x378.jpg\" alt=\"\" width=\"720\" height=\"378\" srcset=\"https:\/\/www.pressenza.com\/wp-content\/uploads\/2017\/02\/02-1-720x378.jpg 720w, https:\/\/www.pressenza.com\/wp-content\/uploads\/2017\/02\/02-1-300x158.jpg 300w, https:\/\/www.pressenza.com\/wp-content\/uploads\/2017\/02\/02-1-768x403.jpg 768w, https:\/\/www.pressenza.com\/wp-content\/uploads\/2017\/02\/02-1.jpg 1904w\" sizes=\"auto, (max-width: 720px) 100vw, 720px\" \/><\/a><\/p>\n<p><a href=\"https:\/\/www.pressenza.com\/wp-content\/uploads\/2017\/02\/03-1.jpg\"><img loading=\"lazy\" decoding=\"async\" class=\"aligncenter size-large wp-image-430229\" src=\"https:\/\/www.pressenza.com\/wp-content\/uploads\/2017\/02\/03-1-720x458.jpg\" alt=\"\" width=\"720\" height=\"458\" srcset=\"https:\/\/www.pressenza.com\/wp-content\/uploads\/2017\/02\/03-1-720x458.jpg 720w, https:\/\/www.pressenza.com\/wp-content\/uploads\/2017\/02\/03-1-300x191.jpg 300w, https:\/\/www.pressenza.com\/wp-content\/uploads\/2017\/02\/03-1-768x488.jpg 768w, https:\/\/www.pressenza.com\/wp-content\/uploads\/2017\/02\/03-1.jpg 2048w\" sizes=\"auto, (max-width: 720px) 100vw, 720px\" \/><\/a><\/p>\n<p><a href=\"https:\/\/www.pressenza.com\/wp-content\/uploads\/2017\/02\/04-1.jpg\"><img loading=\"lazy\" decoding=\"async\" class=\"aligncenter size-large wp-image-430236\" src=\"https:\/\/www.pressenza.com\/wp-content\/uploads\/2017\/02\/04-1-720x386.jpg\" alt=\"\" width=\"720\" height=\"386\" srcset=\"https:\/\/www.pressenza.com\/wp-content\/uploads\/2017\/02\/04-1-720x386.jpg 720w, https:\/\/www.pressenza.com\/wp-content\/uploads\/2017\/02\/04-1-300x161.jpg 300w, https:\/\/www.pressenza.com\/wp-content\/uploads\/2017\/02\/04-1-768x412.jpg 768w, https:\/\/www.pressenza.com\/wp-content\/uploads\/2017\/02\/04-1.jpg 2048w\" sizes=\"auto, (max-width: 720px) 100vw, 720px\" \/><\/a><\/p>\n<p><a href=\"https:\/\/www.pressenza.com\/wp-content\/uploads\/2017\/02\/05-1.jpg\"><img loading=\"lazy\" decoding=\"async\" class=\"aligncenter size-large wp-image-430243\" src=\"https:\/\/www.pressenza.com\/wp-content\/uploads\/2017\/02\/05-1-720x392.jpg\" alt=\"\" width=\"720\" height=\"392\" srcset=\"https:\/\/www.pressenza.com\/wp-content\/uploads\/2017\/02\/05-1-720x392.jpg 720w, https:\/\/www.pressenza.com\/wp-content\/uploads\/2017\/02\/05-1-300x163.jpg 300w, https:\/\/www.pressenza.com\/wp-content\/uploads\/2017\/02\/05-1-768x418.jpg 768w, https:\/\/www.pressenza.com\/wp-content\/uploads\/2017\/02\/05-1.jpg 2048w\" sizes=\"auto, (max-width: 720px) 100vw, 720px\" \/><\/a><\/p>\n<p><a href=\"https:\/\/www.pressenza.com\/wp-content\/uploads\/2017\/02\/06-1.jpg\"><img loading=\"lazy\" decoding=\"async\" class=\"aligncenter size-large wp-image-430250\" src=\"https:\/\/www.pressenza.com\/wp-content\/uploads\/2017\/02\/06-1-720x393.jpg\" alt=\"\" width=\"720\" height=\"393\" srcset=\"https:\/\/www.pressenza.com\/wp-content\/uploads\/2017\/02\/06-1-720x393.jpg 720w, https:\/\/www.pressenza.com\/wp-content\/uploads\/2017\/02\/06-1-300x164.jpg 300w, https:\/\/www.pressenza.com\/wp-content\/uploads\/2017\/02\/06-1-768x420.jpg 768w, https:\/\/www.pressenza.com\/wp-content\/uploads\/2017\/02\/06-1.jpg 2048w\" sizes=\"auto, (max-width: 720px) 100vw, 720px\" \/><\/a><\/p>\n<p><a href=\"https:\/\/www.pressenza.com\/wp-content\/uploads\/2017\/02\/07-1.jpg\"><img loading=\"lazy\" decoding=\"async\" class=\"aligncenter size-large wp-image-430257\" src=\"https:\/\/www.pressenza.com\/wp-content\/uploads\/2017\/02\/07-1-720x398.jpg\" alt=\"\" width=\"720\" height=\"398\" srcset=\"https:\/\/www.pressenza.com\/wp-content\/uploads\/2017\/02\/07-1-720x398.jpg 720w, https:\/\/www.pressenza.com\/wp-content\/uploads\/2017\/02\/07-1-300x166.jpg 300w, https:\/\/www.pressenza.com\/wp-content\/uploads\/2017\/02\/07-1-768x425.jpg 768w, https:\/\/www.pressenza.com\/wp-content\/uploads\/2017\/02\/07-1.jpg 2048w\" sizes=\"auto, (max-width: 720px) 100vw, 720px\" \/><\/a><\/p>\n<p><a href=\"https:\/\/www.pressenza.com\/wp-content\/uploads\/2017\/02\/08-1.jpg\"><img loading=\"lazy\" decoding=\"async\" class=\"aligncenter size-large wp-image-430264\" src=\"https:\/\/www.pressenza.com\/wp-content\/uploads\/2017\/02\/08-1-720x326.jpg\" alt=\"\" width=\"720\" height=\"326\" srcset=\"https:\/\/www.pressenza.com\/wp-content\/uploads\/2017\/02\/08-1-720x326.jpg 720w, https:\/\/www.pressenza.com\/wp-content\/uploads\/2017\/02\/08-1-300x136.jpg 300w, https:\/\/www.pressenza.com\/wp-content\/uploads\/2017\/02\/08-1-768x347.jpg 768w, https:\/\/www.pressenza.com\/wp-content\/uploads\/2017\/02\/08-1.jpg 2048w\" sizes=\"auto, (max-width: 720px) 100vw, 720px\" \/><\/a><\/p>\n<p><a href=\"https:\/\/www.pressenza.com\/wp-content\/uploads\/2017\/02\/09-1.jpg\"><img loading=\"lazy\" decoding=\"async\" class=\"aligncenter size-large wp-image-430271\" src=\"https:\/\/www.pressenza.com\/wp-content\/uploads\/2017\/02\/09-1-720x391.jpg\" alt=\"\" width=\"720\" height=\"391\" srcset=\"https:\/\/www.pressenza.com\/wp-content\/uploads\/2017\/02\/09-1-720x391.jpg 720w, https:\/\/www.pressenza.com\/wp-content\/uploads\/2017\/02\/09-1-300x163.jpg 300w, https:\/\/www.pressenza.com\/wp-content\/uploads\/2017\/02\/09-1-768x417.jpg 768w, https:\/\/www.pressenza.com\/wp-content\/uploads\/2017\/02\/09-1.jpg 2048w\" sizes=\"auto, (max-width: 720px) 100vw, 720px\" \/><\/a><\/p>\n<p><a href=\"https:\/\/www.pressenza.com\/wp-content\/uploads\/2017\/02\/10-1.jpg\"><img loading=\"lazy\" decoding=\"async\" class=\"aligncenter size-large wp-image-430278\" src=\"https:\/\/www.pressenza.com\/wp-content\/uploads\/2017\/02\/10-1-720x400.jpg\" alt=\"\" width=\"720\" height=\"400\" srcset=\"https:\/\/www.pressenza.com\/wp-content\/uploads\/2017\/02\/10-1-720x400.jpg 720w, https:\/\/www.pressenza.com\/wp-content\/uploads\/2017\/02\/10-1-300x167.jpg 300w, https:\/\/www.pressenza.com\/wp-content\/uploads\/2017\/02\/10-1-768x427.jpg 768w, https:\/\/www.pressenza.com\/wp-content\/uploads\/2017\/02\/10-1.jpg 1633w\" sizes=\"auto, (max-width: 720px) 100vw, 720px\" \/><\/a><\/p>\n<p><a href=\"https:\/\/www.pressenza.com\/wp-content\/uploads\/2017\/02\/11.jpg\"><img loading=\"lazy\" decoding=\"async\" class=\"aligncenter size-large wp-image-430285\" src=\"https:\/\/www.pressenza.com\/wp-content\/uploads\/2017\/02\/11-720x367.jpg\" alt=\"\" width=\"720\" height=\"367\" srcset=\"https:\/\/www.pressenza.com\/wp-content\/uploads\/2017\/02\/11-720x367.jpg 720w, https:\/\/www.pressenza.com\/wp-content\/uploads\/2017\/02\/11-300x153.jpg 300w, https:\/\/www.pressenza.com\/wp-content\/uploads\/2017\/02\/11-768x392.jpg 768w, https:\/\/www.pressenza.com\/wp-content\/uploads\/2017\/02\/11.jpg 2048w\" sizes=\"auto, (max-width: 720px) 100vw, 720px\" \/><\/a><\/p>\n<p><a href=\"https:\/\/www.pressenza.com\/wp-content\/uploads\/2017\/02\/12.jpg\"><img loading=\"lazy\" decoding=\"async\" class=\"aligncenter size-large wp-image-430292\" src=\"https:\/\/www.pressenza.com\/wp-content\/uploads\/2017\/02\/12-720x372.jpg\" alt=\"\" width=\"720\" height=\"372\" srcset=\"https:\/\/www.pressenza.com\/wp-content\/uploads\/2017\/02\/12-720x372.jpg 720w, https:\/\/www.pressenza.com\/wp-content\/uploads\/2017\/02\/12-300x155.jpg 300w, https:\/\/www.pressenza.com\/wp-content\/uploads\/2017\/02\/12-768x396.jpg 768w, https:\/\/www.pressenza.com\/wp-content\/uploads\/2017\/02\/12.jpg 2048w\" sizes=\"auto, (max-width: 720px) 100vw, 720px\" \/><\/a><\/p>\n<p><a href=\"https:\/\/www.pressenza.com\/wp-content\/uploads\/2017\/02\/13.jpg\"><img loading=\"lazy\" decoding=\"async\" class=\"aligncenter size-large wp-image-430299\" src=\"https:\/\/www.pressenza.com\/wp-content\/uploads\/2017\/02\/13-720x387.jpg\" alt=\"\" width=\"720\" height=\"387\" srcset=\"https:\/\/www.pressenza.com\/wp-content\/uploads\/2017\/02\/13-720x387.jpg 720w, https:\/\/www.pressenza.com\/wp-content\/uploads\/2017\/02\/13-300x161.jpg 300w, https:\/\/www.pressenza.com\/wp-content\/uploads\/2017\/02\/13-768x413.jpg 768w, https:\/\/www.pressenza.com\/wp-content\/uploads\/2017\/02\/13.jpg 2048w\" sizes=\"auto, (max-width: 720px) 100vw, 720px\" \/><\/a><\/p>\n<p><a href=\"https:\/\/www.pressenza.com\/wp-content\/uploads\/2017\/02\/14.jpg\"><img loading=\"lazy\" decoding=\"async\" class=\"aligncenter size-large wp-image-430306\" src=\"https:\/\/www.pressenza.com\/wp-content\/uploads\/2017\/02\/14-720x461.jpg\" alt=\"\" width=\"720\" height=\"461\" srcset=\"https:\/\/www.pressenza.com\/wp-content\/uploads\/2017\/02\/14-720x461.jpg 720w, https:\/\/www.pressenza.com\/wp-content\/uploads\/2017\/02\/14-300x192.jpg 300w, https:\/\/www.pressenza.com\/wp-content\/uploads\/2017\/02\/14-768x492.jpg 768w, https:\/\/www.pressenza.com\/wp-content\/uploads\/2017\/02\/14.jpg 2048w\" sizes=\"auto, (max-width: 720px) 100vw, 720px\" \/><\/a><\/p>\n<p>Nos confrontos tamb\u00e9m ocorreram disparos de armas letais. \u00a0Na foto um dos manifestantes mostra a capsulo do proj\u00e9til disparado.<\/p>\n","protected":false},"excerpt":{"rendered":"<p>Mais uma vez, em meio \u00e0 vota\u00e7\u00e3o do pacote de austeridade que o governo do Estado do Rio de Janeiro pretende impor, tivemos uma tarde de intensos protestos na capital fluminense. \u00a0Inflamada ainda pela recente not\u00edcia de que o Tribunal&hellip;<\/p>\n","protected":false},"author":1350,"featured_media":430264,"comment_status":"closed","ping_status":"closed","sticky":false,"template":"","format":"standard","meta":{"footnotes":""},"categories":[104,11390,5756,1256,165,111],"tags":[34899,5257],"class_list":["post-430200","post","type-post","status-publish","format-standard","has-post-thumbnail","hentry","category-america-do-sul","category-conteudo-original","category-foto-reportagem","category-nao-violencia","category-opiniao","category-politica-pt-pt","tag-pacote-de-austeridade","tag-protestos"],"yoast_head":"<!-- This site is optimized with the Yoast SEO plugin v27.1.1 - https:\/\/yoast.com\/product\/yoast-seo-wordpress\/ -->\n<title>Protestos contra o pacote de austeridade do Estado se intensificam<\/title>\n<meta name=\"description\" content=\"Mais uma vez, em meio \u00e0 vota\u00e7\u00e3o do pacote de austeridade que o governo do Estado do Rio de Janeiro pretende impor, tivemos uma tarde de intensos protestos\" \/>\n<meta name=\"robots\" content=\"index, follow, max-snippet:-1, max-image-preview:large, max-video-preview:-1\" \/>\n<link rel=\"canonical\" href=\"https:\/\/www.pressenza.com\/pt-pt\/2017\/02\/protestos-pacote-austeridade-do-estado-intensificam\/\" \/>\n<meta property=\"og:locale\" content=\"pt_PT\" \/>\n<meta property=\"og:type\" content=\"article\" \/>\n<meta property=\"og:title\" content=\"Protestos contra o pacote de austeridade do Estado se intensificam\" \/>\n<meta property=\"og:description\" content=\"Mais uma vez, em meio \u00e0 vota\u00e7\u00e3o do pacote de austeridade que o governo do Estado do Rio de Janeiro pretende impor, tivemos uma tarde de intensos protestos\" \/>\n<meta property=\"og:url\" content=\"https:\/\/www.pressenza.com\/pt-pt\/2017\/02\/protestos-pacote-austeridade-do-estado-intensificam\/\" \/>\n<meta property=\"og:site_name\" content=\"Pressenza\" \/>\n<meta property=\"article:publisher\" content=\"https:\/\/www.facebook.com\/PressenzaItalia\" \/>\n<meta property=\"article:published_time\" content=\"2017-02-10T01:29:34+00:00\" \/>\n<meta property=\"article:modified_time\" content=\"2017-02-11T17:16:04+00:00\" \/>\n<meta property=\"og:image\" content=\"https:\/\/www.pressenza.com\/wp-content\/uploads\/2017\/02\/08-1.jpg\" \/>\n\t<meta property=\"og:image:width\" content=\"2048\" \/>\n\t<meta property=\"og:image:height\" content=\"926\" \/>\n\t<meta property=\"og:image:type\" content=\"image\/jpeg\" \/>\n<meta name=\"author\" content=\"Valdir Silveira\" \/>\n<meta name=\"twitter:card\" content=\"summary_large_image\" \/>\n<meta name=\"twitter:creator\" content=\"@PressenzaIPA\" \/>\n<meta name=\"twitter:site\" content=\"@PressenzaIPA\" \/>\n<meta name=\"twitter:label1\" content=\"Escrito por\" \/>\n\t<meta name=\"twitter:data1\" content=\"Valdir Silveira\" \/>\n\t<meta name=\"twitter:label2\" content=\"Tempo estimado de leitura\" \/>\n\t<meta name=\"twitter:data2\" content=\"4 minutos\" \/>\n<script type=\"application\/ld+json\" class=\"yoast-schema-graph\">{\"@context\":\"https:\/\/schema.org\",\"@graph\":[{\"@type\":\"Article\",\"@id\":\"https:\/\/www.pressenza.com\/pt-pt\/2017\/02\/protestos-pacote-austeridade-do-estado-intensificam\/#article\",\"isPartOf\":{\"@id\":\"https:\/\/www.pressenza.com\/pt-pt\/2017\/02\/protestos-pacote-austeridade-do-estado-intensificam\/\"},\"author\":{\"name\":\"Valdir Silveira\",\"@id\":\"https:\/\/www.pressenza.com\/pt-pt\/#\/schema\/person\/bc30625fc68845451df0cc8e3f43b71a\"},\"headline\":\"Protestos contra o pacote de austeridade do Estado se intensificam\",\"datePublished\":\"2017-02-10T01:29:34+00:00\",\"dateModified\":\"2017-02-11T17:16:04+00:00\",\"mainEntityOfPage\":{\"@id\":\"https:\/\/www.pressenza.com\/pt-pt\/2017\/02\/protestos-pacote-austeridade-do-estado-intensificam\/\"},\"wordCount\":730,\"publisher\":{\"@id\":\"https:\/\/www.pressenza.com\/pt-pt\/#organization\"},\"image\":{\"@id\":\"https:\/\/www.pressenza.com\/pt-pt\/2017\/02\/protestos-pacote-austeridade-do-estado-intensificam\/#primaryimage\"},\"thumbnailUrl\":\"https:\/\/www.pressenza.com\/wp-content\/uploads\/2017\/02\/08-1.jpg\",\"keywords\":[\"pacote de austeridade\",\"protestos\"],\"articleSection\":[\"\u00c1m\u00e9rica do Sul\",\"Conte\u00fado Original\",\"Foto reportagem\",\"N\u00e3o viol\u00eancia\",\"Opini\u00e3o\",\"Pol\u00edtica\"],\"inLanguage\":\"pt-PT\"},{\"@type\":\"WebPage\",\"@id\":\"https:\/\/www.pressenza.com\/pt-pt\/2017\/02\/protestos-pacote-austeridade-do-estado-intensificam\/\",\"url\":\"https:\/\/www.pressenza.com\/pt-pt\/2017\/02\/protestos-pacote-austeridade-do-estado-intensificam\/\",\"name\":\"Protestos contra o pacote de austeridade do Estado se intensificam\",\"isPartOf\":{\"@id\":\"https:\/\/www.pressenza.com\/pt-pt\/#website\"},\"primaryImageOfPage\":{\"@id\":\"https:\/\/www.pressenza.com\/pt-pt\/2017\/02\/protestos-pacote-austeridade-do-estado-intensificam\/#primaryimage\"},\"image\":{\"@id\":\"https:\/\/www.pressenza.com\/pt-pt\/2017\/02\/protestos-pacote-austeridade-do-estado-intensificam\/#primaryimage\"},\"thumbnailUrl\":\"https:\/\/www.pressenza.com\/wp-content\/uploads\/2017\/02\/08-1.jpg\",\"datePublished\":\"2017-02-10T01:29:34+00:00\",\"dateModified\":\"2017-02-11T17:16:04+00:00\",\"description\":\"Mais uma vez, em meio \u00e0 vota\u00e7\u00e3o do pacote de austeridade que o governo do Estado do Rio de Janeiro pretende impor, tivemos uma tarde de intensos protestos\",\"breadcrumb\":{\"@id\":\"https:\/\/www.pressenza.com\/pt-pt\/2017\/02\/protestos-pacote-austeridade-do-estado-intensificam\/#breadcrumb\"},\"inLanguage\":\"pt-PT\",\"potentialAction\":[{\"@type\":\"ReadAction\",\"target\":[\"https:\/\/www.pressenza.com\/pt-pt\/2017\/02\/protestos-pacote-austeridade-do-estado-intensificam\/\"]}]},{\"@type\":\"ImageObject\",\"inLanguage\":\"pt-PT\",\"@id\":\"https:\/\/www.pressenza.com\/pt-pt\/2017\/02\/protestos-pacote-austeridade-do-estado-intensificam\/#primaryimage\",\"url\":\"https:\/\/www.pressenza.com\/wp-content\/uploads\/2017\/02\/08-1.jpg\",\"contentUrl\":\"https:\/\/www.pressenza.com\/wp-content\/uploads\/2017\/02\/08-1.jpg\",\"width\":2048,\"height\":926},{\"@type\":\"BreadcrumbList\",\"@id\":\"https:\/\/www.pressenza.com\/pt-pt\/2017\/02\/protestos-pacote-austeridade-do-estado-intensificam\/#breadcrumb\",\"itemListElement\":[{\"@type\":\"ListItem\",\"position\":1,\"name\":\"Accueil\",\"item\":\"https:\/\/www.pressenza.com\/pt-pt\/\"},{\"@type\":\"ListItem\",\"position\":2,\"name\":\"Protestos contra o pacote de austeridade do Estado se intensificam\"}]},{\"@type\":\"WebSite\",\"@id\":\"https:\/\/www.pressenza.com\/pt-pt\/#website\",\"url\":\"https:\/\/www.pressenza.com\/pt-pt\/\",\"name\":\"Pressenza\",\"description\":\"International Press Agency\",\"publisher\":{\"@id\":\"https:\/\/www.pressenza.com\/pt-pt\/#organization\"},\"potentialAction\":[{\"@type\":\"SearchAction\",\"target\":{\"@type\":\"EntryPoint\",\"urlTemplate\":\"https:\/\/www.pressenza.com\/pt-pt\/?s={search_term_string}\"},\"query-input\":{\"@type\":\"PropertyValueSpecification\",\"valueRequired\":true,\"valueName\":\"search_term_string\"}}],\"inLanguage\":\"pt-PT\"},{\"@type\":\"Organization\",\"@id\":\"https:\/\/www.pressenza.com\/pt-pt\/#organization\",\"name\":\"Pressenza\",\"url\":\"https:\/\/www.pressenza.com\/pt-pt\/\",\"logo\":{\"@type\":\"ImageObject\",\"inLanguage\":\"pt-PT\",\"@id\":\"https:\/\/www.pressenza.com\/pt-pt\/#\/schema\/logo\/image\/\",\"url\":\"https:\/\/www.pressenza.com\/wp-content\/uploads\/2022\/10\/pressenza_logo_200x200.jpg\",\"contentUrl\":\"https:\/\/www.pressenza.com\/wp-content\/uploads\/2022\/10\/pressenza_logo_200x200.jpg\",\"width\":200,\"height\":200,\"caption\":\"Pressenza\"},\"image\":{\"@id\":\"https:\/\/www.pressenza.com\/pt-pt\/#\/schema\/logo\/image\/\"},\"sameAs\":[\"https:\/\/www.facebook.com\/PressenzaItalia\",\"https:\/\/x.com\/PressenzaIPA\"]},{\"@type\":\"Person\",\"@id\":\"https:\/\/www.pressenza.com\/pt-pt\/#\/schema\/person\/bc30625fc68845451df0cc8e3f43b71a\",\"name\":\"Valdir Silveira\",\"url\":\"https:\/\/www.pressenza.com\/pt-pt\/author\/valdir-silveira\/\"}]}<\/script>\n<!-- \/ Yoast SEO plugin. -->","yoast_head_json":{"title":"Protestos contra o pacote de austeridade do Estado se intensificam","description":"Mais uma vez, em meio \u00e0 vota\u00e7\u00e3o do pacote de austeridade que o governo do Estado do Rio de Janeiro pretende impor, tivemos uma tarde de intensos protestos","robots":{"index":"index","follow":"follow","max-snippet":"max-snippet:-1","max-image-preview":"max-image-preview:large","max-video-preview":"max-video-preview:-1"},"canonical":"https:\/\/www.pressenza.com\/pt-pt\/2017\/02\/protestos-pacote-austeridade-do-estado-intensificam\/","og_locale":"pt_PT","og_type":"article","og_title":"Protestos contra o pacote de austeridade do Estado se intensificam","og_description":"Mais uma vez, em meio \u00e0 vota\u00e7\u00e3o do pacote de austeridade que o governo do Estado do Rio de Janeiro pretende impor, tivemos uma tarde de intensos protestos","og_url":"https:\/\/www.pressenza.com\/pt-pt\/2017\/02\/protestos-pacote-austeridade-do-estado-intensificam\/","og_site_name":"Pressenza","article_publisher":"https:\/\/www.facebook.com\/PressenzaItalia","article_published_time":"2017-02-10T01:29:34+00:00","article_modified_time":"2017-02-11T17:16:04+00:00","og_image":[{"width":2048,"height":926,"url":"https:\/\/www.pressenza.com\/wp-content\/uploads\/2017\/02\/08-1.jpg","type":"image\/jpeg"}],"author":"Valdir Silveira","twitter_card":"summary_large_image","twitter_creator":"@PressenzaIPA","twitter_site":"@PressenzaIPA","twitter_misc":{"Escrito por":"Valdir Silveira","Tempo estimado de leitura":"4 minutos"},"schema":{"@context":"https:\/\/schema.org","@graph":[{"@type":"Article","@id":"https:\/\/www.pressenza.com\/pt-pt\/2017\/02\/protestos-pacote-austeridade-do-estado-intensificam\/#article","isPartOf":{"@id":"https:\/\/www.pressenza.com\/pt-pt\/2017\/02\/protestos-pacote-austeridade-do-estado-intensificam\/"},"author":{"name":"Valdir Silveira","@id":"https:\/\/www.pressenza.com\/pt-pt\/#\/schema\/person\/bc30625fc68845451df0cc8e3f43b71a"},"headline":"Protestos contra o pacote de austeridade do Estado se intensificam","datePublished":"2017-02-10T01:29:34+00:00","dateModified":"2017-02-11T17:16:04+00:00","mainEntityOfPage":{"@id":"https:\/\/www.pressenza.com\/pt-pt\/2017\/02\/protestos-pacote-austeridade-do-estado-intensificam\/"},"wordCount":730,"publisher":{"@id":"https:\/\/www.pressenza.com\/pt-pt\/#organization"},"image":{"@id":"https:\/\/www.pressenza.com\/pt-pt\/2017\/02\/protestos-pacote-austeridade-do-estado-intensificam\/#primaryimage"},"thumbnailUrl":"https:\/\/www.pressenza.com\/wp-content\/uploads\/2017\/02\/08-1.jpg","keywords":["pacote de austeridade","protestos"],"articleSection":["\u00c1m\u00e9rica do Sul","Conte\u00fado Original","Foto reportagem","N\u00e3o viol\u00eancia","Opini\u00e3o","Pol\u00edtica"],"inLanguage":"pt-PT"},{"@type":"WebPage","@id":"https:\/\/www.pressenza.com\/pt-pt\/2017\/02\/protestos-pacote-austeridade-do-estado-intensificam\/","url":"https:\/\/www.pressenza.com\/pt-pt\/2017\/02\/protestos-pacote-austeridade-do-estado-intensificam\/","name":"Protestos contra o pacote de austeridade do Estado se intensificam","isPartOf":{"@id":"https:\/\/www.pressenza.com\/pt-pt\/#website"},"primaryImageOfPage":{"@id":"https:\/\/www.pressenza.com\/pt-pt\/2017\/02\/protestos-pacote-austeridade-do-estado-intensificam\/#primaryimage"},"image":{"@id":"https:\/\/www.pressenza.com\/pt-pt\/2017\/02\/protestos-pacote-austeridade-do-estado-intensificam\/#primaryimage"},"thumbnailUrl":"https:\/\/www.pressenza.com\/wp-content\/uploads\/2017\/02\/08-1.jpg","datePublished":"2017-02-10T01:29:34+00:00","dateModified":"2017-02-11T17:16:04+00:00","description":"Mais uma vez, em meio \u00e0 vota\u00e7\u00e3o do pacote de austeridade que o governo do Estado do Rio de Janeiro pretende impor, tivemos uma tarde de intensos protestos","breadcrumb":{"@id":"https:\/\/www.pressenza.com\/pt-pt\/2017\/02\/protestos-pacote-austeridade-do-estado-intensificam\/#breadcrumb"},"inLanguage":"pt-PT","potentialAction":[{"@type":"ReadAction","target":["https:\/\/www.pressenza.com\/pt-pt\/2017\/02\/protestos-pacote-austeridade-do-estado-intensificam\/"]}]},{"@type":"ImageObject","inLanguage":"pt-PT","@id":"https:\/\/www.pressenza.com\/pt-pt\/2017\/02\/protestos-pacote-austeridade-do-estado-intensificam\/#primaryimage","url":"https:\/\/www.pressenza.com\/wp-content\/uploads\/2017\/02\/08-1.jpg","contentUrl":"https:\/\/www.pressenza.com\/wp-content\/uploads\/2017\/02\/08-1.jpg","width":2048,"height":926},{"@type":"BreadcrumbList","@id":"https:\/\/www.pressenza.com\/pt-pt\/2017\/02\/protestos-pacote-austeridade-do-estado-intensificam\/#breadcrumb","itemListElement":[{"@type":"ListItem","position":1,"name":"Accueil","item":"https:\/\/www.pressenza.com\/pt-pt\/"},{"@type":"ListItem","position":2,"name":"Protestos contra o pacote de austeridade do Estado se intensificam"}]},{"@type":"WebSite","@id":"https:\/\/www.pressenza.com\/pt-pt\/#website","url":"https:\/\/www.pressenza.com\/pt-pt\/","name":"Pressenza","description":"International Press Agency","publisher":{"@id":"https:\/\/www.pressenza.com\/pt-pt\/#organization"},"potentialAction":[{"@type":"SearchAction","target":{"@type":"EntryPoint","urlTemplate":"https:\/\/www.pressenza.com\/pt-pt\/?s={search_term_string}"},"query-input":{"@type":"PropertyValueSpecification","valueRequired":true,"valueName":"search_term_string"}}],"inLanguage":"pt-PT"},{"@type":"Organization","@id":"https:\/\/www.pressenza.com\/pt-pt\/#organization","name":"Pressenza","url":"https:\/\/www.pressenza.com\/pt-pt\/","logo":{"@type":"ImageObject","inLanguage":"pt-PT","@id":"https:\/\/www.pressenza.com\/pt-pt\/#\/schema\/logo\/image\/","url":"https:\/\/www.pressenza.com\/wp-content\/uploads\/2022\/10\/pressenza_logo_200x200.jpg","contentUrl":"https:\/\/www.pressenza.com\/wp-content\/uploads\/2022\/10\/pressenza_logo_200x200.jpg","width":200,"height":200,"caption":"Pressenza"},"image":{"@id":"https:\/\/www.pressenza.com\/pt-pt\/#\/schema\/logo\/image\/"},"sameAs":["https:\/\/www.facebook.com\/PressenzaItalia","https:\/\/x.com\/PressenzaIPA"]},{"@type":"Person","@id":"https:\/\/www.pressenza.com\/pt-pt\/#\/schema\/person\/bc30625fc68845451df0cc8e3f43b71a","name":"Valdir Silveira","url":"https:\/\/www.pressenza.com\/pt-pt\/author\/valdir-silveira\/"}]}},"place":"","original_article_url":"","_links":{"self":[{"href":"https:\/\/www.pressenza.com\/pt-pt\/wp-json\/wp\/v2\/posts\/430200","targetHints":{"allow":["GET"]}}],"collection":[{"href":"https:\/\/www.pressenza.com\/pt-pt\/wp-json\/wp\/v2\/posts"}],"about":[{"href":"https:\/\/www.pressenza.com\/pt-pt\/wp-json\/wp\/v2\/types\/post"}],"author":[{"embeddable":true,"href":"https:\/\/www.pressenza.com\/pt-pt\/wp-json\/wp\/v2\/users\/1350"}],"replies":[{"embeddable":true,"href":"https:\/\/www.pressenza.com\/pt-pt\/wp-json\/wp\/v2\/comments?post=430200"}],"version-history":[{"count":0,"href":"https:\/\/www.pressenza.com\/pt-pt\/wp-json\/wp\/v2\/posts\/430200\/revisions"}],"wp:featuredmedia":[{"embeddable":true,"href":"https:\/\/www.pressenza.com\/pt-pt\/wp-json\/wp\/v2\/media\/430264"}],"wp:attachment":[{"href":"https:\/\/www.pressenza.com\/pt-pt\/wp-json\/wp\/v2\/media?parent=430200"}],"wp:term":[{"taxonomy":"category","embeddable":true,"href":"https:\/\/www.pressenza.com\/pt-pt\/wp-json\/wp\/v2\/categories?post=430200"},{"taxonomy":"post_tag","embeddable":true,"href":"https:\/\/www.pressenza.com\/pt-pt\/wp-json\/wp\/v2\/tags?post=430200"}],"curies":[{"name":"wp","href":"https:\/\/api.w.org\/{rel}","templated":true}]}}