{"id":424564,"date":"2017-01-26T20:05:23","date_gmt":"2017-01-26T20:05:23","guid":{"rendered":"http:\/\/www.pressenza.com\/?p=424564\/"},"modified":"2017-01-26T20:05:23","modified_gmt":"2017-01-26T20:05:23","slug":"em-quatro-locais-alasitas-agita-bolivianos-brasileiros-e-outras-nacionalidades-em-sao-paulo","status":"publish","type":"post","link":"https:\/\/www.pressenza.com\/pt-pt\/2017\/01\/em-quatro-locais-alasitas-agita-bolivianos-brasileiros-e-outras-nacionalidades-em-sao-paulo\/","title":{"rendered":"Em quatro locais, Alasitas agita bolivianos, brasileiros e outras nacionalidades em S\u00e3o Paulo"},"content":{"rendered":"<p><em>Por<strong> Rodrigo Borges Delfim<\/strong><\/em><\/p>\n<p>Festa t\u00edpica da \u00e1rea de La Paz, a Alasitas tem atra\u00eddo bolivianos de todas as regi\u00f5es do pa\u00eds \u2013 e o mesmo acontece quando \u00e9 realizada no exterior. E a cidade de S\u00e3o Paulo, que abriga uma grande comunidade boliviana, recebeu nesta ter\u00e7a (24) mais uma edi\u00e7\u00e3o do evento, espalhado por quatro pontos da capital paulista.<\/p>\n<p>Neste ano, a Alasitas aconteceu no Memorial da Am\u00e9rica Latina, no Parque Dom Pedro II, na rua Coimbra (regi\u00e3o do Br\u00e1s e ponto bastante identificado com a comunidade boliviana) e no bairro da Penha, na zona leste da cidade.<\/p>\n<p>A festa \u00e9 celebrada em homenagem a Ekeko, deus andino da abund\u00e2ncia. A alasita em si \u00e9 a miniatura de qualquer objeto que os bolivianos ofertam a Ekeko na cren\u00e7a de que esse sonho se torne realidade \u2013 uma nova casa, um carro, um novo emprego, entre outros pedidos. Essas miniaturas podem ser encontradas facilmente em toda a parte na festa, ao lado de diversas op\u00e7\u00f5es de comidas e bebidas t\u00edpicas, dan\u00e7as folcl\u00f3ricas, m\u00fasica, exposi\u00e7\u00e3o de artesanato, entre outras atra\u00e7\u00f5es.<\/p>\n<p>\u201cA Alasitas tem um significado cultural e tamb\u00e9m de f\u00e9\u201d, sintetiza o jornalista boliviano Zacarias Saavedra, natural de La Paz e volunt\u00e1rio do CAMI (Centro de Apoio ao Migrante). Ele participou da Alasitas no Memorial da Am\u00e9rica Latina.<\/p>\n<div id=\"attachment_424585\" class=\"wp-caption alignnone\"><img loading=\"lazy\" decoding=\"async\" aria-describedby=\"caption-attachment-424585\" class=\"size-large wp-image-424585\" src=\"https:\/\/www.pressenza.com\/wp-content\/uploads\/2017\/01\/alasitas_ekeko_kim-schiavo-1024x682-720x480.png\" alt=\"\" width=\"720\" height=\"480\" srcset=\"https:\/\/www.pressenza.com\/wp-content\/uploads\/2017\/01\/alasitas_ekeko_kim-schiavo-1024x682-720x480.png 720w, https:\/\/www.pressenza.com\/wp-content\/uploads\/2017\/01\/alasitas_ekeko_kim-schiavo-1024x682-300x200.png 300w, https:\/\/www.pressenza.com\/wp-content\/uploads\/2017\/01\/alasitas_ekeko_kim-schiavo-1024x682-768x512.png 768w, https:\/\/www.pressenza.com\/wp-content\/uploads\/2017\/01\/alasitas_ekeko_kim-schiavo-1024x682.png 800w\" sizes=\"auto, (max-width: 720px) 100vw, 720px\" \/><p id=\"caption-attachment-424585\" class=\"wp-caption-text\">Miniatura do deus andino Ekeko, facilmente encontrada nas barracas da Alasitas. Foto Kim Schiavo\/MigraMundo<\/p><\/div>\n<h4>Reconhecimento e expans\u00e3o<\/h4>\n<p>Embora aconte\u00e7a h\u00e1 18 anos em S\u00e3o Paulo, somente em 2014 a Alasitas passou a fazer parte do calend\u00e1rio oficial de eventos da cidade.\u00a0Para Rosana Camacho, secret\u00e1ria-executiva da ADRB (Associa\u00e7\u00e3o de Residentes Bolivianos), a realiza\u00e7\u00e3o anual da\u00a0Alasitas e seu reconhecimento no calend\u00e1rio de eventos de S\u00e3o Paulo \u00e9 fruto de muito trabalho e ajuda a dar visibilidade para o migrante boliviano.<\/p>\n<p>\u201cEssa festa representa um resgate, um cultivo das nossas ra\u00edzes e uma apresenta\u00e7\u00e3o das nossas qualidades para S\u00e3o Paulo. N\u00e3o temos apenas o trabalho para oferecer, temos muito a acrescentar a esta cidade\u201d, completa ela, que tamb\u00e9m participou da Alasitas no Memorial da Am\u00e9rica Latina.<\/p>\n<p>Dados da SPTuris apontam que S\u00e3o Paulo tem cerca de 60 mil bolivianos vivendo em situa\u00e7\u00e3o regular, fazendo dela a segunda maior nacionalidade migrante na cidade, atr\u00e1s apenas dos portugueses. Dados extraoficiais, no entanto, que englobam tamb\u00e9m pessoas ainda sem documenta\u00e7\u00e3o, mostram cifras bem maiores.<\/p>\n<p>Outro local de grande concentra\u00e7\u00e3o de pessoas foi na regi\u00e3o do Parque Dom Pedro II, onde a festa contou com a presen\u00e7a da nova secret\u00e1ria de Direitos Humanos e Cidadania da Prefeitura de S\u00e3o Paulo, Patricia Bezerra (veja aqui entrevista exclusiva concedida ao MigraMundo em janeiro deste ano). Ela garantiu que avan\u00e7os recentes obtidos na cidade pelos migrantes e pela sociedade civil organizada ser\u00e3o mantidos e podem ainda ser ampliados. Patricia tamb\u00e9m se comprometeu em manter di\u00e1logo aberto e em trabalhar junto \u00e0s comunidades migrantes.<\/p>\n<div id=\"attachment_424578\" class=\"wp-caption alignnone\"><img loading=\"lazy\" decoding=\"async\" aria-describedby=\"caption-attachment-424578\" class=\"size-large wp-image-424578\" src=\"https:\/\/www.pressenza.com\/wp-content\/uploads\/2017\/01\/alasitas_parquedompedro_pauloilles-720x540.jpg\" alt=\"\" width=\"720\" height=\"540\" srcset=\"https:\/\/www.pressenza.com\/wp-content\/uploads\/2017\/01\/alasitas_parquedompedro_pauloilles-720x540.jpg 720w, https:\/\/www.pressenza.com\/wp-content\/uploads\/2017\/01\/alasitas_parquedompedro_pauloilles-300x225.jpg 300w, https:\/\/www.pressenza.com\/wp-content\/uploads\/2017\/01\/alasitas_parquedompedro_pauloilles-768x576.jpg 768w, https:\/\/www.pressenza.com\/wp-content\/uploads\/2017\/01\/alasitas_parquedompedro_pauloilles.jpg 800w\" sizes=\"auto, (max-width: 720px) 100vw, 720px\" \/><p id=\"caption-attachment-424578\" class=\"wp-caption-text\">Alasitas lotou a regi\u00e3o do Parque Dom Pedro, mantendo a tradi\u00e7\u00e3o de anos anteriores.\u00a0Foto: Paulo Illes<\/p><\/div>\n<p>As quatro festas, embora aconte\u00e7am no mesmo dia, s\u00e3o organizadas por grupos diferentes da comunidade boliviana. Para uns, \u00e9 sin\u00f4nimo de diversidade e op\u00e7\u00e3o de escolha; para outros, representa uma cis\u00e3o que poderia ser superada.<\/p>\n<p>\u201cMesmo estando pulverizada em diversos espa\u00e7os, ela n\u00e3o perde sua beleza\u201d, destaca a boliviana Veronica Yujira, coordenadora do coletivo Si, Yo Puedo, que busca promover a democratiza\u00e7\u00e3o da informa\u00e7\u00e3o e do conhecimento junto a jovens migrantes.<\/p>\n<h4>Bolivianos, brasileiros, colombianos\u2026<\/h4>\n<p>Quem pensa que a Alasitas atrai apenas bolivianos, se engana. Brasileiros e pessoas de outros pa\u00edses residentes na cidade tamb\u00e9m prestigiam o evento, \u00e0s vezes em mais de um local.<\/p>\n<p>\u201cAchei m\u00e1gico o sol ter aparecido depois de uma semana sem dar as caras\u201d, celebrou a articuladora cultural colombiana Viviana Pe\u00f1a, que acompanhou as Alasitas no Memorial da Am\u00e9rica Latina e no Parque Dom Pedro.<\/p>\n<p>Os atores Ian Noppeney e Giovana Arruda, que est\u00e3o fazendo uma pesquisa de campo sobre migra\u00e7\u00e3o latino-americana no Brasil e j\u00e1 estiveram na Alasitas em 2016, voltaram \u00e0 festa neste ano. \u201cA religiosidade deles \u00e9 muito forte, e aqui fica ainda mais aflorada. \u00c9 um encontro deles com a cultura deles, n\u00f3s \u00e9 que somos os imigrantes aqui. \u00c9 um aprendizado excepcional. Por isso que eu acho t\u00e3o bonito aqui\u201d, ressalta Giovana.<\/p>\n<p>O car\u00e1ter popular da festa \u00e9 destacado tamb\u00e9m por Veronica. \u201cA Alasitas n\u00e3o traz s\u00f3 a quest\u00e3o religiosa, mas tamb\u00e9m da cultura aimar\u00e1, que vem das pr\u00e1ticas ancestrais, de se buscar energia positiva.<\/p>\n<div id=\"attachment_424571\" class=\"wp-caption alignnone\"><img loading=\"lazy\" decoding=\"async\" aria-describedby=\"caption-attachment-424571\" class=\"size-large wp-image-424571\" src=\"https:\/\/www.pressenza.com\/wp-content\/uploads\/2017\/01\/alasitas_rua-coimbra_antonio-andrade-1024x576-720x405.jpg\" alt=\"\" width=\"720\" height=\"405\" srcset=\"https:\/\/www.pressenza.com\/wp-content\/uploads\/2017\/01\/alasitas_rua-coimbra_antonio-andrade-1024x576-720x405.jpg 720w, https:\/\/www.pressenza.com\/wp-content\/uploads\/2017\/01\/alasitas_rua-coimbra_antonio-andrade-1024x576-300x169.jpg 300w, https:\/\/www.pressenza.com\/wp-content\/uploads\/2017\/01\/alasitas_rua-coimbra_antonio-andrade-1024x576-768x432.jpg 768w, https:\/\/www.pressenza.com\/wp-content\/uploads\/2017\/01\/alasitas_rua-coimbra_antonio-andrade-1024x576-750x422.jpg 750w, https:\/\/www.pressenza.com\/wp-content\/uploads\/2017\/01\/alasitas_rua-coimbra_antonio-andrade-1024x576.jpg 800w\" sizes=\"auto, (max-width: 720px) 100vw, 720px\" \/><p id=\"caption-attachment-424571\" class=\"wp-caption-text\">Alasitas tamb\u00e9m lotou a rua Coimbra, ponto de refer\u00eancia para a comunidade boliviana em S\u00e3o Paulo.\u00a0Foto: Antonio Andrade\/Bol\u00edvia Cultural<\/p><\/div>\n","protected":false},"excerpt":{"rendered":"<p>Por Rodrigo Borges Delfim Festa t\u00edpica da \u00e1rea de La Paz, a Alasitas tem atra\u00eddo bolivianos de todas as regi\u00f5es do pa\u00eds \u2013 e o mesmo acontece quando \u00e9 realizada no exterior. E a cidade de S\u00e3o Paulo, que abriga&hellip;<\/p>\n","protected":false},"author":1294,"featured_media":424592,"comment_status":"closed","ping_status":"closed","sticky":false,"template":"","format":"standard","meta":{"footnotes":""},"categories":[104,11390,112,116,1255],"tags":[34573,1646,5792,5745,2744,33161,336,597,5204,18845,15633,6924,5053],"class_list":["post-424564","post","type-post","status-publish","format-standard","has-post-thumbnail","hentry","category-america-do-sul","category-conteudo-original","category-cultura-pt-pt","category-direitos-humanos","category-diversidade","tag-alasitas","tag-bolivia","tag-bolivia-pt-pt","tag-bolivianos","tag-brasil","tag-cami","tag-cultura-2","tag-cultura-pt-pt-2","tag-direitos-humanos","tag-diversidade","tag-migrantes","tag-nao-discriminacao-2","tag-sao-paulo"],"yoast_head":"<!-- This site is optimized with the Yoast SEO plugin v27.1.1 - https:\/\/yoast.com\/product\/yoast-seo-wordpress\/ -->\n<title>Em quatro locais, Alasitas agita bolivianos, brasileiros e outras nacionalidades em S\u00e3o Paulo<\/title>\n<meta name=\"description\" content=\"Por Rodrigo Borges Delfim Festa t\u00edpica da \u00e1rea de La Paz, a Alasitas tem atra\u00eddo bolivianos de todas as regi\u00f5es do pa\u00eds \u2013 e o mesmo acontece quando \u00e9\" \/>\n<meta name=\"robots\" content=\"index, follow, max-snippet:-1, max-image-preview:large, max-video-preview:-1\" \/>\n<link rel=\"canonical\" href=\"https:\/\/www.pressenza.com\/pt-pt\/2017\/01\/em-quatro-locais-alasitas-agita-bolivianos-brasileiros-e-outras-nacionalidades-em-sao-paulo\/\" \/>\n<meta property=\"og:locale\" content=\"pt_PT\" \/>\n<meta property=\"og:type\" content=\"article\" \/>\n<meta property=\"og:title\" content=\"Em quatro locais, Alasitas agita bolivianos, brasileiros e outras nacionalidades em S\u00e3o Paulo\" \/>\n<meta property=\"og:description\" content=\"Por Rodrigo Borges Delfim Festa t\u00edpica da \u00e1rea de La Paz, a Alasitas tem atra\u00eddo bolivianos de todas as regi\u00f5es do pa\u00eds \u2013 e o mesmo acontece quando \u00e9\" \/>\n<meta property=\"og:url\" content=\"https:\/\/www.pressenza.com\/pt-pt\/2017\/01\/em-quatro-locais-alasitas-agita-bolivianos-brasileiros-e-outras-nacionalidades-em-sao-paulo\/\" \/>\n<meta property=\"og:site_name\" content=\"Pressenza\" \/>\n<meta property=\"article:publisher\" content=\"https:\/\/www.facebook.com\/PressenzaItalia\" \/>\n<meta property=\"article:author\" content=\"https:\/\/www.facebook.com\/MigraMundo-423076724413055\/?fref=ts\" \/>\n<meta property=\"article:published_time\" content=\"2017-01-26T20:05:23+00:00\" \/>\n<meta property=\"og:image\" content=\"https:\/\/www.pressenza.com\/wp-content\/uploads\/2017\/01\/ekeko_alasitas_kim-schiavo-1024x682-720x294.png\" \/>\n\t<meta property=\"og:image:width\" content=\"750\" \/>\n\t<meta property=\"og:image:height\" content=\"306\" \/>\n\t<meta property=\"og:image:type\" content=\"image\/png\" \/>\n<meta name=\"author\" content=\"MigraMundo\" \/>\n<meta name=\"twitter:card\" content=\"summary_large_image\" \/>\n<meta name=\"twitter:creator\" content=\"@blogmigramundo\" \/>\n<meta name=\"twitter:site\" content=\"@PressenzaIPA\" \/>\n<meta name=\"twitter:label1\" content=\"Escrito por\" \/>\n\t<meta name=\"twitter:data1\" content=\"MigraMundo\" \/>\n\t<meta name=\"twitter:label2\" content=\"Tempo estimado de leitura\" \/>\n\t<meta name=\"twitter:data2\" content=\"4 minutos\" \/>\n<script type=\"application\/ld+json\" class=\"yoast-schema-graph\">{\"@context\":\"https:\/\/schema.org\",\"@graph\":[{\"@type\":\"Article\",\"@id\":\"https:\/\/www.pressenza.com\/pt-pt\/2017\/01\/em-quatro-locais-alasitas-agita-bolivianos-brasileiros-e-outras-nacionalidades-em-sao-paulo\/#article\",\"isPartOf\":{\"@id\":\"https:\/\/www.pressenza.com\/pt-pt\/2017\/01\/em-quatro-locais-alasitas-agita-bolivianos-brasileiros-e-outras-nacionalidades-em-sao-paulo\/\"},\"author\":{\"name\":\"MigraMundo\",\"@id\":\"https:\/\/www.pressenza.com\/pt-pt\/#\/schema\/person\/492ecffa7af4efeb88aa7ea8eb499935\"},\"headline\":\"Em quatro locais, Alasitas agita bolivianos, brasileiros e outras nacionalidades em S\u00e3o Paulo\",\"datePublished\":\"2017-01-26T20:05:23+00:00\",\"mainEntityOfPage\":{\"@id\":\"https:\/\/www.pressenza.com\/pt-pt\/2017\/01\/em-quatro-locais-alasitas-agita-bolivianos-brasileiros-e-outras-nacionalidades-em-sao-paulo\/\"},\"wordCount\":853,\"publisher\":{\"@id\":\"https:\/\/www.pressenza.com\/pt-pt\/#organization\"},\"image\":{\"@id\":\"https:\/\/www.pressenza.com\/pt-pt\/2017\/01\/em-quatro-locais-alasitas-agita-bolivianos-brasileiros-e-outras-nacionalidades-em-sao-paulo\/#primaryimage\"},\"thumbnailUrl\":\"https:\/\/www.pressenza.com\/wp-content\/uploads\/2017\/01\/ekeko_alasitas_kim-schiavo-1024x682-720x294.png\",\"keywords\":[\"Alasitas\",\"Bolivia\",\"Bolivia\",\"bolivianos\",\"Brasil\",\"CAMI\",\"cultura\",\"cultura\",\"direitos humanos\",\"diversidade\",\"migrantes\",\"n\u00e3o discrimina\u00e7\u00e3o\",\"S\u00e3o Paulo\"],\"articleSection\":[\"\u00c1m\u00e9rica do Sul\",\"Conte\u00fado Original\",\"Cultura e M\u00eddia\",\"Direitos Humanos\",\"Diversidade\"],\"inLanguage\":\"pt-PT\"},{\"@type\":\"WebPage\",\"@id\":\"https:\/\/www.pressenza.com\/pt-pt\/2017\/01\/em-quatro-locais-alasitas-agita-bolivianos-brasileiros-e-outras-nacionalidades-em-sao-paulo\/\",\"url\":\"https:\/\/www.pressenza.com\/pt-pt\/2017\/01\/em-quatro-locais-alasitas-agita-bolivianos-brasileiros-e-outras-nacionalidades-em-sao-paulo\/\",\"name\":\"Em quatro locais, Alasitas agita bolivianos, brasileiros e outras nacionalidades em S\u00e3o Paulo\",\"isPartOf\":{\"@id\":\"https:\/\/www.pressenza.com\/pt-pt\/#website\"},\"primaryImageOfPage\":{\"@id\":\"https:\/\/www.pressenza.com\/pt-pt\/2017\/01\/em-quatro-locais-alasitas-agita-bolivianos-brasileiros-e-outras-nacionalidades-em-sao-paulo\/#primaryimage\"},\"image\":{\"@id\":\"https:\/\/www.pressenza.com\/pt-pt\/2017\/01\/em-quatro-locais-alasitas-agita-bolivianos-brasileiros-e-outras-nacionalidades-em-sao-paulo\/#primaryimage\"},\"thumbnailUrl\":\"https:\/\/www.pressenza.com\/wp-content\/uploads\/2017\/01\/ekeko_alasitas_kim-schiavo-1024x682-720x294.png\",\"datePublished\":\"2017-01-26T20:05:23+00:00\",\"description\":\"Por Rodrigo Borges Delfim Festa t\u00edpica da \u00e1rea de La Paz, a Alasitas tem atra\u00eddo bolivianos de todas as regi\u00f5es do pa\u00eds \u2013 e o mesmo acontece quando \u00e9\",\"breadcrumb\":{\"@id\":\"https:\/\/www.pressenza.com\/pt-pt\/2017\/01\/em-quatro-locais-alasitas-agita-bolivianos-brasileiros-e-outras-nacionalidades-em-sao-paulo\/#breadcrumb\"},\"inLanguage\":\"pt-PT\",\"potentialAction\":[{\"@type\":\"ReadAction\",\"target\":[\"https:\/\/www.pressenza.com\/pt-pt\/2017\/01\/em-quatro-locais-alasitas-agita-bolivianos-brasileiros-e-outras-nacionalidades-em-sao-paulo\/\"]}]},{\"@type\":\"ImageObject\",\"inLanguage\":\"pt-PT\",\"@id\":\"https:\/\/www.pressenza.com\/pt-pt\/2017\/01\/em-quatro-locais-alasitas-agita-bolivianos-brasileiros-e-outras-nacionalidades-em-sao-paulo\/#primaryimage\",\"url\":\"https:\/\/www.pressenza.com\/wp-content\/uploads\/2017\/01\/ekeko_alasitas_kim-schiavo-1024x682-720x294.png\",\"contentUrl\":\"https:\/\/www.pressenza.com\/wp-content\/uploads\/2017\/01\/ekeko_alasitas_kim-schiavo-1024x682-720x294.png\",\"width\":750,\"height\":306},{\"@type\":\"BreadcrumbList\",\"@id\":\"https:\/\/www.pressenza.com\/pt-pt\/2017\/01\/em-quatro-locais-alasitas-agita-bolivianos-brasileiros-e-outras-nacionalidades-em-sao-paulo\/#breadcrumb\",\"itemListElement\":[{\"@type\":\"ListItem\",\"position\":1,\"name\":\"Accueil\",\"item\":\"https:\/\/www.pressenza.com\/pt-pt\/\"},{\"@type\":\"ListItem\",\"position\":2,\"name\":\"Em quatro locais, Alasitas agita bolivianos, brasileiros e outras nacionalidades em S\u00e3o Paulo\"}]},{\"@type\":\"WebSite\",\"@id\":\"https:\/\/www.pressenza.com\/pt-pt\/#website\",\"url\":\"https:\/\/www.pressenza.com\/pt-pt\/\",\"name\":\"Pressenza\",\"description\":\"International Press Agency\",\"publisher\":{\"@id\":\"https:\/\/www.pressenza.com\/pt-pt\/#organization\"},\"potentialAction\":[{\"@type\":\"SearchAction\",\"target\":{\"@type\":\"EntryPoint\",\"urlTemplate\":\"https:\/\/www.pressenza.com\/pt-pt\/?s={search_term_string}\"},\"query-input\":{\"@type\":\"PropertyValueSpecification\",\"valueRequired\":true,\"valueName\":\"search_term_string\"}}],\"inLanguage\":\"pt-PT\"},{\"@type\":\"Organization\",\"@id\":\"https:\/\/www.pressenza.com\/pt-pt\/#organization\",\"name\":\"Pressenza\",\"url\":\"https:\/\/www.pressenza.com\/pt-pt\/\",\"logo\":{\"@type\":\"ImageObject\",\"inLanguage\":\"pt-PT\",\"@id\":\"https:\/\/www.pressenza.com\/pt-pt\/#\/schema\/logo\/image\/\",\"url\":\"https:\/\/www.pressenza.com\/wp-content\/uploads\/2022\/10\/pressenza_logo_200x200.jpg\",\"contentUrl\":\"https:\/\/www.pressenza.com\/wp-content\/uploads\/2022\/10\/pressenza_logo_200x200.jpg\",\"width\":200,\"height\":200,\"caption\":\"Pressenza\"},\"image\":{\"@id\":\"https:\/\/www.pressenza.com\/pt-pt\/#\/schema\/logo\/image\/\"},\"sameAs\":[\"https:\/\/www.facebook.com\/PressenzaItalia\",\"https:\/\/x.com\/PressenzaIPA\"]},{\"@type\":\"Person\",\"@id\":\"https:\/\/www.pressenza.com\/pt-pt\/#\/schema\/person\/492ecffa7af4efeb88aa7ea8eb499935\",\"name\":\"MigraMundo\",\"sameAs\":[\"https:\/\/www.facebook.com\/MigraMundo-423076724413055\/?fref=ts\",\"https:\/\/x.com\/blogmigramundo\"],\"url\":\"https:\/\/www.pressenza.com\/pt-pt\/author\/migramundo\/\"}]}<\/script>\n<!-- \/ Yoast SEO plugin. -->","yoast_head_json":{"title":"Em quatro locais, Alasitas agita bolivianos, brasileiros e outras nacionalidades em S\u00e3o Paulo","description":"Por Rodrigo Borges Delfim Festa t\u00edpica da \u00e1rea de La Paz, a Alasitas tem atra\u00eddo bolivianos de todas as regi\u00f5es do pa\u00eds \u2013 e o mesmo acontece quando \u00e9","robots":{"index":"index","follow":"follow","max-snippet":"max-snippet:-1","max-image-preview":"max-image-preview:large","max-video-preview":"max-video-preview:-1"},"canonical":"https:\/\/www.pressenza.com\/pt-pt\/2017\/01\/em-quatro-locais-alasitas-agita-bolivianos-brasileiros-e-outras-nacionalidades-em-sao-paulo\/","og_locale":"pt_PT","og_type":"article","og_title":"Em quatro locais, Alasitas agita bolivianos, brasileiros e outras nacionalidades em S\u00e3o Paulo","og_description":"Por Rodrigo Borges Delfim Festa t\u00edpica da \u00e1rea de La Paz, a Alasitas tem atra\u00eddo bolivianos de todas as regi\u00f5es do pa\u00eds \u2013 e o mesmo acontece quando \u00e9","og_url":"https:\/\/www.pressenza.com\/pt-pt\/2017\/01\/em-quatro-locais-alasitas-agita-bolivianos-brasileiros-e-outras-nacionalidades-em-sao-paulo\/","og_site_name":"Pressenza","article_publisher":"https:\/\/www.facebook.com\/PressenzaItalia","article_author":"https:\/\/www.facebook.com\/MigraMundo-423076724413055\/?fref=ts","article_published_time":"2017-01-26T20:05:23+00:00","og_image":[{"width":750,"height":306,"url":"https:\/\/www.pressenza.com\/wp-content\/uploads\/2017\/01\/ekeko_alasitas_kim-schiavo-1024x682-720x294.png","type":"image\/png"}],"author":"MigraMundo","twitter_card":"summary_large_image","twitter_creator":"@blogmigramundo","twitter_site":"@PressenzaIPA","twitter_misc":{"Escrito por":"MigraMundo","Tempo estimado de leitura":"4 minutos"},"schema":{"@context":"https:\/\/schema.org","@graph":[{"@type":"Article","@id":"https:\/\/www.pressenza.com\/pt-pt\/2017\/01\/em-quatro-locais-alasitas-agita-bolivianos-brasileiros-e-outras-nacionalidades-em-sao-paulo\/#article","isPartOf":{"@id":"https:\/\/www.pressenza.com\/pt-pt\/2017\/01\/em-quatro-locais-alasitas-agita-bolivianos-brasileiros-e-outras-nacionalidades-em-sao-paulo\/"},"author":{"name":"MigraMundo","@id":"https:\/\/www.pressenza.com\/pt-pt\/#\/schema\/person\/492ecffa7af4efeb88aa7ea8eb499935"},"headline":"Em quatro locais, Alasitas agita bolivianos, brasileiros e outras nacionalidades em S\u00e3o Paulo","datePublished":"2017-01-26T20:05:23+00:00","mainEntityOfPage":{"@id":"https:\/\/www.pressenza.com\/pt-pt\/2017\/01\/em-quatro-locais-alasitas-agita-bolivianos-brasileiros-e-outras-nacionalidades-em-sao-paulo\/"},"wordCount":853,"publisher":{"@id":"https:\/\/www.pressenza.com\/pt-pt\/#organization"},"image":{"@id":"https:\/\/www.pressenza.com\/pt-pt\/2017\/01\/em-quatro-locais-alasitas-agita-bolivianos-brasileiros-e-outras-nacionalidades-em-sao-paulo\/#primaryimage"},"thumbnailUrl":"https:\/\/www.pressenza.com\/wp-content\/uploads\/2017\/01\/ekeko_alasitas_kim-schiavo-1024x682-720x294.png","keywords":["Alasitas","Bolivia","Bolivia","bolivianos","Brasil","CAMI","cultura","cultura","direitos humanos","diversidade","migrantes","n\u00e3o discrimina\u00e7\u00e3o","S\u00e3o Paulo"],"articleSection":["\u00c1m\u00e9rica do Sul","Conte\u00fado Original","Cultura e M\u00eddia","Direitos Humanos","Diversidade"],"inLanguage":"pt-PT"},{"@type":"WebPage","@id":"https:\/\/www.pressenza.com\/pt-pt\/2017\/01\/em-quatro-locais-alasitas-agita-bolivianos-brasileiros-e-outras-nacionalidades-em-sao-paulo\/","url":"https:\/\/www.pressenza.com\/pt-pt\/2017\/01\/em-quatro-locais-alasitas-agita-bolivianos-brasileiros-e-outras-nacionalidades-em-sao-paulo\/","name":"Em quatro locais, Alasitas agita bolivianos, brasileiros e outras nacionalidades em S\u00e3o Paulo","isPartOf":{"@id":"https:\/\/www.pressenza.com\/pt-pt\/#website"},"primaryImageOfPage":{"@id":"https:\/\/www.pressenza.com\/pt-pt\/2017\/01\/em-quatro-locais-alasitas-agita-bolivianos-brasileiros-e-outras-nacionalidades-em-sao-paulo\/#primaryimage"},"image":{"@id":"https:\/\/www.pressenza.com\/pt-pt\/2017\/01\/em-quatro-locais-alasitas-agita-bolivianos-brasileiros-e-outras-nacionalidades-em-sao-paulo\/#primaryimage"},"thumbnailUrl":"https:\/\/www.pressenza.com\/wp-content\/uploads\/2017\/01\/ekeko_alasitas_kim-schiavo-1024x682-720x294.png","datePublished":"2017-01-26T20:05:23+00:00","description":"Por Rodrigo Borges Delfim Festa t\u00edpica da \u00e1rea de La Paz, a Alasitas tem atra\u00eddo bolivianos de todas as regi\u00f5es do pa\u00eds \u2013 e o mesmo acontece quando \u00e9","breadcrumb":{"@id":"https:\/\/www.pressenza.com\/pt-pt\/2017\/01\/em-quatro-locais-alasitas-agita-bolivianos-brasileiros-e-outras-nacionalidades-em-sao-paulo\/#breadcrumb"},"inLanguage":"pt-PT","potentialAction":[{"@type":"ReadAction","target":["https:\/\/www.pressenza.com\/pt-pt\/2017\/01\/em-quatro-locais-alasitas-agita-bolivianos-brasileiros-e-outras-nacionalidades-em-sao-paulo\/"]}]},{"@type":"ImageObject","inLanguage":"pt-PT","@id":"https:\/\/www.pressenza.com\/pt-pt\/2017\/01\/em-quatro-locais-alasitas-agita-bolivianos-brasileiros-e-outras-nacionalidades-em-sao-paulo\/#primaryimage","url":"https:\/\/www.pressenza.com\/wp-content\/uploads\/2017\/01\/ekeko_alasitas_kim-schiavo-1024x682-720x294.png","contentUrl":"https:\/\/www.pressenza.com\/wp-content\/uploads\/2017\/01\/ekeko_alasitas_kim-schiavo-1024x682-720x294.png","width":750,"height":306},{"@type":"BreadcrumbList","@id":"https:\/\/www.pressenza.com\/pt-pt\/2017\/01\/em-quatro-locais-alasitas-agita-bolivianos-brasileiros-e-outras-nacionalidades-em-sao-paulo\/#breadcrumb","itemListElement":[{"@type":"ListItem","position":1,"name":"Accueil","item":"https:\/\/www.pressenza.com\/pt-pt\/"},{"@type":"ListItem","position":2,"name":"Em quatro locais, Alasitas agita bolivianos, brasileiros e outras nacionalidades em S\u00e3o Paulo"}]},{"@type":"WebSite","@id":"https:\/\/www.pressenza.com\/pt-pt\/#website","url":"https:\/\/www.pressenza.com\/pt-pt\/","name":"Pressenza","description":"International Press Agency","publisher":{"@id":"https:\/\/www.pressenza.com\/pt-pt\/#organization"},"potentialAction":[{"@type":"SearchAction","target":{"@type":"EntryPoint","urlTemplate":"https:\/\/www.pressenza.com\/pt-pt\/?s={search_term_string}"},"query-input":{"@type":"PropertyValueSpecification","valueRequired":true,"valueName":"search_term_string"}}],"inLanguage":"pt-PT"},{"@type":"Organization","@id":"https:\/\/www.pressenza.com\/pt-pt\/#organization","name":"Pressenza","url":"https:\/\/www.pressenza.com\/pt-pt\/","logo":{"@type":"ImageObject","inLanguage":"pt-PT","@id":"https:\/\/www.pressenza.com\/pt-pt\/#\/schema\/logo\/image\/","url":"https:\/\/www.pressenza.com\/wp-content\/uploads\/2022\/10\/pressenza_logo_200x200.jpg","contentUrl":"https:\/\/www.pressenza.com\/wp-content\/uploads\/2022\/10\/pressenza_logo_200x200.jpg","width":200,"height":200,"caption":"Pressenza"},"image":{"@id":"https:\/\/www.pressenza.com\/pt-pt\/#\/schema\/logo\/image\/"},"sameAs":["https:\/\/www.facebook.com\/PressenzaItalia","https:\/\/x.com\/PressenzaIPA"]},{"@type":"Person","@id":"https:\/\/www.pressenza.com\/pt-pt\/#\/schema\/person\/492ecffa7af4efeb88aa7ea8eb499935","name":"MigraMundo","sameAs":["https:\/\/www.facebook.com\/MigraMundo-423076724413055\/?fref=ts","https:\/\/x.com\/blogmigramundo"],"url":"https:\/\/www.pressenza.com\/pt-pt\/author\/migramundo\/"}]}},"place":"S\u00e3o Paulo, Brasil","original_article_url":"http:\/\/migramundo.com\/em-quatro-locais-alasitas-agita-bolivianos-brasileiros-e-outras-nacionalidades-em-sao-paulo\/?#","_links":{"self":[{"href":"https:\/\/www.pressenza.com\/pt-pt\/wp-json\/wp\/v2\/posts\/424564","targetHints":{"allow":["GET"]}}],"collection":[{"href":"https:\/\/www.pressenza.com\/pt-pt\/wp-json\/wp\/v2\/posts"}],"about":[{"href":"https:\/\/www.pressenza.com\/pt-pt\/wp-json\/wp\/v2\/types\/post"}],"author":[{"embeddable":true,"href":"https:\/\/www.pressenza.com\/pt-pt\/wp-json\/wp\/v2\/users\/1294"}],"replies":[{"embeddable":true,"href":"https:\/\/www.pressenza.com\/pt-pt\/wp-json\/wp\/v2\/comments?post=424564"}],"version-history":[{"count":0,"href":"https:\/\/www.pressenza.com\/pt-pt\/wp-json\/wp\/v2\/posts\/424564\/revisions"}],"wp:featuredmedia":[{"embeddable":true,"href":"https:\/\/www.pressenza.com\/pt-pt\/wp-json\/wp\/v2\/media\/424592"}],"wp:attachment":[{"href":"https:\/\/www.pressenza.com\/pt-pt\/wp-json\/wp\/v2\/media?parent=424564"}],"wp:term":[{"taxonomy":"category","embeddable":true,"href":"https:\/\/www.pressenza.com\/pt-pt\/wp-json\/wp\/v2\/categories?post=424564"},{"taxonomy":"post_tag","embeddable":true,"href":"https:\/\/www.pressenza.com\/pt-pt\/wp-json\/wp\/v2\/tags?post=424564"}],"curies":[{"name":"wp","href":"https:\/\/api.w.org\/{rel}","templated":true}]}}