{"id":4224,"date":"2010-10-29T00:00:00","date_gmt":"2010-10-28T23:00:00","guid":{"rendered":""},"modified":"2015-04-09T17:19:34","modified_gmt":"2015-04-09T16:19:34","slug":"partido-humanista-do-brasil-se-posiciona-a-favor-do-xvoto-criticox-em-dilma","status":"publish","type":"post","link":"https:\/\/www.pressenza.com\/pt-pt\/2010\/10\/partido-humanista-do-brasil-se-posiciona-a-favor-do-xvoto-criticox-em-dilma\/","title":{"rendered":"Partido Humanista do Brasil se posiciona a favor do &#8220;voto cr\u00edtico&#8221; em Dilma"},"content":{"rendered":"<p>No primeiro turno declaramos que n\u00e3o apoiar\u00edamos ningu\u00e9m, apesar de vermos interessantes posturas no chamado campo da esquerda, inclusive, escanteadas do jogo &#8220;democr\u00e1tico&#8221; nessas elei\u00e7\u00f5es.  Essa decis\u00e3o, pautada na necessidade de dedicar  energia na constru\u00e7\u00e3o, crescimento e perfilamento ideol\u00f3gico do PHI no Brasil, \u00e9 reavaliada ap\u00f3s debate entre os membros do partido.<\/p>\n<p>Sabemos que as duas candidaturas que se apresentam, no fundo representam o mesmo eixo program\u00e1tico do capitalismo, conservador das estruturas sociais que reproduzem todo tipo de viol\u00eancia na civiliza\u00e7\u00e3o humana, desde as mais sutis, como a falta de sentido na vida, at\u00e9 as mais grosseiras, como as guerras e o armamentismo.<\/p>\n<p>No entanto, apesar desse transfundo de conservadorismo e comodismo, sabemos que a origem, constru\u00e7\u00e3o hist\u00f3rica e concep\u00e7\u00e3o ideol\u00f3gica dos dois projetos que nos apresentam nesse segundo turno, t\u00eam ra\u00edzes distintas, implicando em uma estrat\u00e9gia de governo que  levam a posturas, num quadro geral, de maior ou menor viol\u00eancia, sobretudo sobre camadas populares e discriminadas, tanto na pol\u00edtica nacional quanto na internacional.<\/p>\n<p>\u00c9 unanimidade no PH do Brasil a total insatisfa\u00e7\u00e3o com a candidatura de Jos\u00e9 Serra que \u00e0 frente de S\u00e3o Paulo mostrou-se com um perfil truculento, sem a pr\u00e1tica do di\u00e1logo, que combate violentamente manifesta\u00e7\u00f5es pac\u00edficas de professores e estudantes, que trata a educa\u00e7\u00e3o segundo regras mercantis, que criminaliza os movimentos sociais, que desaloja favelas para a especula\u00e7\u00e3o imobili\u00e1ria ao em vez de desenvolver o lugar com os pr\u00f3prios moradores que ali j\u00e1 est\u00e3o, demonstrando que prioriza os interesses das corpora\u00e7\u00f5es e empresas sobre os interesses das pessoas, e que por isso, n\u00e3o \u00e9 \u00e0 toa ser acusado de privatista, e que tem como pr\u00e1tica sucatear a coisa p\u00fablica para depois entreg\u00e1-la.<\/p>\n<p>Al\u00e9m do mais, n\u00e3o queremos um governo onde as pessoas que o cercam tem a contumaz pr\u00e1tica de falar fino com os ricos e grosso com os pobres, que tem no seu plano de governo a militariza\u00e7\u00e3o das nossas fronteiras que n\u00e3o passa de um projeto de alinhamento aos EUA para servirmos ao rid\u00edculo papel de seu &#8220;c\u00e3o de guarda&#8221; sendo um desestabilizador das lutas populares e da soberania dos povos latino-americanos, que segundo sua conveni\u00eancia chamam de &#8220;ditaduras&#8221;. N\u00e3o queremos um governo &#8220;queridinho&#8221; da m\u00eddia manipulat\u00f3ria que irradia hipnoticamente sua \u00fanica vis\u00e3o de mundo anti-povo, degradando suas conquistas e maculando suas lutas, do campo e da cidade, sem terem o direito de explicitar sistematicamente as suas causas ao conjunto da na\u00e7\u00e3o, para pensarmos juntos em uma solu\u00e7\u00e3o democr\u00e1tica e solid\u00e1ria.<\/p>\n<p>Enfim,  n\u00e3o queremos um governo que n\u00e3o se esforce em propiciar o desenvolvimento pleno de todos, sabendo que o desenvolvimento de uns termina no desenvolvimento de ningu\u00e9m.<\/p>\n<p>De outro lado, temos Dilma, continuadora do governo Lula, que no plano pol\u00edtico, pode ser interpretado, como um avan\u00e7o e um retrocesso, ao mesmo tempo. Foi um governo que produziu um salto na auto-estima do brasileiro, que ofereceu o m\u00ednimo de dignidade para aqueles que sempre ficaram historicamente exclu\u00eddos, realizou um desenvolvimento das universidades p\u00fablicas e melhorou o acesso ao ensino superior, deu exemplos de solidariedade e cooperativismo com ajuda econ\u00f4mica e na sa\u00fade aos pa\u00edses africanos, demonstrou princ\u00edpios fraternos aos irm\u00e3os latino-americanos sendo capaz do di\u00e1logo que colabora na integra\u00e7\u00e3o da nossa Am\u00e9rica Latina e soube neutralizar a inger\u00eancia do imperialismo liderado pelo EUA.<\/p>\n<p>Esses avan\u00e7os foram conquistas importantes que se resultaram concretas para a vida de milh\u00f5es de pessoas, pelo menos podemos ter orgulho de dizer que milh\u00f5es de brasileiros n\u00e3o passam mais fome, coisa que vergonhosamente essa mesma gente que agora quer voltar ao poder \u00e0 frente do candidato Serra, insensivelmente, sempre fez vistas grossas. No entanto, esses avan\u00e7os citados foram feitos em uma base falsa, que al\u00e9m de impedir que  v\u00e1 resolutamente e efetivamente at\u00e9 o fim da desigualdade de oportunidade, paradoxalmente, pode proporcionar sua pr\u00f3pria queda e consequente retrocesso.<\/p>\n<p>A forma em que essas elei\u00e7\u00f5es tomaram demonstram muito bem essa realidade, onde assistimos uma campanha eleitoral alienante e de baix\u00edssima qualidade. As t\u00e1ticas de domina\u00e7\u00e3o do povo atrav\u00e9s da manipula\u00e7\u00e3o da m\u00eddia pelo oligop\u00f3lio de algumas fam\u00edlias, do sensacionalismo, do falso-moralismo atrelado a quest\u00f5es pessoais e secund\u00e1rias e da ret\u00f3rica demag\u00f3gica, indica claramente a farsa da nossa democracia, e \u00e9 nessa base falsa que os candidatos pretendem governar, distante do povo que deveria sustentar qualquer governo. O resultado disso n\u00e3o poderia, e n\u00e3o pode ser outro a n\u00e3o ser o da corrup\u00e7\u00e3o, da engana\u00e7\u00e3o e da trai\u00e7\u00e3o, que estamos, e que vamos continuar presenciando durante os pr\u00f3ximos 4 anos, independente de quem ganhe.<\/p>\n<p>Para um partido como o PSDB, que se formou dentro de uma vis\u00e3o elitista que  pensa o ser-humano como um simples animal racional, partindo de um princ\u00edpio biologizante que aceita a lei do mais forte e sua hierarquiza\u00e7\u00e3o como algo natural, isso n\u00e3o \u00e9 problema, mas para um partido com o hist\u00f3rico que se origina das lutas populares, a forma\u00e7\u00e3o de uma c\u00fapula que se distancia da sua base \u00e9 um erro execr\u00e1vel que compromete o projeto de qualquer na\u00e7\u00e3o que deseje um povo livre, forte e soberano.<\/p>\n<p>Por isso, o nosso apoio nessas elei\u00e7\u00f5es a candidata Dilma n\u00e3o poderia ser de outro jeito, a n\u00e3o ser, CR\u00cdTICO.<\/p>\n<p>N\u00e3o \u00e9 uma cr\u00edtica que cabe somente a este ou \u00e0quele partido ou programa, mas uma reflex\u00e3o sobre a nossa sociedade como um todo.<\/p>\n<p>Perguntamos: como ser\u00e1 poss\u00edvel desenvolver a consci\u00eancia do povo de um pa\u00eds, transformar seus cidad\u00e3os em seres plenos, livres e felizes, criando rela\u00e7\u00f5es de paz e n\u00e3o-viol\u00eancia, nos pr\u00edncipios da Democracia Real, se este mesmo povo n\u00e3o participa da sua pr\u00f3pria libera\u00e7\u00e3o? Se este povo fica imobilizado esperando que a solu\u00e7\u00e3o caia de algum l\u00edder carism\u00e1tico, da habilidade de um tecnocrata, da intelig\u00eancia de algum estudioso ou de algum programa partid\u00e1rio?<\/p>\n<p>Nenhum partido pol\u00edtico, seja de esquerda e muito menos de direita, poder\u00e1 libertar um pa\u00eds da opress\u00e3o que a viol\u00eancia pessoal, institucional e social o assola, se n\u00e3o for feito a partir da sua pr\u00f3pria base de sustenta\u00e7\u00e3o onde concretamente tudo acontece. \u00c9 somente as pessoas organizadas nos seus locais de trabalho e nas suas comunidades, que est\u00e3o diretamente afetadas pelos conflitos que lhe atingem que podem dar legitimidade a um governo forte, capaz de romper com o sistema de viol\u00eancia,  que hoje \u00e9 reproduzido socialmente pelas regras e valores do capitalismo.<\/p>\n<p>Todo o sistema pol\u00edtico mundial est\u00e1 armado para ser subordinado aos interesses econ\u00f4micos de reprodu\u00e7\u00e3o insana e constante de capital, que se concentra cada vez mais em um grupinho mundial, impedindo que as reais necessidades e aspira\u00e7\u00f5es dos povos, das na\u00e7\u00f5es e de cada ser humano, se concretizem e se despertem, porque sem o poder e a propriedade de decidir sobre os recursos materiais produzido socialmente pelo conjunto dos trabalhadores, nos vemos induzidos a uma auto-escravid\u00e3o, obrigados a nos vendermos nesse grande leil\u00e3o de gente chamado mercado de trabalho. Diante disso, como ser\u00e1 poss\u00edvel mudar o pa\u00eds se esses grandes partidos entram na disputa sustentado por bancos, especuladores financeiros e grandes empres\u00e1rios preocupados apenas com o lucro, ao em vez de estarem sustentados nas pessoas que formam a base da sociedade? A mesma situa\u00e7\u00e3o degradante que cada cidad\u00e3o vive na sua particularidade, vendendo a si pr\u00f3prio, os partidos e os ditos pol\u00edticos profissionais, o vivem da mesma maneira.<\/p>\n<p>Dessa maneira, o PH, alerta ao povo brasileiro.<\/p>\n<p>Apesar da elei\u00e7\u00e3o de Dilma Rousseff \u00e0 presid\u00eancia da rep\u00fablica do Brasil ser um \u201csinal\u201d que devemos dar \u00e0 elite mais discriminat\u00f3ria, preconceituosa, racista e covarde, n\u00e3o podemos fazer disso um refor\u00e7o para a condi\u00e7\u00e3o de povo &#8220;incapacitado&#8221;, \u201cvitmizado\u201d e \u201cvendido\u201d que sempre precisar\u00e1 de um &#8220;Pai dos pobres&#8221; para cuidar de si, de um \u201cher\u00f3i\u201d para fazer justi\u00e7a, ou de uma situa\u00e7\u00e3o \u201cideal\u201d de um futuro incerto que o impe\u00e7a de agir agora.<\/p>\n<p>Dar esse sinal \u00e9 importante para que mostremos que o povo brasileiro est\u00e1 aprendendo a detectar os seus reais opressores &#8220;ocultos&#8221;. Mas n\u00e3o podemos ficar calado diante das posturas extremamente equivocadas do PT, que podem ter consequ\u00eancias grav\u00edssimas e inesperadas nesses tempos onde o capitalismo mostra estar na sua fase terminal. Sua \u00faltima crise est\u00e1 longe de terminar, como podemos ver, por exemplo, atrav\u00e9s desse \u00faltimo ataque aos trabalhadores na Fran\u00e7a. E a escolha do PT em governar dentro dos seus princ\u00edpios, sem a descentraliza\u00e7\u00e3o do poder pol\u00edtico substituindo a democracia representativa pela democracia direta, sem a garantia de uma sa\u00fade e educa\u00e7\u00e3o p\u00fablica de qualidade para todos que desfa\u00e7a qualquer privil\u00e9gio de classe, sem a participa\u00e7\u00e3o dos trabalhadores nos processos decis\u00f3rios das empresas obrigando o capital a se diversificar e reenvistir em novas fontes de trabalho e sem  o controle estatal da banca para que esta execute seus servi\u00e7os sem a finalidade lucrativa podendo emprestar sem juros, far\u00e1 com que o povo continue na desvantagem e ignorante, com um sentimento difuso, mas permanente de fracasso e ressentimento, e que cada vez mais endurecido, sobretudo diante de algum &#8220;imprevisto&#8221; ou grande decep\u00e7\u00e3o, pode facilmente sucumbir na total irracionalidade e cair nas m\u00e3os do lobo fascista que encanta com seu discurso f\u00e1cil de morte e destrui\u00e7\u00e3o.<\/p>\n<p>Para que possamos realizar t\u00e3o monumental intento \u00e9 urgente e necess\u00e1rio uma retomada resolutiva de uma perspectiva REVOLUCION\u00c1RIA, que atrelada sem reservas \u00e0 metodologia da N\u00c3O-VIOL\u00caNCIA ATIVA ser\u00e1 a esperan\u00e7a para o fim da Pr\u00e9-hist\u00f3ria e para a entrada triunfal da humanidade nos tempos da Hist\u00f3ria.<\/p>\n<p>Portanto, votar 13 no domingo, dia 31, \u00e9 importante para que os ventos continuem razoavelmente favor\u00e1vel, mas n\u00e3o instru\u00edmos ningu\u00e9m a esperar nada desse governo. Somente com trabalho, luta e mobiliza\u00e7\u00e3o coletiva debaixo de princ\u00edpios altamente democr\u00e1ticos, igualit\u00e1rios e libert\u00e1rios \u00e9 que poderemos acabar de vez com a opress\u00e3o do Capital e do Estado.<\/p>\n<p>Conclamamos todos a somarem-se conosco e a participarem da constru\u00e7\u00e3o do Partido Humanista Internacional-Brasil, para sermos a op\u00e7\u00e3o que queremos e merecemos para o nosso pa\u00eds e o mundo, de hoje e para as gera\u00e7\u00f5es futuras.<\/p>\n","protected":false},"excerpt":{"rendered":"<p>Diante das op\u00e7\u00f5es do segundo turna das elei\u00e7\u00f5es presidenciais no pa\u00eds, o Partido Humanista (PH) faz campanha contra o candidato do PSDB Jos\u00e9 Serra e se posiciona a favor da candidata governista, Dilma Roussef do PT. Leia abaixo a \u00edntegra da carta de posicionamento definido pela dire\u00e7\u00e3o do PH para as elei\u00e7\u00f5es do pr\u00f3ximo domingo 31 de outubro.<\/p>\n","protected":false},"author":413,"featured_media":0,"comment_status":"closed","ping_status":"open","sticky":false,"template":"","format":"standard","meta":{"footnotes":""},"categories":[104,165,111],"tags":[418],"class_list":["post-4224","post","type-post","status-publish","format-standard","hentry","category-america-do-sul","category-opiniao","category-politica-pt-pt","tag-partido-humanista"],"yoast_head":"<!-- This site is optimized with the Yoast SEO plugin v27.1.1 - https:\/\/yoast.com\/product\/yoast-seo-wordpress\/ -->\n<title>Partido Humanista do Brasil se posiciona a favor do &quot;voto cr\u00edtico&quot; em Dilma<\/title>\n<meta name=\"description\" content=\"Diante das op\u00e7\u00f5es do segundo turna das elei\u00e7\u00f5es presidenciais no pa\u00eds, o Partido Humanista (PH) faz campanha contra o candidato do PSDB Jos\u00e9 Serra e se posiciona a favor da candidata governista, Dilma Roussef do PT. Leia abaixo a \u00edntegra da carta de posicionamento definido pela dire\u00e7\u00e3o do PH para as elei\u00e7\u00f5es do pr\u00f3ximo domingo 31 de outubro.\" \/>\n<meta name=\"robots\" content=\"index, follow, max-snippet:-1, max-image-preview:large, max-video-preview:-1\" \/>\n<link rel=\"canonical\" href=\"https:\/\/www.pressenza.com\/pt-pt\/2010\/10\/partido-humanista-do-brasil-se-posiciona-a-favor-do-xvoto-criticox-em-dilma\/\" \/>\n<meta property=\"og:locale\" content=\"pt_PT\" \/>\n<meta property=\"og:type\" content=\"article\" \/>\n<meta property=\"og:title\" content=\"Partido Humanista do Brasil se posiciona a favor do &quot;voto cr\u00edtico&quot; em Dilma\" \/>\n<meta property=\"og:description\" content=\"Diante das op\u00e7\u00f5es do segundo turna das elei\u00e7\u00f5es presidenciais no pa\u00eds, o Partido Humanista (PH) faz campanha contra o candidato do PSDB Jos\u00e9 Serra e se posiciona a favor da candidata governista, Dilma Roussef do PT. Leia abaixo a \u00edntegra da carta de posicionamento definido pela dire\u00e7\u00e3o do PH para as elei\u00e7\u00f5es do pr\u00f3ximo domingo 31 de outubro.\" \/>\n<meta property=\"og:url\" content=\"https:\/\/www.pressenza.com\/pt-pt\/2010\/10\/partido-humanista-do-brasil-se-posiciona-a-favor-do-xvoto-criticox-em-dilma\/\" \/>\n<meta property=\"og:site_name\" content=\"Pressenza\" \/>\n<meta property=\"article:publisher\" content=\"https:\/\/www.facebook.com\/PressenzaItalia\" \/>\n<meta property=\"article:published_time\" content=\"2010-10-28T23:00:00+00:00\" \/>\n<meta property=\"article:modified_time\" content=\"2015-04-09T16:19:34+00:00\" \/>\n<meta name=\"author\" content=\"Partido Humanista do Brasil\" \/>\n<meta name=\"twitter:card\" content=\"summary_large_image\" \/>\n<meta name=\"twitter:creator\" content=\"@PressenzaIPA\" \/>\n<meta name=\"twitter:site\" content=\"@PressenzaIPA\" \/>\n<meta name=\"twitter:label1\" content=\"Escrito por\" \/>\n\t<meta name=\"twitter:data1\" content=\"Partido Humanista do Brasil\" \/>\n\t<meta name=\"twitter:label2\" content=\"Tempo estimado de leitura\" \/>\n\t<meta name=\"twitter:data2\" content=\"9 minutos\" \/>\n<script type=\"application\/ld+json\" class=\"yoast-schema-graph\">{\"@context\":\"https:\/\/schema.org\",\"@graph\":[{\"@type\":\"Article\",\"@id\":\"https:\/\/www.pressenza.com\/pt-pt\/2010\/10\/partido-humanista-do-brasil-se-posiciona-a-favor-do-xvoto-criticox-em-dilma\/#article\",\"isPartOf\":{\"@id\":\"https:\/\/www.pressenza.com\/pt-pt\/2010\/10\/partido-humanista-do-brasil-se-posiciona-a-favor-do-xvoto-criticox-em-dilma\/\"},\"author\":{\"name\":\"Partido Humanista do Brasil\",\"@id\":\"https:\/\/www.pressenza.com\/pt-pt\/#\/schema\/person\/d75e6ee6e85670426b48aead999af25b\"},\"headline\":\"Partido Humanista do Brasil se posiciona a favor do &#8220;voto cr\u00edtico&#8221; em Dilma\",\"datePublished\":\"2010-10-28T23:00:00+00:00\",\"dateModified\":\"2015-04-09T16:19:34+00:00\",\"mainEntityOfPage\":{\"@id\":\"https:\/\/www.pressenza.com\/pt-pt\/2010\/10\/partido-humanista-do-brasil-se-posiciona-a-favor-do-xvoto-criticox-em-dilma\/\"},\"wordCount\":1826,\"publisher\":{\"@id\":\"https:\/\/www.pressenza.com\/pt-pt\/#organization\"},\"keywords\":[\"Partido Humanista\"],\"articleSection\":[\"\u00c1m\u00e9rica do Sul\",\"Opini\u00e3o\",\"Pol\u00edtica\"],\"inLanguage\":\"pt-PT\"},{\"@type\":\"WebPage\",\"@id\":\"https:\/\/www.pressenza.com\/pt-pt\/2010\/10\/partido-humanista-do-brasil-se-posiciona-a-favor-do-xvoto-criticox-em-dilma\/\",\"url\":\"https:\/\/www.pressenza.com\/pt-pt\/2010\/10\/partido-humanista-do-brasil-se-posiciona-a-favor-do-xvoto-criticox-em-dilma\/\",\"name\":\"Partido Humanista do Brasil se posiciona a favor do \\\"voto cr\u00edtico\\\" em Dilma\",\"isPartOf\":{\"@id\":\"https:\/\/www.pressenza.com\/pt-pt\/#website\"},\"datePublished\":\"2010-10-28T23:00:00+00:00\",\"dateModified\":\"2015-04-09T16:19:34+00:00\",\"description\":\"Diante das op\u00e7\u00f5es do segundo turna das elei\u00e7\u00f5es presidenciais no pa\u00eds, o Partido Humanista (PH) faz campanha contra o candidato do PSDB Jos\u00e9 Serra e se posiciona a favor da candidata governista, Dilma Roussef do PT. Leia abaixo a \u00edntegra da carta de posicionamento definido pela dire\u00e7\u00e3o do PH para as elei\u00e7\u00f5es do pr\u00f3ximo domingo 31 de outubro.\",\"breadcrumb\":{\"@id\":\"https:\/\/www.pressenza.com\/pt-pt\/2010\/10\/partido-humanista-do-brasil-se-posiciona-a-favor-do-xvoto-criticox-em-dilma\/#breadcrumb\"},\"inLanguage\":\"pt-PT\",\"potentialAction\":[{\"@type\":\"ReadAction\",\"target\":[\"https:\/\/www.pressenza.com\/pt-pt\/2010\/10\/partido-humanista-do-brasil-se-posiciona-a-favor-do-xvoto-criticox-em-dilma\/\"]}]},{\"@type\":\"BreadcrumbList\",\"@id\":\"https:\/\/www.pressenza.com\/pt-pt\/2010\/10\/partido-humanista-do-brasil-se-posiciona-a-favor-do-xvoto-criticox-em-dilma\/#breadcrumb\",\"itemListElement\":[{\"@type\":\"ListItem\",\"position\":1,\"name\":\"Accueil\",\"item\":\"https:\/\/www.pressenza.com\/pt-pt\/\"},{\"@type\":\"ListItem\",\"position\":2,\"name\":\"Partido Humanista do Brasil se posiciona a favor do &#8220;voto cr\u00edtico&#8221; em Dilma\"}]},{\"@type\":\"WebSite\",\"@id\":\"https:\/\/www.pressenza.com\/pt-pt\/#website\",\"url\":\"https:\/\/www.pressenza.com\/pt-pt\/\",\"name\":\"Pressenza\",\"description\":\"International Press Agency\",\"publisher\":{\"@id\":\"https:\/\/www.pressenza.com\/pt-pt\/#organization\"},\"potentialAction\":[{\"@type\":\"SearchAction\",\"target\":{\"@type\":\"EntryPoint\",\"urlTemplate\":\"https:\/\/www.pressenza.com\/pt-pt\/?s={search_term_string}\"},\"query-input\":{\"@type\":\"PropertyValueSpecification\",\"valueRequired\":true,\"valueName\":\"search_term_string\"}}],\"inLanguage\":\"pt-PT\"},{\"@type\":\"Organization\",\"@id\":\"https:\/\/www.pressenza.com\/pt-pt\/#organization\",\"name\":\"Pressenza\",\"url\":\"https:\/\/www.pressenza.com\/pt-pt\/\",\"logo\":{\"@type\":\"ImageObject\",\"inLanguage\":\"pt-PT\",\"@id\":\"https:\/\/www.pressenza.com\/pt-pt\/#\/schema\/logo\/image\/\",\"url\":\"https:\/\/www.pressenza.com\/wp-content\/uploads\/2022\/10\/pressenza_logo_200x200.jpg\",\"contentUrl\":\"https:\/\/www.pressenza.com\/wp-content\/uploads\/2022\/10\/pressenza_logo_200x200.jpg\",\"width\":200,\"height\":200,\"caption\":\"Pressenza\"},\"image\":{\"@id\":\"https:\/\/www.pressenza.com\/pt-pt\/#\/schema\/logo\/image\/\"},\"sameAs\":[\"https:\/\/www.facebook.com\/PressenzaItalia\",\"https:\/\/x.com\/PressenzaIPA\"]},{\"@type\":\"Person\",\"@id\":\"https:\/\/www.pressenza.com\/pt-pt\/#\/schema\/person\/d75e6ee6e85670426b48aead999af25b\",\"name\":\"Partido Humanista do Brasil\",\"description\":\"As propostas do Partido Humanista partem da necessidade de liberdade que n\u00f3s, seres humanos, experimentamos e suas propostas apontam \u00e0 transforma\u00e7\u00e3o e supera\u00e7\u00e3o social da viol\u00eancia que, em suas distintas formas, gera sofrimento e contradi\u00e7\u00e3o nos indiv\u00edduos e povos.\",\"url\":\"https:\/\/www.pressenza.com\/pt-pt\/author\/partido-humanista-do-brasil\/\"}]}<\/script>\n<!-- \/ Yoast SEO plugin. -->","yoast_head_json":{"title":"Partido Humanista do Brasil se posiciona a favor do \"voto cr\u00edtico\" em Dilma","description":"Diante das op\u00e7\u00f5es do segundo turna das elei\u00e7\u00f5es presidenciais no pa\u00eds, o Partido Humanista (PH) faz campanha contra o candidato do PSDB Jos\u00e9 Serra e se posiciona a favor da candidata governista, Dilma Roussef do PT. Leia abaixo a \u00edntegra da carta de posicionamento definido pela dire\u00e7\u00e3o do PH para as elei\u00e7\u00f5es do pr\u00f3ximo domingo 31 de outubro.","robots":{"index":"index","follow":"follow","max-snippet":"max-snippet:-1","max-image-preview":"max-image-preview:large","max-video-preview":"max-video-preview:-1"},"canonical":"https:\/\/www.pressenza.com\/pt-pt\/2010\/10\/partido-humanista-do-brasil-se-posiciona-a-favor-do-xvoto-criticox-em-dilma\/","og_locale":"pt_PT","og_type":"article","og_title":"Partido Humanista do Brasil se posiciona a favor do \"voto cr\u00edtico\" em Dilma","og_description":"Diante das op\u00e7\u00f5es do segundo turna das elei\u00e7\u00f5es presidenciais no pa\u00eds, o Partido Humanista (PH) faz campanha contra o candidato do PSDB Jos\u00e9 Serra e se posiciona a favor da candidata governista, Dilma Roussef do PT. Leia abaixo a \u00edntegra da carta de posicionamento definido pela dire\u00e7\u00e3o do PH para as elei\u00e7\u00f5es do pr\u00f3ximo domingo 31 de outubro.","og_url":"https:\/\/www.pressenza.com\/pt-pt\/2010\/10\/partido-humanista-do-brasil-se-posiciona-a-favor-do-xvoto-criticox-em-dilma\/","og_site_name":"Pressenza","article_publisher":"https:\/\/www.facebook.com\/PressenzaItalia","article_published_time":"2010-10-28T23:00:00+00:00","article_modified_time":"2015-04-09T16:19:34+00:00","author":"Partido Humanista do Brasil","twitter_card":"summary_large_image","twitter_creator":"@PressenzaIPA","twitter_site":"@PressenzaIPA","twitter_misc":{"Escrito por":"Partido Humanista do Brasil","Tempo estimado de leitura":"9 minutos"},"schema":{"@context":"https:\/\/schema.org","@graph":[{"@type":"Article","@id":"https:\/\/www.pressenza.com\/pt-pt\/2010\/10\/partido-humanista-do-brasil-se-posiciona-a-favor-do-xvoto-criticox-em-dilma\/#article","isPartOf":{"@id":"https:\/\/www.pressenza.com\/pt-pt\/2010\/10\/partido-humanista-do-brasil-se-posiciona-a-favor-do-xvoto-criticox-em-dilma\/"},"author":{"name":"Partido Humanista do Brasil","@id":"https:\/\/www.pressenza.com\/pt-pt\/#\/schema\/person\/d75e6ee6e85670426b48aead999af25b"},"headline":"Partido Humanista do Brasil se posiciona a favor do &#8220;voto cr\u00edtico&#8221; em Dilma","datePublished":"2010-10-28T23:00:00+00:00","dateModified":"2015-04-09T16:19:34+00:00","mainEntityOfPage":{"@id":"https:\/\/www.pressenza.com\/pt-pt\/2010\/10\/partido-humanista-do-brasil-se-posiciona-a-favor-do-xvoto-criticox-em-dilma\/"},"wordCount":1826,"publisher":{"@id":"https:\/\/www.pressenza.com\/pt-pt\/#organization"},"keywords":["Partido Humanista"],"articleSection":["\u00c1m\u00e9rica do Sul","Opini\u00e3o","Pol\u00edtica"],"inLanguage":"pt-PT"},{"@type":"WebPage","@id":"https:\/\/www.pressenza.com\/pt-pt\/2010\/10\/partido-humanista-do-brasil-se-posiciona-a-favor-do-xvoto-criticox-em-dilma\/","url":"https:\/\/www.pressenza.com\/pt-pt\/2010\/10\/partido-humanista-do-brasil-se-posiciona-a-favor-do-xvoto-criticox-em-dilma\/","name":"Partido Humanista do Brasil se posiciona a favor do \"voto cr\u00edtico\" em Dilma","isPartOf":{"@id":"https:\/\/www.pressenza.com\/pt-pt\/#website"},"datePublished":"2010-10-28T23:00:00+00:00","dateModified":"2015-04-09T16:19:34+00:00","description":"Diante das op\u00e7\u00f5es do segundo turna das elei\u00e7\u00f5es presidenciais no pa\u00eds, o Partido Humanista (PH) faz campanha contra o candidato do PSDB Jos\u00e9 Serra e se posiciona a favor da candidata governista, Dilma Roussef do PT. Leia abaixo a \u00edntegra da carta de posicionamento definido pela dire\u00e7\u00e3o do PH para as elei\u00e7\u00f5es do pr\u00f3ximo domingo 31 de outubro.","breadcrumb":{"@id":"https:\/\/www.pressenza.com\/pt-pt\/2010\/10\/partido-humanista-do-brasil-se-posiciona-a-favor-do-xvoto-criticox-em-dilma\/#breadcrumb"},"inLanguage":"pt-PT","potentialAction":[{"@type":"ReadAction","target":["https:\/\/www.pressenza.com\/pt-pt\/2010\/10\/partido-humanista-do-brasil-se-posiciona-a-favor-do-xvoto-criticox-em-dilma\/"]}]},{"@type":"BreadcrumbList","@id":"https:\/\/www.pressenza.com\/pt-pt\/2010\/10\/partido-humanista-do-brasil-se-posiciona-a-favor-do-xvoto-criticox-em-dilma\/#breadcrumb","itemListElement":[{"@type":"ListItem","position":1,"name":"Accueil","item":"https:\/\/www.pressenza.com\/pt-pt\/"},{"@type":"ListItem","position":2,"name":"Partido Humanista do Brasil se posiciona a favor do &#8220;voto cr\u00edtico&#8221; em Dilma"}]},{"@type":"WebSite","@id":"https:\/\/www.pressenza.com\/pt-pt\/#website","url":"https:\/\/www.pressenza.com\/pt-pt\/","name":"Pressenza","description":"International Press Agency","publisher":{"@id":"https:\/\/www.pressenza.com\/pt-pt\/#organization"},"potentialAction":[{"@type":"SearchAction","target":{"@type":"EntryPoint","urlTemplate":"https:\/\/www.pressenza.com\/pt-pt\/?s={search_term_string}"},"query-input":{"@type":"PropertyValueSpecification","valueRequired":true,"valueName":"search_term_string"}}],"inLanguage":"pt-PT"},{"@type":"Organization","@id":"https:\/\/www.pressenza.com\/pt-pt\/#organization","name":"Pressenza","url":"https:\/\/www.pressenza.com\/pt-pt\/","logo":{"@type":"ImageObject","inLanguage":"pt-PT","@id":"https:\/\/www.pressenza.com\/pt-pt\/#\/schema\/logo\/image\/","url":"https:\/\/www.pressenza.com\/wp-content\/uploads\/2022\/10\/pressenza_logo_200x200.jpg","contentUrl":"https:\/\/www.pressenza.com\/wp-content\/uploads\/2022\/10\/pressenza_logo_200x200.jpg","width":200,"height":200,"caption":"Pressenza"},"image":{"@id":"https:\/\/www.pressenza.com\/pt-pt\/#\/schema\/logo\/image\/"},"sameAs":["https:\/\/www.facebook.com\/PressenzaItalia","https:\/\/x.com\/PressenzaIPA"]},{"@type":"Person","@id":"https:\/\/www.pressenza.com\/pt-pt\/#\/schema\/person\/d75e6ee6e85670426b48aead999af25b","name":"Partido Humanista do Brasil","description":"As propostas do Partido Humanista partem da necessidade de liberdade que n\u00f3s, seres humanos, experimentamos e suas propostas apontam \u00e0 transforma\u00e7\u00e3o e supera\u00e7\u00e3o social da viol\u00eancia que, em suas distintas formas, gera sofrimento e contradi\u00e7\u00e3o nos indiv\u00edduos e povos.","url":"https:\/\/www.pressenza.com\/pt-pt\/author\/partido-humanista-do-brasil\/"}]}},"place":"Todo Brasil","original_article_url":"","_links":{"self":[{"href":"https:\/\/www.pressenza.com\/pt-pt\/wp-json\/wp\/v2\/posts\/4224","targetHints":{"allow":["GET"]}}],"collection":[{"href":"https:\/\/www.pressenza.com\/pt-pt\/wp-json\/wp\/v2\/posts"}],"about":[{"href":"https:\/\/www.pressenza.com\/pt-pt\/wp-json\/wp\/v2\/types\/post"}],"author":[{"embeddable":true,"href":"https:\/\/www.pressenza.com\/pt-pt\/wp-json\/wp\/v2\/users\/413"}],"replies":[{"embeddable":true,"href":"https:\/\/www.pressenza.com\/pt-pt\/wp-json\/wp\/v2\/comments?post=4224"}],"version-history":[{"count":0,"href":"https:\/\/www.pressenza.com\/pt-pt\/wp-json\/wp\/v2\/posts\/4224\/revisions"}],"wp:attachment":[{"href":"https:\/\/www.pressenza.com\/pt-pt\/wp-json\/wp\/v2\/media?parent=4224"}],"wp:term":[{"taxonomy":"category","embeddable":true,"href":"https:\/\/www.pressenza.com\/pt-pt\/wp-json\/wp\/v2\/categories?post=4224"},{"taxonomy":"post_tag","embeddable":true,"href":"https:\/\/www.pressenza.com\/pt-pt\/wp-json\/wp\/v2\/tags?post=4224"}],"curies":[{"name":"wp","href":"https:\/\/api.w.org\/{rel}","templated":true}]}}