{"id":416878,"date":"2017-01-08T17:58:08","date_gmt":"2017-01-08T17:58:08","guid":{"rendered":"http:\/\/www.pressenza.com\/pt-pt\/?p=416878"},"modified":"2017-01-08T18:20:09","modified_gmt":"2017-01-08T18:20:09","slug":"rio-da-vida-uma-historia-de-luta-e-resistencia","status":"publish","type":"post","link":"https:\/\/www.pressenza.com\/pt-pt\/2017\/01\/rio-da-vida-uma-historia-de-luta-e-resistencia\/","title":{"rendered":"Rio da Vida: Uma hist\u00f3ria de luta e resist\u00eancia"},"content":{"rendered":"<p><em>Por<\/em><strong><em> Julia Mente\/<a href=\"http:\/\/vaidape.com.br\/\" target=\"_blank\">Vaidape<\/a><\/em><\/strong><\/p>\n<p><strong>Com o avan\u00e7o do desmatamento em diferentes regi\u00f5es do Brasil, surpreende saber que a Amaz\u00f4nia chegou ao s\u00e9culo XXI com a maior parte de seu territ\u00f3rio preservado. Desta conquista, grande parte se deve a presen\u00e7a dos povos ind\u00edgenas e tradicionais na regi\u00e3o.<\/strong><\/p>\n<p>Em dez dias de conviv\u00eancia com os Munduruku na aldeia Sawr\u00e9 Muybu, no Baixo Tapaj\u00f3s, o olhar recortado pela c\u00e2mera fotogr\u00e1fica me fez compreender a singularidade daquele local e a necessidade de preserv\u00e1-lo. Em poucos dias foi poss\u00edvel apreender a conex\u00e3o que eles mantinham com a terra e o rio. O conhecimento sobre o pr\u00f3prio territ\u00f3rio era universal, dos mais novos aos mais velhos: conheciam cada curva do rio, igarap\u00e9, animal, seus locais de pesca, de ro\u00e7a, de coleta das formigas sa\u00favas. Seus mitos, contos, e toda a cosmologia milenar da cultura Munduruku s\u00f3 fazem sentido pela exist\u00eancia deles naquele local.<\/p>\n<div id=\"attachment_416800\" class=\"wp-caption alignnone\"><img loading=\"lazy\" decoding=\"async\" aria-describedby=\"caption-attachment-416800\" class=\"size-large wp-image-416800\" src=\"http:\/\/www.pressenza.com\/wp-content\/uploads\/2017\/01\/red-munduruku-julia-mente-vaidape1-720x480.jpg\" alt=\"Foto Julia Mente\/Vaidape\" width=\"720\" height=\"480\" srcset=\"https:\/\/www.pressenza.com\/wp-content\/uploads\/2017\/01\/red-munduruku-julia-mente-vaidape1-720x480.jpg 720w, https:\/\/www.pressenza.com\/wp-content\/uploads\/2017\/01\/red-munduruku-julia-mente-vaidape1-300x200.jpg 300w, https:\/\/www.pressenza.com\/wp-content\/uploads\/2017\/01\/red-munduruku-julia-mente-vaidape1-768x512.jpg 768w, https:\/\/www.pressenza.com\/wp-content\/uploads\/2017\/01\/red-munduruku-julia-mente-vaidape1.jpg 900w\" sizes=\"auto, (max-width: 720px) 100vw, 720px\" \/><p id=\"caption-attachment-416800\" class=\"wp-caption-text\">Foto Julia Mente\/Vaidape<\/p><\/div>\n<p>As crian\u00e7as crescem com uma liberdade que n\u00f3s, da cidade, desconhecemos. Sobem em todas as \u00e1rvores, conhecem todos os p\u00e9s de fruta. Brincam e utilizam da imagina\u00e7\u00e3o para se divertir com coisas inimagin\u00e1veis. Elas cuidam de si naturalmente, sem pais ou adultos por perto. Estes, ocupados com outros afazeres, sempre falam dos filhos quando ressaltam a import\u00e2ncia da luta pela demarca\u00e7\u00e3o. S\u00e3o nessas falas e em suas cartas que se entende a luta di\u00e1ria, o desafio que \u00e9 para eles garantir seu modo de vida, sua terra e o futuro de seus filhos frente a tantas amea\u00e7as. O conv\u00edvio com os Munduruku nos ensina aspectos sobre n\u00f3s mesmos, que foram perdidos e negligenciados dentro da nossa rotina urbana e ca\u00f3tica.<\/p>\n<p>Nesses pequenos registros, pretende-se deixar marcada uma hist\u00f3ria de luta e preserva\u00e7\u00e3o.<\/p>\n<div id=\"attachment_416793\" class=\"wp-caption alignnone\"><img loading=\"lazy\" decoding=\"async\" aria-describedby=\"caption-attachment-416793\" class=\"size-large wp-image-416793\" src=\"http:\/\/www.pressenza.com\/wp-content\/uploads\/2017\/01\/red-munduruku-julia-mente-vaidape2-720x480.jpg\" alt=\"Foto Julia Mente\/Vaidape\" width=\"720\" height=\"480\" srcset=\"https:\/\/www.pressenza.com\/wp-content\/uploads\/2017\/01\/red-munduruku-julia-mente-vaidape2-720x480.jpg 720w, https:\/\/www.pressenza.com\/wp-content\/uploads\/2017\/01\/red-munduruku-julia-mente-vaidape2-300x200.jpg 300w, https:\/\/www.pressenza.com\/wp-content\/uploads\/2017\/01\/red-munduruku-julia-mente-vaidape2-768x512.jpg 768w, https:\/\/www.pressenza.com\/wp-content\/uploads\/2017\/01\/red-munduruku-julia-mente-vaidape2.jpg 900w\" sizes=\"auto, (max-width: 720px) 100vw, 720px\" \/><p id=\"caption-attachment-416793\" class=\"wp-caption-text\">Foto Julia Mente\/Vaidape<\/p><\/div>\n<p>A Amaz\u00f4nia Legal \u00e9 habitada, atualmente, por mais de 173 etnias ind\u00edgenas diferentes, com uma popula\u00e7\u00e3o aproximada de 300 mil pessoas, segundo <a href=\"https:\/\/www.socioambiental.org\/banco_imagens\/pdfs\/Atlas.pdf.pdf\" target=\"_blank\">relat\u00f3rio do Instituto Socioambiental (ISA)<\/a>\u00a0de 2009. O aumento nos n\u00edveis de desmatamento e os projetos de grandes complexos hidrel\u00e9tricos para o bioma representam grandes amea\u00e7as \u00e0 exist\u00eancia destas popula\u00e7\u00f5es e \u00e0 preserva\u00e7\u00e3o de seus territ\u00f3rios e modos de vida. Para barrar os impactos do modelo de desenvolvimento que est\u00e1 instalado na regi\u00e3o, a luta destes povos passa tamb\u00e9m pelo reconhecimento de suas variadas culturas tradicionais, algo que foi, durante muito tempo, ignorado no Brasil. Apenas em 1988, com o apoio da sociedade civil, os direitos dos povos ind\u00edgenas foram assegurados na Constitui\u00e7\u00e3o Federal.<\/p>\n<p>Mais de vinte anos depois, muitos povos ainda encontram barreiras nos processos de demarca\u00e7\u00e3o e prote\u00e7\u00e3o de seus territ\u00f3rios tradicionais. Os impactos de grandes obras na Amaz\u00f4nia, por exemplo, afetam diretamente o territ\u00f3rio e a cultura das popula\u00e7\u00f5es ind\u00edgenas, como foi visto no caso de Belo Monte. Apesar disso, o governo parece seguir apostando cegamente neste modelo de desenvolvimento energ\u00e9tico, ignorando os impactos causados \u00e0 estas popula\u00e7\u00f5es.<\/p>\n<div id=\"attachment_416828\" class=\"wp-caption alignnone\"><img loading=\"lazy\" decoding=\"async\" aria-describedby=\"caption-attachment-416828\" class=\"size-large wp-image-416828\" src=\"http:\/\/www.pressenza.com\/wp-content\/uploads\/2017\/01\/munduruku-julia-mente-vaidape1-702x1024.jpg\" alt=\"Fotos Julia Mente\/Vaidape\" width=\"702\" height=\"1024\" srcset=\"https:\/\/www.pressenza.com\/wp-content\/uploads\/2017\/01\/munduruku-julia-mente-vaidape1-702x1024.jpg 702w, https:\/\/www.pressenza.com\/wp-content\/uploads\/2017\/01\/munduruku-julia-mente-vaidape1-206x300.jpg 206w, https:\/\/www.pressenza.com\/wp-content\/uploads\/2017\/01\/munduruku-julia-mente-vaidape1-768x1120.jpg 768w, https:\/\/www.pressenza.com\/wp-content\/uploads\/2017\/01\/munduruku-julia-mente-vaidape1.jpg 1024w\" sizes=\"auto, (max-width: 702px) 100vw, 702px\" \/><p id=\"caption-attachment-416828\" class=\"wp-caption-text\">Fotos Julia Mente\/Vaidape<\/p><\/div>\n<p><strong>As amea\u00e7as ao Rio Tapaj\u00f3s<\/strong><\/p>\n<p>Essa luta faz parte do cotidiano do povo Munduruku h\u00e1 gera\u00e7\u00f5es. \u00c0s margens do Rio Tapaj\u00f3s \u2013 que em sua l\u00edngua origin\u00e1ria significa \u201cRio da Vida\u201d \u2013 seu territ\u00f3rio ancestral abriga diversas aldeias e uma inestim\u00e1vel biodiversidade. Hoje, s\u00e3o mais de 13 mil mulheres e homens. Um de seus territ\u00f3rios, a Terra Ind\u00edgena Sawr\u00e9 Muybu, no Oeste do Par\u00e1, \u00e9 um local conservado por eles h\u00e1 s\u00e9culos, tornando poss\u00edvel, at\u00e9 hoje, sua sobreviv\u00eancia f\u00edsica e cultural.<\/p>\n<p>Em abril de 2016, a FUNAI publicou um relat\u00f3rio reconhecendo o territ\u00f3rio dos Munduruku e dando prosseguimento ao processo de demarca\u00e7\u00e3o que se iniciou h\u00e1 mais de dez anos. At\u00e9 ent\u00e3o, o processo estava paralisado, sobretudo pelos interesses do governo na instala\u00e7\u00e3o de um complexo hidrel\u00e9trico no Rio Tapaj\u00f3s. Os projetos incluem a implementa\u00e7\u00e3o de pelo menos 40 barragens na bacia. A maior destas, a hidrel\u00e9trica S\u00e3o Luiz do Tapaj\u00f3s, inundaria grande parte da TI Sawr\u00e9 Muybu e for\u00e7aria a remo\u00e7\u00e3o de tr\u00eas aldeias dos Munduruku.<\/p>\n<div id=\"attachment_416786\" class=\"wp-caption alignnone\"><img loading=\"lazy\" decoding=\"async\" aria-describedby=\"caption-attachment-416786\" class=\"size-large wp-image-416786\" src=\"http:\/\/www.pressenza.com\/wp-content\/uploads\/2017\/01\/red-munduruku-julia-mente-vaidape7-720x480.jpg\" alt=\"Foto Julia Mente\/Vaidape\" width=\"720\" height=\"480\" srcset=\"https:\/\/www.pressenza.com\/wp-content\/uploads\/2017\/01\/red-munduruku-julia-mente-vaidape7-720x480.jpg 720w, https:\/\/www.pressenza.com\/wp-content\/uploads\/2017\/01\/red-munduruku-julia-mente-vaidape7-300x200.jpg 300w, https:\/\/www.pressenza.com\/wp-content\/uploads\/2017\/01\/red-munduruku-julia-mente-vaidape7-768x512.jpg 768w, https:\/\/www.pressenza.com\/wp-content\/uploads\/2017\/01\/red-munduruku-julia-mente-vaidape7.jpg 900w\" sizes=\"auto, (max-width: 720px) 100vw, 720px\" \/><p id=\"caption-attachment-416786\" class=\"wp-caption-text\">Foto Julia Mente\/Vaidape<\/p><\/div>\n<p>Ao redor do Tapaj\u00f3s, existem 19 Terras Ind\u00edgenas e dez \u00e1reas de conserva\u00e7\u00e3o, todas amea\u00e7adas pelo projeto. Uma obra do porte de uma usina hidrel\u00e9trica alteraria o fluxo normal de enchente e vazante do rio, comprometendo o equil\u00edbrio e a vida animal ao seu redor. A pesca tamb\u00e9m seria diretamente impactada, comprometendo um dos principais meios de subsist\u00eancia dos povos e comunidades da regi\u00e3o.<\/p>\n<p>Toda a cultura ind\u00edgena Munduruku est\u00e1 diretamente relacionada com o territ\u00f3rio que ocupam. Suas cren\u00e7as, hist\u00f3rias e locais sagrados, repassados de gera\u00e7\u00e3o em gera\u00e7\u00e3o, se estendem por toda terra ind\u00edgena. A remo\u00e7\u00e3o for\u00e7ada deste povo seria uma das maiores viola\u00e7\u00f5es aos seus direitos, contrariando diretamente a Constitui\u00e7\u00e3o Federal, que impede a remo\u00e7\u00e3o dos povos ind\u00edgenas de suas terras tradicionais. N\u00e3o surpreende que os estudos de impacto ambiental encomendados pelas empresas proponentes da obra, tenham sido duramente criticados em <a href=\"http:\/\/greenpeace.org.br\/tapajos\/docs\/analise-eia-rima.pdf\" target=\"_blank\">relat\u00f3rio do Greenpeace<\/a>, por ignorar e minimizar o componente ind\u00edgena.<\/p>\n<div id=\"attachment_416779\" class=\"wp-caption alignnone\"><img loading=\"lazy\" decoding=\"async\" aria-describedby=\"caption-attachment-416779\" class=\"size-large wp-image-416779\" src=\"http:\/\/www.pressenza.com\/wp-content\/uploads\/2017\/01\/red-munduruku-julia-mente-vaidape8-720x480.jpg\" alt=\"Foto Julia Mente\/Vaidape\" width=\"720\" height=\"480\" srcset=\"https:\/\/www.pressenza.com\/wp-content\/uploads\/2017\/01\/red-munduruku-julia-mente-vaidape8-720x480.jpg 720w, https:\/\/www.pressenza.com\/wp-content\/uploads\/2017\/01\/red-munduruku-julia-mente-vaidape8-300x200.jpg 300w, https:\/\/www.pressenza.com\/wp-content\/uploads\/2017\/01\/red-munduruku-julia-mente-vaidape8-768x512.jpg 768w, https:\/\/www.pressenza.com\/wp-content\/uploads\/2017\/01\/red-munduruku-julia-mente-vaidape8.jpg 900w\" sizes=\"auto, (max-width: 720px) 100vw, 720px\" \/><p id=\"caption-attachment-416779\" class=\"wp-caption-text\">Foto Julia Mente\/Vaidape<\/p><\/div>\n<div id=\"attachment_416821\" class=\"wp-caption alignnone\"><img loading=\"lazy\" decoding=\"async\" aria-describedby=\"caption-attachment-416821\" class=\"size-large wp-image-416821\" src=\"http:\/\/www.pressenza.com\/wp-content\/uploads\/2017\/01\/munduruku-julia-mente-vaidape2-720x510.jpg\" alt=\"Fotos Julia Mente\/Vaidape\" width=\"720\" height=\"510\" srcset=\"https:\/\/www.pressenza.com\/wp-content\/uploads\/2017\/01\/munduruku-julia-mente-vaidape2-720x510.jpg 720w, https:\/\/www.pressenza.com\/wp-content\/uploads\/2017\/01\/munduruku-julia-mente-vaidape2-300x212.jpg 300w, https:\/\/www.pressenza.com\/wp-content\/uploads\/2017\/01\/munduruku-julia-mente-vaidape2-768x544.jpg 768w, https:\/\/www.pressenza.com\/wp-content\/uploads\/2017\/01\/munduruku-julia-mente-vaidape2.jpg 1024w\" sizes=\"auto, (max-width: 720px) 100vw, 720px\" \/><p id=\"caption-attachment-416821\" class=\"wp-caption-text\">Fotos Julia Mente\/Vaidape<\/p><\/div>\n<p><strong>Vit\u00f3ria dos Munduruku<\/strong><\/p>\n<p>Mesmo frente a todas essas amea\u00e7as, os Munduruku reafirmam sua for\u00e7a, uni\u00e3o e capacidade de organiza\u00e7\u00e3o pol\u00edtica. Conhecidos historicamente como um povo guerreiro, por muitos anos eles conseguiram proteger suas terras das mais diversas amea\u00e7as \u2013 primeiro trazidas pela coloniza\u00e7\u00e3o e pela extra\u00e7\u00e3o de borracha, depois pela explora\u00e7\u00e3o madeireira e pelo garimpo. Nos \u00faltimos 30 anos, somaram-se a essas amea\u00e7as, os projetos do governo de barrar o Rio Tapaj\u00f3s.<\/p>\n<p>Em agosto deste ano, o projeto da Hidrel\u00e9trica S\u00e3o Luiz do Tapaj\u00f3s foi arquivado pelo Ibama. Com essa vit\u00f3ria, a luta dos Munduruku se fortalece para enfrentar as pr\u00f3ximas batalhas, uma vez que ainda existem outras 42 hidrel\u00e9tricas planejadas para a bacia. Frente aos diversos retrocessos do governo e o avan\u00e7o das press\u00f5es do setor produtivo, eles mant\u00e9m sua resist\u00eancia e continuam lutando por seus direitos.<\/p>\n<div id=\"attachment_416772\" class=\"wp-caption alignnone\"><img loading=\"lazy\" decoding=\"async\" aria-describedby=\"caption-attachment-416772\" class=\"size-large wp-image-416772\" src=\"http:\/\/www.pressenza.com\/wp-content\/uploads\/2017\/01\/red-munduruku-julia-mente-vaidape12-683x1024.jpg\" alt=\"Foto Julia Mente\/Vaidape\" width=\"683\" height=\"1024\" srcset=\"https:\/\/www.pressenza.com\/wp-content\/uploads\/2017\/01\/red-munduruku-julia-mente-vaidape12-683x1024.jpg 683w, https:\/\/www.pressenza.com\/wp-content\/uploads\/2017\/01\/red-munduruku-julia-mente-vaidape12-200x300.jpg 200w, https:\/\/www.pressenza.com\/wp-content\/uploads\/2017\/01\/red-munduruku-julia-mente-vaidape12-768x1152.jpg 768w, https:\/\/www.pressenza.com\/wp-content\/uploads\/2017\/01\/red-munduruku-julia-mente-vaidape12.jpg 900w\" sizes=\"auto, (max-width: 683px) 100vw, 683px\" \/><p id=\"caption-attachment-416772\" class=\"wp-caption-text\">Foto Julia Mente\/Vaidape<\/p><\/div>\n<p>No dia 29 de novembro, as lideran\u00e7as Munduruku viajaram at\u00e9 Bras\u00edlia para realizar <a href=\"http:\/\/www.greenpeace.org\/brasil\/pt\/Noticias\/Demarcacao-Ja-indigenas-Munduruku-protestam-pela-garantia-e-protecao-de-seu-territorio\/\" target=\"_blank\">um protesto <\/a>em frente ao Pal\u00e1cio da Justi\u00e7a. Mais de 80 ind\u00edgenas estiveram presentes para pedir a demarca\u00e7\u00e3o da TI Sawr\u00e9 Muybu. Os manifestantes fincaram 180 flechas no local para representar o prazo \u2013 j\u00e1 expirado \u2013 que o Minist\u00e9rio da Justi\u00e7a tinha para declarar ou n\u00e3o a demarca\u00e7\u00e3o.<\/p>\n<p>Cansados de esperar pelas a\u00e7\u00f5es do governo e como forma de proteger seu territ\u00f3rio das invas\u00e3o de madeireiros, grileiros e garimpeiros, os Munduruku realizaram, em 2014, a autodemarca\u00e7\u00e3o do seu territ\u00f3rio, fincando placas em todos os limites dos 178 mil hectares da \u00e1rea historicamente ocupada por eles.<\/p>\n<p>As Terras Ind\u00edgenas s\u00e3o essenciais para garantir o modo de vida dos povos origin\u00e1rios e permitir que eles vivam livres das amea\u00e7as externas, principalmente trazidas pela explora\u00e7\u00e3o comercial da Amaz\u00f4nia. O direito a estes locais assegura a reprodu\u00e7\u00e3o f\u00edsica e cultural destes povos, sendo uma das principais ferramentas legais de prote\u00e7\u00e3o. Segundo os <a href=\"http:\/\/www.cimi.org.br\/pub\/relatorio2015\/relatoriodados2015.pdf\" target=\"_blank\">dados do Conselho Indigenista Mission\u00e1rio (CIMI)<\/a> divulgados em 2015, existem 63 terras ind\u00edgenas aguardando a homologa\u00e7\u00e3o pela presid\u00eancia da rep\u00fablica, 47 aguardando a declara\u00e7\u00e3o do Minist\u00e9rio da Justi\u00e7a (assim como os Munduruku), e mais 175 terras ind\u00edgenas esperando a publica\u00e7\u00e3o do relat\u00f3rio da FUNAI.<\/p>\n<div id=\"attachment_416814\" class=\"wp-caption alignnone\"><img loading=\"lazy\" decoding=\"async\" aria-describedby=\"caption-attachment-416814\" class=\"size-large wp-image-416814\" src=\"http:\/\/www.pressenza.com\/wp-content\/uploads\/2017\/01\/munduruku-julia-mente-vaidape3-578x1024.jpg\" alt=\"Fotos Julia Mente\/Vaidape\" width=\"578\" height=\"1024\" srcset=\"https:\/\/www.pressenza.com\/wp-content\/uploads\/2017\/01\/munduruku-julia-mente-vaidape3-578x1024.jpg 578w, https:\/\/www.pressenza.com\/wp-content\/uploads\/2017\/01\/munduruku-julia-mente-vaidape3-169x300.jpg 169w, https:\/\/www.pressenza.com\/wp-content\/uploads\/2017\/01\/munduruku-julia-mente-vaidape3-768x1361.jpg 768w, https:\/\/www.pressenza.com\/wp-content\/uploads\/2017\/01\/munduruku-julia-mente-vaidape3.jpg 995w\" sizes=\"auto, (max-width: 578px) 100vw, 578px\" \/><p id=\"caption-attachment-416814\" class=\"wp-caption-text\">Fotos Julia Mente\/Vaidape<\/p><\/div>\n","protected":false},"excerpt":{"rendered":"<p>Por Julia Mente\/Vaidape Com o avan\u00e7o do desmatamento em diferentes regi\u00f5es do Brasil, surpreende saber que a Amaz\u00f4nia chegou ao s\u00e9culo XXI com a maior parte de seu territ\u00f3rio preservado. Desta conquista, grande parte se deve a presen\u00e7a dos povos&hellip;<\/p>\n","protected":false},"author":44,"featured_media":416813,"comment_status":"closed","ping_status":"closed","sticky":false,"template":"","format":"standard","meta":{"footnotes":""},"categories":[104,117,116,5756,165],"tags":[11757,5243,24635,2744,5204,5323,33011,34084,18507],"class_list":["post-416878","post","type-post","status-publish","format-standard","has-post-thumbnail","hentry","category-america-do-sul","category-povos-originarios","category-direitos-humanos","category-foto-reportagem","category-opiniao","tag-amazonas","tag-amazonia","tag-assuntos-indigenas","tag-brasil","tag-direitos-humanos","tag-indigenas","tag-povos-originarios","tag-tapajos","tag-territorios"],"yoast_head":"<!-- This site is optimized with the Yoast SEO plugin v27.1.1 - https:\/\/yoast.com\/product\/yoast-seo-wordpress\/ -->\n<title>Rio da Vida: Uma hist\u00f3ria de luta e resist\u00eancia<\/title>\n<meta name=\"description\" content=\"Por Julia Mente\/Vaidape Com o avan\u00e7o do desmatamento em diferentes regi\u00f5es do Brasil, surpreende saber que a Amaz\u00f4nia chegou ao s\u00e9culo XXI com a maior\" \/>\n<meta name=\"robots\" content=\"index, follow, max-snippet:-1, max-image-preview:large, max-video-preview:-1\" \/>\n<link rel=\"canonical\" href=\"https:\/\/www.pressenza.com\/pt-pt\/2017\/01\/rio-da-vida-uma-historia-de-luta-e-resistencia\/\" \/>\n<meta property=\"og:locale\" content=\"pt_PT\" \/>\n<meta property=\"og:type\" content=\"article\" \/>\n<meta property=\"og:title\" content=\"Rio da Vida: Uma hist\u00f3ria de luta e resist\u00eancia\" \/>\n<meta property=\"og:description\" content=\"Por Julia Mente\/Vaidape Com o avan\u00e7o do desmatamento em diferentes regi\u00f5es do Brasil, surpreende saber que a Amaz\u00f4nia chegou ao s\u00e9culo XXI com a maior\" \/>\n<meta property=\"og:url\" content=\"https:\/\/www.pressenza.com\/pt-pt\/2017\/01\/rio-da-vida-uma-historia-de-luta-e-resistencia\/\" \/>\n<meta property=\"og:site_name\" content=\"Pressenza\" \/>\n<meta property=\"article:publisher\" content=\"https:\/\/www.facebook.com\/PressenzaItalia\" \/>\n<meta property=\"article:author\" content=\"https:\/\/www.facebook.com\/PressenzaPortugues\" \/>\n<meta property=\"article:published_time\" content=\"2017-01-08T17:58:08+00:00\" \/>\n<meta property=\"article:modified_time\" content=\"2017-01-08T18:20:09+00:00\" \/>\n<meta property=\"og:image\" content=\"https:\/\/www.pressenza.com\/wp-content\/uploads\/2017\/01\/red-munduruku-julia-mente-vaidape.jpg\" \/>\n\t<meta property=\"og:image:width\" content=\"1024\" \/>\n\t<meta property=\"og:image:height\" content=\"336\" \/>\n\t<meta property=\"og:image:type\" content=\"image\/jpeg\" \/>\n<meta name=\"author\" content=\"Reda\u00e7\u00e3o S\u00e3o Paulo\" \/>\n<meta name=\"twitter:card\" content=\"summary_large_image\" \/>\n<meta name=\"twitter:creator\" content=\"@pressenza_pt\" \/>\n<meta name=\"twitter:site\" content=\"@PressenzaIPA\" \/>\n<meta name=\"twitter:label1\" content=\"Escrito por\" \/>\n\t<meta name=\"twitter:data1\" content=\"Reda\u00e7\u00e3o S\u00e3o Paulo\" \/>\n\t<meta name=\"twitter:label2\" content=\"Tempo estimado de leitura\" \/>\n\t<meta name=\"twitter:data2\" content=\"7 minutos\" \/>\n<script type=\"application\/ld+json\" class=\"yoast-schema-graph\">{\"@context\":\"https:\/\/schema.org\",\"@graph\":[{\"@type\":\"Article\",\"@id\":\"https:\/\/www.pressenza.com\/pt-pt\/2017\/01\/rio-da-vida-uma-historia-de-luta-e-resistencia\/#article\",\"isPartOf\":{\"@id\":\"https:\/\/www.pressenza.com\/pt-pt\/2017\/01\/rio-da-vida-uma-historia-de-luta-e-resistencia\/\"},\"author\":{\"name\":\"Reda\u00e7\u00e3o S\u00e3o Paulo\",\"@id\":\"https:\/\/www.pressenza.com\/pt-pt\/#\/schema\/person\/d171826afb7693cfc394da95892bfd93\"},\"headline\":\"Rio da Vida: Uma hist\u00f3ria de luta e resist\u00eancia\",\"datePublished\":\"2017-01-08T17:58:08+00:00\",\"dateModified\":\"2017-01-08T18:20:09+00:00\",\"mainEntityOfPage\":{\"@id\":\"https:\/\/www.pressenza.com\/pt-pt\/2017\/01\/rio-da-vida-uma-historia-de-luta-e-resistencia\/\"},\"wordCount\":1364,\"publisher\":{\"@id\":\"https:\/\/www.pressenza.com\/pt-pt\/#organization\"},\"image\":{\"@id\":\"https:\/\/www.pressenza.com\/pt-pt\/2017\/01\/rio-da-vida-uma-historia-de-luta-e-resistencia\/#primaryimage\"},\"thumbnailUrl\":\"https:\/\/www.pressenza.com\/wp-content\/uploads\/2017\/01\/red-munduruku-julia-mente-vaidape.jpg\",\"keywords\":[\"Amazonas\",\"amazonia\",\"assuntos ind\u00edgenas\",\"Brasil\",\"direitos humanos\",\"indigenas\",\"povos originarios\",\"Tapaj\u00f3s\",\"territorios\"],\"articleSection\":[\"\u00c1m\u00e9rica do Sul\",\"Assuntos ind\u00edgenas\",\"Direitos Humanos\",\"Foto reportagem\",\"Opini\u00e3o\"],\"inLanguage\":\"pt-PT\"},{\"@type\":\"WebPage\",\"@id\":\"https:\/\/www.pressenza.com\/pt-pt\/2017\/01\/rio-da-vida-uma-historia-de-luta-e-resistencia\/\",\"url\":\"https:\/\/www.pressenza.com\/pt-pt\/2017\/01\/rio-da-vida-uma-historia-de-luta-e-resistencia\/\",\"name\":\"Rio da Vida: Uma hist\u00f3ria de luta e resist\u00eancia\",\"isPartOf\":{\"@id\":\"https:\/\/www.pressenza.com\/pt-pt\/#website\"},\"primaryImageOfPage\":{\"@id\":\"https:\/\/www.pressenza.com\/pt-pt\/2017\/01\/rio-da-vida-uma-historia-de-luta-e-resistencia\/#primaryimage\"},\"image\":{\"@id\":\"https:\/\/www.pressenza.com\/pt-pt\/2017\/01\/rio-da-vida-uma-historia-de-luta-e-resistencia\/#primaryimage\"},\"thumbnailUrl\":\"https:\/\/www.pressenza.com\/wp-content\/uploads\/2017\/01\/red-munduruku-julia-mente-vaidape.jpg\",\"datePublished\":\"2017-01-08T17:58:08+00:00\",\"dateModified\":\"2017-01-08T18:20:09+00:00\",\"description\":\"Por Julia Mente\/Vaidape Com o avan\u00e7o do desmatamento em diferentes regi\u00f5es do Brasil, surpreende saber que a Amaz\u00f4nia chegou ao s\u00e9culo XXI com a maior\",\"breadcrumb\":{\"@id\":\"https:\/\/www.pressenza.com\/pt-pt\/2017\/01\/rio-da-vida-uma-historia-de-luta-e-resistencia\/#breadcrumb\"},\"inLanguage\":\"pt-PT\",\"potentialAction\":[{\"@type\":\"ReadAction\",\"target\":[\"https:\/\/www.pressenza.com\/pt-pt\/2017\/01\/rio-da-vida-uma-historia-de-luta-e-resistencia\/\"]}]},{\"@type\":\"ImageObject\",\"inLanguage\":\"pt-PT\",\"@id\":\"https:\/\/www.pressenza.com\/pt-pt\/2017\/01\/rio-da-vida-uma-historia-de-luta-e-resistencia\/#primaryimage\",\"url\":\"https:\/\/www.pressenza.com\/wp-content\/uploads\/2017\/01\/red-munduruku-julia-mente-vaidape.jpg\",\"contentUrl\":\"https:\/\/www.pressenza.com\/wp-content\/uploads\/2017\/01\/red-munduruku-julia-mente-vaidape.jpg\",\"width\":1024,\"height\":336},{\"@type\":\"BreadcrumbList\",\"@id\":\"https:\/\/www.pressenza.com\/pt-pt\/2017\/01\/rio-da-vida-uma-historia-de-luta-e-resistencia\/#breadcrumb\",\"itemListElement\":[{\"@type\":\"ListItem\",\"position\":1,\"name\":\"Accueil\",\"item\":\"https:\/\/www.pressenza.com\/pt-pt\/\"},{\"@type\":\"ListItem\",\"position\":2,\"name\":\"Rio da Vida: Uma hist\u00f3ria de luta e resist\u00eancia\"}]},{\"@type\":\"WebSite\",\"@id\":\"https:\/\/www.pressenza.com\/pt-pt\/#website\",\"url\":\"https:\/\/www.pressenza.com\/pt-pt\/\",\"name\":\"Pressenza\",\"description\":\"International Press Agency\",\"publisher\":{\"@id\":\"https:\/\/www.pressenza.com\/pt-pt\/#organization\"},\"potentialAction\":[{\"@type\":\"SearchAction\",\"target\":{\"@type\":\"EntryPoint\",\"urlTemplate\":\"https:\/\/www.pressenza.com\/pt-pt\/?s={search_term_string}\"},\"query-input\":{\"@type\":\"PropertyValueSpecification\",\"valueRequired\":true,\"valueName\":\"search_term_string\"}}],\"inLanguage\":\"pt-PT\"},{\"@type\":\"Organization\",\"@id\":\"https:\/\/www.pressenza.com\/pt-pt\/#organization\",\"name\":\"Pressenza\",\"url\":\"https:\/\/www.pressenza.com\/pt-pt\/\",\"logo\":{\"@type\":\"ImageObject\",\"inLanguage\":\"pt-PT\",\"@id\":\"https:\/\/www.pressenza.com\/pt-pt\/#\/schema\/logo\/image\/\",\"url\":\"https:\/\/www.pressenza.com\/wp-content\/uploads\/2022\/10\/pressenza_logo_200x200.jpg\",\"contentUrl\":\"https:\/\/www.pressenza.com\/wp-content\/uploads\/2022\/10\/pressenza_logo_200x200.jpg\",\"width\":200,\"height\":200,\"caption\":\"Pressenza\"},\"image\":{\"@id\":\"https:\/\/www.pressenza.com\/pt-pt\/#\/schema\/logo\/image\/\"},\"sameAs\":[\"https:\/\/www.facebook.com\/PressenzaItalia\",\"https:\/\/x.com\/PressenzaIPA\"]},{\"@type\":\"Person\",\"@id\":\"https:\/\/www.pressenza.com\/pt-pt\/#\/schema\/person\/d171826afb7693cfc394da95892bfd93\",\"name\":\"Reda\u00e7\u00e3o S\u00e3o Paulo\",\"description\":\"News from the Pressenza bureau in Sao Paulo, Brazil\",\"sameAs\":[\"https:\/\/www.facebook.com\/PressenzaPortugues\",\"https:\/\/x.com\/pressenza_pt\"],\"url\":\"https:\/\/www.pressenza.com\/pt-pt\/author\/redaccao-sao-paulo\/\"}]}<\/script>\n<!-- \/ Yoast SEO plugin. -->","yoast_head_json":{"title":"Rio da Vida: Uma hist\u00f3ria de luta e resist\u00eancia","description":"Por Julia Mente\/Vaidape Com o avan\u00e7o do desmatamento em diferentes regi\u00f5es do Brasil, surpreende saber que a Amaz\u00f4nia chegou ao s\u00e9culo XXI com a maior","robots":{"index":"index","follow":"follow","max-snippet":"max-snippet:-1","max-image-preview":"max-image-preview:large","max-video-preview":"max-video-preview:-1"},"canonical":"https:\/\/www.pressenza.com\/pt-pt\/2017\/01\/rio-da-vida-uma-historia-de-luta-e-resistencia\/","og_locale":"pt_PT","og_type":"article","og_title":"Rio da Vida: Uma hist\u00f3ria de luta e resist\u00eancia","og_description":"Por Julia Mente\/Vaidape Com o avan\u00e7o do desmatamento em diferentes regi\u00f5es do Brasil, surpreende saber que a Amaz\u00f4nia chegou ao s\u00e9culo XXI com a maior","og_url":"https:\/\/www.pressenza.com\/pt-pt\/2017\/01\/rio-da-vida-uma-historia-de-luta-e-resistencia\/","og_site_name":"Pressenza","article_publisher":"https:\/\/www.facebook.com\/PressenzaItalia","article_author":"https:\/\/www.facebook.com\/PressenzaPortugues","article_published_time":"2017-01-08T17:58:08+00:00","article_modified_time":"2017-01-08T18:20:09+00:00","og_image":[{"width":1024,"height":336,"url":"https:\/\/www.pressenza.com\/wp-content\/uploads\/2017\/01\/red-munduruku-julia-mente-vaidape.jpg","type":"image\/jpeg"}],"author":"Reda\u00e7\u00e3o S\u00e3o Paulo","twitter_card":"summary_large_image","twitter_creator":"@pressenza_pt","twitter_site":"@PressenzaIPA","twitter_misc":{"Escrito por":"Reda\u00e7\u00e3o S\u00e3o Paulo","Tempo estimado de leitura":"7 minutos"},"schema":{"@context":"https:\/\/schema.org","@graph":[{"@type":"Article","@id":"https:\/\/www.pressenza.com\/pt-pt\/2017\/01\/rio-da-vida-uma-historia-de-luta-e-resistencia\/#article","isPartOf":{"@id":"https:\/\/www.pressenza.com\/pt-pt\/2017\/01\/rio-da-vida-uma-historia-de-luta-e-resistencia\/"},"author":{"name":"Reda\u00e7\u00e3o S\u00e3o Paulo","@id":"https:\/\/www.pressenza.com\/pt-pt\/#\/schema\/person\/d171826afb7693cfc394da95892bfd93"},"headline":"Rio da Vida: Uma hist\u00f3ria de luta e resist\u00eancia","datePublished":"2017-01-08T17:58:08+00:00","dateModified":"2017-01-08T18:20:09+00:00","mainEntityOfPage":{"@id":"https:\/\/www.pressenza.com\/pt-pt\/2017\/01\/rio-da-vida-uma-historia-de-luta-e-resistencia\/"},"wordCount":1364,"publisher":{"@id":"https:\/\/www.pressenza.com\/pt-pt\/#organization"},"image":{"@id":"https:\/\/www.pressenza.com\/pt-pt\/2017\/01\/rio-da-vida-uma-historia-de-luta-e-resistencia\/#primaryimage"},"thumbnailUrl":"https:\/\/www.pressenza.com\/wp-content\/uploads\/2017\/01\/red-munduruku-julia-mente-vaidape.jpg","keywords":["Amazonas","amazonia","assuntos ind\u00edgenas","Brasil","direitos humanos","indigenas","povos originarios","Tapaj\u00f3s","territorios"],"articleSection":["\u00c1m\u00e9rica do Sul","Assuntos ind\u00edgenas","Direitos Humanos","Foto reportagem","Opini\u00e3o"],"inLanguage":"pt-PT"},{"@type":"WebPage","@id":"https:\/\/www.pressenza.com\/pt-pt\/2017\/01\/rio-da-vida-uma-historia-de-luta-e-resistencia\/","url":"https:\/\/www.pressenza.com\/pt-pt\/2017\/01\/rio-da-vida-uma-historia-de-luta-e-resistencia\/","name":"Rio da Vida: Uma hist\u00f3ria de luta e resist\u00eancia","isPartOf":{"@id":"https:\/\/www.pressenza.com\/pt-pt\/#website"},"primaryImageOfPage":{"@id":"https:\/\/www.pressenza.com\/pt-pt\/2017\/01\/rio-da-vida-uma-historia-de-luta-e-resistencia\/#primaryimage"},"image":{"@id":"https:\/\/www.pressenza.com\/pt-pt\/2017\/01\/rio-da-vida-uma-historia-de-luta-e-resistencia\/#primaryimage"},"thumbnailUrl":"https:\/\/www.pressenza.com\/wp-content\/uploads\/2017\/01\/red-munduruku-julia-mente-vaidape.jpg","datePublished":"2017-01-08T17:58:08+00:00","dateModified":"2017-01-08T18:20:09+00:00","description":"Por Julia Mente\/Vaidape Com o avan\u00e7o do desmatamento em diferentes regi\u00f5es do Brasil, surpreende saber que a Amaz\u00f4nia chegou ao s\u00e9culo XXI com a maior","breadcrumb":{"@id":"https:\/\/www.pressenza.com\/pt-pt\/2017\/01\/rio-da-vida-uma-historia-de-luta-e-resistencia\/#breadcrumb"},"inLanguage":"pt-PT","potentialAction":[{"@type":"ReadAction","target":["https:\/\/www.pressenza.com\/pt-pt\/2017\/01\/rio-da-vida-uma-historia-de-luta-e-resistencia\/"]}]},{"@type":"ImageObject","inLanguage":"pt-PT","@id":"https:\/\/www.pressenza.com\/pt-pt\/2017\/01\/rio-da-vida-uma-historia-de-luta-e-resistencia\/#primaryimage","url":"https:\/\/www.pressenza.com\/wp-content\/uploads\/2017\/01\/red-munduruku-julia-mente-vaidape.jpg","contentUrl":"https:\/\/www.pressenza.com\/wp-content\/uploads\/2017\/01\/red-munduruku-julia-mente-vaidape.jpg","width":1024,"height":336},{"@type":"BreadcrumbList","@id":"https:\/\/www.pressenza.com\/pt-pt\/2017\/01\/rio-da-vida-uma-historia-de-luta-e-resistencia\/#breadcrumb","itemListElement":[{"@type":"ListItem","position":1,"name":"Accueil","item":"https:\/\/www.pressenza.com\/pt-pt\/"},{"@type":"ListItem","position":2,"name":"Rio da Vida: Uma hist\u00f3ria de luta e resist\u00eancia"}]},{"@type":"WebSite","@id":"https:\/\/www.pressenza.com\/pt-pt\/#website","url":"https:\/\/www.pressenza.com\/pt-pt\/","name":"Pressenza","description":"International Press Agency","publisher":{"@id":"https:\/\/www.pressenza.com\/pt-pt\/#organization"},"potentialAction":[{"@type":"SearchAction","target":{"@type":"EntryPoint","urlTemplate":"https:\/\/www.pressenza.com\/pt-pt\/?s={search_term_string}"},"query-input":{"@type":"PropertyValueSpecification","valueRequired":true,"valueName":"search_term_string"}}],"inLanguage":"pt-PT"},{"@type":"Organization","@id":"https:\/\/www.pressenza.com\/pt-pt\/#organization","name":"Pressenza","url":"https:\/\/www.pressenza.com\/pt-pt\/","logo":{"@type":"ImageObject","inLanguage":"pt-PT","@id":"https:\/\/www.pressenza.com\/pt-pt\/#\/schema\/logo\/image\/","url":"https:\/\/www.pressenza.com\/wp-content\/uploads\/2022\/10\/pressenza_logo_200x200.jpg","contentUrl":"https:\/\/www.pressenza.com\/wp-content\/uploads\/2022\/10\/pressenza_logo_200x200.jpg","width":200,"height":200,"caption":"Pressenza"},"image":{"@id":"https:\/\/www.pressenza.com\/pt-pt\/#\/schema\/logo\/image\/"},"sameAs":["https:\/\/www.facebook.com\/PressenzaItalia","https:\/\/x.com\/PressenzaIPA"]},{"@type":"Person","@id":"https:\/\/www.pressenza.com\/pt-pt\/#\/schema\/person\/d171826afb7693cfc394da95892bfd93","name":"Reda\u00e7\u00e3o S\u00e3o Paulo","description":"News from the Pressenza bureau in Sao Paulo, Brazil","sameAs":["https:\/\/www.facebook.com\/PressenzaPortugues","https:\/\/x.com\/pressenza_pt"],"url":"https:\/\/www.pressenza.com\/pt-pt\/author\/redaccao-sao-paulo\/"}]}},"place":"Amazonas, Brasil","original_article_url":"http:\/\/vaidape.com.br\/2016\/12\/rio-da-vida-uma-historia-de-luta-e-resistencia\/?#","_links":{"self":[{"href":"https:\/\/www.pressenza.com\/pt-pt\/wp-json\/wp\/v2\/posts\/416878","targetHints":{"allow":["GET"]}}],"collection":[{"href":"https:\/\/www.pressenza.com\/pt-pt\/wp-json\/wp\/v2\/posts"}],"about":[{"href":"https:\/\/www.pressenza.com\/pt-pt\/wp-json\/wp\/v2\/types\/post"}],"author":[{"embeddable":true,"href":"https:\/\/www.pressenza.com\/pt-pt\/wp-json\/wp\/v2\/users\/44"}],"replies":[{"embeddable":true,"href":"https:\/\/www.pressenza.com\/pt-pt\/wp-json\/wp\/v2\/comments?post=416878"}],"version-history":[{"count":0,"href":"https:\/\/www.pressenza.com\/pt-pt\/wp-json\/wp\/v2\/posts\/416878\/revisions"}],"wp:featuredmedia":[{"embeddable":true,"href":"https:\/\/www.pressenza.com\/pt-pt\/wp-json\/wp\/v2\/media\/416813"}],"wp:attachment":[{"href":"https:\/\/www.pressenza.com\/pt-pt\/wp-json\/wp\/v2\/media?parent=416878"}],"wp:term":[{"taxonomy":"category","embeddable":true,"href":"https:\/\/www.pressenza.com\/pt-pt\/wp-json\/wp\/v2\/categories?post=416878"},{"taxonomy":"post_tag","embeddable":true,"href":"https:\/\/www.pressenza.com\/pt-pt\/wp-json\/wp\/v2\/tags?post=416878"}],"curies":[{"name":"wp","href":"https:\/\/api.w.org\/{rel}","templated":true}]}}