{"id":416123,"date":"2017-01-05T20:08:52","date_gmt":"2017-01-05T20:08:52","guid":{"rendered":"http:\/\/www.pressenza.com\/pt-pt\/?p=416123"},"modified":"2017-01-05T20:08:52","modified_gmt":"2017-01-05T20:08:52","slug":"opiniao-sete-verdades-sobre-o-conflito-na-siria","status":"publish","type":"post","link":"https:\/\/www.pressenza.com\/pt-pt\/2017\/01\/opiniao-sete-verdades-sobre-o-conflito-na-siria\/","title":{"rendered":"Opini\u00e3o: Sete verdades sobre o conflito na S\u00edria"},"content":{"rendered":"<p>Por Igor Fuser, publicado por <a href=\"https:\/\/www.brasildefato.com.br\/2016\/12\/23\/opiniao-sete-verdades-sobre-o-conflito-na-siria\/\" target=\"_blank\">Brasil de Fato<\/a><\/p>\n<p>Com a melhor das inten\u00e7\u00f5es e a maior inoc\u00eancia, muitos brasileiros com posi\u00e7\u00f5es progressistas t\u00eam se deixado levar pelas informa\u00e7\u00f5es deformadas sobre a situa\u00e7\u00e3o na S\u00edria que nos chegam por meio da m\u00eddia pr\u00f3-imperialista. A isso se soma a postura delirante de certos grupos de ultraesquerda que tomam partido, naquele conflito, exatamente do mesmo lado que os Estados Unidos, a Otan e os terroristas psicopatas do Estado Isl\u00e2mico, espalhando pelas redes sociais, de forma acr\u00edtica, as vers\u00f5es dos propagandistas do Imp\u00e9rio. Uma pol\u00eamica se instala em setores da esquerda brasileira a partir de uma falsa quest\u00e3o: apoiar ou n\u00e3o o regime de Bashir Assad.<\/p>\n<p>Em rela\u00e7\u00e3o a isso \u00e9 importante, antes de qualquer coisa, desconstruir a fraude manique\u00edsta veiculada pela m\u00eddia, que reduz um conflito extremamente complexo a um jogo de videogame onde se situam, de um lado, os \u201crebeldes\u201d do bem, acompanhados dos civis indefesos que os apoiam, e do outro, os carniceiros do governo s\u00edrio, com seus russos desalmados.<\/p>\n<p>Resumidamente, alguns pontos devem ficar claros, para que se entenda corretamente o que est\u00e1 acontecendo na S\u00edria.<\/p>\n<p>1. N\u00e3o existe uma \u201crevolu\u00e7\u00e3o s\u00edria\u201d. Se, no in\u00edcio, em 2011, havia for\u00e7as pol\u00edticas sinceramente interessadas em democratizar o pa\u00eds, elas h\u00e1 muito tempo desapareceram de cena, engolidas pelo que \u00e9 na realidade uma rebeli\u00e3o \u00e9tnico-religiosa, conservadora, de car\u00e1ter isl\u00e2mico fundamentalista.<\/p>\n<p>2. Os EUA e seus aliados \u00e1rabes (principalmente o Catar e a Ar\u00e1bia Saudita) s\u00e3o os grandes culpados, por terem armado, financiado e treinado os combatentes fundamentalistas, usados como bucha de canh\u00e3o no plano de Washington (formulado alguns anos antes) de se livrar de Assad, \u00faltimo remanescente da velha onda de governantes \u00e1rabes nacionalistas, tais como Kadafi na L\u00edbia e Saddam Hussein no Iraque.<\/p>\n<p>3. O regime de Assad \u00e9 de fato uma ditadura (numa regi\u00e3o onde \u00e9 preciso procurar com uma lupa para encontrar, aqui e ali, algum fiapo de democracia), mas \u00e9 um regime laico, tolerante em rela\u00e7\u00e3o \u00e0 diversidade \u00e9tnico-religiosa do pa\u00eds, defensor dos direitos da mulher, e independente do ponto de vista geopol\u00edtico. Sua sobreviv\u00eancia, no atual contexto, \u00e9 a \u00fanica garantia de manuten\u00e7\u00e3o da integridade pol\u00edtica e territorial da S\u00edria diante da estrat\u00e9gia imperialista de implodir e fracionar, sempre que poss\u00edvel, os Estados nacionais com potencial de se contrapor \u00e0 hegemonia estadunidense, em qualquer regi\u00e3o do mundo. \u00c9 o que j\u00e1 fizeram na Iugosl\u00e1via, no Iraque, na L\u00edbia.<\/p>\n<p>4. Uma grande parcela da popula\u00e7\u00e3o s\u00edria (a maioria, talvez) est\u00e1 do lado de Assad, certamente n\u00e3o porque sinta amor por esse governante, mas porque a derrota dos fan\u00e1ticos isl\u00e2micos \u00e9 o \u00fanico meio de p\u00f4r fim \u00e0 carnificina e ao caos, restabelecendo um m\u00ednimo de paz.<\/p>\n<p>5. A R\u00fassia teve e tem um papel positivo no conflito, impedindo que \u2013 ao menos desta vez \u2013 os Estados Unidos usem diretamente a for\u00e7a militar para impor sua vontade no Oriente M\u00e9dio. A derrota dos EUA na S\u00edria favorece a perspectiva de um mundo multipolar, com mais espa\u00e7o para os projetos de emancipa\u00e7\u00e3o humana do que um imp\u00e9rio estadunidense.<\/p>\n<p>6. A ampla maioria dos combatentes anti-Assad s\u00e3o ligados a organiza\u00e7\u00f5es terroristas como a Al Qaeda e o Estado Isl\u00e2mico \u2013 grupos incompat\u00edveis com os valores da civiliza\u00e7\u00e3o universalmente aceitos, o que inclui n\u00e3o apenas a democracia e os direitos humanos, mas tamb\u00e9m a preserva\u00e7\u00e3o do patrim\u00f4nio hist\u00f3rico e cultural. Quem apoia os \u201crebeldes s\u00edrios&#8221; (muitos dos quais nem s\u00edrios s\u00e3o) endossa tamb\u00e9m a destrui\u00e7\u00e3o, entre outras coisas, dos monumentos arquitet\u00f4nicos de Palmira, um tesouro da humanidade.<\/p>\n<p>7. As vers\u00f5es de que o ex\u00e9rcito s\u00edrio est\u00e1 massacrando civis nas \u00e1reas controladas pelos \u201crebeldes\u201d, praticando genoc\u00eddio e estupros em massa, s\u00e3o comprovadamente mentirosas e fazem parte de uma campanha da m\u00eddia pr\u00f3-imperialista para deslegitimar qualquer acordo que inclua a perman\u00eancia de Assad (ainda que se estabele\u00e7am elei\u00e7\u00f5es gerais) e para respaldar uma interven\u00e7\u00e3o militar da Otan e dos regimes \u00e1rabes mais reacion\u00e1rios. Isso agravaria ainda mais o conflito e destruiria a S\u00edria de uma vez por todas, tornando a trag\u00e9dia humanit\u00e1ria infinitamente mais grave.<\/p>\n","protected":false},"excerpt":{"rendered":"<p>Por Igor Fuser, publicado por Brasil de Fato Com a melhor das inten\u00e7\u00f5es e a maior inoc\u00eancia, muitos brasileiros com posi\u00e7\u00f5es progressistas t\u00eam se deixado levar pelas informa\u00e7\u00f5es deformadas sobre a situa\u00e7\u00e3o na S\u00edria que nos chegam por meio da&hellip;<\/p>\n","protected":false},"author":44,"featured_media":416124,"comment_status":"closed","ping_status":"closed","sticky":false,"template":"","format":"standard","meta":{"footnotes":""},"categories":[113,42,165,108,111],"tags":[5193,6573],"class_list":["post-416123","post","type-post","status-publish","format-standard","has-post-thumbnail","hentry","category-noticias-do-exterior","category-internacional-2","category-opiniao","category-oriente-medio","category-politica-pt-pt","tag-guerra-pt-pt","tag-guerra-civil-na-siria"],"yoast_head":"<!-- This site is optimized with the Yoast SEO plugin v27.1.1 - https:\/\/yoast.com\/product\/yoast-seo-wordpress\/ -->\n<title>Opini\u00e3o: Sete verdades sobre o conflito na S\u00edria<\/title>\n<meta name=\"description\" content=\"Por Igor Fuser, publicado por Brasil de Fato Com a melhor das inten\u00e7\u00f5es e a maior inoc\u00eancia, muitos brasileiros com posi\u00e7\u00f5es progressistas t\u00eam se deixado\" \/>\n<meta name=\"robots\" content=\"index, follow, max-snippet:-1, max-image-preview:large, max-video-preview:-1\" \/>\n<link rel=\"canonical\" href=\"https:\/\/www.pressenza.com\/pt-pt\/2017\/01\/opiniao-sete-verdades-sobre-o-conflito-na-siria\/\" \/>\n<meta property=\"og:locale\" content=\"pt_PT\" \/>\n<meta property=\"og:type\" content=\"article\" \/>\n<meta property=\"og:title\" content=\"Opini\u00e3o: Sete verdades sobre o conflito na S\u00edria\" \/>\n<meta property=\"og:description\" content=\"Por Igor Fuser, publicado por Brasil de Fato Com a melhor das inten\u00e7\u00f5es e a maior inoc\u00eancia, muitos brasileiros com posi\u00e7\u00f5es progressistas t\u00eam se deixado\" \/>\n<meta property=\"og:url\" content=\"https:\/\/www.pressenza.com\/pt-pt\/2017\/01\/opiniao-sete-verdades-sobre-o-conflito-na-siria\/\" \/>\n<meta property=\"og:site_name\" content=\"Pressenza\" \/>\n<meta property=\"article:publisher\" content=\"https:\/\/www.facebook.com\/PressenzaItalia\" \/>\n<meta property=\"article:author\" content=\"https:\/\/www.facebook.com\/PressenzaPortugues\" \/>\n<meta property=\"article:published_time\" content=\"2017-01-05T20:08:52+00:00\" \/>\n<meta property=\"og:image\" content=\"https:\/\/www.pressenza.com\/wp-content\/uploads\/2017\/01\/guerra-siria.jpg\" \/>\n\t<meta property=\"og:image:width\" content=\"640\" \/>\n\t<meta property=\"og:image:height\" content=\"440\" \/>\n\t<meta property=\"og:image:type\" content=\"image\/jpeg\" \/>\n<meta name=\"author\" content=\"Reda\u00e7\u00e3o S\u00e3o Paulo\" \/>\n<meta name=\"twitter:card\" content=\"summary_large_image\" \/>\n<meta name=\"twitter:creator\" content=\"@pressenza_pt\" \/>\n<meta name=\"twitter:site\" content=\"@PressenzaIPA\" \/>\n<meta name=\"twitter:label1\" content=\"Escrito por\" \/>\n\t<meta name=\"twitter:data1\" content=\"Reda\u00e7\u00e3o S\u00e3o Paulo\" \/>\n\t<meta name=\"twitter:label2\" content=\"Tempo estimado de leitura\" \/>\n\t<meta name=\"twitter:data2\" content=\"4 minutos\" \/>\n<script type=\"application\/ld+json\" class=\"yoast-schema-graph\">{\"@context\":\"https:\/\/schema.org\",\"@graph\":[{\"@type\":\"Article\",\"@id\":\"https:\/\/www.pressenza.com\/pt-pt\/2017\/01\/opiniao-sete-verdades-sobre-o-conflito-na-siria\/#article\",\"isPartOf\":{\"@id\":\"https:\/\/www.pressenza.com\/pt-pt\/2017\/01\/opiniao-sete-verdades-sobre-o-conflito-na-siria\/\"},\"author\":{\"name\":\"Reda\u00e7\u00e3o S\u00e3o Paulo\",\"@id\":\"https:\/\/www.pressenza.com\/pt-pt\/#\/schema\/person\/d171826afb7693cfc394da95892bfd93\"},\"headline\":\"Opini\u00e3o: Sete verdades sobre o conflito na S\u00edria\",\"datePublished\":\"2017-01-05T20:08:52+00:00\",\"mainEntityOfPage\":{\"@id\":\"https:\/\/www.pressenza.com\/pt-pt\/2017\/01\/opiniao-sete-verdades-sobre-o-conflito-na-siria\/\"},\"wordCount\":752,\"publisher\":{\"@id\":\"https:\/\/www.pressenza.com\/pt-pt\/#organization\"},\"image\":{\"@id\":\"https:\/\/www.pressenza.com\/pt-pt\/2017\/01\/opiniao-sete-verdades-sobre-o-conflito-na-siria\/#primaryimage\"},\"thumbnailUrl\":\"https:\/\/www.pressenza.com\/wp-content\/uploads\/2017\/01\/guerra-siria.jpg\",\"keywords\":[\"guerra\",\"guerra civil na s\u00edria\"],\"articleSection\":[\"Assuntos internacionais\",\"Internacional\",\"Opini\u00e3o\",\"Oriente M\u00e9dio\",\"Pol\u00edtica\"],\"inLanguage\":\"pt-PT\"},{\"@type\":\"WebPage\",\"@id\":\"https:\/\/www.pressenza.com\/pt-pt\/2017\/01\/opiniao-sete-verdades-sobre-o-conflito-na-siria\/\",\"url\":\"https:\/\/www.pressenza.com\/pt-pt\/2017\/01\/opiniao-sete-verdades-sobre-o-conflito-na-siria\/\",\"name\":\"Opini\u00e3o: Sete verdades sobre o conflito na S\u00edria\",\"isPartOf\":{\"@id\":\"https:\/\/www.pressenza.com\/pt-pt\/#website\"},\"primaryImageOfPage\":{\"@id\":\"https:\/\/www.pressenza.com\/pt-pt\/2017\/01\/opiniao-sete-verdades-sobre-o-conflito-na-siria\/#primaryimage\"},\"image\":{\"@id\":\"https:\/\/www.pressenza.com\/pt-pt\/2017\/01\/opiniao-sete-verdades-sobre-o-conflito-na-siria\/#primaryimage\"},\"thumbnailUrl\":\"https:\/\/www.pressenza.com\/wp-content\/uploads\/2017\/01\/guerra-siria.jpg\",\"datePublished\":\"2017-01-05T20:08:52+00:00\",\"description\":\"Por Igor Fuser, publicado por Brasil de Fato Com a melhor das inten\u00e7\u00f5es e a maior inoc\u00eancia, muitos brasileiros com posi\u00e7\u00f5es progressistas t\u00eam se deixado\",\"breadcrumb\":{\"@id\":\"https:\/\/www.pressenza.com\/pt-pt\/2017\/01\/opiniao-sete-verdades-sobre-o-conflito-na-siria\/#breadcrumb\"},\"inLanguage\":\"pt-PT\",\"potentialAction\":[{\"@type\":\"ReadAction\",\"target\":[\"https:\/\/www.pressenza.com\/pt-pt\/2017\/01\/opiniao-sete-verdades-sobre-o-conflito-na-siria\/\"]}]},{\"@type\":\"ImageObject\",\"inLanguage\":\"pt-PT\",\"@id\":\"https:\/\/www.pressenza.com\/pt-pt\/2017\/01\/opiniao-sete-verdades-sobre-o-conflito-na-siria\/#primaryimage\",\"url\":\"https:\/\/www.pressenza.com\/wp-content\/uploads\/2017\/01\/guerra-siria.jpg\",\"contentUrl\":\"https:\/\/www.pressenza.com\/wp-content\/uploads\/2017\/01\/guerra-siria.jpg\",\"width\":640,\"height\":440,\"caption\":\"\u00c9 importante desconstruir a fraude manique\u00edsta que reduz um conflito complexo entre os \u201crebeldes\u201d do bem e os carniceiros do mau. \/ Divulga\u00e7\u00e3o\"},{\"@type\":\"BreadcrumbList\",\"@id\":\"https:\/\/www.pressenza.com\/pt-pt\/2017\/01\/opiniao-sete-verdades-sobre-o-conflito-na-siria\/#breadcrumb\",\"itemListElement\":[{\"@type\":\"ListItem\",\"position\":1,\"name\":\"Accueil\",\"item\":\"https:\/\/www.pressenza.com\/pt-pt\/\"},{\"@type\":\"ListItem\",\"position\":2,\"name\":\"Opini\u00e3o: Sete verdades sobre o conflito na S\u00edria\"}]},{\"@type\":\"WebSite\",\"@id\":\"https:\/\/www.pressenza.com\/pt-pt\/#website\",\"url\":\"https:\/\/www.pressenza.com\/pt-pt\/\",\"name\":\"Pressenza\",\"description\":\"International Press Agency\",\"publisher\":{\"@id\":\"https:\/\/www.pressenza.com\/pt-pt\/#organization\"},\"potentialAction\":[{\"@type\":\"SearchAction\",\"target\":{\"@type\":\"EntryPoint\",\"urlTemplate\":\"https:\/\/www.pressenza.com\/pt-pt\/?s={search_term_string}\"},\"query-input\":{\"@type\":\"PropertyValueSpecification\",\"valueRequired\":true,\"valueName\":\"search_term_string\"}}],\"inLanguage\":\"pt-PT\"},{\"@type\":\"Organization\",\"@id\":\"https:\/\/www.pressenza.com\/pt-pt\/#organization\",\"name\":\"Pressenza\",\"url\":\"https:\/\/www.pressenza.com\/pt-pt\/\",\"logo\":{\"@type\":\"ImageObject\",\"inLanguage\":\"pt-PT\",\"@id\":\"https:\/\/www.pressenza.com\/pt-pt\/#\/schema\/logo\/image\/\",\"url\":\"https:\/\/www.pressenza.com\/wp-content\/uploads\/2022\/10\/pressenza_logo_200x200.jpg\",\"contentUrl\":\"https:\/\/www.pressenza.com\/wp-content\/uploads\/2022\/10\/pressenza_logo_200x200.jpg\",\"width\":200,\"height\":200,\"caption\":\"Pressenza\"},\"image\":{\"@id\":\"https:\/\/www.pressenza.com\/pt-pt\/#\/schema\/logo\/image\/\"},\"sameAs\":[\"https:\/\/www.facebook.com\/PressenzaItalia\",\"https:\/\/x.com\/PressenzaIPA\"]},{\"@type\":\"Person\",\"@id\":\"https:\/\/www.pressenza.com\/pt-pt\/#\/schema\/person\/d171826afb7693cfc394da95892bfd93\",\"name\":\"Reda\u00e7\u00e3o S\u00e3o Paulo\",\"description\":\"News from the Pressenza bureau in Sao Paulo, Brazil\",\"sameAs\":[\"https:\/\/www.facebook.com\/PressenzaPortugues\",\"https:\/\/x.com\/pressenza_pt\"],\"url\":\"https:\/\/www.pressenza.com\/pt-pt\/author\/redaccao-sao-paulo\/\"}]}<\/script>\n<!-- \/ Yoast SEO plugin. -->","yoast_head_json":{"title":"Opini\u00e3o: Sete verdades sobre o conflito na S\u00edria","description":"Por Igor Fuser, publicado por Brasil de Fato Com a melhor das inten\u00e7\u00f5es e a maior inoc\u00eancia, muitos brasileiros com posi\u00e7\u00f5es progressistas t\u00eam se deixado","robots":{"index":"index","follow":"follow","max-snippet":"max-snippet:-1","max-image-preview":"max-image-preview:large","max-video-preview":"max-video-preview:-1"},"canonical":"https:\/\/www.pressenza.com\/pt-pt\/2017\/01\/opiniao-sete-verdades-sobre-o-conflito-na-siria\/","og_locale":"pt_PT","og_type":"article","og_title":"Opini\u00e3o: Sete verdades sobre o conflito na S\u00edria","og_description":"Por Igor Fuser, publicado por Brasil de Fato Com a melhor das inten\u00e7\u00f5es e a maior inoc\u00eancia, muitos brasileiros com posi\u00e7\u00f5es progressistas t\u00eam se deixado","og_url":"https:\/\/www.pressenza.com\/pt-pt\/2017\/01\/opiniao-sete-verdades-sobre-o-conflito-na-siria\/","og_site_name":"Pressenza","article_publisher":"https:\/\/www.facebook.com\/PressenzaItalia","article_author":"https:\/\/www.facebook.com\/PressenzaPortugues","article_published_time":"2017-01-05T20:08:52+00:00","og_image":[{"width":640,"height":440,"url":"https:\/\/www.pressenza.com\/wp-content\/uploads\/2017\/01\/guerra-siria.jpg","type":"image\/jpeg"}],"author":"Reda\u00e7\u00e3o S\u00e3o Paulo","twitter_card":"summary_large_image","twitter_creator":"@pressenza_pt","twitter_site":"@PressenzaIPA","twitter_misc":{"Escrito por":"Reda\u00e7\u00e3o S\u00e3o Paulo","Tempo estimado de leitura":"4 minutos"},"schema":{"@context":"https:\/\/schema.org","@graph":[{"@type":"Article","@id":"https:\/\/www.pressenza.com\/pt-pt\/2017\/01\/opiniao-sete-verdades-sobre-o-conflito-na-siria\/#article","isPartOf":{"@id":"https:\/\/www.pressenza.com\/pt-pt\/2017\/01\/opiniao-sete-verdades-sobre-o-conflito-na-siria\/"},"author":{"name":"Reda\u00e7\u00e3o S\u00e3o Paulo","@id":"https:\/\/www.pressenza.com\/pt-pt\/#\/schema\/person\/d171826afb7693cfc394da95892bfd93"},"headline":"Opini\u00e3o: Sete verdades sobre o conflito na S\u00edria","datePublished":"2017-01-05T20:08:52+00:00","mainEntityOfPage":{"@id":"https:\/\/www.pressenza.com\/pt-pt\/2017\/01\/opiniao-sete-verdades-sobre-o-conflito-na-siria\/"},"wordCount":752,"publisher":{"@id":"https:\/\/www.pressenza.com\/pt-pt\/#organization"},"image":{"@id":"https:\/\/www.pressenza.com\/pt-pt\/2017\/01\/opiniao-sete-verdades-sobre-o-conflito-na-siria\/#primaryimage"},"thumbnailUrl":"https:\/\/www.pressenza.com\/wp-content\/uploads\/2017\/01\/guerra-siria.jpg","keywords":["guerra","guerra civil na s\u00edria"],"articleSection":["Assuntos internacionais","Internacional","Opini\u00e3o","Oriente M\u00e9dio","Pol\u00edtica"],"inLanguage":"pt-PT"},{"@type":"WebPage","@id":"https:\/\/www.pressenza.com\/pt-pt\/2017\/01\/opiniao-sete-verdades-sobre-o-conflito-na-siria\/","url":"https:\/\/www.pressenza.com\/pt-pt\/2017\/01\/opiniao-sete-verdades-sobre-o-conflito-na-siria\/","name":"Opini\u00e3o: Sete verdades sobre o conflito na S\u00edria","isPartOf":{"@id":"https:\/\/www.pressenza.com\/pt-pt\/#website"},"primaryImageOfPage":{"@id":"https:\/\/www.pressenza.com\/pt-pt\/2017\/01\/opiniao-sete-verdades-sobre-o-conflito-na-siria\/#primaryimage"},"image":{"@id":"https:\/\/www.pressenza.com\/pt-pt\/2017\/01\/opiniao-sete-verdades-sobre-o-conflito-na-siria\/#primaryimage"},"thumbnailUrl":"https:\/\/www.pressenza.com\/wp-content\/uploads\/2017\/01\/guerra-siria.jpg","datePublished":"2017-01-05T20:08:52+00:00","description":"Por Igor Fuser, publicado por Brasil de Fato Com a melhor das inten\u00e7\u00f5es e a maior inoc\u00eancia, muitos brasileiros com posi\u00e7\u00f5es progressistas t\u00eam se deixado","breadcrumb":{"@id":"https:\/\/www.pressenza.com\/pt-pt\/2017\/01\/opiniao-sete-verdades-sobre-o-conflito-na-siria\/#breadcrumb"},"inLanguage":"pt-PT","potentialAction":[{"@type":"ReadAction","target":["https:\/\/www.pressenza.com\/pt-pt\/2017\/01\/opiniao-sete-verdades-sobre-o-conflito-na-siria\/"]}]},{"@type":"ImageObject","inLanguage":"pt-PT","@id":"https:\/\/www.pressenza.com\/pt-pt\/2017\/01\/opiniao-sete-verdades-sobre-o-conflito-na-siria\/#primaryimage","url":"https:\/\/www.pressenza.com\/wp-content\/uploads\/2017\/01\/guerra-siria.jpg","contentUrl":"https:\/\/www.pressenza.com\/wp-content\/uploads\/2017\/01\/guerra-siria.jpg","width":640,"height":440,"caption":"\u00c9 importante desconstruir a fraude manique\u00edsta que reduz um conflito complexo entre os \u201crebeldes\u201d do bem e os carniceiros do mau. \/ Divulga\u00e7\u00e3o"},{"@type":"BreadcrumbList","@id":"https:\/\/www.pressenza.com\/pt-pt\/2017\/01\/opiniao-sete-verdades-sobre-o-conflito-na-siria\/#breadcrumb","itemListElement":[{"@type":"ListItem","position":1,"name":"Accueil","item":"https:\/\/www.pressenza.com\/pt-pt\/"},{"@type":"ListItem","position":2,"name":"Opini\u00e3o: Sete verdades sobre o conflito na S\u00edria"}]},{"@type":"WebSite","@id":"https:\/\/www.pressenza.com\/pt-pt\/#website","url":"https:\/\/www.pressenza.com\/pt-pt\/","name":"Pressenza","description":"International Press Agency","publisher":{"@id":"https:\/\/www.pressenza.com\/pt-pt\/#organization"},"potentialAction":[{"@type":"SearchAction","target":{"@type":"EntryPoint","urlTemplate":"https:\/\/www.pressenza.com\/pt-pt\/?s={search_term_string}"},"query-input":{"@type":"PropertyValueSpecification","valueRequired":true,"valueName":"search_term_string"}}],"inLanguage":"pt-PT"},{"@type":"Organization","@id":"https:\/\/www.pressenza.com\/pt-pt\/#organization","name":"Pressenza","url":"https:\/\/www.pressenza.com\/pt-pt\/","logo":{"@type":"ImageObject","inLanguage":"pt-PT","@id":"https:\/\/www.pressenza.com\/pt-pt\/#\/schema\/logo\/image\/","url":"https:\/\/www.pressenza.com\/wp-content\/uploads\/2022\/10\/pressenza_logo_200x200.jpg","contentUrl":"https:\/\/www.pressenza.com\/wp-content\/uploads\/2022\/10\/pressenza_logo_200x200.jpg","width":200,"height":200,"caption":"Pressenza"},"image":{"@id":"https:\/\/www.pressenza.com\/pt-pt\/#\/schema\/logo\/image\/"},"sameAs":["https:\/\/www.facebook.com\/PressenzaItalia","https:\/\/x.com\/PressenzaIPA"]},{"@type":"Person","@id":"https:\/\/www.pressenza.com\/pt-pt\/#\/schema\/person\/d171826afb7693cfc394da95892bfd93","name":"Reda\u00e7\u00e3o S\u00e3o Paulo","description":"News from the Pressenza bureau in Sao Paulo, Brazil","sameAs":["https:\/\/www.facebook.com\/PressenzaPortugues","https:\/\/x.com\/pressenza_pt"],"url":"https:\/\/www.pressenza.com\/pt-pt\/author\/redaccao-sao-paulo\/"}]}},"place":"","original_article_url":"","_links":{"self":[{"href":"https:\/\/www.pressenza.com\/pt-pt\/wp-json\/wp\/v2\/posts\/416123","targetHints":{"allow":["GET"]}}],"collection":[{"href":"https:\/\/www.pressenza.com\/pt-pt\/wp-json\/wp\/v2\/posts"}],"about":[{"href":"https:\/\/www.pressenza.com\/pt-pt\/wp-json\/wp\/v2\/types\/post"}],"author":[{"embeddable":true,"href":"https:\/\/www.pressenza.com\/pt-pt\/wp-json\/wp\/v2\/users\/44"}],"replies":[{"embeddable":true,"href":"https:\/\/www.pressenza.com\/pt-pt\/wp-json\/wp\/v2\/comments?post=416123"}],"version-history":[{"count":0,"href":"https:\/\/www.pressenza.com\/pt-pt\/wp-json\/wp\/v2\/posts\/416123\/revisions"}],"wp:featuredmedia":[{"embeddable":true,"href":"https:\/\/www.pressenza.com\/pt-pt\/wp-json\/wp\/v2\/media\/416124"}],"wp:attachment":[{"href":"https:\/\/www.pressenza.com\/pt-pt\/wp-json\/wp\/v2\/media?parent=416123"}],"wp:term":[{"taxonomy":"category","embeddable":true,"href":"https:\/\/www.pressenza.com\/pt-pt\/wp-json\/wp\/v2\/categories?post=416123"},{"taxonomy":"post_tag","embeddable":true,"href":"https:\/\/www.pressenza.com\/pt-pt\/wp-json\/wp\/v2\/tags?post=416123"}],"curies":[{"name":"wp","href":"https:\/\/api.w.org\/{rel}","templated":true}]}}