{"id":412902,"date":"2016-12-22T23:16:44","date_gmt":"2016-12-22T23:16:44","guid":{"rendered":"http:\/\/www.pressenza.com\/pt-pt\/?p=412902"},"modified":"2016-12-22T23:16:44","modified_gmt":"2016-12-22T23:16:44","slug":"olivier-turquet-nao-ha-melhor-palavra-para-definir-direita-que-anti-humanismo","status":"publish","type":"post","link":"https:\/\/www.pressenza.com\/pt-pt\/2016\/12\/olivier-turquet-nao-ha-melhor-palavra-para-definir-direita-que-anti-humanismo\/","title":{"rendered":"Olivier Turquet: &#8220;N\u00e3o h\u00e1 melhor palavra para definir a direita que anti-humanismo&#8221;"},"content":{"rendered":"<p><em>O programa da Pressenza &#8220;En la Oreja&#8221; entrevistou o editor italiano Olivier Turquet, abaixo o \u00e1udio e a\u00a0transcri\u00e7\u00e3o<br \/>\n<\/em><\/p>\n<!--[if lt IE 9]><script>document.createElement('audio');<\/script><![endif]-->\n<audio class=\"wp-audio-shortcode\" id=\"audio-412902-1\" preload=\"none\" style=\"width: 100%;\" controls=\"controls\"><source type=\"audio\/mpeg\" src=\"http:\/\/mx.ivoox.com\/es\/la-gente-esta-votando-antisistema-olivier-turquet_md_14809796_wp_1.mp3?_=1\" \/><a href=\"http:\/\/mx.ivoox.com\/es\/la-gente-esta-votando-antisistema-olivier-turquet_md_14809796_wp_1.mp3\">http:\/\/mx.ivoox.com\/es\/la-gente-esta-votando-antisistema-olivier-turquet_md_14809796_wp_1.mp3<\/a><\/audio>\n<p><a title=\"'La gente est\u00e1 votando antisistema' Olivier Turquet\" href=\"http:\/\/mx.ivoox.com\/es\/la-gente-esta-votando-antisistema-olivier-turquet-audios-mp3_rf_14809796_1.html\" target=\"_blank\">abrir no invoxx<\/a><\/p>\n<p><em>A Europa continua sendo local de intenso movimento pol\u00edtico, com o crescimento da direita xen\u00f3foba, seja em termos de apoio popular seja em espa\u00e7o oferecido \u00e0s suas opini\u00f5es racistas e intolerantes atrav\u00e9s dos meios de comunica\u00e7\u00e3o.<\/em><\/p>\n<p>&nbsp;<\/p>\n<p><em>No fim de semana passado aconteceram dois atos eleitorais que procuraremos decifrar um pouco. Um na \u00c1ustria, onde pela segunda vez se repetiu o segundo turno das elei\u00e7\u00f5es presidenciais: o candidato do partido verde venceu com uma vantagem de 7,8% sobre o concorrente do partido da ultradireita.<\/em><\/p>\n<p>&nbsp;<\/p>\n<p><em>Por outro lado, a It\u00e1lia consultou a popula\u00e7\u00e3o sobre a possibilidade de efetuar algumas altera\u00e7\u00f5es constitucionais, que possivelmente ofereceriam uma maior estabilidade pol\u00edtica, num pa\u00eds que teve 64 governos diferentes nos 72 anos sucessivos \u00e0 Segunda Guerra Mundial.<\/em><\/p>\n<p>&nbsp;<\/p>\n<p><em>Est\u00e1 presente conosco, da cidade de Floren\u00e7a, ber\u00e7o do humanismo hist\u00f3rico, para falar sobre estes dois temas, Olivier Turquet, coordenador da reda\u00e7\u00e3o italiana da Pressenza.<\/em><\/p>\n<p>&nbsp;<\/p>\n<p><em>Olivier \u00e9 autor, professor e editor com a pr\u00f3pria editora, que publica livros sobre a paz, a n\u00e3o-viol\u00eancia e o humanismo universal.<\/em><\/p>\n<p>&nbsp;<\/p>\n<p><strong>Antes de falar no fen\u00f4meno austr\u00edaco, conte aos nossos ouvintes equatorianos, que talvez n\u00e3o atentassem aos acontecimentos italianos, quais foram as propostas do governo que queriam aprovar e os antecedentes destas propostas? E qual foi o resultado?<\/strong><\/p>\n<p>&nbsp;<\/p>\n<p><em>Antes de tudo, creio que seja necess\u00e1rio explicar que a Constitui\u00e7\u00e3o italiana \u00e9 uma Constitui\u00e7\u00e3o relativamente nova, tem cerca de 70 anos e \u00e9 filha do fim da Segunda Guerra Mundial. \u00c9 contempor\u00e2nea da Declara\u00e7\u00e3o Universal dos Direitos do Homem, com um ano de diferen\u00e7a, e do mesmo clima pol\u00edtico e cultural daquela \u00e9poca. Um clima, que \u00e9 de reconstru\u00e7\u00e3o nacional, europeia, mundial. Este \u00e9 um fator muito importante. Existe uma parcela importante da sociedade italiana que, n\u00e3o obstante a posi\u00e7\u00e3o pol\u00edtica, considera muito esta Constitui\u00e7\u00e3o porque a constru\u00edram juntos comunistas e democratas, republicanos e liberais.<\/em><\/p>\n<p><em>A quest\u00e3o da mudan\u00e7a da constitui\u00e7\u00e3o tem um longo processo. Esta \u00e9 a terceira vez que procuraram alter\u00e1-la e a terceira vez que falharam. Neste caso, o plebiscito que se desenvolveu para confirma\u00e7\u00e3o da mudan\u00e7a, foi tratado por um seco &#8220;n\u00e3o&#8221;. Por um lado, houve uma participa\u00e7\u00e3o popular muito importante, quase 70% dos eleitores, o que n\u00e3o aconteceu em outros recentes plebiscitos e o &#8220;n\u00e3o&#8221; venceu com quase 60% dos votos. Havia dois fatores, um foi o tema da mudan\u00e7a, que era muito confuso e misturava muitas coisas, mas aquele do qual o governo se referia, que dizia Matteo Renzi, era a quest\u00e3o da estabilidade. O povo disse que a estabilidade n\u00e3o vale a priva\u00e7\u00e3o dos direitos pol\u00edticos. Este \u00e9 o tema mais importante.<\/em><\/p>\n<p><em>A frente do n\u00e3o era muito variada, havia a direita, alguns do centro, a extrema esquerda, os humanistas, a Lista Civil, o movimento de Beppe Grillo. Praticamente, Renzi acabou por colocar-se contra todos e come\u00e7ou a personalizar muito essa reforma. Portanto, este &#8220;n\u00e3o&#8221; tamb\u00e9m foi um n\u00e3o para Renzi. No entanto, n\u00f3s, como Pressenza demos muita informa\u00e7\u00e3o sobre as quest\u00f5es espec\u00edficas, porque nos pareceu importante informar as pessoas e que elas pudessem decidir pelo sim ou pelo n\u00e3o. Em nossos coment\u00e1rios destacamos que era necess\u00e1rio diferenciar a politiza\u00e7\u00e3o do plebiscito da decis\u00e3o pelo sim ou n\u00e3o \u00e0 mudan\u00e7a da Constitui\u00e7\u00e3o. Uma Constitui\u00e7\u00e3o muito progressista, uma das poucas no mundo que rejeita a guerra como uma ferramenta de resolu\u00e7\u00e3o de conflitos. Este artigo n\u00e3o estava em discuss\u00e3o, era mais no contexto; o contexto era de simplificar, eliminar uma das duas C\u00e2maras, havia v\u00e1rios temas. Tudo de forma autorit\u00e1ria, com restri\u00e7\u00e3o \u00e0 liberdade e, al\u00e9m disso, muitos analistas diziam que se tratava daquilo que a Goldman Sachs havia pedido aos governos europeus para continuar com seus investimentos. Ent\u00e3o, havia uma influ\u00eancia muito forte de empresas internacionais de especula\u00e7\u00e3o financeira para evitar que o povo pudesse decidir.<\/em><\/p>\n<p>&nbsp;<\/p>\n<p><strong>Podemos dizer que este resultado foi surpreendente, como aquele da Brexit, de Trump ou o n\u00e3o \u00e0 paz na Col\u00f4mbia? Ou foi o que se esperava?<\/strong><\/p>\n<p>&nbsp;<\/p>\n<p><em>Este resultado foi inesperado. Efetivamente foi feita muita press\u00e3o para o sim. Na verdade, at\u00e9 o final, Beppe Grillo que era a favor do &#8220;n\u00e3o&#8221;, no seu discurso dizia estar preocupado com a imensa divis\u00e3o do pa\u00eds. No final, a imensa divis\u00e3o do pa\u00eds n\u00e3o aconteceu, porque quase 60% haviam votado &#8220;n\u00e3o&#8221;. Nestas situa\u00e7\u00f5es, normalmente, n\u00e3o h\u00e1 uma maioria assim expressiva. Alguns recordavam o referendo para confirmar o div\u00f3rcio, que ent\u00e3o venceu de modo evidente, 60 a 40. Surpreendeu alguns que de m\u00e1 f\u00e9 queriam dizer de todas as maneiras que o &#8220;sim&#8221; havia vencido.<\/em><\/p>\n<p><em>\u00a0<\/em><\/p>\n<p><strong>Agora ningu\u00e9m mais se surpreende com nenhum resultado. Ampliando um pouco o olhar para toda a Europa e no pa\u00eds ao norte, a \u00c1ustria, nos parece que houve um crescimento popular muito grande a favor da direita, coisa que faz parte de um fen\u00f4meno crescente no velho continente. Como \u00e9 a vis\u00e3o da It\u00e1lia? O fen\u00f4meno \u00e9 real ou \u00e9 um efeito dos meios de comunica\u00e7\u00e3o? <\/strong><\/p>\n<p>&nbsp;<\/p>\n<p><em>Com certeza a m\u00eddia tem um ponto de vista que n\u00e3o \u00e9 muito interessante, porque se olharmos os diversos fen\u00f4menos, vemos que existe um denominador comum que n\u00e3o \u00e9 a direita tradicional. N\u00e3o \u00e9 que vencem os direitistas, vencem os que s\u00e3o antissistema. Na It\u00e1lia hoje, o antissistema \u00e9 representado pelo Movimento 5 Estrelas, no qual existe de tudo, no seu interior existem tamb\u00e9m os fascistas que declaram que a divis\u00e3o entre direita e esquerda est\u00e1 superada. N\u00f3s n\u00e3o concordamos com isso, pensamos que a esquerda, com todos os erros, seja melhor que a direita. N\u00e3o existe palavra melhor que o anti-humanismo para definir a direita, n\u00e3o servem outras palavras. Mas eles, com isso de misturar um pouco de tudo, de ter uma posi\u00e7\u00e3o anti-imigra\u00e7\u00e3o e ao mesmo tempo posi\u00e7\u00f5es muito ecol\u00f3gicas, \u00e9 uma mistura estranha. Mas certamente, eles mesmos n\u00e3o dizem ser um movimento de direita. E agora levam cerca de um ter\u00e7o dos votos na It\u00e1lia. Mais de Marine Le Pen, menos que nesta polariza\u00e7\u00e3o, o candidato de extrema direita austr\u00edaco. \u00c9 preciso considerar que na \u00c1ustria tinha por tr\u00e1s toda a direita. Os dois partidos hist\u00f3ricos que sempre venceram na \u00c1ustria perderam, e deixaram espa\u00e7o a um estranho ecologista na esquerda, por assim dizer, e a este homem, Hofer, de extrema-direita, na direita.<\/em><\/p>\n<p><em>Mas a verdade, antes de tudo, e n\u00e3o se fala mais nisso, os dois partidos que venciam sempre, os liberais e os sociais-democratas perderam as elei\u00e7\u00f5es. Isso \u00e9 o antissistema. Isto \u00e9, dois elementos muito diferentes entre si, os ecologistas e os nazistas, eram os dois antissistemas. Eu diria que neste momento est\u00e1 vencendo a confus\u00e3o, aquilo que grita mais alto \u00e9 o antissistema. Voltando ao plebiscito, diria tamb\u00e9m que uma composi\u00e7\u00e3o, que a mim n\u00e3o agrada, mas que reconhe\u00e7o no &#8220;n\u00e3o&#8221;, foi antissistema. Naquele momento, Renzi representava o sistema.<\/em><\/p>\n<p><em>\u00a0<\/em><\/p>\n<p><strong>Traduzido do italiano por Elaine Tozetto<\/strong><\/p>\n<p>&nbsp;<\/p>\n","protected":false},"excerpt":{"rendered":"<p>O programa da Pressenza &#8220;En la Oreja&#8221; entrevistou o editor italiano Olivier Turquet, abaixo o \u00e1udio e a\u00a0transcri\u00e7\u00e3o abrir no invoxx A Europa continua sendo local de intenso movimento pol\u00edtico, com o crescimento da direita xen\u00f3foba, seja em termos de&hellip;<\/p>\n","protected":false},"author":1011,"featured_media":407841,"comment_status":"closed","ping_status":"closed","sticky":false,"template":"","format":"standard","meta":{"footnotes":""},"categories":[11390,112,159,103,42,111,27994],"tags":[5917,22214],"class_list":["post-412902","post","type-post","status-publish","format-standard","has-post-thumbnail","hentry","category-conteudo-original","category-cultura-pt-pt","category-entrevista-pt-pt","category-europa-pt-pt","category-internacional-2","category-politica-pt-pt","category-radio-pt","tag-democracia-pt-pt","tag-europa-pt-pt"],"yoast_head":"<!-- This site is optimized with the Yoast SEO plugin v27.1.1 - https:\/\/yoast.com\/product\/yoast-seo-wordpress\/ -->\n<title>Olivier Turquet: &quot;N\u00e3o h\u00e1 melhor palavra para definir a direita que anti-humanismo&quot;<\/title>\n<meta name=\"description\" content=\"O programa da Pressenza &quot;En la Oreja&quot; entrevistou o editor italiano Olivier Turquet, abaixo o \u00e1udio e a\u00a0transcri\u00e7\u00e3o abrir no invoxx A Europa continua\" \/>\n<meta name=\"robots\" content=\"index, follow, max-snippet:-1, max-image-preview:large, max-video-preview:-1\" \/>\n<link rel=\"canonical\" href=\"https:\/\/www.pressenza.com\/pt-pt\/2016\/12\/olivier-turquet-nao-ha-melhor-palavra-para-definir-direita-que-anti-humanismo\/\" \/>\n<meta property=\"og:locale\" content=\"pt_PT\" \/>\n<meta property=\"og:type\" content=\"article\" \/>\n<meta property=\"og:title\" content=\"Olivier Turquet: &quot;N\u00e3o h\u00e1 melhor palavra para definir a direita que anti-humanismo&quot;\" \/>\n<meta property=\"og:description\" content=\"O programa da Pressenza &quot;En la Oreja&quot; entrevistou o editor italiano Olivier Turquet, abaixo o \u00e1udio e a\u00a0transcri\u00e7\u00e3o abrir no invoxx A Europa continua\" \/>\n<meta property=\"og:url\" content=\"https:\/\/www.pressenza.com\/pt-pt\/2016\/12\/olivier-turquet-nao-ha-melhor-palavra-para-definir-direita-que-anti-humanismo\/\" \/>\n<meta property=\"og:site_name\" content=\"Pressenza\" \/>\n<meta property=\"article:publisher\" content=\"https:\/\/www.facebook.com\/PressenzaItalia\" \/>\n<meta property=\"article:published_time\" content=\"2016-12-22T23:16:44+00:00\" \/>\n<meta property=\"og:image\" content=\"https:\/\/www.pressenza.com\/wp-content\/uploads\/2016\/12\/oli-1.png\" \/>\n\t<meta property=\"og:image:width\" content=\"926\" \/>\n\t<meta property=\"og:image:height\" content=\"653\" \/>\n\t<meta property=\"og:image:type\" content=\"image\/png\" \/>\n<meta name=\"author\" content=\"Redacci\u00f3n Ecuador\" \/>\n<meta name=\"twitter:card\" content=\"summary_large_image\" \/>\n<meta name=\"twitter:creator\" content=\"@PressenzaIPA\" \/>\n<meta name=\"twitter:site\" content=\"@PressenzaIPA\" \/>\n<meta name=\"twitter:label1\" content=\"Escrito por\" \/>\n\t<meta name=\"twitter:data1\" content=\"Redacci\u00f3n Ecuador\" \/>\n\t<meta name=\"twitter:label2\" content=\"Tempo estimado de leitura\" \/>\n\t<meta name=\"twitter:data2\" content=\"6 minutos\" \/>\n<script type=\"application\/ld+json\" class=\"yoast-schema-graph\">{\"@context\":\"https:\/\/schema.org\",\"@graph\":[{\"@type\":\"Article\",\"@id\":\"https:\/\/www.pressenza.com\/pt-pt\/2016\/12\/olivier-turquet-nao-ha-melhor-palavra-para-definir-direita-que-anti-humanismo\/#article\",\"isPartOf\":{\"@id\":\"https:\/\/www.pressenza.com\/pt-pt\/2016\/12\/olivier-turquet-nao-ha-melhor-palavra-para-definir-direita-que-anti-humanismo\/\"},\"author\":{\"name\":\"Redacci\u00f3n Ecuador\",\"@id\":\"https:\/\/www.pressenza.com\/pt-pt\/#\/schema\/person\/883a735c40665759bcc6fe0c26bcb46f\"},\"headline\":\"Olivier Turquet: &#8220;N\u00e3o h\u00e1 melhor palavra para definir a direita que anti-humanismo&#8221;\",\"datePublished\":\"2016-12-22T23:16:44+00:00\",\"mainEntityOfPage\":{\"@id\":\"https:\/\/www.pressenza.com\/pt-pt\/2016\/12\/olivier-turquet-nao-ha-melhor-palavra-para-definir-direita-que-anti-humanismo\/\"},\"wordCount\":1274,\"publisher\":{\"@id\":\"https:\/\/www.pressenza.com\/pt-pt\/#organization\"},\"image\":{\"@id\":\"https:\/\/www.pressenza.com\/pt-pt\/2016\/12\/olivier-turquet-nao-ha-melhor-palavra-para-definir-direita-que-anti-humanismo\/#primaryimage\"},\"thumbnailUrl\":\"https:\/\/www.pressenza.com\/wp-content\/uploads\/2016\/12\/oli-1.png\",\"keywords\":[\"Democracia\",\"Europa\"],\"articleSection\":[\"Conte\u00fado Original\",\"Cultura e M\u00eddia\",\"Entrevista\",\"Europa\",\"Internacional\",\"Pol\u00edtica\",\"Radio\"],\"inLanguage\":\"pt-PT\"},{\"@type\":\"WebPage\",\"@id\":\"https:\/\/www.pressenza.com\/pt-pt\/2016\/12\/olivier-turquet-nao-ha-melhor-palavra-para-definir-direita-que-anti-humanismo\/\",\"url\":\"https:\/\/www.pressenza.com\/pt-pt\/2016\/12\/olivier-turquet-nao-ha-melhor-palavra-para-definir-direita-que-anti-humanismo\/\",\"name\":\"Olivier Turquet: \\\"N\u00e3o h\u00e1 melhor palavra para definir a direita que anti-humanismo\\\"\",\"isPartOf\":{\"@id\":\"https:\/\/www.pressenza.com\/pt-pt\/#website\"},\"primaryImageOfPage\":{\"@id\":\"https:\/\/www.pressenza.com\/pt-pt\/2016\/12\/olivier-turquet-nao-ha-melhor-palavra-para-definir-direita-que-anti-humanismo\/#primaryimage\"},\"image\":{\"@id\":\"https:\/\/www.pressenza.com\/pt-pt\/2016\/12\/olivier-turquet-nao-ha-melhor-palavra-para-definir-direita-que-anti-humanismo\/#primaryimage\"},\"thumbnailUrl\":\"https:\/\/www.pressenza.com\/wp-content\/uploads\/2016\/12\/oli-1.png\",\"datePublished\":\"2016-12-22T23:16:44+00:00\",\"description\":\"O programa da Pressenza \\\"En la Oreja\\\" entrevistou o editor italiano Olivier Turquet, abaixo o \u00e1udio e a\u00a0transcri\u00e7\u00e3o abrir no invoxx A Europa continua\",\"breadcrumb\":{\"@id\":\"https:\/\/www.pressenza.com\/pt-pt\/2016\/12\/olivier-turquet-nao-ha-melhor-palavra-para-definir-direita-que-anti-humanismo\/#breadcrumb\"},\"inLanguage\":\"pt-PT\",\"potentialAction\":[{\"@type\":\"ReadAction\",\"target\":[\"https:\/\/www.pressenza.com\/pt-pt\/2016\/12\/olivier-turquet-nao-ha-melhor-palavra-para-definir-direita-que-anti-humanismo\/\"]}]},{\"@type\":\"ImageObject\",\"inLanguage\":\"pt-PT\",\"@id\":\"https:\/\/www.pressenza.com\/pt-pt\/2016\/12\/olivier-turquet-nao-ha-melhor-palavra-para-definir-direita-que-anti-humanismo\/#primaryimage\",\"url\":\"https:\/\/www.pressenza.com\/wp-content\/uploads\/2016\/12\/oli-1.png\",\"contentUrl\":\"https:\/\/www.pressenza.com\/wp-content\/uploads\/2016\/12\/oli-1.png\",\"width\":926,\"height\":653},{\"@type\":\"BreadcrumbList\",\"@id\":\"https:\/\/www.pressenza.com\/pt-pt\/2016\/12\/olivier-turquet-nao-ha-melhor-palavra-para-definir-direita-que-anti-humanismo\/#breadcrumb\",\"itemListElement\":[{\"@type\":\"ListItem\",\"position\":1,\"name\":\"Accueil\",\"item\":\"https:\/\/www.pressenza.com\/pt-pt\/\"},{\"@type\":\"ListItem\",\"position\":2,\"name\":\"Olivier Turquet: &#8220;N\u00e3o h\u00e1 melhor palavra para definir a direita que anti-humanismo&#8221;\"}]},{\"@type\":\"WebSite\",\"@id\":\"https:\/\/www.pressenza.com\/pt-pt\/#website\",\"url\":\"https:\/\/www.pressenza.com\/pt-pt\/\",\"name\":\"Pressenza\",\"description\":\"International Press Agency\",\"publisher\":{\"@id\":\"https:\/\/www.pressenza.com\/pt-pt\/#organization\"},\"potentialAction\":[{\"@type\":\"SearchAction\",\"target\":{\"@type\":\"EntryPoint\",\"urlTemplate\":\"https:\/\/www.pressenza.com\/pt-pt\/?s={search_term_string}\"},\"query-input\":{\"@type\":\"PropertyValueSpecification\",\"valueRequired\":true,\"valueName\":\"search_term_string\"}}],\"inLanguage\":\"pt-PT\"},{\"@type\":\"Organization\",\"@id\":\"https:\/\/www.pressenza.com\/pt-pt\/#organization\",\"name\":\"Pressenza\",\"url\":\"https:\/\/www.pressenza.com\/pt-pt\/\",\"logo\":{\"@type\":\"ImageObject\",\"inLanguage\":\"pt-PT\",\"@id\":\"https:\/\/www.pressenza.com\/pt-pt\/#\/schema\/logo\/image\/\",\"url\":\"https:\/\/www.pressenza.com\/wp-content\/uploads\/2022\/10\/pressenza_logo_200x200.jpg\",\"contentUrl\":\"https:\/\/www.pressenza.com\/wp-content\/uploads\/2022\/10\/pressenza_logo_200x200.jpg\",\"width\":200,\"height\":200,\"caption\":\"Pressenza\"},\"image\":{\"@id\":\"https:\/\/www.pressenza.com\/pt-pt\/#\/schema\/logo\/image\/\"},\"sameAs\":[\"https:\/\/www.facebook.com\/PressenzaItalia\",\"https:\/\/x.com\/PressenzaIPA\"]},{\"@type\":\"Person\",\"@id\":\"https:\/\/www.pressenza.com\/pt-pt\/#\/schema\/person\/883a735c40665759bcc6fe0c26bcb46f\",\"name\":\"Redacci\u00f3n Ecuador\",\"description\":\"News published by the Pressenza bureau in Quito, Ecuador\",\"url\":\"https:\/\/www.pressenza.com\/pt-pt\/author\/redaccion-ecuador\/\"}]}<\/script>\n<!-- \/ Yoast SEO plugin. -->","yoast_head_json":{"title":"Olivier Turquet: \"N\u00e3o h\u00e1 melhor palavra para definir a direita que anti-humanismo\"","description":"O programa da Pressenza \"En la Oreja\" entrevistou o editor italiano Olivier Turquet, abaixo o \u00e1udio e a\u00a0transcri\u00e7\u00e3o abrir no invoxx A Europa continua","robots":{"index":"index","follow":"follow","max-snippet":"max-snippet:-1","max-image-preview":"max-image-preview:large","max-video-preview":"max-video-preview:-1"},"canonical":"https:\/\/www.pressenza.com\/pt-pt\/2016\/12\/olivier-turquet-nao-ha-melhor-palavra-para-definir-direita-que-anti-humanismo\/","og_locale":"pt_PT","og_type":"article","og_title":"Olivier Turquet: \"N\u00e3o h\u00e1 melhor palavra para definir a direita que anti-humanismo\"","og_description":"O programa da Pressenza \"En la Oreja\" entrevistou o editor italiano Olivier Turquet, abaixo o \u00e1udio e a\u00a0transcri\u00e7\u00e3o abrir no invoxx A Europa continua","og_url":"https:\/\/www.pressenza.com\/pt-pt\/2016\/12\/olivier-turquet-nao-ha-melhor-palavra-para-definir-direita-que-anti-humanismo\/","og_site_name":"Pressenza","article_publisher":"https:\/\/www.facebook.com\/PressenzaItalia","article_published_time":"2016-12-22T23:16:44+00:00","og_image":[{"width":926,"height":653,"url":"https:\/\/www.pressenza.com\/wp-content\/uploads\/2016\/12\/oli-1.png","type":"image\/png"}],"author":"Redacci\u00f3n Ecuador","twitter_card":"summary_large_image","twitter_creator":"@PressenzaIPA","twitter_site":"@PressenzaIPA","twitter_misc":{"Escrito por":"Redacci\u00f3n Ecuador","Tempo estimado de leitura":"6 minutos"},"schema":{"@context":"https:\/\/schema.org","@graph":[{"@type":"Article","@id":"https:\/\/www.pressenza.com\/pt-pt\/2016\/12\/olivier-turquet-nao-ha-melhor-palavra-para-definir-direita-que-anti-humanismo\/#article","isPartOf":{"@id":"https:\/\/www.pressenza.com\/pt-pt\/2016\/12\/olivier-turquet-nao-ha-melhor-palavra-para-definir-direita-que-anti-humanismo\/"},"author":{"name":"Redacci\u00f3n Ecuador","@id":"https:\/\/www.pressenza.com\/pt-pt\/#\/schema\/person\/883a735c40665759bcc6fe0c26bcb46f"},"headline":"Olivier Turquet: &#8220;N\u00e3o h\u00e1 melhor palavra para definir a direita que anti-humanismo&#8221;","datePublished":"2016-12-22T23:16:44+00:00","mainEntityOfPage":{"@id":"https:\/\/www.pressenza.com\/pt-pt\/2016\/12\/olivier-turquet-nao-ha-melhor-palavra-para-definir-direita-que-anti-humanismo\/"},"wordCount":1274,"publisher":{"@id":"https:\/\/www.pressenza.com\/pt-pt\/#organization"},"image":{"@id":"https:\/\/www.pressenza.com\/pt-pt\/2016\/12\/olivier-turquet-nao-ha-melhor-palavra-para-definir-direita-que-anti-humanismo\/#primaryimage"},"thumbnailUrl":"https:\/\/www.pressenza.com\/wp-content\/uploads\/2016\/12\/oli-1.png","keywords":["Democracia","Europa"],"articleSection":["Conte\u00fado Original","Cultura e M\u00eddia","Entrevista","Europa","Internacional","Pol\u00edtica","Radio"],"inLanguage":"pt-PT"},{"@type":"WebPage","@id":"https:\/\/www.pressenza.com\/pt-pt\/2016\/12\/olivier-turquet-nao-ha-melhor-palavra-para-definir-direita-que-anti-humanismo\/","url":"https:\/\/www.pressenza.com\/pt-pt\/2016\/12\/olivier-turquet-nao-ha-melhor-palavra-para-definir-direita-que-anti-humanismo\/","name":"Olivier Turquet: \"N\u00e3o h\u00e1 melhor palavra para definir a direita que anti-humanismo\"","isPartOf":{"@id":"https:\/\/www.pressenza.com\/pt-pt\/#website"},"primaryImageOfPage":{"@id":"https:\/\/www.pressenza.com\/pt-pt\/2016\/12\/olivier-turquet-nao-ha-melhor-palavra-para-definir-direita-que-anti-humanismo\/#primaryimage"},"image":{"@id":"https:\/\/www.pressenza.com\/pt-pt\/2016\/12\/olivier-turquet-nao-ha-melhor-palavra-para-definir-direita-que-anti-humanismo\/#primaryimage"},"thumbnailUrl":"https:\/\/www.pressenza.com\/wp-content\/uploads\/2016\/12\/oli-1.png","datePublished":"2016-12-22T23:16:44+00:00","description":"O programa da Pressenza \"En la Oreja\" entrevistou o editor italiano Olivier Turquet, abaixo o \u00e1udio e a\u00a0transcri\u00e7\u00e3o abrir no invoxx A Europa continua","breadcrumb":{"@id":"https:\/\/www.pressenza.com\/pt-pt\/2016\/12\/olivier-turquet-nao-ha-melhor-palavra-para-definir-direita-que-anti-humanismo\/#breadcrumb"},"inLanguage":"pt-PT","potentialAction":[{"@type":"ReadAction","target":["https:\/\/www.pressenza.com\/pt-pt\/2016\/12\/olivier-turquet-nao-ha-melhor-palavra-para-definir-direita-que-anti-humanismo\/"]}]},{"@type":"ImageObject","inLanguage":"pt-PT","@id":"https:\/\/www.pressenza.com\/pt-pt\/2016\/12\/olivier-turquet-nao-ha-melhor-palavra-para-definir-direita-que-anti-humanismo\/#primaryimage","url":"https:\/\/www.pressenza.com\/wp-content\/uploads\/2016\/12\/oli-1.png","contentUrl":"https:\/\/www.pressenza.com\/wp-content\/uploads\/2016\/12\/oli-1.png","width":926,"height":653},{"@type":"BreadcrumbList","@id":"https:\/\/www.pressenza.com\/pt-pt\/2016\/12\/olivier-turquet-nao-ha-melhor-palavra-para-definir-direita-que-anti-humanismo\/#breadcrumb","itemListElement":[{"@type":"ListItem","position":1,"name":"Accueil","item":"https:\/\/www.pressenza.com\/pt-pt\/"},{"@type":"ListItem","position":2,"name":"Olivier Turquet: &#8220;N\u00e3o h\u00e1 melhor palavra para definir a direita que anti-humanismo&#8221;"}]},{"@type":"WebSite","@id":"https:\/\/www.pressenza.com\/pt-pt\/#website","url":"https:\/\/www.pressenza.com\/pt-pt\/","name":"Pressenza","description":"International Press Agency","publisher":{"@id":"https:\/\/www.pressenza.com\/pt-pt\/#organization"},"potentialAction":[{"@type":"SearchAction","target":{"@type":"EntryPoint","urlTemplate":"https:\/\/www.pressenza.com\/pt-pt\/?s={search_term_string}"},"query-input":{"@type":"PropertyValueSpecification","valueRequired":true,"valueName":"search_term_string"}}],"inLanguage":"pt-PT"},{"@type":"Organization","@id":"https:\/\/www.pressenza.com\/pt-pt\/#organization","name":"Pressenza","url":"https:\/\/www.pressenza.com\/pt-pt\/","logo":{"@type":"ImageObject","inLanguage":"pt-PT","@id":"https:\/\/www.pressenza.com\/pt-pt\/#\/schema\/logo\/image\/","url":"https:\/\/www.pressenza.com\/wp-content\/uploads\/2022\/10\/pressenza_logo_200x200.jpg","contentUrl":"https:\/\/www.pressenza.com\/wp-content\/uploads\/2022\/10\/pressenza_logo_200x200.jpg","width":200,"height":200,"caption":"Pressenza"},"image":{"@id":"https:\/\/www.pressenza.com\/pt-pt\/#\/schema\/logo\/image\/"},"sameAs":["https:\/\/www.facebook.com\/PressenzaItalia","https:\/\/x.com\/PressenzaIPA"]},{"@type":"Person","@id":"https:\/\/www.pressenza.com\/pt-pt\/#\/schema\/person\/883a735c40665759bcc6fe0c26bcb46f","name":"Redacci\u00f3n Ecuador","description":"News published by the Pressenza bureau in Quito, Ecuador","url":"https:\/\/www.pressenza.com\/pt-pt\/author\/redaccion-ecuador\/"}]}},"place":"","original_article_url":"","_links":{"self":[{"href":"https:\/\/www.pressenza.com\/pt-pt\/wp-json\/wp\/v2\/posts\/412902","targetHints":{"allow":["GET"]}}],"collection":[{"href":"https:\/\/www.pressenza.com\/pt-pt\/wp-json\/wp\/v2\/posts"}],"about":[{"href":"https:\/\/www.pressenza.com\/pt-pt\/wp-json\/wp\/v2\/types\/post"}],"author":[{"embeddable":true,"href":"https:\/\/www.pressenza.com\/pt-pt\/wp-json\/wp\/v2\/users\/1011"}],"replies":[{"embeddable":true,"href":"https:\/\/www.pressenza.com\/pt-pt\/wp-json\/wp\/v2\/comments?post=412902"}],"version-history":[{"count":0,"href":"https:\/\/www.pressenza.com\/pt-pt\/wp-json\/wp\/v2\/posts\/412902\/revisions"}],"wp:featuredmedia":[{"embeddable":true,"href":"https:\/\/www.pressenza.com\/pt-pt\/wp-json\/wp\/v2\/media\/407841"}],"wp:attachment":[{"href":"https:\/\/www.pressenza.com\/pt-pt\/wp-json\/wp\/v2\/media?parent=412902"}],"wp:term":[{"taxonomy":"category","embeddable":true,"href":"https:\/\/www.pressenza.com\/pt-pt\/wp-json\/wp\/v2\/categories?post=412902"},{"taxonomy":"post_tag","embeddable":true,"href":"https:\/\/www.pressenza.com\/pt-pt\/wp-json\/wp\/v2\/tags?post=412902"}],"curies":[{"name":"wp","href":"https:\/\/api.w.org\/{rel}","templated":true}]}}