{"id":410281,"date":"2016-12-16T11:53:37","date_gmt":"2016-12-16T11:53:37","guid":{"rendered":"http:\/\/www.pressenza.com\/pt-pt\/?p=410281"},"modified":"2016-12-16T11:59:16","modified_gmt":"2016-12-16T11:59:16","slug":"direitos-migrantes-nenhum-menos","status":"publish","type":"post","link":"https:\/\/www.pressenza.com\/pt-pt\/2016\/12\/direitos-migrantes-nenhum-menos\/","title":{"rendered":"Direitos migrantes: nenhum a menos"},"content":{"rendered":"<p>A exposi\u00e7\u00e3o \u201cDireitos Migrantes: nenhum a menos\u201d, em cartaz no Museu da Imigra\u00e7\u00e3o desde o dia 24 de setembro de 2016, tem seu encerramento marcado para o pr\u00f3ximo domingo, 18 de dezembro, data em que \u00e9 celebrado o Dia Internacional dos e das Migrantes.<\/p>\n<p>Tendo como ponto de partida o entendimento de que a migra\u00e7\u00e3o \u00e9 um direito humano, independentemente da nacionalidade da pessoa, de seu pa\u00eds de origem ou de destino, a exposi\u00e7\u00e3o traz uma amostra da mobiliza\u00e7\u00e3o de migrantes por uma cidadania em movimento na cidade de S\u00e3o Paulo a partir de diferentes olhares.<\/p>\n<p>Dois projetos de Hist\u00f3ria Oral desenvolvidos pelo Museu da Imigra\u00e7\u00e3o \u2013 \u201cConselheiros extraordin\u00e1rios imigrantes nos conselhos participativos municipais\u201d e \u201cMulheres em movimento: migra\u00e7\u00e3o e mobiliza\u00e7\u00e3o feminina no estado de S\u00e3o Paulo\u201d \u2013 s\u00e3o o fio condutor da exposi\u00e7\u00e3o, trazendo entrevistas com migrantes das mais diversas origens (como Alemanha, Argentina, Angola, Bol\u00edvia, Chile, China, Estados Unidos, Guin\u00e9-Bissau, Mali, Peru e Senegal) residentes em S\u00e3o Paulo.<\/p>\n<p><img loading=\"lazy\" decoding=\"async\" class=\"alignnone size-large wp-image-410504\" src=\"http:\/\/www.pressenza.com\/wp-content\/uploads\/2016\/12\/29671588260_340d648360_k-720x480.jpg\" alt=\"29671588260_340d648360_k\" width=\"720\" height=\"480\" srcset=\"https:\/\/www.pressenza.com\/wp-content\/uploads\/2016\/12\/29671588260_340d648360_k-720x480.jpg 720w, https:\/\/www.pressenza.com\/wp-content\/uploads\/2016\/12\/29671588260_340d648360_k-300x200.jpg 300w, https:\/\/www.pressenza.com\/wp-content\/uploads\/2016\/12\/29671588260_340d648360_k-768x512.jpg 768w, https:\/\/www.pressenza.com\/wp-content\/uploads\/2016\/12\/29671588260_340d648360_k.jpg 2048w\" sizes=\"auto, (max-width: 720px) 100vw, 720px\" \/><\/p>\n<p>A exposi\u00e7\u00e3o conta, ainda, com fotografias de diferentes fot\u00f3grafos que acompanham e fazem parte dessa mobiliza\u00e7\u00e3o por direitos, v\u00eddeos do coletivo Visto Permanente &#8211; que, por meio da constru\u00e7\u00e3o de um acervo de audiovisual, se prop\u00f5e a contribuir com visibilidade de migrantes por meio da sua arte e cultura -, textos e poemas escritos por migrantes, assim como \u00e1udios captados em eventos protagonizados por migrantes, como o F\u00f3rum Social Mundial das Migra\u00e7\u00f5es.<\/p>\n<p>Por meio de imagens, sons e textos foram postas em evid\u00eancia diversas vozes e experi\u00eancias de migrantes na cidade de S\u00e3o Paulo. Ainda que essas pessoas possuam trajet\u00f3rias e bagagens \u00fanicas, todas trazem consigo um mesmo componente essencial: seus direitos humanos; direitos que migram junto com essas pessoas e que s\u00e3o inerentes a sua exist\u00eancia, n\u00e3o importando o local em que elas se encontrem. E \u00e9 justamente por querer exercer esses direitos que elas se mobilizam, demandam e ocupam espa\u00e7os nas cidades. A exposi\u00e7\u00e3o traz quatro eixos principais. No primeiro s\u00e3o representadas as fronteiras enfrentadas por essas pessoas no Brasil \u2013 tanto em seus aspectos mais pr\u00e1ticos e legais quanto em seu sentido simb\u00f3lico, sob um contexto mundial no qual predominam as pol\u00edticas restritivas e seletivas, que impedem ou dificultam o ingresso de determinadas pessoas nos pa\u00edses de destino, assim como recebem migrantes com crescentes atos de viol\u00eancia com motiva\u00e7\u00f5es racistas e xenof\u00f3bicas.<\/p>\n<p>A ideia \u00e9 refletir sobre as raz\u00f5es que geram desconfian\u00e7a e hostilidade perante uma pessoa que tem a cor de pele, a l\u00edngua, a cultura, a religi\u00e3o ou a nacionalidade diferentes. E quando somos n\u00f3s que migramos e somos os \u201coutros\u201d, os \u201cestrangeiros\u201d? Ser\u00e1 que nossa presen\u00e7a em outros pa\u00edses \u00e9 vista com medo e como amea\u00e7a?<\/p>\n<p><img loading=\"lazy\" decoding=\"async\" class=\"alignnone size-large wp-image-410497\" src=\"http:\/\/www.pressenza.com\/wp-content\/uploads\/2016\/12\/29671577280_24d684e962_k-720x480.jpg\" alt=\"29671577280_24d684e962_k\" width=\"720\" height=\"480\" srcset=\"https:\/\/www.pressenza.com\/wp-content\/uploads\/2016\/12\/29671577280_24d684e962_k-720x480.jpg 720w, https:\/\/www.pressenza.com\/wp-content\/uploads\/2016\/12\/29671577280_24d684e962_k-300x200.jpg 300w, https:\/\/www.pressenza.com\/wp-content\/uploads\/2016\/12\/29671577280_24d684e962_k-768x512.jpg 768w, https:\/\/www.pressenza.com\/wp-content\/uploads\/2016\/12\/29671577280_24d684e962_k.jpg 2048w\" sizes=\"auto, (max-width: 720px) 100vw, 720px\" \/><\/p>\n<p>Os outros tr\u00eas eixos retratam o protagonismo de migrantes nas lutas por seus direitos e por maior espa\u00e7o cultural, social e pol\u00edtico. Aqui se destacam o direito a participa\u00e7\u00e3o pol\u00edtica, assim como a campanha pelo direito ao voto no Brasil; a conquista de espa\u00e7os e visibilidade por parte das mulheres migrantes no movimento,cabendo mencionar a Frente de Mulheres Imigrantes e Refugiadas, representada especialmente pelas entrevistas com algumas integrantes e pela primeira faixa delas presente na exposi\u00e7\u00e3o; e as in\u00fameras formas de manifesta\u00e7\u00e3o cultural como meio de express\u00e3o.<\/p>\n<p>A luta por direitos e as diversas outras formas de manifesta\u00e7\u00e3o dessas popula\u00e7\u00f5es, assim como o pr\u00f3prio processo migrat\u00f3rio, podem ser entendidos como atos de resist\u00eancia e mobiliza\u00e7\u00e3o por um mundo em que a origem de uma pessoa seja soma, n\u00e3o um limite. A exposi\u00e7\u00e3o \u201cDireitos Migrantes: nenhum a menos\u201d tenta apresentar ao p\u00fablico uma amostra dessa mobiliza\u00e7\u00e3o.<\/p>\n<p>Texto: Tatiana C. Waldman, pesquisadora do Museu de Imigra\u00e7\u00e3o do Estado de S\u00e3o Paulo.<\/p>\n<p><strong>Exposi\u00e7\u00e3o \u201cDireitos migrantes: nenhum a menos\u201d<\/strong><br \/>\n<strong> Sala Hospedaria em Movimento<\/strong><br \/>\n<strong> Datas: de 24 de setembro a 18 de dezembro de 2016<\/strong><br \/>\n<strong> Hor\u00e1rio: Ter\u00e7a a s\u00e1bado, das 9h \u00e0s 17h, e aos domingos das 10h \u00e0s 17h.<\/strong><br \/>\n<strong> Local: Rua Visconde de Parna\u00edba, n\u00ba 1316 \u2013 Mooca \u2013S\u00e3o Paulo<\/strong><br \/>\n<strong> Informa\u00e7\u00f5es: (11) 2692-1866 ou www.museudaimigracao.org.br<\/strong><\/p>\n","protected":false},"excerpt":{"rendered":"<p>A exposi\u00e7\u00e3o \u201cDireitos Migrantes: nenhum a menos\u201d, em cartaz no Museu da Imigra\u00e7\u00e3o desde o dia 24 de setembro de 2016, tem seu encerramento marcado para o pr\u00f3ximo domingo, 18 de dezembro, data em que \u00e9 celebrado o Dia Internacional&hellip;<\/p>\n","protected":false},"author":1283,"featured_media":410298,"comment_status":"closed","ping_status":"closed","sticky":false,"template":"","format":"standard","meta":{"footnotes":""},"categories":[104,113,11390,1255,1256,153,111],"tags":[33613,33614,10491,33611,21624,33612],"class_list":["post-410281","post","type-post","status-publish","format-standard","has-post-thumbnail","hentry","category-america-do-sul","category-noticias-do-exterior","category-conteudo-original","category-diversidade","category-nao-violencia","category-nota-de-imprensa","category-politica-pt-pt","tag-direitos-migrantes","tag-frente-de-mulehres-imigrantes-e-refugiadas","tag-imigracao","tag-musei-da-imigracao","tag-refugio","tag-tatiana-waldman"],"yoast_head":"<!-- This site is optimized with the Yoast SEO plugin v27.1.1 - https:\/\/yoast.com\/product\/yoast-seo-wordpress\/ -->\n<title>Direitos migrantes: nenhum a menos<\/title>\n<meta name=\"description\" content=\"A exposi\u00e7\u00e3o \u201cDireitos Migrantes: nenhum a menos\u201d, em cartaz no Museu da Imigra\u00e7\u00e3o desde o dia 24 de setembro de 2016, tem seu encerramento marcado para o\" \/>\n<meta name=\"robots\" content=\"index, follow, max-snippet:-1, max-image-preview:large, max-video-preview:-1\" \/>\n<link rel=\"canonical\" href=\"https:\/\/www.pressenza.com\/pt-pt\/2016\/12\/direitos-migrantes-nenhum-menos\/\" \/>\n<meta property=\"og:locale\" content=\"pt_PT\" \/>\n<meta property=\"og:type\" content=\"article\" \/>\n<meta property=\"og:title\" content=\"Direitos migrantes: nenhum a menos\" \/>\n<meta property=\"og:description\" content=\"A exposi\u00e7\u00e3o \u201cDireitos Migrantes: nenhum a menos\u201d, em cartaz no Museu da Imigra\u00e7\u00e3o desde o dia 24 de setembro de 2016, tem seu encerramento marcado para o\" \/>\n<meta property=\"og:url\" content=\"https:\/\/www.pressenza.com\/pt-pt\/2016\/12\/direitos-migrantes-nenhum-menos\/\" \/>\n<meta property=\"og:site_name\" content=\"Pressenza\" \/>\n<meta property=\"article:publisher\" content=\"https:\/\/www.facebook.com\/PressenzaItalia\" \/>\n<meta property=\"article:author\" content=\"https:\/\/www.facebook.com\/EquipeDeBaseWarmisConvergenciaDasCulturas\/\" \/>\n<meta property=\"article:published_time\" content=\"2016-12-16T11:53:37+00:00\" \/>\n<meta property=\"article:modified_time\" content=\"2016-12-16T11:59:16+00:00\" \/>\n<meta property=\"og:image\" content=\"https:\/\/www.pressenza.com\/wp-content\/uploads\/2016\/12\/29931195256_a5fc2d84dc_k.jpg\" \/>\n\t<meta property=\"og:image:width\" content=\"2048\" \/>\n\t<meta property=\"og:image:height\" content=\"1365\" \/>\n\t<meta property=\"og:image:type\" content=\"image\/jpeg\" \/>\n<meta name=\"author\" content=\"Equipe de Base Warmis-Converg\u00eancia das Culturas\" \/>\n<meta name=\"twitter:card\" content=\"summary_large_image\" \/>\n<meta name=\"twitter:creator\" content=\"@basewarmis\" \/>\n<meta name=\"twitter:site\" content=\"@PressenzaIPA\" \/>\n<meta name=\"twitter:label1\" content=\"Escrito por\" \/>\n\t<meta name=\"twitter:data1\" content=\"Equipe de Base Warmis-Converg\u00eancia das Culturas\" \/>\n\t<meta name=\"twitter:label2\" content=\"Tempo estimado de leitura\" \/>\n\t<meta name=\"twitter:data2\" content=\"4 minutos\" \/>\n<script type=\"application\/ld+json\" class=\"yoast-schema-graph\">{\"@context\":\"https:\/\/schema.org\",\"@graph\":[{\"@type\":\"Article\",\"@id\":\"https:\/\/www.pressenza.com\/pt-pt\/2016\/12\/direitos-migrantes-nenhum-menos\/#article\",\"isPartOf\":{\"@id\":\"https:\/\/www.pressenza.com\/pt-pt\/2016\/12\/direitos-migrantes-nenhum-menos\/\"},\"author\":{\"name\":\"Equipe de Base Warmis-Converg\u00eancia das Culturas\",\"@id\":\"https:\/\/www.pressenza.com\/pt-pt\/#\/schema\/person\/e08eda5bae47cda13b1567e96216cf51\"},\"headline\":\"Direitos migrantes: nenhum a menos\",\"datePublished\":\"2016-12-16T11:53:37+00:00\",\"dateModified\":\"2016-12-16T11:59:16+00:00\",\"mainEntityOfPage\":{\"@id\":\"https:\/\/www.pressenza.com\/pt-pt\/2016\/12\/direitos-migrantes-nenhum-menos\/\"},\"wordCount\":726,\"publisher\":{\"@id\":\"https:\/\/www.pressenza.com\/pt-pt\/#organization\"},\"image\":{\"@id\":\"https:\/\/www.pressenza.com\/pt-pt\/2016\/12\/direitos-migrantes-nenhum-menos\/#primaryimage\"},\"thumbnailUrl\":\"https:\/\/www.pressenza.com\/wp-content\/uploads\/2016\/12\/29931195256_a5fc2d84dc_k.jpg\",\"keywords\":[\"direitos migrantes\",\"frente de mulehres imigrantes e refugiadas.\",\"imigracao\",\"musei da imigra\u00e7\u00e3o\",\"refugio\",\"tatiana waldman\"],\"articleSection\":[\"\u00c1m\u00e9rica do Sul\",\"Assuntos internacionais\",\"Conte\u00fado Original\",\"Diversidade\",\"N\u00e3o viol\u00eancia\",\"Nota de imprensa\",\"Pol\u00edtica\"],\"inLanguage\":\"pt-PT\"},{\"@type\":\"WebPage\",\"@id\":\"https:\/\/www.pressenza.com\/pt-pt\/2016\/12\/direitos-migrantes-nenhum-menos\/\",\"url\":\"https:\/\/www.pressenza.com\/pt-pt\/2016\/12\/direitos-migrantes-nenhum-menos\/\",\"name\":\"Direitos migrantes: nenhum a menos\",\"isPartOf\":{\"@id\":\"https:\/\/www.pressenza.com\/pt-pt\/#website\"},\"primaryImageOfPage\":{\"@id\":\"https:\/\/www.pressenza.com\/pt-pt\/2016\/12\/direitos-migrantes-nenhum-menos\/#primaryimage\"},\"image\":{\"@id\":\"https:\/\/www.pressenza.com\/pt-pt\/2016\/12\/direitos-migrantes-nenhum-menos\/#primaryimage\"},\"thumbnailUrl\":\"https:\/\/www.pressenza.com\/wp-content\/uploads\/2016\/12\/29931195256_a5fc2d84dc_k.jpg\",\"datePublished\":\"2016-12-16T11:53:37+00:00\",\"dateModified\":\"2016-12-16T11:59:16+00:00\",\"description\":\"A exposi\u00e7\u00e3o \u201cDireitos Migrantes: nenhum a menos\u201d, em cartaz no Museu da Imigra\u00e7\u00e3o desde o dia 24 de setembro de 2016, tem seu encerramento marcado para o\",\"breadcrumb\":{\"@id\":\"https:\/\/www.pressenza.com\/pt-pt\/2016\/12\/direitos-migrantes-nenhum-menos\/#breadcrumb\"},\"inLanguage\":\"pt-PT\",\"potentialAction\":[{\"@type\":\"ReadAction\",\"target\":[\"https:\/\/www.pressenza.com\/pt-pt\/2016\/12\/direitos-migrantes-nenhum-menos\/\"]}]},{\"@type\":\"ImageObject\",\"inLanguage\":\"pt-PT\",\"@id\":\"https:\/\/www.pressenza.com\/pt-pt\/2016\/12\/direitos-migrantes-nenhum-menos\/#primaryimage\",\"url\":\"https:\/\/www.pressenza.com\/wp-content\/uploads\/2016\/12\/29931195256_a5fc2d84dc_k.jpg\",\"contentUrl\":\"https:\/\/www.pressenza.com\/wp-content\/uploads\/2016\/12\/29931195256_a5fc2d84dc_k.jpg\",\"width\":2048,\"height\":1365},{\"@type\":\"BreadcrumbList\",\"@id\":\"https:\/\/www.pressenza.com\/pt-pt\/2016\/12\/direitos-migrantes-nenhum-menos\/#breadcrumb\",\"itemListElement\":[{\"@type\":\"ListItem\",\"position\":1,\"name\":\"Accueil\",\"item\":\"https:\/\/www.pressenza.com\/pt-pt\/\"},{\"@type\":\"ListItem\",\"position\":2,\"name\":\"Direitos migrantes: nenhum a menos\"}]},{\"@type\":\"WebSite\",\"@id\":\"https:\/\/www.pressenza.com\/pt-pt\/#website\",\"url\":\"https:\/\/www.pressenza.com\/pt-pt\/\",\"name\":\"Pressenza\",\"description\":\"International Press Agency\",\"publisher\":{\"@id\":\"https:\/\/www.pressenza.com\/pt-pt\/#organization\"},\"potentialAction\":[{\"@type\":\"SearchAction\",\"target\":{\"@type\":\"EntryPoint\",\"urlTemplate\":\"https:\/\/www.pressenza.com\/pt-pt\/?s={search_term_string}\"},\"query-input\":{\"@type\":\"PropertyValueSpecification\",\"valueRequired\":true,\"valueName\":\"search_term_string\"}}],\"inLanguage\":\"pt-PT\"},{\"@type\":\"Organization\",\"@id\":\"https:\/\/www.pressenza.com\/pt-pt\/#organization\",\"name\":\"Pressenza\",\"url\":\"https:\/\/www.pressenza.com\/pt-pt\/\",\"logo\":{\"@type\":\"ImageObject\",\"inLanguage\":\"pt-PT\",\"@id\":\"https:\/\/www.pressenza.com\/pt-pt\/#\/schema\/logo\/image\/\",\"url\":\"https:\/\/www.pressenza.com\/wp-content\/uploads\/2022\/10\/pressenza_logo_200x200.jpg\",\"contentUrl\":\"https:\/\/www.pressenza.com\/wp-content\/uploads\/2022\/10\/pressenza_logo_200x200.jpg\",\"width\":200,\"height\":200,\"caption\":\"Pressenza\"},\"image\":{\"@id\":\"https:\/\/www.pressenza.com\/pt-pt\/#\/schema\/logo\/image\/\"},\"sameAs\":[\"https:\/\/www.facebook.com\/PressenzaItalia\",\"https:\/\/x.com\/PressenzaIPA\"]},{\"@type\":\"Person\",\"@id\":\"https:\/\/www.pressenza.com\/pt-pt\/#\/schema\/person\/e08eda5bae47cda13b1567e96216cf51\",\"name\":\"Equipe de Base Warmis-Converg\u00eancia das Culturas\",\"description\":\"Somos mulheres imigrantes volunt\u00e1rias, que queremos transformar nossa realidade e melhorar as condi\u00e7\u00f5es nas quais vivemos, desenvolvendo e promovendo atividades em nossas comunidades.\",\"sameAs\":[\"http:\/\/www.warmis.org\",\"https:\/\/www.facebook.com\/EquipeDeBaseWarmisConvergenciaDasCulturas\/\",\"https:\/\/x.com\/basewarmis\"],\"url\":\"https:\/\/www.pressenza.com\/pt-pt\/author\/warmis\/\"}]}<\/script>\n<!-- \/ Yoast SEO plugin. -->","yoast_head_json":{"title":"Direitos migrantes: nenhum a menos","description":"A exposi\u00e7\u00e3o \u201cDireitos Migrantes: nenhum a menos\u201d, em cartaz no Museu da Imigra\u00e7\u00e3o desde o dia 24 de setembro de 2016, tem seu encerramento marcado para o","robots":{"index":"index","follow":"follow","max-snippet":"max-snippet:-1","max-image-preview":"max-image-preview:large","max-video-preview":"max-video-preview:-1"},"canonical":"https:\/\/www.pressenza.com\/pt-pt\/2016\/12\/direitos-migrantes-nenhum-menos\/","og_locale":"pt_PT","og_type":"article","og_title":"Direitos migrantes: nenhum a menos","og_description":"A exposi\u00e7\u00e3o \u201cDireitos Migrantes: nenhum a menos\u201d, em cartaz no Museu da Imigra\u00e7\u00e3o desde o dia 24 de setembro de 2016, tem seu encerramento marcado para o","og_url":"https:\/\/www.pressenza.com\/pt-pt\/2016\/12\/direitos-migrantes-nenhum-menos\/","og_site_name":"Pressenza","article_publisher":"https:\/\/www.facebook.com\/PressenzaItalia","article_author":"https:\/\/www.facebook.com\/EquipeDeBaseWarmisConvergenciaDasCulturas\/","article_published_time":"2016-12-16T11:53:37+00:00","article_modified_time":"2016-12-16T11:59:16+00:00","og_image":[{"width":2048,"height":1365,"url":"https:\/\/www.pressenza.com\/wp-content\/uploads\/2016\/12\/29931195256_a5fc2d84dc_k.jpg","type":"image\/jpeg"}],"author":"Equipe de Base Warmis-Converg\u00eancia das Culturas","twitter_card":"summary_large_image","twitter_creator":"@basewarmis","twitter_site":"@PressenzaIPA","twitter_misc":{"Escrito por":"Equipe de Base Warmis-Converg\u00eancia das Culturas","Tempo estimado de leitura":"4 minutos"},"schema":{"@context":"https:\/\/schema.org","@graph":[{"@type":"Article","@id":"https:\/\/www.pressenza.com\/pt-pt\/2016\/12\/direitos-migrantes-nenhum-menos\/#article","isPartOf":{"@id":"https:\/\/www.pressenza.com\/pt-pt\/2016\/12\/direitos-migrantes-nenhum-menos\/"},"author":{"name":"Equipe de Base Warmis-Converg\u00eancia das Culturas","@id":"https:\/\/www.pressenza.com\/pt-pt\/#\/schema\/person\/e08eda5bae47cda13b1567e96216cf51"},"headline":"Direitos migrantes: nenhum a menos","datePublished":"2016-12-16T11:53:37+00:00","dateModified":"2016-12-16T11:59:16+00:00","mainEntityOfPage":{"@id":"https:\/\/www.pressenza.com\/pt-pt\/2016\/12\/direitos-migrantes-nenhum-menos\/"},"wordCount":726,"publisher":{"@id":"https:\/\/www.pressenza.com\/pt-pt\/#organization"},"image":{"@id":"https:\/\/www.pressenza.com\/pt-pt\/2016\/12\/direitos-migrantes-nenhum-menos\/#primaryimage"},"thumbnailUrl":"https:\/\/www.pressenza.com\/wp-content\/uploads\/2016\/12\/29931195256_a5fc2d84dc_k.jpg","keywords":["direitos migrantes","frente de mulehres imigrantes e refugiadas.","imigracao","musei da imigra\u00e7\u00e3o","refugio","tatiana waldman"],"articleSection":["\u00c1m\u00e9rica do Sul","Assuntos internacionais","Conte\u00fado Original","Diversidade","N\u00e3o viol\u00eancia","Nota de imprensa","Pol\u00edtica"],"inLanguage":"pt-PT"},{"@type":"WebPage","@id":"https:\/\/www.pressenza.com\/pt-pt\/2016\/12\/direitos-migrantes-nenhum-menos\/","url":"https:\/\/www.pressenza.com\/pt-pt\/2016\/12\/direitos-migrantes-nenhum-menos\/","name":"Direitos migrantes: nenhum a menos","isPartOf":{"@id":"https:\/\/www.pressenza.com\/pt-pt\/#website"},"primaryImageOfPage":{"@id":"https:\/\/www.pressenza.com\/pt-pt\/2016\/12\/direitos-migrantes-nenhum-menos\/#primaryimage"},"image":{"@id":"https:\/\/www.pressenza.com\/pt-pt\/2016\/12\/direitos-migrantes-nenhum-menos\/#primaryimage"},"thumbnailUrl":"https:\/\/www.pressenza.com\/wp-content\/uploads\/2016\/12\/29931195256_a5fc2d84dc_k.jpg","datePublished":"2016-12-16T11:53:37+00:00","dateModified":"2016-12-16T11:59:16+00:00","description":"A exposi\u00e7\u00e3o \u201cDireitos Migrantes: nenhum a menos\u201d, em cartaz no Museu da Imigra\u00e7\u00e3o desde o dia 24 de setembro de 2016, tem seu encerramento marcado para o","breadcrumb":{"@id":"https:\/\/www.pressenza.com\/pt-pt\/2016\/12\/direitos-migrantes-nenhum-menos\/#breadcrumb"},"inLanguage":"pt-PT","potentialAction":[{"@type":"ReadAction","target":["https:\/\/www.pressenza.com\/pt-pt\/2016\/12\/direitos-migrantes-nenhum-menos\/"]}]},{"@type":"ImageObject","inLanguage":"pt-PT","@id":"https:\/\/www.pressenza.com\/pt-pt\/2016\/12\/direitos-migrantes-nenhum-menos\/#primaryimage","url":"https:\/\/www.pressenza.com\/wp-content\/uploads\/2016\/12\/29931195256_a5fc2d84dc_k.jpg","contentUrl":"https:\/\/www.pressenza.com\/wp-content\/uploads\/2016\/12\/29931195256_a5fc2d84dc_k.jpg","width":2048,"height":1365},{"@type":"BreadcrumbList","@id":"https:\/\/www.pressenza.com\/pt-pt\/2016\/12\/direitos-migrantes-nenhum-menos\/#breadcrumb","itemListElement":[{"@type":"ListItem","position":1,"name":"Accueil","item":"https:\/\/www.pressenza.com\/pt-pt\/"},{"@type":"ListItem","position":2,"name":"Direitos migrantes: nenhum a menos"}]},{"@type":"WebSite","@id":"https:\/\/www.pressenza.com\/pt-pt\/#website","url":"https:\/\/www.pressenza.com\/pt-pt\/","name":"Pressenza","description":"International Press Agency","publisher":{"@id":"https:\/\/www.pressenza.com\/pt-pt\/#organization"},"potentialAction":[{"@type":"SearchAction","target":{"@type":"EntryPoint","urlTemplate":"https:\/\/www.pressenza.com\/pt-pt\/?s={search_term_string}"},"query-input":{"@type":"PropertyValueSpecification","valueRequired":true,"valueName":"search_term_string"}}],"inLanguage":"pt-PT"},{"@type":"Organization","@id":"https:\/\/www.pressenza.com\/pt-pt\/#organization","name":"Pressenza","url":"https:\/\/www.pressenza.com\/pt-pt\/","logo":{"@type":"ImageObject","inLanguage":"pt-PT","@id":"https:\/\/www.pressenza.com\/pt-pt\/#\/schema\/logo\/image\/","url":"https:\/\/www.pressenza.com\/wp-content\/uploads\/2022\/10\/pressenza_logo_200x200.jpg","contentUrl":"https:\/\/www.pressenza.com\/wp-content\/uploads\/2022\/10\/pressenza_logo_200x200.jpg","width":200,"height":200,"caption":"Pressenza"},"image":{"@id":"https:\/\/www.pressenza.com\/pt-pt\/#\/schema\/logo\/image\/"},"sameAs":["https:\/\/www.facebook.com\/PressenzaItalia","https:\/\/x.com\/PressenzaIPA"]},{"@type":"Person","@id":"https:\/\/www.pressenza.com\/pt-pt\/#\/schema\/person\/e08eda5bae47cda13b1567e96216cf51","name":"Equipe de Base Warmis-Converg\u00eancia das Culturas","description":"Somos mulheres imigrantes volunt\u00e1rias, que queremos transformar nossa realidade e melhorar as condi\u00e7\u00f5es nas quais vivemos, desenvolvendo e promovendo atividades em nossas comunidades.","sameAs":["http:\/\/www.warmis.org","https:\/\/www.facebook.com\/EquipeDeBaseWarmisConvergenciaDasCulturas\/","https:\/\/x.com\/basewarmis"],"url":"https:\/\/www.pressenza.com\/pt-pt\/author\/warmis\/"}]}},"place":"S\u00e3o Paulo, Brasil.","original_article_url":"","_links":{"self":[{"href":"https:\/\/www.pressenza.com\/pt-pt\/wp-json\/wp\/v2\/posts\/410281","targetHints":{"allow":["GET"]}}],"collection":[{"href":"https:\/\/www.pressenza.com\/pt-pt\/wp-json\/wp\/v2\/posts"}],"about":[{"href":"https:\/\/www.pressenza.com\/pt-pt\/wp-json\/wp\/v2\/types\/post"}],"author":[{"embeddable":true,"href":"https:\/\/www.pressenza.com\/pt-pt\/wp-json\/wp\/v2\/users\/1283"}],"replies":[{"embeddable":true,"href":"https:\/\/www.pressenza.com\/pt-pt\/wp-json\/wp\/v2\/comments?post=410281"}],"version-history":[{"count":0,"href":"https:\/\/www.pressenza.com\/pt-pt\/wp-json\/wp\/v2\/posts\/410281\/revisions"}],"wp:featuredmedia":[{"embeddable":true,"href":"https:\/\/www.pressenza.com\/pt-pt\/wp-json\/wp\/v2\/media\/410298"}],"wp:attachment":[{"href":"https:\/\/www.pressenza.com\/pt-pt\/wp-json\/wp\/v2\/media?parent=410281"}],"wp:term":[{"taxonomy":"category","embeddable":true,"href":"https:\/\/www.pressenza.com\/pt-pt\/wp-json\/wp\/v2\/categories?post=410281"},{"taxonomy":"post_tag","embeddable":true,"href":"https:\/\/www.pressenza.com\/pt-pt\/wp-json\/wp\/v2\/tags?post=410281"}],"curies":[{"name":"wp","href":"https:\/\/api.w.org\/{rel}","templated":true}]}}