{"id":398779,"date":"2016-11-17T19:37:51","date_gmt":"2016-11-17T19:37:51","guid":{"rendered":"http:\/\/www.pressenza.com\/pt-pt\/?p=398779"},"modified":"2016-11-17T19:38:03","modified_gmt":"2016-11-17T19:38:03","slug":"o-cara-da-esquina-que-ja-e-fascista-vai-crescer-mas-vitoria-de-trump-nao-muda-politicas-concretas","status":"publish","type":"post","link":"https:\/\/www.pressenza.com\/pt-pt\/2016\/11\/o-cara-da-esquina-que-ja-e-fascista-vai-crescer-mas-vitoria-de-trump-nao-muda-politicas-concretas\/","title":{"rendered":"\u201cO cara da esquina que j\u00e1 \u00e9 fascista vai crescer\u201d mas vit\u00f3ria de Trump n\u00e3o muda \u201cpol\u00edticas concretas\u201d"},"content":{"rendered":"<p><em>Por<strong> Anna Beatriz Anjos\/P\u00fablica<\/strong><\/em><\/p>\n<p><strong>Em entrevista \u00e0 P\u00fablica, professor Reginaldo Nasser diz que as diferen\u00e7as entre Hillary e Trump s\u00e3o simb\u00f3licas e que pol\u00edtica externa e quest\u00e3o de imigrantes dependem de institui\u00e7\u00f5es com poder maior do que presidente norte-americano<\/strong><\/p>\n<p>O dia 9 de novembro de 2016 entrou para a hist\u00f3ria como a data em que o ex-apresentador de TV e bilion\u00e1rio Donald Trump superou a concorrente Hillary Clinton e chegou \u00e0 presid\u00eancia dos Estados Unidos. O republicano contrariou as previs\u00f5es de especialistas e da pr\u00f3pria imprensa norte-americana ao levar os votos de 279 delegados do Col\u00e9gio Eleitoral contra 228 de sua advers\u00e1ria.<\/p>\n<p>Logo ap\u00f3s a consolida\u00e7\u00e3o do resultado das elei\u00e7\u00f5es, a P\u00fablica ouviu o professor de Rela\u00e7\u00f5es Internacionais da PUC-SP Reginaldo Nasser para entender os significados da vit\u00f3ria de Trump n\u00e3o s\u00f3 nos Estados Unidos, mas no mundo. Nasser abordou a frequente compara\u00e7\u00e3o entre o novo presidente norte-americano e o deputado federal Jair Bolsonaro (PSC-RJ), al\u00e7ado ao posto de \u00edcone do conservadorismo no Brasil.<\/p>\n<p>Em 45 minutos de conversa, o professor explicou tamb\u00e9m as diferen\u00e7as entre o contexto norte-americano e brasileiro no que diz respeito \u00e0 ascens\u00e3o de lideran\u00e7as como Trump. Destacou, ainda, a proje\u00e7\u00e3o de Bernie Sanders, ex-pr\u00e9-candidato democrata \u00e0 presid\u00eancia, como sinal de que h\u00e1 espa\u00e7o para movimentos de rea\u00e7\u00e3o a propostas de direita.<\/p>\n<p><strong>\u201cFazer com que os Estados Unidos voltem a ser grandiosos\u201d (\u201cMake America great again\u201d): esse foi o slogan adotado pela campanha de Donald Trump. Qual o seu significado no plano internacional?<\/strong><\/p>\n<p>N\u00e3o avalio que haja diferen\u00e7as entre Trump e Hillary. Cada vez mais, e j\u00e1 h\u00e1 muito tempo, os Estados Unidos mant\u00eam, principalmente em pol\u00edtica externa, aquilo que chamamos de \u201cpol\u00edtica de Estado\u201d, ou seja, as mudan\u00e7as de governo n\u00e3o alteram substancialmente a pol\u00edtica externa. Precisamos saber onde se formulam as decis\u00f5es e os grupos de influ\u00eancia \u2013 o Congresso \u00e9 um. O Congresso \u00e9 formado pelos partidos mas tamb\u00e9m pelos <em>lobbies<\/em>. Eles, por vezes, congregam deputados ou senadores dos dois partidos. Ou seja, acaba-se chegando a certos consensos. Vamos pegar a quest\u00e3o dos imigrantes: hoje mesmo fui pesquisar e, durante os oito anos de governo Obama, foram deportadas 2,5 milh\u00f5es de pessoas, um dos maiores n\u00fameros da hist\u00f3ria dos Estados Unidos, se n\u00e3o o maior. Isso fora a quantidade de gente que n\u00e3o foi autorizada a entrar ou que foi convidada a \u201csair voluntariamente\u201d. \u00c9 uma marca muito forte <em>[do governo Obama]<\/em>, apesar de ter um discurso mais brando, dos democratas. O estilo diferencia muito; o estilo democrata sup\u00f5e, em geral, uma forma\u00e7\u00e3o em universidades mais qualificadas, s\u00e3o pessoas que t\u00eam um discurso, vamos dizer, mais civilizado. N\u00e3o \u00e9 s\u00f3 agora, voc\u00ea v\u00ea como era o [John F.] Kennedy [democrata], muito diferente do [Richard] Nixon [<em>republicano<\/em>] que veio depois, do Lyndon Johnson, democrata, voc\u00ea tem o Jimmy Carter [<em>democrata<\/em>], a\u00ed vem o Bush [<em>republicano<\/em>]. Voc\u00ea tem o estilo, forma\u00e7\u00e3o, tudo muito diferente. E isso, entendo, nos desvia a aten\u00e7\u00e3o das quest\u00f5es concretas. Quem entrou na guerra do Vietn\u00e3 pouca gente lembra ou sabe: foi o Kennedy. O Nixon foi \u00faltimo a apagar as luzes, matou muita gente e acabou aparecendo mais. Durante o governo de Bill Clinton, os Estados Unidos fizeram muitos ataques militares, mas a\u00ed quando veio o Bush, todo mundo ficou centrado em sua figura. Guerra do Iraque: houve um voto contr\u00e1rio de uma \u00fanica deputada, todos os deputados democratas votaram a favor, mas na narrativa parecia que o \u00fanico culpado era o Bush. H\u00e1 uma narrativa da m\u00eddia mais qualificada \u2013 <em>The New York Times<\/em>, principalmente \u2013 sempre pr\u00f3-democrata, e da m\u00eddia europeia tamb\u00e9m. Isso acaba nos desviando o olhar. Se voc\u00ea pegar, por exemplo, pol\u00edtica para o Oriente M\u00e9dio, Hillary ou Trump n\u00e3o muda nada. O Obama manteve a pol\u00edtica de vender armas e apoiar a Ar\u00e1bia Saudita, vender armas e apoiar Israel, fazer pouca movimenta\u00e7\u00e3o de retirada no Iraque e Afeganist\u00e3o. O apoio indireto ao Estado Isl\u00e2mico, que hoje est\u00e1 muito claro, veio de quem? Do governo Obama. Quando o Obama entrou, ocorreu um fato in\u00e9dito: ele manteve o secret\u00e1rio de Defesa do Bush [Robert Gates]. Foi uma coisa muito estranha, nunca tinha acontecido. Isso denota que h\u00e1 uma pol\u00edtica do Pent\u00e1gono, independente do presidente. H\u00e1 grupos \u2013 militares, pol\u00edticos, empresariais \u2013 com muita influ\u00eancia, que d\u00e3o o tom para uma certa pol\u00edtica do Pent\u00e1gono; outros grupos d\u00e3o o tom para a pol\u00edtica de imigra\u00e7\u00e3o. Onde h\u00e1 uma diferen\u00e7a bastante significativa para quest\u00f5es internas \u00e9 na \u00e1rea da seguridade social: os republicanos agem muito mais no sentido da privatiza\u00e7\u00e3o e de dar poder \u00e0s seguradoras. Fora isso, \u00e9 dif\u00edcil achar uma diferen\u00e7a significativa. E quando se diz \u201cvai ter mais protecionismo\u201d, temos que avaliar: pode ser em alguns produtos e n\u00e3o em outros. \u00c9 muito pontual, funciona muito em torno de grupos de apoio. Energia: energia limpa equivale aos democratas; petr\u00f3leo, aos republicanos. Ok, s\u00f3 que isso n\u00e3o deixa de ter suas pol\u00edticas protecionistas e restritivas. O que acho que volta e meia ca\u00edmos no equ\u00edvoco, principalmente na Am\u00e9rica Latina, \u00e9 falar \u201cos democratas apoiam e incentivam mais o multilateralismo\u201d. Eu diria: \u00e9 e n\u00e3o \u00e9. Eles apoiam multilateralismo com a Europa. Ent\u00e3o, por exemplo, o Trump, como Bush filho e pai, Nixon, todos eles t\u00eam discursos muito duros em rela\u00e7\u00e3o \u00e0s alian\u00e7as europeias, tanto militares como comerciais. A\u00ed, claro, os europeus aproveitam disso para dizer que \u00e9 com o mundo, e n\u00e3o \u00e9, \u00e9 com eles.<\/p>\n<div id=\"attachment_398794\" class=\"wp-caption alignnone\"><img loading=\"lazy\" decoding=\"async\" aria-describedby=\"caption-attachment-398794\" class=\"size-large wp-image-398794\" src=\"http:\/\/www.pressenza.com\/wp-content\/uploads\/2016\/11\/Gage-Skidmore-720x480.jpg\" alt=\"Donald Trump em Phoenix, capital do Arizona, na reta final da campanha, em outubro. Foto: Flickr\/Gage Skidmore.\" width=\"720\" height=\"480\" srcset=\"https:\/\/www.pressenza.com\/wp-content\/uploads\/2016\/11\/Gage-Skidmore-720x480.jpg 720w, https:\/\/www.pressenza.com\/wp-content\/uploads\/2016\/11\/Gage-Skidmore-300x200.jpg 300w, https:\/\/www.pressenza.com\/wp-content\/uploads\/2016\/11\/Gage-Skidmore-768x512.jpg 768w, https:\/\/www.pressenza.com\/wp-content\/uploads\/2016\/11\/Gage-Skidmore.jpg 1024w\" sizes=\"auto, (max-width: 720px) 100vw, 720px\" \/><p id=\"caption-attachment-398794\" class=\"wp-caption-text\">Donald Trump em Phoenix, capital do Arizona, na reta final da campanha, em outubro. Foto: Flickr\/Gage Skidmore.<\/p><\/div>\n<p><strong>Ent\u00e3o, em rela\u00e7\u00e3o \u00e0 pol\u00edtica para o Oriente M\u00e9dio, postura diante do Estado Isl\u00e2mico e refugiados, por exemplo, n\u00e3o haveria diferen\u00e7a entre Trump e Hillary Clinton?<\/strong><\/p>\n<p>N\u00e3o muda nada, isso \u00e9 pol\u00edtica definida pelo Pent\u00e1gono, Secretaria de Defesa. H\u00e1 um corpo muito mais permanente que n\u00e3o fica ao sabor dessas mudan\u00e7as circunstanciais. Como eu disse, em rela\u00e7\u00e3o \u00e0 Ar\u00e1bia Saudita: o Bush apoiou. A Ar\u00e1bia Saudita foi o \u00fanico pa\u00eds cujos diplomatas puderam sair depois depois do 11 de setembro sem ser vigiados. Todo mundo disse \u201co Bush se curvou a eles\u201d. Recentemente, foi aprovada uma lei no Congresso que permite que familiares de v\u00edtimas do 11 de setembro processem outros pa\u00edses [por v\u00ednculos com os ataques], e Obama vetou para proteger a Ar\u00e1bia Saudita. Israel: de todos os presidentes, Obama foi o que mais mandou dinheiro para Israel em armas etc. Outra coisa interna: militariza\u00e7\u00e3o da pol\u00edcia americana, h\u00e1 um auge com Obama. Com isso, n\u00e3o estou querendo dizer que Obama \u00e9 um traidor, mas \u00e9 que ele n\u00e3o tem controle. \u00c9 uma m\u00e1quina, na qual h\u00e1 diversas elites que se cruzam, articulam e acabam dominando o processo. N\u00e3o \u00e9 um presidente sentado em uma sala com uma caneta nas m\u00e3os que vai resolver isso.<\/p>\n<p><strong>Em rela\u00e7\u00e3o \u00e0 Am\u00e9rica Latina e ao Brasil, o que podemos esperar?<\/strong><\/p>\n<p>Tamb\u00e9m n\u00e3o muda nada. \u00c9 o \u00fanico ponto em que concordo com Temer na minha vida, pois ele deu uma declara\u00e7\u00e3o dizendo que n\u00e3o muda nada. Agora, tem esses arranjos, feitos frequentemente, de <em>lobbies<\/em> no Congresso. Vamos supor, na \u00e9poca do Bush tinha o lobby do \u00e1lcool e o lobby do petr\u00f3leo. O presidente pode ser influenciado por um lobby ou outro, mas n\u00e3o \u00e9 de iniciativa pr\u00f3pria dele. S\u00e3o esses grupos que v\u00e3o impulsionando essas pol\u00edticas pontuais.<\/p>\n<p><strong>Durante o per\u00edodo eleitoral, Trump criticou a globaliza\u00e7\u00e3o e se aproximou do protecionismo. Economicamente, o que representa sua vit\u00f3ria?<\/strong><\/p>\n<p>Tem inclusive uma quest\u00e3o hist\u00f3rica a\u00ed que volta e meia aparece: o momento em que os Estados Unidos tiveram proje\u00e7\u00e3o internleacional foi o p\u00f3s-Primeira Guerra Mundial, quando o presidente era Woodrow Wilson, um liberal, ou \u201cliberal internacionalista\u201d, como se definia. Foi Wilson que bolou toda a Liga das Na\u00e7\u00f5es, e quando foi para assinar a entrada dos EUA na Liga \u2013 que \u00e9, vamos dizer, a pr\u00e9-ONU \u2013, isso teve que passar pelo Senado, que rejeitou, um grupo de senadores se op\u00f4s. Os liberais denominaram esse grupo isolacionista, e ficou esse r\u00f3tulo. Quando falamos em isolacionismo, a palavra n\u00e3o designa o que \u00e9 real: ap\u00f3s 1909, os EUA n\u00e3o se isolaram de jeito nenhum, n\u00e3o entraram nas coliga\u00e7\u00f5es com os europeus, mas n\u00e3o se isolaram. Vejo, de certa forma, repetir isso com o Trump: ele n\u00e3o \u00e9 isolacionista coisa nenhuma, como \u00e9 que vai isolar a maior economia do mundo? S\u00e3o palavras jogadas ao vento. H\u00e1 uma internacionaliza\u00e7\u00e3o que n\u00e3o \u00e9 o estilo dos liberais americanos. O que seria esse estilo? Em primeiro lugar, multilateralismo com a Europa. Isso que o Trump est\u00e1 fazendo se coaduna com a atividade da Inglaterra. Antes do resultado das elei\u00e7\u00f5es, dei uma entrevista para o [jornalista] Luis Nassif em que disse: \u201colha, Nassif, est\u00e1 pintando a repeti\u00e7\u00e3o da dobradinha Ronald Reagan-Margaret Thatcher. Vai ser Theresa May [primeira-ministra inglesa] e o Trump\u201d. Est\u00e1 acontecendo uma diverg\u00eancia entre as elites financeiras e comerciais, tanto nos EUA como na Inglaterra, mas n\u00e3o \u00e9 que \u00e9 contra a elite, isso \u00e9 uma an\u00e1lise errada. Voc\u00ea tem um grupo estabelecido em Wall Street que apoia a Hillary e outro grupo surgindo que apoia o Trump. Documentos vazados pelo Wikileaks mostram que Wall Street apoia Hillary, isso \u00e9 fato. Agora, tem um grupo financeiro apoiando Trump, \u00e9 uma cis\u00e3o, como tamb\u00e9m ocorre na Inglaterra. Como se explica o \u201csim\u201d ganhar no plebiscito <em>[pela sa\u00edda do Reino Unido da Uni\u00e3o Europeia]<\/em> por mero acaso? Na Inglaterra tamb\u00e9m h\u00e1 uma imprensa de elite, liberal \u2013 <em>The Guardian, The Economist<\/em> \u2013 que pregou contra o Brexit e h\u00e1 a imprensa marrom, desqualificada, apoiando. E teve apoio popular. Como essa imprensa marrom funciona? Com dinheiro, algu\u00e9m est\u00e1 financiando. H\u00e1, portanto, uma clara divis\u00e3o entre as elites. Fareed Zakaria, um liberal internacionalista que trabalha na CNN e Newsweek, e o Timothy Ash, os dois escreveram h\u00e1 dois ou tr\u00eas meses dizendo que o liberal-internacionalismo precisa ser salvo, est\u00e1 sendo atacado pelo populismo. E o que eles chamam de populismo? Trump e os movimentos de direita na Inglaterra e Europa em geral. H\u00e1 uma diverg\u00eancia na elite econ\u00f4mica capitalista global. Mas n\u00e3o significa isolacionismo, n\u00e3o tem sentido isso.<\/p>\n<div id=\"attachment_398805\" class=\"wp-caption alignnone\"><img loading=\"lazy\" decoding=\"async\" aria-describedby=\"caption-attachment-398805\" class=\"size-large wp-image-398805\" src=\"http:\/\/www.pressenza.com\/wp-content\/uploads\/2016\/11\/Gage-Skidmore4-720x480.jpg\" alt=\"Foto Gage Skidmore\" width=\"720\" height=\"480\" srcset=\"https:\/\/www.pressenza.com\/wp-content\/uploads\/2016\/11\/Gage-Skidmore4-720x480.jpg 720w, https:\/\/www.pressenza.com\/wp-content\/uploads\/2016\/11\/Gage-Skidmore4-300x200.jpg 300w, https:\/\/www.pressenza.com\/wp-content\/uploads\/2016\/11\/Gage-Skidmore4-768x512.jpg 768w, https:\/\/www.pressenza.com\/wp-content\/uploads\/2016\/11\/Gage-Skidmore4.jpg 1024w\" sizes=\"auto, (max-width: 720px) 100vw, 720px\" \/><p id=\"caption-attachment-398805\" class=\"wp-caption-text\">Foto Gage Skidmore<\/p><\/div>\n<p><strong>O fil\u00f3sofo Slavoj \u017di\u017eek <a href=\"https:\/\/blogdaboitempo.com.br\/2016\/11\/08\/zizek-hillary-trump-e-o-mal-menor\/\" target=\"_blank\">escreveu recentemente<\/a> que a elei\u00e7\u00e3o de Hillary Clinton seria t\u00e3o ruim quanto a de Trump, pois a democrata representa o establishment, o status quo \u201cde uma situa\u00e7\u00e3o em que gradual mas inevitavelmente deslizamos para cat\u00e1strofes ecol\u00f3gicas, econ\u00f4micas e humanit\u00e1rias\u201d. Qual a sua opini\u00e3o em rela\u00e7\u00e3o a isso?<\/strong><\/p>\n<p>Concordo plenamente com \u017di\u017eek \u2013 eu s\u00f3 n\u00e3o votaria no Trump. \u00c9 a mesma coisa em rela\u00e7\u00e3o \u00e0 pol\u00edtica de Israel: o que muda para os palestinos estar no poder o Partido Trabalhista ou Netanyahu <em>[ex-primeiro ministro de Israel, l\u00edder do partido conservador Likud]<\/em>? Nada. Outra coisa que n\u00e3o mencionei: muito se diz que a Hillary \u00e9 mais liberal na quest\u00e3o de g\u00eanero, aborto, direitos. Pode ser, mas isso tudo n\u00e3o depende muito do governo federal. No dia das elei\u00e7\u00f5es nos EUA, foram votadas outras medidas nos estados, entre elas, a legaliza\u00e7\u00e3o do porte de maconha, aprovada em sete estados <em>[tr\u00eas estados aprovaram o uso recreativo da droga, e outros quatro, seu uso medicinal]<\/em>. No dia em que um presidente conservador foi eleito, alguns estados, por meio de vota\u00e7\u00f5es espec\u00edficas, foram, vamos dizer, por uma pol\u00edtica mais liberal, independentemente do presidente da Rep\u00fablica. Assim como h\u00e1 vota\u00e7\u00f5es sobre aborto, por exemplo, e outras que podem ser at\u00e9 mais \u00e0 direita que ele tamb\u00e9m.<\/p>\n<p>Estou dizendo que n\u00e3o muda nada, mas \u00e9 claro que, muitos grupos, em termos simb\u00f3licos e pol\u00edticos, v\u00e3o se ver fortalecidos. O Trump fez um discurso muito mais virulento que a Hillary em rela\u00e7\u00e3o aos imigrantes. O cara da esquina, que j\u00e1 \u00e9 fascista, vai crescer, como aqui no Brasil muita gente come\u00e7ou a mostrar a cara. Esse aspecto muda, mas n\u00e3o \u00e9 um aspecto de pol\u00edticas concretas. H\u00e1 um estado de esp\u00edrito, vamos dizer assim, mais favor\u00e1vel a esse discurso [conservador], afinal \u00e9 o presidente da Rep\u00fablica falando. A quest\u00e3o dos negros mesmo: foram mortos para burro durante o governo Obama, mas, por outro lado, ele fez um discurso contr\u00e1rio a isso, ia \u00e0s manifesta\u00e7\u00f5es, havia uma presen\u00e7a simb\u00f3lica. Pode esquecer isso com o Trump. Voltando a Israel, vi a afirma\u00e7\u00e3o do ministro da Educa\u00e7\u00e3o [Naftali Bennett], o cara se v\u00ea fortalecido. <a href=\"http:\/\/zh.clicrbs.com.br\/rs\/noticias\/mundo\/noticia\/2016\/11\/israel-diz-que-criacao-de-estado-palestino-ficou-para-tras-apos-vitoria-de-trump-8216909.html\" target=\"_blank\">Ele disse que com Obama ainda havia discuss\u00e3o sobre o Estado de Israel, mas com o Trump isso acabou, nunca mais vai ter. <\/a>Dentro do governo de Israel, por incr\u00edvel que pare\u00e7a, tem gente \u00e0 direita do Netanyahu, a exemplo deste ministro, que se viu fortalecido e deu a declara\u00e7\u00e3o. Nisso, a elei\u00e7\u00e3o de Trump tem influ\u00eancia, e n\u00e3o me surpreenderia se grupos da Am\u00e9rica Latina e do Brasil ficarem se referindo a ele. Apesar de que, voc\u00ea v\u00ea, o Bush votou contra ele. Boa parte do establishment do Partido Republicano ficou contra o Trump.<\/p>\n<p><strong>\u017di\u017eek termina o texto afirmando que a elei\u00e7\u00e3o de Trump pode abrir espa\u00e7o para o surgimento de um movimento de rea\u00e7\u00e3o e resist\u00eancia. Voc\u00ea concorda?<\/strong><\/p>\n<p>Acho que menos isso, porque sen\u00e3o estar\u00edamos apostando no \u201cquanto pior, melhor\u201d. Acho que o sinal poderoso disso, independente da gente querer ou n\u00e3o, \u00e9 o surgimento e for\u00e7a de Bernie Sanders, isso \u00e9 um outro fen\u00f4meno. Nessas mudan\u00e7as sociais, nunca muda apenas um lado, pode ser que um ganhe, sobreviva, mas ao mesmo tempo que havia o nazismo na Alemanha tinha um movimento comunista muito forte \u2013 foi derrotado, mas existia. Se pegarmos a campanha do Sanders, ningu\u00e9m de esquerda na Am\u00e9rica Latina nem chega pr\u00f3ximo, o PT fica de extrema direita perto dele. Este \u00e9 um outro fen\u00f4meno que n\u00e3o morre, \u00e9 real e concreto, n\u00e3o fact\u00f3ide. Sanders revela um lado de resist\u00eancia norte-americana, sem d\u00favida nenhuma, e que pode ganhar for\u00e7a durante o governo Trump. A sociedade norte-americana est\u00e1 bem dividida e radicalizada. O empobrecimento, o aumento da desigualdade, as pris\u00f5es lotadas de gente, o aumento do conflito racial revelam quest\u00f5es muito profundas, muito mais do que a discuss\u00e3o de se \u00e9 Trump ou Hillary. Isso pode ser canalizado ou n\u00e3o, o Sanders era uma aposta, vamos ver se surgem outras.<\/p>\n<p><strong>A vit\u00f3ria de Trump pode ser explicada por meio da avers\u00e3o das pessoas \u00e0 pol\u00edtica institucional? Isso seria uma fen\u00f4meno n\u00e3o restrito apenas aos EUA?<\/strong><\/p>\n<p>A quest\u00e3o se inicia antes. Ronald Reagan ganha duas campanhas. Hoje, perto do Trump, ele \u00e9 um intelectual, mas era ator de cinema B e mais nada. Depois quem ganha a elei\u00e7\u00e3o? Bush pai, republicano. A\u00ed vem o Clinton, ganha duas; em seguida, o Bush filho, com duas vit\u00f3rias tamb\u00e9m; e ent\u00e3o Obama, com dois mandatos. Quer dizer, h\u00e1 altern\u00e2ncia no poder. Franklin Roosevelt foi o \u00fanico democrata na hist\u00f3ria dos Estados Unidos a ter tr\u00eas mandatos seguidos. H\u00e1 esses ciclos, n\u00e3o \u00e9 de se espantar. O que espanta \u00e9 a vit\u00f3ria de Trump dentro de seu pr\u00f3prio partido, no qual todo mundo era contra ele. S\u00e3o sinais, precisamos estudar. Ningu\u00e9m ganha sozinho. Deve estar acontecendo uma mudan\u00e7a social, no corpo das elites, e do outro lado, das pessoas tamb\u00e9m. N\u00e3o sei se j\u00e1 divulgaram os \u00edndices de absten\u00e7\u00e3o, mas previa-se que estariam em torno de 50 a 53%, ou seja, mais da metade. A grande maioria dessas pessoas que n\u00e3o foi votar teria mais possibilidade de escolher Hillary do que Trump, mas a Hillary, dentro do Partido Democrata, est\u00e1 mais \u00e0 direita, ent\u00e3o o que aconteceu? Muita gente, achando que tanto fazia quem ganhasse, n\u00e3o votou. Por outro lado, e temos que admitir isso, \u00e9 um perfil de direita, os Estados Unidos sempre foram \u2013 o colono americano, que n\u00e3o quer o invasor e justifica matar \u00edndio, sempre teve isso, n\u00e3o \u00e9 de se espantar. Olha o racismo que existe l\u00e1, as leis [de segrega\u00e7\u00e3o racial] v\u00e3o ser abolidas apenas na d\u00e9cada de 1960, \u00e9 muito recente. N\u00e3o \u00e9 surpresa, isso faz parte da sociedade americana.<\/p>\n<p>Na minha opini\u00e3o, h\u00e1 duas coisas convergentes: h\u00e1 um momento de rea\u00e7\u00e3o da direita, de agir para colocar um fim nos anos Obama, ainda que n\u00e3o tenha havido grandes mudan\u00e7as ou mudan\u00e7a nenhuma, apenas simbolicamente; e uma quest\u00e3o mais de mudan\u00e7a de estrutura social do capitalismo, que denota a exist\u00eancia de grupos que se articulam em torno de uma figura como Trump \u2013 isso ocorre tamb\u00e9m na Inglaterra, como j\u00e1 falamos. Assim como h\u00e1 grupos na Alemanha em oposi\u00e7\u00e3o \u00e0 Merkel. Est\u00e1 havendo uma movimenta\u00e7\u00e3o geral de estrutura de sociedade, essa rejei\u00e7\u00e3o ao imigrante, ao refugiado, isso est\u00e1 muito forte. E \u00e9 ao n\u00edvel global, principalmente nos Estados Unidos e na Europa, que acabam dando o tom aos outros. Por exemplo, no Brasil, um pa\u00eds de 200 milh\u00f5es de habitantes, h\u00e1 8 mil refugiados, e eles j\u00e1 come\u00e7am a parecer um problema \u2013 \u00e9 irris\u00f3rio, mas est\u00e1 cheio de gente falando, criaram um problema. Mas temos que esperar, a composi\u00e7\u00e3o da equipe de Trump vai revelar coisas que at\u00e9 agora est\u00e3o um pouco escondidas. Que j\u00e1 h\u00e1 v\u00e1rios grupos em torno dele, n\u00e3o tenha d\u00favida nenhuma. Estou falando isso porque havia uma narrativa de que ele estaria sozinho \u2013 n\u00e3o \u00e9 que est\u00e1 sozinho, s\u00f3 deveria haver outros grupos. Como uma pessoa sozinha ganha sozinha a presid\u00eancia dos Estados Unidos?<\/p>\n<div id=\"attachment_398787\" class=\"wp-caption alignnone\"><img loading=\"lazy\" decoding=\"async\" aria-describedby=\"caption-attachment-398787\" class=\"size-large wp-image-398787\" src=\"http:\/\/www.pressenza.com\/wp-content\/uploads\/2016\/11\/Gage-Skidmore2-720x480.jpg\" alt=\"\u201cSanders revela um lado de resist\u00eancia norte-americana, sem d\u00favida nenhuma, e que pode ganhar for\u00e7a durante o governo Trump\u201d, diz o professor. Foto: Flickr\/Gage Skidmore. \" width=\"720\" height=\"480\" srcset=\"https:\/\/www.pressenza.com\/wp-content\/uploads\/2016\/11\/Gage-Skidmore2-720x480.jpg 720w, https:\/\/www.pressenza.com\/wp-content\/uploads\/2016\/11\/Gage-Skidmore2-300x200.jpg 300w, https:\/\/www.pressenza.com\/wp-content\/uploads\/2016\/11\/Gage-Skidmore2-768x512.jpg 768w, https:\/\/www.pressenza.com\/wp-content\/uploads\/2016\/11\/Gage-Skidmore2.jpg 1024w\" sizes=\"auto, (max-width: 720px) 100vw, 720px\" \/><p id=\"caption-attachment-398787\" class=\"wp-caption-text\">\u201cSanders revela um lado de resist\u00eancia norte-americana, sem d\u00favida nenhuma, e que pode ganhar for\u00e7a durante o governo Trump\u201d, diz o professor. Foto: Flickr\/Gage Skidmore.<\/p><\/div>\n<p><strong>No Brasil, Jair Bolsonaro \u00e9 apontado como o pol\u00edtico mais pr\u00f3ximo ao estilo de Trump. O que acha? Quais as diferen\u00e7as entre os dois?<\/strong><\/p>\n<p>O que estou querendo dizer \u00e9: a vit\u00f3ria do Trump tem sentido porque h\u00e1 grupos em sua respectiva sociedade que d\u00e1 suporte a isso. No Brasil, at\u00e9 agora, felizmente, n\u00e3o h\u00e1 esses grupos sociais \u2013 s\u00e3o manifesta\u00e7\u00f5es de Facebook e rua, n\u00e3o s\u00e3o grupos organizados. Se a gente perguntar quais os grupos sociais organizados que apoiam Bolsonaro, n\u00e3o sabemos. Por isso que tamb\u00e9m tenho dito que n\u00e3o \u00e9 fascismo, pode at\u00e9 s\u00ea-lo enquanto ideologia, mas n\u00e3o enquanto movimento. O fascismo contava com grupos, organiza\u00e7\u00f5es, recursos, projeto ideol\u00f3gico formatado e sistematizado, e n\u00f3s n\u00e3o temos isso \u2013 ainda bem. N\u00e3o vejo o Trump apoiando o Bolsonaro, e n\u00e3o \u00e9 f\u00e1cil capitalizar isso [os efeitos da vit\u00f3ria de Trump no Brasil]. Qual a declara\u00e7\u00e3o do Trump ao vencer? Ele quer unir os Estados Unidos. Isso n\u00e3o \u00e9 um receitu\u00e1rio t\u00edpico de direita. O Bolsonaro tem um pouco da direita americana, mas muito mais da direita europeia, mais ideol\u00f3gica. Como eu disse, o Trump \u00e9 um populista; n\u00e3o estou querendo dizer que n\u00e3o seja tamb\u00e9m de direita, mas n\u00e3o \u00e9 uma direita organizada, ideol\u00f3gica. O Bolsonaro tem um passado militar, j\u00e1 o Trump \u00e9 um homem do com\u00e9rcio, dos neg\u00f3cios. Por mais direita que seja, \u00e9 negociador, tem cifr\u00e3o nos olhos, \u00e9 diferente do Bolsonaro. O Bolsonaro faz mais o estilo do [Jean-Marie] Le Pen, da Fran\u00e7a. Claro que ele pegar\u00e1 carona em algumas coisas [geradas pela vit\u00f3ria do Trump], como a quest\u00e3o da imigra\u00e7\u00e3o, mas nada mais do que isso.<\/p>\n<p><strong>Com a crise econ\u00f4mica, institucional e de representatividade que o Brasil atravessa, nossa sociedade pode se tornar um terreno f\u00e9rtil para a ascens\u00e3o de lideran\u00e7as conservadoras?<\/strong><\/p>\n<p>Os Estados Unidos t\u00eam um longo hist\u00f3rico de grupos de direita organizados e financiados na sociedade, o que n\u00e3o existe no Brasil. A pr\u00f3pria quest\u00e3o do racismo vem do sul do pa\u00eds, onde h\u00e1 uma economia poderosa. Que base de apoio o Bolsonaro teria entre esses grupos de classe dominante em S\u00e3o Paulo, por exemplo? Uma coisa \u00e9 algu\u00e9m achar legal o que o Bolsonaro falou, outra coisa \u00e9 organizar isso, sistematizar, articular apoio. Tem que ter mudan\u00e7a de estrutura social que se adeque a determinadas ideias. N\u00e3o adianta import\u00e1-las simplesmente porque fica um discurso no vazio. L\u00e1 na Paulista mesmo tinha meia d\u00fazia de pessoas gritando \u201cTrump\u201d. H\u00e1 eventos epis\u00f3dicos, a pessoa vai para a rua e manifesta sua raiva naquele momento, depois acabou, voltou para casa. O fascismo vai para a rua na hora em que quer, aqui n\u00e3o, fica a reboque de certos grupos, n\u00e3o tem organiza\u00e7\u00e3o.<\/p>\n","protected":false},"excerpt":{"rendered":"<p>Por Anna Beatriz Anjos\/P\u00fablica Em entrevista \u00e0 P\u00fablica, professor Reginaldo Nasser diz que as diferen\u00e7as entre Hillary e Trump s\u00e3o simb\u00f3licas e que pol\u00edtica externa e quest\u00e3o de imigrantes dependem de institui\u00e7\u00f5es com poder maior do que presidente norte-americano O&hellip;<\/p>\n","protected":false},"author":44,"featured_media":398780,"comment_status":"closed","ping_status":"closed","sticky":false,"template":"","format":"standard","meta":{"footnotes":""},"categories":[104,159,111],"tags":[5984,2744,27254,28555,12472,32771],"class_list":["post-398779","post","type-post","status-publish","format-standard","has-post-thumbnail","hentry","category-america-do-sul","category-entrevista-pt-pt","category-politica-pt-pt","tag-america-latina-pt-pt","tag-brasil","tag-clinton","tag-obama","tag-oriente-medio-pt-pt","tag-tump"],"yoast_head":"<!-- This site is optimized with the Yoast SEO plugin v27.1.1 - https:\/\/yoast.com\/product\/yoast-seo-wordpress\/ -->\n<title>\u201cO cara da esquina que j\u00e1 \u00e9 fascista vai crescer\u201d mas vit\u00f3ria de Trump n\u00e3o muda \u201cpol\u00edticas concretas\u201d<\/title>\n<meta name=\"description\" content=\"Por Anna Beatriz Anjos\/P\u00fablica Em entrevista \u00e0 P\u00fablica, professor Reginaldo Nasser diz que as diferen\u00e7as entre Hillary e Trump s\u00e3o simb\u00f3licas e que\" \/>\n<meta name=\"robots\" content=\"index, follow, max-snippet:-1, max-image-preview:large, max-video-preview:-1\" \/>\n<link rel=\"canonical\" href=\"https:\/\/www.pressenza.com\/pt-pt\/2016\/11\/o-cara-da-esquina-que-ja-e-fascista-vai-crescer-mas-vitoria-de-trump-nao-muda-politicas-concretas\/\" \/>\n<meta property=\"og:locale\" content=\"pt_PT\" \/>\n<meta property=\"og:type\" content=\"article\" \/>\n<meta property=\"og:title\" content=\"\u201cO cara da esquina que j\u00e1 \u00e9 fascista vai crescer\u201d mas vit\u00f3ria de Trump n\u00e3o muda \u201cpol\u00edticas concretas\u201d\" \/>\n<meta property=\"og:description\" content=\"Por Anna Beatriz Anjos\/P\u00fablica Em entrevista \u00e0 P\u00fablica, professor Reginaldo Nasser diz que as diferen\u00e7as entre Hillary e Trump s\u00e3o simb\u00f3licas e que\" \/>\n<meta property=\"og:url\" content=\"https:\/\/www.pressenza.com\/pt-pt\/2016\/11\/o-cara-da-esquina-que-ja-e-fascista-vai-crescer-mas-vitoria-de-trump-nao-muda-politicas-concretas\/\" \/>\n<meta property=\"og:site_name\" content=\"Pressenza\" \/>\n<meta property=\"article:publisher\" content=\"https:\/\/www.facebook.com\/PressenzaItalia\" \/>\n<meta property=\"article:author\" content=\"https:\/\/www.facebook.com\/PressenzaPortugues\" \/>\n<meta property=\"article:published_time\" content=\"2016-11-17T19:37:51+00:00\" \/>\n<meta property=\"article:modified_time\" content=\"2016-11-17T19:38:03+00:00\" \/>\n<meta property=\"og:image\" content=\"https:\/\/www.pressenza.com\/wp-content\/uploads\/2016\/11\/Gage-Skidmore3.jpg\" \/>\n\t<meta property=\"og:image:width\" content=\"1024\" \/>\n\t<meta property=\"og:image:height\" content=\"683\" \/>\n\t<meta property=\"og:image:type\" content=\"image\/jpeg\" \/>\n<meta name=\"author\" content=\"Reda\u00e7\u00e3o S\u00e3o Paulo\" \/>\n<meta name=\"twitter:card\" content=\"summary_large_image\" \/>\n<meta name=\"twitter:creator\" content=\"@pressenza_pt\" \/>\n<meta name=\"twitter:site\" content=\"@PressenzaIPA\" \/>\n<meta name=\"twitter:label1\" content=\"Escrito por\" \/>\n\t<meta name=\"twitter:data1\" content=\"Reda\u00e7\u00e3o S\u00e3o Paulo\" \/>\n\t<meta name=\"twitter:label2\" content=\"Tempo estimado de leitura\" \/>\n\t<meta name=\"twitter:data2\" content=\"18 minutos\" \/>\n<script type=\"application\/ld+json\" class=\"yoast-schema-graph\">{\"@context\":\"https:\/\/schema.org\",\"@graph\":[{\"@type\":\"Article\",\"@id\":\"https:\/\/www.pressenza.com\/pt-pt\/2016\/11\/o-cara-da-esquina-que-ja-e-fascista-vai-crescer-mas-vitoria-de-trump-nao-muda-politicas-concretas\/#article\",\"isPartOf\":{\"@id\":\"https:\/\/www.pressenza.com\/pt-pt\/2016\/11\/o-cara-da-esquina-que-ja-e-fascista-vai-crescer-mas-vitoria-de-trump-nao-muda-politicas-concretas\/\"},\"author\":{\"name\":\"Reda\u00e7\u00e3o S\u00e3o Paulo\",\"@id\":\"https:\/\/www.pressenza.com\/pt-pt\/#\/schema\/person\/d171826afb7693cfc394da95892bfd93\"},\"headline\":\"\u201cO cara da esquina que j\u00e1 \u00e9 fascista vai crescer\u201d mas vit\u00f3ria de Trump n\u00e3o muda \u201cpol\u00edticas concretas\u201d\",\"datePublished\":\"2016-11-17T19:37:51+00:00\",\"dateModified\":\"2016-11-17T19:38:03+00:00\",\"mainEntityOfPage\":{\"@id\":\"https:\/\/www.pressenza.com\/pt-pt\/2016\/11\/o-cara-da-esquina-que-ja-e-fascista-vai-crescer-mas-vitoria-de-trump-nao-muda-politicas-concretas\/\"},\"wordCount\":3634,\"publisher\":{\"@id\":\"https:\/\/www.pressenza.com\/pt-pt\/#organization\"},\"image\":{\"@id\":\"https:\/\/www.pressenza.com\/pt-pt\/2016\/11\/o-cara-da-esquina-que-ja-e-fascista-vai-crescer-mas-vitoria-de-trump-nao-muda-politicas-concretas\/#primaryimage\"},\"thumbnailUrl\":\"https:\/\/www.pressenza.com\/wp-content\/uploads\/2016\/11\/Gage-Skidmore3.jpg\",\"keywords\":[\"america latina\",\"Brasil\",\"Clinton\",\"Obama\",\"oriente medio\",\"Tump\"],\"articleSection\":[\"\u00c1m\u00e9rica do Sul\",\"Entrevista\",\"Pol\u00edtica\"],\"inLanguage\":\"pt-PT\"},{\"@type\":\"WebPage\",\"@id\":\"https:\/\/www.pressenza.com\/pt-pt\/2016\/11\/o-cara-da-esquina-que-ja-e-fascista-vai-crescer-mas-vitoria-de-trump-nao-muda-politicas-concretas\/\",\"url\":\"https:\/\/www.pressenza.com\/pt-pt\/2016\/11\/o-cara-da-esquina-que-ja-e-fascista-vai-crescer-mas-vitoria-de-trump-nao-muda-politicas-concretas\/\",\"name\":\"\u201cO cara da esquina que j\u00e1 \u00e9 fascista vai crescer\u201d mas vit\u00f3ria de Trump n\u00e3o muda \u201cpol\u00edticas concretas\u201d\",\"isPartOf\":{\"@id\":\"https:\/\/www.pressenza.com\/pt-pt\/#website\"},\"primaryImageOfPage\":{\"@id\":\"https:\/\/www.pressenza.com\/pt-pt\/2016\/11\/o-cara-da-esquina-que-ja-e-fascista-vai-crescer-mas-vitoria-de-trump-nao-muda-politicas-concretas\/#primaryimage\"},\"image\":{\"@id\":\"https:\/\/www.pressenza.com\/pt-pt\/2016\/11\/o-cara-da-esquina-que-ja-e-fascista-vai-crescer-mas-vitoria-de-trump-nao-muda-politicas-concretas\/#primaryimage\"},\"thumbnailUrl\":\"https:\/\/www.pressenza.com\/wp-content\/uploads\/2016\/11\/Gage-Skidmore3.jpg\",\"datePublished\":\"2016-11-17T19:37:51+00:00\",\"dateModified\":\"2016-11-17T19:38:03+00:00\",\"description\":\"Por Anna Beatriz Anjos\/P\u00fablica Em entrevista \u00e0 P\u00fablica, professor Reginaldo Nasser diz que as diferen\u00e7as entre Hillary e Trump s\u00e3o simb\u00f3licas e que\",\"breadcrumb\":{\"@id\":\"https:\/\/www.pressenza.com\/pt-pt\/2016\/11\/o-cara-da-esquina-que-ja-e-fascista-vai-crescer-mas-vitoria-de-trump-nao-muda-politicas-concretas\/#breadcrumb\"},\"inLanguage\":\"pt-PT\",\"potentialAction\":[{\"@type\":\"ReadAction\",\"target\":[\"https:\/\/www.pressenza.com\/pt-pt\/2016\/11\/o-cara-da-esquina-que-ja-e-fascista-vai-crescer-mas-vitoria-de-trump-nao-muda-politicas-concretas\/\"]}]},{\"@type\":\"ImageObject\",\"inLanguage\":\"pt-PT\",\"@id\":\"https:\/\/www.pressenza.com\/pt-pt\/2016\/11\/o-cara-da-esquina-que-ja-e-fascista-vai-crescer-mas-vitoria-de-trump-nao-muda-politicas-concretas\/#primaryimage\",\"url\":\"https:\/\/www.pressenza.com\/wp-content\/uploads\/2016\/11\/Gage-Skidmore3.jpg\",\"contentUrl\":\"https:\/\/www.pressenza.com\/wp-content\/uploads\/2016\/11\/Gage-Skidmore3.jpg\",\"width\":1024,\"height\":683},{\"@type\":\"BreadcrumbList\",\"@id\":\"https:\/\/www.pressenza.com\/pt-pt\/2016\/11\/o-cara-da-esquina-que-ja-e-fascista-vai-crescer-mas-vitoria-de-trump-nao-muda-politicas-concretas\/#breadcrumb\",\"itemListElement\":[{\"@type\":\"ListItem\",\"position\":1,\"name\":\"Accueil\",\"item\":\"https:\/\/www.pressenza.com\/pt-pt\/\"},{\"@type\":\"ListItem\",\"position\":2,\"name\":\"\u201cO cara da esquina que j\u00e1 \u00e9 fascista vai crescer\u201d mas vit\u00f3ria de Trump n\u00e3o muda \u201cpol\u00edticas concretas\u201d\"}]},{\"@type\":\"WebSite\",\"@id\":\"https:\/\/www.pressenza.com\/pt-pt\/#website\",\"url\":\"https:\/\/www.pressenza.com\/pt-pt\/\",\"name\":\"Pressenza\",\"description\":\"International Press Agency\",\"publisher\":{\"@id\":\"https:\/\/www.pressenza.com\/pt-pt\/#organization\"},\"potentialAction\":[{\"@type\":\"SearchAction\",\"target\":{\"@type\":\"EntryPoint\",\"urlTemplate\":\"https:\/\/www.pressenza.com\/pt-pt\/?s={search_term_string}\"},\"query-input\":{\"@type\":\"PropertyValueSpecification\",\"valueRequired\":true,\"valueName\":\"search_term_string\"}}],\"inLanguage\":\"pt-PT\"},{\"@type\":\"Organization\",\"@id\":\"https:\/\/www.pressenza.com\/pt-pt\/#organization\",\"name\":\"Pressenza\",\"url\":\"https:\/\/www.pressenza.com\/pt-pt\/\",\"logo\":{\"@type\":\"ImageObject\",\"inLanguage\":\"pt-PT\",\"@id\":\"https:\/\/www.pressenza.com\/pt-pt\/#\/schema\/logo\/image\/\",\"url\":\"https:\/\/www.pressenza.com\/wp-content\/uploads\/2022\/10\/pressenza_logo_200x200.jpg\",\"contentUrl\":\"https:\/\/www.pressenza.com\/wp-content\/uploads\/2022\/10\/pressenza_logo_200x200.jpg\",\"width\":200,\"height\":200,\"caption\":\"Pressenza\"},\"image\":{\"@id\":\"https:\/\/www.pressenza.com\/pt-pt\/#\/schema\/logo\/image\/\"},\"sameAs\":[\"https:\/\/www.facebook.com\/PressenzaItalia\",\"https:\/\/x.com\/PressenzaIPA\"]},{\"@type\":\"Person\",\"@id\":\"https:\/\/www.pressenza.com\/pt-pt\/#\/schema\/person\/d171826afb7693cfc394da95892bfd93\",\"name\":\"Reda\u00e7\u00e3o S\u00e3o Paulo\",\"description\":\"News from the Pressenza bureau in Sao Paulo, Brazil\",\"sameAs\":[\"https:\/\/www.facebook.com\/PressenzaPortugues\",\"https:\/\/x.com\/pressenza_pt\"],\"url\":\"https:\/\/www.pressenza.com\/pt-pt\/author\/redaccao-sao-paulo\/\"}]}<\/script>\n<!-- \/ Yoast SEO plugin. -->","yoast_head_json":{"title":"\u201cO cara da esquina que j\u00e1 \u00e9 fascista vai crescer\u201d mas vit\u00f3ria de Trump n\u00e3o muda \u201cpol\u00edticas concretas\u201d","description":"Por Anna Beatriz Anjos\/P\u00fablica Em entrevista \u00e0 P\u00fablica, professor Reginaldo Nasser diz que as diferen\u00e7as entre Hillary e Trump s\u00e3o simb\u00f3licas e que","robots":{"index":"index","follow":"follow","max-snippet":"max-snippet:-1","max-image-preview":"max-image-preview:large","max-video-preview":"max-video-preview:-1"},"canonical":"https:\/\/www.pressenza.com\/pt-pt\/2016\/11\/o-cara-da-esquina-que-ja-e-fascista-vai-crescer-mas-vitoria-de-trump-nao-muda-politicas-concretas\/","og_locale":"pt_PT","og_type":"article","og_title":"\u201cO cara da esquina que j\u00e1 \u00e9 fascista vai crescer\u201d mas vit\u00f3ria de Trump n\u00e3o muda \u201cpol\u00edticas concretas\u201d","og_description":"Por Anna Beatriz Anjos\/P\u00fablica Em entrevista \u00e0 P\u00fablica, professor Reginaldo Nasser diz que as diferen\u00e7as entre Hillary e Trump s\u00e3o simb\u00f3licas e que","og_url":"https:\/\/www.pressenza.com\/pt-pt\/2016\/11\/o-cara-da-esquina-que-ja-e-fascista-vai-crescer-mas-vitoria-de-trump-nao-muda-politicas-concretas\/","og_site_name":"Pressenza","article_publisher":"https:\/\/www.facebook.com\/PressenzaItalia","article_author":"https:\/\/www.facebook.com\/PressenzaPortugues","article_published_time":"2016-11-17T19:37:51+00:00","article_modified_time":"2016-11-17T19:38:03+00:00","og_image":[{"width":1024,"height":683,"url":"https:\/\/www.pressenza.com\/wp-content\/uploads\/2016\/11\/Gage-Skidmore3.jpg","type":"image\/jpeg"}],"author":"Reda\u00e7\u00e3o S\u00e3o Paulo","twitter_card":"summary_large_image","twitter_creator":"@pressenza_pt","twitter_site":"@PressenzaIPA","twitter_misc":{"Escrito por":"Reda\u00e7\u00e3o S\u00e3o Paulo","Tempo estimado de leitura":"18 minutos"},"schema":{"@context":"https:\/\/schema.org","@graph":[{"@type":"Article","@id":"https:\/\/www.pressenza.com\/pt-pt\/2016\/11\/o-cara-da-esquina-que-ja-e-fascista-vai-crescer-mas-vitoria-de-trump-nao-muda-politicas-concretas\/#article","isPartOf":{"@id":"https:\/\/www.pressenza.com\/pt-pt\/2016\/11\/o-cara-da-esquina-que-ja-e-fascista-vai-crescer-mas-vitoria-de-trump-nao-muda-politicas-concretas\/"},"author":{"name":"Reda\u00e7\u00e3o S\u00e3o Paulo","@id":"https:\/\/www.pressenza.com\/pt-pt\/#\/schema\/person\/d171826afb7693cfc394da95892bfd93"},"headline":"\u201cO cara da esquina que j\u00e1 \u00e9 fascista vai crescer\u201d mas vit\u00f3ria de Trump n\u00e3o muda \u201cpol\u00edticas concretas\u201d","datePublished":"2016-11-17T19:37:51+00:00","dateModified":"2016-11-17T19:38:03+00:00","mainEntityOfPage":{"@id":"https:\/\/www.pressenza.com\/pt-pt\/2016\/11\/o-cara-da-esquina-que-ja-e-fascista-vai-crescer-mas-vitoria-de-trump-nao-muda-politicas-concretas\/"},"wordCount":3634,"publisher":{"@id":"https:\/\/www.pressenza.com\/pt-pt\/#organization"},"image":{"@id":"https:\/\/www.pressenza.com\/pt-pt\/2016\/11\/o-cara-da-esquina-que-ja-e-fascista-vai-crescer-mas-vitoria-de-trump-nao-muda-politicas-concretas\/#primaryimage"},"thumbnailUrl":"https:\/\/www.pressenza.com\/wp-content\/uploads\/2016\/11\/Gage-Skidmore3.jpg","keywords":["america latina","Brasil","Clinton","Obama","oriente medio","Tump"],"articleSection":["\u00c1m\u00e9rica do Sul","Entrevista","Pol\u00edtica"],"inLanguage":"pt-PT"},{"@type":"WebPage","@id":"https:\/\/www.pressenza.com\/pt-pt\/2016\/11\/o-cara-da-esquina-que-ja-e-fascista-vai-crescer-mas-vitoria-de-trump-nao-muda-politicas-concretas\/","url":"https:\/\/www.pressenza.com\/pt-pt\/2016\/11\/o-cara-da-esquina-que-ja-e-fascista-vai-crescer-mas-vitoria-de-trump-nao-muda-politicas-concretas\/","name":"\u201cO cara da esquina que j\u00e1 \u00e9 fascista vai crescer\u201d mas vit\u00f3ria de Trump n\u00e3o muda \u201cpol\u00edticas concretas\u201d","isPartOf":{"@id":"https:\/\/www.pressenza.com\/pt-pt\/#website"},"primaryImageOfPage":{"@id":"https:\/\/www.pressenza.com\/pt-pt\/2016\/11\/o-cara-da-esquina-que-ja-e-fascista-vai-crescer-mas-vitoria-de-trump-nao-muda-politicas-concretas\/#primaryimage"},"image":{"@id":"https:\/\/www.pressenza.com\/pt-pt\/2016\/11\/o-cara-da-esquina-que-ja-e-fascista-vai-crescer-mas-vitoria-de-trump-nao-muda-politicas-concretas\/#primaryimage"},"thumbnailUrl":"https:\/\/www.pressenza.com\/wp-content\/uploads\/2016\/11\/Gage-Skidmore3.jpg","datePublished":"2016-11-17T19:37:51+00:00","dateModified":"2016-11-17T19:38:03+00:00","description":"Por Anna Beatriz Anjos\/P\u00fablica Em entrevista \u00e0 P\u00fablica, professor Reginaldo Nasser diz que as diferen\u00e7as entre Hillary e Trump s\u00e3o simb\u00f3licas e que","breadcrumb":{"@id":"https:\/\/www.pressenza.com\/pt-pt\/2016\/11\/o-cara-da-esquina-que-ja-e-fascista-vai-crescer-mas-vitoria-de-trump-nao-muda-politicas-concretas\/#breadcrumb"},"inLanguage":"pt-PT","potentialAction":[{"@type":"ReadAction","target":["https:\/\/www.pressenza.com\/pt-pt\/2016\/11\/o-cara-da-esquina-que-ja-e-fascista-vai-crescer-mas-vitoria-de-trump-nao-muda-politicas-concretas\/"]}]},{"@type":"ImageObject","inLanguage":"pt-PT","@id":"https:\/\/www.pressenza.com\/pt-pt\/2016\/11\/o-cara-da-esquina-que-ja-e-fascista-vai-crescer-mas-vitoria-de-trump-nao-muda-politicas-concretas\/#primaryimage","url":"https:\/\/www.pressenza.com\/wp-content\/uploads\/2016\/11\/Gage-Skidmore3.jpg","contentUrl":"https:\/\/www.pressenza.com\/wp-content\/uploads\/2016\/11\/Gage-Skidmore3.jpg","width":1024,"height":683},{"@type":"BreadcrumbList","@id":"https:\/\/www.pressenza.com\/pt-pt\/2016\/11\/o-cara-da-esquina-que-ja-e-fascista-vai-crescer-mas-vitoria-de-trump-nao-muda-politicas-concretas\/#breadcrumb","itemListElement":[{"@type":"ListItem","position":1,"name":"Accueil","item":"https:\/\/www.pressenza.com\/pt-pt\/"},{"@type":"ListItem","position":2,"name":"\u201cO cara da esquina que j\u00e1 \u00e9 fascista vai crescer\u201d mas vit\u00f3ria de Trump n\u00e3o muda \u201cpol\u00edticas concretas\u201d"}]},{"@type":"WebSite","@id":"https:\/\/www.pressenza.com\/pt-pt\/#website","url":"https:\/\/www.pressenza.com\/pt-pt\/","name":"Pressenza","description":"International Press Agency","publisher":{"@id":"https:\/\/www.pressenza.com\/pt-pt\/#organization"},"potentialAction":[{"@type":"SearchAction","target":{"@type":"EntryPoint","urlTemplate":"https:\/\/www.pressenza.com\/pt-pt\/?s={search_term_string}"},"query-input":{"@type":"PropertyValueSpecification","valueRequired":true,"valueName":"search_term_string"}}],"inLanguage":"pt-PT"},{"@type":"Organization","@id":"https:\/\/www.pressenza.com\/pt-pt\/#organization","name":"Pressenza","url":"https:\/\/www.pressenza.com\/pt-pt\/","logo":{"@type":"ImageObject","inLanguage":"pt-PT","@id":"https:\/\/www.pressenza.com\/pt-pt\/#\/schema\/logo\/image\/","url":"https:\/\/www.pressenza.com\/wp-content\/uploads\/2022\/10\/pressenza_logo_200x200.jpg","contentUrl":"https:\/\/www.pressenza.com\/wp-content\/uploads\/2022\/10\/pressenza_logo_200x200.jpg","width":200,"height":200,"caption":"Pressenza"},"image":{"@id":"https:\/\/www.pressenza.com\/pt-pt\/#\/schema\/logo\/image\/"},"sameAs":["https:\/\/www.facebook.com\/PressenzaItalia","https:\/\/x.com\/PressenzaIPA"]},{"@type":"Person","@id":"https:\/\/www.pressenza.com\/pt-pt\/#\/schema\/person\/d171826afb7693cfc394da95892bfd93","name":"Reda\u00e7\u00e3o S\u00e3o Paulo","description":"News from the Pressenza bureau in Sao Paulo, Brazil","sameAs":["https:\/\/www.facebook.com\/PressenzaPortugues","https:\/\/x.com\/pressenza_pt"],"url":"https:\/\/www.pressenza.com\/pt-pt\/author\/redaccao-sao-paulo\/"}]}},"place":"S\u00e3o Paulo, Brasil","original_article_url":"http:\/\/apublica.org\/2016\/11\/o-cara-da-esquina-que-ja-e-fascista-vai-crescer-mas-vitoria-de-trump-nao-muda-politicas-concretas\/?#","_links":{"self":[{"href":"https:\/\/www.pressenza.com\/pt-pt\/wp-json\/wp\/v2\/posts\/398779","targetHints":{"allow":["GET"]}}],"collection":[{"href":"https:\/\/www.pressenza.com\/pt-pt\/wp-json\/wp\/v2\/posts"}],"about":[{"href":"https:\/\/www.pressenza.com\/pt-pt\/wp-json\/wp\/v2\/types\/post"}],"author":[{"embeddable":true,"href":"https:\/\/www.pressenza.com\/pt-pt\/wp-json\/wp\/v2\/users\/44"}],"replies":[{"embeddable":true,"href":"https:\/\/www.pressenza.com\/pt-pt\/wp-json\/wp\/v2\/comments?post=398779"}],"version-history":[{"count":0,"href":"https:\/\/www.pressenza.com\/pt-pt\/wp-json\/wp\/v2\/posts\/398779\/revisions"}],"wp:featuredmedia":[{"embeddable":true,"href":"https:\/\/www.pressenza.com\/pt-pt\/wp-json\/wp\/v2\/media\/398780"}],"wp:attachment":[{"href":"https:\/\/www.pressenza.com\/pt-pt\/wp-json\/wp\/v2\/media?parent=398779"}],"wp:term":[{"taxonomy":"category","embeddable":true,"href":"https:\/\/www.pressenza.com\/pt-pt\/wp-json\/wp\/v2\/categories?post=398779"},{"taxonomy":"post_tag","embeddable":true,"href":"https:\/\/www.pressenza.com\/pt-pt\/wp-json\/wp\/v2\/tags?post=398779"}],"curies":[{"name":"wp","href":"https:\/\/api.w.org\/{rel}","templated":true}]}}