{"id":393722,"date":"2016-11-06T11:23:22","date_gmt":"2016-11-06T11:23:22","guid":{"rendered":"http:\/\/www.pressenza.com\/pt-pt\/?p=393722"},"modified":"2016-11-06T11:23:40","modified_gmt":"2016-11-06T11:23:40","slug":"licao-de-mariana-e-nao-seguir-aprofundando-o-extrativismo","status":"publish","type":"post","link":"https:\/\/www.pressenza.com\/pt-pt\/2016\/11\/licao-de-mariana-e-nao-seguir-aprofundando-o-extrativismo\/","title":{"rendered":"&#8220;A li\u00e7\u00e3o de Mariana \u00e9 n\u00e3o seguir aprofundando o extrativismo&#8221;"},"content":{"rendered":"<p><em>Por<strong> Vitor Taveira<\/strong><\/em><\/p>\n<p><strong>O economista e ex-ministro equatoriano Alberto Acosta fala sobre as limita\u00e7\u00f5es socioambientais do extrativismo, adotados inclusive por governos progressistas da Am\u00e9rica Latina.<\/strong><\/p>\n<p>Economista e professor universit\u00e1rio, Alberto Acosta era ministro de Minas e Energias do Equador quando foi proposta uma das iniciativas mais inovadoras de perspectiva p\u00f3s-extrativista no mundo: encaminhando a demanda de movimentos sociais, ele sugeriu ao presidente Rafael Correa a n\u00e3o explora\u00e7\u00e3o do petr\u00f3leo em campos localizados em um dos parques naturais mais biodiversos do mundo, o Yasun\u00ed.<\/p>\n<p>A iniciativa, que previa apoio internacional, acabou n\u00e3o indo \u00e0 frente. O aprofundamento do modelo extrativista foi um dos fatores que fez com que Acosta, que antes havia sido presidente da Assembleia Constituinte \u2212 que resultou na avan\u00e7ada Constitui\u00e7\u00e3o de 2008 com o apoio do governo \u2212, se afastasse e se tornasse opositor de Rafael Correa, tendo sido candidato \u00e0 presid\u00eancia do Equador pela esquerda.<\/p>\n<p>Em fevereiro deste ano, na ocasi\u00e3o do lan\u00e7amento de seu livro \u201cO Bem Viver: oportunidade para imaginar outros mundos\u201d, depois de passar por Rio de Janeiro e S\u00e3o Paulo, ele tamb\u00e9m participou de um evento em Mariana (MG), onde, al\u00e9m de apresentar a obra, tamb\u00e9m p\u00f4de conhecer de perto a destrui\u00e7\u00e3o social e ambiental provocada pelo rompimento da barragem da Samarco. Um ano depois desta trag\u00e9dia, ele falou com a Calle2 sobre o modelo extrativista na Am\u00e9rica Latina \u2013 e poss\u00edveis alternativas.<\/p>\n<p><strong>No dia 5 de novembro se completa um ano do rompimento da barragem de rejeitos da Samarco, que contaminou o rio Doce no maior crime socioambiental do Brasil. Que li\u00e7\u00f5es podemos tirar deste tr\u00e1gico epis\u00f3dio?<\/strong><\/p>\n<p>\u00c9 evidente que esta trag\u00e9dia nos confirma os riscos e as amea\u00e7as que os extrativismos conlevam. A megaminera\u00e7\u00e3o, em particular, provoca mega afeta\u00e7\u00f5es e mega destrui\u00e7\u00f5es. As amputa\u00e7\u00f5es que se fazem ao planeta demandam obras de engenharia que n\u00e3o podem se sustentar no tempo.<\/p>\n<p>Tenha em conta que os diques, carregados de milh\u00f5es de litros de l\u00edquidos e materiais t\u00f3xicos, devem ser protegidos por d\u00e9cadas ou centenas de anos depois de conclu\u00edda a extra\u00e7\u00e3o dos minerais. S\u00e3o verdadeiras bombas de tempo que explodem cedo ou tarde, como aconteceu em Mariana.<\/p>\n<p>A maior li\u00e7\u00e3o \u00e9 n\u00e3o seguir aprofundando o modelo extrativista, e sim propor transi\u00e7\u00f5es para ir desmontando-o a partir de transi\u00e7\u00f5es nas estruturas de produ\u00e7\u00e3o e consumo de nossas economias.\u00a0 Isso demanda superar o discurso de quem lucra com o extrativismo, que tem permeado nossas sociedades. \u00c9 urgente deixar o caminho do extrativismo.<\/p>\n<p><strong>\u200eVoc\u00ea inclusive esteve em Mariana vendo a trag\u00e9dia de perto. Que impress\u00f5es teve?<\/strong><\/p>\n<p>J\u00e1 havia visto fotos da trag\u00e9dia da Samarco. Achei que estava preparado para constatar os destro\u00e7os ao vivo. Mas olhar diretamente a magnitude da destrui\u00e7\u00e3o foi outra coisa. Mudou meu \u00e2nimo e meu semblante. Poucas vezes se pode ter uma impress\u00e3o t\u00e3o forte como ver um povoado desolado como Paracatu. E me impressiona pensar quantas pessoas vivem com tal amea\u00e7a em nome do progresso. O quadro diante dos meus olhos refletia uma express\u00e3o extrema do \u2018Mal Viver\u2019. De repente, sem aviso pr\u00e9vio, mudou a vida das pessoas de Paracatu. O que via ali me afetou extremamente. Era um lugar com uma natureza maravilhosa, onde antes a paz deve ter sido a norma e se instaurou subitamente uma paisagem de morte. Num abrir e fechar de olhos a vida desapareceu. Seus moradores apenas tiveram tempo de escapar do lodo t\u00f3xico que inundou tudo.<\/p>\n<p>&#8216;At\u00e9 quando vamos tolerar tanta viol\u00eancia e crueldade resultantes da arte de mentir que sustenta este sistema que segue sendo colonial?, me pergunto. O que aconteceu para que os humanos, supostamente cada vez melhores informados, n\u00e3o reajamos diante de tanta devasta\u00e7\u00e3o da vida?&#8217;<br \/>\nE tudo para que uns poucos sigam vivendo cada vez melhor a custo da explora\u00e7\u00e3o de grandes maiorias e da destrui\u00e7\u00e3o da Terra.<\/p>\n<p>\u200e<strong>Muitos pensadores latino-americanos falam em \u201cneoextrativismo\u201d. Em que este se diferencia do \u201cextrativismo\u201d<\/strong>?<\/p>\n<p>Se poderia falar de um neoextrativismo relacionado \u00e0s massivas e cada vez mais agressivas formas de extrair minerais ou petr\u00f3leo. Isso sem desconhecer outras formas de extrativismo, seja atrav\u00e9s dos monocultivos, planta\u00e7\u00f5es florestais ou corte de bosques nativos, por exemplo.<\/p>\n<p>A caracter\u00edstica dos extrativismos atuais radica cada vez mais, mas n\u00e3o exclusivamente, no gigantismo. Se obt\u00e9m recursos naturais n\u00e3o renov\u00e1veis em volumes altos e com frequ\u00eancia utilizando procedimentos intensivos, que exigem carregar pesadas \u201cmochilas\u201d socioambientais. Seus impactos sociais, ambientais e culturais s\u00e3o enormes nos territ\u00f3rios afetados. E os recursos obtidos se processam de maneira muito limitada para logo serem exportados.<\/p>\n<p>&#8216;H\u00e1 que ter em conta que muitos recursos que eram renov\u00e1veis se tornam n\u00e3o renov\u00e1veis pela forma que s\u00e3o obtidos, como acontece com os bosques e a pesca.&#8217;<br \/>\nInclusive a extra\u00e7\u00e3o artesanal de ouro configura forma terr\u00edvel de extrativismo, como acontece em Madre de Dios no Per\u00fa, pra mencionar um caso de uma lista muito longa.<\/p>\n<p><strong>\u200eQual a rela\u00e7\u00e3o deste modelo neoextrativista com os governo progressistas da Am\u00e9rica Latina?<\/strong><\/p>\n<p>Realmente se fala tamb\u00e9m de neoextrativismo quando se refere aos pa\u00edses com governos progressistas, onde se registra uma maior presen\u00e7a do Estado. Ali se conseguiu um maior controle estatal dos recursos, uma maior participa\u00e7\u00e3o na renda mineira, petroleira ou agr\u00e1ria, assim como a interven\u00e7\u00e3o, em alguns casos, de empresas estatais. Entretanto, nestes pa\u00edses n\u00e3o se colocou em questionamento a l\u00f3gica extrativista, e menos ainda a modalidade prim\u00e1rio-exportadora que caracteriza nossas economias e que explica em grande medida nossa depend\u00eancia e nosso subdesenvolvimento.<\/p>\n<p>\u200eLeia <a href=\"http:\/\/calle2.com\/a-licao-de-mariana-e-nao-seguir-aprofundando-o-extrativismo-2\/\" target=\"_blank\">artigo completo na Calle2<\/a><\/p>\n","protected":false},"excerpt":{"rendered":"<p>Por Vitor Taveira O economista e ex-ministro equatoriano Alberto Acosta fala sobre as limita\u00e7\u00f5es socioambientais do extrativismo, adotados inclusive por governos progressistas da Am\u00e9rica Latina. Economista e professor universit\u00e1rio, Alberto Acosta era ministro de Minas e Energias do Equador quando&hellip;<\/p>\n","protected":false},"author":1287,"featured_media":393738,"comment_status":"closed","ping_status":"closed","sticky":false,"template":"","format":"standard","meta":{"footnotes":""},"categories":[104,115,159,165],"tags":[5984,2744,32352,23631,21548,32353,28380,29710,21549,5053,6392],"class_list":["post-393722","post","type-post","status-publish","format-standard","has-post-thumbnail","hentry","category-america-do-sul","category-ecologia-e-meio-ambiente","category-entrevista-pt-pt","category-opiniao","tag-america-latina-pt-pt","tag-brasil","tag-correa","tag-extrativismo","tag-mariana","tag-megamineracao","tag-monocultivos","tag-presidente-rafael-correa","tag-samarco","tag-sao-paulo","tag-yasuni"],"yoast_head":"<!-- This site is optimized with the Yoast SEO plugin v27.1.1 - https:\/\/yoast.com\/product\/yoast-seo-wordpress\/ -->\n<title>&quot;A li\u00e7\u00e3o de Mariana \u00e9 n\u00e3o seguir aprofundando o extrativismo&quot;<\/title>\n<meta name=\"description\" content=\"Por Vitor Taveira O economista e ex-ministro equatoriano Alberto Acosta fala sobre as limita\u00e7\u00f5es socioambientais do extrativismo, adotados inclusive por\" \/>\n<meta name=\"robots\" content=\"index, follow, max-snippet:-1, max-image-preview:large, max-video-preview:-1\" \/>\n<link rel=\"canonical\" href=\"https:\/\/www.pressenza.com\/pt-pt\/2016\/11\/licao-de-mariana-e-nao-seguir-aprofundando-o-extrativismo\/\" \/>\n<meta property=\"og:locale\" content=\"pt_PT\" \/>\n<meta property=\"og:type\" content=\"article\" \/>\n<meta property=\"og:title\" content=\"&quot;A li\u00e7\u00e3o de Mariana \u00e9 n\u00e3o seguir aprofundando o extrativismo&quot;\" \/>\n<meta property=\"og:description\" content=\"Por Vitor Taveira O economista e ex-ministro equatoriano Alberto Acosta fala sobre as limita\u00e7\u00f5es socioambientais do extrativismo, adotados inclusive por\" \/>\n<meta property=\"og:url\" content=\"https:\/\/www.pressenza.com\/pt-pt\/2016\/11\/licao-de-mariana-e-nao-seguir-aprofundando-o-extrativismo\/\" \/>\n<meta property=\"og:site_name\" content=\"Pressenza\" \/>\n<meta property=\"article:publisher\" content=\"https:\/\/www.facebook.com\/PressenzaItalia\" \/>\n<meta property=\"article:author\" content=\"https:\/\/www.facebook.com\/revistacalle2\/\" \/>\n<meta property=\"article:published_time\" content=\"2016-11-06T11:23:22+00:00\" \/>\n<meta property=\"article:modified_time\" content=\"2016-11-06T11:23:40+00:00\" \/>\n<meta property=\"og:image\" content=\"https:\/\/www.pressenza.com\/wp-content\/uploads\/2016\/11\/mariana-agencia-brasil.jpg\" \/>\n\t<meta property=\"og:image:width\" content=\"1024\" \/>\n\t<meta property=\"og:image:height\" content=\"384\" \/>\n\t<meta property=\"og:image:type\" content=\"image\/jpeg\" \/>\n<meta name=\"author\" content=\"Calle2\" \/>\n<meta name=\"twitter:card\" content=\"summary_large_image\" \/>\n<meta name=\"twitter:creator\" content=\"@revistacalle2\" \/>\n<meta name=\"twitter:site\" content=\"@PressenzaIPA\" \/>\n<meta name=\"twitter:label1\" content=\"Escrito por\" \/>\n\t<meta name=\"twitter:data1\" content=\"Calle2\" \/>\n\t<meta name=\"twitter:label2\" content=\"Tempo estimado de leitura\" \/>\n\t<meta name=\"twitter:data2\" content=\"5 minutos\" \/>\n<script type=\"application\/ld+json\" class=\"yoast-schema-graph\">{\"@context\":\"https:\/\/schema.org\",\"@graph\":[{\"@type\":\"Article\",\"@id\":\"https:\/\/www.pressenza.com\/pt-pt\/2016\/11\/licao-de-mariana-e-nao-seguir-aprofundando-o-extrativismo\/#article\",\"isPartOf\":{\"@id\":\"https:\/\/www.pressenza.com\/pt-pt\/2016\/11\/licao-de-mariana-e-nao-seguir-aprofundando-o-extrativismo\/\"},\"author\":{\"name\":\"Calle2\",\"@id\":\"https:\/\/www.pressenza.com\/pt-pt\/#\/schema\/person\/71837cc1cdde1818948a8e62658850a5\"},\"headline\":\"&#8220;A li\u00e7\u00e3o de Mariana \u00e9 n\u00e3o seguir aprofundando o extrativismo&#8221;\",\"datePublished\":\"2016-11-06T11:23:22+00:00\",\"dateModified\":\"2016-11-06T11:23:40+00:00\",\"mainEntityOfPage\":{\"@id\":\"https:\/\/www.pressenza.com\/pt-pt\/2016\/11\/licao-de-mariana-e-nao-seguir-aprofundando-o-extrativismo\/\"},\"wordCount\":989,\"publisher\":{\"@id\":\"https:\/\/www.pressenza.com\/pt-pt\/#organization\"},\"image\":{\"@id\":\"https:\/\/www.pressenza.com\/pt-pt\/2016\/11\/licao-de-mariana-e-nao-seguir-aprofundando-o-extrativismo\/#primaryimage\"},\"thumbnailUrl\":\"https:\/\/www.pressenza.com\/wp-content\/uploads\/2016\/11\/mariana-agencia-brasil.jpg\",\"keywords\":[\"america latina\",\"Brasil\",\"Correa\",\"extrativismo\",\"Mariana\",\"megaminera\u00e7\u00e3o\",\"monocultivos\",\"Presidente Rafael Correa\",\"Samarco\",\"S\u00e3o Paulo\",\"Yasun\u00ed\"],\"articleSection\":[\"\u00c1m\u00e9rica do Sul\",\"Ecologia e Meio Ambiente\",\"Entrevista\",\"Opini\u00e3o\"],\"inLanguage\":\"pt-PT\"},{\"@type\":\"WebPage\",\"@id\":\"https:\/\/www.pressenza.com\/pt-pt\/2016\/11\/licao-de-mariana-e-nao-seguir-aprofundando-o-extrativismo\/\",\"url\":\"https:\/\/www.pressenza.com\/pt-pt\/2016\/11\/licao-de-mariana-e-nao-seguir-aprofundando-o-extrativismo\/\",\"name\":\"\\\"A li\u00e7\u00e3o de Mariana \u00e9 n\u00e3o seguir aprofundando o extrativismo\\\"\",\"isPartOf\":{\"@id\":\"https:\/\/www.pressenza.com\/pt-pt\/#website\"},\"primaryImageOfPage\":{\"@id\":\"https:\/\/www.pressenza.com\/pt-pt\/2016\/11\/licao-de-mariana-e-nao-seguir-aprofundando-o-extrativismo\/#primaryimage\"},\"image\":{\"@id\":\"https:\/\/www.pressenza.com\/pt-pt\/2016\/11\/licao-de-mariana-e-nao-seguir-aprofundando-o-extrativismo\/#primaryimage\"},\"thumbnailUrl\":\"https:\/\/www.pressenza.com\/wp-content\/uploads\/2016\/11\/mariana-agencia-brasil.jpg\",\"datePublished\":\"2016-11-06T11:23:22+00:00\",\"dateModified\":\"2016-11-06T11:23:40+00:00\",\"description\":\"Por Vitor Taveira O economista e ex-ministro equatoriano Alberto Acosta fala sobre as limita\u00e7\u00f5es socioambientais do extrativismo, adotados inclusive por\",\"breadcrumb\":{\"@id\":\"https:\/\/www.pressenza.com\/pt-pt\/2016\/11\/licao-de-mariana-e-nao-seguir-aprofundando-o-extrativismo\/#breadcrumb\"},\"inLanguage\":\"pt-PT\",\"potentialAction\":[{\"@type\":\"ReadAction\",\"target\":[\"https:\/\/www.pressenza.com\/pt-pt\/2016\/11\/licao-de-mariana-e-nao-seguir-aprofundando-o-extrativismo\/\"]}]},{\"@type\":\"ImageObject\",\"inLanguage\":\"pt-PT\",\"@id\":\"https:\/\/www.pressenza.com\/pt-pt\/2016\/11\/licao-de-mariana-e-nao-seguir-aprofundando-o-extrativismo\/#primaryimage\",\"url\":\"https:\/\/www.pressenza.com\/wp-content\/uploads\/2016\/11\/mariana-agencia-brasil.jpg\",\"contentUrl\":\"https:\/\/www.pressenza.com\/wp-content\/uploads\/2016\/11\/mariana-agencia-brasil.jpg\",\"width\":1024,\"height\":384},{\"@type\":\"BreadcrumbList\",\"@id\":\"https:\/\/www.pressenza.com\/pt-pt\/2016\/11\/licao-de-mariana-e-nao-seguir-aprofundando-o-extrativismo\/#breadcrumb\",\"itemListElement\":[{\"@type\":\"ListItem\",\"position\":1,\"name\":\"Accueil\",\"item\":\"https:\/\/www.pressenza.com\/pt-pt\/\"},{\"@type\":\"ListItem\",\"position\":2,\"name\":\"&#8220;A li\u00e7\u00e3o de Mariana \u00e9 n\u00e3o seguir aprofundando o extrativismo&#8221;\"}]},{\"@type\":\"WebSite\",\"@id\":\"https:\/\/www.pressenza.com\/pt-pt\/#website\",\"url\":\"https:\/\/www.pressenza.com\/pt-pt\/\",\"name\":\"Pressenza\",\"description\":\"International Press Agency\",\"publisher\":{\"@id\":\"https:\/\/www.pressenza.com\/pt-pt\/#organization\"},\"potentialAction\":[{\"@type\":\"SearchAction\",\"target\":{\"@type\":\"EntryPoint\",\"urlTemplate\":\"https:\/\/www.pressenza.com\/pt-pt\/?s={search_term_string}\"},\"query-input\":{\"@type\":\"PropertyValueSpecification\",\"valueRequired\":true,\"valueName\":\"search_term_string\"}}],\"inLanguage\":\"pt-PT\"},{\"@type\":\"Organization\",\"@id\":\"https:\/\/www.pressenza.com\/pt-pt\/#organization\",\"name\":\"Pressenza\",\"url\":\"https:\/\/www.pressenza.com\/pt-pt\/\",\"logo\":{\"@type\":\"ImageObject\",\"inLanguage\":\"pt-PT\",\"@id\":\"https:\/\/www.pressenza.com\/pt-pt\/#\/schema\/logo\/image\/\",\"url\":\"https:\/\/www.pressenza.com\/wp-content\/uploads\/2022\/10\/pressenza_logo_200x200.jpg\",\"contentUrl\":\"https:\/\/www.pressenza.com\/wp-content\/uploads\/2022\/10\/pressenza_logo_200x200.jpg\",\"width\":200,\"height\":200,\"caption\":\"Pressenza\"},\"image\":{\"@id\":\"https:\/\/www.pressenza.com\/pt-pt\/#\/schema\/logo\/image\/\"},\"sameAs\":[\"https:\/\/www.facebook.com\/PressenzaItalia\",\"https:\/\/x.com\/PressenzaIPA\"]},{\"@type\":\"Person\",\"@id\":\"https:\/\/www.pressenza.com\/pt-pt\/#\/schema\/person\/71837cc1cdde1818948a8e62658850a5\",\"name\":\"Calle2\",\"sameAs\":[\"https:\/\/www.facebook.com\/revistacalle2\/\",\"https:\/\/x.com\/revistacalle2\"],\"url\":\"https:\/\/www.pressenza.com\/pt-pt\/author\/calle2\/\"}]}<\/script>\n<!-- \/ Yoast SEO plugin. -->","yoast_head_json":{"title":"\"A li\u00e7\u00e3o de Mariana \u00e9 n\u00e3o seguir aprofundando o extrativismo\"","description":"Por Vitor Taveira O economista e ex-ministro equatoriano Alberto Acosta fala sobre as limita\u00e7\u00f5es socioambientais do extrativismo, adotados inclusive por","robots":{"index":"index","follow":"follow","max-snippet":"max-snippet:-1","max-image-preview":"max-image-preview:large","max-video-preview":"max-video-preview:-1"},"canonical":"https:\/\/www.pressenza.com\/pt-pt\/2016\/11\/licao-de-mariana-e-nao-seguir-aprofundando-o-extrativismo\/","og_locale":"pt_PT","og_type":"article","og_title":"\"A li\u00e7\u00e3o de Mariana \u00e9 n\u00e3o seguir aprofundando o extrativismo\"","og_description":"Por Vitor Taveira O economista e ex-ministro equatoriano Alberto Acosta fala sobre as limita\u00e7\u00f5es socioambientais do extrativismo, adotados inclusive por","og_url":"https:\/\/www.pressenza.com\/pt-pt\/2016\/11\/licao-de-mariana-e-nao-seguir-aprofundando-o-extrativismo\/","og_site_name":"Pressenza","article_publisher":"https:\/\/www.facebook.com\/PressenzaItalia","article_author":"https:\/\/www.facebook.com\/revistacalle2\/","article_published_time":"2016-11-06T11:23:22+00:00","article_modified_time":"2016-11-06T11:23:40+00:00","og_image":[{"width":1024,"height":384,"url":"https:\/\/www.pressenza.com\/wp-content\/uploads\/2016\/11\/mariana-agencia-brasil.jpg","type":"image\/jpeg"}],"author":"Calle2","twitter_card":"summary_large_image","twitter_creator":"@revistacalle2","twitter_site":"@PressenzaIPA","twitter_misc":{"Escrito por":"Calle2","Tempo estimado de leitura":"5 minutos"},"schema":{"@context":"https:\/\/schema.org","@graph":[{"@type":"Article","@id":"https:\/\/www.pressenza.com\/pt-pt\/2016\/11\/licao-de-mariana-e-nao-seguir-aprofundando-o-extrativismo\/#article","isPartOf":{"@id":"https:\/\/www.pressenza.com\/pt-pt\/2016\/11\/licao-de-mariana-e-nao-seguir-aprofundando-o-extrativismo\/"},"author":{"name":"Calle2","@id":"https:\/\/www.pressenza.com\/pt-pt\/#\/schema\/person\/71837cc1cdde1818948a8e62658850a5"},"headline":"&#8220;A li\u00e7\u00e3o de Mariana \u00e9 n\u00e3o seguir aprofundando o extrativismo&#8221;","datePublished":"2016-11-06T11:23:22+00:00","dateModified":"2016-11-06T11:23:40+00:00","mainEntityOfPage":{"@id":"https:\/\/www.pressenza.com\/pt-pt\/2016\/11\/licao-de-mariana-e-nao-seguir-aprofundando-o-extrativismo\/"},"wordCount":989,"publisher":{"@id":"https:\/\/www.pressenza.com\/pt-pt\/#organization"},"image":{"@id":"https:\/\/www.pressenza.com\/pt-pt\/2016\/11\/licao-de-mariana-e-nao-seguir-aprofundando-o-extrativismo\/#primaryimage"},"thumbnailUrl":"https:\/\/www.pressenza.com\/wp-content\/uploads\/2016\/11\/mariana-agencia-brasil.jpg","keywords":["america latina","Brasil","Correa","extrativismo","Mariana","megaminera\u00e7\u00e3o","monocultivos","Presidente Rafael Correa","Samarco","S\u00e3o Paulo","Yasun\u00ed"],"articleSection":["\u00c1m\u00e9rica do Sul","Ecologia e Meio Ambiente","Entrevista","Opini\u00e3o"],"inLanguage":"pt-PT"},{"@type":"WebPage","@id":"https:\/\/www.pressenza.com\/pt-pt\/2016\/11\/licao-de-mariana-e-nao-seguir-aprofundando-o-extrativismo\/","url":"https:\/\/www.pressenza.com\/pt-pt\/2016\/11\/licao-de-mariana-e-nao-seguir-aprofundando-o-extrativismo\/","name":"\"A li\u00e7\u00e3o de Mariana \u00e9 n\u00e3o seguir aprofundando o extrativismo\"","isPartOf":{"@id":"https:\/\/www.pressenza.com\/pt-pt\/#website"},"primaryImageOfPage":{"@id":"https:\/\/www.pressenza.com\/pt-pt\/2016\/11\/licao-de-mariana-e-nao-seguir-aprofundando-o-extrativismo\/#primaryimage"},"image":{"@id":"https:\/\/www.pressenza.com\/pt-pt\/2016\/11\/licao-de-mariana-e-nao-seguir-aprofundando-o-extrativismo\/#primaryimage"},"thumbnailUrl":"https:\/\/www.pressenza.com\/wp-content\/uploads\/2016\/11\/mariana-agencia-brasil.jpg","datePublished":"2016-11-06T11:23:22+00:00","dateModified":"2016-11-06T11:23:40+00:00","description":"Por Vitor Taveira O economista e ex-ministro equatoriano Alberto Acosta fala sobre as limita\u00e7\u00f5es socioambientais do extrativismo, adotados inclusive por","breadcrumb":{"@id":"https:\/\/www.pressenza.com\/pt-pt\/2016\/11\/licao-de-mariana-e-nao-seguir-aprofundando-o-extrativismo\/#breadcrumb"},"inLanguage":"pt-PT","potentialAction":[{"@type":"ReadAction","target":["https:\/\/www.pressenza.com\/pt-pt\/2016\/11\/licao-de-mariana-e-nao-seguir-aprofundando-o-extrativismo\/"]}]},{"@type":"ImageObject","inLanguage":"pt-PT","@id":"https:\/\/www.pressenza.com\/pt-pt\/2016\/11\/licao-de-mariana-e-nao-seguir-aprofundando-o-extrativismo\/#primaryimage","url":"https:\/\/www.pressenza.com\/wp-content\/uploads\/2016\/11\/mariana-agencia-brasil.jpg","contentUrl":"https:\/\/www.pressenza.com\/wp-content\/uploads\/2016\/11\/mariana-agencia-brasil.jpg","width":1024,"height":384},{"@type":"BreadcrumbList","@id":"https:\/\/www.pressenza.com\/pt-pt\/2016\/11\/licao-de-mariana-e-nao-seguir-aprofundando-o-extrativismo\/#breadcrumb","itemListElement":[{"@type":"ListItem","position":1,"name":"Accueil","item":"https:\/\/www.pressenza.com\/pt-pt\/"},{"@type":"ListItem","position":2,"name":"&#8220;A li\u00e7\u00e3o de Mariana \u00e9 n\u00e3o seguir aprofundando o extrativismo&#8221;"}]},{"@type":"WebSite","@id":"https:\/\/www.pressenza.com\/pt-pt\/#website","url":"https:\/\/www.pressenza.com\/pt-pt\/","name":"Pressenza","description":"International Press Agency","publisher":{"@id":"https:\/\/www.pressenza.com\/pt-pt\/#organization"},"potentialAction":[{"@type":"SearchAction","target":{"@type":"EntryPoint","urlTemplate":"https:\/\/www.pressenza.com\/pt-pt\/?s={search_term_string}"},"query-input":{"@type":"PropertyValueSpecification","valueRequired":true,"valueName":"search_term_string"}}],"inLanguage":"pt-PT"},{"@type":"Organization","@id":"https:\/\/www.pressenza.com\/pt-pt\/#organization","name":"Pressenza","url":"https:\/\/www.pressenza.com\/pt-pt\/","logo":{"@type":"ImageObject","inLanguage":"pt-PT","@id":"https:\/\/www.pressenza.com\/pt-pt\/#\/schema\/logo\/image\/","url":"https:\/\/www.pressenza.com\/wp-content\/uploads\/2022\/10\/pressenza_logo_200x200.jpg","contentUrl":"https:\/\/www.pressenza.com\/wp-content\/uploads\/2022\/10\/pressenza_logo_200x200.jpg","width":200,"height":200,"caption":"Pressenza"},"image":{"@id":"https:\/\/www.pressenza.com\/pt-pt\/#\/schema\/logo\/image\/"},"sameAs":["https:\/\/www.facebook.com\/PressenzaItalia","https:\/\/x.com\/PressenzaIPA"]},{"@type":"Person","@id":"https:\/\/www.pressenza.com\/pt-pt\/#\/schema\/person\/71837cc1cdde1818948a8e62658850a5","name":"Calle2","sameAs":["https:\/\/www.facebook.com\/revistacalle2\/","https:\/\/x.com\/revistacalle2"],"url":"https:\/\/www.pressenza.com\/pt-pt\/author\/calle2\/"}]}},"place":"S\u00e3o Paulo, Brasil","original_article_url":"http:\/\/calle2.com\/a-licao-de-mariana-e-nao-seguir-aprofundando-o-extrativismo-2\/?#","_links":{"self":[{"href":"https:\/\/www.pressenza.com\/pt-pt\/wp-json\/wp\/v2\/posts\/393722","targetHints":{"allow":["GET"]}}],"collection":[{"href":"https:\/\/www.pressenza.com\/pt-pt\/wp-json\/wp\/v2\/posts"}],"about":[{"href":"https:\/\/www.pressenza.com\/pt-pt\/wp-json\/wp\/v2\/types\/post"}],"author":[{"embeddable":true,"href":"https:\/\/www.pressenza.com\/pt-pt\/wp-json\/wp\/v2\/users\/1287"}],"replies":[{"embeddable":true,"href":"https:\/\/www.pressenza.com\/pt-pt\/wp-json\/wp\/v2\/comments?post=393722"}],"version-history":[{"count":0,"href":"https:\/\/www.pressenza.com\/pt-pt\/wp-json\/wp\/v2\/posts\/393722\/revisions"}],"wp:featuredmedia":[{"embeddable":true,"href":"https:\/\/www.pressenza.com\/pt-pt\/wp-json\/wp\/v2\/media\/393738"}],"wp:attachment":[{"href":"https:\/\/www.pressenza.com\/pt-pt\/wp-json\/wp\/v2\/media?parent=393722"}],"wp:term":[{"taxonomy":"category","embeddable":true,"href":"https:\/\/www.pressenza.com\/pt-pt\/wp-json\/wp\/v2\/categories?post=393722"},{"taxonomy":"post_tag","embeddable":true,"href":"https:\/\/www.pressenza.com\/pt-pt\/wp-json\/wp\/v2\/tags?post=393722"}],"curies":[{"name":"wp","href":"https:\/\/api.w.org\/{rel}","templated":true}]}}