{"id":393426,"date":"2016-11-05T12:36:12","date_gmt":"2016-11-05T12:36:12","guid":{"rendered":"http:\/\/www.pressenza.com\/pt-pt\/?p=393426"},"modified":"2016-11-05T12:36:54","modified_gmt":"2016-11-05T12:36:54","slug":"nos-somos-solucao-brasil-nao-o-problema","status":"publish","type":"post","link":"https:\/\/www.pressenza.com\/pt-pt\/2016\/11\/nos-somos-solucao-brasil-nao-o-problema\/","title":{"rendered":"&#8220;N\u00f3s somos a solu\u00e7\u00e3o do Brasil, n\u00e3o o problema&#8221;"},"content":{"rendered":"<p><strong>Estudantes de diversas escolas ocupadas do DF reafirmam uma luta para al\u00e9m da qualidade de ensino.<\/strong><\/p>\n<p>O Centro Educacional GISNO, situado na asa norte do plano piloto de Bras\u00edlia, recebeu na manh\u00e3 desta quarta (2\/11) os estudantes das escolas ocupadas do Distrito Federal para apresentar a situa\u00e7\u00e3o das ocupa\u00e7\u00f5es e os impactos da decis\u00e3o do MEC sobre o processo ENEM. Para os representantes o momento \u00e9 prop\u00edcio para reafirmar uma escola p\u00fablica de qualidade, livre e sem qualquer tipo de preconceito como racismo e lgbtfobia.<\/p>\n<p>Ana Fl\u00e1via, estudante de 16 anos do Centro Educacional Elefante Branco (CEDEB), afirma: &#8220;A gente est\u00e1 lutando. A nossas escolas est\u00e3o ocupadas, estamos em greve contra a PEC 241, PEC 55, contra a Reforma do Ensino M\u00e9dio, sabemos a necessidade de uma reforma no ensino, mas n\u00e3o desse jeito, uma reforma autorit\u00e1ria, que desrespeita os estudantes, que tira nossos direitos, que nos ataca. Somos os principais agentes desse processo e todos precisam nos ouvir.&#8221;<\/p>\n<p>Os estudantes aproveitaram para denunciar o movimento contr\u00e1rio a desocupa\u00e7\u00e3o que tem atacado as escolas ocupadas. Mesmo sofrendo amea\u00e7as, os estudantes reafirmam a luta pela educa\u00e7\u00e3o que eles acreditam. &#8220;Somos chamados de vagabundos diariamente. \u00c9 uma press\u00e3o psicol\u00f3gica muito forte para adolescente, muitos tem 15 anos, com diretor indo contra, com professor indo contra. A gente s\u00f3 est\u00e1 lutando pela educa\u00e7\u00e3o. A gente s\u00f3 quer melhoria para nossas escolas&#8221;, destaca Marcelo, estudante do CED GISNO.<\/p>\n<p>Fred, estudante de 17 anos do Centro Educacional do Oeste (CEMSO), complementou: &#8220;A gente est\u00e1 contra tamb\u00e9m a lei da morda\u00e7a, da Escola Sem Partido. Essa \u00e9 a lei do partido \u00fanico, do partido da ignor\u00e2ncia, da aliena\u00e7\u00e3o dos estudantes. Por que se voc\u00ea n\u00e3o debate, se voc\u00ea n\u00e3o conversa sobre as coisas, como \u00e9 que a gente vai ter consci\u00eancia? Como \u00e9 que a gente vai questionar? A gente tem que ter nossa forma\u00e7\u00e3o para entender como o mundo funciona. Querem que a gente saia do Ensino M\u00e9dio sem nenhum consci\u00eancia de vida p\u00fablica.&#8221;<\/p>\n<div id=\"attachment_393434\" class=\"wp-caption alignnone\"><img loading=\"lazy\" decoding=\"async\" aria-describedby=\"caption-attachment-393434\" class=\"wp-image-393434 size-large\" src=\"http:\/\/www.pressenza.com\/wp-content\/uploads\/2016\/11\/estudantes1-MN-720x480.jpg\" alt=\"estudantes1-mn\" width=\"720\" height=\"480\" srcset=\"https:\/\/www.pressenza.com\/wp-content\/uploads\/2016\/11\/estudantes1-MN-720x480.jpg 720w, https:\/\/www.pressenza.com\/wp-content\/uploads\/2016\/11\/estudantes1-MN-300x200.jpg 300w, https:\/\/www.pressenza.com\/wp-content\/uploads\/2016\/11\/estudantes1-MN-768x512.jpg 768w, https:\/\/www.pressenza.com\/wp-content\/uploads\/2016\/11\/estudantes1-MN.jpg 900w\" sizes=\"auto, (max-width: 720px) 100vw, 720px\" \/><p id=\"caption-attachment-393434\" class=\"wp-caption-text\">Foto M\u00eddia NINJA<\/p><\/div>\n<p>Marcelo aproveitou a oportunidade para compartilhar a experi\u00eancia da ocupa\u00e7\u00e3o e o desejo por um futuro de transforma\u00e7\u00f5es. &#8220;Tem pessoas que est\u00e3o limpando a escola , cuidando com da escola, outras pessoas est\u00e3o elaborando aulas. A gente quer a melhoria, a gente tamb\u00e9m quer entrar na universidade, mas a gente quer que mais gente entre na universidade. A gente quer uma escola para ter gosto. A gente quer uma escola livre. Livre do racismo, da homofobia, da viol\u00eancia. Gostaria de registrar aqui que estamos na luta pela Educa\u00e7\u00e3o.&#8221;<\/p>\n<p>O adiamento das provas do ENEM para os dias 3 e 4 de dezembro \u00e9 avaliado pelos estudantes como uma amea\u00e7a do governo. &#8220;Tem muitas pessoas que v\u00e3o fazer o ENEM. Tem muitas pessoas do 3\u00ba anos, mas tamb\u00e9m tem muitas pessoas do 2\u00ba e 1\u00ba anos que n\u00e3o far\u00e3o o exame e isso n\u00e3o ir\u00e1 comprometer a ocupa\u00e7\u00e3o. Sobre as escolas-sede do ENEM, acreditamos que isso vem como uma amea\u00e7a, \u00e9 colocar os estudantes contra os estudantes.&#8221;<\/p>\n<p>Mesmo com os desafios colocados, a estudante Ana Fl\u00e1via destaca a import\u00e2ncia desse momento hist\u00f3rico. &#8220;N\u00e3o \u00e9 isso que vai nos barrar. N\u00f3s temos um ideal maior que isso. N\u00f3s estamos unidos na luta para continuar. N\u00f3s estamos em luta pelo Brasil e o Brasil vai ser transformado pela educa\u00e7\u00e3o\u201d, conclui.<\/p>\n","protected":false},"excerpt":{"rendered":"<p>Estudantes de diversas escolas ocupadas do DF reafirmam uma luta para al\u00e9m da qualidade de ensino. O Centro Educacional GISNO, situado na asa norte do plano piloto de Bras\u00edlia, recebeu na manh\u00e3 desta quarta (2\/11) os estudantes das escolas ocupadas&hellip;<\/p>\n","protected":false},"author":1225,"featured_media":393427,"comment_status":"closed","ping_status":"closed","sticky":false,"template":"","format":"standard","meta":{"footnotes":""},"categories":[104,11390,116,1252],"tags":[2744,6254,32317,26505,5081,11013,31450,32318],"class_list":["post-393426","post","type-post","status-publish","format-standard","has-post-thumbnail","hentry","category-america-do-sul","category-conteudo-original","category-direitos-humanos","category-educacao","tag-brasil","tag-educacao-2","tag-enem","tag-escolas","tag-estudantes","tag-ocupacao","tag-pec-241","tag-pec-55"],"yoast_head":"<!-- This site is optimized with the Yoast SEO plugin v27.1.1 - https:\/\/yoast.com\/product\/yoast-seo-wordpress\/ -->\n<title>&quot;N\u00f3s somos a solu\u00e7\u00e3o do Brasil, n\u00e3o o problema&quot;<\/title>\n<meta name=\"description\" content=\"Estudantes de diversas escolas ocupadas do DF reafirmam uma luta para al\u00e9m da qualidade de ensino. O Centro Educacional GISNO, situado na asa norte do\" \/>\n<meta name=\"robots\" content=\"index, follow, max-snippet:-1, max-image-preview:large, max-video-preview:-1\" \/>\n<link rel=\"canonical\" href=\"https:\/\/www.pressenza.com\/pt-pt\/2016\/11\/nos-somos-solucao-brasil-nao-o-problema\/\" \/>\n<meta property=\"og:locale\" content=\"pt_PT\" \/>\n<meta property=\"og:type\" content=\"article\" \/>\n<meta property=\"og:title\" content=\"&quot;N\u00f3s somos a solu\u00e7\u00e3o do Brasil, n\u00e3o o problema&quot;\" \/>\n<meta property=\"og:description\" content=\"Estudantes de diversas escolas ocupadas do DF reafirmam uma luta para al\u00e9m da qualidade de ensino. O Centro Educacional GISNO, situado na asa norte do\" \/>\n<meta property=\"og:url\" content=\"https:\/\/www.pressenza.com\/pt-pt\/2016\/11\/nos-somos-solucao-brasil-nao-o-problema\/\" \/>\n<meta property=\"og:site_name\" content=\"Pressenza\" \/>\n<meta property=\"article:publisher\" content=\"https:\/\/www.facebook.com\/PressenzaItalia\" \/>\n<meta property=\"article:author\" content=\"https:\/\/www.facebook.com\/MidiaNINJA\/\" \/>\n<meta property=\"article:published_time\" content=\"2016-11-05T12:36:12+00:00\" \/>\n<meta property=\"article:modified_time\" content=\"2016-11-05T12:36:54+00:00\" \/>\n<meta property=\"og:image\" content=\"https:\/\/www.pressenza.com\/wp-content\/uploads\/2016\/11\/estudantes2-MN.jpg\" \/>\n\t<meta property=\"og:image:width\" content=\"900\" \/>\n\t<meta property=\"og:image:height\" content=\"600\" \/>\n\t<meta property=\"og:image:type\" content=\"image\/jpeg\" \/>\n<meta name=\"author\" content=\"M\u00eddia NINJA\" \/>\n<meta name=\"twitter:card\" content=\"summary_large_image\" \/>\n<meta name=\"twitter:creator\" content=\"@PressenzaIPA\" \/>\n<meta name=\"twitter:site\" content=\"@PressenzaIPA\" \/>\n<meta name=\"twitter:label1\" content=\"Escrito por\" \/>\n\t<meta name=\"twitter:data1\" content=\"M\u00eddia NINJA\" \/>\n\t<meta name=\"twitter:label2\" content=\"Tempo estimado de leitura\" \/>\n\t<meta name=\"twitter:data2\" content=\"3 minutos\" \/>\n<script type=\"application\/ld+json\" class=\"yoast-schema-graph\">{\"@context\":\"https:\/\/schema.org\",\"@graph\":[{\"@type\":\"Article\",\"@id\":\"https:\/\/www.pressenza.com\/pt-pt\/2016\/11\/nos-somos-solucao-brasil-nao-o-problema\/#article\",\"isPartOf\":{\"@id\":\"https:\/\/www.pressenza.com\/pt-pt\/2016\/11\/nos-somos-solucao-brasil-nao-o-problema\/\"},\"author\":{\"name\":\"M\u00eddia NINJA\",\"@id\":\"https:\/\/www.pressenza.com\/pt-pt\/#\/schema\/person\/61b235dea98d4f5f651cc1bd138a88bf\"},\"headline\":\"&#8220;N\u00f3s somos a solu\u00e7\u00e3o do Brasil, n\u00e3o o problema&#8221;\",\"datePublished\":\"2016-11-05T12:36:12+00:00\",\"dateModified\":\"2016-11-05T12:36:54+00:00\",\"mainEntityOfPage\":{\"@id\":\"https:\/\/www.pressenza.com\/pt-pt\/2016\/11\/nos-somos-solucao-brasil-nao-o-problema\/\"},\"wordCount\":603,\"publisher\":{\"@id\":\"https:\/\/www.pressenza.com\/pt-pt\/#organization\"},\"image\":{\"@id\":\"https:\/\/www.pressenza.com\/pt-pt\/2016\/11\/nos-somos-solucao-brasil-nao-o-problema\/#primaryimage\"},\"thumbnailUrl\":\"https:\/\/www.pressenza.com\/wp-content\/uploads\/2016\/11\/estudantes2-MN.jpg\",\"keywords\":[\"Brasil\",\"educa\u00e7\u00e3o\",\"ENEM\",\"ESCOLAS\",\"estudantes\",\"ocupacao\",\"PEC 241\",\"PEC 55\"],\"articleSection\":[\"\u00c1m\u00e9rica do Sul\",\"Conte\u00fado Original\",\"Direitos Humanos\",\"Educa\u00e7\u00e3o\"],\"inLanguage\":\"pt-PT\"},{\"@type\":\"WebPage\",\"@id\":\"https:\/\/www.pressenza.com\/pt-pt\/2016\/11\/nos-somos-solucao-brasil-nao-o-problema\/\",\"url\":\"https:\/\/www.pressenza.com\/pt-pt\/2016\/11\/nos-somos-solucao-brasil-nao-o-problema\/\",\"name\":\"\\\"N\u00f3s somos a solu\u00e7\u00e3o do Brasil, n\u00e3o o problema\\\"\",\"isPartOf\":{\"@id\":\"https:\/\/www.pressenza.com\/pt-pt\/#website\"},\"primaryImageOfPage\":{\"@id\":\"https:\/\/www.pressenza.com\/pt-pt\/2016\/11\/nos-somos-solucao-brasil-nao-o-problema\/#primaryimage\"},\"image\":{\"@id\":\"https:\/\/www.pressenza.com\/pt-pt\/2016\/11\/nos-somos-solucao-brasil-nao-o-problema\/#primaryimage\"},\"thumbnailUrl\":\"https:\/\/www.pressenza.com\/wp-content\/uploads\/2016\/11\/estudantes2-MN.jpg\",\"datePublished\":\"2016-11-05T12:36:12+00:00\",\"dateModified\":\"2016-11-05T12:36:54+00:00\",\"description\":\"Estudantes de diversas escolas ocupadas do DF reafirmam uma luta para al\u00e9m da qualidade de ensino. O Centro Educacional GISNO, situado na asa norte do\",\"breadcrumb\":{\"@id\":\"https:\/\/www.pressenza.com\/pt-pt\/2016\/11\/nos-somos-solucao-brasil-nao-o-problema\/#breadcrumb\"},\"inLanguage\":\"pt-PT\",\"potentialAction\":[{\"@type\":\"ReadAction\",\"target\":[\"https:\/\/www.pressenza.com\/pt-pt\/2016\/11\/nos-somos-solucao-brasil-nao-o-problema\/\"]}]},{\"@type\":\"ImageObject\",\"inLanguage\":\"pt-PT\",\"@id\":\"https:\/\/www.pressenza.com\/pt-pt\/2016\/11\/nos-somos-solucao-brasil-nao-o-problema\/#primaryimage\",\"url\":\"https:\/\/www.pressenza.com\/wp-content\/uploads\/2016\/11\/estudantes2-MN.jpg\",\"contentUrl\":\"https:\/\/www.pressenza.com\/wp-content\/uploads\/2016\/11\/estudantes2-MN.jpg\",\"width\":900,\"height\":600},{\"@type\":\"BreadcrumbList\",\"@id\":\"https:\/\/www.pressenza.com\/pt-pt\/2016\/11\/nos-somos-solucao-brasil-nao-o-problema\/#breadcrumb\",\"itemListElement\":[{\"@type\":\"ListItem\",\"position\":1,\"name\":\"Accueil\",\"item\":\"https:\/\/www.pressenza.com\/pt-pt\/\"},{\"@type\":\"ListItem\",\"position\":2,\"name\":\"&#8220;N\u00f3s somos a solu\u00e7\u00e3o do Brasil, n\u00e3o o problema&#8221;\"}]},{\"@type\":\"WebSite\",\"@id\":\"https:\/\/www.pressenza.com\/pt-pt\/#website\",\"url\":\"https:\/\/www.pressenza.com\/pt-pt\/\",\"name\":\"Pressenza\",\"description\":\"International Press Agency\",\"publisher\":{\"@id\":\"https:\/\/www.pressenza.com\/pt-pt\/#organization\"},\"potentialAction\":[{\"@type\":\"SearchAction\",\"target\":{\"@type\":\"EntryPoint\",\"urlTemplate\":\"https:\/\/www.pressenza.com\/pt-pt\/?s={search_term_string}\"},\"query-input\":{\"@type\":\"PropertyValueSpecification\",\"valueRequired\":true,\"valueName\":\"search_term_string\"}}],\"inLanguage\":\"pt-PT\"},{\"@type\":\"Organization\",\"@id\":\"https:\/\/www.pressenza.com\/pt-pt\/#organization\",\"name\":\"Pressenza\",\"url\":\"https:\/\/www.pressenza.com\/pt-pt\/\",\"logo\":{\"@type\":\"ImageObject\",\"inLanguage\":\"pt-PT\",\"@id\":\"https:\/\/www.pressenza.com\/pt-pt\/#\/schema\/logo\/image\/\",\"url\":\"https:\/\/www.pressenza.com\/wp-content\/uploads\/2022\/10\/pressenza_logo_200x200.jpg\",\"contentUrl\":\"https:\/\/www.pressenza.com\/wp-content\/uploads\/2022\/10\/pressenza_logo_200x200.jpg\",\"width\":200,\"height\":200,\"caption\":\"Pressenza\"},\"image\":{\"@id\":\"https:\/\/www.pressenza.com\/pt-pt\/#\/schema\/logo\/image\/\"},\"sameAs\":[\"https:\/\/www.facebook.com\/PressenzaItalia\",\"https:\/\/x.com\/PressenzaIPA\"]},{\"@type\":\"Person\",\"@id\":\"https:\/\/www.pressenza.com\/pt-pt\/#\/schema\/person\/61b235dea98d4f5f651cc1bd138a88bf\",\"name\":\"M\u00eddia NINJA\",\"description\":\"Narrativas independentes, jornalismo e a\u00e7\u00e3o. Uma rede de comunicadores que produzem e distribuem informa\u00e7\u00f5es sobre o movimento, atuando e comunicando. https:\/\/midianinja.org\/\",\"sameAs\":[\"https:\/\/midianinja.org\/\",\"https:\/\/www.facebook.com\/MidiaNINJA\/\"],\"url\":\"https:\/\/www.pressenza.com\/pt-pt\/author\/media-ninja\/\"}]}<\/script>\n<!-- \/ Yoast SEO plugin. -->","yoast_head_json":{"title":"\"N\u00f3s somos a solu\u00e7\u00e3o do Brasil, n\u00e3o o problema\"","description":"Estudantes de diversas escolas ocupadas do DF reafirmam uma luta para al\u00e9m da qualidade de ensino. O Centro Educacional GISNO, situado na asa norte do","robots":{"index":"index","follow":"follow","max-snippet":"max-snippet:-1","max-image-preview":"max-image-preview:large","max-video-preview":"max-video-preview:-1"},"canonical":"https:\/\/www.pressenza.com\/pt-pt\/2016\/11\/nos-somos-solucao-brasil-nao-o-problema\/","og_locale":"pt_PT","og_type":"article","og_title":"\"N\u00f3s somos a solu\u00e7\u00e3o do Brasil, n\u00e3o o problema\"","og_description":"Estudantes de diversas escolas ocupadas do DF reafirmam uma luta para al\u00e9m da qualidade de ensino. O Centro Educacional GISNO, situado na asa norte do","og_url":"https:\/\/www.pressenza.com\/pt-pt\/2016\/11\/nos-somos-solucao-brasil-nao-o-problema\/","og_site_name":"Pressenza","article_publisher":"https:\/\/www.facebook.com\/PressenzaItalia","article_author":"https:\/\/www.facebook.com\/MidiaNINJA\/","article_published_time":"2016-11-05T12:36:12+00:00","article_modified_time":"2016-11-05T12:36:54+00:00","og_image":[{"width":900,"height":600,"url":"https:\/\/www.pressenza.com\/wp-content\/uploads\/2016\/11\/estudantes2-MN.jpg","type":"image\/jpeg"}],"author":"M\u00eddia NINJA","twitter_card":"summary_large_image","twitter_creator":"@PressenzaIPA","twitter_site":"@PressenzaIPA","twitter_misc":{"Escrito por":"M\u00eddia NINJA","Tempo estimado de leitura":"3 minutos"},"schema":{"@context":"https:\/\/schema.org","@graph":[{"@type":"Article","@id":"https:\/\/www.pressenza.com\/pt-pt\/2016\/11\/nos-somos-solucao-brasil-nao-o-problema\/#article","isPartOf":{"@id":"https:\/\/www.pressenza.com\/pt-pt\/2016\/11\/nos-somos-solucao-brasil-nao-o-problema\/"},"author":{"name":"M\u00eddia NINJA","@id":"https:\/\/www.pressenza.com\/pt-pt\/#\/schema\/person\/61b235dea98d4f5f651cc1bd138a88bf"},"headline":"&#8220;N\u00f3s somos a solu\u00e7\u00e3o do Brasil, n\u00e3o o problema&#8221;","datePublished":"2016-11-05T12:36:12+00:00","dateModified":"2016-11-05T12:36:54+00:00","mainEntityOfPage":{"@id":"https:\/\/www.pressenza.com\/pt-pt\/2016\/11\/nos-somos-solucao-brasil-nao-o-problema\/"},"wordCount":603,"publisher":{"@id":"https:\/\/www.pressenza.com\/pt-pt\/#organization"},"image":{"@id":"https:\/\/www.pressenza.com\/pt-pt\/2016\/11\/nos-somos-solucao-brasil-nao-o-problema\/#primaryimage"},"thumbnailUrl":"https:\/\/www.pressenza.com\/wp-content\/uploads\/2016\/11\/estudantes2-MN.jpg","keywords":["Brasil","educa\u00e7\u00e3o","ENEM","ESCOLAS","estudantes","ocupacao","PEC 241","PEC 55"],"articleSection":["\u00c1m\u00e9rica do Sul","Conte\u00fado Original","Direitos Humanos","Educa\u00e7\u00e3o"],"inLanguage":"pt-PT"},{"@type":"WebPage","@id":"https:\/\/www.pressenza.com\/pt-pt\/2016\/11\/nos-somos-solucao-brasil-nao-o-problema\/","url":"https:\/\/www.pressenza.com\/pt-pt\/2016\/11\/nos-somos-solucao-brasil-nao-o-problema\/","name":"\"N\u00f3s somos a solu\u00e7\u00e3o do Brasil, n\u00e3o o problema\"","isPartOf":{"@id":"https:\/\/www.pressenza.com\/pt-pt\/#website"},"primaryImageOfPage":{"@id":"https:\/\/www.pressenza.com\/pt-pt\/2016\/11\/nos-somos-solucao-brasil-nao-o-problema\/#primaryimage"},"image":{"@id":"https:\/\/www.pressenza.com\/pt-pt\/2016\/11\/nos-somos-solucao-brasil-nao-o-problema\/#primaryimage"},"thumbnailUrl":"https:\/\/www.pressenza.com\/wp-content\/uploads\/2016\/11\/estudantes2-MN.jpg","datePublished":"2016-11-05T12:36:12+00:00","dateModified":"2016-11-05T12:36:54+00:00","description":"Estudantes de diversas escolas ocupadas do DF reafirmam uma luta para al\u00e9m da qualidade de ensino. O Centro Educacional GISNO, situado na asa norte do","breadcrumb":{"@id":"https:\/\/www.pressenza.com\/pt-pt\/2016\/11\/nos-somos-solucao-brasil-nao-o-problema\/#breadcrumb"},"inLanguage":"pt-PT","potentialAction":[{"@type":"ReadAction","target":["https:\/\/www.pressenza.com\/pt-pt\/2016\/11\/nos-somos-solucao-brasil-nao-o-problema\/"]}]},{"@type":"ImageObject","inLanguage":"pt-PT","@id":"https:\/\/www.pressenza.com\/pt-pt\/2016\/11\/nos-somos-solucao-brasil-nao-o-problema\/#primaryimage","url":"https:\/\/www.pressenza.com\/wp-content\/uploads\/2016\/11\/estudantes2-MN.jpg","contentUrl":"https:\/\/www.pressenza.com\/wp-content\/uploads\/2016\/11\/estudantes2-MN.jpg","width":900,"height":600},{"@type":"BreadcrumbList","@id":"https:\/\/www.pressenza.com\/pt-pt\/2016\/11\/nos-somos-solucao-brasil-nao-o-problema\/#breadcrumb","itemListElement":[{"@type":"ListItem","position":1,"name":"Accueil","item":"https:\/\/www.pressenza.com\/pt-pt\/"},{"@type":"ListItem","position":2,"name":"&#8220;N\u00f3s somos a solu\u00e7\u00e3o do Brasil, n\u00e3o o problema&#8221;"}]},{"@type":"WebSite","@id":"https:\/\/www.pressenza.com\/pt-pt\/#website","url":"https:\/\/www.pressenza.com\/pt-pt\/","name":"Pressenza","description":"International Press Agency","publisher":{"@id":"https:\/\/www.pressenza.com\/pt-pt\/#organization"},"potentialAction":[{"@type":"SearchAction","target":{"@type":"EntryPoint","urlTemplate":"https:\/\/www.pressenza.com\/pt-pt\/?s={search_term_string}"},"query-input":{"@type":"PropertyValueSpecification","valueRequired":true,"valueName":"search_term_string"}}],"inLanguage":"pt-PT"},{"@type":"Organization","@id":"https:\/\/www.pressenza.com\/pt-pt\/#organization","name":"Pressenza","url":"https:\/\/www.pressenza.com\/pt-pt\/","logo":{"@type":"ImageObject","inLanguage":"pt-PT","@id":"https:\/\/www.pressenza.com\/pt-pt\/#\/schema\/logo\/image\/","url":"https:\/\/www.pressenza.com\/wp-content\/uploads\/2022\/10\/pressenza_logo_200x200.jpg","contentUrl":"https:\/\/www.pressenza.com\/wp-content\/uploads\/2022\/10\/pressenza_logo_200x200.jpg","width":200,"height":200,"caption":"Pressenza"},"image":{"@id":"https:\/\/www.pressenza.com\/pt-pt\/#\/schema\/logo\/image\/"},"sameAs":["https:\/\/www.facebook.com\/PressenzaItalia","https:\/\/x.com\/PressenzaIPA"]},{"@type":"Person","@id":"https:\/\/www.pressenza.com\/pt-pt\/#\/schema\/person\/61b235dea98d4f5f651cc1bd138a88bf","name":"M\u00eddia NINJA","description":"Narrativas independentes, jornalismo e a\u00e7\u00e3o. Uma rede de comunicadores que produzem e distribuem informa\u00e7\u00f5es sobre o movimento, atuando e comunicando. https:\/\/midianinja.org\/","sameAs":["https:\/\/midianinja.org\/","https:\/\/www.facebook.com\/MidiaNINJA\/"],"url":"https:\/\/www.pressenza.com\/pt-pt\/author\/media-ninja\/"}]}},"place":"Brasil","original_article_url":"https:\/\/ninja.oximity.com\/article\/N%C3%B3s-somos-a-solu%C3%A7%C3%A3o-do-1?#","_links":{"self":[{"href":"https:\/\/www.pressenza.com\/pt-pt\/wp-json\/wp\/v2\/posts\/393426","targetHints":{"allow":["GET"]}}],"collection":[{"href":"https:\/\/www.pressenza.com\/pt-pt\/wp-json\/wp\/v2\/posts"}],"about":[{"href":"https:\/\/www.pressenza.com\/pt-pt\/wp-json\/wp\/v2\/types\/post"}],"author":[{"embeddable":true,"href":"https:\/\/www.pressenza.com\/pt-pt\/wp-json\/wp\/v2\/users\/1225"}],"replies":[{"embeddable":true,"href":"https:\/\/www.pressenza.com\/pt-pt\/wp-json\/wp\/v2\/comments?post=393426"}],"version-history":[{"count":0,"href":"https:\/\/www.pressenza.com\/pt-pt\/wp-json\/wp\/v2\/posts\/393426\/revisions"}],"wp:featuredmedia":[{"embeddable":true,"href":"https:\/\/www.pressenza.com\/pt-pt\/wp-json\/wp\/v2\/media\/393427"}],"wp:attachment":[{"href":"https:\/\/www.pressenza.com\/pt-pt\/wp-json\/wp\/v2\/media?parent=393426"}],"wp:term":[{"taxonomy":"category","embeddable":true,"href":"https:\/\/www.pressenza.com\/pt-pt\/wp-json\/wp\/v2\/categories?post=393426"},{"taxonomy":"post_tag","embeddable":true,"href":"https:\/\/www.pressenza.com\/pt-pt\/wp-json\/wp\/v2\/tags?post=393426"}],"curies":[{"name":"wp","href":"https:\/\/api.w.org\/{rel}","templated":true}]}}