{"id":377414,"date":"2016-10-05T09:12:48","date_gmt":"2016-10-05T08:12:48","guid":{"rendered":"http:\/\/www.pressenza.com\/pt-pt\/?p=377414"},"modified":"2016-10-05T09:13:49","modified_gmt":"2016-10-05T08:13:49","slug":"ipb-2016-vozes-dos-humanistas","status":"publish","type":"post","link":"https:\/\/www.pressenza.com\/pt-pt\/2016\/10\/ipb-2016-vozes-dos-humanistas\/","title":{"rendered":"IPB 2016, as vozes dos humanistas"},"content":{"rendered":"<p>Imediatamente ap\u00f3s o encerramento do IPB World Congress, em Berlim, recolhemos o sentimento de alguns humanistas que participaram no evento, contribuindo para cozer novas esperan\u00e7as, renovar a sensibilidade das pessoas e propor a\u00e7\u00f5es concretas a serem postas em pr\u00e1tica para um mundo diferente.<\/p>\n<p>Abaixo um pequeno video com as suas vozes<\/p>\n<p><iframe loading=\"lazy\" src=\"https:\/\/www.youtube.com\/embed\/Ynsie_q4ibY\" width=\"560\" height=\"315\" frameborder=\"0\" allowfullscreen=\"allowfullscreen\"><\/iframe><\/p>\n","protected":false},"excerpt":{"rendered":"<p>Imediatamente ap\u00f3s o encerramento do IPB World Congress, em Berlim, recolhemos o sentimento de alguns humanistas que participaram no evento, contribuindo para cozer novas esperan\u00e7as, renovar a sensibilidade das pessoas e propor a\u00e7\u00f5es concretas a serem postas em pr\u00e1tica para&hellip;<\/p>\n","protected":false},"author":680,"featured_media":377092,"comment_status":"closed","ping_status":"closed","sticky":false,"template":"","format":"standard","meta":{"footnotes":""},"categories":[11390,159,103,42,1256,1257,22288],"tags":[5517,975],"class_list":["post-377414","post","type-post","status-publish","format-standard","has-post-thumbnail","hentry","category-conteudo-original","category-entrevista-pt-pt","category-europa-pt-pt","category-internacional-2","category-nao-violencia","category-paz-desarmamento","category-video-pt","tag-nao-violencia-2","tag-paz-pt-pt"],"yoast_head":"<!-- This site is optimized with the Yoast SEO plugin v27.1.1 - https:\/\/yoast.com\/product\/yoast-seo-wordpress\/ -->\n<title>IPB 2016, as vozes dos humanistas<\/title>\n<meta name=\"description\" content=\"Imediatamente ap\u00f3s o encerramento do IPB World Congress, em Berlim, recolhemos o sentimento de alguns humanistas que participaram no evento, contribuindo\" \/>\n<meta name=\"robots\" content=\"index, follow, max-snippet:-1, max-image-preview:large, max-video-preview:-1\" \/>\n<link rel=\"canonical\" href=\"https:\/\/www.pressenza.com\/pt-pt\/2016\/10\/ipb-2016-vozes-dos-humanistas\/\" \/>\n<meta property=\"og:locale\" content=\"pt_PT\" \/>\n<meta property=\"og:type\" content=\"article\" \/>\n<meta property=\"og:title\" content=\"IPB 2016, as vozes dos humanistas\" \/>\n<meta property=\"og:description\" content=\"Imediatamente ap\u00f3s o encerramento do IPB World Congress, em Berlim, recolhemos o sentimento de alguns humanistas que participaram no evento, contribuindo\" \/>\n<meta property=\"og:url\" content=\"https:\/\/www.pressenza.com\/pt-pt\/2016\/10\/ipb-2016-vozes-dos-humanistas\/\" \/>\n<meta property=\"og:site_name\" content=\"Pressenza\" \/>\n<meta property=\"article:publisher\" content=\"https:\/\/www.facebook.com\/PressenzaItalia\" \/>\n<meta property=\"article:author\" content=\"https:\/\/www.facebook.com\/dariosolare\" \/>\n<meta property=\"article:published_time\" content=\"2016-10-05T08:12:48+00:00\" \/>\n<meta property=\"article:modified_time\" content=\"2016-10-05T08:13:49+00:00\" \/>\n<meta property=\"og:image\" content=\"https:\/\/www.pressenza.com\/wp-content\/uploads\/2016\/10\/IMG_0715.jpg\" \/>\n\t<meta property=\"og:image:width\" content=\"3264\" \/>\n\t<meta property=\"og:image:height\" content=\"2448\" \/>\n\t<meta property=\"og:image:type\" content=\"image\/jpeg\" \/>\n<meta name=\"author\" content=\"Dario Lo Scalzo\" \/>\n<meta name=\"twitter:card\" content=\"summary_large_image\" \/>\n<meta name=\"twitter:creator\" content=\"@dario-lo-scalzo\" \/>\n<meta name=\"twitter:site\" content=\"@PressenzaIPA\" \/>\n<meta name=\"twitter:label1\" content=\"Escrito por\" \/>\n\t<meta name=\"twitter:data1\" content=\"Dario Lo Scalzo\" \/>\n<script type=\"application\/ld+json\" class=\"yoast-schema-graph\">{\"@context\":\"https:\/\/schema.org\",\"@graph\":[{\"@type\":\"Article\",\"@id\":\"https:\/\/www.pressenza.com\/pt-pt\/2016\/10\/ipb-2016-vozes-dos-humanistas\/#article\",\"isPartOf\":{\"@id\":\"https:\/\/www.pressenza.com\/pt-pt\/2016\/10\/ipb-2016-vozes-dos-humanistas\/\"},\"author\":{\"name\":\"Dario Lo Scalzo\",\"@id\":\"https:\/\/www.pressenza.com\/pt-pt\/#\/schema\/person\/4734d5a58e73e1588c6b58e2610d4390\"},\"headline\":\"IPB 2016, as vozes dos humanistas\",\"datePublished\":\"2016-10-05T08:12:48+00:00\",\"dateModified\":\"2016-10-05T08:13:49+00:00\",\"mainEntityOfPage\":{\"@id\":\"https:\/\/www.pressenza.com\/pt-pt\/2016\/10\/ipb-2016-vozes-dos-humanistas\/\"},\"wordCount\":60,\"publisher\":{\"@id\":\"https:\/\/www.pressenza.com\/pt-pt\/#organization\"},\"image\":{\"@id\":\"https:\/\/www.pressenza.com\/pt-pt\/2016\/10\/ipb-2016-vozes-dos-humanistas\/#primaryimage\"},\"thumbnailUrl\":\"https:\/\/www.pressenza.com\/wp-content\/uploads\/2016\/10\/IMG_0715.jpg\",\"keywords\":[\"n\u00e3o violencia\",\"Paz\"],\"articleSection\":[\"Conte\u00fado Original\",\"Entrevista\",\"Europa\",\"Internacional\",\"N\u00e3o viol\u00eancia\",\"Paz e Desarmamento\",\"Video\"],\"inLanguage\":\"pt-PT\"},{\"@type\":\"WebPage\",\"@id\":\"https:\/\/www.pressenza.com\/pt-pt\/2016\/10\/ipb-2016-vozes-dos-humanistas\/\",\"url\":\"https:\/\/www.pressenza.com\/pt-pt\/2016\/10\/ipb-2016-vozes-dos-humanistas\/\",\"name\":\"IPB 2016, as vozes dos humanistas\",\"isPartOf\":{\"@id\":\"https:\/\/www.pressenza.com\/pt-pt\/#website\"},\"primaryImageOfPage\":{\"@id\":\"https:\/\/www.pressenza.com\/pt-pt\/2016\/10\/ipb-2016-vozes-dos-humanistas\/#primaryimage\"},\"image\":{\"@id\":\"https:\/\/www.pressenza.com\/pt-pt\/2016\/10\/ipb-2016-vozes-dos-humanistas\/#primaryimage\"},\"thumbnailUrl\":\"https:\/\/www.pressenza.com\/wp-content\/uploads\/2016\/10\/IMG_0715.jpg\",\"datePublished\":\"2016-10-05T08:12:48+00:00\",\"dateModified\":\"2016-10-05T08:13:49+00:00\",\"description\":\"Imediatamente ap\u00f3s o encerramento do IPB World Congress, em Berlim, recolhemos o sentimento de alguns humanistas que participaram no evento, contribuindo\",\"breadcrumb\":{\"@id\":\"https:\/\/www.pressenza.com\/pt-pt\/2016\/10\/ipb-2016-vozes-dos-humanistas\/#breadcrumb\"},\"inLanguage\":\"pt-PT\",\"potentialAction\":[{\"@type\":\"ReadAction\",\"target\":[\"https:\/\/www.pressenza.com\/pt-pt\/2016\/10\/ipb-2016-vozes-dos-humanistas\/\"]}]},{\"@type\":\"ImageObject\",\"inLanguage\":\"pt-PT\",\"@id\":\"https:\/\/www.pressenza.com\/pt-pt\/2016\/10\/ipb-2016-vozes-dos-humanistas\/#primaryimage\",\"url\":\"https:\/\/www.pressenza.com\/wp-content\/uploads\/2016\/10\/IMG_0715.jpg\",\"contentUrl\":\"https:\/\/www.pressenza.com\/wp-content\/uploads\/2016\/10\/IMG_0715.jpg\",\"width\":3264,\"height\":2448},{\"@type\":\"BreadcrumbList\",\"@id\":\"https:\/\/www.pressenza.com\/pt-pt\/2016\/10\/ipb-2016-vozes-dos-humanistas\/#breadcrumb\",\"itemListElement\":[{\"@type\":\"ListItem\",\"position\":1,\"name\":\"Accueil\",\"item\":\"https:\/\/www.pressenza.com\/pt-pt\/\"},{\"@type\":\"ListItem\",\"position\":2,\"name\":\"IPB 2016, as vozes dos humanistas\"}]},{\"@type\":\"WebSite\",\"@id\":\"https:\/\/www.pressenza.com\/pt-pt\/#website\",\"url\":\"https:\/\/www.pressenza.com\/pt-pt\/\",\"name\":\"Pressenza\",\"description\":\"International Press Agency\",\"publisher\":{\"@id\":\"https:\/\/www.pressenza.com\/pt-pt\/#organization\"},\"potentialAction\":[{\"@type\":\"SearchAction\",\"target\":{\"@type\":\"EntryPoint\",\"urlTemplate\":\"https:\/\/www.pressenza.com\/pt-pt\/?s={search_term_string}\"},\"query-input\":{\"@type\":\"PropertyValueSpecification\",\"valueRequired\":true,\"valueName\":\"search_term_string\"}}],\"inLanguage\":\"pt-PT\"},{\"@type\":\"Organization\",\"@id\":\"https:\/\/www.pressenza.com\/pt-pt\/#organization\",\"name\":\"Pressenza\",\"url\":\"https:\/\/www.pressenza.com\/pt-pt\/\",\"logo\":{\"@type\":\"ImageObject\",\"inLanguage\":\"pt-PT\",\"@id\":\"https:\/\/www.pressenza.com\/pt-pt\/#\/schema\/logo\/image\/\",\"url\":\"https:\/\/www.pressenza.com\/wp-content\/uploads\/2022\/10\/pressenza_logo_200x200.jpg\",\"contentUrl\":\"https:\/\/www.pressenza.com\/wp-content\/uploads\/2022\/10\/pressenza_logo_200x200.jpg\",\"width\":200,\"height\":200,\"caption\":\"Pressenza\"},\"image\":{\"@id\":\"https:\/\/www.pressenza.com\/pt-pt\/#\/schema\/logo\/image\/\"},\"sameAs\":[\"https:\/\/www.facebook.com\/PressenzaItalia\",\"https:\/\/x.com\/PressenzaIPA\"]},{\"@type\":\"Person\",\"@id\":\"https:\/\/www.pressenza.com\/pt-pt\/#\/schema\/person\/4734d5a58e73e1588c6b58e2610d4390\",\"name\":\"Dario Lo Scalzo\",\"description\":\"Dario Lo Scalzo: Journalist, writer and videomaker Dario has a professional background in banking, microcredit, lean thinking and change management. For years, he has been involved in Human Rights and Nonviolence issues. As a journalist, he wrote for Terranauta and Il Cambiamento (as a columnist and creator of the \\\"Invisible Stories\\\" section). He also cooperated with other online and print newpapers (Girodivite, Left Avvenimenti, Il Clandestino con permesso di soggiorno). In 2020, he created and launched the Video Team of the online green magazine \\\"GreenMe\\\". Currently, Dario is part of the Italian editorial staff of Pressenza International Press Agency and he is a freelance video-journalist at Radiotelevisione svizzera (RSI)\",\"sameAs\":[\"https:\/\/www.facebook.com\/dariosolare\",\"https:\/\/x.com\/dario-lo-scalzo\"],\"url\":\"https:\/\/www.pressenza.com\/pt-pt\/author\/dario-lo-scalzo\/\"}]}<\/script>\n<!-- \/ Yoast SEO plugin. -->","yoast_head_json":{"title":"IPB 2016, as vozes dos humanistas","description":"Imediatamente ap\u00f3s o encerramento do IPB World Congress, em Berlim, recolhemos o sentimento de alguns humanistas que participaram no evento, contribuindo","robots":{"index":"index","follow":"follow","max-snippet":"max-snippet:-1","max-image-preview":"max-image-preview:large","max-video-preview":"max-video-preview:-1"},"canonical":"https:\/\/www.pressenza.com\/pt-pt\/2016\/10\/ipb-2016-vozes-dos-humanistas\/","og_locale":"pt_PT","og_type":"article","og_title":"IPB 2016, as vozes dos humanistas","og_description":"Imediatamente ap\u00f3s o encerramento do IPB World Congress, em Berlim, recolhemos o sentimento de alguns humanistas que participaram no evento, contribuindo","og_url":"https:\/\/www.pressenza.com\/pt-pt\/2016\/10\/ipb-2016-vozes-dos-humanistas\/","og_site_name":"Pressenza","article_publisher":"https:\/\/www.facebook.com\/PressenzaItalia","article_author":"https:\/\/www.facebook.com\/dariosolare","article_published_time":"2016-10-05T08:12:48+00:00","article_modified_time":"2016-10-05T08:13:49+00:00","og_image":[{"width":3264,"height":2448,"url":"https:\/\/www.pressenza.com\/wp-content\/uploads\/2016\/10\/IMG_0715.jpg","type":"image\/jpeg"}],"author":"Dario Lo Scalzo","twitter_card":"summary_large_image","twitter_creator":"@dario-lo-scalzo","twitter_site":"@PressenzaIPA","twitter_misc":{"Escrito por":"Dario Lo Scalzo"},"schema":{"@context":"https:\/\/schema.org","@graph":[{"@type":"Article","@id":"https:\/\/www.pressenza.com\/pt-pt\/2016\/10\/ipb-2016-vozes-dos-humanistas\/#article","isPartOf":{"@id":"https:\/\/www.pressenza.com\/pt-pt\/2016\/10\/ipb-2016-vozes-dos-humanistas\/"},"author":{"name":"Dario Lo Scalzo","@id":"https:\/\/www.pressenza.com\/pt-pt\/#\/schema\/person\/4734d5a58e73e1588c6b58e2610d4390"},"headline":"IPB 2016, as vozes dos humanistas","datePublished":"2016-10-05T08:12:48+00:00","dateModified":"2016-10-05T08:13:49+00:00","mainEntityOfPage":{"@id":"https:\/\/www.pressenza.com\/pt-pt\/2016\/10\/ipb-2016-vozes-dos-humanistas\/"},"wordCount":60,"publisher":{"@id":"https:\/\/www.pressenza.com\/pt-pt\/#organization"},"image":{"@id":"https:\/\/www.pressenza.com\/pt-pt\/2016\/10\/ipb-2016-vozes-dos-humanistas\/#primaryimage"},"thumbnailUrl":"https:\/\/www.pressenza.com\/wp-content\/uploads\/2016\/10\/IMG_0715.jpg","keywords":["n\u00e3o violencia","Paz"],"articleSection":["Conte\u00fado Original","Entrevista","Europa","Internacional","N\u00e3o viol\u00eancia","Paz e Desarmamento","Video"],"inLanguage":"pt-PT"},{"@type":"WebPage","@id":"https:\/\/www.pressenza.com\/pt-pt\/2016\/10\/ipb-2016-vozes-dos-humanistas\/","url":"https:\/\/www.pressenza.com\/pt-pt\/2016\/10\/ipb-2016-vozes-dos-humanistas\/","name":"IPB 2016, as vozes dos humanistas","isPartOf":{"@id":"https:\/\/www.pressenza.com\/pt-pt\/#website"},"primaryImageOfPage":{"@id":"https:\/\/www.pressenza.com\/pt-pt\/2016\/10\/ipb-2016-vozes-dos-humanistas\/#primaryimage"},"image":{"@id":"https:\/\/www.pressenza.com\/pt-pt\/2016\/10\/ipb-2016-vozes-dos-humanistas\/#primaryimage"},"thumbnailUrl":"https:\/\/www.pressenza.com\/wp-content\/uploads\/2016\/10\/IMG_0715.jpg","datePublished":"2016-10-05T08:12:48+00:00","dateModified":"2016-10-05T08:13:49+00:00","description":"Imediatamente ap\u00f3s o encerramento do IPB World Congress, em Berlim, recolhemos o sentimento de alguns humanistas que participaram no evento, contribuindo","breadcrumb":{"@id":"https:\/\/www.pressenza.com\/pt-pt\/2016\/10\/ipb-2016-vozes-dos-humanistas\/#breadcrumb"},"inLanguage":"pt-PT","potentialAction":[{"@type":"ReadAction","target":["https:\/\/www.pressenza.com\/pt-pt\/2016\/10\/ipb-2016-vozes-dos-humanistas\/"]}]},{"@type":"ImageObject","inLanguage":"pt-PT","@id":"https:\/\/www.pressenza.com\/pt-pt\/2016\/10\/ipb-2016-vozes-dos-humanistas\/#primaryimage","url":"https:\/\/www.pressenza.com\/wp-content\/uploads\/2016\/10\/IMG_0715.jpg","contentUrl":"https:\/\/www.pressenza.com\/wp-content\/uploads\/2016\/10\/IMG_0715.jpg","width":3264,"height":2448},{"@type":"BreadcrumbList","@id":"https:\/\/www.pressenza.com\/pt-pt\/2016\/10\/ipb-2016-vozes-dos-humanistas\/#breadcrumb","itemListElement":[{"@type":"ListItem","position":1,"name":"Accueil","item":"https:\/\/www.pressenza.com\/pt-pt\/"},{"@type":"ListItem","position":2,"name":"IPB 2016, as vozes dos humanistas"}]},{"@type":"WebSite","@id":"https:\/\/www.pressenza.com\/pt-pt\/#website","url":"https:\/\/www.pressenza.com\/pt-pt\/","name":"Pressenza","description":"International Press Agency","publisher":{"@id":"https:\/\/www.pressenza.com\/pt-pt\/#organization"},"potentialAction":[{"@type":"SearchAction","target":{"@type":"EntryPoint","urlTemplate":"https:\/\/www.pressenza.com\/pt-pt\/?s={search_term_string}"},"query-input":{"@type":"PropertyValueSpecification","valueRequired":true,"valueName":"search_term_string"}}],"inLanguage":"pt-PT"},{"@type":"Organization","@id":"https:\/\/www.pressenza.com\/pt-pt\/#organization","name":"Pressenza","url":"https:\/\/www.pressenza.com\/pt-pt\/","logo":{"@type":"ImageObject","inLanguage":"pt-PT","@id":"https:\/\/www.pressenza.com\/pt-pt\/#\/schema\/logo\/image\/","url":"https:\/\/www.pressenza.com\/wp-content\/uploads\/2022\/10\/pressenza_logo_200x200.jpg","contentUrl":"https:\/\/www.pressenza.com\/wp-content\/uploads\/2022\/10\/pressenza_logo_200x200.jpg","width":200,"height":200,"caption":"Pressenza"},"image":{"@id":"https:\/\/www.pressenza.com\/pt-pt\/#\/schema\/logo\/image\/"},"sameAs":["https:\/\/www.facebook.com\/PressenzaItalia","https:\/\/x.com\/PressenzaIPA"]},{"@type":"Person","@id":"https:\/\/www.pressenza.com\/pt-pt\/#\/schema\/person\/4734d5a58e73e1588c6b58e2610d4390","name":"Dario Lo Scalzo","description":"Dario Lo Scalzo: Journalist, writer and videomaker Dario has a professional background in banking, microcredit, lean thinking and change management. For years, he has been involved in Human Rights and Nonviolence issues. As a journalist, he wrote for Terranauta and Il Cambiamento (as a columnist and creator of the \"Invisible Stories\" section). He also cooperated with other online and print newpapers (Girodivite, Left Avvenimenti, Il Clandestino con permesso di soggiorno). In 2020, he created and launched the Video Team of the online green magazine \"GreenMe\". Currently, Dario is part of the Italian editorial staff of Pressenza International Press Agency and he is a freelance video-journalist at Radiotelevisione svizzera (RSI)","sameAs":["https:\/\/www.facebook.com\/dariosolare","https:\/\/x.com\/dario-lo-scalzo"],"url":"https:\/\/www.pressenza.com\/pt-pt\/author\/dario-lo-scalzo\/"}]}},"place":"","original_article_url":"","_links":{"self":[{"href":"https:\/\/www.pressenza.com\/pt-pt\/wp-json\/wp\/v2\/posts\/377414","targetHints":{"allow":["GET"]}}],"collection":[{"href":"https:\/\/www.pressenza.com\/pt-pt\/wp-json\/wp\/v2\/posts"}],"about":[{"href":"https:\/\/www.pressenza.com\/pt-pt\/wp-json\/wp\/v2\/types\/post"}],"author":[{"embeddable":true,"href":"https:\/\/www.pressenza.com\/pt-pt\/wp-json\/wp\/v2\/users\/680"}],"replies":[{"embeddable":true,"href":"https:\/\/www.pressenza.com\/pt-pt\/wp-json\/wp\/v2\/comments?post=377414"}],"version-history":[{"count":0,"href":"https:\/\/www.pressenza.com\/pt-pt\/wp-json\/wp\/v2\/posts\/377414\/revisions"}],"wp:featuredmedia":[{"embeddable":true,"href":"https:\/\/www.pressenza.com\/pt-pt\/wp-json\/wp\/v2\/media\/377092"}],"wp:attachment":[{"href":"https:\/\/www.pressenza.com\/pt-pt\/wp-json\/wp\/v2\/media?parent=377414"}],"wp:term":[{"taxonomy":"category","embeddable":true,"href":"https:\/\/www.pressenza.com\/pt-pt\/wp-json\/wp\/v2\/categories?post=377414"},{"taxonomy":"post_tag","embeddable":true,"href":"https:\/\/www.pressenza.com\/pt-pt\/wp-json\/wp\/v2\/tags?post=377414"}],"curies":[{"name":"wp","href":"https:\/\/api.w.org\/{rel}","templated":true}]}}