{"id":375611,"date":"2016-10-01T15:47:17","date_gmt":"2016-10-01T14:47:17","guid":{"rendered":"http:\/\/www.pressenza.com\/pt-pt\/?p=375611"},"modified":"2016-10-02T03:42:31","modified_gmt":"2016-10-02T02:42:31","slug":"resistencia-imigrante-e-nao-violencia","status":"publish","type":"post","link":"https:\/\/www.pressenza.com\/pt-pt\/2016\/10\/resistencia-imigrante-e-nao-violencia\/","title":{"rendered":"Resist\u00eancia imigrante e n\u00e3o-viol\u00eancia"},"content":{"rendered":"<p class=\"p1\">Texto lido por Andrea Carabantes em ocasi\u00e3o da Mesa: Articula\u00e7\u00e3o dos imigrantes e resist\u00eancia n\u00e3o violenta na cidade de S\u00e3o Paulo organizada pela Equipe de Base Warmis &#8211; Converg\u00eancia das Culturas\u00a0no dia 20 de setembro no restaurante Al Janiah.<\/p>\n<p class=\"p1\"><em>Dia 2 de outubro \u00e9 o dia internacional da n\u00e3o-viol\u00eancia em comemora\u00e7\u00e3o ao nascimento do Mahatma Gandhi.<\/em><\/p>\n<p class=\"p1\"><em>Gandhi foi uns dos primeiros que teve na n\u00e3o-viol\u00eancia uma forma de luta, uma metodologia de a\u00e7\u00e3o.<\/em><\/p>\n<p class=\"p1\"><em>Gandhi falava assim \u201cA n\u00e3o-viol\u00eancia n\u00e3o significa doce submiss\u00e3o \u00e0 vontade do mal. Significa utilizar todas as for\u00e7as da alma contra a vontade do tirano. A n\u00e3o-viol\u00eancia n\u00e3o \u00e9 uma desculpa para o covarde, mas a suprema virtude dos corajosos. A pratica da n\u00e3o viol\u00eancia requer muito mais coragem do que a pratica das armas.\u201d<\/em><\/p>\n<p class=\"p1\"><em>Outro referente da n\u00e3o-viol\u00eancia \u00e9 o Dr. Martin Luther King Jr. quem utilizou, no movimento pelos direitos civis, as t\u00e1ticas da n\u00e3o-violencia, como a n\u00e3o coopera\u00e7\u00e3o, inspirado em Gandhi.<\/em><\/p>\n<p class=\"p1\"><em>Neste momento h\u00e1 muitos referentes de luta n\u00e3o violenta como Aung San Suu Kyi, na Birm\u00e2nia, Carmen Hertz, advogada de direitos humanos no Chile e Milagro Sala, primeira presa pol\u00edtica do governo Macri na Argentina. Pela qual os e as humanistas do mundo pedimos sua libera\u00e7\u00e3o.<\/em><\/p>\n<p class=\"p1\"><em>A equipe de base Warmis faz parte do Movimento Humanista, movimento que se encontra em mais de 40 pa\u00edses ao redor do mundo, ela se rege pela metodologia de a\u00e7\u00e3o da n\u00e3o-viol\u00eancia ativa.<\/em><\/p>\n<p class=\"p1\"><em>A n\u00e3o-viol\u00eancia ativa \u00e9 uma estrat\u00e9gia de luta consistente na denuncia sistem\u00e1tica de todas as formas de viol\u00eancia que exerce o Sistema. Tamb\u00e9m \u00e9 uma t\u00e1tica de luta aplicada a situa\u00e7\u00f5es pontuais nas que se verifica qualquer tipo de discrimina\u00e7\u00e3o. E \u00e9 um estilo de vida.<\/em><\/p>\n<p class=\"p1\"><em>Esta metodologia impulsiona uma profunda transforma\u00e7\u00e3o das condi\u00e7\u00f5es sociais que geram sofrimento e viol\u00eancia sobre os seres humanos, baseada na filosofia do Humanismo Universalista desenvolvida pelo argentino Mario Rodriguez Cobos (Silo).<\/em><\/p>\n<p class=\"p1\"><em>A n\u00e3o-viol\u00eancia ativa n\u00e3o \u00e9 somente um modo de a\u00e7\u00e3o e transforma\u00e7\u00e3o social. \u00c9, sobretudo, uma postura moral e \u00e9tica de recha\u00e7o a toda forma de viol\u00eancia exposta ou encoberta, uma sensibilidade humanista, uma atitude cotidiana solid\u00e1ria e de aberta comunica\u00e7\u00e3o com os demais.<\/em><\/p>\n<p class=\"p1\"><em>Algumas de suas ferramentas principais de a\u00e7\u00e3o pessoal e social s\u00e3o:<\/em><\/p>\n<ul class=\"ul1\">\n<li class=\"li1\"><em>A rejei\u00e7\u00e3o e o vazio ante as diferentes formas de discrimina\u00e7\u00e3o e viol\u00eancia.<\/em><\/li>\n<li class=\"li1\"><em>A n\u00e3o-colabora\u00e7\u00e3o com as pr\u00e1ticas violentas.<\/em><\/li>\n<li class=\"li1\"><em>A den\u00fancia de todos os feitos de discrimina\u00e7\u00e3o e viol\u00eancia.<\/em><\/li>\n<li class=\"li1\"><em>A desobedi\u00eancia civil frente \u00e0 viol\u00eancia institucionalizada<\/em><\/li>\n<li class=\"li1\"><em>A organiza\u00e7\u00e3o e mobiliza\u00e7\u00e3o social com base no trabalho volunt\u00e1rio e na a\u00e7\u00e3o solid\u00e1ria de quem a impulsiona.<\/em><\/li>\n<\/ul>\n<p class=\"p1\"><em>Como humanistas acreditamos firmemente na resist\u00eancia justa contra toda forma de viol\u00eancia e discrimina\u00e7\u00e3o, n\u00e3o na resist\u00eancia justa para justificar nossa posi\u00e7\u00e3o, nem para ser usada contra o outro (o que nos coloca sempre em um bando) sempre coloca o outro como \u201coutro\u201d, alheio. <\/em><\/p>\n<p class=\"p1\"><em>\u00c1 diferen\u00e7a da tradi\u00e7\u00e3o latina, que at\u00e9 hoje est\u00e1 presente no cristianismo, e\u00a0diz que a justi\u00e7a levar\u00e1 a paz, onde essa justi\u00e7a pode ser qualquer coisa &#8211; especialmente a viol\u00eancia &#8211; como as guerras. A\u00ed n\u00f3s dizemos que a obra da paz ser\u00e1 a justi\u00e7a.<\/em><\/p>\n<p class=\"p1\"><em>Tudo isto \u00e9 o que guia nosso atuar na Warmis. <\/em><\/p>\n<p class=\"p1\"><em>N\u00f3s definimos como n\u00e3o violentas porque \u00e9 assim que acreditamos que chegaremos a construir uma na\u00e7\u00e3o humana universal onde n\u00e3o haver\u00e1 bandos nem discrimina\u00e7\u00e3o. Onde trataremos aos demais como gostar\u00edamos ser tratados, como realmente gostar\u00edamos ser tratados!. E isso s\u00f3 acontecer\u00e1 se vejo no profundo dos olhos do outro e me vejo a\u00ed, mesmo que ele seja meu pior inimigo, vejo o humano nesse &#8220;outro&#8221;.<\/em><\/p>\n<p class=\"p1\">Fonte: Documentos\u00a0do Movimento Humanista.<\/p>\n<p class=\"p1\"><img loading=\"lazy\" decoding=\"async\" class=\"alignnone size-large wp-image-375612\" src=\"http:\/\/www.pressenza.com\/wp-content\/uploads\/2016\/10\/aljaniah2-720x432.jpg\" alt=\"aljaniah2\" width=\"720\" height=\"432\" srcset=\"https:\/\/www.pressenza.com\/wp-content\/uploads\/2016\/10\/aljaniah2-720x432.jpg 720w, https:\/\/www.pressenza.com\/wp-content\/uploads\/2016\/10\/aljaniah2-300x180.jpg 300w, https:\/\/www.pressenza.com\/wp-content\/uploads\/2016\/10\/aljaniah2-768x461.jpg 768w, https:\/\/www.pressenza.com\/wp-content\/uploads\/2016\/10\/aljaniah2.jpg 1280w\" sizes=\"auto, (max-width: 720px) 100vw, 720px\" \/><\/p>\n","protected":false},"excerpt":{"rendered":"<p>Texto lido por Andrea Carabantes em ocasi\u00e3o da Mesa: Articula\u00e7\u00e3o dos imigrantes e resist\u00eancia n\u00e3o violenta na cidade de S\u00e3o Paulo organizada pela Equipe de Base Warmis &#8211; Converg\u00eancia das Culturas\u00a0no dia 20 de setembro no restaurante Al Janiah. Dia&hellip;<\/p>\n","protected":false},"author":1283,"featured_media":375619,"comment_status":"closed","ping_status":"closed","sticky":false,"template":"","format":"standard","meta":{"footnotes":""},"categories":[104,11390,116,1255,1256,165],"tags":[31147,31146,802,5746,3022,8078,11344],"class_list":["post-375611","post","type-post","status-publish","format-standard","has-post-thumbnail","hentry","category-america-do-sul","category-conteudo-original","category-direitos-humanos","category-diversidade","category-nao-violencia","category-opiniao","tag-2deoutubro","tag-diadanaoviolencia","tag-gandhi","tag-imigrantes","tag-refugiados","tag-silo-pt-pt","tag-warmis"],"yoast_head":"<!-- This site is optimized with the Yoast SEO plugin v27.1.1 - https:\/\/yoast.com\/product\/yoast-seo-wordpress\/ -->\n<title>Resist\u00eancia imigrante e n\u00e3o-viol\u00eancia<\/title>\n<meta name=\"description\" content=\"Texto lido por Andrea Carabantes em ocasi\u00e3o da Mesa: Articula\u00e7\u00e3o dos imigrantes e resist\u00eancia n\u00e3o violenta na cidade de S\u00e3o Paulo organizada pela Equipe\" \/>\n<meta name=\"robots\" content=\"index, follow, max-snippet:-1, max-image-preview:large, max-video-preview:-1\" \/>\n<link rel=\"canonical\" href=\"https:\/\/www.pressenza.com\/pt-pt\/2016\/10\/resistencia-imigrante-e-nao-violencia\/\" \/>\n<meta property=\"og:locale\" content=\"pt_PT\" \/>\n<meta property=\"og:type\" content=\"article\" \/>\n<meta property=\"og:title\" content=\"Resist\u00eancia imigrante e n\u00e3o-viol\u00eancia\" \/>\n<meta property=\"og:description\" content=\"Texto lido por Andrea Carabantes em ocasi\u00e3o da Mesa: Articula\u00e7\u00e3o dos imigrantes e resist\u00eancia n\u00e3o violenta na cidade de S\u00e3o Paulo organizada pela Equipe\" \/>\n<meta property=\"og:url\" content=\"https:\/\/www.pressenza.com\/pt-pt\/2016\/10\/resistencia-imigrante-e-nao-violencia\/\" \/>\n<meta property=\"og:site_name\" content=\"Pressenza\" \/>\n<meta property=\"article:publisher\" content=\"https:\/\/www.facebook.com\/PressenzaItalia\" \/>\n<meta property=\"article:author\" content=\"https:\/\/www.facebook.com\/EquipeDeBaseWarmisConvergenciaDasCulturas\/\" \/>\n<meta property=\"article:published_time\" content=\"2016-10-01T14:47:17+00:00\" \/>\n<meta property=\"article:modified_time\" content=\"2016-10-02T02:42:31+00:00\" \/>\n<meta property=\"og:image\" content=\"https:\/\/www.pressenza.com\/wp-content\/uploads\/2016\/10\/aljaniah.jpg\" \/>\n\t<meta property=\"og:image:width\" content=\"1280\" \/>\n\t<meta property=\"og:image:height\" content=\"768\" \/>\n\t<meta property=\"og:image:type\" content=\"image\/jpeg\" \/>\n<meta name=\"author\" content=\"Equipe de Base Warmis-Converg\u00eancia das Culturas\" \/>\n<meta name=\"twitter:card\" content=\"summary_large_image\" \/>\n<meta name=\"twitter:creator\" content=\"@basewarmis\" \/>\n<meta name=\"twitter:site\" content=\"@PressenzaIPA\" \/>\n<meta name=\"twitter:label1\" content=\"Escrito por\" \/>\n\t<meta name=\"twitter:data1\" content=\"Equipe de Base Warmis-Converg\u00eancia das Culturas\" \/>\n\t<meta name=\"twitter:label2\" content=\"Tempo estimado de leitura\" \/>\n\t<meta name=\"twitter:data2\" content=\"3 minutos\" \/>\n<script type=\"application\/ld+json\" class=\"yoast-schema-graph\">{\"@context\":\"https:\/\/schema.org\",\"@graph\":[{\"@type\":\"Article\",\"@id\":\"https:\/\/www.pressenza.com\/pt-pt\/2016\/10\/resistencia-imigrante-e-nao-violencia\/#article\",\"isPartOf\":{\"@id\":\"https:\/\/www.pressenza.com\/pt-pt\/2016\/10\/resistencia-imigrante-e-nao-violencia\/\"},\"author\":{\"name\":\"Equipe de Base Warmis-Converg\u00eancia das Culturas\",\"@id\":\"https:\/\/www.pressenza.com\/pt-pt\/#\/schema\/person\/e08eda5bae47cda13b1567e96216cf51\"},\"headline\":\"Resist\u00eancia imigrante e n\u00e3o-viol\u00eancia\",\"datePublished\":\"2016-10-01T14:47:17+00:00\",\"dateModified\":\"2016-10-02T02:42:31+00:00\",\"mainEntityOfPage\":{\"@id\":\"https:\/\/www.pressenza.com\/pt-pt\/2016\/10\/resistencia-imigrante-e-nao-violencia\/\"},\"wordCount\":679,\"publisher\":{\"@id\":\"https:\/\/www.pressenza.com\/pt-pt\/#organization\"},\"image\":{\"@id\":\"https:\/\/www.pressenza.com\/pt-pt\/2016\/10\/resistencia-imigrante-e-nao-violencia\/#primaryimage\"},\"thumbnailUrl\":\"https:\/\/www.pressenza.com\/wp-content\/uploads\/2016\/10\/aljaniah.jpg\",\"keywords\":[\"2deoutubro\",\"diadanaoviolencia\",\"Gandhi\",\"imigrantes\",\"refugiados\",\"Silo\",\"warmis\"],\"articleSection\":[\"\u00c1m\u00e9rica do Sul\",\"Conte\u00fado Original\",\"Direitos Humanos\",\"Diversidade\",\"N\u00e3o viol\u00eancia\",\"Opini\u00e3o\"],\"inLanguage\":\"pt-PT\"},{\"@type\":\"WebPage\",\"@id\":\"https:\/\/www.pressenza.com\/pt-pt\/2016\/10\/resistencia-imigrante-e-nao-violencia\/\",\"url\":\"https:\/\/www.pressenza.com\/pt-pt\/2016\/10\/resistencia-imigrante-e-nao-violencia\/\",\"name\":\"Resist\u00eancia imigrante e n\u00e3o-viol\u00eancia\",\"isPartOf\":{\"@id\":\"https:\/\/www.pressenza.com\/pt-pt\/#website\"},\"primaryImageOfPage\":{\"@id\":\"https:\/\/www.pressenza.com\/pt-pt\/2016\/10\/resistencia-imigrante-e-nao-violencia\/#primaryimage\"},\"image\":{\"@id\":\"https:\/\/www.pressenza.com\/pt-pt\/2016\/10\/resistencia-imigrante-e-nao-violencia\/#primaryimage\"},\"thumbnailUrl\":\"https:\/\/www.pressenza.com\/wp-content\/uploads\/2016\/10\/aljaniah.jpg\",\"datePublished\":\"2016-10-01T14:47:17+00:00\",\"dateModified\":\"2016-10-02T02:42:31+00:00\",\"description\":\"Texto lido por Andrea Carabantes em ocasi\u00e3o da Mesa: Articula\u00e7\u00e3o dos imigrantes e resist\u00eancia n\u00e3o violenta na cidade de S\u00e3o Paulo organizada pela Equipe\",\"breadcrumb\":{\"@id\":\"https:\/\/www.pressenza.com\/pt-pt\/2016\/10\/resistencia-imigrante-e-nao-violencia\/#breadcrumb\"},\"inLanguage\":\"pt-PT\",\"potentialAction\":[{\"@type\":\"ReadAction\",\"target\":[\"https:\/\/www.pressenza.com\/pt-pt\/2016\/10\/resistencia-imigrante-e-nao-violencia\/\"]}]},{\"@type\":\"ImageObject\",\"inLanguage\":\"pt-PT\",\"@id\":\"https:\/\/www.pressenza.com\/pt-pt\/2016\/10\/resistencia-imigrante-e-nao-violencia\/#primaryimage\",\"url\":\"https:\/\/www.pressenza.com\/wp-content\/uploads\/2016\/10\/aljaniah.jpg\",\"contentUrl\":\"https:\/\/www.pressenza.com\/wp-content\/uploads\/2016\/10\/aljaniah.jpg\",\"width\":1280,\"height\":768,\"caption\":\"Foto: Equipe de Base Warmis - Restaurante Al Janiah\"},{\"@type\":\"BreadcrumbList\",\"@id\":\"https:\/\/www.pressenza.com\/pt-pt\/2016\/10\/resistencia-imigrante-e-nao-violencia\/#breadcrumb\",\"itemListElement\":[{\"@type\":\"ListItem\",\"position\":1,\"name\":\"Accueil\",\"item\":\"https:\/\/www.pressenza.com\/pt-pt\/\"},{\"@type\":\"ListItem\",\"position\":2,\"name\":\"Resist\u00eancia imigrante e n\u00e3o-viol\u00eancia\"}]},{\"@type\":\"WebSite\",\"@id\":\"https:\/\/www.pressenza.com\/pt-pt\/#website\",\"url\":\"https:\/\/www.pressenza.com\/pt-pt\/\",\"name\":\"Pressenza\",\"description\":\"International Press Agency\",\"publisher\":{\"@id\":\"https:\/\/www.pressenza.com\/pt-pt\/#organization\"},\"potentialAction\":[{\"@type\":\"SearchAction\",\"target\":{\"@type\":\"EntryPoint\",\"urlTemplate\":\"https:\/\/www.pressenza.com\/pt-pt\/?s={search_term_string}\"},\"query-input\":{\"@type\":\"PropertyValueSpecification\",\"valueRequired\":true,\"valueName\":\"search_term_string\"}}],\"inLanguage\":\"pt-PT\"},{\"@type\":\"Organization\",\"@id\":\"https:\/\/www.pressenza.com\/pt-pt\/#organization\",\"name\":\"Pressenza\",\"url\":\"https:\/\/www.pressenza.com\/pt-pt\/\",\"logo\":{\"@type\":\"ImageObject\",\"inLanguage\":\"pt-PT\",\"@id\":\"https:\/\/www.pressenza.com\/pt-pt\/#\/schema\/logo\/image\/\",\"url\":\"https:\/\/www.pressenza.com\/wp-content\/uploads\/2022\/10\/pressenza_logo_200x200.jpg\",\"contentUrl\":\"https:\/\/www.pressenza.com\/wp-content\/uploads\/2022\/10\/pressenza_logo_200x200.jpg\",\"width\":200,\"height\":200,\"caption\":\"Pressenza\"},\"image\":{\"@id\":\"https:\/\/www.pressenza.com\/pt-pt\/#\/schema\/logo\/image\/\"},\"sameAs\":[\"https:\/\/www.facebook.com\/PressenzaItalia\",\"https:\/\/x.com\/PressenzaIPA\"]},{\"@type\":\"Person\",\"@id\":\"https:\/\/www.pressenza.com\/pt-pt\/#\/schema\/person\/e08eda5bae47cda13b1567e96216cf51\",\"name\":\"Equipe de Base Warmis-Converg\u00eancia das Culturas\",\"description\":\"Somos mulheres imigrantes volunt\u00e1rias, que queremos transformar nossa realidade e melhorar as condi\u00e7\u00f5es nas quais vivemos, desenvolvendo e promovendo atividades em nossas comunidades.\",\"sameAs\":[\"http:\/\/www.warmis.org\",\"https:\/\/www.facebook.com\/EquipeDeBaseWarmisConvergenciaDasCulturas\/\",\"https:\/\/x.com\/basewarmis\"],\"url\":\"https:\/\/www.pressenza.com\/pt-pt\/author\/warmis\/\"}]}<\/script>\n<!-- \/ Yoast SEO plugin. -->","yoast_head_json":{"title":"Resist\u00eancia imigrante e n\u00e3o-viol\u00eancia","description":"Texto lido por Andrea Carabantes em ocasi\u00e3o da Mesa: Articula\u00e7\u00e3o dos imigrantes e resist\u00eancia n\u00e3o violenta na cidade de S\u00e3o Paulo organizada pela Equipe","robots":{"index":"index","follow":"follow","max-snippet":"max-snippet:-1","max-image-preview":"max-image-preview:large","max-video-preview":"max-video-preview:-1"},"canonical":"https:\/\/www.pressenza.com\/pt-pt\/2016\/10\/resistencia-imigrante-e-nao-violencia\/","og_locale":"pt_PT","og_type":"article","og_title":"Resist\u00eancia imigrante e n\u00e3o-viol\u00eancia","og_description":"Texto lido por Andrea Carabantes em ocasi\u00e3o da Mesa: Articula\u00e7\u00e3o dos imigrantes e resist\u00eancia n\u00e3o violenta na cidade de S\u00e3o Paulo organizada pela Equipe","og_url":"https:\/\/www.pressenza.com\/pt-pt\/2016\/10\/resistencia-imigrante-e-nao-violencia\/","og_site_name":"Pressenza","article_publisher":"https:\/\/www.facebook.com\/PressenzaItalia","article_author":"https:\/\/www.facebook.com\/EquipeDeBaseWarmisConvergenciaDasCulturas\/","article_published_time":"2016-10-01T14:47:17+00:00","article_modified_time":"2016-10-02T02:42:31+00:00","og_image":[{"width":1280,"height":768,"url":"https:\/\/www.pressenza.com\/wp-content\/uploads\/2016\/10\/aljaniah.jpg","type":"image\/jpeg"}],"author":"Equipe de Base Warmis-Converg\u00eancia das Culturas","twitter_card":"summary_large_image","twitter_creator":"@basewarmis","twitter_site":"@PressenzaIPA","twitter_misc":{"Escrito por":"Equipe de Base Warmis-Converg\u00eancia das Culturas","Tempo estimado de leitura":"3 minutos"},"schema":{"@context":"https:\/\/schema.org","@graph":[{"@type":"Article","@id":"https:\/\/www.pressenza.com\/pt-pt\/2016\/10\/resistencia-imigrante-e-nao-violencia\/#article","isPartOf":{"@id":"https:\/\/www.pressenza.com\/pt-pt\/2016\/10\/resistencia-imigrante-e-nao-violencia\/"},"author":{"name":"Equipe de Base Warmis-Converg\u00eancia das Culturas","@id":"https:\/\/www.pressenza.com\/pt-pt\/#\/schema\/person\/e08eda5bae47cda13b1567e96216cf51"},"headline":"Resist\u00eancia imigrante e n\u00e3o-viol\u00eancia","datePublished":"2016-10-01T14:47:17+00:00","dateModified":"2016-10-02T02:42:31+00:00","mainEntityOfPage":{"@id":"https:\/\/www.pressenza.com\/pt-pt\/2016\/10\/resistencia-imigrante-e-nao-violencia\/"},"wordCount":679,"publisher":{"@id":"https:\/\/www.pressenza.com\/pt-pt\/#organization"},"image":{"@id":"https:\/\/www.pressenza.com\/pt-pt\/2016\/10\/resistencia-imigrante-e-nao-violencia\/#primaryimage"},"thumbnailUrl":"https:\/\/www.pressenza.com\/wp-content\/uploads\/2016\/10\/aljaniah.jpg","keywords":["2deoutubro","diadanaoviolencia","Gandhi","imigrantes","refugiados","Silo","warmis"],"articleSection":["\u00c1m\u00e9rica do Sul","Conte\u00fado Original","Direitos Humanos","Diversidade","N\u00e3o viol\u00eancia","Opini\u00e3o"],"inLanguage":"pt-PT"},{"@type":"WebPage","@id":"https:\/\/www.pressenza.com\/pt-pt\/2016\/10\/resistencia-imigrante-e-nao-violencia\/","url":"https:\/\/www.pressenza.com\/pt-pt\/2016\/10\/resistencia-imigrante-e-nao-violencia\/","name":"Resist\u00eancia imigrante e n\u00e3o-viol\u00eancia","isPartOf":{"@id":"https:\/\/www.pressenza.com\/pt-pt\/#website"},"primaryImageOfPage":{"@id":"https:\/\/www.pressenza.com\/pt-pt\/2016\/10\/resistencia-imigrante-e-nao-violencia\/#primaryimage"},"image":{"@id":"https:\/\/www.pressenza.com\/pt-pt\/2016\/10\/resistencia-imigrante-e-nao-violencia\/#primaryimage"},"thumbnailUrl":"https:\/\/www.pressenza.com\/wp-content\/uploads\/2016\/10\/aljaniah.jpg","datePublished":"2016-10-01T14:47:17+00:00","dateModified":"2016-10-02T02:42:31+00:00","description":"Texto lido por Andrea Carabantes em ocasi\u00e3o da Mesa: Articula\u00e7\u00e3o dos imigrantes e resist\u00eancia n\u00e3o violenta na cidade de S\u00e3o Paulo organizada pela Equipe","breadcrumb":{"@id":"https:\/\/www.pressenza.com\/pt-pt\/2016\/10\/resistencia-imigrante-e-nao-violencia\/#breadcrumb"},"inLanguage":"pt-PT","potentialAction":[{"@type":"ReadAction","target":["https:\/\/www.pressenza.com\/pt-pt\/2016\/10\/resistencia-imigrante-e-nao-violencia\/"]}]},{"@type":"ImageObject","inLanguage":"pt-PT","@id":"https:\/\/www.pressenza.com\/pt-pt\/2016\/10\/resistencia-imigrante-e-nao-violencia\/#primaryimage","url":"https:\/\/www.pressenza.com\/wp-content\/uploads\/2016\/10\/aljaniah.jpg","contentUrl":"https:\/\/www.pressenza.com\/wp-content\/uploads\/2016\/10\/aljaniah.jpg","width":1280,"height":768,"caption":"Foto: Equipe de Base Warmis - Restaurante Al Janiah"},{"@type":"BreadcrumbList","@id":"https:\/\/www.pressenza.com\/pt-pt\/2016\/10\/resistencia-imigrante-e-nao-violencia\/#breadcrumb","itemListElement":[{"@type":"ListItem","position":1,"name":"Accueil","item":"https:\/\/www.pressenza.com\/pt-pt\/"},{"@type":"ListItem","position":2,"name":"Resist\u00eancia imigrante e n\u00e3o-viol\u00eancia"}]},{"@type":"WebSite","@id":"https:\/\/www.pressenza.com\/pt-pt\/#website","url":"https:\/\/www.pressenza.com\/pt-pt\/","name":"Pressenza","description":"International Press Agency","publisher":{"@id":"https:\/\/www.pressenza.com\/pt-pt\/#organization"},"potentialAction":[{"@type":"SearchAction","target":{"@type":"EntryPoint","urlTemplate":"https:\/\/www.pressenza.com\/pt-pt\/?s={search_term_string}"},"query-input":{"@type":"PropertyValueSpecification","valueRequired":true,"valueName":"search_term_string"}}],"inLanguage":"pt-PT"},{"@type":"Organization","@id":"https:\/\/www.pressenza.com\/pt-pt\/#organization","name":"Pressenza","url":"https:\/\/www.pressenza.com\/pt-pt\/","logo":{"@type":"ImageObject","inLanguage":"pt-PT","@id":"https:\/\/www.pressenza.com\/pt-pt\/#\/schema\/logo\/image\/","url":"https:\/\/www.pressenza.com\/wp-content\/uploads\/2022\/10\/pressenza_logo_200x200.jpg","contentUrl":"https:\/\/www.pressenza.com\/wp-content\/uploads\/2022\/10\/pressenza_logo_200x200.jpg","width":200,"height":200,"caption":"Pressenza"},"image":{"@id":"https:\/\/www.pressenza.com\/pt-pt\/#\/schema\/logo\/image\/"},"sameAs":["https:\/\/www.facebook.com\/PressenzaItalia","https:\/\/x.com\/PressenzaIPA"]},{"@type":"Person","@id":"https:\/\/www.pressenza.com\/pt-pt\/#\/schema\/person\/e08eda5bae47cda13b1567e96216cf51","name":"Equipe de Base Warmis-Converg\u00eancia das Culturas","description":"Somos mulheres imigrantes volunt\u00e1rias, que queremos transformar nossa realidade e melhorar as condi\u00e7\u00f5es nas quais vivemos, desenvolvendo e promovendo atividades em nossas comunidades.","sameAs":["http:\/\/www.warmis.org","https:\/\/www.facebook.com\/EquipeDeBaseWarmisConvergenciaDasCulturas\/","https:\/\/x.com\/basewarmis"],"url":"https:\/\/www.pressenza.com\/pt-pt\/author\/warmis\/"}]}},"place":"S\u00e3o Paulo","original_article_url":"","_links":{"self":[{"href":"https:\/\/www.pressenza.com\/pt-pt\/wp-json\/wp\/v2\/posts\/375611","targetHints":{"allow":["GET"]}}],"collection":[{"href":"https:\/\/www.pressenza.com\/pt-pt\/wp-json\/wp\/v2\/posts"}],"about":[{"href":"https:\/\/www.pressenza.com\/pt-pt\/wp-json\/wp\/v2\/types\/post"}],"author":[{"embeddable":true,"href":"https:\/\/www.pressenza.com\/pt-pt\/wp-json\/wp\/v2\/users\/1283"}],"replies":[{"embeddable":true,"href":"https:\/\/www.pressenza.com\/pt-pt\/wp-json\/wp\/v2\/comments?post=375611"}],"version-history":[{"count":0,"href":"https:\/\/www.pressenza.com\/pt-pt\/wp-json\/wp\/v2\/posts\/375611\/revisions"}],"wp:featuredmedia":[{"embeddable":true,"href":"https:\/\/www.pressenza.com\/pt-pt\/wp-json\/wp\/v2\/media\/375619"}],"wp:attachment":[{"href":"https:\/\/www.pressenza.com\/pt-pt\/wp-json\/wp\/v2\/media?parent=375611"}],"wp:term":[{"taxonomy":"category","embeddable":true,"href":"https:\/\/www.pressenza.com\/pt-pt\/wp-json\/wp\/v2\/categories?post=375611"},{"taxonomy":"post_tag","embeddable":true,"href":"https:\/\/www.pressenza.com\/pt-pt\/wp-json\/wp\/v2\/tags?post=375611"}],"curies":[{"name":"wp","href":"https:\/\/api.w.org\/{rel}","templated":true}]}}