{"id":368621,"date":"2016-09-13T12:51:25","date_gmt":"2016-09-13T11:51:25","guid":{"rendered":"http:\/\/www.pressenza.com\/pt-pt\/?p=368621"},"modified":"2016-09-13T12:52:50","modified_gmt":"2016-09-13T11:52:50","slug":"denuncie-basta-violencia","status":"publish","type":"post","link":"https:\/\/www.pressenza.com\/pt-pt\/2016\/09\/denuncie-basta-violencia\/","title":{"rendered":"Denuncie. Basta de viol\u00eancia"},"content":{"rendered":"<p><em>Por<strong> Brasil de fato<\/strong><\/em><\/p>\n<p>A Plataforma M\u00eddia sem Viola\u00e7\u00f5es de Direitos, desenvolvida pelo Intervozes\u00a0em parceria com a Funda\u00e7\u00e3o Rosa Luxemburgo, permite que qualquer cidad\u00e3o possa fazer reclama\u00e7\u00f5es sobre poss\u00edveis abusos cometidos por emissoras de televis\u00e3o. Seu lan\u00e7amento acontece nesta quarta-feira (14), \u00e0s 9h30, no Sal\u00e3o Nobre da C\u00e2mara dos Deputados, em Bras\u00edlia (DF).<\/p>\n<p>O canal \u00e9 um instrumento da campanha hom\u00f4nima &#8220;M\u00eddia sem Viola\u00e7\u00f5es de Direitos&#8221;, que tamb\u00e9m ser\u00e1 apresentada no evento. Por meio dela, foram monitorados\u00a028 programas policialescos veiculados pela televis\u00e3o ou pelo r\u00e1dio, por 30 dias, em dez capitais brasileiras. O estudo revelou a ocorr\u00eancia de 4,5 mil viola\u00e7\u00f5es de direitos e 15.761 infra\u00e7\u00f5es a leis brasileiras e a acordos multilaterais ratificados pelo Brasil.<\/p>\n<p><strong><em>Confira a vers\u00e3o em \u00e1udio da reportagem (para baixar o arquivo, clique na seta ao lado de compartilhar):<\/em><\/strong><\/p>\n<p><a href=\"https:\/\/soundcloud.com\/user-146107752\/plataforma-que-registra-violacao-de-direitos-humanos-pela-midia-e-lancada-em-brasilia\" target=\"_blank\"><img loading=\"lazy\" decoding=\"async\" class=\"alignnone size-large wp-image-368631\" src=\"http:\/\/www.pressenza.com\/wp-content\/uploads\/2016\/09\/mi--dia-720x185.jpg\" alt=\"mi\u0301dia\" width=\"720\" height=\"185\" srcset=\"https:\/\/www.pressenza.com\/wp-content\/uploads\/2016\/09\/mi--dia-720x185.jpg 720w, https:\/\/www.pressenza.com\/wp-content\/uploads\/2016\/09\/mi--dia-300x77.jpg 300w, https:\/\/www.pressenza.com\/wp-content\/uploads\/2016\/09\/mi--dia-768x197.jpg 768w, https:\/\/www.pressenza.com\/wp-content\/uploads\/2016\/09\/mi--dia.jpg 800w\" sizes=\"auto, (max-width: 720px) 100vw, 720px\" \/><\/a><\/p>\n<p>A partir dos dados coletados, foi produzido o primeiro ranking nacional,\u00a0que aponta o programa Cidade Alerta, da Rede Record, como o que mais violou direitos no pa\u00eds em 2015.<\/p>\n<p>Segundo o estudo da Ag\u00eancia de Not\u00edcias dos Direitos da Inf\u00e2ncia (Andi), considerando\u00a0apenas a vers\u00e3o nacional do programa na Grande S\u00e3o Paulo, alcan\u00e7a picos de audi\u00eancia\u00a0de 11.4 pontos no IBOPE, o que significa que o programa atinge mais de 2,3 milh\u00f5es de pessoas.<\/p>\n<p>\u201cAp\u00f3s verificarmos e dimensionarmos essa realidade, ficou n\u00edtida a necessidade de dar continuidade \u00e0 an\u00e1lise desses programas, sensibilizar a sociedade para os graves impactos deles e pressionar para que os \u00f3rg\u00e3os respons\u00e1veis fiscalizem os meios de comunica\u00e7\u00e3o\u201d, detalha Helena Martins,\u00a0representante do Intervozes no Conselho Nacional de Direitos Humanos (CNDH) e coordenadora da plataforma.<\/p>\n<p>A jornalista explica que, dada a relev\u00e2ncia da TV aberta no sistema de comunica\u00e7\u00e3o do Pa\u00eds, optou-se por destacar as viola\u00e7\u00f5es praticadas em programas televisivos, que foram divididas em seis categorias:\u00a01. Desrespeito \u00e0 presun\u00e7\u00e3o de inoc\u00eancia; 2. Incita\u00e7\u00e3o ao crime, \u00e0 viol\u00eancia e \u00e0 desobedi\u00eancia \u00e0s leis ou \u00e0s decis\u00f5es judiciais; 3. Exposi\u00e7\u00e3o indevida de pessoas e fam\u00edlias; 4. Discurso de \u00f3dio e preconceito; 5. Identifica\u00e7\u00e3o de adolescente em conflito com a lei e 6. Viola\u00e7\u00e3o do direito ao sil\u00eancio, tortura psicol\u00f3gica e tratamento degradante.<\/p>\n<p>O lan\u00e7amento da Plataforma M\u00eddia sem Viola\u00e7\u00f5es de Direitos ser\u00e1 feito em parceria com a Frente Parlamentar pela Liberdade de Express\u00e3o e o Direito a Comunica\u00e7\u00e3o com Participa\u00e7\u00e3o Popular (Frentecom).<\/p>\n<p>Tanto a plataforma quanto a campanha\u00a0nasceram do projeto Viola\u00e7\u00f5es de Direitos na M\u00eddia Brasileira, realizado pela Andi\u2013 Comunica\u00e7\u00e3o e Direitos em parceria com a Procuradoria Federal dos Direitos dos Cidad\u00e3os (PFDC), o Intervozes e a Artigo 19.<\/p>\n<p><strong>Servi\u00e7o<\/strong><br \/>\n<strong> Lan\u00e7amento da Plataforma M\u00eddia sem Viola\u00e7\u00f5es de Direitos<\/strong><\/p>\n<p>Data: 14 de setembro (quarta-feira), \u00e0s 9h30<\/p>\n<p>Local: Sal\u00e3o Nobre da C\u00e2mara dos Deputados, em Bras\u00edlia<\/p>\n","protected":false},"excerpt":{"rendered":"<p>Por Brasil de fato A Plataforma M\u00eddia sem Viola\u00e7\u00f5es de Direitos, desenvolvida pelo Intervozes\u00a0em parceria com a Funda\u00e7\u00e3o Rosa Luxemburgo, permite que qualquer cidad\u00e3o possa fazer reclama\u00e7\u00f5es sobre poss\u00edveis abusos cometidos por emissoras de televis\u00e3o. Seu lan\u00e7amento acontece nesta quarta-feira&hellip;<\/p>\n","protected":false},"author":44,"featured_media":368638,"comment_status":"closed","ping_status":"closed","sticky":false,"template":"","format":"standard","meta":{"footnotes":""},"categories":[11390,112,1256,27994],"tags":[30624,5209,9492],"class_list":["post-368621","post","type-post","status-publish","format-standard","has-post-thumbnail","hentry","category-conteudo-original","category-cultura-pt-pt","category-nao-violencia","category-radio-pt","tag-comunicacao","tag-direitos","tag-midia"],"yoast_head":"<!-- This site is optimized with the Yoast SEO plugin v27.1.1 - https:\/\/yoast.com\/product\/yoast-seo-wordpress\/ -->\n<title>Denuncie. Basta de viol\u00eancia<\/title>\n<meta name=\"description\" content=\"Por Brasil de fato A Plataforma M\u00eddia sem Viola\u00e7\u00f5es de Direitos, desenvolvida pelo Intervozes\u00a0em parceria com a Funda\u00e7\u00e3o Rosa Luxemburgo, permite que\" \/>\n<meta name=\"robots\" content=\"index, follow, max-snippet:-1, max-image-preview:large, max-video-preview:-1\" \/>\n<link rel=\"canonical\" href=\"https:\/\/www.pressenza.com\/pt-pt\/2016\/09\/denuncie-basta-violencia\/\" \/>\n<meta property=\"og:locale\" content=\"pt_PT\" \/>\n<meta property=\"og:type\" content=\"article\" \/>\n<meta property=\"og:title\" content=\"Denuncie. Basta de viol\u00eancia\" \/>\n<meta property=\"og:description\" content=\"Por Brasil de fato A Plataforma M\u00eddia sem Viola\u00e7\u00f5es de Direitos, desenvolvida pelo Intervozes\u00a0em parceria com a Funda\u00e7\u00e3o Rosa Luxemburgo, permite que\" \/>\n<meta property=\"og:url\" content=\"https:\/\/www.pressenza.com\/pt-pt\/2016\/09\/denuncie-basta-violencia\/\" \/>\n<meta property=\"og:site_name\" content=\"Pressenza\" \/>\n<meta property=\"article:publisher\" content=\"https:\/\/www.facebook.com\/PressenzaItalia\" \/>\n<meta property=\"article:author\" content=\"https:\/\/www.facebook.com\/PressenzaPortugues\" \/>\n<meta property=\"article:published_time\" content=\"2016-09-13T11:51:25+00:00\" \/>\n<meta property=\"article:modified_time\" content=\"2016-09-13T11:52:50+00:00\" \/>\n<meta property=\"og:image\" content=\"https:\/\/www.pressenza.com\/wp-content\/uploads\/2016\/09\/midia-violencia-1.jpg\" \/>\n\t<meta property=\"og:image:width\" content=\"794\" \/>\n\t<meta property=\"og:image:height\" content=\"438\" \/>\n\t<meta property=\"og:image:type\" content=\"image\/jpeg\" \/>\n<meta name=\"author\" content=\"Reda\u00e7\u00e3o S\u00e3o Paulo\" \/>\n<meta name=\"twitter:card\" content=\"summary_large_image\" \/>\n<meta name=\"twitter:creator\" content=\"@pressenza_pt\" \/>\n<meta name=\"twitter:site\" content=\"@PressenzaIPA\" \/>\n<meta name=\"twitter:label1\" content=\"Escrito por\" \/>\n\t<meta name=\"twitter:data1\" content=\"Reda\u00e7\u00e3o S\u00e3o Paulo\" \/>\n\t<meta name=\"twitter:label2\" content=\"Tempo estimado de leitura\" \/>\n\t<meta name=\"twitter:data2\" content=\"2 minutos\" \/>\n<script type=\"application\/ld+json\" class=\"yoast-schema-graph\">{\"@context\":\"https:\/\/schema.org\",\"@graph\":[{\"@type\":\"Article\",\"@id\":\"https:\/\/www.pressenza.com\/pt-pt\/2016\/09\/denuncie-basta-violencia\/#article\",\"isPartOf\":{\"@id\":\"https:\/\/www.pressenza.com\/pt-pt\/2016\/09\/denuncie-basta-violencia\/\"},\"author\":{\"name\":\"Reda\u00e7\u00e3o S\u00e3o Paulo\",\"@id\":\"https:\/\/www.pressenza.com\/pt-pt\/#\/schema\/person\/d171826afb7693cfc394da95892bfd93\"},\"headline\":\"Denuncie. Basta de viol\u00eancia\",\"datePublished\":\"2016-09-13T11:51:25+00:00\",\"dateModified\":\"2016-09-13T11:52:50+00:00\",\"mainEntityOfPage\":{\"@id\":\"https:\/\/www.pressenza.com\/pt-pt\/2016\/09\/denuncie-basta-violencia\/\"},\"wordCount\":497,\"publisher\":{\"@id\":\"https:\/\/www.pressenza.com\/pt-pt\/#organization\"},\"image\":{\"@id\":\"https:\/\/www.pressenza.com\/pt-pt\/2016\/09\/denuncie-basta-violencia\/#primaryimage\"},\"thumbnailUrl\":\"https:\/\/www.pressenza.com\/wp-content\/uploads\/2016\/09\/midia-violencia-1.jpg\",\"keywords\":[\"comunica\u00e7\u00e3o\",\"direitos\",\"midia\"],\"articleSection\":[\"Conte\u00fado Original\",\"Cultura e M\u00eddia\",\"N\u00e3o viol\u00eancia\",\"Radio\"],\"inLanguage\":\"pt-PT\"},{\"@type\":\"WebPage\",\"@id\":\"https:\/\/www.pressenza.com\/pt-pt\/2016\/09\/denuncie-basta-violencia\/\",\"url\":\"https:\/\/www.pressenza.com\/pt-pt\/2016\/09\/denuncie-basta-violencia\/\",\"name\":\"Denuncie. Basta de viol\u00eancia\",\"isPartOf\":{\"@id\":\"https:\/\/www.pressenza.com\/pt-pt\/#website\"},\"primaryImageOfPage\":{\"@id\":\"https:\/\/www.pressenza.com\/pt-pt\/2016\/09\/denuncie-basta-violencia\/#primaryimage\"},\"image\":{\"@id\":\"https:\/\/www.pressenza.com\/pt-pt\/2016\/09\/denuncie-basta-violencia\/#primaryimage\"},\"thumbnailUrl\":\"https:\/\/www.pressenza.com\/wp-content\/uploads\/2016\/09\/midia-violencia-1.jpg\",\"datePublished\":\"2016-09-13T11:51:25+00:00\",\"dateModified\":\"2016-09-13T11:52:50+00:00\",\"description\":\"Por Brasil de fato A Plataforma M\u00eddia sem Viola\u00e7\u00f5es de Direitos, desenvolvida pelo Intervozes\u00a0em parceria com a Funda\u00e7\u00e3o Rosa Luxemburgo, permite que\",\"breadcrumb\":{\"@id\":\"https:\/\/www.pressenza.com\/pt-pt\/2016\/09\/denuncie-basta-violencia\/#breadcrumb\"},\"inLanguage\":\"pt-PT\",\"potentialAction\":[{\"@type\":\"ReadAction\",\"target\":[\"https:\/\/www.pressenza.com\/pt-pt\/2016\/09\/denuncie-basta-violencia\/\"]}]},{\"@type\":\"ImageObject\",\"inLanguage\":\"pt-PT\",\"@id\":\"https:\/\/www.pressenza.com\/pt-pt\/2016\/09\/denuncie-basta-violencia\/#primaryimage\",\"url\":\"https:\/\/www.pressenza.com\/wp-content\/uploads\/2016\/09\/midia-violencia-1.jpg\",\"contentUrl\":\"https:\/\/www.pressenza.com\/wp-content\/uploads\/2016\/09\/midia-violencia-1.jpg\",\"width\":794,\"height\":438,\"caption\":\"Plataforma ser\u00e1 lan\u00e7ada nesta quarta-feira (14), \u00e0s 9h30, no Sal\u00e3o Nobre da C\u00e2mara dos Deputados, em Bras\u00edlia (DF) \/ Reprodu\u00e7\u00e3o\"},{\"@type\":\"BreadcrumbList\",\"@id\":\"https:\/\/www.pressenza.com\/pt-pt\/2016\/09\/denuncie-basta-violencia\/#breadcrumb\",\"itemListElement\":[{\"@type\":\"ListItem\",\"position\":1,\"name\":\"Accueil\",\"item\":\"https:\/\/www.pressenza.com\/pt-pt\/\"},{\"@type\":\"ListItem\",\"position\":2,\"name\":\"Denuncie. Basta de viol\u00eancia\"}]},{\"@type\":\"WebSite\",\"@id\":\"https:\/\/www.pressenza.com\/pt-pt\/#website\",\"url\":\"https:\/\/www.pressenza.com\/pt-pt\/\",\"name\":\"Pressenza\",\"description\":\"International Press Agency\",\"publisher\":{\"@id\":\"https:\/\/www.pressenza.com\/pt-pt\/#organization\"},\"potentialAction\":[{\"@type\":\"SearchAction\",\"target\":{\"@type\":\"EntryPoint\",\"urlTemplate\":\"https:\/\/www.pressenza.com\/pt-pt\/?s={search_term_string}\"},\"query-input\":{\"@type\":\"PropertyValueSpecification\",\"valueRequired\":true,\"valueName\":\"search_term_string\"}}],\"inLanguage\":\"pt-PT\"},{\"@type\":\"Organization\",\"@id\":\"https:\/\/www.pressenza.com\/pt-pt\/#organization\",\"name\":\"Pressenza\",\"url\":\"https:\/\/www.pressenza.com\/pt-pt\/\",\"logo\":{\"@type\":\"ImageObject\",\"inLanguage\":\"pt-PT\",\"@id\":\"https:\/\/www.pressenza.com\/pt-pt\/#\/schema\/logo\/image\/\",\"url\":\"https:\/\/www.pressenza.com\/wp-content\/uploads\/2022\/10\/pressenza_logo_200x200.jpg\",\"contentUrl\":\"https:\/\/www.pressenza.com\/wp-content\/uploads\/2022\/10\/pressenza_logo_200x200.jpg\",\"width\":200,\"height\":200,\"caption\":\"Pressenza\"},\"image\":{\"@id\":\"https:\/\/www.pressenza.com\/pt-pt\/#\/schema\/logo\/image\/\"},\"sameAs\":[\"https:\/\/www.facebook.com\/PressenzaItalia\",\"https:\/\/x.com\/PressenzaIPA\"]},{\"@type\":\"Person\",\"@id\":\"https:\/\/www.pressenza.com\/pt-pt\/#\/schema\/person\/d171826afb7693cfc394da95892bfd93\",\"name\":\"Reda\u00e7\u00e3o S\u00e3o Paulo\",\"description\":\"News from the Pressenza bureau in Sao Paulo, Brazil\",\"sameAs\":[\"https:\/\/www.facebook.com\/PressenzaPortugues\",\"https:\/\/x.com\/pressenza_pt\"],\"url\":\"https:\/\/www.pressenza.com\/pt-pt\/author\/redaccao-sao-paulo\/\"}]}<\/script>\n<!-- \/ Yoast SEO plugin. -->","yoast_head_json":{"title":"Denuncie. Basta de viol\u00eancia","description":"Por Brasil de fato A Plataforma M\u00eddia sem Viola\u00e7\u00f5es de Direitos, desenvolvida pelo Intervozes\u00a0em parceria com a Funda\u00e7\u00e3o Rosa Luxemburgo, permite que","robots":{"index":"index","follow":"follow","max-snippet":"max-snippet:-1","max-image-preview":"max-image-preview:large","max-video-preview":"max-video-preview:-1"},"canonical":"https:\/\/www.pressenza.com\/pt-pt\/2016\/09\/denuncie-basta-violencia\/","og_locale":"pt_PT","og_type":"article","og_title":"Denuncie. Basta de viol\u00eancia","og_description":"Por Brasil de fato A Plataforma M\u00eddia sem Viola\u00e7\u00f5es de Direitos, desenvolvida pelo Intervozes\u00a0em parceria com a Funda\u00e7\u00e3o Rosa Luxemburgo, permite que","og_url":"https:\/\/www.pressenza.com\/pt-pt\/2016\/09\/denuncie-basta-violencia\/","og_site_name":"Pressenza","article_publisher":"https:\/\/www.facebook.com\/PressenzaItalia","article_author":"https:\/\/www.facebook.com\/PressenzaPortugues","article_published_time":"2016-09-13T11:51:25+00:00","article_modified_time":"2016-09-13T11:52:50+00:00","og_image":[{"width":794,"height":438,"url":"https:\/\/www.pressenza.com\/wp-content\/uploads\/2016\/09\/midia-violencia-1.jpg","type":"image\/jpeg"}],"author":"Reda\u00e7\u00e3o S\u00e3o Paulo","twitter_card":"summary_large_image","twitter_creator":"@pressenza_pt","twitter_site":"@PressenzaIPA","twitter_misc":{"Escrito por":"Reda\u00e7\u00e3o S\u00e3o Paulo","Tempo estimado de leitura":"2 minutos"},"schema":{"@context":"https:\/\/schema.org","@graph":[{"@type":"Article","@id":"https:\/\/www.pressenza.com\/pt-pt\/2016\/09\/denuncie-basta-violencia\/#article","isPartOf":{"@id":"https:\/\/www.pressenza.com\/pt-pt\/2016\/09\/denuncie-basta-violencia\/"},"author":{"name":"Reda\u00e7\u00e3o S\u00e3o Paulo","@id":"https:\/\/www.pressenza.com\/pt-pt\/#\/schema\/person\/d171826afb7693cfc394da95892bfd93"},"headline":"Denuncie. Basta de viol\u00eancia","datePublished":"2016-09-13T11:51:25+00:00","dateModified":"2016-09-13T11:52:50+00:00","mainEntityOfPage":{"@id":"https:\/\/www.pressenza.com\/pt-pt\/2016\/09\/denuncie-basta-violencia\/"},"wordCount":497,"publisher":{"@id":"https:\/\/www.pressenza.com\/pt-pt\/#organization"},"image":{"@id":"https:\/\/www.pressenza.com\/pt-pt\/2016\/09\/denuncie-basta-violencia\/#primaryimage"},"thumbnailUrl":"https:\/\/www.pressenza.com\/wp-content\/uploads\/2016\/09\/midia-violencia-1.jpg","keywords":["comunica\u00e7\u00e3o","direitos","midia"],"articleSection":["Conte\u00fado Original","Cultura e M\u00eddia","N\u00e3o viol\u00eancia","Radio"],"inLanguage":"pt-PT"},{"@type":"WebPage","@id":"https:\/\/www.pressenza.com\/pt-pt\/2016\/09\/denuncie-basta-violencia\/","url":"https:\/\/www.pressenza.com\/pt-pt\/2016\/09\/denuncie-basta-violencia\/","name":"Denuncie. Basta de viol\u00eancia","isPartOf":{"@id":"https:\/\/www.pressenza.com\/pt-pt\/#website"},"primaryImageOfPage":{"@id":"https:\/\/www.pressenza.com\/pt-pt\/2016\/09\/denuncie-basta-violencia\/#primaryimage"},"image":{"@id":"https:\/\/www.pressenza.com\/pt-pt\/2016\/09\/denuncie-basta-violencia\/#primaryimage"},"thumbnailUrl":"https:\/\/www.pressenza.com\/wp-content\/uploads\/2016\/09\/midia-violencia-1.jpg","datePublished":"2016-09-13T11:51:25+00:00","dateModified":"2016-09-13T11:52:50+00:00","description":"Por Brasil de fato A Plataforma M\u00eddia sem Viola\u00e7\u00f5es de Direitos, desenvolvida pelo Intervozes\u00a0em parceria com a Funda\u00e7\u00e3o Rosa Luxemburgo, permite que","breadcrumb":{"@id":"https:\/\/www.pressenza.com\/pt-pt\/2016\/09\/denuncie-basta-violencia\/#breadcrumb"},"inLanguage":"pt-PT","potentialAction":[{"@type":"ReadAction","target":["https:\/\/www.pressenza.com\/pt-pt\/2016\/09\/denuncie-basta-violencia\/"]}]},{"@type":"ImageObject","inLanguage":"pt-PT","@id":"https:\/\/www.pressenza.com\/pt-pt\/2016\/09\/denuncie-basta-violencia\/#primaryimage","url":"https:\/\/www.pressenza.com\/wp-content\/uploads\/2016\/09\/midia-violencia-1.jpg","contentUrl":"https:\/\/www.pressenza.com\/wp-content\/uploads\/2016\/09\/midia-violencia-1.jpg","width":794,"height":438,"caption":"Plataforma ser\u00e1 lan\u00e7ada nesta quarta-feira (14), \u00e0s 9h30, no Sal\u00e3o Nobre da C\u00e2mara dos Deputados, em Bras\u00edlia (DF) \/ Reprodu\u00e7\u00e3o"},{"@type":"BreadcrumbList","@id":"https:\/\/www.pressenza.com\/pt-pt\/2016\/09\/denuncie-basta-violencia\/#breadcrumb","itemListElement":[{"@type":"ListItem","position":1,"name":"Accueil","item":"https:\/\/www.pressenza.com\/pt-pt\/"},{"@type":"ListItem","position":2,"name":"Denuncie. Basta de viol\u00eancia"}]},{"@type":"WebSite","@id":"https:\/\/www.pressenza.com\/pt-pt\/#website","url":"https:\/\/www.pressenza.com\/pt-pt\/","name":"Pressenza","description":"International Press Agency","publisher":{"@id":"https:\/\/www.pressenza.com\/pt-pt\/#organization"},"potentialAction":[{"@type":"SearchAction","target":{"@type":"EntryPoint","urlTemplate":"https:\/\/www.pressenza.com\/pt-pt\/?s={search_term_string}"},"query-input":{"@type":"PropertyValueSpecification","valueRequired":true,"valueName":"search_term_string"}}],"inLanguage":"pt-PT"},{"@type":"Organization","@id":"https:\/\/www.pressenza.com\/pt-pt\/#organization","name":"Pressenza","url":"https:\/\/www.pressenza.com\/pt-pt\/","logo":{"@type":"ImageObject","inLanguage":"pt-PT","@id":"https:\/\/www.pressenza.com\/pt-pt\/#\/schema\/logo\/image\/","url":"https:\/\/www.pressenza.com\/wp-content\/uploads\/2022\/10\/pressenza_logo_200x200.jpg","contentUrl":"https:\/\/www.pressenza.com\/wp-content\/uploads\/2022\/10\/pressenza_logo_200x200.jpg","width":200,"height":200,"caption":"Pressenza"},"image":{"@id":"https:\/\/www.pressenza.com\/pt-pt\/#\/schema\/logo\/image\/"},"sameAs":["https:\/\/www.facebook.com\/PressenzaItalia","https:\/\/x.com\/PressenzaIPA"]},{"@type":"Person","@id":"https:\/\/www.pressenza.com\/pt-pt\/#\/schema\/person\/d171826afb7693cfc394da95892bfd93","name":"Reda\u00e7\u00e3o S\u00e3o Paulo","description":"News from the Pressenza bureau in Sao Paulo, Brazil","sameAs":["https:\/\/www.facebook.com\/PressenzaPortugues","https:\/\/x.com\/pressenza_pt"],"url":"https:\/\/www.pressenza.com\/pt-pt\/author\/redaccao-sao-paulo\/"}]}},"place":"Bras\u00edlia, Brasil","original_article_url":"https:\/\/brasildefato.com.br\/2016\/09\/12\/plataforma-que-registra-violacao-de-direitos-humanos-pela-midia-e-lancada-em-brasilia\/","_links":{"self":[{"href":"https:\/\/www.pressenza.com\/pt-pt\/wp-json\/wp\/v2\/posts\/368621","targetHints":{"allow":["GET"]}}],"collection":[{"href":"https:\/\/www.pressenza.com\/pt-pt\/wp-json\/wp\/v2\/posts"}],"about":[{"href":"https:\/\/www.pressenza.com\/pt-pt\/wp-json\/wp\/v2\/types\/post"}],"author":[{"embeddable":true,"href":"https:\/\/www.pressenza.com\/pt-pt\/wp-json\/wp\/v2\/users\/44"}],"replies":[{"embeddable":true,"href":"https:\/\/www.pressenza.com\/pt-pt\/wp-json\/wp\/v2\/comments?post=368621"}],"version-history":[{"count":0,"href":"https:\/\/www.pressenza.com\/pt-pt\/wp-json\/wp\/v2\/posts\/368621\/revisions"}],"wp:featuredmedia":[{"embeddable":true,"href":"https:\/\/www.pressenza.com\/pt-pt\/wp-json\/wp\/v2\/media\/368638"}],"wp:attachment":[{"href":"https:\/\/www.pressenza.com\/pt-pt\/wp-json\/wp\/v2\/media?parent=368621"}],"wp:term":[{"taxonomy":"category","embeddable":true,"href":"https:\/\/www.pressenza.com\/pt-pt\/wp-json\/wp\/v2\/categories?post=368621"},{"taxonomy":"post_tag","embeddable":true,"href":"https:\/\/www.pressenza.com\/pt-pt\/wp-json\/wp\/v2\/tags?post=368621"}],"curies":[{"name":"wp","href":"https:\/\/api.w.org\/{rel}","templated":true}]}}