{"id":357493,"date":"2016-08-25T14:55:01","date_gmt":"2016-08-25T13:55:01","guid":{"rendered":"http:\/\/www.pressenza.com\/pt-pt\/?p=357493"},"modified":"2016-08-25T14:55:01","modified_gmt":"2016-08-25T13:55:01","slug":"besta","status":"publish","type":"post","link":"https:\/\/www.pressenza.com\/pt-pt\/2016\/08\/besta\/","title":{"rendered":"&#8220;Besta&#8221;"},"content":{"rendered":"<p><em>Por Marcelo Zero*\/<strong>Brasil de Fato<\/strong><\/em><\/p>\n<p><strong>Artigo em resposta ao coment\u00e1rio de Jos\u00e9 Serra sobre a OEA.<\/strong><br \/>\nSoci\u00f3logo Marcelo Zero diz que chamar documento da Corte de &#8220;besta e malfeito&#8221; \u00e9 o c\u00famulo da diplomacia de asno.<\/p>\n<p>&nbsp;<\/p>\n<p>A especialidade do minist\u00e9rio Temer \u00e9 a destrui\u00e7\u00e3o. Como um bando de hunos, dedica-se a pilhar o Estado e a implodir tudo o que foi feito com anos de trabalhos duro.<\/p>\n<p>Ci\u00eancia sem Fronteiras, FIES [Fundo de Financiamento Estudantil], Prouni [Programa Universidade Para Todos], Minha Casa Minha Vida, SUS [Sistema \u00danico de Sa\u00fade], Cultura, etc., tudo est\u00e1 sendo &#8220;revisto&#8221;, reduzido ou simplesmente destru\u00eddo, de modo a que sobre dinheiro para pagar juros e a conta fisiol\u00f3gica do golpe. No \u00ednterim, dedicam-se tamb\u00e9m a perseguir os que defendem a democracia ou os que tinham algum la\u00e7o com o governo anterior. Afinal, os hunos, al\u00e9m de violentos, eram mesquinhos.<\/p>\n<p>Nesse festival macabro de destrui\u00e7\u00e3o de pol\u00edticas e programas, h\u00e1 um minist\u00e9rio que tem destaque: o Itamaraty. Chefiado com m\u00e3o de ferro pelo exuberante Bar\u00e3o da Mooca, o nosso MRE [Minist\u00e9rio das Rela\u00e7\u00f5es Exteriores] dedica-se com afinco a destruir a pol\u00edtica externa altiva e ativa que foi decisiva para supera\u00e7\u00e3o da nossa vulnerabilidade externa e a eleva\u00e7\u00e3o do nosso protagonismo internacional.<\/p>\n<p>Qui\u00e7\u00e1 tentando se converter numa esp\u00e9cie de Theodore Roosevelt tupiniquim, em apenas 100 dias nosso chanceler j\u00e1 distribuiu golpes de seu &#8220;grande porrete&#8221; para tudo quanto \u00e9 lado.<\/p>\n<p>Agrediu a Nicar\u00e1gua e El Salvador por questionarem o golpe. Promoveu assaltos verbais contra a Unasul [Uni\u00e3o de Na\u00e7\u00f5es Sul-Americanas] pelo mesmo motivo. Amea\u00e7ou o Caribe e a \u00c1frica com fechamentos de embaixadas, ofendendo pa\u00edses amigos que tamb\u00e9m abriram embaixadas no Brasil. Distribuiu pr\u00f3digos coices contra o Mercosul e a integra\u00e7\u00e3o regional, sem esconder seu desprezo por nossos vizinhos e sua inten\u00e7\u00e3o de recolocar o Brasil na \u00f3rbita estrat\u00e9gica dos EUA.<\/p>\n<p>Esse grande diplomata, um talento nato, conseguiu a fant\u00e1stica proeza de brigar com o pequenino Uruguai, pois foi at\u00e9 Montevid\u00e9u tentar comprar o voto dos uruguaios para excluir a Venezuela do Mercosul.<\/p>\n<p>Seus porreta\u00e7os e coices s\u00e3o complementados com adequados zurros. Assim, quando a Organiza\u00e7\u00e3o das Na\u00e7\u00f5es Unidas (ONU) e a Organiza\u00e7\u00e3o dos Estados Americanos (OEA) criticaram a transforma\u00e7\u00e3o da Controladoria-Geral da Uni\u00e3o (CGU) em minist\u00e9rio e a troca de comando da Empresa Brasil de Comunica\u00e7\u00e3o (EBC), o Bar\u00e3o da Mooca afirmou que: &#8220;Isso n\u00e3o tem p\u00e9 nem cabe\u00e7a, nem import\u00e2ncia. A maioria n\u00e3o sabe sobre o que est\u00e1 falando&#8221;. A ONU e a OEA n\u00e3o sabem o que est\u00e3o falando. Mas ele sabe.<\/p>\n<p>Sabe tanto que, na sua visita ao M\u00e9xico, ofendeu em p\u00fablico a chanceler mexicana com uma piadinha mis\u00f3gina. Sabe tudo de diplomacia o nosso Roosevelt.<\/p>\n<p>Agora, entretanto, o Roosevelt tupiniquim se superou. Ap\u00f3s receber documento oficial da Comiss\u00e3o Interamericana de Direitos Humanos da OEA pedindo informa\u00e7\u00f5es sobre o processo do impeachment sem crime, ele afirmou, com grande tato, que o documento \u00e9 &#8220;besta e malfeito&#8221; e que &#8220;o Brasil n\u00e3o tem que responder nada&#8221;.<\/p>\n<p>O zurro surpreendeu pelos decib\u00e9is e pela ignor\u00e2ncia em assuntos comezinhos de pol\u00edtica externa.<\/p>\n<p>A Conven\u00e7\u00e3o Interamericana sobre Direitos Humanos da OEA, mais conhecida como Pacto de San Jos\u00e9, foi promulgada na nossa ordem jur\u00eddica interna em 6 de novembro de 1992. Portanto, desde aquela data, ela tem for\u00e7a de lei no pa\u00eds. Al\u00e9m disso, em 1998, mediante a Mensagem n\u00ba 1070, enviada ao Congresso em regime urg\u00eancia, o Brasil passou a reconhecer, como obrigat\u00f3rias e vinculantes, as senten\u00e7as da Corte Interamericana de Direitos Humanos, que \u00e9 o \u00f3rg\u00e3o judicial que protege os direitos previstos na citada conven\u00e7\u00e3o. Saliente-se que os Estados que fazem parte da Conven\u00e7\u00e3o n\u00e3o s\u00e3o obrigados a reconhecer tais senten\u00e7as. Tal reconhecimento \u00e9 facultativo. Assim, foi o governo tucano ao qual Serra serviu que tomou a decis\u00e3o de reconhecer, como obrigat\u00f3rias, tais senten\u00e7as.<\/p>\n<p>Se a Corte decidir que houve viola\u00e7\u00e3o aos direitos protegidos pela Conven\u00e7\u00e3o, ela determinar\u00e1, atrav\u00e9s de senten\u00e7a, &#8220;que se assegure ao prejudicado o gozo do seu direito ou liberdade violados&#8221;. Ademais, a Corte poder\u00e1 exigir dos Estados Partes a repara\u00e7\u00e3o das consequ\u00eancias ou o pagamento de indeniza\u00e7\u00f5es \u00e0s v\u00edtimas.<\/p>\n<p>Portanto, a Corte da OEA pode, sim, pedir explica\u00e7\u00f5es ao Brasil. E o Brasil, gra\u00e7as a uma decis\u00e3o tomada no antigo governo do nosso chanceler, est\u00e1 obrigado a responder. Mais: o Brasil est\u00e1 obrigado a cumprir as senten\u00e7as da Corte.<\/p>\n<p>Observe-se que, pelo artigo 48 da Conven\u00e7\u00e3o, a solicita\u00e7\u00e3o de informa\u00e7\u00f5es tem de ser enviada ao Governo do Estado, que ser\u00e1 o respons\u00e1vel pela resposta.<\/p>\n<p>\u00c9 inacredit\u00e1vel que a diplomacia brasileira tenha ca\u00eddo t\u00e3o baixo em t\u00e3o pouco tempo. Mesmo para o folcl\u00f3rico minist\u00e9rio do governo golpista, trata-se de um recorde de inabilidade e incompet\u00eancia. Como agravante, Serra agora ter\u00e1 de lidar com a greve dos servidores do MRE, agredidos em seus direitos trabalhistas.<\/p>\n<p>Chamar o documento da Corte da OEA de &#8220;besta e malfeito&#8221; \u00e9 o c\u00famulo da diplomacia asinina do coice.<\/p>\n<p>Malfeita, muito malfeita, foi a sua nomea\u00e7\u00e3o para o Itamaraty. Trata-se de um caso cl\u00e1ssico de &#8220;o homem errado no lugar errado&#8221;.<\/p>\n<p>E o documento da Corte da OEA n\u00e3o \u00e9 &#8220;besta&#8221;. Besta \u00e9 ele.<\/p>\n<p>&#8212;&#8212;&#8212;&#8212;&#8212;-<\/p>\n<p>*Marcelo Zero \u00e9 soci\u00f3logo, especialista em Rela\u00e7\u00f5es Internacionais e membro do Grupo de Reflex\u00e3o sobre Rela\u00e7\u00f5es Internacionais (GR-RI)<\/p>\n","protected":false},"excerpt":{"rendered":"<p>Por Marcelo Zero*\/Brasil de Fato Artigo em resposta ao coment\u00e1rio de Jos\u00e9 Serra sobre a OEA. Soci\u00f3logo Marcelo Zero diz que chamar documento da Corte de &#8220;besta e malfeito&#8221; \u00e9 o c\u00famulo da diplomacia de asno. &nbsp; A especialidade do&hellip;<\/p>\n","protected":false},"author":1254,"featured_media":357467,"comment_status":"closed","ping_status":"closed","sticky":false,"template":"","format":"standard","meta":{"footnotes":""},"categories":[104,165,111],"tags":[2744,17497,6713,29593,30115,30120,7405,26538],"class_list":["post-357493","post","type-post","status-publish","format-standard","has-post-thumbnail","hentry","category-america-do-sul","category-opiniao","category-politica-pt-pt","tag-brasil","tag-cidh","tag-golpe","tag-itamaraty","tag-jose-serra","tag-ministerio-de-relacoes-exteriores","tag-oea-pt-pt","tag-temer"],"yoast_head":"<!-- This site is optimized with the Yoast SEO plugin v27.1.1 - https:\/\/yoast.com\/product\/yoast-seo-wordpress\/ -->\n<title>&quot;Besta&quot;<\/title>\n<meta name=\"description\" content=\"Por Marcelo Zero*\/Brasil de Fato Artigo em resposta ao coment\u00e1rio de Jos\u00e9 Serra sobre a OEA. Soci\u00f3logo Marcelo Zero diz que chamar documento da Corte de\" \/>\n<meta name=\"robots\" content=\"index, follow, max-snippet:-1, max-image-preview:large, max-video-preview:-1\" \/>\n<link rel=\"canonical\" href=\"https:\/\/www.pressenza.com\/pt-pt\/2016\/08\/besta\/\" \/>\n<meta property=\"og:locale\" content=\"pt_PT\" \/>\n<meta property=\"og:type\" content=\"article\" \/>\n<meta property=\"og:title\" content=\"&quot;Besta&quot;\" \/>\n<meta property=\"og:description\" content=\"Por Marcelo Zero*\/Brasil de Fato Artigo em resposta ao coment\u00e1rio de Jos\u00e9 Serra sobre a OEA. Soci\u00f3logo Marcelo Zero diz que chamar documento da Corte de\" \/>\n<meta property=\"og:url\" content=\"https:\/\/www.pressenza.com\/pt-pt\/2016\/08\/besta\/\" \/>\n<meta property=\"og:site_name\" content=\"Pressenza\" \/>\n<meta property=\"article:publisher\" content=\"https:\/\/www.facebook.com\/PressenzaItalia\" \/>\n<meta property=\"article:author\" content=\"https:\/\/www.facebook.com\/pressenza\" \/>\n<meta property=\"article:published_time\" content=\"2016-08-25T13:55:01+00:00\" \/>\n<meta property=\"og:image\" content=\"https:\/\/www.pressenza.com\/wp-content\/uploads\/2016\/08\/Serra-agencia-brasil.jpg\" \/>\n\t<meta property=\"og:image:width\" content=\"1024\" \/>\n\t<meta property=\"og:image:height\" content=\"698\" \/>\n\t<meta property=\"og:image:type\" content=\"image\/jpeg\" \/>\n<meta name=\"author\" content=\"Redacci\u00f3n Mar del Plata\" \/>\n<meta name=\"twitter:card\" content=\"summary_large_image\" \/>\n<meta name=\"twitter:creator\" content=\"@Pressenza\" \/>\n<meta name=\"twitter:site\" content=\"@PressenzaIPA\" \/>\n<meta name=\"twitter:label1\" content=\"Escrito por\" \/>\n\t<meta name=\"twitter:data1\" content=\"Redacci\u00f3n Mar del Plata\" \/>\n\t<meta name=\"twitter:label2\" content=\"Tempo estimado de leitura\" \/>\n\t<meta name=\"twitter:data2\" content=\"5 minutos\" \/>\n<script type=\"application\/ld+json\" class=\"yoast-schema-graph\">{\"@context\":\"https:\/\/schema.org\",\"@graph\":[{\"@type\":\"Article\",\"@id\":\"https:\/\/www.pressenza.com\/pt-pt\/2016\/08\/besta\/#article\",\"isPartOf\":{\"@id\":\"https:\/\/www.pressenza.com\/pt-pt\/2016\/08\/besta\/\"},\"author\":{\"name\":\"Redacci\u00f3n Mar del Plata\",\"@id\":\"https:\/\/www.pressenza.com\/pt-pt\/#\/schema\/person\/738658b5125ecea661a8a0b96dba8b69\"},\"headline\":\"&#8220;Besta&#8221;\",\"datePublished\":\"2016-08-25T13:55:01+00:00\",\"mainEntityOfPage\":{\"@id\":\"https:\/\/www.pressenza.com\/pt-pt\/2016\/08\/besta\/\"},\"wordCount\":959,\"publisher\":{\"@id\":\"https:\/\/www.pressenza.com\/pt-pt\/#organization\"},\"image\":{\"@id\":\"https:\/\/www.pressenza.com\/pt-pt\/2016\/08\/besta\/#primaryimage\"},\"thumbnailUrl\":\"https:\/\/www.pressenza.com\/wp-content\/uploads\/2016\/08\/Serra-agencia-brasil.jpg\",\"keywords\":[\"Brasil\",\"CIDH\",\"golpe\",\"Itamaraty\",\"Jos\u00e9 Serra\",\"Minist\u00e9rio de Rela\u00e7\u00f5es Exteriores\",\"oea\",\"Temer\"],\"articleSection\":[\"\u00c1m\u00e9rica do Sul\",\"Opini\u00e3o\",\"Pol\u00edtica\"],\"inLanguage\":\"pt-PT\"},{\"@type\":\"WebPage\",\"@id\":\"https:\/\/www.pressenza.com\/pt-pt\/2016\/08\/besta\/\",\"url\":\"https:\/\/www.pressenza.com\/pt-pt\/2016\/08\/besta\/\",\"name\":\"\\\"Besta\\\"\",\"isPartOf\":{\"@id\":\"https:\/\/www.pressenza.com\/pt-pt\/#website\"},\"primaryImageOfPage\":{\"@id\":\"https:\/\/www.pressenza.com\/pt-pt\/2016\/08\/besta\/#primaryimage\"},\"image\":{\"@id\":\"https:\/\/www.pressenza.com\/pt-pt\/2016\/08\/besta\/#primaryimage\"},\"thumbnailUrl\":\"https:\/\/www.pressenza.com\/wp-content\/uploads\/2016\/08\/Serra-agencia-brasil.jpg\",\"datePublished\":\"2016-08-25T13:55:01+00:00\",\"description\":\"Por Marcelo Zero*\/Brasil de Fato Artigo em resposta ao coment\u00e1rio de Jos\u00e9 Serra sobre a OEA. Soci\u00f3logo Marcelo Zero diz que chamar documento da Corte de\",\"breadcrumb\":{\"@id\":\"https:\/\/www.pressenza.com\/pt-pt\/2016\/08\/besta\/#breadcrumb\"},\"inLanguage\":\"pt-PT\",\"potentialAction\":[{\"@type\":\"ReadAction\",\"target\":[\"https:\/\/www.pressenza.com\/pt-pt\/2016\/08\/besta\/\"]}]},{\"@type\":\"ImageObject\",\"inLanguage\":\"pt-PT\",\"@id\":\"https:\/\/www.pressenza.com\/pt-pt\/2016\/08\/besta\/#primaryimage\",\"url\":\"https:\/\/www.pressenza.com\/wp-content\/uploads\/2016\/08\/Serra-agencia-brasil.jpg\",\"contentUrl\":\"https:\/\/www.pressenza.com\/wp-content\/uploads\/2016\/08\/Serra-agencia-brasil.jpg\",\"width\":1024,\"height\":698,\"caption\":\"Brasilia- - O candidato a presidencia da republica, JOS\u00c9 SERRA (PSDB) participa de Sess\u00e3o Plen\u00e1ria do Conselho Federal da OAB\"},{\"@type\":\"BreadcrumbList\",\"@id\":\"https:\/\/www.pressenza.com\/pt-pt\/2016\/08\/besta\/#breadcrumb\",\"itemListElement\":[{\"@type\":\"ListItem\",\"position\":1,\"name\":\"Accueil\",\"item\":\"https:\/\/www.pressenza.com\/pt-pt\/\"},{\"@type\":\"ListItem\",\"position\":2,\"name\":\"&#8220;Besta&#8221;\"}]},{\"@type\":\"WebSite\",\"@id\":\"https:\/\/www.pressenza.com\/pt-pt\/#website\",\"url\":\"https:\/\/www.pressenza.com\/pt-pt\/\",\"name\":\"Pressenza\",\"description\":\"International Press Agency\",\"publisher\":{\"@id\":\"https:\/\/www.pressenza.com\/pt-pt\/#organization\"},\"potentialAction\":[{\"@type\":\"SearchAction\",\"target\":{\"@type\":\"EntryPoint\",\"urlTemplate\":\"https:\/\/www.pressenza.com\/pt-pt\/?s={search_term_string}\"},\"query-input\":{\"@type\":\"PropertyValueSpecification\",\"valueRequired\":true,\"valueName\":\"search_term_string\"}}],\"inLanguage\":\"pt-PT\"},{\"@type\":\"Organization\",\"@id\":\"https:\/\/www.pressenza.com\/pt-pt\/#organization\",\"name\":\"Pressenza\",\"url\":\"https:\/\/www.pressenza.com\/pt-pt\/\",\"logo\":{\"@type\":\"ImageObject\",\"inLanguage\":\"pt-PT\",\"@id\":\"https:\/\/www.pressenza.com\/pt-pt\/#\/schema\/logo\/image\/\",\"url\":\"https:\/\/www.pressenza.com\/wp-content\/uploads\/2022\/10\/pressenza_logo_200x200.jpg\",\"contentUrl\":\"https:\/\/www.pressenza.com\/wp-content\/uploads\/2022\/10\/pressenza_logo_200x200.jpg\",\"width\":200,\"height\":200,\"caption\":\"Pressenza\"},\"image\":{\"@id\":\"https:\/\/www.pressenza.com\/pt-pt\/#\/schema\/logo\/image\/\"},\"sameAs\":[\"https:\/\/www.facebook.com\/PressenzaItalia\",\"https:\/\/x.com\/PressenzaIPA\"]},{\"@type\":\"Person\",\"@id\":\"https:\/\/www.pressenza.com\/pt-pt\/#\/schema\/person\/738658b5125ecea661a8a0b96dba8b69\",\"name\":\"Redacci\u00f3n Mar del Plata\",\"description\":\"News published by the Pressenza bureau in Mar Del Plata, Argentina\",\"sameAs\":[\"https:\/\/www.facebook.com\/pressenza\",\"https:\/\/x.com\/Pressenza\"],\"url\":\"https:\/\/www.pressenza.com\/pt-pt\/author\/redaccion-mar-del-plata\/\"}]}<\/script>\n<!-- \/ Yoast SEO plugin. -->","yoast_head_json":{"title":"\"Besta\"","description":"Por Marcelo Zero*\/Brasil de Fato Artigo em resposta ao coment\u00e1rio de Jos\u00e9 Serra sobre a OEA. Soci\u00f3logo Marcelo Zero diz que chamar documento da Corte de","robots":{"index":"index","follow":"follow","max-snippet":"max-snippet:-1","max-image-preview":"max-image-preview:large","max-video-preview":"max-video-preview:-1"},"canonical":"https:\/\/www.pressenza.com\/pt-pt\/2016\/08\/besta\/","og_locale":"pt_PT","og_type":"article","og_title":"\"Besta\"","og_description":"Por Marcelo Zero*\/Brasil de Fato Artigo em resposta ao coment\u00e1rio de Jos\u00e9 Serra sobre a OEA. Soci\u00f3logo Marcelo Zero diz que chamar documento da Corte de","og_url":"https:\/\/www.pressenza.com\/pt-pt\/2016\/08\/besta\/","og_site_name":"Pressenza","article_publisher":"https:\/\/www.facebook.com\/PressenzaItalia","article_author":"https:\/\/www.facebook.com\/pressenza","article_published_time":"2016-08-25T13:55:01+00:00","og_image":[{"width":1024,"height":698,"url":"https:\/\/www.pressenza.com\/wp-content\/uploads\/2016\/08\/Serra-agencia-brasil.jpg","type":"image\/jpeg"}],"author":"Redacci\u00f3n Mar del Plata","twitter_card":"summary_large_image","twitter_creator":"@Pressenza","twitter_site":"@PressenzaIPA","twitter_misc":{"Escrito por":"Redacci\u00f3n Mar del Plata","Tempo estimado de leitura":"5 minutos"},"schema":{"@context":"https:\/\/schema.org","@graph":[{"@type":"Article","@id":"https:\/\/www.pressenza.com\/pt-pt\/2016\/08\/besta\/#article","isPartOf":{"@id":"https:\/\/www.pressenza.com\/pt-pt\/2016\/08\/besta\/"},"author":{"name":"Redacci\u00f3n Mar del Plata","@id":"https:\/\/www.pressenza.com\/pt-pt\/#\/schema\/person\/738658b5125ecea661a8a0b96dba8b69"},"headline":"&#8220;Besta&#8221;","datePublished":"2016-08-25T13:55:01+00:00","mainEntityOfPage":{"@id":"https:\/\/www.pressenza.com\/pt-pt\/2016\/08\/besta\/"},"wordCount":959,"publisher":{"@id":"https:\/\/www.pressenza.com\/pt-pt\/#organization"},"image":{"@id":"https:\/\/www.pressenza.com\/pt-pt\/2016\/08\/besta\/#primaryimage"},"thumbnailUrl":"https:\/\/www.pressenza.com\/wp-content\/uploads\/2016\/08\/Serra-agencia-brasil.jpg","keywords":["Brasil","CIDH","golpe","Itamaraty","Jos\u00e9 Serra","Minist\u00e9rio de Rela\u00e7\u00f5es Exteriores","oea","Temer"],"articleSection":["\u00c1m\u00e9rica do Sul","Opini\u00e3o","Pol\u00edtica"],"inLanguage":"pt-PT"},{"@type":"WebPage","@id":"https:\/\/www.pressenza.com\/pt-pt\/2016\/08\/besta\/","url":"https:\/\/www.pressenza.com\/pt-pt\/2016\/08\/besta\/","name":"\"Besta\"","isPartOf":{"@id":"https:\/\/www.pressenza.com\/pt-pt\/#website"},"primaryImageOfPage":{"@id":"https:\/\/www.pressenza.com\/pt-pt\/2016\/08\/besta\/#primaryimage"},"image":{"@id":"https:\/\/www.pressenza.com\/pt-pt\/2016\/08\/besta\/#primaryimage"},"thumbnailUrl":"https:\/\/www.pressenza.com\/wp-content\/uploads\/2016\/08\/Serra-agencia-brasil.jpg","datePublished":"2016-08-25T13:55:01+00:00","description":"Por Marcelo Zero*\/Brasil de Fato Artigo em resposta ao coment\u00e1rio de Jos\u00e9 Serra sobre a OEA. Soci\u00f3logo Marcelo Zero diz que chamar documento da Corte de","breadcrumb":{"@id":"https:\/\/www.pressenza.com\/pt-pt\/2016\/08\/besta\/#breadcrumb"},"inLanguage":"pt-PT","potentialAction":[{"@type":"ReadAction","target":["https:\/\/www.pressenza.com\/pt-pt\/2016\/08\/besta\/"]}]},{"@type":"ImageObject","inLanguage":"pt-PT","@id":"https:\/\/www.pressenza.com\/pt-pt\/2016\/08\/besta\/#primaryimage","url":"https:\/\/www.pressenza.com\/wp-content\/uploads\/2016\/08\/Serra-agencia-brasil.jpg","contentUrl":"https:\/\/www.pressenza.com\/wp-content\/uploads\/2016\/08\/Serra-agencia-brasil.jpg","width":1024,"height":698,"caption":"Brasilia- - O candidato a presidencia da republica, JOS\u00c9 SERRA (PSDB) participa de Sess\u00e3o Plen\u00e1ria do Conselho Federal da OAB"},{"@type":"BreadcrumbList","@id":"https:\/\/www.pressenza.com\/pt-pt\/2016\/08\/besta\/#breadcrumb","itemListElement":[{"@type":"ListItem","position":1,"name":"Accueil","item":"https:\/\/www.pressenza.com\/pt-pt\/"},{"@type":"ListItem","position":2,"name":"&#8220;Besta&#8221;"}]},{"@type":"WebSite","@id":"https:\/\/www.pressenza.com\/pt-pt\/#website","url":"https:\/\/www.pressenza.com\/pt-pt\/","name":"Pressenza","description":"International Press Agency","publisher":{"@id":"https:\/\/www.pressenza.com\/pt-pt\/#organization"},"potentialAction":[{"@type":"SearchAction","target":{"@type":"EntryPoint","urlTemplate":"https:\/\/www.pressenza.com\/pt-pt\/?s={search_term_string}"},"query-input":{"@type":"PropertyValueSpecification","valueRequired":true,"valueName":"search_term_string"}}],"inLanguage":"pt-PT"},{"@type":"Organization","@id":"https:\/\/www.pressenza.com\/pt-pt\/#organization","name":"Pressenza","url":"https:\/\/www.pressenza.com\/pt-pt\/","logo":{"@type":"ImageObject","inLanguage":"pt-PT","@id":"https:\/\/www.pressenza.com\/pt-pt\/#\/schema\/logo\/image\/","url":"https:\/\/www.pressenza.com\/wp-content\/uploads\/2022\/10\/pressenza_logo_200x200.jpg","contentUrl":"https:\/\/www.pressenza.com\/wp-content\/uploads\/2022\/10\/pressenza_logo_200x200.jpg","width":200,"height":200,"caption":"Pressenza"},"image":{"@id":"https:\/\/www.pressenza.com\/pt-pt\/#\/schema\/logo\/image\/"},"sameAs":["https:\/\/www.facebook.com\/PressenzaItalia","https:\/\/x.com\/PressenzaIPA"]},{"@type":"Person","@id":"https:\/\/www.pressenza.com\/pt-pt\/#\/schema\/person\/738658b5125ecea661a8a0b96dba8b69","name":"Redacci\u00f3n Mar del Plata","description":"News published by the Pressenza bureau in Mar Del Plata, Argentina","sameAs":["https:\/\/www.facebook.com\/pressenza","https:\/\/x.com\/Pressenza"],"url":"https:\/\/www.pressenza.com\/pt-pt\/author\/redaccion-mar-del-plata\/"}]}},"place":"Brasil","original_article_url":"https:\/\/www.brasildefato.com.br\/2016\/08\/23\/besta-artigo-em-resposta-ao-comentario-de-jose-serra-sobre-a-oea\/","_links":{"self":[{"href":"https:\/\/www.pressenza.com\/pt-pt\/wp-json\/wp\/v2\/posts\/357493","targetHints":{"allow":["GET"]}}],"collection":[{"href":"https:\/\/www.pressenza.com\/pt-pt\/wp-json\/wp\/v2\/posts"}],"about":[{"href":"https:\/\/www.pressenza.com\/pt-pt\/wp-json\/wp\/v2\/types\/post"}],"author":[{"embeddable":true,"href":"https:\/\/www.pressenza.com\/pt-pt\/wp-json\/wp\/v2\/users\/1254"}],"replies":[{"embeddable":true,"href":"https:\/\/www.pressenza.com\/pt-pt\/wp-json\/wp\/v2\/comments?post=357493"}],"version-history":[{"count":0,"href":"https:\/\/www.pressenza.com\/pt-pt\/wp-json\/wp\/v2\/posts\/357493\/revisions"}],"wp:featuredmedia":[{"embeddable":true,"href":"https:\/\/www.pressenza.com\/pt-pt\/wp-json\/wp\/v2\/media\/357467"}],"wp:attachment":[{"href":"https:\/\/www.pressenza.com\/pt-pt\/wp-json\/wp\/v2\/media?parent=357493"}],"wp:term":[{"taxonomy":"category","embeddable":true,"href":"https:\/\/www.pressenza.com\/pt-pt\/wp-json\/wp\/v2\/categories?post=357493"},{"taxonomy":"post_tag","embeddable":true,"href":"https:\/\/www.pressenza.com\/pt-pt\/wp-json\/wp\/v2\/tags?post=357493"}],"curies":[{"name":"wp","href":"https:\/\/api.w.org\/{rel}","templated":true}]}}