{"id":351450,"date":"2016-08-10T03:14:41","date_gmt":"2016-08-10T02:14:41","guid":{"rendered":"http:\/\/www.pressenza.com\/pt-pt\/?p=351450"},"modified":"2016-08-10T03:14:41","modified_gmt":"2016-08-10T02:14:41","slug":"lamento-brasil-nao-atue-mediador-no-mercosul","status":"publish","type":"post","link":"https:\/\/www.pressenza.com\/pt-pt\/2016\/08\/lamento-brasil-nao-atue-mediador-no-mercosul\/","title":{"rendered":"&#8220;Lamento que o Brasil n\u00e3o atue como mediador  no Mercosul&#8221;"},"content":{"rendered":"<p><em>Por <strong>Luciana Taddeo\/Calle2<\/strong><\/em><\/p>\n<p><strong>Celso Amorim, ex-ministro das Rela\u00e7\u00f5es Exteriores,\u00a0reprova\u00a0ret\u00f3rica exagerada da Venezuela, mas lamenta que pa\u00edses-membros n\u00e3o insistam no di\u00e1logo e na media\u00e7\u00e3o.<\/strong><\/p>\n<p>A premissa de quem n\u00e3o ajuda\u00a0n\u00e3o deve atrapalhar parece nortear a vis\u00e3o de Celso Amorim, o ex-ministro das Rela\u00e7\u00f5es Exteriores de Luiz In\u00e1cio Lula da Silva e ex-ministro da Defesa de Dilma Rousseff, sobre os altos decib\u00e9is da troca de acusa\u00e7\u00f5es entre os pa\u00edses-membros do Mercosul. Segundo o calend\u00e1rio oficial, a presid\u00eancia do bloco corresponderia \u00e0 Venezuela. Mas Argentina, Brasil e Paraguai se negam a passar a presid\u00eancia a Caracas\u00a0utilizando argumentos como a demora na adequa\u00e7\u00e3o \u00e0s normas do bloco e viola\u00e7\u00f5es aos direitos humanos no pa\u00eds de Maduro.<\/p>\n<p>A chancelaria venezuelana acusou os tr\u00eas pa\u00edses de\u00a0\u201creeditar uma esp\u00e9cie de Opera\u00e7\u00e3o Condor\u201d\u00a0(alian\u00e7a de ditaduras da regi\u00e3o para perseguir opositores) contra o pa\u00eds; por sua vez, Jos\u00e9 Serra, o chanceler interino brasileiro, afirmou que a Venezuela n\u00e3o \u00e9 uma democracia.<\/p>\n<p>\u201cSe come\u00e7armos a adotar posi\u00e7\u00f5es extremadas, de condena\u00e7\u00e3o, nos desqualificamos para ajudar. N\u00e3o \u00e9 que tenha que ser neutro, mas entendendo que para poder ajudar, n\u00e3o se pode adotar uma atitude que leve ao isolamento, o que s\u00f3 cria mais radicalismo\u201d, diz Amorim em entrevista exclusiva \u00e0\u00a0Calle2\u00a0na \u00faltima quinta-feira, durante passagem por Buenos Aires. Ele reprova a ret\u00f3rica exagerada da Venezuela, mas afirma que Bras\u00edlia aparenta n\u00e3o querer atuar como mediador, e que o caminho para uma solu\u00e7\u00e3o \u00e9 o di\u00e1logo, e n\u00e3o a condena\u00e7\u00e3o. O diplomata defende ainda que se passe a presid\u00eancia do bloco \u00e0 Venezuela em troca de contrapartidas.<\/p>\n<p>Sobre a afirma\u00e7\u00e3o do chanceler interino Jos\u00e9 Serra, que ao assumir disse que o Itamaraty j\u00e1 n\u00e3o refletir\u00e1 prefer\u00eancias ideol\u00f3gicas de um partido pol\u00edtico e aliados, Amorim\u00a0evidencia a ironia: \u201cIdeologia sempre \u00e9 a dos outros. A nossa \u00e9 a boa doutrina, a dos outros \u00e9 ideologia\u201d.<\/p>\n<p>Ele diz que n\u00e3o houve nada de ideol\u00f3gico na inser\u00e7\u00e3o da Venezuela ao Mercosul. \u201cTem um cunho estrat\u00e9gico, econ\u00f4mico, de acesso ao Caribe\u201d. E\u00a0espera ajuda\u00a0do papa Francisco para ajudar no conflito \u2013 e na complexa situa\u00e7\u00e3o venezuelana.<\/p>\n<p>\u200e<\/p>\n<p><strong>O Brasil desempenhou, nos \u00faltimos anos, um papel de mediador de conflitos na regi\u00e3o. O senhor acha que, com a nova orienta\u00e7\u00e3o da chancelaria, pode-se perder esse reconhecimento no cen\u00e1rio internacional?<\/strong><\/p>\n<p>Para atuar como mediador tem que haver duas condi\u00e7\u00f5es: uma \u00e9 ter caracter\u00edsticas espec\u00edficas que facilitem ser mediador, que o Brasil tem e continuar\u00e1 a ter; a segunda \u00e9 querer.<\/p>\n<p>Pelas a\u00e7\u00f5es que t\u00eam sido tomadas, n\u00e3o me parece que o Brasil queira ser mediador, porque um requisito essencial para poder atuar como mediador \u00e9 evitar condena\u00e7\u00f5es e express\u00f5es muito radicais para manter o di\u00e1logo com as partes que est\u00e3o no conflito.<br \/>\nIsso \u00e9 o que me preocupa. Pode ser que mude. Muita coisa que foi dita j\u00e1 parece ter alguma modula\u00e7\u00e3o. Tamb\u00e9m n\u00e3o sabemos o que vai acontecer com o impeachment [da presidente afastada Dilma Rousseff], mas supondo que prevale\u00e7a, vamos ver se as coisas evoluem.<\/p>\n<p>\u200e<strong>Qual\u00a0\u00e9 a\u00a0vantagem da Venezuela no Mercosul?<\/strong><\/p>\n<p>Eu costumava dizer que voc\u00ea vai das geleiras ant\u00e1rticas ao Caribe, isso \u00e9 uma situa\u00e7\u00e3o geogr\u00e1fica que nenhuma outra regi\u00e3o tem, com todos os climas e todo o tipo de biodiversidade. Obviamente, a Venezuela \u00e9 um pa\u00eds importante, que pode estar passando por uma crise agora, mas tem uma hist\u00f3ria. A revolu\u00e7\u00e3o do [falecido presidente Hugo] Ch\u00e1vez inicialmente n\u00e3o foi contestada, o pr\u00f3prio governo [do Fernando Henrique] Cardoso n\u00e3o quis condenar.<\/p>\n<p>Agora estamos vivendo uma situa\u00e7\u00e3o realmente muito dif\u00edcil, acho que h\u00e1 erros dos v\u00e1rios lados, mas a solu\u00e7\u00e3o n\u00e3o pode ser isolar, condenar e inviabilizar o di\u00e1logo.<br \/>\nH\u00e1 um esfor\u00e7o do ex-presidente [colombiano, Ernesto] Samper, secret\u00e1rio-geral da Unasul [Uni\u00e3o de Na\u00e7\u00f5es Sul-Americanas] e de outros ex-presidentes, e lamento que os pa\u00edses do Mercosul, pelo menos Brasil ou Paraguai \u2212 acho que a Argentina est\u00e1 um pouquinho mais cuidadosa \u2212 se inviabilizem como potenciais mediadores.<\/p>\n<p>A Unasul tem algumas propostas, e eu espero que a Venezuela perceba que isso \u00e9 importante pra ela, para uma reforma econ\u00f4mica, terminando com as taxas m\u00faltiplas de c\u00e2mbio e criando uma compensa\u00e7\u00e3o atrav\u00e9s de um programa tipo Bolsa Fam\u00edlia.<\/p>\n<p>Oxal\u00e1 tamb\u00e9m haja apoio da Santa S\u00e9.\u00a0Temos um papa que tem tido muito boa a\u00e7\u00e3o internacional, que ajudou no reestabelecimento de rela\u00e7\u00f5es entre Cuba e Estados Unidos. Ent\u00e3o por que n\u00e3o ajudar tamb\u00e9m na pacifica\u00e7\u00e3o da Venezuela?\u00a0O papa Francisco seguramente tem uma sensibilidade especial para isso, de modo que eu tenho esperan\u00e7a. Agora, acho que os outros pa\u00edses que talvez n\u00e3o tenham tanta condi\u00e7\u00e3o de ajudar, pelo menos que n\u00e3o atrapalhem com a\u00e7\u00f5es que radicalizem a situa\u00e7\u00e3o.<\/p>\n<p><a href=\"http:\/\/calle2.com\/lamento-que-o-brasil-nao-atue-como-mediador-no-mercosul\/\" target=\"_blank\">Leia artigo completo na Calle2<\/a><\/p>\n","protected":false},"excerpt":{"rendered":"<p>Por Luciana Taddeo\/Calle2 Celso Amorim, ex-ministro das Rela\u00e7\u00f5es Exteriores,\u00a0reprova\u00a0ret\u00f3rica exagerada da Venezuela, mas lamenta que pa\u00edses-membros n\u00e3o insistam no di\u00e1logo e na media\u00e7\u00e3o. A premissa de quem n\u00e3o ajuda\u00a0n\u00e3o deve atrapalhar parece nortear a vis\u00e3o de Celso Amorim, o ex-ministro&hellip;<\/p>\n","protected":false},"author":1287,"featured_media":351444,"comment_status":"closed","ping_status":"closed","sticky":false,"template":"","format":"standard","meta":{"footnotes":""},"categories":[159,42,111],"tags":[29594,4904,2744,26758,27231,1796,5913,6285,4553],"class_list":["post-351450","post","type-post","status-publish","format-standard","has-post-thumbnail","hentry","category-entrevista-pt-pt","category-internacional-2","category-politica-pt-pt","tag-amorim","tag-argentina-pt-pt","tag-brasil","tag-dilma","tag-lula","tag-mercosul","tag-paraguai","tag-unasul","tag-venezuela-pt-pt"],"yoast_head":"<!-- This site is optimized with the Yoast SEO plugin v27.1.1 - https:\/\/yoast.com\/product\/yoast-seo-wordpress\/ -->\n<title>&quot;Lamento que o Brasil n\u00e3o atue como mediador no Mercosul&quot;<\/title>\n<meta name=\"description\" content=\"Por Luciana Taddeo\/Calle2 Celso Amorim, ex-ministro das Rela\u00e7\u00f5es Exteriores,\u00a0reprova\u00a0ret\u00f3rica exagerada da Venezuela, mas lamenta que pa\u00edses-membros n\u00e3o\" \/>\n<meta name=\"robots\" content=\"index, follow, max-snippet:-1, max-image-preview:large, max-video-preview:-1\" \/>\n<link rel=\"canonical\" href=\"https:\/\/www.pressenza.com\/pt-pt\/2016\/08\/lamento-brasil-nao-atue-mediador-no-mercosul\/\" \/>\n<meta property=\"og:locale\" content=\"pt_PT\" \/>\n<meta property=\"og:type\" content=\"article\" \/>\n<meta property=\"og:title\" content=\"&quot;Lamento que o Brasil n\u00e3o atue como mediador no Mercosul&quot;\" \/>\n<meta property=\"og:description\" content=\"Por Luciana Taddeo\/Calle2 Celso Amorim, ex-ministro das Rela\u00e7\u00f5es Exteriores,\u00a0reprova\u00a0ret\u00f3rica exagerada da Venezuela, mas lamenta que pa\u00edses-membros n\u00e3o\" \/>\n<meta property=\"og:url\" content=\"https:\/\/www.pressenza.com\/pt-pt\/2016\/08\/lamento-brasil-nao-atue-mediador-no-mercosul\/\" \/>\n<meta property=\"og:site_name\" content=\"Pressenza\" \/>\n<meta property=\"article:publisher\" content=\"https:\/\/www.facebook.com\/PressenzaItalia\" \/>\n<meta property=\"article:author\" content=\"https:\/\/www.facebook.com\/revistacalle2\/\" \/>\n<meta property=\"article:published_time\" content=\"2016-08-10T02:14:41+00:00\" \/>\n<meta property=\"og:image\" content=\"https:\/\/www.pressenza.com\/wp-content\/uploads\/2016\/08\/amorim.jpg\" \/>\n\t<meta property=\"og:image:width\" content=\"1280\" \/>\n\t<meta property=\"og:image:height\" content=\"480\" \/>\n\t<meta property=\"og:image:type\" content=\"image\/jpeg\" \/>\n<meta name=\"author\" content=\"Calle2\" \/>\n<meta name=\"twitter:card\" content=\"summary_large_image\" \/>\n<meta name=\"twitter:creator\" content=\"@revistacalle2\" \/>\n<meta name=\"twitter:site\" content=\"@PressenzaIPA\" \/>\n<meta name=\"twitter:label1\" content=\"Escrito por\" \/>\n\t<meta name=\"twitter:data1\" content=\"Calle2\" \/>\n\t<meta name=\"twitter:label2\" content=\"Tempo estimado de leitura\" \/>\n\t<meta name=\"twitter:data2\" content=\"4 minutos\" \/>\n<script type=\"application\/ld+json\" class=\"yoast-schema-graph\">{\"@context\":\"https:\/\/schema.org\",\"@graph\":[{\"@type\":\"Article\",\"@id\":\"https:\/\/www.pressenza.com\/pt-pt\/2016\/08\/lamento-brasil-nao-atue-mediador-no-mercosul\/#article\",\"isPartOf\":{\"@id\":\"https:\/\/www.pressenza.com\/pt-pt\/2016\/08\/lamento-brasil-nao-atue-mediador-no-mercosul\/\"},\"author\":{\"name\":\"Calle2\",\"@id\":\"https:\/\/www.pressenza.com\/pt-pt\/#\/schema\/person\/71837cc1cdde1818948a8e62658850a5\"},\"headline\":\"&#8220;Lamento que o Brasil n\u00e3o atue como mediador no Mercosul&#8221;\",\"datePublished\":\"2016-08-10T02:14:41+00:00\",\"mainEntityOfPage\":{\"@id\":\"https:\/\/www.pressenza.com\/pt-pt\/2016\/08\/lamento-brasil-nao-atue-mediador-no-mercosul\/\"},\"wordCount\":876,\"publisher\":{\"@id\":\"https:\/\/www.pressenza.com\/pt-pt\/#organization\"},\"image\":{\"@id\":\"https:\/\/www.pressenza.com\/pt-pt\/2016\/08\/lamento-brasil-nao-atue-mediador-no-mercosul\/#primaryimage\"},\"thumbnailUrl\":\"https:\/\/www.pressenza.com\/wp-content\/uploads\/2016\/08\/amorim.jpg\",\"keywords\":[\"Amorim\",\"Argentina\",\"Brasil\",\"Dilma\",\"Lula\",\"Mercosul\",\"paraguai\",\"Unasul\",\"Venezuela\"],\"articleSection\":[\"Entrevista\",\"Internacional\",\"Pol\u00edtica\"],\"inLanguage\":\"pt-PT\"},{\"@type\":\"WebPage\",\"@id\":\"https:\/\/www.pressenza.com\/pt-pt\/2016\/08\/lamento-brasil-nao-atue-mediador-no-mercosul\/\",\"url\":\"https:\/\/www.pressenza.com\/pt-pt\/2016\/08\/lamento-brasil-nao-atue-mediador-no-mercosul\/\",\"name\":\"\\\"Lamento que o Brasil n\u00e3o atue como mediador no Mercosul\\\"\",\"isPartOf\":{\"@id\":\"https:\/\/www.pressenza.com\/pt-pt\/#website\"},\"primaryImageOfPage\":{\"@id\":\"https:\/\/www.pressenza.com\/pt-pt\/2016\/08\/lamento-brasil-nao-atue-mediador-no-mercosul\/#primaryimage\"},\"image\":{\"@id\":\"https:\/\/www.pressenza.com\/pt-pt\/2016\/08\/lamento-brasil-nao-atue-mediador-no-mercosul\/#primaryimage\"},\"thumbnailUrl\":\"https:\/\/www.pressenza.com\/wp-content\/uploads\/2016\/08\/amorim.jpg\",\"datePublished\":\"2016-08-10T02:14:41+00:00\",\"description\":\"Por Luciana Taddeo\/Calle2 Celso Amorim, ex-ministro das Rela\u00e7\u00f5es Exteriores,\u00a0reprova\u00a0ret\u00f3rica exagerada da Venezuela, mas lamenta que pa\u00edses-membros n\u00e3o\",\"breadcrumb\":{\"@id\":\"https:\/\/www.pressenza.com\/pt-pt\/2016\/08\/lamento-brasil-nao-atue-mediador-no-mercosul\/#breadcrumb\"},\"inLanguage\":\"pt-PT\",\"potentialAction\":[{\"@type\":\"ReadAction\",\"target\":[\"https:\/\/www.pressenza.com\/pt-pt\/2016\/08\/lamento-brasil-nao-atue-mediador-no-mercosul\/\"]}]},{\"@type\":\"ImageObject\",\"inLanguage\":\"pt-PT\",\"@id\":\"https:\/\/www.pressenza.com\/pt-pt\/2016\/08\/lamento-brasil-nao-atue-mediador-no-mercosul\/#primaryimage\",\"url\":\"https:\/\/www.pressenza.com\/wp-content\/uploads\/2016\/08\/amorim.jpg\",\"contentUrl\":\"https:\/\/www.pressenza.com\/wp-content\/uploads\/2016\/08\/amorim.jpg\",\"width\":1280,\"height\":480,\"caption\":\"Celso Amorim\"},{\"@type\":\"BreadcrumbList\",\"@id\":\"https:\/\/www.pressenza.com\/pt-pt\/2016\/08\/lamento-brasil-nao-atue-mediador-no-mercosul\/#breadcrumb\",\"itemListElement\":[{\"@type\":\"ListItem\",\"position\":1,\"name\":\"Accueil\",\"item\":\"https:\/\/www.pressenza.com\/pt-pt\/\"},{\"@type\":\"ListItem\",\"position\":2,\"name\":\"&#8220;Lamento que o Brasil n\u00e3o atue como mediador no Mercosul&#8221;\"}]},{\"@type\":\"WebSite\",\"@id\":\"https:\/\/www.pressenza.com\/pt-pt\/#website\",\"url\":\"https:\/\/www.pressenza.com\/pt-pt\/\",\"name\":\"Pressenza\",\"description\":\"International Press Agency\",\"publisher\":{\"@id\":\"https:\/\/www.pressenza.com\/pt-pt\/#organization\"},\"potentialAction\":[{\"@type\":\"SearchAction\",\"target\":{\"@type\":\"EntryPoint\",\"urlTemplate\":\"https:\/\/www.pressenza.com\/pt-pt\/?s={search_term_string}\"},\"query-input\":{\"@type\":\"PropertyValueSpecification\",\"valueRequired\":true,\"valueName\":\"search_term_string\"}}],\"inLanguage\":\"pt-PT\"},{\"@type\":\"Organization\",\"@id\":\"https:\/\/www.pressenza.com\/pt-pt\/#organization\",\"name\":\"Pressenza\",\"url\":\"https:\/\/www.pressenza.com\/pt-pt\/\",\"logo\":{\"@type\":\"ImageObject\",\"inLanguage\":\"pt-PT\",\"@id\":\"https:\/\/www.pressenza.com\/pt-pt\/#\/schema\/logo\/image\/\",\"url\":\"https:\/\/www.pressenza.com\/wp-content\/uploads\/2022\/10\/pressenza_logo_200x200.jpg\",\"contentUrl\":\"https:\/\/www.pressenza.com\/wp-content\/uploads\/2022\/10\/pressenza_logo_200x200.jpg\",\"width\":200,\"height\":200,\"caption\":\"Pressenza\"},\"image\":{\"@id\":\"https:\/\/www.pressenza.com\/pt-pt\/#\/schema\/logo\/image\/\"},\"sameAs\":[\"https:\/\/www.facebook.com\/PressenzaItalia\",\"https:\/\/x.com\/PressenzaIPA\"]},{\"@type\":\"Person\",\"@id\":\"https:\/\/www.pressenza.com\/pt-pt\/#\/schema\/person\/71837cc1cdde1818948a8e62658850a5\",\"name\":\"Calle2\",\"sameAs\":[\"https:\/\/www.facebook.com\/revistacalle2\/\",\"https:\/\/x.com\/revistacalle2\"],\"url\":\"https:\/\/www.pressenza.com\/pt-pt\/author\/calle2\/\"}]}<\/script>\n<!-- \/ Yoast SEO plugin. -->","yoast_head_json":{"title":"\"Lamento que o Brasil n\u00e3o atue como mediador no Mercosul\"","description":"Por Luciana Taddeo\/Calle2 Celso Amorim, ex-ministro das Rela\u00e7\u00f5es Exteriores,\u00a0reprova\u00a0ret\u00f3rica exagerada da Venezuela, mas lamenta que pa\u00edses-membros n\u00e3o","robots":{"index":"index","follow":"follow","max-snippet":"max-snippet:-1","max-image-preview":"max-image-preview:large","max-video-preview":"max-video-preview:-1"},"canonical":"https:\/\/www.pressenza.com\/pt-pt\/2016\/08\/lamento-brasil-nao-atue-mediador-no-mercosul\/","og_locale":"pt_PT","og_type":"article","og_title":"\"Lamento que o Brasil n\u00e3o atue como mediador no Mercosul\"","og_description":"Por Luciana Taddeo\/Calle2 Celso Amorim, ex-ministro das Rela\u00e7\u00f5es Exteriores,\u00a0reprova\u00a0ret\u00f3rica exagerada da Venezuela, mas lamenta que pa\u00edses-membros n\u00e3o","og_url":"https:\/\/www.pressenza.com\/pt-pt\/2016\/08\/lamento-brasil-nao-atue-mediador-no-mercosul\/","og_site_name":"Pressenza","article_publisher":"https:\/\/www.facebook.com\/PressenzaItalia","article_author":"https:\/\/www.facebook.com\/revistacalle2\/","article_published_time":"2016-08-10T02:14:41+00:00","og_image":[{"width":1280,"height":480,"url":"https:\/\/www.pressenza.com\/wp-content\/uploads\/2016\/08\/amorim.jpg","type":"image\/jpeg"}],"author":"Calle2","twitter_card":"summary_large_image","twitter_creator":"@revistacalle2","twitter_site":"@PressenzaIPA","twitter_misc":{"Escrito por":"Calle2","Tempo estimado de leitura":"4 minutos"},"schema":{"@context":"https:\/\/schema.org","@graph":[{"@type":"Article","@id":"https:\/\/www.pressenza.com\/pt-pt\/2016\/08\/lamento-brasil-nao-atue-mediador-no-mercosul\/#article","isPartOf":{"@id":"https:\/\/www.pressenza.com\/pt-pt\/2016\/08\/lamento-brasil-nao-atue-mediador-no-mercosul\/"},"author":{"name":"Calle2","@id":"https:\/\/www.pressenza.com\/pt-pt\/#\/schema\/person\/71837cc1cdde1818948a8e62658850a5"},"headline":"&#8220;Lamento que o Brasil n\u00e3o atue como mediador no Mercosul&#8221;","datePublished":"2016-08-10T02:14:41+00:00","mainEntityOfPage":{"@id":"https:\/\/www.pressenza.com\/pt-pt\/2016\/08\/lamento-brasil-nao-atue-mediador-no-mercosul\/"},"wordCount":876,"publisher":{"@id":"https:\/\/www.pressenza.com\/pt-pt\/#organization"},"image":{"@id":"https:\/\/www.pressenza.com\/pt-pt\/2016\/08\/lamento-brasil-nao-atue-mediador-no-mercosul\/#primaryimage"},"thumbnailUrl":"https:\/\/www.pressenza.com\/wp-content\/uploads\/2016\/08\/amorim.jpg","keywords":["Amorim","Argentina","Brasil","Dilma","Lula","Mercosul","paraguai","Unasul","Venezuela"],"articleSection":["Entrevista","Internacional","Pol\u00edtica"],"inLanguage":"pt-PT"},{"@type":"WebPage","@id":"https:\/\/www.pressenza.com\/pt-pt\/2016\/08\/lamento-brasil-nao-atue-mediador-no-mercosul\/","url":"https:\/\/www.pressenza.com\/pt-pt\/2016\/08\/lamento-brasil-nao-atue-mediador-no-mercosul\/","name":"\"Lamento que o Brasil n\u00e3o atue como mediador no Mercosul\"","isPartOf":{"@id":"https:\/\/www.pressenza.com\/pt-pt\/#website"},"primaryImageOfPage":{"@id":"https:\/\/www.pressenza.com\/pt-pt\/2016\/08\/lamento-brasil-nao-atue-mediador-no-mercosul\/#primaryimage"},"image":{"@id":"https:\/\/www.pressenza.com\/pt-pt\/2016\/08\/lamento-brasil-nao-atue-mediador-no-mercosul\/#primaryimage"},"thumbnailUrl":"https:\/\/www.pressenza.com\/wp-content\/uploads\/2016\/08\/amorim.jpg","datePublished":"2016-08-10T02:14:41+00:00","description":"Por Luciana Taddeo\/Calle2 Celso Amorim, ex-ministro das Rela\u00e7\u00f5es Exteriores,\u00a0reprova\u00a0ret\u00f3rica exagerada da Venezuela, mas lamenta que pa\u00edses-membros n\u00e3o","breadcrumb":{"@id":"https:\/\/www.pressenza.com\/pt-pt\/2016\/08\/lamento-brasil-nao-atue-mediador-no-mercosul\/#breadcrumb"},"inLanguage":"pt-PT","potentialAction":[{"@type":"ReadAction","target":["https:\/\/www.pressenza.com\/pt-pt\/2016\/08\/lamento-brasil-nao-atue-mediador-no-mercosul\/"]}]},{"@type":"ImageObject","inLanguage":"pt-PT","@id":"https:\/\/www.pressenza.com\/pt-pt\/2016\/08\/lamento-brasil-nao-atue-mediador-no-mercosul\/#primaryimage","url":"https:\/\/www.pressenza.com\/wp-content\/uploads\/2016\/08\/amorim.jpg","contentUrl":"https:\/\/www.pressenza.com\/wp-content\/uploads\/2016\/08\/amorim.jpg","width":1280,"height":480,"caption":"Celso Amorim"},{"@type":"BreadcrumbList","@id":"https:\/\/www.pressenza.com\/pt-pt\/2016\/08\/lamento-brasil-nao-atue-mediador-no-mercosul\/#breadcrumb","itemListElement":[{"@type":"ListItem","position":1,"name":"Accueil","item":"https:\/\/www.pressenza.com\/pt-pt\/"},{"@type":"ListItem","position":2,"name":"&#8220;Lamento que o Brasil n\u00e3o atue como mediador no Mercosul&#8221;"}]},{"@type":"WebSite","@id":"https:\/\/www.pressenza.com\/pt-pt\/#website","url":"https:\/\/www.pressenza.com\/pt-pt\/","name":"Pressenza","description":"International Press Agency","publisher":{"@id":"https:\/\/www.pressenza.com\/pt-pt\/#organization"},"potentialAction":[{"@type":"SearchAction","target":{"@type":"EntryPoint","urlTemplate":"https:\/\/www.pressenza.com\/pt-pt\/?s={search_term_string}"},"query-input":{"@type":"PropertyValueSpecification","valueRequired":true,"valueName":"search_term_string"}}],"inLanguage":"pt-PT"},{"@type":"Organization","@id":"https:\/\/www.pressenza.com\/pt-pt\/#organization","name":"Pressenza","url":"https:\/\/www.pressenza.com\/pt-pt\/","logo":{"@type":"ImageObject","inLanguage":"pt-PT","@id":"https:\/\/www.pressenza.com\/pt-pt\/#\/schema\/logo\/image\/","url":"https:\/\/www.pressenza.com\/wp-content\/uploads\/2022\/10\/pressenza_logo_200x200.jpg","contentUrl":"https:\/\/www.pressenza.com\/wp-content\/uploads\/2022\/10\/pressenza_logo_200x200.jpg","width":200,"height":200,"caption":"Pressenza"},"image":{"@id":"https:\/\/www.pressenza.com\/pt-pt\/#\/schema\/logo\/image\/"},"sameAs":["https:\/\/www.facebook.com\/PressenzaItalia","https:\/\/x.com\/PressenzaIPA"]},{"@type":"Person","@id":"https:\/\/www.pressenza.com\/pt-pt\/#\/schema\/person\/71837cc1cdde1818948a8e62658850a5","name":"Calle2","sameAs":["https:\/\/www.facebook.com\/revistacalle2\/","https:\/\/x.com\/revistacalle2"],"url":"https:\/\/www.pressenza.com\/pt-pt\/author\/calle2\/"}]}},"place":"Brasil","original_article_url":"http:\/\/calle2.com\/lamento-que-o-brasil-nao-atue-como-mediador-no-mercosul\/","_links":{"self":[{"href":"https:\/\/www.pressenza.com\/pt-pt\/wp-json\/wp\/v2\/posts\/351450","targetHints":{"allow":["GET"]}}],"collection":[{"href":"https:\/\/www.pressenza.com\/pt-pt\/wp-json\/wp\/v2\/posts"}],"about":[{"href":"https:\/\/www.pressenza.com\/pt-pt\/wp-json\/wp\/v2\/types\/post"}],"author":[{"embeddable":true,"href":"https:\/\/www.pressenza.com\/pt-pt\/wp-json\/wp\/v2\/users\/1287"}],"replies":[{"embeddable":true,"href":"https:\/\/www.pressenza.com\/pt-pt\/wp-json\/wp\/v2\/comments?post=351450"}],"version-history":[{"count":0,"href":"https:\/\/www.pressenza.com\/pt-pt\/wp-json\/wp\/v2\/posts\/351450\/revisions"}],"wp:featuredmedia":[{"embeddable":true,"href":"https:\/\/www.pressenza.com\/pt-pt\/wp-json\/wp\/v2\/media\/351444"}],"wp:attachment":[{"href":"https:\/\/www.pressenza.com\/pt-pt\/wp-json\/wp\/v2\/media?parent=351450"}],"wp:term":[{"taxonomy":"category","embeddable":true,"href":"https:\/\/www.pressenza.com\/pt-pt\/wp-json\/wp\/v2\/categories?post=351450"},{"taxonomy":"post_tag","embeddable":true,"href":"https:\/\/www.pressenza.com\/pt-pt\/wp-json\/wp\/v2\/tags?post=351450"}],"curies":[{"name":"wp","href":"https:\/\/api.w.org\/{rel}","templated":true}]}}