{"id":340139,"date":"2016-07-13T19:01:15","date_gmt":"2016-07-13T18:01:15","guid":{"rendered":"http:\/\/www.pressenza.com\/pt-pt\/?p=340139"},"modified":"2016-07-13T19:53:56","modified_gmt":"2016-07-13T18:53:56","slug":"quando-negam-nossos-direitos-politicos-tiram-oportunidade-tomar-nosso-destino-nossas-maos","status":"publish","type":"post","link":"https:\/\/www.pressenza.com\/pt-pt\/2016\/07\/quando-negam-nossos-direitos-politicos-tiram-oportunidade-tomar-nosso-destino-nossas-maos\/","title":{"rendered":"&#8220;Quando nos negam nossos direitos pol\u00edticos, nos tiram a oportunidade de tomar nosso destino em nossas m\u00e3os&#8221;"},"content":{"rendered":"<p><em>Publicamos aqui a palestra\u00a0de Jobana Moya na conferencia do eixo Migra\u00e7\u00e3o, g\u00e9nero\u00a0e corpo no VII F\u00f3rum Social Mundial das Migra\u00e7\u00f5es.<\/em><\/p>\n<p>&#8220;Bom dia a todos e todas.<\/p>\n<p>Eu sou parte do coletivo de mulheres imigrantes e brasileiras, Equipe de Base Warmis, que faz parte do organismo internacional Converg\u00eancia das Culturas do Movimento Humanista que se baseia na corrente de pensamento conhecida como Humanismo Universalista e nace na Argentina com o pensador Mario Rodrigues Cobos conhecido como Silo.<\/p>\n<p>Somos volunt\u00e1rias, n\u00e3o somos ONG e queremos transformar nossa realidade e a das mulheres imigrantes, melhorar as condi\u00e7\u00f5es nas quais vivemos desenvolvendo e promovendo atividades em nossas comunidades baseadas na metodologia da N\u00e3o Viol\u00eancia Ativa e a N\u00e3o -Discrimina\u00e7\u00e3o.<\/p>\n<p>Aderimos a:<br \/>\n&#8211; A localiza\u00e7\u00e3o do ser humano como valor e preocupa\u00e7\u00e3o central.<br \/>\n&#8211; A afirma\u00e7\u00e3o de igualdade para todos os seres humanos.<br \/>\n&#8211; O reconhecimento da diversidade pessoal e cultural<br \/>\n&#8211; O desenvolvimento do conhecimento acima do aceito ou imposto como verdade absoluta.<br \/>\n&#8211; A afirma\u00e7\u00e3o da liberdade de ideia e cren\u00e7as<br \/>\n&#8211; O recha\u00e7o a todo tipo de viol\u00eancia (entre elas de psicol\u00f3gica, f\u00edsica, moral, econ\u00f3mica, de g\u00eanero, religiosa, sexual, etc) e discrimina\u00e7\u00e3o.<\/p>\n<p>Porque os seres humanos imigramos? s\u00e3o v\u00e1rios motivos entre eles o fator econ\u00f3mico, mudan\u00e7as clim\u00e1ticas, guerras, por\u00e9m o motor mesmo acredito sejam 2 temas: a sobreviv\u00eancia e a procura por alcan\u00e7ar nossos sonhos, porque acreditamos que em outro lugar vamos encontrar as respostas que estamos buscando.<\/p>\n<p>As mulheres imigramos para ajudar a nossas fam\u00edlias a nossas comunidades, para lutar por um futuro melhor para nossos filhos.<\/p>\n<p>Vivemos em um sistema capitalista onde as imigrantes e refugiadas somos des-humanizados nos tirando a dignidade.<\/p>\n<p>Dignidade, algo que como imigrante nos negam quando se valoriza mais os produtos que os seres humanos ao passar as fronteiras, quando nossas vidas se v\u00eam determinadas por sermos \u201cilegais\u201d, quando somos discriminadas\/os por nossa apar\u00eancia e cultura, quando nos negam nossos direitos pol\u00edticos, nos tiram a oportunidade de tomar nosso destino em nossas m\u00e3os.<\/p>\n<p>Todos os dias vemos noticias falando sobre imigrantes e refugiados, por\u00e9m falam de n\u00f3s como se fala de objetos sem vida , sem historia, sem sentimentos, nos mostram como os inimigos que vamos roubar empregos. Por\u00e9m os imigrantes terminam fazendo o trabalho que os locais n\u00e3o querem fazer, porque temos que sobreviver.<\/p>\n<p>As mulheres imigrantes somos invis\u00edveis nas cidades, poucas vezes ocupamos os espa\u00e7os p\u00fablicos por medo a ser discriminadas, a ser violentadas, temos medo por ser mulheres e muito mais por ser imigrantes.<\/p>\n<p>Vivemos num sistema capitalista que quer que sejamos vulner\u00e1veis que estejamos desprotegidas, porque assim \u00e9 mais f\u00e1cil nos explorar.<\/p>\n<p>Por necessidade nos vamos encontrando, por uma luta em comum queremos ser tratadas como seres humanos, queremos ter direitos.<\/p>\n<p>Historicamente as mulheres temos tido o papel de transmitir nossas costumes e saberes, n\u00e3o e diferente como as mulheres imigrantes e refugiadas.<\/p>\n<p>Manter viva nossa identidade cultural \u00e9 tamb\u00e9m uma forma de resist\u00eancia, acreditamos na valoriza\u00e7\u00e3o das culturas e o di\u00e1logo entre culturas..<\/p>\n<p>&#8211; conhecer nossa cultura para valorizar as outras e n\u00e3o esquecer de onde vim para construir aonde vou<\/p>\n<p>&#8211; o inimigo principal \u00e9 o medo ao desconhecido<\/p>\n<p>&#8211; ningu\u00e9m escolhe onde nascer<\/p>\n<p>&#8211; a migra\u00e7\u00e3o visibiliza temas que n\u00e3o est\u00e3o resolvidos nos pa\u00edses de recep\u00e7\u00e3o<\/p>\n<p>&#8211; a luta das mulheres imigrantes para escolher como parir, direito de escolha sobre nosso corpo<\/p>\n<p>N\u00f3s que aqui trabalhamos, constru\u00edmos nossas fam\u00edlias, novas amizades, que fincamos ra\u00edzes nesta terra que escolhemos, queremos tamb\u00e9m construir junto com nossas irm\u00e3s e irm\u00e3os do Brasil um pa\u00eds melhor para todas as pessoas, inclusivo e participativo, onde os direitos humanos sejam efetivos e n\u00e3o fiquem s\u00f3 nos pap\u00e9is.<\/p>\n<p>Existe uma sentida necessidade humana para o encontro das culturas e de paz ao redor de um destino comum, que supere a viol\u00eancia, a injusti\u00e7a, a dor e o sofrimento.<\/p>\n<p>A Globaliza\u00e7\u00e3o \u00e9 o controle social atrav\u00e9s dos Bancos e do Capital Financeiro Multinacional, a Mundializa\u00e7\u00e3o em troca, \u00e9 a busca das culturas e povos por encontrar-se num destino comum de respeito dos direitos humanos, de igualdade de oportunidades e de equil\u00edbrio com o meio ambiente.<\/p>\n<p>A Mundializa\u00e7\u00e3o \u00e9 uma aspira\u00e7\u00e3o dos povos pelo respeito dos diferentes costumes e cren\u00e7as, \u00e9 a aspira\u00e7\u00e3o de eliminar a guerra e olhar-nos aos olhos, sabendo que podemos resolver nossos conflitos e diferen\u00e7as como seres humanos e n\u00e3o como selvagens que se destroem uns aos outros.<\/p>\n<p>Antes de ser boliviana, paraguaia, peruana ou de qualquer outra nacionalidade, somos seres humanos. O ser humano n\u00e3o \u00e9 ilegal, e as fronteiras que fecham o seu caminho devem ser eliminadas. Isto \u00e9 poss\u00edvel e deve ser uma exig\u00eancia dos povos para humanizar os Estados.<\/p>\n<p>Fomos exploradas e explorados, por\u00e9m n\u00e3o exploraremos. Fomos discriminadas e discriminados, por\u00e9m n\u00e3o discriminaremos. Fomos maltratadas e maltratados, por\u00e9m n\u00e3o maltrataremos.<\/p>\n<p>Nos colocamos em p\u00e9 frente a injusti\u00e7a, a explora\u00e7\u00e3o e a discrimina\u00e7\u00e3o.<\/p>\n<p>Afirmamos a valentia, a compaix\u00e3o e a solidariedade; despreciando a covardia, a insensibilidade e a viol\u00eancia das pessoas poderosas.<\/p>\n<p>\u201cA for\u00e7a n\u00e3o prov\u00e9m da capacidade f\u00edsica e sim de uma vontade indom\u00e1vel\u201d. (Gandhi)<\/p>\n<p>E as mulheres imigrantes t\u00eam uma vontade indom\u00e1vel. Apesar das dist\u00e2ncias mant\u00e9m fam\u00edlias unidas e mant\u00e9m a f\u00e9 no futuro aberto de nossas filhas e filhos.<\/p>\n<p>Queremos estar lado a lado de nossos companheiros nesta luta e n\u00e3o atr\u00e1s.<\/p>\n<p>\u00c9 o momento das mulheres imigrantes assumir o espa\u00e7o que muitas vezes nos foi negado.&#8221;<\/p>\n<p>Depois da sua fala,\u00a0Jobana Moya convidou as mulheres imigrantes para o palco e leu\u00a0o manifesto da Frente de Mulheres Imigrantes. Leia o manifesto na \u00edntegra <a href=\"https:\/\/www.pressenza.com\/pt-pt\/2016\/07\/manifesto-frente-de-mulheres-imigrantes-e-refugiadas-fsmm-2016\/\">aqui<\/a>.<\/p>\n","protected":false},"excerpt":{"rendered":"<p>Publicamos aqui a palestra\u00a0de Jobana Moya na conferencia do eixo Migra\u00e7\u00e3o, g\u00e9nero\u00a0e corpo no VII F\u00f3rum Social Mundial das Migra\u00e7\u00f5es. &#8220;Bom dia a todos e todas. Eu sou parte do coletivo de mulheres imigrantes e brasileiras, Equipe de Base Warmis,&hellip;<\/p>\n","protected":false},"author":44,"featured_media":341009,"comment_status":"closed","ping_status":"closed","sticky":false,"template":"","format":"standard","meta":{"footnotes":""},"categories":[104,113,11390,1255,42,1256,111],"tags":[25802,27505,27506,24481,28734,11344],"class_list":["post-340139","post","type-post","status-publish","format-standard","has-post-thumbnail","hentry","category-america-do-sul","category-noticias-do-exterior","category-conteudo-original","category-diversidade","category-internacional-2","category-nao-violencia","category-politica-pt-pt","tag-fsmm","tag-fsmm2016","tag-jobana-moya","tag-migracao","tag-mulheres-migrantes","tag-warmis"],"yoast_head":"<!-- This site is optimized with the Yoast SEO plugin v27.1.1 - https:\/\/yoast.com\/product\/yoast-seo-wordpress\/ -->\n<title>&quot;Quando nos negam nossos direitos pol\u00edticos, nos tiram a oportunidade de tomar nosso destino em nossas m\u00e3os&quot;<\/title>\n<meta name=\"description\" content=\"Publicamos aqui a palestra\u00a0de Jobana Moya na conferencia do eixo Migra\u00e7\u00e3o, g\u00e9nero\u00a0e corpo no VII F\u00f3rum Social Mundial das Migra\u00e7\u00f5es. &quot;Bom dia a todos e\" \/>\n<meta name=\"robots\" content=\"index, follow, max-snippet:-1, max-image-preview:large, max-video-preview:-1\" \/>\n<link rel=\"canonical\" href=\"https:\/\/www.pressenza.com\/pt-pt\/2016\/07\/quando-negam-nossos-direitos-politicos-tiram-oportunidade-tomar-nosso-destino-nossas-maos\/\" \/>\n<meta property=\"og:locale\" content=\"pt_PT\" \/>\n<meta property=\"og:type\" content=\"article\" \/>\n<meta property=\"og:title\" content=\"&quot;Quando nos negam nossos direitos pol\u00edticos, nos tiram a oportunidade de tomar nosso destino em nossas m\u00e3os&quot;\" \/>\n<meta property=\"og:description\" content=\"Publicamos aqui a palestra\u00a0de Jobana Moya na conferencia do eixo Migra\u00e7\u00e3o, g\u00e9nero\u00a0e corpo no VII F\u00f3rum Social Mundial das Migra\u00e7\u00f5es. &quot;Bom dia a todos e\" \/>\n<meta property=\"og:url\" content=\"https:\/\/www.pressenza.com\/pt-pt\/2016\/07\/quando-negam-nossos-direitos-politicos-tiram-oportunidade-tomar-nosso-destino-nossas-maos\/\" \/>\n<meta property=\"og:site_name\" content=\"Pressenza\" \/>\n<meta property=\"article:publisher\" content=\"https:\/\/www.facebook.com\/PressenzaItalia\" \/>\n<meta property=\"article:author\" content=\"https:\/\/www.facebook.com\/PressenzaPortugues\" \/>\n<meta property=\"article:published_time\" content=\"2016-07-13T18:01:15+00:00\" \/>\n<meta property=\"article:modified_time\" content=\"2016-07-13T18:53:56+00:00\" \/>\n<meta property=\"og:image\" content=\"https:\/\/www.pressenza.com\/wp-content\/uploads\/2016\/07\/13668821_577556709072042_393246660363681046_o.jpg\" \/>\n\t<meta property=\"og:image:width\" content=\"1152\" \/>\n\t<meta property=\"og:image:height\" content=\"864\" \/>\n\t<meta property=\"og:image:type\" content=\"image\/jpeg\" \/>\n<meta name=\"author\" content=\"Reda\u00e7\u00e3o S\u00e3o Paulo\" \/>\n<meta name=\"twitter:card\" content=\"summary_large_image\" \/>\n<meta name=\"twitter:creator\" content=\"@pressenza_pt\" \/>\n<meta name=\"twitter:site\" content=\"@PressenzaIPA\" \/>\n<meta name=\"twitter:label1\" content=\"Escrito por\" \/>\n\t<meta name=\"twitter:data1\" content=\"Reda\u00e7\u00e3o S\u00e3o Paulo\" \/>\n\t<meta name=\"twitter:label2\" content=\"Tempo estimado de leitura\" \/>\n\t<meta name=\"twitter:data2\" content=\"5 minutos\" \/>\n<script type=\"application\/ld+json\" class=\"yoast-schema-graph\">{\"@context\":\"https:\/\/schema.org\",\"@graph\":[{\"@type\":\"Article\",\"@id\":\"https:\/\/www.pressenza.com\/pt-pt\/2016\/07\/quando-negam-nossos-direitos-politicos-tiram-oportunidade-tomar-nosso-destino-nossas-maos\/#article\",\"isPartOf\":{\"@id\":\"https:\/\/www.pressenza.com\/pt-pt\/2016\/07\/quando-negam-nossos-direitos-politicos-tiram-oportunidade-tomar-nosso-destino-nossas-maos\/\"},\"author\":{\"name\":\"Reda\u00e7\u00e3o S\u00e3o Paulo\",\"@id\":\"https:\/\/www.pressenza.com\/pt-pt\/#\/schema\/person\/d171826afb7693cfc394da95892bfd93\"},\"headline\":\"&#8220;Quando nos negam nossos direitos pol\u00edticos, nos tiram a oportunidade de tomar nosso destino em nossas m\u00e3os&#8221;\",\"datePublished\":\"2016-07-13T18:01:15+00:00\",\"dateModified\":\"2016-07-13T18:53:56+00:00\",\"mainEntityOfPage\":{\"@id\":\"https:\/\/www.pressenza.com\/pt-pt\/2016\/07\/quando-negam-nossos-direitos-politicos-tiram-oportunidade-tomar-nosso-destino-nossas-maos\/\"},\"wordCount\":1035,\"publisher\":{\"@id\":\"https:\/\/www.pressenza.com\/pt-pt\/#organization\"},\"image\":{\"@id\":\"https:\/\/www.pressenza.com\/pt-pt\/2016\/07\/quando-negam-nossos-direitos-politicos-tiram-oportunidade-tomar-nosso-destino-nossas-maos\/#primaryimage\"},\"thumbnailUrl\":\"https:\/\/www.pressenza.com\/wp-content\/uploads\/2016\/07\/13668821_577556709072042_393246660363681046_o.jpg\",\"keywords\":[\"FSMM\",\"fsmm2016\",\"jobana moya\",\"migra\u00e7\u00e3o\",\"mulheres migrantes\",\"warmis\"],\"articleSection\":[\"\u00c1m\u00e9rica do Sul\",\"Assuntos internacionais\",\"Conte\u00fado Original\",\"Diversidade\",\"Internacional\",\"N\u00e3o viol\u00eancia\",\"Pol\u00edtica\"],\"inLanguage\":\"pt-PT\"},{\"@type\":\"WebPage\",\"@id\":\"https:\/\/www.pressenza.com\/pt-pt\/2016\/07\/quando-negam-nossos-direitos-politicos-tiram-oportunidade-tomar-nosso-destino-nossas-maos\/\",\"url\":\"https:\/\/www.pressenza.com\/pt-pt\/2016\/07\/quando-negam-nossos-direitos-politicos-tiram-oportunidade-tomar-nosso-destino-nossas-maos\/\",\"name\":\"\\\"Quando nos negam nossos direitos pol\u00edticos, nos tiram a oportunidade de tomar nosso destino em nossas m\u00e3os\\\"\",\"isPartOf\":{\"@id\":\"https:\/\/www.pressenza.com\/pt-pt\/#website\"},\"primaryImageOfPage\":{\"@id\":\"https:\/\/www.pressenza.com\/pt-pt\/2016\/07\/quando-negam-nossos-direitos-politicos-tiram-oportunidade-tomar-nosso-destino-nossas-maos\/#primaryimage\"},\"image\":{\"@id\":\"https:\/\/www.pressenza.com\/pt-pt\/2016\/07\/quando-negam-nossos-direitos-politicos-tiram-oportunidade-tomar-nosso-destino-nossas-maos\/#primaryimage\"},\"thumbnailUrl\":\"https:\/\/www.pressenza.com\/wp-content\/uploads\/2016\/07\/13668821_577556709072042_393246660363681046_o.jpg\",\"datePublished\":\"2016-07-13T18:01:15+00:00\",\"dateModified\":\"2016-07-13T18:53:56+00:00\",\"description\":\"Publicamos aqui a palestra\u00a0de Jobana Moya na conferencia do eixo Migra\u00e7\u00e3o, g\u00e9nero\u00a0e corpo no VII F\u00f3rum Social Mundial das Migra\u00e7\u00f5es. \\\"Bom dia a todos e\",\"breadcrumb\":{\"@id\":\"https:\/\/www.pressenza.com\/pt-pt\/2016\/07\/quando-negam-nossos-direitos-politicos-tiram-oportunidade-tomar-nosso-destino-nossas-maos\/#breadcrumb\"},\"inLanguage\":\"pt-PT\",\"potentialAction\":[{\"@type\":\"ReadAction\",\"target\":[\"https:\/\/www.pressenza.com\/pt-pt\/2016\/07\/quando-negam-nossos-direitos-politicos-tiram-oportunidade-tomar-nosso-destino-nossas-maos\/\"]}]},{\"@type\":\"ImageObject\",\"inLanguage\":\"pt-PT\",\"@id\":\"https:\/\/www.pressenza.com\/pt-pt\/2016\/07\/quando-negam-nossos-direitos-politicos-tiram-oportunidade-tomar-nosso-destino-nossas-maos\/#primaryimage\",\"url\":\"https:\/\/www.pressenza.com\/wp-content\/uploads\/2016\/07\/13668821_577556709072042_393246660363681046_o.jpg\",\"contentUrl\":\"https:\/\/www.pressenza.com\/wp-content\/uploads\/2016\/07\/13668821_577556709072042_393246660363681046_o.jpg\",\"width\":1152,\"height\":864,\"caption\":\"Jobana Moya na conferencia principal do eixo Migra\u00e7\u00e3o, g\u00e9nero y corpo do VII F\u00f3rum Social Mundial das Migra\u00e7\u00f5es\"},{\"@type\":\"BreadcrumbList\",\"@id\":\"https:\/\/www.pressenza.com\/pt-pt\/2016\/07\/quando-negam-nossos-direitos-politicos-tiram-oportunidade-tomar-nosso-destino-nossas-maos\/#breadcrumb\",\"itemListElement\":[{\"@type\":\"ListItem\",\"position\":1,\"name\":\"Accueil\",\"item\":\"https:\/\/www.pressenza.com\/pt-pt\/\"},{\"@type\":\"ListItem\",\"position\":2,\"name\":\"&#8220;Quando nos negam nossos direitos pol\u00edticos, nos tiram a oportunidade de tomar nosso destino em nossas m\u00e3os&#8221;\"}]},{\"@type\":\"WebSite\",\"@id\":\"https:\/\/www.pressenza.com\/pt-pt\/#website\",\"url\":\"https:\/\/www.pressenza.com\/pt-pt\/\",\"name\":\"Pressenza\",\"description\":\"International Press Agency\",\"publisher\":{\"@id\":\"https:\/\/www.pressenza.com\/pt-pt\/#organization\"},\"potentialAction\":[{\"@type\":\"SearchAction\",\"target\":{\"@type\":\"EntryPoint\",\"urlTemplate\":\"https:\/\/www.pressenza.com\/pt-pt\/?s={search_term_string}\"},\"query-input\":{\"@type\":\"PropertyValueSpecification\",\"valueRequired\":true,\"valueName\":\"search_term_string\"}}],\"inLanguage\":\"pt-PT\"},{\"@type\":\"Organization\",\"@id\":\"https:\/\/www.pressenza.com\/pt-pt\/#organization\",\"name\":\"Pressenza\",\"url\":\"https:\/\/www.pressenza.com\/pt-pt\/\",\"logo\":{\"@type\":\"ImageObject\",\"inLanguage\":\"pt-PT\",\"@id\":\"https:\/\/www.pressenza.com\/pt-pt\/#\/schema\/logo\/image\/\",\"url\":\"https:\/\/www.pressenza.com\/wp-content\/uploads\/2022\/10\/pressenza_logo_200x200.jpg\",\"contentUrl\":\"https:\/\/www.pressenza.com\/wp-content\/uploads\/2022\/10\/pressenza_logo_200x200.jpg\",\"width\":200,\"height\":200,\"caption\":\"Pressenza\"},\"image\":{\"@id\":\"https:\/\/www.pressenza.com\/pt-pt\/#\/schema\/logo\/image\/\"},\"sameAs\":[\"https:\/\/www.facebook.com\/PressenzaItalia\",\"https:\/\/x.com\/PressenzaIPA\"]},{\"@type\":\"Person\",\"@id\":\"https:\/\/www.pressenza.com\/pt-pt\/#\/schema\/person\/d171826afb7693cfc394da95892bfd93\",\"name\":\"Reda\u00e7\u00e3o S\u00e3o Paulo\",\"description\":\"News from the Pressenza bureau in Sao Paulo, Brazil\",\"sameAs\":[\"https:\/\/www.facebook.com\/PressenzaPortugues\",\"https:\/\/x.com\/pressenza_pt\"],\"url\":\"https:\/\/www.pressenza.com\/pt-pt\/author\/redaccao-sao-paulo\/\"}]}<\/script>\n<!-- \/ Yoast SEO plugin. -->","yoast_head_json":{"title":"\"Quando nos negam nossos direitos pol\u00edticos, nos tiram a oportunidade de tomar nosso destino em nossas m\u00e3os\"","description":"Publicamos aqui a palestra\u00a0de Jobana Moya na conferencia do eixo Migra\u00e7\u00e3o, g\u00e9nero\u00a0e corpo no VII F\u00f3rum Social Mundial das Migra\u00e7\u00f5es. \"Bom dia a todos e","robots":{"index":"index","follow":"follow","max-snippet":"max-snippet:-1","max-image-preview":"max-image-preview:large","max-video-preview":"max-video-preview:-1"},"canonical":"https:\/\/www.pressenza.com\/pt-pt\/2016\/07\/quando-negam-nossos-direitos-politicos-tiram-oportunidade-tomar-nosso-destino-nossas-maos\/","og_locale":"pt_PT","og_type":"article","og_title":"\"Quando nos negam nossos direitos pol\u00edticos, nos tiram a oportunidade de tomar nosso destino em nossas m\u00e3os\"","og_description":"Publicamos aqui a palestra\u00a0de Jobana Moya na conferencia do eixo Migra\u00e7\u00e3o, g\u00e9nero\u00a0e corpo no VII F\u00f3rum Social Mundial das Migra\u00e7\u00f5es. \"Bom dia a todos e","og_url":"https:\/\/www.pressenza.com\/pt-pt\/2016\/07\/quando-negam-nossos-direitos-politicos-tiram-oportunidade-tomar-nosso-destino-nossas-maos\/","og_site_name":"Pressenza","article_publisher":"https:\/\/www.facebook.com\/PressenzaItalia","article_author":"https:\/\/www.facebook.com\/PressenzaPortugues","article_published_time":"2016-07-13T18:01:15+00:00","article_modified_time":"2016-07-13T18:53:56+00:00","og_image":[{"width":1152,"height":864,"url":"https:\/\/www.pressenza.com\/wp-content\/uploads\/2016\/07\/13668821_577556709072042_393246660363681046_o.jpg","type":"image\/jpeg"}],"author":"Reda\u00e7\u00e3o S\u00e3o Paulo","twitter_card":"summary_large_image","twitter_creator":"@pressenza_pt","twitter_site":"@PressenzaIPA","twitter_misc":{"Escrito por":"Reda\u00e7\u00e3o S\u00e3o Paulo","Tempo estimado de leitura":"5 minutos"},"schema":{"@context":"https:\/\/schema.org","@graph":[{"@type":"Article","@id":"https:\/\/www.pressenza.com\/pt-pt\/2016\/07\/quando-negam-nossos-direitos-politicos-tiram-oportunidade-tomar-nosso-destino-nossas-maos\/#article","isPartOf":{"@id":"https:\/\/www.pressenza.com\/pt-pt\/2016\/07\/quando-negam-nossos-direitos-politicos-tiram-oportunidade-tomar-nosso-destino-nossas-maos\/"},"author":{"name":"Reda\u00e7\u00e3o S\u00e3o Paulo","@id":"https:\/\/www.pressenza.com\/pt-pt\/#\/schema\/person\/d171826afb7693cfc394da95892bfd93"},"headline":"&#8220;Quando nos negam nossos direitos pol\u00edticos, nos tiram a oportunidade de tomar nosso destino em nossas m\u00e3os&#8221;","datePublished":"2016-07-13T18:01:15+00:00","dateModified":"2016-07-13T18:53:56+00:00","mainEntityOfPage":{"@id":"https:\/\/www.pressenza.com\/pt-pt\/2016\/07\/quando-negam-nossos-direitos-politicos-tiram-oportunidade-tomar-nosso-destino-nossas-maos\/"},"wordCount":1035,"publisher":{"@id":"https:\/\/www.pressenza.com\/pt-pt\/#organization"},"image":{"@id":"https:\/\/www.pressenza.com\/pt-pt\/2016\/07\/quando-negam-nossos-direitos-politicos-tiram-oportunidade-tomar-nosso-destino-nossas-maos\/#primaryimage"},"thumbnailUrl":"https:\/\/www.pressenza.com\/wp-content\/uploads\/2016\/07\/13668821_577556709072042_393246660363681046_o.jpg","keywords":["FSMM","fsmm2016","jobana moya","migra\u00e7\u00e3o","mulheres migrantes","warmis"],"articleSection":["\u00c1m\u00e9rica do Sul","Assuntos internacionais","Conte\u00fado Original","Diversidade","Internacional","N\u00e3o viol\u00eancia","Pol\u00edtica"],"inLanguage":"pt-PT"},{"@type":"WebPage","@id":"https:\/\/www.pressenza.com\/pt-pt\/2016\/07\/quando-negam-nossos-direitos-politicos-tiram-oportunidade-tomar-nosso-destino-nossas-maos\/","url":"https:\/\/www.pressenza.com\/pt-pt\/2016\/07\/quando-negam-nossos-direitos-politicos-tiram-oportunidade-tomar-nosso-destino-nossas-maos\/","name":"\"Quando nos negam nossos direitos pol\u00edticos, nos tiram a oportunidade de tomar nosso destino em nossas m\u00e3os\"","isPartOf":{"@id":"https:\/\/www.pressenza.com\/pt-pt\/#website"},"primaryImageOfPage":{"@id":"https:\/\/www.pressenza.com\/pt-pt\/2016\/07\/quando-negam-nossos-direitos-politicos-tiram-oportunidade-tomar-nosso-destino-nossas-maos\/#primaryimage"},"image":{"@id":"https:\/\/www.pressenza.com\/pt-pt\/2016\/07\/quando-negam-nossos-direitos-politicos-tiram-oportunidade-tomar-nosso-destino-nossas-maos\/#primaryimage"},"thumbnailUrl":"https:\/\/www.pressenza.com\/wp-content\/uploads\/2016\/07\/13668821_577556709072042_393246660363681046_o.jpg","datePublished":"2016-07-13T18:01:15+00:00","dateModified":"2016-07-13T18:53:56+00:00","description":"Publicamos aqui a palestra\u00a0de Jobana Moya na conferencia do eixo Migra\u00e7\u00e3o, g\u00e9nero\u00a0e corpo no VII F\u00f3rum Social Mundial das Migra\u00e7\u00f5es. \"Bom dia a todos e","breadcrumb":{"@id":"https:\/\/www.pressenza.com\/pt-pt\/2016\/07\/quando-negam-nossos-direitos-politicos-tiram-oportunidade-tomar-nosso-destino-nossas-maos\/#breadcrumb"},"inLanguage":"pt-PT","potentialAction":[{"@type":"ReadAction","target":["https:\/\/www.pressenza.com\/pt-pt\/2016\/07\/quando-negam-nossos-direitos-politicos-tiram-oportunidade-tomar-nosso-destino-nossas-maos\/"]}]},{"@type":"ImageObject","inLanguage":"pt-PT","@id":"https:\/\/www.pressenza.com\/pt-pt\/2016\/07\/quando-negam-nossos-direitos-politicos-tiram-oportunidade-tomar-nosso-destino-nossas-maos\/#primaryimage","url":"https:\/\/www.pressenza.com\/wp-content\/uploads\/2016\/07\/13668821_577556709072042_393246660363681046_o.jpg","contentUrl":"https:\/\/www.pressenza.com\/wp-content\/uploads\/2016\/07\/13668821_577556709072042_393246660363681046_o.jpg","width":1152,"height":864,"caption":"Jobana Moya na conferencia principal do eixo Migra\u00e7\u00e3o, g\u00e9nero y corpo do VII F\u00f3rum Social Mundial das Migra\u00e7\u00f5es"},{"@type":"BreadcrumbList","@id":"https:\/\/www.pressenza.com\/pt-pt\/2016\/07\/quando-negam-nossos-direitos-politicos-tiram-oportunidade-tomar-nosso-destino-nossas-maos\/#breadcrumb","itemListElement":[{"@type":"ListItem","position":1,"name":"Accueil","item":"https:\/\/www.pressenza.com\/pt-pt\/"},{"@type":"ListItem","position":2,"name":"&#8220;Quando nos negam nossos direitos pol\u00edticos, nos tiram a oportunidade de tomar nosso destino em nossas m\u00e3os&#8221;"}]},{"@type":"WebSite","@id":"https:\/\/www.pressenza.com\/pt-pt\/#website","url":"https:\/\/www.pressenza.com\/pt-pt\/","name":"Pressenza","description":"International Press Agency","publisher":{"@id":"https:\/\/www.pressenza.com\/pt-pt\/#organization"},"potentialAction":[{"@type":"SearchAction","target":{"@type":"EntryPoint","urlTemplate":"https:\/\/www.pressenza.com\/pt-pt\/?s={search_term_string}"},"query-input":{"@type":"PropertyValueSpecification","valueRequired":true,"valueName":"search_term_string"}}],"inLanguage":"pt-PT"},{"@type":"Organization","@id":"https:\/\/www.pressenza.com\/pt-pt\/#organization","name":"Pressenza","url":"https:\/\/www.pressenza.com\/pt-pt\/","logo":{"@type":"ImageObject","inLanguage":"pt-PT","@id":"https:\/\/www.pressenza.com\/pt-pt\/#\/schema\/logo\/image\/","url":"https:\/\/www.pressenza.com\/wp-content\/uploads\/2022\/10\/pressenza_logo_200x200.jpg","contentUrl":"https:\/\/www.pressenza.com\/wp-content\/uploads\/2022\/10\/pressenza_logo_200x200.jpg","width":200,"height":200,"caption":"Pressenza"},"image":{"@id":"https:\/\/www.pressenza.com\/pt-pt\/#\/schema\/logo\/image\/"},"sameAs":["https:\/\/www.facebook.com\/PressenzaItalia","https:\/\/x.com\/PressenzaIPA"]},{"@type":"Person","@id":"https:\/\/www.pressenza.com\/pt-pt\/#\/schema\/person\/d171826afb7693cfc394da95892bfd93","name":"Reda\u00e7\u00e3o S\u00e3o Paulo","description":"News from the Pressenza bureau in Sao Paulo, Brazil","sameAs":["https:\/\/www.facebook.com\/PressenzaPortugues","https:\/\/x.com\/pressenza_pt"],"url":"https:\/\/www.pressenza.com\/pt-pt\/author\/redaccao-sao-paulo\/"}]}},"place":"S\u00e3o Paulo, Brasil.","original_article_url":"","_links":{"self":[{"href":"https:\/\/www.pressenza.com\/pt-pt\/wp-json\/wp\/v2\/posts\/340139","targetHints":{"allow":["GET"]}}],"collection":[{"href":"https:\/\/www.pressenza.com\/pt-pt\/wp-json\/wp\/v2\/posts"}],"about":[{"href":"https:\/\/www.pressenza.com\/pt-pt\/wp-json\/wp\/v2\/types\/post"}],"author":[{"embeddable":true,"href":"https:\/\/www.pressenza.com\/pt-pt\/wp-json\/wp\/v2\/users\/44"}],"replies":[{"embeddable":true,"href":"https:\/\/www.pressenza.com\/pt-pt\/wp-json\/wp\/v2\/comments?post=340139"}],"version-history":[{"count":0,"href":"https:\/\/www.pressenza.com\/pt-pt\/wp-json\/wp\/v2\/posts\/340139\/revisions"}],"wp:featuredmedia":[{"embeddable":true,"href":"https:\/\/www.pressenza.com\/pt-pt\/wp-json\/wp\/v2\/media\/341009"}],"wp:attachment":[{"href":"https:\/\/www.pressenza.com\/pt-pt\/wp-json\/wp\/v2\/media?parent=340139"}],"wp:term":[{"taxonomy":"category","embeddable":true,"href":"https:\/\/www.pressenza.com\/pt-pt\/wp-json\/wp\/v2\/categories?post=340139"},{"taxonomy":"post_tag","embeddable":true,"href":"https:\/\/www.pressenza.com\/pt-pt\/wp-json\/wp\/v2\/tags?post=340139"}],"curies":[{"name":"wp","href":"https:\/\/api.w.org\/{rel}","templated":true}]}}