{"id":340013,"date":"2016-07-13T18:03:00","date_gmt":"2016-07-13T17:03:00","guid":{"rendered":"http:\/\/www.pressenza.com\/pt-pt\/?p=340013"},"modified":"2016-07-14T02:15:50","modified_gmt":"2016-07-14T01:15:50","slug":"jornalistas-debatem-profissao-zonas-conflito","status":"publish","type":"post","link":"https:\/\/www.pressenza.com\/pt-pt\/2016\/07\/jornalistas-debatem-profissao-zonas-conflito\/","title":{"rendered":"Jornalistas debatem profiss\u00e3o em zonas de conflito"},"content":{"rendered":"<p class=\"western\">No s\u00e1bado (09), durante o VII F\u00f3rum Social Mundial das Migra\u00e7\u00f5es, a QuatroV \u2013 4V e a ag\u00eancia de not\u00edcias Pressenza organizaram um debate sobre o jornalismo em zonas de conflitos com o objetivo de valorizar o trabalho dos profissionais da imprensa que arriscam a pr\u00f3pria vida denunciando viola\u00e7\u00f5es de direitos humanos em guerras e enfrentamentos civis.<\/p>\n<p class=\"western\">Mediado pela jornalista e apresentadora da QuatroV \u2013 4V, Renata Forn\u00e9, o debate contou com a presen\u00e7a do fotojornalista, Joel Silva, e da jornalista da Folha de S\u00e3o Paulo, Patr\u00edcia Campos Mello.<\/p>\n<p class=\"western\">Joel Silva, que j\u00e1 cobriu conflitos armados na Am\u00e9rica Latina, \u00c1frica e Oriente M\u00e9dio, afirma que: \u201cA nossa fun\u00e7\u00e3o \u00e9 descer ao por\u00e3o da sociedade e mostrar o que ela n\u00e3o quer ver\u201d. \u201cQuando a m\u00eddia entra em uma zona de conflito a visibilidade aumenta\u201d.<\/p>\n<p class=\"western\">Embora o trabalho enfrente in\u00fameras dificuldades, como risco \u00e0 integridade f\u00edsica, inseguran\u00e7a jur\u00eddica e persegui\u00e7\u00f5es pol\u00edticas, \u201co jornalista n\u00e3o tem direito a ter medo\u201d, afirma Patr\u00edcia Campos Mello, que esteve na S\u00edria e entrevistou um comandante do Estado Isl\u00e2mico.<\/p>\n<p class=\"western\">O fotojornalista destacou a import\u00e2ncia dos cursos para profissionais da imprensa em zonas de conflito. Joel Silva realizou um treinamento com o ex\u00e9rcito brasileiro e outro em Israel. O conte\u00fado dos cursos \u00e9 bastante diversificado e aborda desde direitos internacionais at\u00e9 o manuseio de armas de fogo.<\/p>\n<p class=\"western\">J\u00e1 Patr\u00edcia, ressaltou a import\u00e2ncia do fixer (arranjador), contratado para auxiliar no trabalho de um correspondente internacional. \u201cMesmo que voc\u00ea fale o idioma, isso n\u00e3o dispensa o fixer, porque ele \u00e9 um tradutor cultural\u201d.<\/p>\n<p class=\"western\"><b>A lente detr\u00e1s das balas<br \/>\n<\/b>Ser atingido na cabe\u00e7a por um tiro de rasp\u00e3o, no Egito, no auge da Primavera \u00c1rabe, n\u00e3o desencorajou Joel Silva. \u201cO conflito mais pesado foi na L\u00edbia\u201d, comenta.<\/p>\n<p class=\"western\">O fotojornalista iniciou o trabalho em zonas de conflito seguindo o roteiro das drogas nas periferias de S\u00e3o Paulo. Neste per\u00edodo, Joel Silva foi \u00e0 Col\u00f4mbia (maior produtor de coca\u00edna do mundo) onde ficou 20 dias com narcoguerrilheiros.<\/p>\n<p class=\"western\">As lentes de um fotojornalista precisam estar sempre atentas a todos os cen\u00e1rios da guerra. \u201cMuitas vezes voc\u00ea n\u00e3o consegue acessar as zonas de conflitos ent\u00e3o voc\u00ea consegue informa\u00e7\u00f5es com quem veio de l\u00e1. Nos hospitais, por exemplo\u201d, explica Joel.<\/p>\n<p class=\"western\">Embora esteja pr\u00f3ximo das batalhas, em meio ao fogo cruzado, o jornalista precisa se informar do que est\u00e1 acontecendo ao seu redor atrav\u00e9s de meios de comunica\u00e7\u00e3o internacional. \u201cQuando voc\u00ea entra em uma zona de conflito fica isolado do mundo\u201d, conta o fotojornalista.<\/p>\n<p class=\"western\"><b>A cidade do menino Aylan Kurdi<br \/>\n<\/b>Em setembro do ano passado uma imagem chocou o mundo. A foto do menino Aylan Kurdi, 3, morto em uma praia turca acendeu o debate sobre a crise mundial dos refugiados, principalmente dos s\u00edrios que enfrentam a opress\u00e3o do presidente Bashar al-Assad, o Estado Isl\u00e2mico, rebeldes e constantes bombardeios de for\u00e7as a\u00e9reas internacionais.<\/p>\n<p class=\"western\">A jornalista Patr\u00edcia Campos Mello foi \u00e0 S\u00edria, na cidade onde Aylan nasceu (Kobani), para compreender por que muitos refugiados arriscam-se viajando em botes, em situa\u00e7\u00e3o prec\u00e1ria. \u201cKobani ficou 70% destru\u00edda\u201d, comenta Patr\u00edcia. \u201cQuando o Estado Isl\u00e2mico invadiu Kobani, depois de dois meses os Estados Unidos invadiram e terminaram de destruir a cidade\u201d.<\/p>\n<p class=\"western\">Diante das ru\u00ednas, escassez de rem\u00e9dios e alimentos e conflitos armados, a maioria dos s\u00edrios que possuem os dois mil d\u00f3lares pagos para o coiote (respons\u00e1vel por organizar a travessia pelo mar) prefere arriscar a vida no mar em busca da sobreviv\u00eancia mesmo sabendo dos perigos.<\/p>\n<p class=\"western\">\u201cNa Turquia (pa\u00eds onde os refugiados s\u00edrios embarcam para o ocidente) abriram um cemit\u00e9rio s\u00f3 para quem morreu afogado. J\u00e1 h\u00e1 mais de 500 pessoas enterradas e como n\u00e3o h\u00e1 identifica\u00e7\u00e3o os corpos est\u00e3o apenas com um n\u00famero\u201d, narra a jornalista.<\/p>\n<p class=\"western\">Algumas pessoas se aproveitam da trag\u00e9dia humana, Patr\u00edcia conta que: \u201cna cidade de Izmir (Turquia) h\u00e1 muitas lojas vendendo coletes. Recentemente descobriram uma f\u00e1brica que vendia coletes feitos de papel\u00e3o\u201d.<\/p>\n<p class=\"western\"><b>Confrontos no Brasil<br \/>\n<\/b>Em 2015, o Brasil ocupou a terceira coloca\u00e7\u00e3o no ranking de pa\u00edses mais violentos para jornalistas, segundo o Comit\u00ea Para a Prote\u00e7\u00e3o dos Jornalistas (CPJ). Das 69 mortes de profissionais da imprensa no mundo, seis casos aconteceram no pa\u00eds e outros dois casos est\u00e3o sendo investigados como assassinatos relacionados \u00e0 atividade profissional da v\u00edtima.<\/p>\n<p class=\"western\">O jornalista brasileiro n\u00e3o morre em confronto. Geralmente ap\u00f3s fazerem den\u00fancias \u201cos jornalistas brasileiros s\u00e3o assassinados em execu\u00e7\u00f5es\u201d, afirma Patr\u00edcia.<\/p>\n<p class=\"western\">Joel tamb\u00e9m explica que diferente das zonas de conflitos, o jornalista no Brasil \u00e9 ref\u00e9m de todos os lados: \u201cQuando voc\u00ea est\u00e1 em um morro ou em uma manifesta\u00e7\u00e3o qualquer um pode jogar uma garrafa em voc\u00ea\u201d.<\/p>\n<p class=\"western\">Durante o debate, os participantes levantaram a quest\u00e3o da viol\u00eancia do estado nas periferias brasileiras e em locais afastados o que inibe a atividade profissional do jornalista. No pa\u00eds, n\u00e3o \u00e9 raro assistir a jornalistas serem agredidos por policiais civis e militares e at\u00e9 serem conduzidos \u00e0 delegacia por exercerem a sua profiss\u00e3o.<\/p>\n<p class=\"western\">Texto: Leandro Sena Lara<\/p>\n<p class=\"western\">Foto: Leandro Sena Lara<\/p>\n","protected":false},"excerpt":{"rendered":"<p>No s\u00e1bado (09), durante o VII F\u00f3rum Social Mundial das Migra\u00e7\u00f5es, a QuatroV \u2013 4V e a ag\u00eancia de not\u00edcias Pressenza organizaram um debate sobre o jornalismo em zonas de conflitos com o objetivo de valorizar o trabalho dos profissionais&hellip;<\/p>\n","protected":false},"author":44,"featured_media":340014,"comment_status":"closed","ping_status":"closed","sticky":false,"template":"","format":"standard","meta":{"footnotes":""},"categories":[113,11390,116,42],"tags":[26744,5916,25802,27505,11597,18930],"class_list":["post-340013","post","type-post","status-publish","format-standard","has-post-thumbnail","hentry","category-noticias-do-exterior","category-conteudo-original","category-direitos-humanos","category-internacional-2","tag-conflitos","tag-debate","tag-fsmm","tag-fsmm2016","tag-guerras","tag-jornalismo"],"yoast_head":"<!-- This site is optimized with the Yoast SEO plugin v27.1.1 - https:\/\/yoast.com\/product\/yoast-seo-wordpress\/ -->\n<title>Jornalistas debatem profiss\u00e3o em zonas de conflito<\/title>\n<meta name=\"description\" content=\"No s\u00e1bado (09), durante o VII F\u00f3rum Social Mundial das Migra\u00e7\u00f5es, a QuatroV \u2013 4V e a ag\u00eancia de not\u00edcias Pressenza organizaram um debate sobre o\" \/>\n<meta name=\"robots\" content=\"index, follow, max-snippet:-1, max-image-preview:large, max-video-preview:-1\" \/>\n<link rel=\"canonical\" href=\"https:\/\/www.pressenza.com\/pt-pt\/2016\/07\/jornalistas-debatem-profissao-zonas-conflito\/\" \/>\n<meta property=\"og:locale\" content=\"pt_PT\" \/>\n<meta property=\"og:type\" content=\"article\" \/>\n<meta property=\"og:title\" content=\"Jornalistas debatem profiss\u00e3o em zonas de conflito\" \/>\n<meta property=\"og:description\" content=\"No s\u00e1bado (09), durante o VII F\u00f3rum Social Mundial das Migra\u00e7\u00f5es, a QuatroV \u2013 4V e a ag\u00eancia de not\u00edcias Pressenza organizaram um debate sobre o\" \/>\n<meta property=\"og:url\" content=\"https:\/\/www.pressenza.com\/pt-pt\/2016\/07\/jornalistas-debatem-profissao-zonas-conflito\/\" \/>\n<meta property=\"og:site_name\" content=\"Pressenza\" \/>\n<meta property=\"article:publisher\" content=\"https:\/\/www.facebook.com\/PressenzaItalia\" \/>\n<meta property=\"article:author\" content=\"https:\/\/www.facebook.com\/PressenzaPortugues\" \/>\n<meta property=\"article:published_time\" content=\"2016-07-13T17:03:00+00:00\" \/>\n<meta property=\"article:modified_time\" content=\"2016-07-14T01:15:50+00:00\" \/>\n<meta property=\"og:image\" content=\"https:\/\/www.pressenza.com\/wp-content\/uploads\/2016\/07\/20160709_120636.jpg\" \/>\n\t<meta property=\"og:image:width\" content=\"3264\" \/>\n\t<meta property=\"og:image:height\" content=\"1836\" \/>\n\t<meta property=\"og:image:type\" content=\"image\/jpeg\" \/>\n<meta name=\"author\" content=\"Reda\u00e7\u00e3o S\u00e3o Paulo\" \/>\n<meta name=\"twitter:card\" content=\"summary_large_image\" \/>\n<meta name=\"twitter:creator\" content=\"@pressenza_pt\" \/>\n<meta name=\"twitter:site\" content=\"@PressenzaIPA\" \/>\n<meta name=\"twitter:label1\" content=\"Escrito por\" \/>\n\t<meta name=\"twitter:data1\" content=\"Reda\u00e7\u00e3o S\u00e3o Paulo\" \/>\n\t<meta name=\"twitter:label2\" content=\"Tempo estimado de leitura\" \/>\n\t<meta name=\"twitter:data2\" content=\"4 minutos\" \/>\n<script type=\"application\/ld+json\" class=\"yoast-schema-graph\">{\"@context\":\"https:\/\/schema.org\",\"@graph\":[{\"@type\":\"Article\",\"@id\":\"https:\/\/www.pressenza.com\/pt-pt\/2016\/07\/jornalistas-debatem-profissao-zonas-conflito\/#article\",\"isPartOf\":{\"@id\":\"https:\/\/www.pressenza.com\/pt-pt\/2016\/07\/jornalistas-debatem-profissao-zonas-conflito\/\"},\"author\":{\"name\":\"Reda\u00e7\u00e3o S\u00e3o Paulo\",\"@id\":\"https:\/\/www.pressenza.com\/pt-pt\/#\/schema\/person\/d171826afb7693cfc394da95892bfd93\"},\"headline\":\"Jornalistas debatem profiss\u00e3o em zonas de conflito\",\"datePublished\":\"2016-07-13T17:03:00+00:00\",\"dateModified\":\"2016-07-14T01:15:50+00:00\",\"mainEntityOfPage\":{\"@id\":\"https:\/\/www.pressenza.com\/pt-pt\/2016\/07\/jornalistas-debatem-profissao-zonas-conflito\/\"},\"wordCount\":898,\"publisher\":{\"@id\":\"https:\/\/www.pressenza.com\/pt-pt\/#organization\"},\"image\":{\"@id\":\"https:\/\/www.pressenza.com\/pt-pt\/2016\/07\/jornalistas-debatem-profissao-zonas-conflito\/#primaryimage\"},\"thumbnailUrl\":\"https:\/\/www.pressenza.com\/wp-content\/uploads\/2016\/07\/20160709_120636.jpg\",\"keywords\":[\"conflitos\",\"debate\",\"FSMM\",\"fsmm2016\",\"guerras\",\"jornalismo\"],\"articleSection\":[\"Assuntos internacionais\",\"Conte\u00fado Original\",\"Direitos Humanos\",\"Internacional\"],\"inLanguage\":\"pt-PT\"},{\"@type\":\"WebPage\",\"@id\":\"https:\/\/www.pressenza.com\/pt-pt\/2016\/07\/jornalistas-debatem-profissao-zonas-conflito\/\",\"url\":\"https:\/\/www.pressenza.com\/pt-pt\/2016\/07\/jornalistas-debatem-profissao-zonas-conflito\/\",\"name\":\"Jornalistas debatem profiss\u00e3o em zonas de conflito\",\"isPartOf\":{\"@id\":\"https:\/\/www.pressenza.com\/pt-pt\/#website\"},\"primaryImageOfPage\":{\"@id\":\"https:\/\/www.pressenza.com\/pt-pt\/2016\/07\/jornalistas-debatem-profissao-zonas-conflito\/#primaryimage\"},\"image\":{\"@id\":\"https:\/\/www.pressenza.com\/pt-pt\/2016\/07\/jornalistas-debatem-profissao-zonas-conflito\/#primaryimage\"},\"thumbnailUrl\":\"https:\/\/www.pressenza.com\/wp-content\/uploads\/2016\/07\/20160709_120636.jpg\",\"datePublished\":\"2016-07-13T17:03:00+00:00\",\"dateModified\":\"2016-07-14T01:15:50+00:00\",\"description\":\"No s\u00e1bado (09), durante o VII F\u00f3rum Social Mundial das Migra\u00e7\u00f5es, a QuatroV \u2013 4V e a ag\u00eancia de not\u00edcias Pressenza organizaram um debate sobre o\",\"breadcrumb\":{\"@id\":\"https:\/\/www.pressenza.com\/pt-pt\/2016\/07\/jornalistas-debatem-profissao-zonas-conflito\/#breadcrumb\"},\"inLanguage\":\"pt-PT\",\"potentialAction\":[{\"@type\":\"ReadAction\",\"target\":[\"https:\/\/www.pressenza.com\/pt-pt\/2016\/07\/jornalistas-debatem-profissao-zonas-conflito\/\"]}]},{\"@type\":\"ImageObject\",\"inLanguage\":\"pt-PT\",\"@id\":\"https:\/\/www.pressenza.com\/pt-pt\/2016\/07\/jornalistas-debatem-profissao-zonas-conflito\/#primaryimage\",\"url\":\"https:\/\/www.pressenza.com\/wp-content\/uploads\/2016\/07\/20160709_120636.jpg\",\"contentUrl\":\"https:\/\/www.pressenza.com\/wp-content\/uploads\/2016\/07\/20160709_120636.jpg\",\"width\":3264,\"height\":1836},{\"@type\":\"BreadcrumbList\",\"@id\":\"https:\/\/www.pressenza.com\/pt-pt\/2016\/07\/jornalistas-debatem-profissao-zonas-conflito\/#breadcrumb\",\"itemListElement\":[{\"@type\":\"ListItem\",\"position\":1,\"name\":\"Accueil\",\"item\":\"https:\/\/www.pressenza.com\/pt-pt\/\"},{\"@type\":\"ListItem\",\"position\":2,\"name\":\"Jornalistas debatem profiss\u00e3o em zonas de conflito\"}]},{\"@type\":\"WebSite\",\"@id\":\"https:\/\/www.pressenza.com\/pt-pt\/#website\",\"url\":\"https:\/\/www.pressenza.com\/pt-pt\/\",\"name\":\"Pressenza\",\"description\":\"International Press Agency\",\"publisher\":{\"@id\":\"https:\/\/www.pressenza.com\/pt-pt\/#organization\"},\"potentialAction\":[{\"@type\":\"SearchAction\",\"target\":{\"@type\":\"EntryPoint\",\"urlTemplate\":\"https:\/\/www.pressenza.com\/pt-pt\/?s={search_term_string}\"},\"query-input\":{\"@type\":\"PropertyValueSpecification\",\"valueRequired\":true,\"valueName\":\"search_term_string\"}}],\"inLanguage\":\"pt-PT\"},{\"@type\":\"Organization\",\"@id\":\"https:\/\/www.pressenza.com\/pt-pt\/#organization\",\"name\":\"Pressenza\",\"url\":\"https:\/\/www.pressenza.com\/pt-pt\/\",\"logo\":{\"@type\":\"ImageObject\",\"inLanguage\":\"pt-PT\",\"@id\":\"https:\/\/www.pressenza.com\/pt-pt\/#\/schema\/logo\/image\/\",\"url\":\"https:\/\/www.pressenza.com\/wp-content\/uploads\/2022\/10\/pressenza_logo_200x200.jpg\",\"contentUrl\":\"https:\/\/www.pressenza.com\/wp-content\/uploads\/2022\/10\/pressenza_logo_200x200.jpg\",\"width\":200,\"height\":200,\"caption\":\"Pressenza\"},\"image\":{\"@id\":\"https:\/\/www.pressenza.com\/pt-pt\/#\/schema\/logo\/image\/\"},\"sameAs\":[\"https:\/\/www.facebook.com\/PressenzaItalia\",\"https:\/\/x.com\/PressenzaIPA\"]},{\"@type\":\"Person\",\"@id\":\"https:\/\/www.pressenza.com\/pt-pt\/#\/schema\/person\/d171826afb7693cfc394da95892bfd93\",\"name\":\"Reda\u00e7\u00e3o S\u00e3o Paulo\",\"description\":\"News from the Pressenza bureau in Sao Paulo, Brazil\",\"sameAs\":[\"https:\/\/www.facebook.com\/PressenzaPortugues\",\"https:\/\/x.com\/pressenza_pt\"],\"url\":\"https:\/\/www.pressenza.com\/pt-pt\/author\/redaccao-sao-paulo\/\"}]}<\/script>\n<!-- \/ Yoast SEO plugin. -->","yoast_head_json":{"title":"Jornalistas debatem profiss\u00e3o em zonas de conflito","description":"No s\u00e1bado (09), durante o VII F\u00f3rum Social Mundial das Migra\u00e7\u00f5es, a QuatroV \u2013 4V e a ag\u00eancia de not\u00edcias Pressenza organizaram um debate sobre o","robots":{"index":"index","follow":"follow","max-snippet":"max-snippet:-1","max-image-preview":"max-image-preview:large","max-video-preview":"max-video-preview:-1"},"canonical":"https:\/\/www.pressenza.com\/pt-pt\/2016\/07\/jornalistas-debatem-profissao-zonas-conflito\/","og_locale":"pt_PT","og_type":"article","og_title":"Jornalistas debatem profiss\u00e3o em zonas de conflito","og_description":"No s\u00e1bado (09), durante o VII F\u00f3rum Social Mundial das Migra\u00e7\u00f5es, a QuatroV \u2013 4V e a ag\u00eancia de not\u00edcias Pressenza organizaram um debate sobre o","og_url":"https:\/\/www.pressenza.com\/pt-pt\/2016\/07\/jornalistas-debatem-profissao-zonas-conflito\/","og_site_name":"Pressenza","article_publisher":"https:\/\/www.facebook.com\/PressenzaItalia","article_author":"https:\/\/www.facebook.com\/PressenzaPortugues","article_published_time":"2016-07-13T17:03:00+00:00","article_modified_time":"2016-07-14T01:15:50+00:00","og_image":[{"width":3264,"height":1836,"url":"https:\/\/www.pressenza.com\/wp-content\/uploads\/2016\/07\/20160709_120636.jpg","type":"image\/jpeg"}],"author":"Reda\u00e7\u00e3o S\u00e3o Paulo","twitter_card":"summary_large_image","twitter_creator":"@pressenza_pt","twitter_site":"@PressenzaIPA","twitter_misc":{"Escrito por":"Reda\u00e7\u00e3o S\u00e3o Paulo","Tempo estimado de leitura":"4 minutos"},"schema":{"@context":"https:\/\/schema.org","@graph":[{"@type":"Article","@id":"https:\/\/www.pressenza.com\/pt-pt\/2016\/07\/jornalistas-debatem-profissao-zonas-conflito\/#article","isPartOf":{"@id":"https:\/\/www.pressenza.com\/pt-pt\/2016\/07\/jornalistas-debatem-profissao-zonas-conflito\/"},"author":{"name":"Reda\u00e7\u00e3o S\u00e3o Paulo","@id":"https:\/\/www.pressenza.com\/pt-pt\/#\/schema\/person\/d171826afb7693cfc394da95892bfd93"},"headline":"Jornalistas debatem profiss\u00e3o em zonas de conflito","datePublished":"2016-07-13T17:03:00+00:00","dateModified":"2016-07-14T01:15:50+00:00","mainEntityOfPage":{"@id":"https:\/\/www.pressenza.com\/pt-pt\/2016\/07\/jornalistas-debatem-profissao-zonas-conflito\/"},"wordCount":898,"publisher":{"@id":"https:\/\/www.pressenza.com\/pt-pt\/#organization"},"image":{"@id":"https:\/\/www.pressenza.com\/pt-pt\/2016\/07\/jornalistas-debatem-profissao-zonas-conflito\/#primaryimage"},"thumbnailUrl":"https:\/\/www.pressenza.com\/wp-content\/uploads\/2016\/07\/20160709_120636.jpg","keywords":["conflitos","debate","FSMM","fsmm2016","guerras","jornalismo"],"articleSection":["Assuntos internacionais","Conte\u00fado Original","Direitos Humanos","Internacional"],"inLanguage":"pt-PT"},{"@type":"WebPage","@id":"https:\/\/www.pressenza.com\/pt-pt\/2016\/07\/jornalistas-debatem-profissao-zonas-conflito\/","url":"https:\/\/www.pressenza.com\/pt-pt\/2016\/07\/jornalistas-debatem-profissao-zonas-conflito\/","name":"Jornalistas debatem profiss\u00e3o em zonas de conflito","isPartOf":{"@id":"https:\/\/www.pressenza.com\/pt-pt\/#website"},"primaryImageOfPage":{"@id":"https:\/\/www.pressenza.com\/pt-pt\/2016\/07\/jornalistas-debatem-profissao-zonas-conflito\/#primaryimage"},"image":{"@id":"https:\/\/www.pressenza.com\/pt-pt\/2016\/07\/jornalistas-debatem-profissao-zonas-conflito\/#primaryimage"},"thumbnailUrl":"https:\/\/www.pressenza.com\/wp-content\/uploads\/2016\/07\/20160709_120636.jpg","datePublished":"2016-07-13T17:03:00+00:00","dateModified":"2016-07-14T01:15:50+00:00","description":"No s\u00e1bado (09), durante o VII F\u00f3rum Social Mundial das Migra\u00e7\u00f5es, a QuatroV \u2013 4V e a ag\u00eancia de not\u00edcias Pressenza organizaram um debate sobre o","breadcrumb":{"@id":"https:\/\/www.pressenza.com\/pt-pt\/2016\/07\/jornalistas-debatem-profissao-zonas-conflito\/#breadcrumb"},"inLanguage":"pt-PT","potentialAction":[{"@type":"ReadAction","target":["https:\/\/www.pressenza.com\/pt-pt\/2016\/07\/jornalistas-debatem-profissao-zonas-conflito\/"]}]},{"@type":"ImageObject","inLanguage":"pt-PT","@id":"https:\/\/www.pressenza.com\/pt-pt\/2016\/07\/jornalistas-debatem-profissao-zonas-conflito\/#primaryimage","url":"https:\/\/www.pressenza.com\/wp-content\/uploads\/2016\/07\/20160709_120636.jpg","contentUrl":"https:\/\/www.pressenza.com\/wp-content\/uploads\/2016\/07\/20160709_120636.jpg","width":3264,"height":1836},{"@type":"BreadcrumbList","@id":"https:\/\/www.pressenza.com\/pt-pt\/2016\/07\/jornalistas-debatem-profissao-zonas-conflito\/#breadcrumb","itemListElement":[{"@type":"ListItem","position":1,"name":"Accueil","item":"https:\/\/www.pressenza.com\/pt-pt\/"},{"@type":"ListItem","position":2,"name":"Jornalistas debatem profiss\u00e3o em zonas de conflito"}]},{"@type":"WebSite","@id":"https:\/\/www.pressenza.com\/pt-pt\/#website","url":"https:\/\/www.pressenza.com\/pt-pt\/","name":"Pressenza","description":"International Press Agency","publisher":{"@id":"https:\/\/www.pressenza.com\/pt-pt\/#organization"},"potentialAction":[{"@type":"SearchAction","target":{"@type":"EntryPoint","urlTemplate":"https:\/\/www.pressenza.com\/pt-pt\/?s={search_term_string}"},"query-input":{"@type":"PropertyValueSpecification","valueRequired":true,"valueName":"search_term_string"}}],"inLanguage":"pt-PT"},{"@type":"Organization","@id":"https:\/\/www.pressenza.com\/pt-pt\/#organization","name":"Pressenza","url":"https:\/\/www.pressenza.com\/pt-pt\/","logo":{"@type":"ImageObject","inLanguage":"pt-PT","@id":"https:\/\/www.pressenza.com\/pt-pt\/#\/schema\/logo\/image\/","url":"https:\/\/www.pressenza.com\/wp-content\/uploads\/2022\/10\/pressenza_logo_200x200.jpg","contentUrl":"https:\/\/www.pressenza.com\/wp-content\/uploads\/2022\/10\/pressenza_logo_200x200.jpg","width":200,"height":200,"caption":"Pressenza"},"image":{"@id":"https:\/\/www.pressenza.com\/pt-pt\/#\/schema\/logo\/image\/"},"sameAs":["https:\/\/www.facebook.com\/PressenzaItalia","https:\/\/x.com\/PressenzaIPA"]},{"@type":"Person","@id":"https:\/\/www.pressenza.com\/pt-pt\/#\/schema\/person\/d171826afb7693cfc394da95892bfd93","name":"Reda\u00e7\u00e3o S\u00e3o Paulo","description":"News from the Pressenza bureau in Sao Paulo, Brazil","sameAs":["https:\/\/www.facebook.com\/PressenzaPortugues","https:\/\/x.com\/pressenza_pt"],"url":"https:\/\/www.pressenza.com\/pt-pt\/author\/redaccao-sao-paulo\/"}]}},"place":"","original_article_url":"","_links":{"self":[{"href":"https:\/\/www.pressenza.com\/pt-pt\/wp-json\/wp\/v2\/posts\/340013","targetHints":{"allow":["GET"]}}],"collection":[{"href":"https:\/\/www.pressenza.com\/pt-pt\/wp-json\/wp\/v2\/posts"}],"about":[{"href":"https:\/\/www.pressenza.com\/pt-pt\/wp-json\/wp\/v2\/types\/post"}],"author":[{"embeddable":true,"href":"https:\/\/www.pressenza.com\/pt-pt\/wp-json\/wp\/v2\/users\/44"}],"replies":[{"embeddable":true,"href":"https:\/\/www.pressenza.com\/pt-pt\/wp-json\/wp\/v2\/comments?post=340013"}],"version-history":[{"count":0,"href":"https:\/\/www.pressenza.com\/pt-pt\/wp-json\/wp\/v2\/posts\/340013\/revisions"}],"wp:featuredmedia":[{"embeddable":true,"href":"https:\/\/www.pressenza.com\/pt-pt\/wp-json\/wp\/v2\/media\/340014"}],"wp:attachment":[{"href":"https:\/\/www.pressenza.com\/pt-pt\/wp-json\/wp\/v2\/media?parent=340013"}],"wp:term":[{"taxonomy":"category","embeddable":true,"href":"https:\/\/www.pressenza.com\/pt-pt\/wp-json\/wp\/v2\/categories?post=340013"},{"taxonomy":"post_tag","embeddable":true,"href":"https:\/\/www.pressenza.com\/pt-pt\/wp-json\/wp\/v2\/tags?post=340013"}],"curies":[{"name":"wp","href":"https:\/\/api.w.org\/{rel}","templated":true}]}}