{"id":338975,"date":"2016-07-10T03:57:24","date_gmt":"2016-07-10T02:57:24","guid":{"rendered":"http:\/\/www.pressenza.com\/pt-pt\/?p=338975"},"modified":"2016-07-12T15:29:25","modified_gmt":"2016-07-12T14:29:25","slug":"manifesto-frente-de-mulheres-imigrantes-e-refugiadas-fsmm-2016","status":"publish","type":"post","link":"https:\/\/www.pressenza.com\/pt-pt\/2016\/07\/manifesto-frente-de-mulheres-imigrantes-e-refugiadas-fsmm-2016\/","title":{"rendered":"Manifesto frente de mulheres imigrantes e refugiadas para o f\u00f3rum social das  migra\u00e7\u00f5es 2016"},"content":{"rendered":"<p>&#8220;Primeiramente fora Temer!<\/p>\n<p>Presenciamos atualmente no F\u00f3rum Social Mundial das Migra\u00e7\u00f5es um momento\u00a0delicado para o Brasil, um golpe de Estado. Isto representa muito retrocesso em\u00a0v\u00e1rios \u00e2mbitos de nossas vidas. Para a comunidade imigrante e refugiada\u00a0representa um aumento na restri\u00e7\u00e3o de liberdades pol\u00edticas, aumento do discurso\u00a0de \u00f3dio e aprofundamento e reafirma\u00e7\u00e3o do capitalismo. Em termos concretos, isso\u00a0reflete na criminaliza\u00e7\u00e3o de mobiliza\u00e7\u00f5es pol\u00edticas de imigrantes e refugiados,\u00a0precariza\u00e7\u00e3o do trabalho e tr\u00e1fico de pessoas, bem como, reformas nos setores da\u00a0educa\u00e7\u00e3o e sa\u00fade que v\u00e3o em contra dos direitos sociais em um governo interino\u00a0formado na sua maioria por homens brasileiros, brancos, heterossexuais e\u00a0pertencentes \u00e0 classe dominante. \u00c9 importante dizer que isso afeta profundamente\u00a0a mulher imigrante.<\/p>\n<p>Assim, \u00e9 preciso falar de g\u00eanero nas migra\u00e7\u00f5es. As mulheres que migram s\u00e3o\u00a0expostas a riscos derivados de circunst\u00e2ncias mais graves que os homens, por\u00a0serem mulheres, em sua maioria, jovens e pobres. Estar em outro pa\u00eds gera o\u00a0isolamento de nossas culturas, redes familiares e sociais, situa\u00e7\u00f5es que provocam\u00a0incertezas e maior vulnerabilidade.<\/p>\n<p>Pensando e lutando por isso a Frente de Mulheres Imigrantes fez um abaixo-\u00a0assinado para exigir ao f\u00f3rum a cria\u00e7\u00e3o de um eixo, o Eixo 3 \u201cMigra\u00e7\u00e3o, G\u00eanero e\u00a0Corpo\u201d que visibilizasse melhor essa discuss\u00e3o e tamb\u00e9m que este evento se\u00a0comprometesse com a igualdade de g\u00eanero em todas suas atividades, onde as\u00a0mulheres imigrantes sejam tamb\u00e9m as protagonistas. Algo que foi cobrado at\u00e9 o\u00a0final por n\u00f3s.<\/p>\n<p>Quando falamos da import\u00e2ncia de se falar g\u00eanero nas migra\u00e7\u00f5es e de abrir\u00a0espa\u00e7os de visibilidade e protagonismo das mulheres imigrantes, n\u00e3o somente\u00a0falamos de mulheres heterossexuais, mas tamb\u00e9m de todas as pessoas dissidentes\u00a0de g\u00eaneros como as mulheres l\u00e9sbicas, mulheres e homens trans. N\u00f3s como Frente\u00a0combatemos toda e qualquer forma de LGBTfobia, bem como a xenofobia, o\u00a0racismo e mandamos toda a nossa solidariedade para a popula\u00e7\u00e3o pobre, preta e\u00a0perif\u00e9rica.<\/p>\n<p>Este Frente de Mulheres Imigrantes surgiu no percurso do ano 2013 como um bloco\u00a0espec\u00edfico dentro da Marcha de Imigrantes que acontece cada ano na cidade de S\u00e3o\u00a0Paulo, a partir da\u00ed nos mobilizamos e constru\u00edmos um movimento de mulheres\u00a0imigrantes e refugiadas de diferentes coletivos que se manifestam e posicionam em\u00a0conjunturas pol\u00edticas em prol dos direitos das mulheres imigrantes e refugiadas,\u00a0lutando por ter maior visibilidade e espa\u00e7os de protagonismo.<\/p>\n<p>Desse modo, exigimos uma legisla\u00e7\u00e3o inclusiva que enfoque direitos de g\u00eanero e\u00a0multiculturalidade com pol\u00edticas que garantam tratamento digno e respeitoso nos\u00a0equipamentos p\u00fablicos; que extingam a xenofobia e apoiem a integra\u00e7\u00e3o da mulher\u00a0e da comunidade imigrante.<\/p>\n<p>Revindicamos campanhas de informa\u00e7\u00e3o e sensibiliza\u00e7\u00e3o com rela\u00e7\u00e3o comunidade\u00a0imigrante a fim de favorecer o seu empoderamento e que modifique a cultura\u00a0xenof\u00f3bica da popula\u00e7\u00e3o brasileira.<\/p>\n<p>Exigimos ao F\u00f3rum Social Mundial de Migra\u00e7\u00f5es que se comprometa a manter o\u00a0EIXO 3 \u201cMigra\u00e7\u00e3o, G\u00eanero e Corpo\u201d, como um eixo de trabalho fixo para os\u00a0pr\u00f3ximos f\u00f3runs, de forma que possa garantir tamb\u00e9m visibilidade e espa\u00e7os de\u00a0protagonismo para as mulheres em toda a organiza\u00e7\u00e3o do evento.<\/p>\n<p>Adicionalmente, estamos aqui para gritar BASTA DE VIOL\u00caNCIA CONTRA A MULHER\u00a0IMIGRANTE E REFUGIADA!&#8221;<\/p>\n<p>Representante: basta de viol\u00eancia contra a mulher imigrante e refugiada!<\/p>\n<p>Coletivo: basta!<\/p>\n<p>Representante: basta de viol\u00eancia contra todas as mulheres do mundo!<\/p>\n<p>Coletivo: basta!<\/p>\n<p>Representante: o machismo e a xenofobia n\u00e3o passar\u00e3o!<\/p>\n<p>Coletivo: n\u00e3o passar\u00e3o!<\/p>\n<p>Representante: Pelo compromisso com a equidade de g\u00eanero dentro do F\u00f3rum!<\/p>\n<p>Coletivo: Sim!<\/p>\n<p>Representante: Por maiores espa\u00e7os de protagonismos para as mulheres imigrantes<\/p>\n<p>e refugiadas!<\/p>\n<p>Coletivo: Sim!<\/p>\n<p>Chamamos todos e todas representantes da sociedade civil para se juntar \u00e0 causa<\/p>\n<p>das mulheres imigrantes e refugiadas, que \u00e9 tamb\u00e9m uma causa universal, pois a<\/p>\n<p>humanidade sofre com o machismo e a xenofobia.<\/p>\n<p>Convidamos as mulheres a escrever na faixa de mulheres imigrantes e refugiadas<\/p>\n<p>lutam por&#8230;<\/p>\n<p>Assista o v\u00eddeo da leitura do manifesto.<\/p>\n<p><iframe loading=\"lazy\" src=\"https:\/\/www.facebook.com\/plugins\/video.php?href=https%3A%2F%2Fwww.facebook.com%2FEquipeDeBaseWarmisConvergenciaDasCulturas%2Fvideos%2F577031929124520%2F&#038;show_text=0&#038;width=560\" width=\"560\" height=\"315\" style=\"border:none;overflow:hidden\" scrolling=\"no\" frameborder=\"0\" allowTransparency=\"true\" allowFullScreen=\"true\"><\/iframe><\/p>\n","protected":false},"excerpt":{"rendered":"<p>&#8220;Primeiramente fora Temer! Presenciamos atualmente no F\u00f3rum Social Mundial das Migra\u00e7\u00f5es um momento\u00a0delicado para o Brasil, um golpe de Estado. Isto representa muito retrocesso em\u00a0v\u00e1rios \u00e2mbitos de nossas vidas. Para a comunidade imigrante e refugiada\u00a0representa um aumento na restri\u00e7\u00e3o de&hellip;<\/p>\n","protected":false},"author":44,"featured_media":338986,"comment_status":"closed","ping_status":"closed","sticky":false,"template":"","format":"standard","meta":{"footnotes":""},"categories":[104,113,11390,116,1255,165,111],"tags":[28645,25802,5746,28643],"class_list":["post-338975","post","type-post","status-publish","format-standard","has-post-thumbnail","hentry","category-america-do-sul","category-noticias-do-exterior","category-conteudo-original","category-direitos-humanos","category-diversidade","category-opiniao","category-politica-pt-pt","tag-frente-de-mulheres-imigrantes","tag-fsmm","tag-imigrantes","tag-refugiadas"],"yoast_head":"<!-- This site is optimized with the Yoast SEO plugin v27.1.1 - https:\/\/yoast.com\/product\/yoast-seo-wordpress\/ -->\n<title>Manifesto frente de mulheres imigrantes e refugiadas para o f\u00f3rum social das migra\u00e7\u00f5es 2016<\/title>\n<meta name=\"description\" content=\"&quot;Primeiramente fora Temer! Presenciamos atualmente no F\u00f3rum Social Mundial das Migra\u00e7\u00f5es um momento\u00a0delicado para o Brasil, um golpe de Estado. Isto\" \/>\n<meta name=\"robots\" content=\"index, follow, max-snippet:-1, max-image-preview:large, max-video-preview:-1\" \/>\n<link rel=\"canonical\" href=\"https:\/\/www.pressenza.com\/pt-pt\/2016\/07\/manifesto-frente-de-mulheres-imigrantes-e-refugiadas-fsmm-2016\/\" \/>\n<meta property=\"og:locale\" content=\"pt_PT\" \/>\n<meta property=\"og:type\" content=\"article\" \/>\n<meta property=\"og:title\" content=\"Manifesto frente de mulheres imigrantes e refugiadas para o f\u00f3rum social das migra\u00e7\u00f5es 2016\" \/>\n<meta property=\"og:description\" content=\"&quot;Primeiramente fora Temer! Presenciamos atualmente no F\u00f3rum Social Mundial das Migra\u00e7\u00f5es um momento\u00a0delicado para o Brasil, um golpe de Estado. Isto\" \/>\n<meta property=\"og:url\" content=\"https:\/\/www.pressenza.com\/pt-pt\/2016\/07\/manifesto-frente-de-mulheres-imigrantes-e-refugiadas-fsmm-2016\/\" \/>\n<meta property=\"og:site_name\" content=\"Pressenza\" \/>\n<meta property=\"article:publisher\" content=\"https:\/\/www.facebook.com\/PressenzaItalia\" \/>\n<meta property=\"article:author\" content=\"https:\/\/www.facebook.com\/PressenzaPortugues\" \/>\n<meta property=\"article:published_time\" content=\"2016-07-10T02:57:24+00:00\" \/>\n<meta property=\"article:modified_time\" content=\"2016-07-12T14:29:25+00:00\" \/>\n<meta property=\"og:image\" content=\"https:\/\/www.pressenza.com\/wp-content\/uploads\/2016\/07\/13653390_1142623622458358_6028456668454222758_o.jpg\" \/>\n\t<meta property=\"og:image:width\" content=\"1080\" \/>\n\t<meta property=\"og:image:height\" content=\"608\" \/>\n\t<meta property=\"og:image:type\" content=\"image\/jpeg\" \/>\n<meta name=\"author\" content=\"Reda\u00e7\u00e3o S\u00e3o Paulo\" \/>\n<meta name=\"twitter:card\" content=\"summary_large_image\" \/>\n<meta name=\"twitter:creator\" content=\"@pressenza_pt\" \/>\n<meta name=\"twitter:site\" content=\"@PressenzaIPA\" \/>\n<meta name=\"twitter:label1\" content=\"Escrito por\" \/>\n\t<meta name=\"twitter:data1\" content=\"Reda\u00e7\u00e3o S\u00e3o Paulo\" \/>\n\t<meta name=\"twitter:label2\" content=\"Tempo estimado de leitura\" \/>\n\t<meta name=\"twitter:data2\" content=\"4 minutos\" \/>\n<script type=\"application\/ld+json\" class=\"yoast-schema-graph\">{\"@context\":\"https:\/\/schema.org\",\"@graph\":[{\"@type\":\"Article\",\"@id\":\"https:\/\/www.pressenza.com\/pt-pt\/2016\/07\/manifesto-frente-de-mulheres-imigrantes-e-refugiadas-fsmm-2016\/#article\",\"isPartOf\":{\"@id\":\"https:\/\/www.pressenza.com\/pt-pt\/2016\/07\/manifesto-frente-de-mulheres-imigrantes-e-refugiadas-fsmm-2016\/\"},\"author\":{\"name\":\"Reda\u00e7\u00e3o S\u00e3o Paulo\",\"@id\":\"https:\/\/www.pressenza.com\/pt-pt\/#\/schema\/person\/d171826afb7693cfc394da95892bfd93\"},\"headline\":\"Manifesto frente de mulheres imigrantes e refugiadas para o f\u00f3rum social das migra\u00e7\u00f5es 2016\",\"datePublished\":\"2016-07-10T02:57:24+00:00\",\"dateModified\":\"2016-07-12T14:29:25+00:00\",\"mainEntityOfPage\":{\"@id\":\"https:\/\/www.pressenza.com\/pt-pt\/2016\/07\/manifesto-frente-de-mulheres-imigrantes-e-refugiadas-fsmm-2016\/\"},\"wordCount\":715,\"publisher\":{\"@id\":\"https:\/\/www.pressenza.com\/pt-pt\/#organization\"},\"image\":{\"@id\":\"https:\/\/www.pressenza.com\/pt-pt\/2016\/07\/manifesto-frente-de-mulheres-imigrantes-e-refugiadas-fsmm-2016\/#primaryimage\"},\"thumbnailUrl\":\"https:\/\/www.pressenza.com\/wp-content\/uploads\/2016\/07\/13653390_1142623622458358_6028456668454222758_o.jpg\",\"keywords\":[\"frente de mulheres imigrantes\",\"FSMM\",\"imigrantes\",\"refugiadas\"],\"articleSection\":[\"\u00c1m\u00e9rica do Sul\",\"Assuntos internacionais\",\"Conte\u00fado Original\",\"Direitos Humanos\",\"Diversidade\",\"Opini\u00e3o\",\"Pol\u00edtica\"],\"inLanguage\":\"pt-PT\"},{\"@type\":\"WebPage\",\"@id\":\"https:\/\/www.pressenza.com\/pt-pt\/2016\/07\/manifesto-frente-de-mulheres-imigrantes-e-refugiadas-fsmm-2016\/\",\"url\":\"https:\/\/www.pressenza.com\/pt-pt\/2016\/07\/manifesto-frente-de-mulheres-imigrantes-e-refugiadas-fsmm-2016\/\",\"name\":\"Manifesto frente de mulheres imigrantes e refugiadas para o f\u00f3rum social das migra\u00e7\u00f5es 2016\",\"isPartOf\":{\"@id\":\"https:\/\/www.pressenza.com\/pt-pt\/#website\"},\"primaryImageOfPage\":{\"@id\":\"https:\/\/www.pressenza.com\/pt-pt\/2016\/07\/manifesto-frente-de-mulheres-imigrantes-e-refugiadas-fsmm-2016\/#primaryimage\"},\"image\":{\"@id\":\"https:\/\/www.pressenza.com\/pt-pt\/2016\/07\/manifesto-frente-de-mulheres-imigrantes-e-refugiadas-fsmm-2016\/#primaryimage\"},\"thumbnailUrl\":\"https:\/\/www.pressenza.com\/wp-content\/uploads\/2016\/07\/13653390_1142623622458358_6028456668454222758_o.jpg\",\"datePublished\":\"2016-07-10T02:57:24+00:00\",\"dateModified\":\"2016-07-12T14:29:25+00:00\",\"description\":\"\\\"Primeiramente fora Temer! Presenciamos atualmente no F\u00f3rum Social Mundial das Migra\u00e7\u00f5es um momento\u00a0delicado para o Brasil, um golpe de Estado. Isto\",\"breadcrumb\":{\"@id\":\"https:\/\/www.pressenza.com\/pt-pt\/2016\/07\/manifesto-frente-de-mulheres-imigrantes-e-refugiadas-fsmm-2016\/#breadcrumb\"},\"inLanguage\":\"pt-PT\",\"potentialAction\":[{\"@type\":\"ReadAction\",\"target\":[\"https:\/\/www.pressenza.com\/pt-pt\/2016\/07\/manifesto-frente-de-mulheres-imigrantes-e-refugiadas-fsmm-2016\/\"]}]},{\"@type\":\"ImageObject\",\"inLanguage\":\"pt-PT\",\"@id\":\"https:\/\/www.pressenza.com\/pt-pt\/2016\/07\/manifesto-frente-de-mulheres-imigrantes-e-refugiadas-fsmm-2016\/#primaryimage\",\"url\":\"https:\/\/www.pressenza.com\/wp-content\/uploads\/2016\/07\/13653390_1142623622458358_6028456668454222758_o.jpg\",\"contentUrl\":\"https:\/\/www.pressenza.com\/wp-content\/uploads\/2016\/07\/13653390_1142623622458358_6028456668454222758_o.jpg\",\"width\":1080,\"height\":608,\"caption\":\"Publicamos aqui o manifesto da Frente de Mulheres Imigrantes lido no FSMM 2016.\"},{\"@type\":\"BreadcrumbList\",\"@id\":\"https:\/\/www.pressenza.com\/pt-pt\/2016\/07\/manifesto-frente-de-mulheres-imigrantes-e-refugiadas-fsmm-2016\/#breadcrumb\",\"itemListElement\":[{\"@type\":\"ListItem\",\"position\":1,\"name\":\"Accueil\",\"item\":\"https:\/\/www.pressenza.com\/pt-pt\/\"},{\"@type\":\"ListItem\",\"position\":2,\"name\":\"Manifesto frente de mulheres imigrantes e refugiadas para o f\u00f3rum social das migra\u00e7\u00f5es 2016\"}]},{\"@type\":\"WebSite\",\"@id\":\"https:\/\/www.pressenza.com\/pt-pt\/#website\",\"url\":\"https:\/\/www.pressenza.com\/pt-pt\/\",\"name\":\"Pressenza\",\"description\":\"International Press Agency\",\"publisher\":{\"@id\":\"https:\/\/www.pressenza.com\/pt-pt\/#organization\"},\"potentialAction\":[{\"@type\":\"SearchAction\",\"target\":{\"@type\":\"EntryPoint\",\"urlTemplate\":\"https:\/\/www.pressenza.com\/pt-pt\/?s={search_term_string}\"},\"query-input\":{\"@type\":\"PropertyValueSpecification\",\"valueRequired\":true,\"valueName\":\"search_term_string\"}}],\"inLanguage\":\"pt-PT\"},{\"@type\":\"Organization\",\"@id\":\"https:\/\/www.pressenza.com\/pt-pt\/#organization\",\"name\":\"Pressenza\",\"url\":\"https:\/\/www.pressenza.com\/pt-pt\/\",\"logo\":{\"@type\":\"ImageObject\",\"inLanguage\":\"pt-PT\",\"@id\":\"https:\/\/www.pressenza.com\/pt-pt\/#\/schema\/logo\/image\/\",\"url\":\"https:\/\/www.pressenza.com\/wp-content\/uploads\/2022\/10\/pressenza_logo_200x200.jpg\",\"contentUrl\":\"https:\/\/www.pressenza.com\/wp-content\/uploads\/2022\/10\/pressenza_logo_200x200.jpg\",\"width\":200,\"height\":200,\"caption\":\"Pressenza\"},\"image\":{\"@id\":\"https:\/\/www.pressenza.com\/pt-pt\/#\/schema\/logo\/image\/\"},\"sameAs\":[\"https:\/\/www.facebook.com\/PressenzaItalia\",\"https:\/\/x.com\/PressenzaIPA\"]},{\"@type\":\"Person\",\"@id\":\"https:\/\/www.pressenza.com\/pt-pt\/#\/schema\/person\/d171826afb7693cfc394da95892bfd93\",\"name\":\"Reda\u00e7\u00e3o S\u00e3o Paulo\",\"description\":\"News from the Pressenza bureau in Sao Paulo, Brazil\",\"sameAs\":[\"https:\/\/www.facebook.com\/PressenzaPortugues\",\"https:\/\/x.com\/pressenza_pt\"],\"url\":\"https:\/\/www.pressenza.com\/pt-pt\/author\/redaccao-sao-paulo\/\"}]}<\/script>\n<!-- \/ Yoast SEO plugin. -->","yoast_head_json":{"title":"Manifesto frente de mulheres imigrantes e refugiadas para o f\u00f3rum social das migra\u00e7\u00f5es 2016","description":"\"Primeiramente fora Temer! Presenciamos atualmente no F\u00f3rum Social Mundial das Migra\u00e7\u00f5es um momento\u00a0delicado para o Brasil, um golpe de Estado. Isto","robots":{"index":"index","follow":"follow","max-snippet":"max-snippet:-1","max-image-preview":"max-image-preview:large","max-video-preview":"max-video-preview:-1"},"canonical":"https:\/\/www.pressenza.com\/pt-pt\/2016\/07\/manifesto-frente-de-mulheres-imigrantes-e-refugiadas-fsmm-2016\/","og_locale":"pt_PT","og_type":"article","og_title":"Manifesto frente de mulheres imigrantes e refugiadas para o f\u00f3rum social das migra\u00e7\u00f5es 2016","og_description":"\"Primeiramente fora Temer! Presenciamos atualmente no F\u00f3rum Social Mundial das Migra\u00e7\u00f5es um momento\u00a0delicado para o Brasil, um golpe de Estado. Isto","og_url":"https:\/\/www.pressenza.com\/pt-pt\/2016\/07\/manifesto-frente-de-mulheres-imigrantes-e-refugiadas-fsmm-2016\/","og_site_name":"Pressenza","article_publisher":"https:\/\/www.facebook.com\/PressenzaItalia","article_author":"https:\/\/www.facebook.com\/PressenzaPortugues","article_published_time":"2016-07-10T02:57:24+00:00","article_modified_time":"2016-07-12T14:29:25+00:00","og_image":[{"width":1080,"height":608,"url":"https:\/\/www.pressenza.com\/wp-content\/uploads\/2016\/07\/13653390_1142623622458358_6028456668454222758_o.jpg","type":"image\/jpeg"}],"author":"Reda\u00e7\u00e3o S\u00e3o Paulo","twitter_card":"summary_large_image","twitter_creator":"@pressenza_pt","twitter_site":"@PressenzaIPA","twitter_misc":{"Escrito por":"Reda\u00e7\u00e3o S\u00e3o Paulo","Tempo estimado de leitura":"4 minutos"},"schema":{"@context":"https:\/\/schema.org","@graph":[{"@type":"Article","@id":"https:\/\/www.pressenza.com\/pt-pt\/2016\/07\/manifesto-frente-de-mulheres-imigrantes-e-refugiadas-fsmm-2016\/#article","isPartOf":{"@id":"https:\/\/www.pressenza.com\/pt-pt\/2016\/07\/manifesto-frente-de-mulheres-imigrantes-e-refugiadas-fsmm-2016\/"},"author":{"name":"Reda\u00e7\u00e3o S\u00e3o Paulo","@id":"https:\/\/www.pressenza.com\/pt-pt\/#\/schema\/person\/d171826afb7693cfc394da95892bfd93"},"headline":"Manifesto frente de mulheres imigrantes e refugiadas para o f\u00f3rum social das migra\u00e7\u00f5es 2016","datePublished":"2016-07-10T02:57:24+00:00","dateModified":"2016-07-12T14:29:25+00:00","mainEntityOfPage":{"@id":"https:\/\/www.pressenza.com\/pt-pt\/2016\/07\/manifesto-frente-de-mulheres-imigrantes-e-refugiadas-fsmm-2016\/"},"wordCount":715,"publisher":{"@id":"https:\/\/www.pressenza.com\/pt-pt\/#organization"},"image":{"@id":"https:\/\/www.pressenza.com\/pt-pt\/2016\/07\/manifesto-frente-de-mulheres-imigrantes-e-refugiadas-fsmm-2016\/#primaryimage"},"thumbnailUrl":"https:\/\/www.pressenza.com\/wp-content\/uploads\/2016\/07\/13653390_1142623622458358_6028456668454222758_o.jpg","keywords":["frente de mulheres imigrantes","FSMM","imigrantes","refugiadas"],"articleSection":["\u00c1m\u00e9rica do Sul","Assuntos internacionais","Conte\u00fado Original","Direitos Humanos","Diversidade","Opini\u00e3o","Pol\u00edtica"],"inLanguage":"pt-PT"},{"@type":"WebPage","@id":"https:\/\/www.pressenza.com\/pt-pt\/2016\/07\/manifesto-frente-de-mulheres-imigrantes-e-refugiadas-fsmm-2016\/","url":"https:\/\/www.pressenza.com\/pt-pt\/2016\/07\/manifesto-frente-de-mulheres-imigrantes-e-refugiadas-fsmm-2016\/","name":"Manifesto frente de mulheres imigrantes e refugiadas para o f\u00f3rum social das migra\u00e7\u00f5es 2016","isPartOf":{"@id":"https:\/\/www.pressenza.com\/pt-pt\/#website"},"primaryImageOfPage":{"@id":"https:\/\/www.pressenza.com\/pt-pt\/2016\/07\/manifesto-frente-de-mulheres-imigrantes-e-refugiadas-fsmm-2016\/#primaryimage"},"image":{"@id":"https:\/\/www.pressenza.com\/pt-pt\/2016\/07\/manifesto-frente-de-mulheres-imigrantes-e-refugiadas-fsmm-2016\/#primaryimage"},"thumbnailUrl":"https:\/\/www.pressenza.com\/wp-content\/uploads\/2016\/07\/13653390_1142623622458358_6028456668454222758_o.jpg","datePublished":"2016-07-10T02:57:24+00:00","dateModified":"2016-07-12T14:29:25+00:00","description":"\"Primeiramente fora Temer! Presenciamos atualmente no F\u00f3rum Social Mundial das Migra\u00e7\u00f5es um momento\u00a0delicado para o Brasil, um golpe de Estado. Isto","breadcrumb":{"@id":"https:\/\/www.pressenza.com\/pt-pt\/2016\/07\/manifesto-frente-de-mulheres-imigrantes-e-refugiadas-fsmm-2016\/#breadcrumb"},"inLanguage":"pt-PT","potentialAction":[{"@type":"ReadAction","target":["https:\/\/www.pressenza.com\/pt-pt\/2016\/07\/manifesto-frente-de-mulheres-imigrantes-e-refugiadas-fsmm-2016\/"]}]},{"@type":"ImageObject","inLanguage":"pt-PT","@id":"https:\/\/www.pressenza.com\/pt-pt\/2016\/07\/manifesto-frente-de-mulheres-imigrantes-e-refugiadas-fsmm-2016\/#primaryimage","url":"https:\/\/www.pressenza.com\/wp-content\/uploads\/2016\/07\/13653390_1142623622458358_6028456668454222758_o.jpg","contentUrl":"https:\/\/www.pressenza.com\/wp-content\/uploads\/2016\/07\/13653390_1142623622458358_6028456668454222758_o.jpg","width":1080,"height":608,"caption":"Publicamos aqui o manifesto da Frente de Mulheres Imigrantes lido no FSMM 2016."},{"@type":"BreadcrumbList","@id":"https:\/\/www.pressenza.com\/pt-pt\/2016\/07\/manifesto-frente-de-mulheres-imigrantes-e-refugiadas-fsmm-2016\/#breadcrumb","itemListElement":[{"@type":"ListItem","position":1,"name":"Accueil","item":"https:\/\/www.pressenza.com\/pt-pt\/"},{"@type":"ListItem","position":2,"name":"Manifesto frente de mulheres imigrantes e refugiadas para o f\u00f3rum social das migra\u00e7\u00f5es 2016"}]},{"@type":"WebSite","@id":"https:\/\/www.pressenza.com\/pt-pt\/#website","url":"https:\/\/www.pressenza.com\/pt-pt\/","name":"Pressenza","description":"International Press Agency","publisher":{"@id":"https:\/\/www.pressenza.com\/pt-pt\/#organization"},"potentialAction":[{"@type":"SearchAction","target":{"@type":"EntryPoint","urlTemplate":"https:\/\/www.pressenza.com\/pt-pt\/?s={search_term_string}"},"query-input":{"@type":"PropertyValueSpecification","valueRequired":true,"valueName":"search_term_string"}}],"inLanguage":"pt-PT"},{"@type":"Organization","@id":"https:\/\/www.pressenza.com\/pt-pt\/#organization","name":"Pressenza","url":"https:\/\/www.pressenza.com\/pt-pt\/","logo":{"@type":"ImageObject","inLanguage":"pt-PT","@id":"https:\/\/www.pressenza.com\/pt-pt\/#\/schema\/logo\/image\/","url":"https:\/\/www.pressenza.com\/wp-content\/uploads\/2022\/10\/pressenza_logo_200x200.jpg","contentUrl":"https:\/\/www.pressenza.com\/wp-content\/uploads\/2022\/10\/pressenza_logo_200x200.jpg","width":200,"height":200,"caption":"Pressenza"},"image":{"@id":"https:\/\/www.pressenza.com\/pt-pt\/#\/schema\/logo\/image\/"},"sameAs":["https:\/\/www.facebook.com\/PressenzaItalia","https:\/\/x.com\/PressenzaIPA"]},{"@type":"Person","@id":"https:\/\/www.pressenza.com\/pt-pt\/#\/schema\/person\/d171826afb7693cfc394da95892bfd93","name":"Reda\u00e7\u00e3o S\u00e3o Paulo","description":"News from the Pressenza bureau in Sao Paulo, Brazil","sameAs":["https:\/\/www.facebook.com\/PressenzaPortugues","https:\/\/x.com\/pressenza_pt"],"url":"https:\/\/www.pressenza.com\/pt-pt\/author\/redaccao-sao-paulo\/"}]}},"place":"S\u00e3o Paulo, Brasil.","original_article_url":"","_links":{"self":[{"href":"https:\/\/www.pressenza.com\/pt-pt\/wp-json\/wp\/v2\/posts\/338975","targetHints":{"allow":["GET"]}}],"collection":[{"href":"https:\/\/www.pressenza.com\/pt-pt\/wp-json\/wp\/v2\/posts"}],"about":[{"href":"https:\/\/www.pressenza.com\/pt-pt\/wp-json\/wp\/v2\/types\/post"}],"author":[{"embeddable":true,"href":"https:\/\/www.pressenza.com\/pt-pt\/wp-json\/wp\/v2\/users\/44"}],"replies":[{"embeddable":true,"href":"https:\/\/www.pressenza.com\/pt-pt\/wp-json\/wp\/v2\/comments?post=338975"}],"version-history":[{"count":0,"href":"https:\/\/www.pressenza.com\/pt-pt\/wp-json\/wp\/v2\/posts\/338975\/revisions"}],"wp:featuredmedia":[{"embeddable":true,"href":"https:\/\/www.pressenza.com\/pt-pt\/wp-json\/wp\/v2\/media\/338986"}],"wp:attachment":[{"href":"https:\/\/www.pressenza.com\/pt-pt\/wp-json\/wp\/v2\/media?parent=338975"}],"wp:term":[{"taxonomy":"category","embeddable":true,"href":"https:\/\/www.pressenza.com\/pt-pt\/wp-json\/wp\/v2\/categories?post=338975"},{"taxonomy":"post_tag","embeddable":true,"href":"https:\/\/www.pressenza.com\/pt-pt\/wp-json\/wp\/v2\/tags?post=338975"}],"curies":[{"name":"wp","href":"https:\/\/api.w.org\/{rel}","templated":true}]}}