{"id":338493,"date":"2016-07-08T11:37:18","date_gmt":"2016-07-08T10:37:18","guid":{"rendered":"http:\/\/www.pressenza.com\/pt-pt\/?p=338493"},"modified":"2016-07-08T11:47:48","modified_gmt":"2016-07-08T10:47:48","slug":"politica-municipal-para-imigrantes-em-sao-paulo-e-sancionada-na-abertura-do-fsmm","status":"publish","type":"post","link":"https:\/\/www.pressenza.com\/pt-pt\/2016\/07\/politica-municipal-para-imigrantes-em-sao-paulo-e-sancionada-na-abertura-do-fsmm\/","title":{"rendered":"Pol\u00edtica municipal para imigrantes em S\u00e3o Paulo \u00e9 sancionada na abertura do FSMM"},"content":{"rendered":"<div>Por Ricardo Rossetto e G\u00e9ssica Brandino<\/div>\n<div><\/div>\n<div><\/div>\n<div>A abertura da 7a edi\u00e7\u00e3o do F\u00f3rum Social Mundial das Migra\u00e7\u00f5es (FSMM), nesta quinta-feira (7) em S\u00e3o Paulo, foi marcada pela san\u00e7\u00e3o do <a href=\"http:\/\/www.radarmunicipal.com.br\/proposicoes\/projeto-de-lei-142-2016\" target=\"_blank\" data-saferedirecturl=\"https:\/\/www.google.com\/url?hl=pt-BR&amp;q=http:\/\/www.radarmunicipal.com.br\/proposicoes\/projeto-de-lei-142-2016&amp;source=gmail&amp;ust=1468057536029000&amp;usg=AFQjCNGU6x5zQq7DD0yeQ2f_DXWjK4E2PA\">Projeto de Lei 142\/2016<\/a>, que institui a Pol\u00edtica Municipal para a Popula\u00e7\u00e3o Imigrante. Com isso, a capital paulista se tornou a primeira cidade do pa\u00eds a ter uma lei que visa garantir os direitos dos estrangeiros que nela vivem.<\/div>\n<div><\/div>\n<div><\/div>\n<div>Para o prefeito Fernando Haddad, que esteve na cerim\u00f4nia de abertura do FSMM, a nova lei representa um outro olhar para a quest\u00e3o do imigrante e refugiado. Ela busca promover a igualdade, a inclus\u00e3o e, consequentemente, a autonomia dessas pessoas. Dentre as a\u00e7\u00f5es previstas, destacam-se o combate \u00e0 xenofobia e ao racismo, a ado\u00e7\u00e3o de medidas para regularizar a situa\u00e7\u00e3o migrat\u00f3ria e o apoio na tramita\u00e7\u00e3o dos respectivos documentos.<\/div>\n<div><\/div>\n<div><\/div>\n<div>Al\u00e9m disso, a lei institucionaliza o Centro de Refer\u00eancia de Apoio ao Imigrante (CRAI), refer\u00eancia no atendimento social e psicol\u00f3gico. E, para fortalecer a participa\u00e7\u00e3o social dos imigrantes, cria o Conselho Municipal de Imigrantes, com o objetivo de monitorar e avaliar a implementa\u00e7\u00e3o das diretrizes da nova pol\u00edtica.<\/div>\n<div><\/div>\n<div><\/div>\n<div>\n<div id=\"attachment_338494\" class=\"wp-caption alignnone\"><img loading=\"lazy\" decoding=\"async\" aria-describedby=\"caption-attachment-338494\" class=\"size-large wp-image-338494\" src=\"http:\/\/www.pressenza.com\/wp-content\/uploads\/2016\/07\/pu\u0301blico-1024x683-720x480.jpg\" alt=\"P\u00fablico acompanha a abertura do FSMM, desta vez em S\u00e3o Paulo. Cr\u00e9dito: Eva Bell\/MigraMundo\" width=\"720\" height=\"480\" srcset=\"https:\/\/www.pressenza.com\/wp-content\/uploads\/2016\/07\/pu\u0301blico-1024x683-720x480.jpg 720w, https:\/\/www.pressenza.com\/wp-content\/uploads\/2016\/07\/pu\u0301blico-1024x683-300x200.jpg 300w, https:\/\/www.pressenza.com\/wp-content\/uploads\/2016\/07\/pu\u0301blico-1024x683-768x512.jpg 768w, https:\/\/www.pressenza.com\/wp-content\/uploads\/2016\/07\/pu\u0301blico-1024x683.jpg 1024w\" sizes=\"auto, (max-width: 720px) 100vw, 720px\" \/><p id=\"caption-attachment-338494\" class=\"wp-caption-text\">P\u00fablico acompanha a abertura do FSMM, desta vez em S\u00e3o Paulo.<br \/>Cr\u00e9dito: Eva Bell\/MigraMundo<\/p><\/div>\n<\/div>\n<div>\n<div>\n<div><\/div>\n<div><\/div>\n<div>\u201cSediar esse F\u00f3rum \u00e9 uma honra para a cidade de S\u00e3o Paulo, e tenho certeza de que vamos trocar muitas impress\u00f5es sobre como enfrentar o desafio da migra\u00e7\u00e3o no mundo\u201d, disse Haddad. \u201cEstamos dispostos a oferecer experi\u00eancias, mas tamb\u00e9m de recolher material para que possamos aperfei\u00e7oar nossas pol\u00edticas voltadas para a imigra\u00e7\u00e3o. S\u00e3o Paulo deu o exemplo, e espero que outros prefeitos fa\u00e7am o mesmo\u201d.<\/div>\n<div><\/div>\n<div><\/div>\n<\/div>\n<div>\n<div><b>Atividades do F\u00f3rum<\/b><\/div>\n<div><\/div>\n<div><\/div>\n<div>Nesta sexta, s\u00e1bado e domingo, os participantes do F\u00f3rum poder\u00e3o acompanhar diversas apresenta\u00e7\u00f5es culturais e debates sobre a quest\u00e3o migrat\u00f3ria no Brasil e no mundo em seis confer\u00eancias tem\u00e1ticas e 167 atividades autogestionadas. Toda a programa\u00e7\u00e3o acontece na Faculdade Zumbi dos Palmares e no vizinho Centro Esportivo Tiet\u00ea, pr\u00f3ximos \u00e0 esta\u00e7\u00e3o Arm\u00eania do metr\u00f4.<\/div>\n<div><\/div>\n<div><\/div>\n<div>Depois de participar tamb\u00e9m da edi\u00e7\u00e3o passada do FSMM em Joanesburgo (\u00c1frica do Sul), o padre Paolo Parisi, coordenador da Miss\u00e3o Paz, acredita que o evento \u00e9 uma oportunidade para a troca de experi\u00eancia e boas pr\u00e1ticas, por parte de refugiados, migrantes e institui\u00e7\u00f5es que atuam na \u00e1rea. \u201cVamos ter experi\u00eancias fant\u00e1sticas\u201d.<\/div>\n<div><\/div>\n<div><\/div>\n<div>\n<div id=\"attachment_338501\" class=\"wp-caption alignnone\"><img loading=\"lazy\" decoding=\"async\" aria-describedby=\"caption-attachment-338501\" class=\"size-large wp-image-338501\" src=\"http:\/\/www.pressenza.com\/wp-content\/uploads\/2016\/07\/iluoba\u0301demin-1024x683-720x480.jpg\" alt=\"Atividades culturais s\u00e3o uma das marcas do F\u00f3rum. Cr\u00e9dito: Eva Bella\/MigraMundo\" width=\"720\" height=\"480\" srcset=\"https:\/\/www.pressenza.com\/wp-content\/uploads\/2016\/07\/iluoba\u0301demin-1024x683-720x480.jpg 720w, https:\/\/www.pressenza.com\/wp-content\/uploads\/2016\/07\/iluoba\u0301demin-1024x683-300x200.jpg 300w, https:\/\/www.pressenza.com\/wp-content\/uploads\/2016\/07\/iluoba\u0301demin-1024x683-768x512.jpg 768w, https:\/\/www.pressenza.com\/wp-content\/uploads\/2016\/07\/iluoba\u0301demin-1024x683.jpg 1024w\" sizes=\"auto, (max-width: 720px) 100vw, 720px\" \/><p id=\"caption-attachment-338501\" class=\"wp-caption-text\">Atividades culturais s\u00e3o uma das marcas do F\u00f3rum.<br \/>Cr\u00e9dito: Eva Bella\/MigraMundo<\/p><\/div>\n<div><\/div>\n<div><\/div>\n<div>Durante o evento, a Miss\u00e3o Paz falar\u00e1 sobre a experi\u00eancia de atendimento a migrantes em S\u00e3o Paulo, debater\u00e1 temas como a nova Lei de Migra\u00e7\u00f5es, moradia, trabalho. E apresentar\u00e1 o resultado da nova edi\u00e7\u00e3o da Revista Travessia, sobe sexualidade e identidade de g\u00eanero no processo migrat\u00f3rio.<\/div>\n<div><\/div>\n<div><\/div>\n<div>Para a diretora do Instituto de Migra\u00e7\u00f5es e Direitos Humanos, Rosita Milesi, a expectativa \u00e9 fortalecer o trabalho em rede realizado pelas diversas institui\u00e7\u00f5es e coletivos. \u201cO F\u00f3rum \u00e9 sempre um grande espa\u00e7o de articula\u00e7\u00e3o, onde as entidades podem relacionar-se. Queremos trazer essa proposta de atua\u00e7\u00e3o conjunta na mesa que vamos participar com algumas redes nacionais e internacionais\u201d.\u00a0 O IMDH tamb\u00e9m debater\u00e1 as mudan\u00e7as clim\u00e1ticas e a realidade dos haitianos no Brasil.<\/div>\n<\/div>\n<\/div>\n<\/div>\n","protected":false},"excerpt":{"rendered":"<p>Por Ricardo Rossetto e G\u00e9ssica Brandino A abertura da 7a edi\u00e7\u00e3o do F\u00f3rum Social Mundial das Migra\u00e7\u00f5es (FSMM), nesta quinta-feira (7) em S\u00e3o Paulo, foi marcada pela san\u00e7\u00e3o do Projeto de Lei 142\/2016, que institui a Pol\u00edtica Municipal para a&hellip;<\/p>\n","protected":false},"author":44,"featured_media":338510,"comment_status":"closed","ping_status":"closed","sticky":false,"template":"","format":"standard","meta":{"footnotes":""},"categories":[104,113,116,1255,153,111],"tags":[28599,25802,5746,20391],"class_list":["post-338493","post","type-post","status-publish","format-standard","has-post-thumbnail","hentry","category-america-do-sul","category-noticias-do-exterior","category-direitos-humanos","category-diversidade","category-nota-de-imprensa","category-politica-pt-pt","tag-fernando-haddad","tag-fsmm","tag-imigrantes","tag-politicas-publicas"],"yoast_head":"<!-- This site is optimized with the Yoast SEO plugin v27.1.1 - https:\/\/yoast.com\/product\/yoast-seo-wordpress\/ -->\n<title>Pol\u00edtica municipal para imigrantes em S\u00e3o Paulo \u00e9 sancionada na abertura do FSMM<\/title>\n<meta name=\"description\" content=\"Por Ricardo Rossetto e G\u00e9ssica Brandino A abertura da 7a edi\u00e7\u00e3o do F\u00f3rum Social Mundial das Migra\u00e7\u00f5es (FSMM), nesta quinta-feira (7) em S\u00e3o Paulo, foi\" \/>\n<meta name=\"robots\" content=\"index, follow, max-snippet:-1, max-image-preview:large, max-video-preview:-1\" \/>\n<link rel=\"canonical\" href=\"https:\/\/www.pressenza.com\/pt-pt\/2016\/07\/politica-municipal-para-imigrantes-em-sao-paulo-e-sancionada-na-abertura-do-fsmm\/\" \/>\n<meta property=\"og:locale\" content=\"pt_PT\" \/>\n<meta property=\"og:type\" content=\"article\" \/>\n<meta property=\"og:title\" content=\"Pol\u00edtica municipal para imigrantes em S\u00e3o Paulo \u00e9 sancionada na abertura do FSMM\" \/>\n<meta property=\"og:description\" content=\"Por Ricardo Rossetto e G\u00e9ssica Brandino A abertura da 7a edi\u00e7\u00e3o do F\u00f3rum Social Mundial das Migra\u00e7\u00f5es (FSMM), nesta quinta-feira (7) em S\u00e3o Paulo, foi\" \/>\n<meta property=\"og:url\" content=\"https:\/\/www.pressenza.com\/pt-pt\/2016\/07\/politica-municipal-para-imigrantes-em-sao-paulo-e-sancionada-na-abertura-do-fsmm\/\" \/>\n<meta property=\"og:site_name\" content=\"Pressenza\" \/>\n<meta property=\"article:publisher\" content=\"https:\/\/www.facebook.com\/PressenzaItalia\" \/>\n<meta property=\"article:author\" content=\"https:\/\/www.facebook.com\/PressenzaPortugues\" \/>\n<meta property=\"article:published_time\" content=\"2016-07-08T10:37:18+00:00\" \/>\n<meta property=\"article:modified_time\" content=\"2016-07-08T10:47:48+00:00\" \/>\n<meta property=\"og:image\" content=\"https:\/\/www.pressenza.com\/wp-content\/uploads\/2016\/07\/haddad_politica-populacao-imigrante_eva-bella-1024x684-720x294.jpg\" \/>\n\t<meta property=\"og:image:width\" content=\"720\" \/>\n\t<meta property=\"og:image:height\" content=\"294\" \/>\n\t<meta property=\"og:image:type\" content=\"image\/jpeg\" \/>\n<meta name=\"author\" content=\"Reda\u00e7\u00e3o S\u00e3o Paulo\" \/>\n<meta name=\"twitter:card\" content=\"summary_large_image\" \/>\n<meta name=\"twitter:creator\" content=\"@pressenza_pt\" \/>\n<meta name=\"twitter:site\" content=\"@PressenzaIPA\" \/>\n<meta name=\"twitter:label1\" content=\"Escrito por\" \/>\n\t<meta name=\"twitter:data1\" content=\"Reda\u00e7\u00e3o S\u00e3o Paulo\" \/>\n\t<meta name=\"twitter:label2\" content=\"Tempo estimado de leitura\" \/>\n\t<meta name=\"twitter:data2\" content=\"3 minutos\" \/>\n<script type=\"application\/ld+json\" class=\"yoast-schema-graph\">{\"@context\":\"https:\/\/schema.org\",\"@graph\":[{\"@type\":\"Article\",\"@id\":\"https:\/\/www.pressenza.com\/pt-pt\/2016\/07\/politica-municipal-para-imigrantes-em-sao-paulo-e-sancionada-na-abertura-do-fsmm\/#article\",\"isPartOf\":{\"@id\":\"https:\/\/www.pressenza.com\/pt-pt\/2016\/07\/politica-municipal-para-imigrantes-em-sao-paulo-e-sancionada-na-abertura-do-fsmm\/\"},\"author\":{\"name\":\"Reda\u00e7\u00e3o S\u00e3o Paulo\",\"@id\":\"https:\/\/www.pressenza.com\/pt-pt\/#\/schema\/person\/d171826afb7693cfc394da95892bfd93\"},\"headline\":\"Pol\u00edtica municipal para imigrantes em S\u00e3o Paulo \u00e9 sancionada na abertura do FSMM\",\"datePublished\":\"2016-07-08T10:37:18+00:00\",\"dateModified\":\"2016-07-08T10:47:48+00:00\",\"mainEntityOfPage\":{\"@id\":\"https:\/\/www.pressenza.com\/pt-pt\/2016\/07\/politica-municipal-para-imigrantes-em-sao-paulo-e-sancionada-na-abertura-do-fsmm\/\"},\"wordCount\":601,\"publisher\":{\"@id\":\"https:\/\/www.pressenza.com\/pt-pt\/#organization\"},\"image\":{\"@id\":\"https:\/\/www.pressenza.com\/pt-pt\/2016\/07\/politica-municipal-para-imigrantes-em-sao-paulo-e-sancionada-na-abertura-do-fsmm\/#primaryimage\"},\"thumbnailUrl\":\"https:\/\/www.pressenza.com\/wp-content\/uploads\/2016\/07\/haddad_politica-populacao-imigrante_eva-bella-1024x684-720x294.jpg\",\"keywords\":[\"Fernando Haddad\",\"FSMM\",\"imigrantes\",\"pol\u00edticas p\u00fablicas\"],\"articleSection\":[\"\u00c1m\u00e9rica do Sul\",\"Assuntos internacionais\",\"Direitos Humanos\",\"Diversidade\",\"Nota de imprensa\",\"Pol\u00edtica\"],\"inLanguage\":\"pt-PT\"},{\"@type\":\"WebPage\",\"@id\":\"https:\/\/www.pressenza.com\/pt-pt\/2016\/07\/politica-municipal-para-imigrantes-em-sao-paulo-e-sancionada-na-abertura-do-fsmm\/\",\"url\":\"https:\/\/www.pressenza.com\/pt-pt\/2016\/07\/politica-municipal-para-imigrantes-em-sao-paulo-e-sancionada-na-abertura-do-fsmm\/\",\"name\":\"Pol\u00edtica municipal para imigrantes em S\u00e3o Paulo \u00e9 sancionada na abertura do FSMM\",\"isPartOf\":{\"@id\":\"https:\/\/www.pressenza.com\/pt-pt\/#website\"},\"primaryImageOfPage\":{\"@id\":\"https:\/\/www.pressenza.com\/pt-pt\/2016\/07\/politica-municipal-para-imigrantes-em-sao-paulo-e-sancionada-na-abertura-do-fsmm\/#primaryimage\"},\"image\":{\"@id\":\"https:\/\/www.pressenza.com\/pt-pt\/2016\/07\/politica-municipal-para-imigrantes-em-sao-paulo-e-sancionada-na-abertura-do-fsmm\/#primaryimage\"},\"thumbnailUrl\":\"https:\/\/www.pressenza.com\/wp-content\/uploads\/2016\/07\/haddad_politica-populacao-imigrante_eva-bella-1024x684-720x294.jpg\",\"datePublished\":\"2016-07-08T10:37:18+00:00\",\"dateModified\":\"2016-07-08T10:47:48+00:00\",\"description\":\"Por Ricardo Rossetto e G\u00e9ssica Brandino A abertura da 7a edi\u00e7\u00e3o do F\u00f3rum Social Mundial das Migra\u00e7\u00f5es (FSMM), nesta quinta-feira (7) em S\u00e3o Paulo, foi\",\"breadcrumb\":{\"@id\":\"https:\/\/www.pressenza.com\/pt-pt\/2016\/07\/politica-municipal-para-imigrantes-em-sao-paulo-e-sancionada-na-abertura-do-fsmm\/#breadcrumb\"},\"inLanguage\":\"pt-PT\",\"potentialAction\":[{\"@type\":\"ReadAction\",\"target\":[\"https:\/\/www.pressenza.com\/pt-pt\/2016\/07\/politica-municipal-para-imigrantes-em-sao-paulo-e-sancionada-na-abertura-do-fsmm\/\"]}]},{\"@type\":\"ImageObject\",\"inLanguage\":\"pt-PT\",\"@id\":\"https:\/\/www.pressenza.com\/pt-pt\/2016\/07\/politica-municipal-para-imigrantes-em-sao-paulo-e-sancionada-na-abertura-do-fsmm\/#primaryimage\",\"url\":\"https:\/\/www.pressenza.com\/wp-content\/uploads\/2016\/07\/haddad_politica-populacao-imigrante_eva-bella-1024x684-720x294.jpg\",\"contentUrl\":\"https:\/\/www.pressenza.com\/wp-content\/uploads\/2016\/07\/haddad_politica-populacao-imigrante_eva-bella-1024x684-720x294.jpg\",\"width\":720,\"height\":294,\"caption\":\"Fernando Haddad, Prefeito da Cidade de S\u00e3o Paulo.\"},{\"@type\":\"BreadcrumbList\",\"@id\":\"https:\/\/www.pressenza.com\/pt-pt\/2016\/07\/politica-municipal-para-imigrantes-em-sao-paulo-e-sancionada-na-abertura-do-fsmm\/#breadcrumb\",\"itemListElement\":[{\"@type\":\"ListItem\",\"position\":1,\"name\":\"Accueil\",\"item\":\"https:\/\/www.pressenza.com\/pt-pt\/\"},{\"@type\":\"ListItem\",\"position\":2,\"name\":\"Pol\u00edtica municipal para imigrantes em S\u00e3o Paulo \u00e9 sancionada na abertura do FSMM\"}]},{\"@type\":\"WebSite\",\"@id\":\"https:\/\/www.pressenza.com\/pt-pt\/#website\",\"url\":\"https:\/\/www.pressenza.com\/pt-pt\/\",\"name\":\"Pressenza\",\"description\":\"International Press Agency\",\"publisher\":{\"@id\":\"https:\/\/www.pressenza.com\/pt-pt\/#organization\"},\"potentialAction\":[{\"@type\":\"SearchAction\",\"target\":{\"@type\":\"EntryPoint\",\"urlTemplate\":\"https:\/\/www.pressenza.com\/pt-pt\/?s={search_term_string}\"},\"query-input\":{\"@type\":\"PropertyValueSpecification\",\"valueRequired\":true,\"valueName\":\"search_term_string\"}}],\"inLanguage\":\"pt-PT\"},{\"@type\":\"Organization\",\"@id\":\"https:\/\/www.pressenza.com\/pt-pt\/#organization\",\"name\":\"Pressenza\",\"url\":\"https:\/\/www.pressenza.com\/pt-pt\/\",\"logo\":{\"@type\":\"ImageObject\",\"inLanguage\":\"pt-PT\",\"@id\":\"https:\/\/www.pressenza.com\/pt-pt\/#\/schema\/logo\/image\/\",\"url\":\"https:\/\/www.pressenza.com\/wp-content\/uploads\/2022\/10\/pressenza_logo_200x200.jpg\",\"contentUrl\":\"https:\/\/www.pressenza.com\/wp-content\/uploads\/2022\/10\/pressenza_logo_200x200.jpg\",\"width\":200,\"height\":200,\"caption\":\"Pressenza\"},\"image\":{\"@id\":\"https:\/\/www.pressenza.com\/pt-pt\/#\/schema\/logo\/image\/\"},\"sameAs\":[\"https:\/\/www.facebook.com\/PressenzaItalia\",\"https:\/\/x.com\/PressenzaIPA\"]},{\"@type\":\"Person\",\"@id\":\"https:\/\/www.pressenza.com\/pt-pt\/#\/schema\/person\/d171826afb7693cfc394da95892bfd93\",\"name\":\"Reda\u00e7\u00e3o S\u00e3o Paulo\",\"description\":\"News from the Pressenza bureau in Sao Paulo, Brazil\",\"sameAs\":[\"https:\/\/www.facebook.com\/PressenzaPortugues\",\"https:\/\/x.com\/pressenza_pt\"],\"url\":\"https:\/\/www.pressenza.com\/pt-pt\/author\/redaccao-sao-paulo\/\"}]}<\/script>\n<!-- \/ Yoast SEO plugin. -->","yoast_head_json":{"title":"Pol\u00edtica municipal para imigrantes em S\u00e3o Paulo \u00e9 sancionada na abertura do FSMM","description":"Por Ricardo Rossetto e G\u00e9ssica Brandino A abertura da 7a edi\u00e7\u00e3o do F\u00f3rum Social Mundial das Migra\u00e7\u00f5es (FSMM), nesta quinta-feira (7) em S\u00e3o Paulo, foi","robots":{"index":"index","follow":"follow","max-snippet":"max-snippet:-1","max-image-preview":"max-image-preview:large","max-video-preview":"max-video-preview:-1"},"canonical":"https:\/\/www.pressenza.com\/pt-pt\/2016\/07\/politica-municipal-para-imigrantes-em-sao-paulo-e-sancionada-na-abertura-do-fsmm\/","og_locale":"pt_PT","og_type":"article","og_title":"Pol\u00edtica municipal para imigrantes em S\u00e3o Paulo \u00e9 sancionada na abertura do FSMM","og_description":"Por Ricardo Rossetto e G\u00e9ssica Brandino A abertura da 7a edi\u00e7\u00e3o do F\u00f3rum Social Mundial das Migra\u00e7\u00f5es (FSMM), nesta quinta-feira (7) em S\u00e3o Paulo, foi","og_url":"https:\/\/www.pressenza.com\/pt-pt\/2016\/07\/politica-municipal-para-imigrantes-em-sao-paulo-e-sancionada-na-abertura-do-fsmm\/","og_site_name":"Pressenza","article_publisher":"https:\/\/www.facebook.com\/PressenzaItalia","article_author":"https:\/\/www.facebook.com\/PressenzaPortugues","article_published_time":"2016-07-08T10:37:18+00:00","article_modified_time":"2016-07-08T10:47:48+00:00","og_image":[{"width":720,"height":294,"url":"https:\/\/www.pressenza.com\/wp-content\/uploads\/2016\/07\/haddad_politica-populacao-imigrante_eva-bella-1024x684-720x294.jpg","type":"image\/jpeg"}],"author":"Reda\u00e7\u00e3o S\u00e3o Paulo","twitter_card":"summary_large_image","twitter_creator":"@pressenza_pt","twitter_site":"@PressenzaIPA","twitter_misc":{"Escrito por":"Reda\u00e7\u00e3o S\u00e3o Paulo","Tempo estimado de leitura":"3 minutos"},"schema":{"@context":"https:\/\/schema.org","@graph":[{"@type":"Article","@id":"https:\/\/www.pressenza.com\/pt-pt\/2016\/07\/politica-municipal-para-imigrantes-em-sao-paulo-e-sancionada-na-abertura-do-fsmm\/#article","isPartOf":{"@id":"https:\/\/www.pressenza.com\/pt-pt\/2016\/07\/politica-municipal-para-imigrantes-em-sao-paulo-e-sancionada-na-abertura-do-fsmm\/"},"author":{"name":"Reda\u00e7\u00e3o S\u00e3o Paulo","@id":"https:\/\/www.pressenza.com\/pt-pt\/#\/schema\/person\/d171826afb7693cfc394da95892bfd93"},"headline":"Pol\u00edtica municipal para imigrantes em S\u00e3o Paulo \u00e9 sancionada na abertura do FSMM","datePublished":"2016-07-08T10:37:18+00:00","dateModified":"2016-07-08T10:47:48+00:00","mainEntityOfPage":{"@id":"https:\/\/www.pressenza.com\/pt-pt\/2016\/07\/politica-municipal-para-imigrantes-em-sao-paulo-e-sancionada-na-abertura-do-fsmm\/"},"wordCount":601,"publisher":{"@id":"https:\/\/www.pressenza.com\/pt-pt\/#organization"},"image":{"@id":"https:\/\/www.pressenza.com\/pt-pt\/2016\/07\/politica-municipal-para-imigrantes-em-sao-paulo-e-sancionada-na-abertura-do-fsmm\/#primaryimage"},"thumbnailUrl":"https:\/\/www.pressenza.com\/wp-content\/uploads\/2016\/07\/haddad_politica-populacao-imigrante_eva-bella-1024x684-720x294.jpg","keywords":["Fernando Haddad","FSMM","imigrantes","pol\u00edticas p\u00fablicas"],"articleSection":["\u00c1m\u00e9rica do Sul","Assuntos internacionais","Direitos Humanos","Diversidade","Nota de imprensa","Pol\u00edtica"],"inLanguage":"pt-PT"},{"@type":"WebPage","@id":"https:\/\/www.pressenza.com\/pt-pt\/2016\/07\/politica-municipal-para-imigrantes-em-sao-paulo-e-sancionada-na-abertura-do-fsmm\/","url":"https:\/\/www.pressenza.com\/pt-pt\/2016\/07\/politica-municipal-para-imigrantes-em-sao-paulo-e-sancionada-na-abertura-do-fsmm\/","name":"Pol\u00edtica municipal para imigrantes em S\u00e3o Paulo \u00e9 sancionada na abertura do FSMM","isPartOf":{"@id":"https:\/\/www.pressenza.com\/pt-pt\/#website"},"primaryImageOfPage":{"@id":"https:\/\/www.pressenza.com\/pt-pt\/2016\/07\/politica-municipal-para-imigrantes-em-sao-paulo-e-sancionada-na-abertura-do-fsmm\/#primaryimage"},"image":{"@id":"https:\/\/www.pressenza.com\/pt-pt\/2016\/07\/politica-municipal-para-imigrantes-em-sao-paulo-e-sancionada-na-abertura-do-fsmm\/#primaryimage"},"thumbnailUrl":"https:\/\/www.pressenza.com\/wp-content\/uploads\/2016\/07\/haddad_politica-populacao-imigrante_eva-bella-1024x684-720x294.jpg","datePublished":"2016-07-08T10:37:18+00:00","dateModified":"2016-07-08T10:47:48+00:00","description":"Por Ricardo Rossetto e G\u00e9ssica Brandino A abertura da 7a edi\u00e7\u00e3o do F\u00f3rum Social Mundial das Migra\u00e7\u00f5es (FSMM), nesta quinta-feira (7) em S\u00e3o Paulo, foi","breadcrumb":{"@id":"https:\/\/www.pressenza.com\/pt-pt\/2016\/07\/politica-municipal-para-imigrantes-em-sao-paulo-e-sancionada-na-abertura-do-fsmm\/#breadcrumb"},"inLanguage":"pt-PT","potentialAction":[{"@type":"ReadAction","target":["https:\/\/www.pressenza.com\/pt-pt\/2016\/07\/politica-municipal-para-imigrantes-em-sao-paulo-e-sancionada-na-abertura-do-fsmm\/"]}]},{"@type":"ImageObject","inLanguage":"pt-PT","@id":"https:\/\/www.pressenza.com\/pt-pt\/2016\/07\/politica-municipal-para-imigrantes-em-sao-paulo-e-sancionada-na-abertura-do-fsmm\/#primaryimage","url":"https:\/\/www.pressenza.com\/wp-content\/uploads\/2016\/07\/haddad_politica-populacao-imigrante_eva-bella-1024x684-720x294.jpg","contentUrl":"https:\/\/www.pressenza.com\/wp-content\/uploads\/2016\/07\/haddad_politica-populacao-imigrante_eva-bella-1024x684-720x294.jpg","width":720,"height":294,"caption":"Fernando Haddad, Prefeito da Cidade de S\u00e3o Paulo."},{"@type":"BreadcrumbList","@id":"https:\/\/www.pressenza.com\/pt-pt\/2016\/07\/politica-municipal-para-imigrantes-em-sao-paulo-e-sancionada-na-abertura-do-fsmm\/#breadcrumb","itemListElement":[{"@type":"ListItem","position":1,"name":"Accueil","item":"https:\/\/www.pressenza.com\/pt-pt\/"},{"@type":"ListItem","position":2,"name":"Pol\u00edtica municipal para imigrantes em S\u00e3o Paulo \u00e9 sancionada na abertura do FSMM"}]},{"@type":"WebSite","@id":"https:\/\/www.pressenza.com\/pt-pt\/#website","url":"https:\/\/www.pressenza.com\/pt-pt\/","name":"Pressenza","description":"International Press Agency","publisher":{"@id":"https:\/\/www.pressenza.com\/pt-pt\/#organization"},"potentialAction":[{"@type":"SearchAction","target":{"@type":"EntryPoint","urlTemplate":"https:\/\/www.pressenza.com\/pt-pt\/?s={search_term_string}"},"query-input":{"@type":"PropertyValueSpecification","valueRequired":true,"valueName":"search_term_string"}}],"inLanguage":"pt-PT"},{"@type":"Organization","@id":"https:\/\/www.pressenza.com\/pt-pt\/#organization","name":"Pressenza","url":"https:\/\/www.pressenza.com\/pt-pt\/","logo":{"@type":"ImageObject","inLanguage":"pt-PT","@id":"https:\/\/www.pressenza.com\/pt-pt\/#\/schema\/logo\/image\/","url":"https:\/\/www.pressenza.com\/wp-content\/uploads\/2022\/10\/pressenza_logo_200x200.jpg","contentUrl":"https:\/\/www.pressenza.com\/wp-content\/uploads\/2022\/10\/pressenza_logo_200x200.jpg","width":200,"height":200,"caption":"Pressenza"},"image":{"@id":"https:\/\/www.pressenza.com\/pt-pt\/#\/schema\/logo\/image\/"},"sameAs":["https:\/\/www.facebook.com\/PressenzaItalia","https:\/\/x.com\/PressenzaIPA"]},{"@type":"Person","@id":"https:\/\/www.pressenza.com\/pt-pt\/#\/schema\/person\/d171826afb7693cfc394da95892bfd93","name":"Reda\u00e7\u00e3o S\u00e3o Paulo","description":"News from the Pressenza bureau in Sao Paulo, Brazil","sameAs":["https:\/\/www.facebook.com\/PressenzaPortugues","https:\/\/x.com\/pressenza_pt"],"url":"https:\/\/www.pressenza.com\/pt-pt\/author\/redaccao-sao-paulo\/"}]}},"place":"S\u00e3o Paulo, Brasil","original_article_url":"http:\/\/migramundo.com\/politica-municipal-para-imigrantes-em-sao-paulo-e-sancionada-na-abertura-do-fsmm\/","_links":{"self":[{"href":"https:\/\/www.pressenza.com\/pt-pt\/wp-json\/wp\/v2\/posts\/338493","targetHints":{"allow":["GET"]}}],"collection":[{"href":"https:\/\/www.pressenza.com\/pt-pt\/wp-json\/wp\/v2\/posts"}],"about":[{"href":"https:\/\/www.pressenza.com\/pt-pt\/wp-json\/wp\/v2\/types\/post"}],"author":[{"embeddable":true,"href":"https:\/\/www.pressenza.com\/pt-pt\/wp-json\/wp\/v2\/users\/44"}],"replies":[{"embeddable":true,"href":"https:\/\/www.pressenza.com\/pt-pt\/wp-json\/wp\/v2\/comments?post=338493"}],"version-history":[{"count":0,"href":"https:\/\/www.pressenza.com\/pt-pt\/wp-json\/wp\/v2\/posts\/338493\/revisions"}],"wp:featuredmedia":[{"embeddable":true,"href":"https:\/\/www.pressenza.com\/pt-pt\/wp-json\/wp\/v2\/media\/338510"}],"wp:attachment":[{"href":"https:\/\/www.pressenza.com\/pt-pt\/wp-json\/wp\/v2\/media?parent=338493"}],"wp:term":[{"taxonomy":"category","embeddable":true,"href":"https:\/\/www.pressenza.com\/pt-pt\/wp-json\/wp\/v2\/categories?post=338493"},{"taxonomy":"post_tag","embeddable":true,"href":"https:\/\/www.pressenza.com\/pt-pt\/wp-json\/wp\/v2\/tags?post=338493"}],"curies":[{"name":"wp","href":"https:\/\/api.w.org\/{rel}","templated":true}]}}