{"id":338354,"date":"2016-07-08T04:36:17","date_gmt":"2016-07-08T03:36:17","guid":{"rendered":"http:\/\/www.pressenza.com\/?p=338354"},"modified":"2016-07-08T05:37:11","modified_gmt":"2016-07-08T04:37:11","slug":"forum-mundial-social-das-migracoes","status":"publish","type":"post","link":"https:\/\/www.pressenza.com\/pt-pt\/2016\/07\/forum-mundial-social-das-migracoes\/","title":{"rendered":"F\u00f3rum Mundial Social das Migra\u00e7\u00f5es acontece em SP"},"content":{"rendered":"<p>No dia 07 de Julho (quinta-feira) aconteceu a abertura do VII F\u00f3rum Mundial Social das Migra\u00e7\u00f5es na faculdade Zumbi de Palmares em S\u00e3o Paulo com o tema &#8220;Migrantes construindo alternativas frente a de$ord\u200e\u20acm e a crise global do capital&#8221;. O F\u00f3rum chega com a inten\u00e7\u00e3o de dar voz aos pr\u00f3prios imigrantes ou refugiados sobre os problemas que eles sofrem e tamb\u00e9m manter o protagonismo dos mesmos sobre as propostas de alternativas para resolv\u00ea-los, tanto no Brasil quanto no mundo.<\/p>\n<p>Segundo o comit\u00ea organizador, a capital foi escolhida como sede do f\u00f3rum por causa da trajet\u00f3ria dos diferentes movimentos sociais, pelo protagonismo dos movimentos de imigrantes e por ser a primeira cidade latino-americana a criar uma pol\u00edtica p\u00fablica espec\u00edfica para migrantes.<\/p>\n<p>Eles ressaltam tamb\u00e9m que &#8220;Migrar \u00e9 um direito humano. Somos todos migrantes e temos uma grande oportunidade para construir alternativas e juntos derrubar as fronteiras, os muros e construir as pontes necess\u00e1rias para unir os povos, as culturas. N\u00e3o existem seres humanos invasores, o capital \u00e9 o invasor e se para ele n\u00e3o existem fronteiras, ent\u00e3o, vamos juntos globalizar os direitos humanos e construir cidadania universal&#8221;.<\/p>\n<p>Durante a abertura tivemos a presen\u00e7a do Paulo Illes que \u00e9 do comit\u00ea do FSMM e do Centro de Direitos Humanos e Cidadania do Imigrante; da Hilda Guerreiro que \u00e9 organizadora do grito dos exclu\u00eddos de Porto Rico; do Luiz Bassegio que \u00e9 secret\u00e1rio do servi\u00e7o pastoral dos Migrantes; da Francisca Rodrigues que \u00e9 pr\u00f3-reitora da Faculdade Zumbi dos Palmares; do Felipe de Paula que \u00e9 secret\u00e1rio dos direitos humanos; do Artur Henrique que \u00e9 ex-presidente da CUT e que assumiu a Secretaria do Trabalho e tamb\u00e9m do Fernando Haddad, atual prefeito da cidade.<\/p>\n<p>A fala come\u00e7ou com a Hilda Guerreiro dizendo que repudia o golpe no Brasil e dando tamb\u00e9m solidariedade ao Paulo Illes e aos imigrantes. Logo em seguida o Fernando Haddad sancionou uma lei que institui os direitos dos migrantes, institucionalizando assim o Centro de Refer\u00eancia do Migrante, o Conselho Participativo do Migrante e tamb\u00e9m uma s\u00e9rie de pol\u00edticas p\u00fablicas que visam acolher melhor o migrante que chega em S\u00e3o Paulo.<\/p>\n<p>Depois disso a abertura prosseguiu com apresenta\u00e7\u00f5es art\u00edsticas tais como leituras de poemas e m\u00fasica e tamb\u00e9m com alguns discursos dos pr\u00f3prios imigrantes sobre suas situa\u00e7\u00f5es e vis\u00f5es sobre o problema da migra\u00e7\u00e3o.<\/p>\n<p>Al\u00e9m disso, tamb\u00e9m foi poss\u00edvel visitar as lojas de artesanatos feitas pelos pr\u00f3prios imigrantes, onde \u00e9 poss\u00edvel comprar roupas e artefatos e tamb\u00e9m h\u00e1 um espa\u00e7o destinado para comidas t\u00edpicas feitas pelos imigrantes dos pa\u00edses que est\u00e3o participando do F\u00f3rum.<\/p>\n<p>O F\u00f3rum Social Mundial das Migra\u00e7\u00f5es segue at\u00e9 dia 10 de Julho na Faculdade Zumbi dos Palmares com mais de 100 palestras e atividades culturais, tais como apresenta\u00e7\u00f5es de teatros e dan\u00e7a. Tamb\u00e9m conta com uma exposi\u00e7\u00e3o de fotografias, uma feira de produtos artesanais e um espa\u00e7o com comidas t\u00edpicas onde os participantes do f\u00f3rum podem aproveitar os momentos de intervalo durante as atividades.<\/p>\n<p><strong><em>F\u00f3rum Social Mundial das Migra\u00e7\u00f5es &#8211; de 07 a 10 de Julho de 2016.<\/em><\/strong><br \/>\n<strong><em>Local: Faculdade Zumbi dos Palmares<\/em><\/strong><br \/>\n<strong><em>Endere\u00e7o: Avenida Santos Dumont, 843 &#8211; Luz. S\u00e3o Paulo.<\/em><\/strong><\/p>\n<p>Texto: Silas Tibiri\u00e7a<br \/>\nFoto: Silas Tibiri\u00e7a<\/p>\n","protected":false},"excerpt":{"rendered":"<p>No dia 07 de Julho (quinta-feira) aconteceu a abertura do VII F\u00f3rum Mundial Social das Migra\u00e7\u00f5es na faculdade Zumbi de Palmares em S\u00e3o Paulo com o tema &#8220;Migrantes construindo alternativas frente a de$ord\u200e\u20acm e a crise global do capital&#8221;. O&hellip;<\/p>\n","protected":false},"author":44,"featured_media":338392,"comment_status":"closed","ping_status":"closed","sticky":false,"template":"","format":"standard","meta":{"footnotes":""},"categories":[113,11390,116,42,153,111],"tags":[28599,24314,25802,28598,5746,3022],"class_list":["post-338354","post","type-post","status-publish","format-standard","has-post-thumbnail","hentry","category-noticias-do-exterior","category-conteudo-original","category-direitos-humanos","category-internacional-2","category-nota-de-imprensa","category-politica-pt-pt","tag-fernando-haddad","tag-forum-social-mundial-das-migracoes","tag-fsmm","tag-imigracoes","tag-imigrantes","tag-refugiados"],"yoast_head":"<!-- This site is optimized with the Yoast SEO plugin v27.1.1 - https:\/\/yoast.com\/product\/yoast-seo-wordpress\/ -->\n<title>F\u00f3rum Social Mundial das Migra\u00e7\u00f5es acontece em SP<\/title>\n<meta name=\"description\" content=\"Come\u00e7ou no dia 07 de Julho, o F\u00f3rum Social Mundial das Migra\u00e7\u00f5es. A abertura contou com a presen\u00e7a de personalidades como o prefeito Fernando Haddad.\" \/>\n<meta name=\"robots\" content=\"index, follow, max-snippet:-1, max-image-preview:large, max-video-preview:-1\" \/>\n<link rel=\"canonical\" href=\"https:\/\/www.pressenza.com\/pt-pt\/2016\/07\/forum-mundial-social-das-migracoes\/\" \/>\n<meta property=\"og:locale\" content=\"pt_PT\" \/>\n<meta property=\"og:type\" content=\"article\" \/>\n<meta property=\"og:title\" content=\"F\u00f3rum Social Mundial das Migra\u00e7\u00f5es acontece em SP\" \/>\n<meta property=\"og:description\" content=\"Come\u00e7ou no dia 07 de Julho, o F\u00f3rum Social Mundial das Migra\u00e7\u00f5es. A abertura contou com a presen\u00e7a de personalidades como o prefeito Fernando Haddad.\" \/>\n<meta property=\"og:url\" content=\"https:\/\/www.pressenza.com\/pt-pt\/2016\/07\/forum-mundial-social-das-migracoes\/\" \/>\n<meta property=\"og:site_name\" content=\"Pressenza\" \/>\n<meta property=\"article:publisher\" content=\"https:\/\/www.facebook.com\/PressenzaItalia\" \/>\n<meta property=\"article:author\" content=\"https:\/\/www.facebook.com\/PressenzaPortugues\" \/>\n<meta property=\"article:published_time\" content=\"2016-07-08T03:36:17+00:00\" \/>\n<meta property=\"article:modified_time\" content=\"2016-07-08T04:37:11+00:00\" \/>\n<meta property=\"og:image\" content=\"https:\/\/www.pressenza.com\/wp-content\/uploads\/2016\/07\/FINAL-1-720x394.jpg\" \/>\n\t<meta property=\"og:image:width\" content=\"720\" \/>\n\t<meta property=\"og:image:height\" content=\"394\" \/>\n\t<meta property=\"og:image:type\" content=\"image\/jpeg\" \/>\n<meta name=\"author\" content=\"Reda\u00e7\u00e3o S\u00e3o Paulo\" \/>\n<meta name=\"twitter:card\" content=\"summary_large_image\" \/>\n<meta name=\"twitter:creator\" content=\"@pressenza_pt\" \/>\n<meta name=\"twitter:site\" content=\"@PressenzaIPA\" \/>\n<meta name=\"twitter:label1\" content=\"Escrito por\" \/>\n\t<meta name=\"twitter:data1\" content=\"Reda\u00e7\u00e3o S\u00e3o Paulo\" \/>\n\t<meta name=\"twitter:label2\" content=\"Tempo estimado de leitura\" \/>\n\t<meta name=\"twitter:data2\" content=\"3 minutos\" \/>\n<script type=\"application\/ld+json\" class=\"yoast-schema-graph\">{\"@context\":\"https:\/\/schema.org\",\"@graph\":[{\"@type\":\"Article\",\"@id\":\"https:\/\/www.pressenza.com\/pt-pt\/2016\/07\/forum-mundial-social-das-migracoes\/#article\",\"isPartOf\":{\"@id\":\"https:\/\/www.pressenza.com\/pt-pt\/2016\/07\/forum-mundial-social-das-migracoes\/\"},\"author\":{\"name\":\"Reda\u00e7\u00e3o S\u00e3o Paulo\",\"@id\":\"https:\/\/www.pressenza.com\/pt-pt\/#\/schema\/person\/d171826afb7693cfc394da95892bfd93\"},\"headline\":\"F\u00f3rum Mundial Social das Migra\u00e7\u00f5es acontece em SP\",\"datePublished\":\"2016-07-08T03:36:17+00:00\",\"dateModified\":\"2016-07-08T04:37:11+00:00\",\"mainEntityOfPage\":{\"@id\":\"https:\/\/www.pressenza.com\/pt-pt\/2016\/07\/forum-mundial-social-das-migracoes\/\"},\"wordCount\":584,\"publisher\":{\"@id\":\"https:\/\/www.pressenza.com\/pt-pt\/#organization\"},\"image\":{\"@id\":\"https:\/\/www.pressenza.com\/pt-pt\/2016\/07\/forum-mundial-social-das-migracoes\/#primaryimage\"},\"thumbnailUrl\":\"https:\/\/www.pressenza.com\/wp-content\/uploads\/2016\/07\/FINAL-1.jpg\",\"keywords\":[\"Fernando Haddad\",\"F\u00f3rum Social Mundial das Migra\u00e7\u00f5es\",\"FSMM\",\"Imigra\u00e7\u00f5es\",\"imigrantes\",\"refugiados\"],\"articleSection\":[\"Assuntos internacionais\",\"Conte\u00fado Original\",\"Direitos Humanos\",\"Internacional\",\"Nota de imprensa\",\"Pol\u00edtica\"],\"inLanguage\":\"pt-PT\"},{\"@type\":\"WebPage\",\"@id\":\"https:\/\/www.pressenza.com\/pt-pt\/2016\/07\/forum-mundial-social-das-migracoes\/\",\"url\":\"https:\/\/www.pressenza.com\/pt-pt\/2016\/07\/forum-mundial-social-das-migracoes\/\",\"name\":\"F\u00f3rum Social Mundial das Migra\u00e7\u00f5es acontece em SP\",\"isPartOf\":{\"@id\":\"https:\/\/www.pressenza.com\/pt-pt\/#website\"},\"primaryImageOfPage\":{\"@id\":\"https:\/\/www.pressenza.com\/pt-pt\/2016\/07\/forum-mundial-social-das-migracoes\/#primaryimage\"},\"image\":{\"@id\":\"https:\/\/www.pressenza.com\/pt-pt\/2016\/07\/forum-mundial-social-das-migracoes\/#primaryimage\"},\"thumbnailUrl\":\"https:\/\/www.pressenza.com\/wp-content\/uploads\/2016\/07\/FINAL-1.jpg\",\"datePublished\":\"2016-07-08T03:36:17+00:00\",\"dateModified\":\"2016-07-08T04:37:11+00:00\",\"description\":\"Come\u00e7ou no dia 07 de Julho, o F\u00f3rum Social Mundial das Migra\u00e7\u00f5es. A abertura contou com a presen\u00e7a de personalidades como o prefeito Fernando Haddad.\",\"breadcrumb\":{\"@id\":\"https:\/\/www.pressenza.com\/pt-pt\/2016\/07\/forum-mundial-social-das-migracoes\/#breadcrumb\"},\"inLanguage\":\"pt-PT\",\"potentialAction\":[{\"@type\":\"ReadAction\",\"target\":[\"https:\/\/www.pressenza.com\/pt-pt\/2016\/07\/forum-mundial-social-das-migracoes\/\"]}]},{\"@type\":\"ImageObject\",\"inLanguage\":\"pt-PT\",\"@id\":\"https:\/\/www.pressenza.com\/pt-pt\/2016\/07\/forum-mundial-social-das-migracoes\/#primaryimage\",\"url\":\"https:\/\/www.pressenza.com\/wp-content\/uploads\/2016\/07\/FINAL-1.jpg\",\"contentUrl\":\"https:\/\/www.pressenza.com\/wp-content\/uploads\/2016\/07\/FINAL-1.jpg\",\"width\":3030,\"height\":1657},{\"@type\":\"BreadcrumbList\",\"@id\":\"https:\/\/www.pressenza.com\/pt-pt\/2016\/07\/forum-mundial-social-das-migracoes\/#breadcrumb\",\"itemListElement\":[{\"@type\":\"ListItem\",\"position\":1,\"name\":\"Accueil\",\"item\":\"https:\/\/www.pressenza.com\/pt-pt\/\"},{\"@type\":\"ListItem\",\"position\":2,\"name\":\"F\u00f3rum Mundial Social das Migra\u00e7\u00f5es acontece em SP\"}]},{\"@type\":\"WebSite\",\"@id\":\"https:\/\/www.pressenza.com\/pt-pt\/#website\",\"url\":\"https:\/\/www.pressenza.com\/pt-pt\/\",\"name\":\"Pressenza\",\"description\":\"International Press Agency\",\"publisher\":{\"@id\":\"https:\/\/www.pressenza.com\/pt-pt\/#organization\"},\"potentialAction\":[{\"@type\":\"SearchAction\",\"target\":{\"@type\":\"EntryPoint\",\"urlTemplate\":\"https:\/\/www.pressenza.com\/pt-pt\/?s={search_term_string}\"},\"query-input\":{\"@type\":\"PropertyValueSpecification\",\"valueRequired\":true,\"valueName\":\"search_term_string\"}}],\"inLanguage\":\"pt-PT\"},{\"@type\":\"Organization\",\"@id\":\"https:\/\/www.pressenza.com\/pt-pt\/#organization\",\"name\":\"Pressenza\",\"url\":\"https:\/\/www.pressenza.com\/pt-pt\/\",\"logo\":{\"@type\":\"ImageObject\",\"inLanguage\":\"pt-PT\",\"@id\":\"https:\/\/www.pressenza.com\/pt-pt\/#\/schema\/logo\/image\/\",\"url\":\"https:\/\/www.pressenza.com\/wp-content\/uploads\/2022\/10\/pressenza_logo_200x200.jpg\",\"contentUrl\":\"https:\/\/www.pressenza.com\/wp-content\/uploads\/2022\/10\/pressenza_logo_200x200.jpg\",\"width\":200,\"height\":200,\"caption\":\"Pressenza\"},\"image\":{\"@id\":\"https:\/\/www.pressenza.com\/pt-pt\/#\/schema\/logo\/image\/\"},\"sameAs\":[\"https:\/\/www.facebook.com\/PressenzaItalia\",\"https:\/\/x.com\/PressenzaIPA\"]},{\"@type\":\"Person\",\"@id\":\"https:\/\/www.pressenza.com\/pt-pt\/#\/schema\/person\/d171826afb7693cfc394da95892bfd93\",\"name\":\"Reda\u00e7\u00e3o S\u00e3o Paulo\",\"description\":\"News from the Pressenza bureau in Sao Paulo, Brazil\",\"sameAs\":[\"https:\/\/www.facebook.com\/PressenzaPortugues\",\"https:\/\/x.com\/pressenza_pt\"],\"url\":\"https:\/\/www.pressenza.com\/pt-pt\/author\/redaccao-sao-paulo\/\"}]}<\/script>\n<!-- \/ Yoast SEO plugin. -->","yoast_head_json":{"title":"F\u00f3rum Social Mundial das Migra\u00e7\u00f5es acontece em SP","description":"Come\u00e7ou no dia 07 de Julho, o F\u00f3rum Social Mundial das Migra\u00e7\u00f5es. A abertura contou com a presen\u00e7a de personalidades como o prefeito Fernando Haddad.","robots":{"index":"index","follow":"follow","max-snippet":"max-snippet:-1","max-image-preview":"max-image-preview:large","max-video-preview":"max-video-preview:-1"},"canonical":"https:\/\/www.pressenza.com\/pt-pt\/2016\/07\/forum-mundial-social-das-migracoes\/","og_locale":"pt_PT","og_type":"article","og_title":"F\u00f3rum Social Mundial das Migra\u00e7\u00f5es acontece em SP","og_description":"Come\u00e7ou no dia 07 de Julho, o F\u00f3rum Social Mundial das Migra\u00e7\u00f5es. A abertura contou com a presen\u00e7a de personalidades como o prefeito Fernando Haddad.","og_url":"https:\/\/www.pressenza.com\/pt-pt\/2016\/07\/forum-mundial-social-das-migracoes\/","og_site_name":"Pressenza","article_publisher":"https:\/\/www.facebook.com\/PressenzaItalia","article_author":"https:\/\/www.facebook.com\/PressenzaPortugues","article_published_time":"2016-07-08T03:36:17+00:00","article_modified_time":"2016-07-08T04:37:11+00:00","og_image":[{"width":720,"height":394,"url":"https:\/\/www.pressenza.com\/wp-content\/uploads\/2016\/07\/FINAL-1-720x394.jpg","type":"image\/jpeg"}],"author":"Reda\u00e7\u00e3o S\u00e3o Paulo","twitter_card":"summary_large_image","twitter_creator":"@pressenza_pt","twitter_site":"@PressenzaIPA","twitter_misc":{"Escrito por":"Reda\u00e7\u00e3o S\u00e3o Paulo","Tempo estimado de leitura":"3 minutos"},"schema":{"@context":"https:\/\/schema.org","@graph":[{"@type":"Article","@id":"https:\/\/www.pressenza.com\/pt-pt\/2016\/07\/forum-mundial-social-das-migracoes\/#article","isPartOf":{"@id":"https:\/\/www.pressenza.com\/pt-pt\/2016\/07\/forum-mundial-social-das-migracoes\/"},"author":{"name":"Reda\u00e7\u00e3o S\u00e3o Paulo","@id":"https:\/\/www.pressenza.com\/pt-pt\/#\/schema\/person\/d171826afb7693cfc394da95892bfd93"},"headline":"F\u00f3rum Mundial Social das Migra\u00e7\u00f5es acontece em SP","datePublished":"2016-07-08T03:36:17+00:00","dateModified":"2016-07-08T04:37:11+00:00","mainEntityOfPage":{"@id":"https:\/\/www.pressenza.com\/pt-pt\/2016\/07\/forum-mundial-social-das-migracoes\/"},"wordCount":584,"publisher":{"@id":"https:\/\/www.pressenza.com\/pt-pt\/#organization"},"image":{"@id":"https:\/\/www.pressenza.com\/pt-pt\/2016\/07\/forum-mundial-social-das-migracoes\/#primaryimage"},"thumbnailUrl":"https:\/\/www.pressenza.com\/wp-content\/uploads\/2016\/07\/FINAL-1.jpg","keywords":["Fernando Haddad","F\u00f3rum Social Mundial das Migra\u00e7\u00f5es","FSMM","Imigra\u00e7\u00f5es","imigrantes","refugiados"],"articleSection":["Assuntos internacionais","Conte\u00fado Original","Direitos Humanos","Internacional","Nota de imprensa","Pol\u00edtica"],"inLanguage":"pt-PT"},{"@type":"WebPage","@id":"https:\/\/www.pressenza.com\/pt-pt\/2016\/07\/forum-mundial-social-das-migracoes\/","url":"https:\/\/www.pressenza.com\/pt-pt\/2016\/07\/forum-mundial-social-das-migracoes\/","name":"F\u00f3rum Social Mundial das Migra\u00e7\u00f5es acontece em SP","isPartOf":{"@id":"https:\/\/www.pressenza.com\/pt-pt\/#website"},"primaryImageOfPage":{"@id":"https:\/\/www.pressenza.com\/pt-pt\/2016\/07\/forum-mundial-social-das-migracoes\/#primaryimage"},"image":{"@id":"https:\/\/www.pressenza.com\/pt-pt\/2016\/07\/forum-mundial-social-das-migracoes\/#primaryimage"},"thumbnailUrl":"https:\/\/www.pressenza.com\/wp-content\/uploads\/2016\/07\/FINAL-1.jpg","datePublished":"2016-07-08T03:36:17+00:00","dateModified":"2016-07-08T04:37:11+00:00","description":"Come\u00e7ou no dia 07 de Julho, o F\u00f3rum Social Mundial das Migra\u00e7\u00f5es. A abertura contou com a presen\u00e7a de personalidades como o prefeito Fernando Haddad.","breadcrumb":{"@id":"https:\/\/www.pressenza.com\/pt-pt\/2016\/07\/forum-mundial-social-das-migracoes\/#breadcrumb"},"inLanguage":"pt-PT","potentialAction":[{"@type":"ReadAction","target":["https:\/\/www.pressenza.com\/pt-pt\/2016\/07\/forum-mundial-social-das-migracoes\/"]}]},{"@type":"ImageObject","inLanguage":"pt-PT","@id":"https:\/\/www.pressenza.com\/pt-pt\/2016\/07\/forum-mundial-social-das-migracoes\/#primaryimage","url":"https:\/\/www.pressenza.com\/wp-content\/uploads\/2016\/07\/FINAL-1.jpg","contentUrl":"https:\/\/www.pressenza.com\/wp-content\/uploads\/2016\/07\/FINAL-1.jpg","width":3030,"height":1657},{"@type":"BreadcrumbList","@id":"https:\/\/www.pressenza.com\/pt-pt\/2016\/07\/forum-mundial-social-das-migracoes\/#breadcrumb","itemListElement":[{"@type":"ListItem","position":1,"name":"Accueil","item":"https:\/\/www.pressenza.com\/pt-pt\/"},{"@type":"ListItem","position":2,"name":"F\u00f3rum Mundial Social das Migra\u00e7\u00f5es acontece em SP"}]},{"@type":"WebSite","@id":"https:\/\/www.pressenza.com\/pt-pt\/#website","url":"https:\/\/www.pressenza.com\/pt-pt\/","name":"Pressenza","description":"International Press Agency","publisher":{"@id":"https:\/\/www.pressenza.com\/pt-pt\/#organization"},"potentialAction":[{"@type":"SearchAction","target":{"@type":"EntryPoint","urlTemplate":"https:\/\/www.pressenza.com\/pt-pt\/?s={search_term_string}"},"query-input":{"@type":"PropertyValueSpecification","valueRequired":true,"valueName":"search_term_string"}}],"inLanguage":"pt-PT"},{"@type":"Organization","@id":"https:\/\/www.pressenza.com\/pt-pt\/#organization","name":"Pressenza","url":"https:\/\/www.pressenza.com\/pt-pt\/","logo":{"@type":"ImageObject","inLanguage":"pt-PT","@id":"https:\/\/www.pressenza.com\/pt-pt\/#\/schema\/logo\/image\/","url":"https:\/\/www.pressenza.com\/wp-content\/uploads\/2022\/10\/pressenza_logo_200x200.jpg","contentUrl":"https:\/\/www.pressenza.com\/wp-content\/uploads\/2022\/10\/pressenza_logo_200x200.jpg","width":200,"height":200,"caption":"Pressenza"},"image":{"@id":"https:\/\/www.pressenza.com\/pt-pt\/#\/schema\/logo\/image\/"},"sameAs":["https:\/\/www.facebook.com\/PressenzaItalia","https:\/\/x.com\/PressenzaIPA"]},{"@type":"Person","@id":"https:\/\/www.pressenza.com\/pt-pt\/#\/schema\/person\/d171826afb7693cfc394da95892bfd93","name":"Reda\u00e7\u00e3o S\u00e3o Paulo","description":"News from the Pressenza bureau in Sao Paulo, Brazil","sameAs":["https:\/\/www.facebook.com\/PressenzaPortugues","https:\/\/x.com\/pressenza_pt"],"url":"https:\/\/www.pressenza.com\/pt-pt\/author\/redaccao-sao-paulo\/"}]}},"place":"","original_article_url":"","_links":{"self":[{"href":"https:\/\/www.pressenza.com\/pt-pt\/wp-json\/wp\/v2\/posts\/338354","targetHints":{"allow":["GET"]}}],"collection":[{"href":"https:\/\/www.pressenza.com\/pt-pt\/wp-json\/wp\/v2\/posts"}],"about":[{"href":"https:\/\/www.pressenza.com\/pt-pt\/wp-json\/wp\/v2\/types\/post"}],"author":[{"embeddable":true,"href":"https:\/\/www.pressenza.com\/pt-pt\/wp-json\/wp\/v2\/users\/44"}],"replies":[{"embeddable":true,"href":"https:\/\/www.pressenza.com\/pt-pt\/wp-json\/wp\/v2\/comments?post=338354"}],"version-history":[{"count":0,"href":"https:\/\/www.pressenza.com\/pt-pt\/wp-json\/wp\/v2\/posts\/338354\/revisions"}],"wp:featuredmedia":[{"embeddable":true,"href":"https:\/\/www.pressenza.com\/pt-pt\/wp-json\/wp\/v2\/media\/338392"}],"wp:attachment":[{"href":"https:\/\/www.pressenza.com\/pt-pt\/wp-json\/wp\/v2\/media?parent=338354"}],"wp:term":[{"taxonomy":"category","embeddable":true,"href":"https:\/\/www.pressenza.com\/pt-pt\/wp-json\/wp\/v2\/categories?post=338354"},{"taxonomy":"post_tag","embeddable":true,"href":"https:\/\/www.pressenza.com\/pt-pt\/wp-json\/wp\/v2\/tags?post=338354"}],"curies":[{"name":"wp","href":"https:\/\/api.w.org\/{rel}","templated":true}]}}